{"id":4988,"date":"2023-04-11T22:18:39","date_gmt":"2023-04-11T22:18:39","guid":{"rendered":"https:\/\/kibrisdakik.com\/index.php\/2023\/04\/11\/cesurervatandaslarin-daha-fazla-magduriyet-yasamamasi-icin-onumuzdeki-surecle-ilgili-ciddi-bir-calisma-var\/"},"modified":"2023-04-11T22:18:39","modified_gmt":"2023-04-11T22:18:39","slug":"cesurervatandaslarin-daha-fazla-magduriyet-yasamamasi-icin-onumuzdeki-surecle-ilgili-ciddi-bir-calisma-var","status":"publish","type":"post","link":"https:\/\/kibrisdakik.com\/?p=4988","title":{"rendered":"Cesurer:Vatanda\u015flar\u0131n daha fazla ma\u011fduriyet ya\u015famamas\u0131 i\u00e7in \u00f6n\u00fcm\u00fczdeki s\u00fcre\u00e7le ilgili ciddi bir \u00e7al\u0131\u015fma var"},"content":{"rendered":"<p><\/p>\n<div>\n<div class=\"mariselle-image-container center\">\n                <img width=\"1024\" height=\"641\" class=\"lazy-image\" alt=\"\" decoding=\"async\" loading=\"lazy\" sizes=\"auto, (max-width: 1024px) 100vw, 1024px\" src=\"https:\/\/brtk.net\/wp-content\/uploads\/2023\/01\/18\/el-sen-baskani-caglayan-cesurer-yeni-1024x641.jpg?ver=8954e77b91756440b7857df10c0a24b2\" srcset=\"https:\/\/brtk.net\/wp-content\/uploads\/2023\/01\/18\/el-sen-baskani-caglayan-cesurer-yeni-1024x641.jpg?ver=8954e77b91756440b7857df10c0a24b2 1024w, https:\/\/brtk.net\/wp-content\/uploads\/2023\/01\/18\/el-sen-baskani-caglayan-cesurer-yeni-300x188.jpg?ver=8954e77b91756440b7857df10c0a24b2 300w, https:\/\/brtk.net\/wp-content\/uploads\/2023\/01\/18\/el-sen-baskani-caglayan-cesurer-yeni-768x481.jpg?ver=7681f7603968d991e95c62d174877294 768w, https:\/\/brtk.net\/wp-content\/uploads\/2023\/01\/18\/el-sen-baskani-caglayan-cesurer-yeni.jpg?ver=8954e77b91756440b7857df10c0a24b2 1437w\"\/>                            <\/div>\n<p>K\u0131br\u0131s T\u00fcrk Elektrik Kurumu \u00c7al\u0131\u015fanlar\u0131 Sendikas\u0131 El-Sen Ba\u015fkan\u0131 \u00c7a\u011flayan Cesurer, <a href=\"https:\/\/brtk.net\/\">BRT<\/a>\u2019ye elektrik konusundaki son durum ile ilgili a\u00e7\u0131klama yapt\u0131.<\/p>\n<p>Cesurer, Kamu \u0130hale Yasas\u0131 ile ilgili s\u00fcrecin devam etti\u011fini ve yasan\u0131n ge\u00e7memesi i\u00e7in giri\u015fimleri bulundu\u011funu an\u0131msatt\u0131.<\/p>\n<p>Ekonomi ve Enerji Bakan\u0131 Olgun Amcao\u011flu ile toplant\u0131 ger\u00e7ekle\u015ftirdiklerini belirten Cesurer, toplant\u0131da \u00fclkede ya\u015fanabilecek s\u0131k\u0131nt\u0131lar\u0131n konu\u015fuldu\u011funu, daha fazla sorun ya\u015fanmamas\u0131 i\u00e7in de toplant\u0131n\u0131n uzun soluklu ge\u00e7ti\u011fini ifade etti.<\/p>\n<p>(SES) El-Sen Y\u00f6netim Kurlu\u2019nun s\u00fcrecin ortak ak\u0131lla do\u011fru bir zemine ula\u015fmas\u0131 i\u00e7in toplant\u0131 halinde oldu\u011funu kaydeden Cesurer, \u201cendi\u015felerimizi ortadan kald\u0131rmak i\u00e7in taslak \u00fczerinde \u00e7al\u0131\u015fma var. Taleplerimiz var. Bakanla da bunlar tart\u0131\u015f\u0131ld\u0131. Kar\u015f\u0131 taraf da samimi ise ortak bir ak\u0131lda bulu\u015fulabilir diye d\u00fc\u015f\u00fcn\u00fcyoruz. Ba\u015flang\u0131\u00e7 a\u015famas\u0131nday\u0131z. Diyalogla sorun a\u015fl\u0131labilir\u201d \u015feklinde konu\u015ftu.<\/p>\n<p>\u201cVatanda\u015flar\u0131n daha fazla ma\u011fduriyet ya\u015famamas\u0131 i\u00e7in \u00f6n\u00fcm\u00fczdeki s\u00fcre\u00e7le ilgili ciddi bir \u00e7al\u0131\u015fma var\u201d diyen Cesurer, iki taraf\u0131n taleplerinin ortak bir noktada bulu\u015fabilmesi halinde sorunun ortadan kalkabilece\u011fini s\u00f6yledi.<\/p>\n<p>Ortak bir hedefe ula\u015f\u0131labilmesi halinde hayata da ge\u00e7irilebilece\u011fini kaydeden Cesurer, b\u00f6yle bir durumda El-Sen Y\u00f6netim Kurulu\u2019nun konuyu ayr\u0131nt\u0131lar\u0131 ile de\u011ferlendirece\u011fini ve son karar\u0131 Y\u00f6netim Kurulu ile \u00fcyelerin verece\u011fini s\u00f6yledi.<\/p>\n<p>Cesurer, ortak bir hedefe ula\u015f\u0131lmas\u0131 halinde al\u0131nacak kararla ilgili kamuoyunun da bilgilendirilece\u011fini ifade etti.<\/p>\n<\/p><\/div>\n<p><script async\n                    defer\n                    crossorigin=\"anonymous\"\n                    src=\"https:\/\/connect.facebook.net\/tr_TR\/sdk.js#xfbml=1&#038;version=v3.3\"\n            ><\/script><\/p>\n","protected":false},"excerpt":{"rendered":"<p>K\u0131br\u0131s T\u00fcrk Elektrik Kurumu \u00c7al\u0131\u015fanlar\u0131 Sendikas\u0131 El-Sen Ba\u015fkan\u0131 \u00c7a\u011flayan Cesurer, BRT\u2019ye elektrik konusundaki son durum ile ilgili a\u00e7\u0131klama yapt\u0131. Cesurer, Kamu \u0130hale Yasas\u0131 ile ilgili s\u00fcrecin devam etti\u011fini ve yasan\u0131n ge\u00e7memesi i\u00e7in giri\u015fimleri bulundu\u011funu an\u0131msatt\u0131. Ekonomi ve Enerji Bakan\u0131 Olgun Amcao\u011flu ile toplant\u0131 ger\u00e7ekle\u015ftirdiklerini belirten Cesurer, toplant\u0131da \u00fclkede ya\u015fanabilecek s\u0131k\u0131nt\u0131lar\u0131n konu\u015fuldu\u011funu, daha fazla sorun ya\u015fanmamas\u0131<\/p>\n","protected":false},"author":1,"featured_media":4989,"comment_status":"open","ping_status":"open","sticky":false,"template":"","format":"standard","meta":{"footnotes":""},"categories":[1],"tags":[],"class_list":["post-4988","post","type-post","status-publish","format-standard","has-post-thumbnail","hentry","category-gundem"],"yoast_head":"<!-- This site is optimized with the Yoast SEO plugin v27.5 - https:\/\/yoast.com\/product\/yoast-seo-wordpress\/ -->\n<title>Cesurer:Vatanda\u015flar\u0131n daha fazla ma\u011fduriyet ya\u015famamas\u0131 i\u00e7in \u00f6n\u00fcm\u00fczdeki s\u00fcre\u00e7le ilgili ciddi bir \u00e7al\u0131\u015fma var -<\/title>\n<meta name=\"robots\" content=\"index, follow, max-snippet:-1, max-image-preview:large, max-video-preview:-1\" \/>\n<link rel=\"canonical\" href=\"https:\/\/kibrisdakik.com\/?p=4988\" \/>\n<meta property=\"og:locale\" content=\"tr_TR\" \/>\n<meta property=\"og:type\" content=\"article\" \/>\n<meta property=\"og:title\" content=\"Cesurer:Vatanda\u015flar\u0131n daha fazla ma\u011fduriyet ya\u015famamas\u0131 i\u00e7in \u00f6n\u00fcm\u00fczdeki s\u00fcre\u00e7le ilgili ciddi bir \u00e7al\u0131\u015fma var -\" \/>\n<meta property=\"og:description\" content=\"K\u0131br\u0131s T\u00fcrk Elektrik Kurumu \u00c7al\u0131\u015fanlar\u0131 Sendikas\u0131 El-Sen Ba\u015fkan\u0131 \u00c7a\u011flayan Cesurer, BRT\u2019ye elektrik konusundaki son durum ile ilgili a\u00e7\u0131klama yapt\u0131. Cesurer, Kamu \u0130hale Yasas\u0131 ile ilgili s\u00fcrecin devam etti\u011fini ve yasan\u0131n ge\u00e7memesi i\u00e7in giri\u015fimleri bulundu\u011funu an\u0131msatt\u0131. Ekonomi ve Enerji Bakan\u0131 Olgun Amcao\u011flu ile toplant\u0131 ger\u00e7ekle\u015ftirdiklerini belirten Cesurer, toplant\u0131da \u00fclkede ya\u015fanabilecek s\u0131k\u0131nt\u0131lar\u0131n konu\u015fuldu\u011funu, daha fazla sorun ya\u015fanmamas\u0131\" \/>\n<meta property=\"og:url\" content=\"https:\/\/kibrisdakik.com\/?p=4988\" \/>\n<meta property=\"article:published_time\" content=\"2023-04-11T22:18:39+00:00\" \/>\n<meta property=\"og:image\" content=\"https:\/\/kibrisdakik.com\/wp-content\/uploads\/2023\/04\/el-sen-baskani-caglayan-cesurer-yeni-740x420.jpg\" \/>\n\t<meta property=\"og:image:width\" content=\"1437\" \/>\n\t<meta property=\"og:image:height\" content=\"900\" \/>\n\t<meta property=\"og:image:type\" content=\"image\/jpeg\" \/>\n<meta name=\"author\" content=\"admin\" \/>\n<meta name=\"twitter:card\" content=\"summary_large_image\" \/>\n<meta name=\"twitter:label1\" content=\"Yazan:\" \/>\n\t<meta name=\"twitter:data1\" content=\"admin\" \/>\n\t<meta name=\"twitter:label2\" content=\"Tahmini okuma s\u00fcresi\" \/>\n\t<meta name=\"twitter:data2\" content=\"1 dakika\" \/>\n<script type=\"application\/ld+json\" class=\"yoast-schema-graph\">{\"@context\":\"https:\\\/\\\/schema.org\",\"@graph\":[{\"@type\":\"Article\",\"@id\":\"https:\\\/\\\/kibrisdakik.com\\\/?p=4988#article\",\"isPartOf\":{\"@id\":\"https:\\\/\\\/kibrisdakik.com\\\/?p=4988\"},\"author\":{\"name\":\"admin\",\"@id\":\"https:\\\/\\\/kibrisdakik.com\\\/#\\\/schema\\\/person\\\/9cd9d437bbb44f72b73ba127e06d8e79\"},\"headline\":\"Cesurer:Vatanda\u015flar\u0131n daha fazla ma\u011fduriyet ya\u015famamas\u0131 i\u00e7in \u00f6n\u00fcm\u00fczdeki s\u00fcre\u00e7le ilgili ciddi bir \u00e7al\u0131\u015fma var\",\"datePublished\":\"2023-04-11T22:18:39+00:00\",\"mainEntityOfPage\":{\"@id\":\"https:\\\/\\\/kibrisdakik.com\\\/?p=4988\"},\"wordCount\":293,\"commentCount\":0,\"image\":{\"@id\":\"https:\\\/\\\/kibrisdakik.com\\\/?p=4988#primaryimage\"},\"thumbnailUrl\":\"https:\\\/\\\/kibrisdakik.com\\\/wp-content\\\/uploads\\\/2023\\\/04\\\/el-sen-baskani-caglayan-cesurer-yeni-740x420.jpg\",\"articleSection\":[\"G\u00fcndem\"],\"inLanguage\":\"tr\",\"potentialAction\":[{\"@type\":\"CommentAction\",\"name\":\"Comment\",\"target\":[\"https:\\\/\\\/kibrisdakik.com\\\/?p=4988#respond\"]}]},{\"@type\":\"WebPage\",\"@id\":\"https:\\\/\\\/kibrisdakik.com\\\/?p=4988\",\"url\":\"https:\\\/\\\/kibrisdakik.com\\\/?p=4988\",\"name\":\"Cesurer:Vatanda\u015flar\u0131n daha fazla ma\u011fduriyet ya\u015famamas\u0131 i\u00e7in \u00f6n\u00fcm\u00fczdeki s\u00fcre\u00e7le ilgili ciddi bir \u00e7al\u0131\u015fma var -\",\"isPartOf\":{\"@id\":\"https:\\\/\\\/kibrisdakik.com\\\/#website\"},\"primaryImageOfPage\":{\"@id\":\"https:\\\/\\\/kibrisdakik.com\\\/?p=4988#primaryimage\"},\"image\":{\"@id\":\"https:\\\/\\\/kibrisdakik.com\\\/?p=4988#primaryimage\"},\"thumbnailUrl\":\"https:\\\/\\\/kibrisdakik.com\\\/wp-content\\\/uploads\\\/2023\\\/04\\\/el-sen-baskani-caglayan-cesurer-yeni-740x420.jpg\",\"datePublished\":\"2023-04-11T22:18:39+00:00\",\"author\":{\"@id\":\"https:\\\/\\\/kibrisdakik.com\\\/#\\\/schema\\\/person\\\/9cd9d437bbb44f72b73ba127e06d8e79\"},\"breadcrumb\":{\"@id\":\"https:\\\/\\\/kibrisdakik.com\\\/?p=4988#breadcrumb\"},\"inLanguage\":\"tr\",\"potentialAction\":[{\"@type\":\"ReadAction\",\"target\":[\"https:\\\/\\\/kibrisdakik.com\\\/?p=4988\"]}]},{\"@type\":\"ImageObject\",\"inLanguage\":\"tr\",\"@id\":\"https:\\\/\\\/kibrisdakik.com\\\/?p=4988#primaryimage\",\"url\":\"https:\\\/\\\/kibrisdakik.com\\\/wp-content\\\/uploads\\\/2023\\\/04\\\/el-sen-baskani-caglayan-cesurer-yeni-740x420.jpg\",\"contentUrl\":\"https:\\\/\\\/kibrisdakik.com\\\/wp-content\\\/uploads\\\/2023\\\/04\\\/el-sen-baskani-caglayan-cesurer-yeni-740x420.jpg\",\"width\":1437,\"height\":900},{\"@type\":\"BreadcrumbList\",\"@id\":\"https:\\\/\\\/kibrisdakik.com\\\/?p=4988#breadcrumb\",\"itemListElement\":[{\"@type\":\"ListItem\",\"position\":1,\"name\":\"Home\",\"item\":\"https:\\\/\\\/kibrisdakik.com\\\/\"},{\"@type\":\"ListItem\",\"position\":2,\"name\":\"Cesurer:Vatanda\u015flar\u0131n daha fazla ma\u011fduriyet ya\u015famamas\u0131 i\u00e7in \u00f6n\u00fcm\u00fczdeki s\u00fcre\u00e7le ilgili ciddi bir \u00e7al\u0131\u015fma var\"}]},{\"@type\":\"WebSite\",\"@id\":\"https:\\\/\\\/kibrisdakik.com\\\/#website\",\"url\":\"https:\\\/\\\/kibrisdakik.com\\\/\",\"name\":\"\",\"description\":\"Tam vaktinde haber\",\"potentialAction\":[{\"@type\":\"SearchAction\",\"target\":{\"@type\":\"EntryPoint\",\"urlTemplate\":\"https:\\\/\\\/kibrisdakik.com\\\/?s={search_term_string}\"},\"query-input\":{\"@type\":\"PropertyValueSpecification\",\"valueRequired\":true,\"valueName\":\"search_term_string\"}}],\"inLanguage\":\"tr\"},{\"@type\":\"Person\",\"@id\":\"https:\\\/\\\/kibrisdakik.com\\\/#\\\/schema\\\/person\\\/9cd9d437bbb44f72b73ba127e06d8e79\",\"name\":\"admin\",\"image\":{\"@type\":\"ImageObject\",\"inLanguage\":\"tr\",\"@id\":\"https:\\\/\\\/secure.gravatar.com\\\/avatar\\\/ccc17943b9d660506c869530f897617f7cb1c21a4bf30023f252596d83e1f007?s=96&d=mm&r=g\",\"url\":\"https:\\\/\\\/secure.gravatar.com\\\/avatar\\\/ccc17943b9d660506c869530f897617f7cb1c21a4bf30023f252596d83e1f007?s=96&d=mm&r=g\",\"contentUrl\":\"https:\\\/\\\/secure.gravatar.com\\\/avatar\\\/ccc17943b9d660506c869530f897617f7cb1c21a4bf30023f252596d83e1f007?s=96&d=mm&r=g\",\"caption\":\"admin\"},\"sameAs\":[\"https:\\\/\\\/kibrisdakik.com\"],\"url\":\"https:\\\/\\\/kibrisdakik.com\\\/?author=1\"}]}<\/script>\n<!-- \/ Yoast SEO plugin. -->","yoast_head_json":{"title":"Cesurer:Vatanda\u015flar\u0131n daha fazla ma\u011fduriyet ya\u015famamas\u0131 i\u00e7in \u00f6n\u00fcm\u00fczdeki s\u00fcre\u00e7le ilgili ciddi bir \u00e7al\u0131\u015fma var -","robots":{"index":"index","follow":"follow","max-snippet":"max-snippet:-1","max-image-preview":"max-image-preview:large","max-video-preview":"max-video-preview:-1"},"canonical":"https:\/\/kibrisdakik.com\/?p=4988","og_locale":"tr_TR","og_type":"article","og_title":"Cesurer:Vatanda\u015flar\u0131n daha fazla ma\u011fduriyet ya\u015famamas\u0131 i\u00e7in \u00f6n\u00fcm\u00fczdeki s\u00fcre\u00e7le ilgili ciddi bir \u00e7al\u0131\u015fma var -","og_description":"K\u0131br\u0131s T\u00fcrk Elektrik Kurumu \u00c7al\u0131\u015fanlar\u0131 Sendikas\u0131 El-Sen Ba\u015fkan\u0131 \u00c7a\u011flayan Cesurer, BRT\u2019ye elektrik konusundaki son durum ile ilgili a\u00e7\u0131klama yapt\u0131. Cesurer, Kamu \u0130hale Yasas\u0131 ile ilgili s\u00fcrecin devam etti\u011fini ve yasan\u0131n ge\u00e7memesi i\u00e7in giri\u015fimleri bulundu\u011funu an\u0131msatt\u0131. Ekonomi ve Enerji Bakan\u0131 Olgun Amcao\u011flu ile toplant\u0131 ger\u00e7ekle\u015ftirdiklerini belirten Cesurer, toplant\u0131da \u00fclkede ya\u015fanabilecek s\u0131k\u0131nt\u0131lar\u0131n konu\u015fuldu\u011funu, daha fazla sorun ya\u015fanmamas\u0131","og_url":"https:\/\/kibrisdakik.com\/?p=4988","article_published_time":"2023-04-11T22:18:39+00:00","og_image":[{"width":1437,"height":900,"url":"https:\/\/kibrisdakik.com\/wp-content\/uploads\/2023\/04\/el-sen-baskani-caglayan-cesurer-yeni-740x420.jpg","type":"image\/jpeg"}],"author":"admin","twitter_card":"summary_large_image","twitter_misc":{"Yazan:":"admin","Tahmini okuma s\u00fcresi":"1 dakika"},"schema":{"@context":"https:\/\/schema.org","@graph":[{"@type":"Article","@id":"https:\/\/kibrisdakik.com\/?p=4988#article","isPartOf":{"@id":"https:\/\/kibrisdakik.com\/?p=4988"},"author":{"name":"admin","@id":"https:\/\/kibrisdakik.com\/#\/schema\/person\/9cd9d437bbb44f72b73ba127e06d8e79"},"headline":"Cesurer:Vatanda\u015flar\u0131n daha fazla ma\u011fduriyet ya\u015famamas\u0131 i\u00e7in \u00f6n\u00fcm\u00fczdeki s\u00fcre\u00e7le ilgili ciddi bir \u00e7al\u0131\u015fma var","datePublished":"2023-04-11T22:18:39+00:00","mainEntityOfPage":{"@id":"https:\/\/kibrisdakik.com\/?p=4988"},"wordCount":293,"commentCount":0,"image":{"@id":"https:\/\/kibrisdakik.com\/?p=4988#primaryimage"},"thumbnailUrl":"https:\/\/kibrisdakik.com\/wp-content\/uploads\/2023\/04\/el-sen-baskani-caglayan-cesurer-yeni-740x420.jpg","articleSection":["G\u00fcndem"],"inLanguage":"tr","potentialAction":[{"@type":"CommentAction","name":"Comment","target":["https:\/\/kibrisdakik.com\/?p=4988#respond"]}]},{"@type":"WebPage","@id":"https:\/\/kibrisdakik.com\/?p=4988","url":"https:\/\/kibrisdakik.com\/?p=4988","name":"Cesurer:Vatanda\u015flar\u0131n daha fazla ma\u011fduriyet ya\u015famamas\u0131 i\u00e7in \u00f6n\u00fcm\u00fczdeki s\u00fcre\u00e7le ilgili ciddi bir \u00e7al\u0131\u015fma var -","isPartOf":{"@id":"https:\/\/kibrisdakik.com\/#website"},"primaryImageOfPage":{"@id":"https:\/\/kibrisdakik.com\/?p=4988#primaryimage"},"image":{"@id":"https:\/\/kibrisdakik.com\/?p=4988#primaryimage"},"thumbnailUrl":"https:\/\/kibrisdakik.com\/wp-content\/uploads\/2023\/04\/el-sen-baskani-caglayan-cesurer-yeni-740x420.jpg","datePublished":"2023-04-11T22:18:39+00:00","author":{"@id":"https:\/\/kibrisdakik.com\/#\/schema\/person\/9cd9d437bbb44f72b73ba127e06d8e79"},"breadcrumb":{"@id":"https:\/\/kibrisdakik.com\/?p=4988#breadcrumb"},"inLanguage":"tr","potentialAction":[{"@type":"ReadAction","target":["https:\/\/kibrisdakik.com\/?p=4988"]}]},{"@type":"ImageObject","inLanguage":"tr","@id":"https:\/\/kibrisdakik.com\/?p=4988#primaryimage","url":"https:\/\/kibrisdakik.com\/wp-content\/uploads\/2023\/04\/el-sen-baskani-caglayan-cesurer-yeni-740x420.jpg","contentUrl":"https:\/\/kibrisdakik.com\/wp-content\/uploads\/2023\/04\/el-sen-baskani-caglayan-cesurer-yeni-740x420.jpg","width":1437,"height":900},{"@type":"BreadcrumbList","@id":"https:\/\/kibrisdakik.com\/?p=4988#breadcrumb","itemListElement":[{"@type":"ListItem","position":1,"name":"Home","item":"https:\/\/kibrisdakik.com\/"},{"@type":"ListItem","position":2,"name":"Cesurer:Vatanda\u015flar\u0131n daha fazla ma\u011fduriyet ya\u015famamas\u0131 i\u00e7in \u00f6n\u00fcm\u00fczdeki s\u00fcre\u00e7le ilgili ciddi bir \u00e7al\u0131\u015fma var"}]},{"@type":"WebSite","@id":"https:\/\/kibrisdakik.com\/#website","url":"https:\/\/kibrisdakik.com\/","name":"","description":"Tam vaktinde haber","potentialAction":[{"@type":"SearchAction","target":{"@type":"EntryPoint","urlTemplate":"https:\/\/kibrisdakik.com\/?s={search_term_string}"},"query-input":{"@type":"PropertyValueSpecification","valueRequired":true,"valueName":"search_term_string"}}],"inLanguage":"tr"},{"@type":"Person","@id":"https:\/\/kibrisdakik.com\/#\/schema\/person\/9cd9d437bbb44f72b73ba127e06d8e79","name":"admin","image":{"@type":"ImageObject","inLanguage":"tr","@id":"https:\/\/secure.gravatar.com\/avatar\/ccc17943b9d660506c869530f897617f7cb1c21a4bf30023f252596d83e1f007?s=96&d=mm&r=g","url":"https:\/\/secure.gravatar.com\/avatar\/ccc17943b9d660506c869530f897617f7cb1c21a4bf30023f252596d83e1f007?s=96&d=mm&r=g","contentUrl":"https:\/\/secure.gravatar.com\/avatar\/ccc17943b9d660506c869530f897617f7cb1c21a4bf30023f252596d83e1f007?s=96&d=mm&r=g","caption":"admin"},"sameAs":["https:\/\/kibrisdakik.com"],"url":"https:\/\/kibrisdakik.com\/?author=1"}]}},"_links":{"self":[{"href":"https:\/\/kibrisdakik.com\/index.php?rest_route=\/wp\/v2\/posts\/4988","targetHints":{"allow":["GET"]}}],"collection":[{"href":"https:\/\/kibrisdakik.com\/index.php?rest_route=\/wp\/v2\/posts"}],"about":[{"href":"https:\/\/kibrisdakik.com\/index.php?rest_route=\/wp\/v2\/types\/post"}],"author":[{"embeddable":true,"href":"https:\/\/kibrisdakik.com\/index.php?rest_route=\/wp\/v2\/users\/1"}],"replies":[{"embeddable":true,"href":"https:\/\/kibrisdakik.com\/index.php?rest_route=%2Fwp%2Fv2%2Fcomments&post=4988"}],"version-history":[{"count":0,"href":"https:\/\/kibrisdakik.com\/index.php?rest_route=\/wp\/v2\/posts\/4988\/revisions"}],"wp:featuredmedia":[{"embeddable":true,"href":"https:\/\/kibrisdakik.com\/index.php?rest_route=\/wp\/v2\/media\/4989"}],"wp:attachment":[{"href":"https:\/\/kibrisdakik.com\/index.php?rest_route=%2Fwp%2Fv2%2Fmedia&parent=4988"}],"wp:term":[{"taxonomy":"category","embeddable":true,"href":"https:\/\/kibrisdakik.com\/index.php?rest_route=%2Fwp%2Fv2%2Fcategories&post=4988"},{"taxonomy":"post_tag","embeddable":true,"href":"https:\/\/kibrisdakik.com\/index.php?rest_route=%2Fwp%2Fv2%2Ftags&post=4988"}],"curies":[{"name":"wp","href":"https:\/\/api.w.org\/{rel}","templated":true}]}}