{"id":49913,"date":"2024-07-15T08:21:00","date_gmt":"2024-07-15T08:21:00","guid":{"rendered":"https:\/\/kibrisdakik.com\/index.php\/2024\/07\/15\/bursa-seftalisi-abden-cografi-isaret-tescili-aldi\/"},"modified":"2024-07-15T08:21:00","modified_gmt":"2024-07-15T08:21:00","slug":"bursa-seftalisi-abden-cografi-isaret-tescili-aldi","status":"publish","type":"post","link":"https:\/\/kibrisdakik.com\/?p=49913","title":{"rendered":"Bursa \u015feftalisi AB&#039;den co\u011frafi i\u015faret tescili ald\u0131"},"content":{"rendered":"<p><img decoding=\"async\" src=\"https:\/\/www.kibristurk.com\/images\/haberler\/2024\/07\/bursa-seftalisi-abden-cografi-isaret-tescili-aldi-1721031731.webp\" \/><\/p>\n<p style=\"text-align:left\"><span style=\"font-size:16px\"><span style=\"font-family:Merriweather,serif !important\"><span style=\"color:#000000\"><span style=\"background-color:#ffffff\">AB&#8217;den co\u011frafi i\u015faret tescili alan 24&#8217;\u00fcnc\u00fc \u00fcr\u00fcn\u00fcn Bursa \u015feftalisi oldu\u011funa dikkati \u00e7eken Hisarc\u0131kl\u0131o\u011flu, \u015funlar\u0131 kaydetti:<\/span><\/span><\/span><\/span><\/p>\n<p style=\"text-align:left\"><span style=\"font-size:16px\"><span style=\"font-family:Merriweather,serif !important\"><span style=\"color:#000000\"><span style=\"background-color:#ffffff\">&#8220;Bursa&#8217;ya ve \u00fclkemize hay\u0131rl\u0131 olsun. Eme\u011fi ge\u00e7en herkesi kutluyorum. D\u00fcnyada \u00e7ok az co\u011frafyaya nasip olan bir \u00fcr\u00fcn \u00e7e\u015fitlili\u011fine sahibiz. TOBB ve oda-borsa camias\u0131 olarak yerel ve co\u011frafi i\u015faretli \u00fcr\u00fcnler i\u00e7in yo\u011fun \u00e7aba sarf ediyoruz. Avrupa Birli\u011fi s\u00fcreci devam eden 53 co\u011frafi i\u015faret ve 5 geleneksel \u00fcr\u00fcn ad\u0131 ile ilgili \u00e7al\u0131\u015fmalar\u0131m\u0131z devam ediyor.&#8221;<\/span><\/span><\/span><\/span><\/p>\n<p style=\"text-align:left\"><span style=\"font-size:16px\"><span style=\"font-family:Merriweather,serif !important\"><span style=\"color:#000000\"><span style=\"background-color:#ffffff\">T\u00fcrkiye&#8217;nin AB&#8217;den tescil alan \u00fcr\u00fcnleri \u015funlar:<\/span><\/span><\/span><\/span><\/p>\n<p style=\"text-align:left\"><span style=\"font-size:16px\"><span style=\"font-family:Merriweather,serif !important\"><span style=\"color:#000000\"><span style=\"background-color:#ffffff\">&#8220;Gaziantep baklavas\u0131, Ayd\u0131n inciri, Malatya kay\u0131s\u0131s\u0131, Ayd\u0131n kestanesi, Milas zeytinya\u011f\u0131, Bayrami\u00e7 beyaz\u0131, Ta\u015fk\u00f6pr\u00fc sar\u0131msa\u011f\u0131, Giresun tombul f\u0131nd\u0131\u011f\u0131, Antakya k\u00fcnefesi, Suru\u00e7 nar\u0131, \u00c7a\u011flayancerit cevizi, Gemlik zeytini, Edremit zeytinya\u011f\u0131, Milas ya\u011fl\u0131 zeytini, Aya\u015f domatesi, Kahramanmara\u015f tarhanas\u0131, Edremit K\u00f6rfezi ye\u015fil \u00e7izik zeytini, Ezine peyniri, Safranbolu safran\u0131, Ayd\u0131n memecik zeytinya\u011f\u0131, Araban sar\u0131msa\u011f\u0131, Osmaniye yer f\u0131st\u0131\u011f\u0131, Bing\u00f6l bal\u0131, Bursa \u015feftalisi.&#8221;<\/span><\/span><\/span><\/span><\/p>\n","protected":false},"excerpt":{"rendered":"<p>AB&#8217;den co\u011frafi i\u015faret tescili alan 24&#8217;\u00fcnc\u00fc \u00fcr\u00fcn\u00fcn Bursa \u015feftalisi oldu\u011funa dikkati \u00e7eken Hisarc\u0131kl\u0131o\u011flu, \u015funlar\u0131 kaydetti: &#8220;Bursa&#8217;ya ve \u00fclkemize hay\u0131rl\u0131 olsun. Eme\u011fi ge\u00e7en herkesi kutluyorum. D\u00fcnyada \u00e7ok az co\u011frafyaya nasip olan bir \u00fcr\u00fcn \u00e7e\u015fitlili\u011fine sahibiz. TOBB ve oda-borsa camias\u0131 olarak yerel ve co\u011frafi i\u015faretli \u00fcr\u00fcnler i\u00e7in yo\u011fun \u00e7aba sarf ediyoruz. Avrupa Birli\u011fi s\u00fcreci devam eden 53<\/p>\n","protected":false},"author":1,"featured_media":49914,"comment_status":"open","ping_status":"open","sticky":false,"template":"","format":"standard","meta":{"footnotes":""},"categories":[1],"tags":[],"class_list":["post-49913","post","type-post","status-publish","format-standard","has-post-thumbnail","hentry","category-gundem"],"yoast_head":"<!-- This site is optimized with the Yoast SEO plugin v27.4 - https:\/\/yoast.com\/product\/yoast-seo-wordpress\/ -->\n<title>Bursa \u015feftalisi AB&#039;den co\u011frafi i\u015faret tescili ald\u0131 -<\/title>\n<meta name=\"robots\" content=\"index, follow, max-snippet:-1, max-image-preview:large, max-video-preview:-1\" \/>\n<link rel=\"canonical\" href=\"https:\/\/kibrisdakik.com\/?p=49913\" \/>\n<meta property=\"og:locale\" content=\"tr_TR\" \/>\n<meta property=\"og:type\" content=\"article\" \/>\n<meta property=\"og:title\" content=\"Bursa \u015feftalisi AB&#039;den co\u011frafi i\u015faret tescili ald\u0131 -\" \/>\n<meta property=\"og:description\" content=\"AB&#8217;den co\u011frafi i\u015faret tescili alan 24&#8217;\u00fcnc\u00fc \u00fcr\u00fcn\u00fcn Bursa \u015feftalisi oldu\u011funa dikkati \u00e7eken Hisarc\u0131kl\u0131o\u011flu, \u015funlar\u0131 kaydetti: &#8220;Bursa&#8217;ya ve \u00fclkemize hay\u0131rl\u0131 olsun. Eme\u011fi ge\u00e7en herkesi kutluyorum. D\u00fcnyada \u00e7ok az co\u011frafyaya nasip olan bir \u00fcr\u00fcn \u00e7e\u015fitlili\u011fine sahibiz. TOBB ve oda-borsa camias\u0131 olarak yerel ve co\u011frafi i\u015faretli \u00fcr\u00fcnler i\u00e7in yo\u011fun \u00e7aba sarf ediyoruz. Avrupa Birli\u011fi s\u00fcreci devam eden 53\" \/>\n<meta property=\"og:url\" content=\"https:\/\/kibrisdakik.com\/?p=49913\" \/>\n<meta property=\"article:published_time\" content=\"2024-07-15T08:21:00+00:00\" \/>\n<meta property=\"og:image\" content=\"https:\/\/kibrisdakik.com\/wp-content\/uploads\/2024\/07\/bursa-seftalisi-abden-cografi-isaret-tescili-aldi-1721031731.webp.webp\" \/>\n\t<meta property=\"og:image:width\" content=\"710\" \/>\n\t<meta property=\"og:image:height\" content=\"370\" \/>\n\t<meta property=\"og:image:type\" content=\"image\/webp\" \/>\n<meta name=\"author\" content=\"admin\" \/>\n<meta name=\"twitter:card\" content=\"summary_large_image\" \/>\n<meta name=\"twitter:label1\" content=\"Yazan:\" \/>\n\t<meta name=\"twitter:data1\" content=\"admin\" \/>\n\t<meta name=\"twitter:label2\" content=\"Tahmini okuma s\u00fcresi\" \/>\n\t<meta name=\"twitter:data2\" content=\"1 dakika\" \/>\n<script type=\"application\/ld+json\" class=\"yoast-schema-graph\">{\"@context\":\"https:\\\/\\\/schema.org\",\"@graph\":[{\"@type\":\"Article\",\"@id\":\"https:\\\/\\\/kibrisdakik.com\\\/?p=49913#article\",\"isPartOf\":{\"@id\":\"https:\\\/\\\/kibrisdakik.com\\\/?p=49913\"},\"author\":{\"name\":\"admin\",\"@id\":\"https:\\\/\\\/kibrisdakik.com\\\/#\\\/schema\\\/person\\\/9cd9d437bbb44f72b73ba127e06d8e79\"},\"headline\":\"Bursa \u015feftalisi AB&#039;den co\u011frafi i\u015faret tescili ald\u0131\",\"datePublished\":\"2024-07-15T08:21:00+00:00\",\"mainEntityOfPage\":{\"@id\":\"https:\\\/\\\/kibrisdakik.com\\\/?p=49913\"},\"wordCount\":185,\"commentCount\":0,\"image\":{\"@id\":\"https:\\\/\\\/kibrisdakik.com\\\/?p=49913#primaryimage\"},\"thumbnailUrl\":\"https:\\\/\\\/kibrisdakik.com\\\/wp-content\\\/uploads\\\/2024\\\/07\\\/bursa-seftalisi-abden-cografi-isaret-tescili-aldi-1721031731.webp.webp\",\"articleSection\":[\"G\u00fcndem\"],\"inLanguage\":\"tr\",\"potentialAction\":[{\"@type\":\"CommentAction\",\"name\":\"Comment\",\"target\":[\"https:\\\/\\\/kibrisdakik.com\\\/?p=49913#respond\"]}]},{\"@type\":\"WebPage\",\"@id\":\"https:\\\/\\\/kibrisdakik.com\\\/?p=49913\",\"url\":\"https:\\\/\\\/kibrisdakik.com\\\/?p=49913\",\"name\":\"Bursa \u015feftalisi AB&#039;den co\u011frafi i\u015faret tescili ald\u0131 -\",\"isPartOf\":{\"@id\":\"https:\\\/\\\/kibrisdakik.com\\\/#website\"},\"primaryImageOfPage\":{\"@id\":\"https:\\\/\\\/kibrisdakik.com\\\/?p=49913#primaryimage\"},\"image\":{\"@id\":\"https:\\\/\\\/kibrisdakik.com\\\/?p=49913#primaryimage\"},\"thumbnailUrl\":\"https:\\\/\\\/kibrisdakik.com\\\/wp-content\\\/uploads\\\/2024\\\/07\\\/bursa-seftalisi-abden-cografi-isaret-tescili-aldi-1721031731.webp.webp\",\"datePublished\":\"2024-07-15T08:21:00+00:00\",\"author\":{\"@id\":\"https:\\\/\\\/kibrisdakik.com\\\/#\\\/schema\\\/person\\\/9cd9d437bbb44f72b73ba127e06d8e79\"},\"breadcrumb\":{\"@id\":\"https:\\\/\\\/kibrisdakik.com\\\/?p=49913#breadcrumb\"},\"inLanguage\":\"tr\",\"potentialAction\":[{\"@type\":\"ReadAction\",\"target\":[\"https:\\\/\\\/kibrisdakik.com\\\/?p=49913\"]}]},{\"@type\":\"ImageObject\",\"inLanguage\":\"tr\",\"@id\":\"https:\\\/\\\/kibrisdakik.com\\\/?p=49913#primaryimage\",\"url\":\"https:\\\/\\\/kibrisdakik.com\\\/wp-content\\\/uploads\\\/2024\\\/07\\\/bursa-seftalisi-abden-cografi-isaret-tescili-aldi-1721031731.webp.webp\",\"contentUrl\":\"https:\\\/\\\/kibrisdakik.com\\\/wp-content\\\/uploads\\\/2024\\\/07\\\/bursa-seftalisi-abden-cografi-isaret-tescili-aldi-1721031731.webp.webp\",\"width\":710,\"height\":370},{\"@type\":\"BreadcrumbList\",\"@id\":\"https:\\\/\\\/kibrisdakik.com\\\/?p=49913#breadcrumb\",\"itemListElement\":[{\"@type\":\"ListItem\",\"position\":1,\"name\":\"Home\",\"item\":\"https:\\\/\\\/kibrisdakik.com\\\/\"},{\"@type\":\"ListItem\",\"position\":2,\"name\":\"Bursa \u015feftalisi AB&#039;den co\u011frafi i\u015faret tescili ald\u0131\"}]},{\"@type\":\"WebSite\",\"@id\":\"https:\\\/\\\/kibrisdakik.com\\\/#website\",\"url\":\"https:\\\/\\\/kibrisdakik.com\\\/\",\"name\":\"\",\"description\":\"Tam vaktinde haber\",\"potentialAction\":[{\"@type\":\"SearchAction\",\"target\":{\"@type\":\"EntryPoint\",\"urlTemplate\":\"https:\\\/\\\/kibrisdakik.com\\\/?s={search_term_string}\"},\"query-input\":{\"@type\":\"PropertyValueSpecification\",\"valueRequired\":true,\"valueName\":\"search_term_string\"}}],\"inLanguage\":\"tr\"},{\"@type\":\"Person\",\"@id\":\"https:\\\/\\\/kibrisdakik.com\\\/#\\\/schema\\\/person\\\/9cd9d437bbb44f72b73ba127e06d8e79\",\"name\":\"admin\",\"image\":{\"@type\":\"ImageObject\",\"inLanguage\":\"tr\",\"@id\":\"https:\\\/\\\/secure.gravatar.com\\\/avatar\\\/ccc17943b9d660506c869530f897617f7cb1c21a4bf30023f252596d83e1f007?s=96&d=mm&r=g\",\"url\":\"https:\\\/\\\/secure.gravatar.com\\\/avatar\\\/ccc17943b9d660506c869530f897617f7cb1c21a4bf30023f252596d83e1f007?s=96&d=mm&r=g\",\"contentUrl\":\"https:\\\/\\\/secure.gravatar.com\\\/avatar\\\/ccc17943b9d660506c869530f897617f7cb1c21a4bf30023f252596d83e1f007?s=96&d=mm&r=g\",\"caption\":\"admin\"},\"sameAs\":[\"https:\\\/\\\/kibrisdakik.com\"],\"url\":\"https:\\\/\\\/kibrisdakik.com\\\/?author=1\"}]}<\/script>\n<!-- \/ Yoast SEO plugin. -->","yoast_head_json":{"title":"Bursa \u015feftalisi AB&#039;den co\u011frafi i\u015faret tescili ald\u0131 -","robots":{"index":"index","follow":"follow","max-snippet":"max-snippet:-1","max-image-preview":"max-image-preview:large","max-video-preview":"max-video-preview:-1"},"canonical":"https:\/\/kibrisdakik.com\/?p=49913","og_locale":"tr_TR","og_type":"article","og_title":"Bursa \u015feftalisi AB&#039;den co\u011frafi i\u015faret tescili ald\u0131 -","og_description":"AB&#8217;den co\u011frafi i\u015faret tescili alan 24&#8217;\u00fcnc\u00fc \u00fcr\u00fcn\u00fcn Bursa \u015feftalisi oldu\u011funa dikkati \u00e7eken Hisarc\u0131kl\u0131o\u011flu, \u015funlar\u0131 kaydetti: &#8220;Bursa&#8217;ya ve \u00fclkemize hay\u0131rl\u0131 olsun. Eme\u011fi ge\u00e7en herkesi kutluyorum. D\u00fcnyada \u00e7ok az co\u011frafyaya nasip olan bir \u00fcr\u00fcn \u00e7e\u015fitlili\u011fine sahibiz. TOBB ve oda-borsa camias\u0131 olarak yerel ve co\u011frafi i\u015faretli \u00fcr\u00fcnler i\u00e7in yo\u011fun \u00e7aba sarf ediyoruz. Avrupa Birli\u011fi s\u00fcreci devam eden 53","og_url":"https:\/\/kibrisdakik.com\/?p=49913","article_published_time":"2024-07-15T08:21:00+00:00","og_image":[{"width":710,"height":370,"url":"https:\/\/kibrisdakik.com\/wp-content\/uploads\/2024\/07\/bursa-seftalisi-abden-cografi-isaret-tescili-aldi-1721031731.webp.webp","type":"image\/webp"}],"author":"admin","twitter_card":"summary_large_image","twitter_misc":{"Yazan:":"admin","Tahmini okuma s\u00fcresi":"1 dakika"},"schema":{"@context":"https:\/\/schema.org","@graph":[{"@type":"Article","@id":"https:\/\/kibrisdakik.com\/?p=49913#article","isPartOf":{"@id":"https:\/\/kibrisdakik.com\/?p=49913"},"author":{"name":"admin","@id":"https:\/\/kibrisdakik.com\/#\/schema\/person\/9cd9d437bbb44f72b73ba127e06d8e79"},"headline":"Bursa \u015feftalisi AB&#039;den co\u011frafi i\u015faret tescili ald\u0131","datePublished":"2024-07-15T08:21:00+00:00","mainEntityOfPage":{"@id":"https:\/\/kibrisdakik.com\/?p=49913"},"wordCount":185,"commentCount":0,"image":{"@id":"https:\/\/kibrisdakik.com\/?p=49913#primaryimage"},"thumbnailUrl":"https:\/\/kibrisdakik.com\/wp-content\/uploads\/2024\/07\/bursa-seftalisi-abden-cografi-isaret-tescili-aldi-1721031731.webp.webp","articleSection":["G\u00fcndem"],"inLanguage":"tr","potentialAction":[{"@type":"CommentAction","name":"Comment","target":["https:\/\/kibrisdakik.com\/?p=49913#respond"]}]},{"@type":"WebPage","@id":"https:\/\/kibrisdakik.com\/?p=49913","url":"https:\/\/kibrisdakik.com\/?p=49913","name":"Bursa \u015feftalisi AB&#039;den co\u011frafi i\u015faret tescili ald\u0131 -","isPartOf":{"@id":"https:\/\/kibrisdakik.com\/#website"},"primaryImageOfPage":{"@id":"https:\/\/kibrisdakik.com\/?p=49913#primaryimage"},"image":{"@id":"https:\/\/kibrisdakik.com\/?p=49913#primaryimage"},"thumbnailUrl":"https:\/\/kibrisdakik.com\/wp-content\/uploads\/2024\/07\/bursa-seftalisi-abden-cografi-isaret-tescili-aldi-1721031731.webp.webp","datePublished":"2024-07-15T08:21:00+00:00","author":{"@id":"https:\/\/kibrisdakik.com\/#\/schema\/person\/9cd9d437bbb44f72b73ba127e06d8e79"},"breadcrumb":{"@id":"https:\/\/kibrisdakik.com\/?p=49913#breadcrumb"},"inLanguage":"tr","potentialAction":[{"@type":"ReadAction","target":["https:\/\/kibrisdakik.com\/?p=49913"]}]},{"@type":"ImageObject","inLanguage":"tr","@id":"https:\/\/kibrisdakik.com\/?p=49913#primaryimage","url":"https:\/\/kibrisdakik.com\/wp-content\/uploads\/2024\/07\/bursa-seftalisi-abden-cografi-isaret-tescili-aldi-1721031731.webp.webp","contentUrl":"https:\/\/kibrisdakik.com\/wp-content\/uploads\/2024\/07\/bursa-seftalisi-abden-cografi-isaret-tescili-aldi-1721031731.webp.webp","width":710,"height":370},{"@type":"BreadcrumbList","@id":"https:\/\/kibrisdakik.com\/?p=49913#breadcrumb","itemListElement":[{"@type":"ListItem","position":1,"name":"Home","item":"https:\/\/kibrisdakik.com\/"},{"@type":"ListItem","position":2,"name":"Bursa \u015feftalisi AB&#039;den co\u011frafi i\u015faret tescili ald\u0131"}]},{"@type":"WebSite","@id":"https:\/\/kibrisdakik.com\/#website","url":"https:\/\/kibrisdakik.com\/","name":"","description":"Tam vaktinde haber","potentialAction":[{"@type":"SearchAction","target":{"@type":"EntryPoint","urlTemplate":"https:\/\/kibrisdakik.com\/?s={search_term_string}"},"query-input":{"@type":"PropertyValueSpecification","valueRequired":true,"valueName":"search_term_string"}}],"inLanguage":"tr"},{"@type":"Person","@id":"https:\/\/kibrisdakik.com\/#\/schema\/person\/9cd9d437bbb44f72b73ba127e06d8e79","name":"admin","image":{"@type":"ImageObject","inLanguage":"tr","@id":"https:\/\/secure.gravatar.com\/avatar\/ccc17943b9d660506c869530f897617f7cb1c21a4bf30023f252596d83e1f007?s=96&d=mm&r=g","url":"https:\/\/secure.gravatar.com\/avatar\/ccc17943b9d660506c869530f897617f7cb1c21a4bf30023f252596d83e1f007?s=96&d=mm&r=g","contentUrl":"https:\/\/secure.gravatar.com\/avatar\/ccc17943b9d660506c869530f897617f7cb1c21a4bf30023f252596d83e1f007?s=96&d=mm&r=g","caption":"admin"},"sameAs":["https:\/\/kibrisdakik.com"],"url":"https:\/\/kibrisdakik.com\/?author=1"}]}},"_links":{"self":[{"href":"https:\/\/kibrisdakik.com\/index.php?rest_route=\/wp\/v2\/posts\/49913","targetHints":{"allow":["GET"]}}],"collection":[{"href":"https:\/\/kibrisdakik.com\/index.php?rest_route=\/wp\/v2\/posts"}],"about":[{"href":"https:\/\/kibrisdakik.com\/index.php?rest_route=\/wp\/v2\/types\/post"}],"author":[{"embeddable":true,"href":"https:\/\/kibrisdakik.com\/index.php?rest_route=\/wp\/v2\/users\/1"}],"replies":[{"embeddable":true,"href":"https:\/\/kibrisdakik.com\/index.php?rest_route=%2Fwp%2Fv2%2Fcomments&post=49913"}],"version-history":[{"count":0,"href":"https:\/\/kibrisdakik.com\/index.php?rest_route=\/wp\/v2\/posts\/49913\/revisions"}],"wp:featuredmedia":[{"embeddable":true,"href":"https:\/\/kibrisdakik.com\/index.php?rest_route=\/wp\/v2\/media\/49914"}],"wp:attachment":[{"href":"https:\/\/kibrisdakik.com\/index.php?rest_route=%2Fwp%2Fv2%2Fmedia&parent=49913"}],"wp:term":[{"taxonomy":"category","embeddable":true,"href":"https:\/\/kibrisdakik.com\/index.php?rest_route=%2Fwp%2Fv2%2Fcategories&post=49913"},{"taxonomy":"post_tag","embeddable":true,"href":"https:\/\/kibrisdakik.com\/index.php?rest_route=%2Fwp%2Fv2%2Ftags&post=49913"}],"curies":[{"name":"wp","href":"https:\/\/api.w.org\/{rel}","templated":true}]}}