{"id":49919,"date":"2024-07-15T09:14:37","date_gmt":"2024-07-15T09:14:37","guid":{"rendered":"https:\/\/kibrisdakik.com\/index.php\/2024\/07\/15\/kibris-tmt-dernegi-kibrista-darbeye-giden-yok-konulu-konferans-duzenledi\/"},"modified":"2024-07-15T09:14:37","modified_gmt":"2024-07-15T09:14:37","slug":"kibris-tmt-dernegi-kibrista-darbeye-giden-yok-konulu-konferans-duzenledi","status":"publish","type":"post","link":"https:\/\/kibrisdakik.com\/?p=49919","title":{"rendered":"K\u0131br\u0131s TMT Derne\u011fi K\u0131br\u0131s\u2019ta darbeye giden yok konulu konferans d\u00fczenledi"},"content":{"rendered":"<p><\/p>\n<div>\n<div class=\"mariselle-image-container center\">\n                <img loading=\"lazy\" decoding=\"async\" width=\"1654\" height=\"1104\" class=\"lazy-image\" alt=\"\" sizes=\"auto, (max-width: 1654px) 100vw, 1654px\" src=\"https:\/\/brtk.net\/wp-content\/uploads\/2024\/07\/15\/15-temmuz-konferans-tim-1-.jpeg?ver=eae2a2f2d717aa2ddffbdd527c6ea6f5\" srcset=\"https:\/\/brtk.net\/wp-content\/uploads\/2024\/07\/15\/15-temmuz-konferans-tim-1-.jpeg?ver=eae2a2f2d717aa2ddffbdd527c6ea6f5 1654w, https:\/\/brtk.net\/wp-content\/uploads\/2024\/07\/15\/15-temmuz-konferans-tim-1--300x200.jpeg?ver=eeb75e52d661e13bb2724a293b24b684 300w, https:\/\/brtk.net\/wp-content\/uploads\/2024\/07\/15\/15-temmuz-konferans-tim-1--1024x683.jpeg?ver=eeb75e52d661e13bb2724a293b24b684 1024w, https:\/\/brtk.net\/wp-content\/uploads\/2024\/07\/15\/15-temmuz-konferans-tim-1--768x513.jpeg?ver=adc45b61093660412eb7a03b0956b1b5 768w, https:\/\/brtk.net\/wp-content\/uploads\/2024\/07\/15\/15-temmuz-konferans-tim-1--1536x1025.jpeg?ver=adc45b61093660412eb7a03b0956b1b5 1536w\"\/>                            <\/div>\n<p>K\u0131br\u0131s T\u00fcrk Mukavemet Te\u015fkilat\u0131 M\u00fccahitler Derne\u011fi, 15 Temmuz 1974 K\u0131br\u0131s Rum ve Yunanistan\u2019\u0131n d\u00fczenledi\u011fi darbe konulu konferans d\u00fczenledi.<\/p>\n<p>K\u0131br\u0131s Bar\u0131\u015f Harek\u00e2t\u0131\u2019n\u0131n 50\u2019nci y\u0131l d\u00f6n\u00fcm\u00fc vesilesiyle d\u00fczenlenen etkinlik M\u00fccahitler Sitesi\u2019nde yer ald\u0131.<\/p>\n<p>Konferans\u0131n konu\u015fmac\u0131s\u0131 Final \u00dcniversitesi\u2019nden, Ara\u015ft\u0131rmac\u0131 Yazar Prof.Dr. Ulvi Keser, K\u0131br\u0131s\u2019ta darbeye giden s\u00fcre\u00e7, megali idea ve K\u0131br\u0131s ba\u011flam\u0131nda konu\u015ftu.<\/p>\n<p>Darbe hakk\u0131nda farkl\u0131 bir bak\u0131\u015f a\u00e7\u0131s\u0131yla konu\u015faca\u011f\u0131n\u0131 ifade Keser, Yunanistan ve Rumlar\u0131n \u00fc\u00e7 konunun konu\u015fulmas\u0131n\u0131 istemedi\u011fini bunlardan birinin de, Hitlerin Yunanistan\u2019\u0131 i\u015fgal etmesiyle  1939-1949 aras\u0131 \u00fclkede ya\u015fanan a\u00e7l\u0131k ve g\u00fcnde ortalama 3 bin ki\u015finin a\u00e7l\u0131ktan \u00f6ld\u00fc\u011f\u00fc d\u00f6nemde Yunanistan\u2019a tek yard\u0131mda bulunan \u00fclkenin T\u00fcrkiye olmas\u0131, a\u00e7l\u0131kla bo\u011fu\u015fan Yunanistan\u2019\u0131n 1950\u2019de K\u0131br\u0131s\u2019\u0131n Yunanistan\u2019a ba\u015flanmas\u0131 i\u00e7in Birle\u015fmi\u015f Milletler\u2019e ba\u015fvuruda bulunmas\u0131 oldu\u011funu anlatt\u0131.<\/p>\n<p>K\u0131br\u0131s TMT  Ba\u015fkan Yard\u0131mc\u0131s\u0131 \u00c7etin Sezer, etkinli\u011fin ba\u015f\u0131nda yapt\u0131\u011f\u0131 konu\u015fmada, seminerde Rum-Yunan darbesinin de\u011ferlendirilece\u011fini s\u00f6yledi. Konferans\u0131n ba\u015f\u0131nda Mustafa Kemal Atat\u00fcrk, K\u0131br\u0131s T\u00fcrk\u00fc\u2019n\u00fcn  m\u00fccadele lideri Dr. Faz\u0131l K\u00fc\u00e7\u00fck, <a href=\"https:\/\/brtk.net\/\">KKTC<\/a>\u2019nin Kurucu Cumhurba\u015fkan\u0131 Raif Rauf Denkta\u015f ve \u015fehitler i\u00e7inbir dakikal\u0131k sayg\u0131 duru\u015funda bulunuldu ve \u0130stiklal Mar\u015f\u0131 okundu.<\/p>\n<\/p><\/div>\n<p><script async\n                    defer\n                    crossorigin=\"anonymous\"\n                    src=\"https:\/\/connect.facebook.net\/tr_TR\/sdk.js#xfbml=1&#038;version=v3.3\"\n            ><\/script><\/p>\n","protected":false},"excerpt":{"rendered":"<p>K\u0131br\u0131s T\u00fcrk Mukavemet Te\u015fkilat\u0131 M\u00fccahitler Derne\u011fi, 15 Temmuz 1974 K\u0131br\u0131s Rum ve Yunanistan\u2019\u0131n d\u00fczenledi\u011fi darbe konulu konferans d\u00fczenledi. K\u0131br\u0131s Bar\u0131\u015f Harek\u00e2t\u0131\u2019n\u0131n 50\u2019nci y\u0131l d\u00f6n\u00fcm\u00fc vesilesiyle d\u00fczenlenen etkinlik M\u00fccahitler Sitesi\u2019nde yer ald\u0131. Konferans\u0131n konu\u015fmac\u0131s\u0131 Final \u00dcniversitesi\u2019nden, Ara\u015ft\u0131rmac\u0131 Yazar Prof.Dr. Ulvi Keser, K\u0131br\u0131s\u2019ta darbeye giden s\u00fcre\u00e7, megali idea ve K\u0131br\u0131s ba\u011flam\u0131nda konu\u015ftu. Darbe hakk\u0131nda farkl\u0131 bir bak\u0131\u015f<\/p>\n","protected":false},"author":1,"featured_media":49920,"comment_status":"open","ping_status":"open","sticky":false,"template":"","format":"standard","meta":{"footnotes":""},"categories":[1],"tags":[],"class_list":["post-49919","post","type-post","status-publish","format-standard","has-post-thumbnail","hentry","category-gundem"],"yoast_head":"<!-- This site is optimized with the Yoast SEO plugin v27.5 - https:\/\/yoast.com\/product\/yoast-seo-wordpress\/ -->\n<title>K\u0131br\u0131s TMT Derne\u011fi K\u0131br\u0131s\u2019ta darbeye giden yok konulu konferans d\u00fczenledi -<\/title>\n<meta name=\"robots\" content=\"index, follow, max-snippet:-1, max-image-preview:large, max-video-preview:-1\" \/>\n<link rel=\"canonical\" href=\"https:\/\/kibrisdakik.com\/?p=49919\" \/>\n<meta property=\"og:locale\" content=\"tr_TR\" \/>\n<meta property=\"og:type\" content=\"article\" \/>\n<meta property=\"og:title\" content=\"K\u0131br\u0131s TMT Derne\u011fi K\u0131br\u0131s\u2019ta darbeye giden yok konulu konferans d\u00fczenledi -\" \/>\n<meta property=\"og:description\" content=\"K\u0131br\u0131s T\u00fcrk Mukavemet Te\u015fkilat\u0131 M\u00fccahitler Derne\u011fi, 15 Temmuz 1974 K\u0131br\u0131s Rum ve Yunanistan\u2019\u0131n d\u00fczenledi\u011fi darbe konulu konferans d\u00fczenledi. K\u0131br\u0131s Bar\u0131\u015f Harek\u00e2t\u0131\u2019n\u0131n 50\u2019nci y\u0131l d\u00f6n\u00fcm\u00fc vesilesiyle d\u00fczenlenen etkinlik M\u00fccahitler Sitesi\u2019nde yer ald\u0131. Konferans\u0131n konu\u015fmac\u0131s\u0131 Final \u00dcniversitesi\u2019nden, Ara\u015ft\u0131rmac\u0131 Yazar Prof.Dr. Ulvi Keser, K\u0131br\u0131s\u2019ta darbeye giden s\u00fcre\u00e7, megali idea ve K\u0131br\u0131s ba\u011flam\u0131nda konu\u015ftu. Darbe hakk\u0131nda farkl\u0131 bir bak\u0131\u015f\" \/>\n<meta property=\"og:url\" content=\"https:\/\/kibrisdakik.com\/?p=49919\" \/>\n<meta property=\"article:published_time\" content=\"2024-07-15T09:14:37+00:00\" \/>\n<meta property=\"og:image\" content=\"https:\/\/kibrisdakik.com\/wp-content\/uploads\/2024\/07\/15-temmuz-konferans-tim-1--740x420.jpeg\" \/>\n\t<meta property=\"og:image:width\" content=\"1654\" \/>\n\t<meta property=\"og:image:height\" content=\"1104\" \/>\n\t<meta property=\"og:image:type\" content=\"image\/jpeg\" \/>\n<meta name=\"author\" content=\"admin\" \/>\n<meta name=\"twitter:card\" content=\"summary_large_image\" \/>\n<meta name=\"twitter:label1\" content=\"Yazan:\" \/>\n\t<meta name=\"twitter:data1\" content=\"admin\" \/>\n\t<meta name=\"twitter:label2\" content=\"Tahmini okuma s\u00fcresi\" \/>\n\t<meta name=\"twitter:data2\" content=\"1 dakika\" \/>\n<script type=\"application\/ld+json\" class=\"yoast-schema-graph\">{\"@context\":\"https:\\\/\\\/schema.org\",\"@graph\":[{\"@type\":\"Article\",\"@id\":\"https:\\\/\\\/kibrisdakik.com\\\/?p=49919#article\",\"isPartOf\":{\"@id\":\"https:\\\/\\\/kibrisdakik.com\\\/?p=49919\"},\"author\":{\"name\":\"admin\",\"@id\":\"https:\\\/\\\/kibrisdakik.com\\\/#\\\/schema\\\/person\\\/9cd9d437bbb44f72b73ba127e06d8e79\"},\"headline\":\"K\u0131br\u0131s TMT Derne\u011fi K\u0131br\u0131s\u2019ta darbeye giden yok konulu konferans d\u00fczenledi\",\"datePublished\":\"2024-07-15T09:14:37+00:00\",\"mainEntityOfPage\":{\"@id\":\"https:\\\/\\\/kibrisdakik.com\\\/?p=49919\"},\"wordCount\":267,\"commentCount\":0,\"image\":{\"@id\":\"https:\\\/\\\/kibrisdakik.com\\\/?p=49919#primaryimage\"},\"thumbnailUrl\":\"https:\\\/\\\/kibrisdakik.com\\\/wp-content\\\/uploads\\\/2024\\\/07\\\/15-temmuz-konferans-tim-1--740x420.jpeg\",\"articleSection\":[\"G\u00fcndem\"],\"inLanguage\":\"tr\",\"potentialAction\":[{\"@type\":\"CommentAction\",\"name\":\"Comment\",\"target\":[\"https:\\\/\\\/kibrisdakik.com\\\/?p=49919#respond\"]}]},{\"@type\":\"WebPage\",\"@id\":\"https:\\\/\\\/kibrisdakik.com\\\/?p=49919\",\"url\":\"https:\\\/\\\/kibrisdakik.com\\\/?p=49919\",\"name\":\"K\u0131br\u0131s TMT Derne\u011fi K\u0131br\u0131s\u2019ta darbeye giden yok konulu konferans d\u00fczenledi -\",\"isPartOf\":{\"@id\":\"https:\\\/\\\/kibrisdakik.com\\\/#website\"},\"primaryImageOfPage\":{\"@id\":\"https:\\\/\\\/kibrisdakik.com\\\/?p=49919#primaryimage\"},\"image\":{\"@id\":\"https:\\\/\\\/kibrisdakik.com\\\/?p=49919#primaryimage\"},\"thumbnailUrl\":\"https:\\\/\\\/kibrisdakik.com\\\/wp-content\\\/uploads\\\/2024\\\/07\\\/15-temmuz-konferans-tim-1--740x420.jpeg\",\"datePublished\":\"2024-07-15T09:14:37+00:00\",\"author\":{\"@id\":\"https:\\\/\\\/kibrisdakik.com\\\/#\\\/schema\\\/person\\\/9cd9d437bbb44f72b73ba127e06d8e79\"},\"breadcrumb\":{\"@id\":\"https:\\\/\\\/kibrisdakik.com\\\/?p=49919#breadcrumb\"},\"inLanguage\":\"tr\",\"potentialAction\":[{\"@type\":\"ReadAction\",\"target\":[\"https:\\\/\\\/kibrisdakik.com\\\/?p=49919\"]}]},{\"@type\":\"ImageObject\",\"inLanguage\":\"tr\",\"@id\":\"https:\\\/\\\/kibrisdakik.com\\\/?p=49919#primaryimage\",\"url\":\"https:\\\/\\\/kibrisdakik.com\\\/wp-content\\\/uploads\\\/2024\\\/07\\\/15-temmuz-konferans-tim-1--740x420.jpeg\",\"contentUrl\":\"https:\\\/\\\/kibrisdakik.com\\\/wp-content\\\/uploads\\\/2024\\\/07\\\/15-temmuz-konferans-tim-1--740x420.jpeg\",\"width\":1654,\"height\":1104},{\"@type\":\"BreadcrumbList\",\"@id\":\"https:\\\/\\\/kibrisdakik.com\\\/?p=49919#breadcrumb\",\"itemListElement\":[{\"@type\":\"ListItem\",\"position\":1,\"name\":\"Home\",\"item\":\"https:\\\/\\\/kibrisdakik.com\\\/\"},{\"@type\":\"ListItem\",\"position\":2,\"name\":\"K\u0131br\u0131s TMT Derne\u011fi K\u0131br\u0131s\u2019ta darbeye giden yok konulu konferans d\u00fczenledi\"}]},{\"@type\":\"WebSite\",\"@id\":\"https:\\\/\\\/kibrisdakik.com\\\/#website\",\"url\":\"https:\\\/\\\/kibrisdakik.com\\\/\",\"name\":\"\",\"description\":\"Tam vaktinde haber\",\"potentialAction\":[{\"@type\":\"SearchAction\",\"target\":{\"@type\":\"EntryPoint\",\"urlTemplate\":\"https:\\\/\\\/kibrisdakik.com\\\/?s={search_term_string}\"},\"query-input\":{\"@type\":\"PropertyValueSpecification\",\"valueRequired\":true,\"valueName\":\"search_term_string\"}}],\"inLanguage\":\"tr\"},{\"@type\":\"Person\",\"@id\":\"https:\\\/\\\/kibrisdakik.com\\\/#\\\/schema\\\/person\\\/9cd9d437bbb44f72b73ba127e06d8e79\",\"name\":\"admin\",\"image\":{\"@type\":\"ImageObject\",\"inLanguage\":\"tr\",\"@id\":\"https:\\\/\\\/secure.gravatar.com\\\/avatar\\\/ccc17943b9d660506c869530f897617f7cb1c21a4bf30023f252596d83e1f007?s=96&d=mm&r=g\",\"url\":\"https:\\\/\\\/secure.gravatar.com\\\/avatar\\\/ccc17943b9d660506c869530f897617f7cb1c21a4bf30023f252596d83e1f007?s=96&d=mm&r=g\",\"contentUrl\":\"https:\\\/\\\/secure.gravatar.com\\\/avatar\\\/ccc17943b9d660506c869530f897617f7cb1c21a4bf30023f252596d83e1f007?s=96&d=mm&r=g\",\"caption\":\"admin\"},\"sameAs\":[\"https:\\\/\\\/kibrisdakik.com\"],\"url\":\"https:\\\/\\\/kibrisdakik.com\\\/?author=1\"}]}<\/script>\n<!-- \/ Yoast SEO plugin. -->","yoast_head_json":{"title":"K\u0131br\u0131s TMT Derne\u011fi K\u0131br\u0131s\u2019ta darbeye giden yok konulu konferans d\u00fczenledi -","robots":{"index":"index","follow":"follow","max-snippet":"max-snippet:-1","max-image-preview":"max-image-preview:large","max-video-preview":"max-video-preview:-1"},"canonical":"https:\/\/kibrisdakik.com\/?p=49919","og_locale":"tr_TR","og_type":"article","og_title":"K\u0131br\u0131s TMT Derne\u011fi K\u0131br\u0131s\u2019ta darbeye giden yok konulu konferans d\u00fczenledi -","og_description":"K\u0131br\u0131s T\u00fcrk Mukavemet Te\u015fkilat\u0131 M\u00fccahitler Derne\u011fi, 15 Temmuz 1974 K\u0131br\u0131s Rum ve Yunanistan\u2019\u0131n d\u00fczenledi\u011fi darbe konulu konferans d\u00fczenledi. K\u0131br\u0131s Bar\u0131\u015f Harek\u00e2t\u0131\u2019n\u0131n 50\u2019nci y\u0131l d\u00f6n\u00fcm\u00fc vesilesiyle d\u00fczenlenen etkinlik M\u00fccahitler Sitesi\u2019nde yer ald\u0131. Konferans\u0131n konu\u015fmac\u0131s\u0131 Final \u00dcniversitesi\u2019nden, Ara\u015ft\u0131rmac\u0131 Yazar Prof.Dr. Ulvi Keser, K\u0131br\u0131s\u2019ta darbeye giden s\u00fcre\u00e7, megali idea ve K\u0131br\u0131s ba\u011flam\u0131nda konu\u015ftu. Darbe hakk\u0131nda farkl\u0131 bir bak\u0131\u015f","og_url":"https:\/\/kibrisdakik.com\/?p=49919","article_published_time":"2024-07-15T09:14:37+00:00","og_image":[{"width":1654,"height":1104,"url":"https:\/\/kibrisdakik.com\/wp-content\/uploads\/2024\/07\/15-temmuz-konferans-tim-1--740x420.jpeg","type":"image\/jpeg"}],"author":"admin","twitter_card":"summary_large_image","twitter_misc":{"Yazan:":"admin","Tahmini okuma s\u00fcresi":"1 dakika"},"schema":{"@context":"https:\/\/schema.org","@graph":[{"@type":"Article","@id":"https:\/\/kibrisdakik.com\/?p=49919#article","isPartOf":{"@id":"https:\/\/kibrisdakik.com\/?p=49919"},"author":{"name":"admin","@id":"https:\/\/kibrisdakik.com\/#\/schema\/person\/9cd9d437bbb44f72b73ba127e06d8e79"},"headline":"K\u0131br\u0131s TMT Derne\u011fi K\u0131br\u0131s\u2019ta darbeye giden yok konulu konferans d\u00fczenledi","datePublished":"2024-07-15T09:14:37+00:00","mainEntityOfPage":{"@id":"https:\/\/kibrisdakik.com\/?p=49919"},"wordCount":267,"commentCount":0,"image":{"@id":"https:\/\/kibrisdakik.com\/?p=49919#primaryimage"},"thumbnailUrl":"https:\/\/kibrisdakik.com\/wp-content\/uploads\/2024\/07\/15-temmuz-konferans-tim-1--740x420.jpeg","articleSection":["G\u00fcndem"],"inLanguage":"tr","potentialAction":[{"@type":"CommentAction","name":"Comment","target":["https:\/\/kibrisdakik.com\/?p=49919#respond"]}]},{"@type":"WebPage","@id":"https:\/\/kibrisdakik.com\/?p=49919","url":"https:\/\/kibrisdakik.com\/?p=49919","name":"K\u0131br\u0131s TMT Derne\u011fi K\u0131br\u0131s\u2019ta darbeye giden yok konulu konferans d\u00fczenledi -","isPartOf":{"@id":"https:\/\/kibrisdakik.com\/#website"},"primaryImageOfPage":{"@id":"https:\/\/kibrisdakik.com\/?p=49919#primaryimage"},"image":{"@id":"https:\/\/kibrisdakik.com\/?p=49919#primaryimage"},"thumbnailUrl":"https:\/\/kibrisdakik.com\/wp-content\/uploads\/2024\/07\/15-temmuz-konferans-tim-1--740x420.jpeg","datePublished":"2024-07-15T09:14:37+00:00","author":{"@id":"https:\/\/kibrisdakik.com\/#\/schema\/person\/9cd9d437bbb44f72b73ba127e06d8e79"},"breadcrumb":{"@id":"https:\/\/kibrisdakik.com\/?p=49919#breadcrumb"},"inLanguage":"tr","potentialAction":[{"@type":"ReadAction","target":["https:\/\/kibrisdakik.com\/?p=49919"]}]},{"@type":"ImageObject","inLanguage":"tr","@id":"https:\/\/kibrisdakik.com\/?p=49919#primaryimage","url":"https:\/\/kibrisdakik.com\/wp-content\/uploads\/2024\/07\/15-temmuz-konferans-tim-1--740x420.jpeg","contentUrl":"https:\/\/kibrisdakik.com\/wp-content\/uploads\/2024\/07\/15-temmuz-konferans-tim-1--740x420.jpeg","width":1654,"height":1104},{"@type":"BreadcrumbList","@id":"https:\/\/kibrisdakik.com\/?p=49919#breadcrumb","itemListElement":[{"@type":"ListItem","position":1,"name":"Home","item":"https:\/\/kibrisdakik.com\/"},{"@type":"ListItem","position":2,"name":"K\u0131br\u0131s TMT Derne\u011fi K\u0131br\u0131s\u2019ta darbeye giden yok konulu konferans d\u00fczenledi"}]},{"@type":"WebSite","@id":"https:\/\/kibrisdakik.com\/#website","url":"https:\/\/kibrisdakik.com\/","name":"","description":"Tam vaktinde haber","potentialAction":[{"@type":"SearchAction","target":{"@type":"EntryPoint","urlTemplate":"https:\/\/kibrisdakik.com\/?s={search_term_string}"},"query-input":{"@type":"PropertyValueSpecification","valueRequired":true,"valueName":"search_term_string"}}],"inLanguage":"tr"},{"@type":"Person","@id":"https:\/\/kibrisdakik.com\/#\/schema\/person\/9cd9d437bbb44f72b73ba127e06d8e79","name":"admin","image":{"@type":"ImageObject","inLanguage":"tr","@id":"https:\/\/secure.gravatar.com\/avatar\/ccc17943b9d660506c869530f897617f7cb1c21a4bf30023f252596d83e1f007?s=96&d=mm&r=g","url":"https:\/\/secure.gravatar.com\/avatar\/ccc17943b9d660506c869530f897617f7cb1c21a4bf30023f252596d83e1f007?s=96&d=mm&r=g","contentUrl":"https:\/\/secure.gravatar.com\/avatar\/ccc17943b9d660506c869530f897617f7cb1c21a4bf30023f252596d83e1f007?s=96&d=mm&r=g","caption":"admin"},"sameAs":["https:\/\/kibrisdakik.com"],"url":"https:\/\/kibrisdakik.com\/?author=1"}]}},"_links":{"self":[{"href":"https:\/\/kibrisdakik.com\/index.php?rest_route=\/wp\/v2\/posts\/49919","targetHints":{"allow":["GET"]}}],"collection":[{"href":"https:\/\/kibrisdakik.com\/index.php?rest_route=\/wp\/v2\/posts"}],"about":[{"href":"https:\/\/kibrisdakik.com\/index.php?rest_route=\/wp\/v2\/types\/post"}],"author":[{"embeddable":true,"href":"https:\/\/kibrisdakik.com\/index.php?rest_route=\/wp\/v2\/users\/1"}],"replies":[{"embeddable":true,"href":"https:\/\/kibrisdakik.com\/index.php?rest_route=%2Fwp%2Fv2%2Fcomments&post=49919"}],"version-history":[{"count":0,"href":"https:\/\/kibrisdakik.com\/index.php?rest_route=\/wp\/v2\/posts\/49919\/revisions"}],"wp:featuredmedia":[{"embeddable":true,"href":"https:\/\/kibrisdakik.com\/index.php?rest_route=\/wp\/v2\/media\/49920"}],"wp:attachment":[{"href":"https:\/\/kibrisdakik.com\/index.php?rest_route=%2Fwp%2Fv2%2Fmedia&parent=49919"}],"wp:term":[{"taxonomy":"category","embeddable":true,"href":"https:\/\/kibrisdakik.com\/index.php?rest_route=%2Fwp%2Fv2%2Fcategories&post=49919"},{"taxonomy":"post_tag","embeddable":true,"href":"https:\/\/kibrisdakik.com\/index.php?rest_route=%2Fwp%2Fv2%2Ftags&post=49919"}],"curies":[{"name":"wp","href":"https:\/\/api.w.org\/{rel}","templated":true}]}}