{"id":4994,"date":"2023-04-12T00:22:18","date_gmt":"2023-04-12T00:22:18","guid":{"rendered":"https:\/\/kibrisdakik.com\/index.php\/2023\/04\/12\/tatar-iki-devlet-siyasetimizi-dunyaya-anlatmaya-devam-edecegiz\/"},"modified":"2023-04-12T00:22:18","modified_gmt":"2023-04-12T00:22:18","slug":"tatar-iki-devlet-siyasetimizi-dunyaya-anlatmaya-devam-edecegiz","status":"publish","type":"post","link":"https:\/\/kibrisdakik.com\/?p=4994","title":{"rendered":"Tatar: \u0130ki devlet siyasetimizi d\u00fcnyaya anlatmaya devam edece\u011fiz"},"content":{"rendered":"<p><\/p>\n<div>\n<div class=\"mariselle-image-container center\">\n                <img width=\"1024\" height=\"682\" class=\"lazy-image\" alt=\"\" decoding=\"async\" loading=\"lazy\" sizes=\"auto, (max-width: 1024px) 100vw, 1024px\" src=\"https:\/\/brtk.net\/wp-content\/uploads\/2023\/04\/11\/tatar-britanyali-kibrisli-turkler-dernegi-3--1024x682.jpg?ver=d10fc47929f8e0d37723b30102cb35e9\" srcset=\"https:\/\/brtk.net\/wp-content\/uploads\/2023\/04\/11\/tatar-britanyali-kibrisli-turkler-dernegi-3--1024x682.jpg?ver=d10fc47929f8e0d37723b30102cb35e9 1024w, https:\/\/brtk.net\/wp-content\/uploads\/2023\/04\/11\/tatar-britanyali-kibrisli-turkler-dernegi-3--300x200.jpg?ver=d10fc47929f8e0d37723b30102cb35e9 300w, https:\/\/brtk.net\/wp-content\/uploads\/2023\/04\/11\/tatar-britanyali-kibrisli-turkler-dernegi-3--768x512.jpg?ver=d10fc47929f8e0d37723b30102cb35e9 768w, https:\/\/brtk.net\/wp-content\/uploads\/2023\/04\/11\/tatar-britanyali-kibrisli-turkler-dernegi-3--1536x1023.jpg?ver=b5df2e2567067b525f8b03c10fc68406 1536w, https:\/\/brtk.net\/wp-content\/uploads\/2023\/04\/11\/tatar-britanyali-kibrisli-turkler-dernegi-3-.jpg?ver=d10fc47929f8e0d37723b30102cb35e9 1600w\"\/>                            <\/div>\n<p>Cumhurba\u015fkan\u0131 <a href=\"https:\/\/brtk.net\/\" target=\"_blank\" rel=\"noopener\">Ersin <\/a><a href=\"https:\/\/brtk.net\/\"\/><a href=\"https:\/\/brtk.net\/\"\/><a href=\"https:\/\/brtk.net\/\"\/><a href=\"https:\/\/brtk.net\/\"\/><a href=\"https:\/\/brtk.net\/\"\/><a href=\"https:\/\/brtk.net\/\">Tatar<\/a> Britanyal\u0131 K\u0131br\u0131sl\u0131 T\u00fcrkler Derne\u011fi Ba\u015fkan\u0131 Kenan Yaman ile eski ba\u015fkan ve y\u00f6netim kurulu \u00fcyesi Ersu Ekrem\u2019i kabul etti.<\/p>\n<p>Cumhurba\u015fkan\u0131 <a href=\"https:\/\/brtk.net\/\"\/><a href=\"https:\/\/brtk.net\/\"\/><a href=\"https:\/\/brtk.net\/\"\/><a href=\"https:\/\/brtk.net\/\"\/><a href=\"https:\/\/brtk.net\/\"\/><a href=\"https:\/\/brtk.net\/\">Tatar<\/a> konu\u015fmas\u0131nda, ge\u00e7ti\u011fimiz ay ger\u00e7ekle\u015ftirdi\u011fi Londra ziyaretine de\u011finerek Birle\u015fik Krall\u0131k\u2019\u0131n garant\u00f6r \u00fclke olarak \u00f6nemine i\u015faret etti ve bu nedenle K\u0131br\u0131s konusunda K\u0131br\u0131s T\u00fcrk halk\u0131n\u0131n pozisyonunu ve K\u0131br\u0131s T\u00fcrklerine uygulanan insanl\u0131k d\u0131\u015f\u0131 haks\u0131zl\u0131klar\u0131 anlatmaya devam etmenin \u00f6nemli oldu\u011funu s\u00f6yledi.<\/p>\n<p>Rum taraf\u0131n\u0131n anla\u015fma konusunda isteksiz oldu\u011funu, ortaya konulan t\u00fcm \u00e7\u00f6z\u00fcm \u00f6nerilerini reddetti\u011fini belirten Cumhurba\u015fkan\u0131 <a href=\"https:\/\/brtk.net\/\"\/><a href=\"https:\/\/brtk.net\/\"\/><a href=\"https:\/\/brtk.net\/\"\/><a href=\"https:\/\/brtk.net\/\"\/><a href=\"https:\/\/brtk.net\/\"\/><a href=\"https:\/\/brtk.net\/\">Tatar<\/a>, K\u0131br\u0131s T\u00fcrk halk\u0131n\u0131n en az K\u0131br\u0131s Rum halk\u0131 kadar m\u00fcktesep haklara sahip ve egemen oldu\u011funu ve 60 y\u0131ld\u0131r kendini kendini y\u00f6netti\u011fini kaydetti.<\/p>\n<p>\u201cK\u0131br\u0131s\u2019ta iki ayr\u0131 devletin varl\u0131\u011f\u0131 has\u0131r alt\u0131 edilemeyecek bir ger\u00e7ektir\u201d diyen Cumhurba\u015fkan\u0131 <a href=\"https:\/\/brtk.net\/\"\/><a href=\"https:\/\/brtk.net\/\"\/><a href=\"https:\/\/brtk.net\/\"\/><a href=\"https:\/\/brtk.net\/\"\/><a href=\"https:\/\/brtk.net\/\"\/><a href=\"https:\/\/brtk.net\/\">Tatar<\/a>, iki devletin i\u015f birli\u011fi i\u00e7in K\u0131br\u0131s T\u00fcrk halk\u0131n\u0131n egemen e\u015fitli\u011finin kabul edilmesi gerekti\u011fine i\u015faret etti.<\/p>\n<p>\u0130ki devlet politikas\u0131n\u0131n ger\u00e7ek\u00e7i ve s\u00fcrd\u00fcr\u00fclebilir oldu\u011funu belirten Cumhurba\u015fkan\u0131 <a href=\"https:\/\/brtk.net\/\"\/><a href=\"https:\/\/brtk.net\/\"\/><a href=\"https:\/\/brtk.net\/\"\/><a href=\"https:\/\/brtk.net\/\"\/><a href=\"https:\/\/brtk.net\/\"\/><a href=\"https:\/\/brtk.net\/\">Tatar<\/a>, Londra ziyareti s\u0131ras\u0131nda \u0130ngiliz parlamenterlerle ve bas\u0131n kurulu\u015flar\u0131yla yapt\u0131\u011f\u0131 temaslarda izlenen siyaseti anlatmaya devam etti\u011fini kaydetti ve K\u0131br\u0131s T\u00fcrk halk\u0131na uygulanan haks\u0131zl\u0131klar\u0131n sona ermesine y\u00f6nelik Birle\u015fik Krall\u0131k\u2019ta her d\u00fczeyde sarf edilen aktif \u00e7abalar\u0131n \u00f6neminin alt\u0131n\u0131 \u00e7izdi.  <\/p>\n<p><a href=\"https:\/\/brtk.net\/\"\/><a href=\"https:\/\/brtk.net\/\"\/><a href=\"https:\/\/brtk.net\/\"\/><a href=\"https:\/\/brtk.net\/\"\/><a href=\"https:\/\/brtk.net\/\"\/><a href=\"https:\/\/brtk.net\/\">Tatar<\/a>, \u201cK\u0131br\u0131s T\u00fcrk halk\u0131n\u0131n egemen e\u015fitlik ve e\u015fit uluslararas\u0131 stat\u00fcs\u00fc temelinde iki devlet siyasetimizi d\u00fcnyaya anlatmaya devam edece\u011fiz\u201d vurgusu yapt\u0131.<\/p>\n<p>Cumhurba\u015fkan\u0131 <a href=\"https:\/\/brtk.net\/\"\/><a href=\"https:\/\/brtk.net\/\"\/><a href=\"https:\/\/brtk.net\/\"\/><a href=\"https:\/\/brtk.net\/\"\/><a href=\"https:\/\/brtk.net\/\"\/><a href=\"https:\/\/brtk.net\/\">Tatar<\/a>, Britanyal\u0131 K\u0131br\u0131sl\u0131 T\u00fcrkler Derne\u011fi ve Birle\u015fik Krall\u0131k\u2019ta bulunan di\u011fer K\u0131br\u0131sl\u0131 T\u00fcrk derneklere <a href=\"https:\/\/brtk.net\/\">KKTC<\/a>\u2019nin Birle\u015fik Krall\u0131k\u2019taki sesi olmaya devam etmeleri dolay\u0131s\u0131yla te\u015fekk\u00fcr etti.<\/p>\n<\/p><\/div>\n<p><script async\n                    defer\n                    crossorigin=\"anonymous\"\n                    src=\"https:\/\/connect.facebook.net\/tr_TR\/sdk.js#xfbml=1&#038;version=v3.3\"\n            ><\/script><\/p>\n","protected":false},"excerpt":{"rendered":"<p>Cumhurba\u015fkan\u0131 Ersin Tatar Britanyal\u0131 K\u0131br\u0131sl\u0131 T\u00fcrkler Derne\u011fi Ba\u015fkan\u0131 Kenan Yaman ile eski ba\u015fkan ve y\u00f6netim kurulu \u00fcyesi Ersu Ekrem\u2019i kabul etti. Cumhurba\u015fkan\u0131 Tatar konu\u015fmas\u0131nda, ge\u00e7ti\u011fimiz ay ger\u00e7ekle\u015ftirdi\u011fi Londra ziyaretine de\u011finerek Birle\u015fik Krall\u0131k\u2019\u0131n garant\u00f6r \u00fclke olarak \u00f6nemine i\u015faret etti ve bu nedenle K\u0131br\u0131s konusunda K\u0131br\u0131s T\u00fcrk halk\u0131n\u0131n pozisyonunu ve K\u0131br\u0131s T\u00fcrklerine uygulanan insanl\u0131k d\u0131\u015f\u0131 haks\u0131zl\u0131klar\u0131 anlatmaya<\/p>\n","protected":false},"author":1,"featured_media":4995,"comment_status":"open","ping_status":"open","sticky":false,"template":"","format":"standard","meta":{"footnotes":""},"categories":[1],"tags":[],"class_list":["post-4994","post","type-post","status-publish","format-standard","has-post-thumbnail","hentry","category-gundem"],"yoast_head":"<!-- This site is optimized with the Yoast SEO plugin v27.4 - https:\/\/yoast.com\/product\/yoast-seo-wordpress\/ -->\n<title>Tatar: \u0130ki devlet siyasetimizi d\u00fcnyaya anlatmaya devam edece\u011fiz -<\/title>\n<meta name=\"robots\" content=\"index, follow, max-snippet:-1, max-image-preview:large, max-video-preview:-1\" \/>\n<link rel=\"canonical\" href=\"https:\/\/kibrisdakik.com\/?p=4994\" \/>\n<meta property=\"og:locale\" content=\"tr_TR\" \/>\n<meta property=\"og:type\" content=\"article\" \/>\n<meta property=\"og:title\" content=\"Tatar: \u0130ki devlet siyasetimizi d\u00fcnyaya anlatmaya devam edece\u011fiz -\" \/>\n<meta property=\"og:description\" content=\"Cumhurba\u015fkan\u0131 Ersin Tatar Britanyal\u0131 K\u0131br\u0131sl\u0131 T\u00fcrkler Derne\u011fi Ba\u015fkan\u0131 Kenan Yaman ile eski ba\u015fkan ve y\u00f6netim kurulu \u00fcyesi Ersu Ekrem\u2019i kabul etti. Cumhurba\u015fkan\u0131 Tatar konu\u015fmas\u0131nda, ge\u00e7ti\u011fimiz ay ger\u00e7ekle\u015ftirdi\u011fi Londra ziyaretine de\u011finerek Birle\u015fik Krall\u0131k\u2019\u0131n garant\u00f6r \u00fclke olarak \u00f6nemine i\u015faret etti ve bu nedenle K\u0131br\u0131s konusunda K\u0131br\u0131s T\u00fcrk halk\u0131n\u0131n pozisyonunu ve K\u0131br\u0131s T\u00fcrklerine uygulanan insanl\u0131k d\u0131\u015f\u0131 haks\u0131zl\u0131klar\u0131 anlatmaya\" \/>\n<meta property=\"og:url\" content=\"https:\/\/kibrisdakik.com\/?p=4994\" \/>\n<meta property=\"article:published_time\" content=\"2023-04-12T00:22:18+00:00\" \/>\n<meta property=\"og:image\" content=\"https:\/\/kibrisdakik.com\/wp-content\/uploads\/2023\/04\/tatar-britanyali-kibrisli-turkler-dernegi-3--740x420.jpg\" \/>\n\t<meta property=\"og:image:width\" content=\"1600\" \/>\n\t<meta property=\"og:image:height\" content=\"1066\" \/>\n\t<meta property=\"og:image:type\" content=\"image\/jpeg\" \/>\n<meta name=\"author\" content=\"admin\" \/>\n<meta name=\"twitter:card\" content=\"summary_large_image\" \/>\n<meta name=\"twitter:label1\" content=\"Yazan:\" \/>\n\t<meta name=\"twitter:data1\" content=\"admin\" \/>\n\t<meta name=\"twitter:label2\" content=\"Tahmini okuma s\u00fcresi\" \/>\n\t<meta name=\"twitter:data2\" content=\"2 dakika\" \/>\n<script type=\"application\/ld+json\" class=\"yoast-schema-graph\">{\"@context\":\"https:\\\/\\\/schema.org\",\"@graph\":[{\"@type\":\"Article\",\"@id\":\"https:\\\/\\\/kibrisdakik.com\\\/?p=4994#article\",\"isPartOf\":{\"@id\":\"https:\\\/\\\/kibrisdakik.com\\\/?p=4994\"},\"author\":{\"name\":\"admin\",\"@id\":\"https:\\\/\\\/kibrisdakik.com\\\/#\\\/schema\\\/person\\\/9cd9d437bbb44f72b73ba127e06d8e79\"},\"headline\":\"Tatar: \u0130ki devlet siyasetimizi d\u00fcnyaya anlatmaya devam edece\u011fiz\",\"datePublished\":\"2023-04-12T00:22:18+00:00\",\"mainEntityOfPage\":{\"@id\":\"https:\\\/\\\/kibrisdakik.com\\\/?p=4994\"},\"wordCount\":359,\"commentCount\":0,\"image\":{\"@id\":\"https:\\\/\\\/kibrisdakik.com\\\/?p=4994#primaryimage\"},\"thumbnailUrl\":\"https:\\\/\\\/kibrisdakik.com\\\/wp-content\\\/uploads\\\/2023\\\/04\\\/tatar-britanyali-kibrisli-turkler-dernegi-3--740x420.jpg\",\"articleSection\":[\"G\u00fcndem\"],\"inLanguage\":\"tr\",\"potentialAction\":[{\"@type\":\"CommentAction\",\"name\":\"Comment\",\"target\":[\"https:\\\/\\\/kibrisdakik.com\\\/?p=4994#respond\"]}]},{\"@type\":\"WebPage\",\"@id\":\"https:\\\/\\\/kibrisdakik.com\\\/?p=4994\",\"url\":\"https:\\\/\\\/kibrisdakik.com\\\/?p=4994\",\"name\":\"Tatar: \u0130ki devlet siyasetimizi d\u00fcnyaya anlatmaya devam edece\u011fiz -\",\"isPartOf\":{\"@id\":\"https:\\\/\\\/kibrisdakik.com\\\/#website\"},\"primaryImageOfPage\":{\"@id\":\"https:\\\/\\\/kibrisdakik.com\\\/?p=4994#primaryimage\"},\"image\":{\"@id\":\"https:\\\/\\\/kibrisdakik.com\\\/?p=4994#primaryimage\"},\"thumbnailUrl\":\"https:\\\/\\\/kibrisdakik.com\\\/wp-content\\\/uploads\\\/2023\\\/04\\\/tatar-britanyali-kibrisli-turkler-dernegi-3--740x420.jpg\",\"datePublished\":\"2023-04-12T00:22:18+00:00\",\"author\":{\"@id\":\"https:\\\/\\\/kibrisdakik.com\\\/#\\\/schema\\\/person\\\/9cd9d437bbb44f72b73ba127e06d8e79\"},\"breadcrumb\":{\"@id\":\"https:\\\/\\\/kibrisdakik.com\\\/?p=4994#breadcrumb\"},\"inLanguage\":\"tr\",\"potentialAction\":[{\"@type\":\"ReadAction\",\"target\":[\"https:\\\/\\\/kibrisdakik.com\\\/?p=4994\"]}]},{\"@type\":\"ImageObject\",\"inLanguage\":\"tr\",\"@id\":\"https:\\\/\\\/kibrisdakik.com\\\/?p=4994#primaryimage\",\"url\":\"https:\\\/\\\/kibrisdakik.com\\\/wp-content\\\/uploads\\\/2023\\\/04\\\/tatar-britanyali-kibrisli-turkler-dernegi-3--740x420.jpg\",\"contentUrl\":\"https:\\\/\\\/kibrisdakik.com\\\/wp-content\\\/uploads\\\/2023\\\/04\\\/tatar-britanyali-kibrisli-turkler-dernegi-3--740x420.jpg\",\"width\":1600,\"height\":1066},{\"@type\":\"BreadcrumbList\",\"@id\":\"https:\\\/\\\/kibrisdakik.com\\\/?p=4994#breadcrumb\",\"itemListElement\":[{\"@type\":\"ListItem\",\"position\":1,\"name\":\"Home\",\"item\":\"https:\\\/\\\/kibrisdakik.com\\\/\"},{\"@type\":\"ListItem\",\"position\":2,\"name\":\"Tatar: \u0130ki devlet siyasetimizi d\u00fcnyaya anlatmaya devam edece\u011fiz\"}]},{\"@type\":\"WebSite\",\"@id\":\"https:\\\/\\\/kibrisdakik.com\\\/#website\",\"url\":\"https:\\\/\\\/kibrisdakik.com\\\/\",\"name\":\"\",\"description\":\"Tam vaktinde haber\",\"potentialAction\":[{\"@type\":\"SearchAction\",\"target\":{\"@type\":\"EntryPoint\",\"urlTemplate\":\"https:\\\/\\\/kibrisdakik.com\\\/?s={search_term_string}\"},\"query-input\":{\"@type\":\"PropertyValueSpecification\",\"valueRequired\":true,\"valueName\":\"search_term_string\"}}],\"inLanguage\":\"tr\"},{\"@type\":\"Person\",\"@id\":\"https:\\\/\\\/kibrisdakik.com\\\/#\\\/schema\\\/person\\\/9cd9d437bbb44f72b73ba127e06d8e79\",\"name\":\"admin\",\"image\":{\"@type\":\"ImageObject\",\"inLanguage\":\"tr\",\"@id\":\"https:\\\/\\\/secure.gravatar.com\\\/avatar\\\/ccc17943b9d660506c869530f897617f7cb1c21a4bf30023f252596d83e1f007?s=96&d=mm&r=g\",\"url\":\"https:\\\/\\\/secure.gravatar.com\\\/avatar\\\/ccc17943b9d660506c869530f897617f7cb1c21a4bf30023f252596d83e1f007?s=96&d=mm&r=g\",\"contentUrl\":\"https:\\\/\\\/secure.gravatar.com\\\/avatar\\\/ccc17943b9d660506c869530f897617f7cb1c21a4bf30023f252596d83e1f007?s=96&d=mm&r=g\",\"caption\":\"admin\"},\"sameAs\":[\"https:\\\/\\\/kibrisdakik.com\"],\"url\":\"https:\\\/\\\/kibrisdakik.com\\\/?author=1\"}]}<\/script>\n<!-- \/ Yoast SEO plugin. -->","yoast_head_json":{"title":"Tatar: \u0130ki devlet siyasetimizi d\u00fcnyaya anlatmaya devam edece\u011fiz -","robots":{"index":"index","follow":"follow","max-snippet":"max-snippet:-1","max-image-preview":"max-image-preview:large","max-video-preview":"max-video-preview:-1"},"canonical":"https:\/\/kibrisdakik.com\/?p=4994","og_locale":"tr_TR","og_type":"article","og_title":"Tatar: \u0130ki devlet siyasetimizi d\u00fcnyaya anlatmaya devam edece\u011fiz -","og_description":"Cumhurba\u015fkan\u0131 Ersin Tatar Britanyal\u0131 K\u0131br\u0131sl\u0131 T\u00fcrkler Derne\u011fi Ba\u015fkan\u0131 Kenan Yaman ile eski ba\u015fkan ve y\u00f6netim kurulu \u00fcyesi Ersu Ekrem\u2019i kabul etti. Cumhurba\u015fkan\u0131 Tatar konu\u015fmas\u0131nda, ge\u00e7ti\u011fimiz ay ger\u00e7ekle\u015ftirdi\u011fi Londra ziyaretine de\u011finerek Birle\u015fik Krall\u0131k\u2019\u0131n garant\u00f6r \u00fclke olarak \u00f6nemine i\u015faret etti ve bu nedenle K\u0131br\u0131s konusunda K\u0131br\u0131s T\u00fcrk halk\u0131n\u0131n pozisyonunu ve K\u0131br\u0131s T\u00fcrklerine uygulanan insanl\u0131k d\u0131\u015f\u0131 haks\u0131zl\u0131klar\u0131 anlatmaya","og_url":"https:\/\/kibrisdakik.com\/?p=4994","article_published_time":"2023-04-12T00:22:18+00:00","og_image":[{"width":1600,"height":1066,"url":"https:\/\/kibrisdakik.com\/wp-content\/uploads\/2023\/04\/tatar-britanyali-kibrisli-turkler-dernegi-3--740x420.jpg","type":"image\/jpeg"}],"author":"admin","twitter_card":"summary_large_image","twitter_misc":{"Yazan:":"admin","Tahmini okuma s\u00fcresi":"2 dakika"},"schema":{"@context":"https:\/\/schema.org","@graph":[{"@type":"Article","@id":"https:\/\/kibrisdakik.com\/?p=4994#article","isPartOf":{"@id":"https:\/\/kibrisdakik.com\/?p=4994"},"author":{"name":"admin","@id":"https:\/\/kibrisdakik.com\/#\/schema\/person\/9cd9d437bbb44f72b73ba127e06d8e79"},"headline":"Tatar: \u0130ki devlet siyasetimizi d\u00fcnyaya anlatmaya devam edece\u011fiz","datePublished":"2023-04-12T00:22:18+00:00","mainEntityOfPage":{"@id":"https:\/\/kibrisdakik.com\/?p=4994"},"wordCount":359,"commentCount":0,"image":{"@id":"https:\/\/kibrisdakik.com\/?p=4994#primaryimage"},"thumbnailUrl":"https:\/\/kibrisdakik.com\/wp-content\/uploads\/2023\/04\/tatar-britanyali-kibrisli-turkler-dernegi-3--740x420.jpg","articleSection":["G\u00fcndem"],"inLanguage":"tr","potentialAction":[{"@type":"CommentAction","name":"Comment","target":["https:\/\/kibrisdakik.com\/?p=4994#respond"]}]},{"@type":"WebPage","@id":"https:\/\/kibrisdakik.com\/?p=4994","url":"https:\/\/kibrisdakik.com\/?p=4994","name":"Tatar: \u0130ki devlet siyasetimizi d\u00fcnyaya anlatmaya devam edece\u011fiz -","isPartOf":{"@id":"https:\/\/kibrisdakik.com\/#website"},"primaryImageOfPage":{"@id":"https:\/\/kibrisdakik.com\/?p=4994#primaryimage"},"image":{"@id":"https:\/\/kibrisdakik.com\/?p=4994#primaryimage"},"thumbnailUrl":"https:\/\/kibrisdakik.com\/wp-content\/uploads\/2023\/04\/tatar-britanyali-kibrisli-turkler-dernegi-3--740x420.jpg","datePublished":"2023-04-12T00:22:18+00:00","author":{"@id":"https:\/\/kibrisdakik.com\/#\/schema\/person\/9cd9d437bbb44f72b73ba127e06d8e79"},"breadcrumb":{"@id":"https:\/\/kibrisdakik.com\/?p=4994#breadcrumb"},"inLanguage":"tr","potentialAction":[{"@type":"ReadAction","target":["https:\/\/kibrisdakik.com\/?p=4994"]}]},{"@type":"ImageObject","inLanguage":"tr","@id":"https:\/\/kibrisdakik.com\/?p=4994#primaryimage","url":"https:\/\/kibrisdakik.com\/wp-content\/uploads\/2023\/04\/tatar-britanyali-kibrisli-turkler-dernegi-3--740x420.jpg","contentUrl":"https:\/\/kibrisdakik.com\/wp-content\/uploads\/2023\/04\/tatar-britanyali-kibrisli-turkler-dernegi-3--740x420.jpg","width":1600,"height":1066},{"@type":"BreadcrumbList","@id":"https:\/\/kibrisdakik.com\/?p=4994#breadcrumb","itemListElement":[{"@type":"ListItem","position":1,"name":"Home","item":"https:\/\/kibrisdakik.com\/"},{"@type":"ListItem","position":2,"name":"Tatar: \u0130ki devlet siyasetimizi d\u00fcnyaya anlatmaya devam edece\u011fiz"}]},{"@type":"WebSite","@id":"https:\/\/kibrisdakik.com\/#website","url":"https:\/\/kibrisdakik.com\/","name":"","description":"Tam vaktinde haber","potentialAction":[{"@type":"SearchAction","target":{"@type":"EntryPoint","urlTemplate":"https:\/\/kibrisdakik.com\/?s={search_term_string}"},"query-input":{"@type":"PropertyValueSpecification","valueRequired":true,"valueName":"search_term_string"}}],"inLanguage":"tr"},{"@type":"Person","@id":"https:\/\/kibrisdakik.com\/#\/schema\/person\/9cd9d437bbb44f72b73ba127e06d8e79","name":"admin","image":{"@type":"ImageObject","inLanguage":"tr","@id":"https:\/\/secure.gravatar.com\/avatar\/ccc17943b9d660506c869530f897617f7cb1c21a4bf30023f252596d83e1f007?s=96&d=mm&r=g","url":"https:\/\/secure.gravatar.com\/avatar\/ccc17943b9d660506c869530f897617f7cb1c21a4bf30023f252596d83e1f007?s=96&d=mm&r=g","contentUrl":"https:\/\/secure.gravatar.com\/avatar\/ccc17943b9d660506c869530f897617f7cb1c21a4bf30023f252596d83e1f007?s=96&d=mm&r=g","caption":"admin"},"sameAs":["https:\/\/kibrisdakik.com"],"url":"https:\/\/kibrisdakik.com\/?author=1"}]}},"_links":{"self":[{"href":"https:\/\/kibrisdakik.com\/index.php?rest_route=\/wp\/v2\/posts\/4994","targetHints":{"allow":["GET"]}}],"collection":[{"href":"https:\/\/kibrisdakik.com\/index.php?rest_route=\/wp\/v2\/posts"}],"about":[{"href":"https:\/\/kibrisdakik.com\/index.php?rest_route=\/wp\/v2\/types\/post"}],"author":[{"embeddable":true,"href":"https:\/\/kibrisdakik.com\/index.php?rest_route=\/wp\/v2\/users\/1"}],"replies":[{"embeddable":true,"href":"https:\/\/kibrisdakik.com\/index.php?rest_route=%2Fwp%2Fv2%2Fcomments&post=4994"}],"version-history":[{"count":0,"href":"https:\/\/kibrisdakik.com\/index.php?rest_route=\/wp\/v2\/posts\/4994\/revisions"}],"wp:featuredmedia":[{"embeddable":true,"href":"https:\/\/kibrisdakik.com\/index.php?rest_route=\/wp\/v2\/media\/4995"}],"wp:attachment":[{"href":"https:\/\/kibrisdakik.com\/index.php?rest_route=%2Fwp%2Fv2%2Fmedia&parent=4994"}],"wp:term":[{"taxonomy":"category","embeddable":true,"href":"https:\/\/kibrisdakik.com\/index.php?rest_route=%2Fwp%2Fv2%2Fcategories&post=4994"},{"taxonomy":"post_tag","embeddable":true,"href":"https:\/\/kibrisdakik.com\/index.php?rest_route=%2Fwp%2Fv2%2Ftags&post=4994"}],"curies":[{"name":"wp","href":"https:\/\/api.w.org\/{rel}","templated":true}]}}