{"id":49958,"date":"2024-07-15T14:19:25","date_gmt":"2024-07-15T14:19:25","guid":{"rendered":"https:\/\/kibrisdakik.com\/index.php\/2024\/07\/15\/15-temmuz-demokrasi-ve-milli-birlik-gunu-nedeniyle-bogaz-sehitliginde-toren-duzenlendi\/"},"modified":"2024-07-15T14:19:25","modified_gmt":"2024-07-15T14:19:25","slug":"15-temmuz-demokrasi-ve-milli-birlik-gunu-nedeniyle-bogaz-sehitliginde-toren-duzenlendi","status":"publish","type":"post","link":"https:\/\/kibrisdakik.com\/?p=49958","title":{"rendered":"\u201c15 Temmuz Demokrasi ve Milli Birlik G\u00fcn\u00fc\u201d nedeniyle Bo\u011faz \u015eehitli\u011fi\u2019nde t\u00f6ren d\u00fczenlendi"},"content":{"rendered":"<p><\/p>\n<div>\n<div class=\"mariselle-image-container center\">\n                <img loading=\"lazy\" decoding=\"async\" width=\"2560\" height=\"1707\" class=\"lazy-image\" alt=\"\" sizes=\"auto, (max-width: 2560px) 100vw, 2560px\" src=\"https:\/\/brtk.net\/wp-content\/uploads\/2024\/07\/15\/20240715_103634-scaled.jpg?ver=abd2f89656a9612501aa2533b1971834\" srcset=\"https:\/\/brtk.net\/wp-content\/uploads\/2024\/07\/15\/20240715_103634-scaled.jpg?ver=abd2f89656a9612501aa2533b1971834 2560w, https:\/\/brtk.net\/wp-content\/uploads\/2024\/07\/15\/20240715_103634-300x200.jpg?ver=abd2f89656a9612501aa2533b1971834 300w, https:\/\/brtk.net\/wp-content\/uploads\/2024\/07\/15\/20240715_103634-1024x683.jpg?ver=74edffa9481060fed7d69779226ed3e0 1024w, https:\/\/brtk.net\/wp-content\/uploads\/2024\/07\/15\/20240715_103634-768x512.jpg?ver=517f57d07741df58156189cea8c6c395 768w, https:\/\/brtk.net\/wp-content\/uploads\/2024\/07\/15\/20240715_103634-1536x1024.jpg?ver=746c28a1ecb4597d874dd2a09498cde9 1536w, https:\/\/brtk.net\/wp-content\/uploads\/2024\/07\/15\/20240715_103634-2048x1366.jpg?ver=be9c4038f699b8332c7a0293594d52b5 2048w\"\/>                            <\/div>\n<p>T\u00fcrkiye\u2019de , 8 y\u0131l \u00f6nce 15 Temmuz\u00a0 tarihinde ger\u00e7ekle\u015ftirilen, darbe kalk\u0131\u015fmas\u0131nda ya\u015famlar\u0131n\u0131 kaybeden \u015fehitler, Bo\u011faz \u015eehitli\u011fi\u2019nde d\u00fczenlenen t\u00f6renle an\u0131ld\u0131.<\/p>\n<p>T\u00f6ren , \u015eehitlik An\u0131t\u0131\u2019na \u00e7elenklerin konulmas\u0131, sayg\u0131 duru\u015funda bulunulmas\u0131 ve \u0130stiklal Mar\u015f\u0131\u2019n\u0131n okunmas\u0131yla ba\u015flad\u0131\u2026<\/p>\n<div class=\"mariselle-image-container center\">\n                <img loading=\"lazy\" decoding=\"async\" width=\"659\" height=\"866\" class=\"lazy-image\" alt=\"\" sizes=\"auto, (max-width: 659px) 100vw, 659px\" src=\"https:\/\/brtk.net\/wp-content\/uploads\/2024\/07\/15\/IMG-20240715-WA0008.jpg?ver=4f3bcbe91023c9c1d977842554a94f22\" srcset=\"https:\/\/brtk.net\/wp-content\/uploads\/2024\/07\/15\/IMG-20240715-WA0008.jpg?ver=4f3bcbe91023c9c1d977842554a94f22 659w, https:\/\/brtk.net\/wp-content\/uploads\/2024\/07\/15\/IMG-20240715-WA0008-228x300.jpg?ver=52fdf57397b9ff23e828e936a5a6531d 228w\"\/>                            <\/div>\n<p>T\u00fcrkiye\u2019nin Lefko\u015fa\u00a0B\u00fcy\u00fckel\u00e7isi Metin Feyzio\u011flu, T\u00fcrkiye Cumhuriyeti\u2019nde\u00a0 8 y\u0131l \u00f6nce vuku bulan\u00a0darbe giri\u015fiminin, T\u00fcrk Milletinin cesur direni\u015fi sayesinde\u00a0 \u00f6nlendi\u011fini an\u0131msatt\u0131.<\/p>\n<p>FET\u00d6\u2019n\u00fcn sadece hain bir ter\u00f6r \u00f6rg\u00fct\u00fc de\u011fil ayn\u0131 zamanda, karanl\u0131k emelleri u\u011fruna sinsice\u00a0\u00e7al\u0131\u015fan bir casusluk \u00f6rg\u00fct\u00fc oldu\u011funu dile getiren Feyzio\u011flu, FET\u00d6\u2019n\u00fcn\u00a0arkas\u0131ndaki\u00a0kuklac\u0131lar\u0131n T\u00fcrkiye Cumhuriyeti\u2019ni esaret alt\u0131na alma, b\u00f6lme ve par\u00e7alama hayallerinin , 8 y\u0131l \u00f6nce,\u00a0 Cumhurba\u015fkan\u0131 Recep Tayyip Erdo\u011fan\u00a0liderli\u011finde birle\u015ferek tek v\u00fccut\u00a0olan T\u00fcrk Milletinin sergiledi\u011fi \u015fanl\u0131 direni\u015fe \u00e7arparak parampar\u00e7a oldu\u011funu kaydetti.<\/p>\n<p>T\u00fcrk milletinin g\u00f6sterdi\u011fi m\u00fccadeleyle t\u00fcm d\u00fcnyaya\u00a0kendi iradesi \u00fczerinde bir g\u00fc\u00e7 tan\u0131mad\u0131\u011f\u0131n\u0131,\u00a0devleti ve demokrasiyi\u00a0 korumak i\u00e7in hayat\u0131n\u0131 feda etmeye haz\u0131r oldu\u011funu\u00a0g\u00f6sterdi\u011fini ifade eden Feyzio\u011flu, darbe giri\u015fiminden sorumlu ter\u00f6ristlerin de adalet \u00f6n\u00fcnde hesap vermesinin sa\u011fland\u0131\u011f\u0131n\u0131 ifade etti\u2026<\/p>\n<p>\u00dclke kurumlar\u0131nda titizlikle y\u00fcr\u00fct\u00fclen \u00e7al\u0131\u015fmalarla , T\u00fcrkiye\u2019deki ana omurgas\u0131n\u0131 kaybeden ter\u00f6r \u00f6rg\u00fct\u00fcn\u00fcn, yurtd\u0131\u015f\u0131 yap\u0131lanmas\u0131yla ayakta durmaya \u00e7al\u0131\u015ft\u0131\u011f\u0131n\u0131 dile getiren Feyzio\u011flu, T\u00fcrkiye d\u0131\u015f\u0131ndaki \u00a0FET\u00d6 \u00a0yap\u0131lar\u0131yla m\u00fccadelenin\u00a0 her zamankinden daha\u00a0 b\u00fcy\u00fck \u00f6nem kazand\u0131\u011f\u0131n\u0131 kaydetti.<\/p>\n<p>FET\u00d6 \u2018n\u00fcn yurtd\u0131\u015f\u0131 yap\u0131lanmas\u0131na kar\u015f\u0131 uzun soluklu m\u00fccadelenin \u00a0kararl\u0131l\u0131kla devam etti\u011fini dile getiren Feyzio\u011flu, bu m\u00fccadeleye\u00a0 her t\u00fcrl\u00fc destek ve katk\u0131y\u0131 sa\u011flayan <a href=\"https:\/\/brtk.net\/\"\/><a href=\"https:\/\/brtk.net\/\"\/><a href=\"https:\/\/brtk.net\/\">KKTC<\/a> Devletine te\u015fekk\u00fcr etti\u2026<\/p>\n<div class=\"mariselle-image-container center\">\n                <img loading=\"lazy\" decoding=\"async\" width=\"787\" height=\"730\" class=\"lazy-image\" alt=\"\" sizes=\"auto, (max-width: 787px) 100vw, 787px\" src=\"https:\/\/brtk.net\/wp-content\/uploads\/2024\/07\/15\/IMG-20240715-WA0009.jpg?ver=e4ba1dfbea991fdc5bd7a29e8b8066ff\" srcset=\"https:\/\/brtk.net\/wp-content\/uploads\/2024\/07\/15\/IMG-20240715-WA0009.jpg?ver=e4ba1dfbea991fdc5bd7a29e8b8066ff 787w, https:\/\/brtk.net\/wp-content\/uploads\/2024\/07\/15\/IMG-20240715-WA0009-300x278.jpg?ver=ddb3537f49ac146fe9d724b072a52110 300w, https:\/\/brtk.net\/wp-content\/uploads\/2024\/07\/15\/IMG-20240715-WA0009-768x712.jpg?ver=ddb3537f49ac146fe9d724b072a52110 768w\"\/>                            <\/div>\n<p>Cumhurba\u015fkan\u0131 Ersin <a href=\"https:\/\/brtk.net\/\">tatar<\/a> da, FET\u00d6 darbe giri\u015fiminin 8\u2019inci y\u0131ld\u00f6n\u00fcm\u00fcnde, ya\u015famlar\u0131n\u0131 kaybeden \u015fehitleri rahmetle, gazileri minnetle and\u0131\u011f\u0131n\u0131 belirtti.<\/p>\n<p>Anavatan T\u00fcrkiye\u2019de , sinsi ter\u00f6r \u00a0\u00f6rg\u00fct\u00fcn\u00fcn, \u00e7ok iyi planlanm\u0131\u015f ve devletin\u00a0 i\u00e7ine paralel yap\u0131yla s\u0131zd\u0131\u011f\u0131n\u0131 , T\u00fcrk Milleti\u2019nin demokrasi ve milli iradesine meydan okuyarak\u00a0darbe giri\u015fiminde bulundu\u011funun \u00a0an\u0131msatan\u00a0 <a href=\"https:\/\/brtk.net\/\"\/><a href=\"https:\/\/brtk.net\/\"\/><a href=\"https:\/\/brtk.net\/\"\/><a href=\"https:\/\/brtk.net\/\"\/><a href=\"https:\/\/brtk.net\/\"\/><a href=\"https:\/\/brtk.net\/\">Tatar<\/a>,\u00a0 bu kalk\u0131\u015fmay\u0131\u00a0 bir kez daha k\u0131nad\u0131.<\/p>\n<p>15 Temmuz gecesi ya\u015fananlar\u0131n <a href=\"https:\/\/brtk.net\/\"\/><a href=\"https:\/\/brtk.net\/\"\/><a href=\"https:\/\/brtk.net\/\">KKTC<\/a>\u2019de endi\u015fe i\u00e7inde izlediklerini, d\u0131\u015far\u0131dan, be\u015finci kol faaliyetleri\u00a0ve farkl\u0131\u00a0d\u0131\u015f g\u00fc\u00e7lerin y\u00f6netiminde\u00a0olan hainlerin kalk\u0131\u015fmas\u0131yla, milletin iradesinin ba\u015fka yerlere \u00e7ekilmeye \u00e7al\u0131\u015f\u0131ld\u0131\u011f\u0131n\u0131 an\u0131msatan <a href=\"https:\/\/brtk.net\/\"\/><a href=\"https:\/\/brtk.net\/\"\/><a href=\"https:\/\/brtk.net\/\"\/><a href=\"https:\/\/brtk.net\/\"\/><a href=\"https:\/\/brtk.net\/\"\/><a href=\"https:\/\/brtk.net\/\">Tatar<\/a>, \u201cO ak\u015fam G\u00fcney K\u0131br\u0131s\u2019tan\u00a0da FET\u00d6 darbe giri\u015fimi \u00a0ba\u015far\u0131l\u0131\u00a0 olsayd\u0131 Girne\u2019de bayra\u011f\u0131m\u0131z\u0131 dalgaland\u0131rabilecektik\u201d a\u00e7\u0131klamalar\u0131 geldi\u011fini an\u0131msatt\u0131.<\/p>\n<p><a href=\"https:\/\/brtk.net\/\"\/><a href=\"https:\/\/brtk.net\/\"\/><a href=\"https:\/\/brtk.net\/\"\/><a href=\"https:\/\/brtk.net\/\"\/><a href=\"https:\/\/brtk.net\/\"\/><a href=\"https:\/\/brtk.net\/\">Tatar<\/a>, ya\u015fananlar\u0131n, millet iradesiyle egemenlik temelinde\u00a0 y\u00f6netilen ve daha da g\u00fc\u00e7lenen\u00a0 Anavatan T\u00fcrkiye\u00a0 Cumhuriyeti\u2019nin varl\u0131\u011f\u0131n\u0131n hem Anadolu hem Do\u011fu Akdeniz\u2019de ne kadar \u00f6nemli oldu\u011funun ve <a href=\"https:\/\/brtk.net\/\"\/><a href=\"https:\/\/brtk.net\/\"\/><a href=\"https:\/\/brtk.net\/\">KKTC<\/a>\u2019nin Anavatan\u0131\u2019yla bu co\u011frafyada\u00a0 daha emin ad\u0131mlarla y\u00fcr\u00fcyece\u011finin\u00a0 kan\u0131t\u0131 oldu\u011funu\u00a0 s\u00f6yledi.<\/p>\n<p>T\u00fcrk Milleti\u2019nin, Cumhurba\u015fkan\u0131 Recep Tayyip Erdo\u011fan\u2019\u0131n\u00a0 liderli\u011finde, kararl\u0131l\u0131kla \u00a0, canlar\u0131n\u0131 u\u011fruna kendilerini\u00a0 her t\u00fcrl\u00fc sald\u0131r\u0131ya kar\u015f\u0131 siper ederek cesaretle iradesine sahip \u00e7\u0131kmas\u0131n\u0131n, \u00a0d\u00fcnya tarihinde yerini ald\u0131\u011f\u0131n\u0131 vurgulayan <a href=\"https:\/\/brtk.net\/\"\/><a href=\"https:\/\/brtk.net\/\"\/><a href=\"https:\/\/brtk.net\/\"\/><a href=\"https:\/\/brtk.net\/\"\/><a href=\"https:\/\/brtk.net\/\"\/><a href=\"https:\/\/brtk.net\/\">Tatar<\/a>, 8 y\u0131l sonra bu cesareti selamlad\u0131\u011f\u0131n\u0131 s\u00f6yledi..<\/p>\n<p>15 Temmuz\u2019un T\u00fcrk ve K\u0131br\u0131s T\u00fcrk halk\u0131 i\u00e7in darbelerle\u00a0an\u0131lan \u00f6nemli bir tarih oldu\u011funu an\u0131msatan <a href=\"https:\/\/brtk.net\/\"\/><a href=\"https:\/\/brtk.net\/\"\/><a href=\"https:\/\/brtk.net\/\"\/><a href=\"https:\/\/brtk.net\/\"\/><a href=\"https:\/\/brtk.net\/\"\/><a href=\"https:\/\/brtk.net\/\">Tatar<\/a>, bug\u00fcn\u00fcn 50 y\u0131l \u00f6nce Yunan Cuntas\u0131n\u0131n adada Enosisi ger\u00e7ekle\u015ftirmek ve ikinci bir Helen Devleti kurmak i\u00e7in Makarios\u2019a kar\u015f\u0131 yapt\u0131\u011f\u0131 darbenin y\u0131ld\u00f6n\u00fcm\u00fc oldu\u011funu an\u0131msatt\u0131.<\/p>\n<p>T\u00fcrkiye Cumhuriyeti\u2019nin garant\u00f6rl\u00fck\u00a0 hakk\u0131n\u0131 kullanarak adaya m\u00fcdahale etmesiyle , K\u0131br\u0131s T\u00fcrk Halk\u0131n\u0131n\u00a0 ba\u011f\u0131ms\u0131zl\u0131k , \u00f6zg\u00fcrl\u00fck ve egemenli\u011fini sa\u011flam temeller \u00fcst\u00fcne in\u015fa etti\u011fini\u00a0 dile getiren <a href=\"https:\/\/brtk.net\/\"\/><a href=\"https:\/\/brtk.net\/\"\/><a href=\"https:\/\/brtk.net\/\"\/><a href=\"https:\/\/brtk.net\/\"\/><a href=\"https:\/\/brtk.net\/\"\/><a href=\"https:\/\/brtk.net\/\">Tatar<\/a>, Mutlu Bar\u0131\u015f Harekat\u0131\u2019n\u0131n 50\u2019inci y\u0131l\u0131n\u0131n co\u015fkuyla kutlanaca\u011f\u0131n\u0131 belirtti.<\/p>\n<p>\u201c<a href=\"https:\/\/brtk.net\/\"\/><a href=\"https:\/\/brtk.net\/\"\/><a href=\"https:\/\/brtk.net\/\">KKTC<\/a> ve T\u00fcrkiye Cumhuriyeti\u2019nin\u00a0 birlikte hareket etmesinin bu b\u00f6lgede hakk\u0131m\u0131z\u0131 hukukumuzu milli \u00e7\u0131kar ve menfaatlerimizi korumak i\u00e7in ne kadar \u00f6nemli oldu\u011funu bir kez daha vurgulamak isterim \u201cdiyen <a href=\"https:\/\/brtk.net\/\"\/><a href=\"https:\/\/brtk.net\/\"\/><a href=\"https:\/\/brtk.net\/\"\/><a href=\"https:\/\/brtk.net\/\"\/><a href=\"https:\/\/brtk.net\/\"\/><a href=\"https:\/\/brtk.net\/\">Tatar<\/a>, \u00a0T\u00fcrk Milleti ve K\u0131br\u0131s T\u00fcrk halk\u0131n\u0131n 15 Temmuz tarihinde ya\u015fananlar\u0131 asla unutmayaca\u011f\u0131n da ifade etti.<\/p>\n<p>Konu\u015fmalar\u0131n ard\u0131ndan , \u015fehitler i\u00e7in dualar okundu ard\u0131ndan da \u015fehitlikler\u00a0 ziyaret edilerek kabirler karanfiller b\u0131rak\u0131ld\u0131\u2026 T\u00f6ren, 15 Temmuz \u015eehitleri an\u0131s\u0131na olu\u015fturulan zeytin korulu\u011funun gezilmesiyle sona erdi.<\/p>\n<\/p><\/div>\n<p><script async\n                    defer\n                    crossorigin=\"anonymous\"\n                    src=\"https:\/\/connect.facebook.net\/tr_TR\/sdk.js#xfbml=1&#038;version=v3.3\"\n            ><\/script><\/p>\n","protected":false},"excerpt":{"rendered":"<p>T\u00fcrkiye\u2019de , 8 y\u0131l \u00f6nce 15 Temmuz\u00a0 tarihinde ger\u00e7ekle\u015ftirilen, darbe kalk\u0131\u015fmas\u0131nda ya\u015famlar\u0131n\u0131 kaybeden \u015fehitler, Bo\u011faz \u015eehitli\u011fi\u2019nde d\u00fczenlenen t\u00f6renle an\u0131ld\u0131. T\u00f6ren , \u015eehitlik An\u0131t\u0131\u2019na \u00e7elenklerin konulmas\u0131, sayg\u0131 duru\u015funda bulunulmas\u0131 ve \u0130stiklal Mar\u015f\u0131\u2019n\u0131n okunmas\u0131yla ba\u015flad\u0131\u2026 T\u00fcrkiye\u2019nin Lefko\u015fa\u00a0B\u00fcy\u00fckel\u00e7isi Metin Feyzio\u011flu, T\u00fcrkiye Cumhuriyeti\u2019nde\u00a0 8 y\u0131l \u00f6nce vuku bulan\u00a0darbe giri\u015fiminin, T\u00fcrk Milletinin cesur direni\u015fi sayesinde\u00a0 \u00f6nlendi\u011fini an\u0131msatt\u0131. FET\u00d6\u2019n\u00fcn sadece hain<\/p>\n","protected":false},"author":1,"featured_media":49959,"comment_status":"open","ping_status":"open","sticky":false,"template":"","format":"standard","meta":{"footnotes":""},"categories":[1],"tags":[],"class_list":["post-49958","post","type-post","status-publish","format-standard","has-post-thumbnail","hentry","category-gundem"],"yoast_head":"<!-- This site is optimized with the Yoast SEO plugin v27.5 - https:\/\/yoast.com\/product\/yoast-seo-wordpress\/ -->\n<title>\u201c15 Temmuz Demokrasi ve Milli Birlik G\u00fcn\u00fc\u201d nedeniyle Bo\u011faz \u015eehitli\u011fi\u2019nde t\u00f6ren d\u00fczenlendi -<\/title>\n<meta name=\"robots\" content=\"index, follow, max-snippet:-1, max-image-preview:large, max-video-preview:-1\" \/>\n<link rel=\"canonical\" href=\"https:\/\/kibrisdakik.com\/?p=49958\" \/>\n<meta property=\"og:locale\" content=\"tr_TR\" \/>\n<meta property=\"og:type\" content=\"article\" \/>\n<meta property=\"og:title\" content=\"\u201c15 Temmuz Demokrasi ve Milli Birlik G\u00fcn\u00fc\u201d nedeniyle Bo\u011faz \u015eehitli\u011fi\u2019nde t\u00f6ren d\u00fczenlendi -\" \/>\n<meta property=\"og:description\" content=\"T\u00fcrkiye\u2019de , 8 y\u0131l \u00f6nce 15 Temmuz\u00a0 tarihinde ger\u00e7ekle\u015ftirilen, darbe kalk\u0131\u015fmas\u0131nda ya\u015famlar\u0131n\u0131 kaybeden \u015fehitler, Bo\u011faz \u015eehitli\u011fi\u2019nde d\u00fczenlenen t\u00f6renle an\u0131ld\u0131. T\u00f6ren , \u015eehitlik An\u0131t\u0131\u2019na \u00e7elenklerin konulmas\u0131, sayg\u0131 duru\u015funda bulunulmas\u0131 ve \u0130stiklal Mar\u015f\u0131\u2019n\u0131n okunmas\u0131yla ba\u015flad\u0131\u2026 T\u00fcrkiye\u2019nin Lefko\u015fa\u00a0B\u00fcy\u00fckel\u00e7isi Metin Feyzio\u011flu, T\u00fcrkiye Cumhuriyeti\u2019nde\u00a0 8 y\u0131l \u00f6nce vuku bulan\u00a0darbe giri\u015fiminin, T\u00fcrk Milletinin cesur direni\u015fi sayesinde\u00a0 \u00f6nlendi\u011fini an\u0131msatt\u0131. FET\u00d6\u2019n\u00fcn sadece hain\" \/>\n<meta property=\"og:url\" content=\"https:\/\/kibrisdakik.com\/?p=49958\" \/>\n<meta property=\"article:published_time\" content=\"2024-07-15T14:19:25+00:00\" \/>\n<meta property=\"og:image\" content=\"https:\/\/kibrisdakik.com\/wp-content\/uploads\/2024\/07\/InShot_20240715_103800454-scaled-740x420.jpg\" \/>\n\t<meta property=\"og:image:width\" content=\"2560\" \/>\n\t<meta property=\"og:image:height\" content=\"1439\" \/>\n\t<meta property=\"og:image:type\" content=\"image\/jpeg\" \/>\n<meta name=\"author\" content=\"admin\" \/>\n<meta name=\"twitter:card\" content=\"summary_large_image\" \/>\n<meta name=\"twitter:label1\" content=\"Yazan:\" \/>\n\t<meta name=\"twitter:data1\" content=\"admin\" \/>\n\t<meta name=\"twitter:label2\" content=\"Tahmini okuma s\u00fcresi\" \/>\n\t<meta name=\"twitter:data2\" content=\"4 dakika\" \/>\n<script type=\"application\/ld+json\" class=\"yoast-schema-graph\">{\"@context\":\"https:\\\/\\\/schema.org\",\"@graph\":[{\"@type\":\"Article\",\"@id\":\"https:\\\/\\\/kibrisdakik.com\\\/?p=49958#article\",\"isPartOf\":{\"@id\":\"https:\\\/\\\/kibrisdakik.com\\\/?p=49958\"},\"author\":{\"name\":\"admin\",\"@id\":\"https:\\\/\\\/kibrisdakik.com\\\/#\\\/schema\\\/person\\\/9cd9d437bbb44f72b73ba127e06d8e79\"},\"headline\":\"\u201c15 Temmuz Demokrasi ve Milli Birlik G\u00fcn\u00fc\u201d nedeniyle Bo\u011faz \u015eehitli\u011fi\u2019nde t\u00f6ren d\u00fczenlendi\",\"datePublished\":\"2024-07-15T14:19:25+00:00\",\"mainEntityOfPage\":{\"@id\":\"https:\\\/\\\/kibrisdakik.com\\\/?p=49958\"},\"wordCount\":815,\"commentCount\":0,\"image\":{\"@id\":\"https:\\\/\\\/kibrisdakik.com\\\/?p=49958#primaryimage\"},\"thumbnailUrl\":\"https:\\\/\\\/kibrisdakik.com\\\/wp-content\\\/uploads\\\/2024\\\/07\\\/InShot_20240715_103800454-scaled-740x420.jpg\",\"articleSection\":[\"G\u00fcndem\"],\"inLanguage\":\"tr\",\"potentialAction\":[{\"@type\":\"CommentAction\",\"name\":\"Comment\",\"target\":[\"https:\\\/\\\/kibrisdakik.com\\\/?p=49958#respond\"]}]},{\"@type\":\"WebPage\",\"@id\":\"https:\\\/\\\/kibrisdakik.com\\\/?p=49958\",\"url\":\"https:\\\/\\\/kibrisdakik.com\\\/?p=49958\",\"name\":\"\u201c15 Temmuz Demokrasi ve Milli Birlik G\u00fcn\u00fc\u201d nedeniyle Bo\u011faz \u015eehitli\u011fi\u2019nde t\u00f6ren d\u00fczenlendi -\",\"isPartOf\":{\"@id\":\"https:\\\/\\\/kibrisdakik.com\\\/#website\"},\"primaryImageOfPage\":{\"@id\":\"https:\\\/\\\/kibrisdakik.com\\\/?p=49958#primaryimage\"},\"image\":{\"@id\":\"https:\\\/\\\/kibrisdakik.com\\\/?p=49958#primaryimage\"},\"thumbnailUrl\":\"https:\\\/\\\/kibrisdakik.com\\\/wp-content\\\/uploads\\\/2024\\\/07\\\/InShot_20240715_103800454-scaled-740x420.jpg\",\"datePublished\":\"2024-07-15T14:19:25+00:00\",\"author\":{\"@id\":\"https:\\\/\\\/kibrisdakik.com\\\/#\\\/schema\\\/person\\\/9cd9d437bbb44f72b73ba127e06d8e79\"},\"breadcrumb\":{\"@id\":\"https:\\\/\\\/kibrisdakik.com\\\/?p=49958#breadcrumb\"},\"inLanguage\":\"tr\",\"potentialAction\":[{\"@type\":\"ReadAction\",\"target\":[\"https:\\\/\\\/kibrisdakik.com\\\/?p=49958\"]}]},{\"@type\":\"ImageObject\",\"inLanguage\":\"tr\",\"@id\":\"https:\\\/\\\/kibrisdakik.com\\\/?p=49958#primaryimage\",\"url\":\"https:\\\/\\\/kibrisdakik.com\\\/wp-content\\\/uploads\\\/2024\\\/07\\\/InShot_20240715_103800454-scaled-740x420.jpg\",\"contentUrl\":\"https:\\\/\\\/kibrisdakik.com\\\/wp-content\\\/uploads\\\/2024\\\/07\\\/InShot_20240715_103800454-scaled-740x420.jpg\",\"width\":2560,\"height\":1439},{\"@type\":\"BreadcrumbList\",\"@id\":\"https:\\\/\\\/kibrisdakik.com\\\/?p=49958#breadcrumb\",\"itemListElement\":[{\"@type\":\"ListItem\",\"position\":1,\"name\":\"Home\",\"item\":\"https:\\\/\\\/kibrisdakik.com\\\/\"},{\"@type\":\"ListItem\",\"position\":2,\"name\":\"\u201c15 Temmuz Demokrasi ve Milli Birlik G\u00fcn\u00fc\u201d nedeniyle Bo\u011faz \u015eehitli\u011fi\u2019nde t\u00f6ren d\u00fczenlendi\"}]},{\"@type\":\"WebSite\",\"@id\":\"https:\\\/\\\/kibrisdakik.com\\\/#website\",\"url\":\"https:\\\/\\\/kibrisdakik.com\\\/\",\"name\":\"\",\"description\":\"Tam vaktinde haber\",\"potentialAction\":[{\"@type\":\"SearchAction\",\"target\":{\"@type\":\"EntryPoint\",\"urlTemplate\":\"https:\\\/\\\/kibrisdakik.com\\\/?s={search_term_string}\"},\"query-input\":{\"@type\":\"PropertyValueSpecification\",\"valueRequired\":true,\"valueName\":\"search_term_string\"}}],\"inLanguage\":\"tr\"},{\"@type\":\"Person\",\"@id\":\"https:\\\/\\\/kibrisdakik.com\\\/#\\\/schema\\\/person\\\/9cd9d437bbb44f72b73ba127e06d8e79\",\"name\":\"admin\",\"image\":{\"@type\":\"ImageObject\",\"inLanguage\":\"tr\",\"@id\":\"https:\\\/\\\/secure.gravatar.com\\\/avatar\\\/ccc17943b9d660506c869530f897617f7cb1c21a4bf30023f252596d83e1f007?s=96&d=mm&r=g\",\"url\":\"https:\\\/\\\/secure.gravatar.com\\\/avatar\\\/ccc17943b9d660506c869530f897617f7cb1c21a4bf30023f252596d83e1f007?s=96&d=mm&r=g\",\"contentUrl\":\"https:\\\/\\\/secure.gravatar.com\\\/avatar\\\/ccc17943b9d660506c869530f897617f7cb1c21a4bf30023f252596d83e1f007?s=96&d=mm&r=g\",\"caption\":\"admin\"},\"sameAs\":[\"https:\\\/\\\/kibrisdakik.com\"],\"url\":\"https:\\\/\\\/kibrisdakik.com\\\/?author=1\"}]}<\/script>\n<!-- \/ Yoast SEO plugin. -->","yoast_head_json":{"title":"\u201c15 Temmuz Demokrasi ve Milli Birlik G\u00fcn\u00fc\u201d nedeniyle Bo\u011faz \u015eehitli\u011fi\u2019nde t\u00f6ren d\u00fczenlendi -","robots":{"index":"index","follow":"follow","max-snippet":"max-snippet:-1","max-image-preview":"max-image-preview:large","max-video-preview":"max-video-preview:-1"},"canonical":"https:\/\/kibrisdakik.com\/?p=49958","og_locale":"tr_TR","og_type":"article","og_title":"\u201c15 Temmuz Demokrasi ve Milli Birlik G\u00fcn\u00fc\u201d nedeniyle Bo\u011faz \u015eehitli\u011fi\u2019nde t\u00f6ren d\u00fczenlendi -","og_description":"T\u00fcrkiye\u2019de , 8 y\u0131l \u00f6nce 15 Temmuz\u00a0 tarihinde ger\u00e7ekle\u015ftirilen, darbe kalk\u0131\u015fmas\u0131nda ya\u015famlar\u0131n\u0131 kaybeden \u015fehitler, Bo\u011faz \u015eehitli\u011fi\u2019nde d\u00fczenlenen t\u00f6renle an\u0131ld\u0131. T\u00f6ren , \u015eehitlik An\u0131t\u0131\u2019na \u00e7elenklerin konulmas\u0131, sayg\u0131 duru\u015funda bulunulmas\u0131 ve \u0130stiklal Mar\u015f\u0131\u2019n\u0131n okunmas\u0131yla ba\u015flad\u0131\u2026 T\u00fcrkiye\u2019nin Lefko\u015fa\u00a0B\u00fcy\u00fckel\u00e7isi Metin Feyzio\u011flu, T\u00fcrkiye Cumhuriyeti\u2019nde\u00a0 8 y\u0131l \u00f6nce vuku bulan\u00a0darbe giri\u015fiminin, T\u00fcrk Milletinin cesur direni\u015fi sayesinde\u00a0 \u00f6nlendi\u011fini an\u0131msatt\u0131. FET\u00d6\u2019n\u00fcn sadece hain","og_url":"https:\/\/kibrisdakik.com\/?p=49958","article_published_time":"2024-07-15T14:19:25+00:00","og_image":[{"width":2560,"height":1439,"url":"https:\/\/kibrisdakik.com\/wp-content\/uploads\/2024\/07\/InShot_20240715_103800454-scaled-740x420.jpg","type":"image\/jpeg"}],"author":"admin","twitter_card":"summary_large_image","twitter_misc":{"Yazan:":"admin","Tahmini okuma s\u00fcresi":"4 dakika"},"schema":{"@context":"https:\/\/schema.org","@graph":[{"@type":"Article","@id":"https:\/\/kibrisdakik.com\/?p=49958#article","isPartOf":{"@id":"https:\/\/kibrisdakik.com\/?p=49958"},"author":{"name":"admin","@id":"https:\/\/kibrisdakik.com\/#\/schema\/person\/9cd9d437bbb44f72b73ba127e06d8e79"},"headline":"\u201c15 Temmuz Demokrasi ve Milli Birlik G\u00fcn\u00fc\u201d nedeniyle Bo\u011faz \u015eehitli\u011fi\u2019nde t\u00f6ren d\u00fczenlendi","datePublished":"2024-07-15T14:19:25+00:00","mainEntityOfPage":{"@id":"https:\/\/kibrisdakik.com\/?p=49958"},"wordCount":815,"commentCount":0,"image":{"@id":"https:\/\/kibrisdakik.com\/?p=49958#primaryimage"},"thumbnailUrl":"https:\/\/kibrisdakik.com\/wp-content\/uploads\/2024\/07\/InShot_20240715_103800454-scaled-740x420.jpg","articleSection":["G\u00fcndem"],"inLanguage":"tr","potentialAction":[{"@type":"CommentAction","name":"Comment","target":["https:\/\/kibrisdakik.com\/?p=49958#respond"]}]},{"@type":"WebPage","@id":"https:\/\/kibrisdakik.com\/?p=49958","url":"https:\/\/kibrisdakik.com\/?p=49958","name":"\u201c15 Temmuz Demokrasi ve Milli Birlik G\u00fcn\u00fc\u201d nedeniyle Bo\u011faz \u015eehitli\u011fi\u2019nde t\u00f6ren d\u00fczenlendi -","isPartOf":{"@id":"https:\/\/kibrisdakik.com\/#website"},"primaryImageOfPage":{"@id":"https:\/\/kibrisdakik.com\/?p=49958#primaryimage"},"image":{"@id":"https:\/\/kibrisdakik.com\/?p=49958#primaryimage"},"thumbnailUrl":"https:\/\/kibrisdakik.com\/wp-content\/uploads\/2024\/07\/InShot_20240715_103800454-scaled-740x420.jpg","datePublished":"2024-07-15T14:19:25+00:00","author":{"@id":"https:\/\/kibrisdakik.com\/#\/schema\/person\/9cd9d437bbb44f72b73ba127e06d8e79"},"breadcrumb":{"@id":"https:\/\/kibrisdakik.com\/?p=49958#breadcrumb"},"inLanguage":"tr","potentialAction":[{"@type":"ReadAction","target":["https:\/\/kibrisdakik.com\/?p=49958"]}]},{"@type":"ImageObject","inLanguage":"tr","@id":"https:\/\/kibrisdakik.com\/?p=49958#primaryimage","url":"https:\/\/kibrisdakik.com\/wp-content\/uploads\/2024\/07\/InShot_20240715_103800454-scaled-740x420.jpg","contentUrl":"https:\/\/kibrisdakik.com\/wp-content\/uploads\/2024\/07\/InShot_20240715_103800454-scaled-740x420.jpg","width":2560,"height":1439},{"@type":"BreadcrumbList","@id":"https:\/\/kibrisdakik.com\/?p=49958#breadcrumb","itemListElement":[{"@type":"ListItem","position":1,"name":"Home","item":"https:\/\/kibrisdakik.com\/"},{"@type":"ListItem","position":2,"name":"\u201c15 Temmuz Demokrasi ve Milli Birlik G\u00fcn\u00fc\u201d nedeniyle Bo\u011faz \u015eehitli\u011fi\u2019nde t\u00f6ren d\u00fczenlendi"}]},{"@type":"WebSite","@id":"https:\/\/kibrisdakik.com\/#website","url":"https:\/\/kibrisdakik.com\/","name":"","description":"Tam vaktinde haber","potentialAction":[{"@type":"SearchAction","target":{"@type":"EntryPoint","urlTemplate":"https:\/\/kibrisdakik.com\/?s={search_term_string}"},"query-input":{"@type":"PropertyValueSpecification","valueRequired":true,"valueName":"search_term_string"}}],"inLanguage":"tr"},{"@type":"Person","@id":"https:\/\/kibrisdakik.com\/#\/schema\/person\/9cd9d437bbb44f72b73ba127e06d8e79","name":"admin","image":{"@type":"ImageObject","inLanguage":"tr","@id":"https:\/\/secure.gravatar.com\/avatar\/ccc17943b9d660506c869530f897617f7cb1c21a4bf30023f252596d83e1f007?s=96&d=mm&r=g","url":"https:\/\/secure.gravatar.com\/avatar\/ccc17943b9d660506c869530f897617f7cb1c21a4bf30023f252596d83e1f007?s=96&d=mm&r=g","contentUrl":"https:\/\/secure.gravatar.com\/avatar\/ccc17943b9d660506c869530f897617f7cb1c21a4bf30023f252596d83e1f007?s=96&d=mm&r=g","caption":"admin"},"sameAs":["https:\/\/kibrisdakik.com"],"url":"https:\/\/kibrisdakik.com\/?author=1"}]}},"_links":{"self":[{"href":"https:\/\/kibrisdakik.com\/index.php?rest_route=\/wp\/v2\/posts\/49958","targetHints":{"allow":["GET"]}}],"collection":[{"href":"https:\/\/kibrisdakik.com\/index.php?rest_route=\/wp\/v2\/posts"}],"about":[{"href":"https:\/\/kibrisdakik.com\/index.php?rest_route=\/wp\/v2\/types\/post"}],"author":[{"embeddable":true,"href":"https:\/\/kibrisdakik.com\/index.php?rest_route=\/wp\/v2\/users\/1"}],"replies":[{"embeddable":true,"href":"https:\/\/kibrisdakik.com\/index.php?rest_route=%2Fwp%2Fv2%2Fcomments&post=49958"}],"version-history":[{"count":0,"href":"https:\/\/kibrisdakik.com\/index.php?rest_route=\/wp\/v2\/posts\/49958\/revisions"}],"wp:featuredmedia":[{"embeddable":true,"href":"https:\/\/kibrisdakik.com\/index.php?rest_route=\/wp\/v2\/media\/49959"}],"wp:attachment":[{"href":"https:\/\/kibrisdakik.com\/index.php?rest_route=%2Fwp%2Fv2%2Fmedia&parent=49958"}],"wp:term":[{"taxonomy":"category","embeddable":true,"href":"https:\/\/kibrisdakik.com\/index.php?rest_route=%2Fwp%2Fv2%2Fcategories&post=49958"},{"taxonomy":"post_tag","embeddable":true,"href":"https:\/\/kibrisdakik.com\/index.php?rest_route=%2Fwp%2Fv2%2Ftags&post=49958"}],"curies":[{"name":"wp","href":"https:\/\/api.w.org\/{rel}","templated":true}]}}