{"id":49978,"date":"2024-07-15T17:24:10","date_gmt":"2024-07-15T17:24:10","guid":{"rendered":"https:\/\/kibrisdakik.com\/index.php\/2024\/07\/15\/tum-dron-ucuslari-ve-hava-sporlari-17-20-temmuz-donemi-yasak\/"},"modified":"2024-07-15T17:24:10","modified_gmt":"2024-07-15T17:24:10","slug":"tum-dron-ucuslari-ve-hava-sporlari-17-20-temmuz-donemi-yasak","status":"publish","type":"post","link":"https:\/\/kibrisdakik.com\/?p=49978","title":{"rendered":"T\u00fcm dron u\u00e7u\u015flar\u0131 ve hava sporlar\u0131 17-20 Temmuz d\u00f6nemi yasak"},"content":{"rendered":"<p><\/p>\n<div>\n<div class=\"mariselle-image-container center\">\n                <img loading=\"lazy\" decoding=\"async\" width=\"1016\" height=\"828\" class=\"lazy-image\" alt=\"\" sizes=\"auto, (max-width: 1016px) 100vw, 1016px\" src=\"https:\/\/brtk.net\/wp-content\/uploads\/2024\/07\/15\/308677714-227365899616016-1932410028485257970-n.jpg?ver=b34cdae718b975eb51bb25d0d6c0c044\" srcset=\"https:\/\/brtk.net\/wp-content\/uploads\/2024\/07\/15\/308677714-227365899616016-1932410028485257970-n.jpg?ver=b34cdae718b975eb51bb25d0d6c0c044 1016w, https:\/\/brtk.net\/wp-content\/uploads\/2024\/07\/15\/308677714-227365899616016-1932410028485257970-n-300x244.jpg?ver=b34cdae718b975eb51bb25d0d6c0c044 300w, https:\/\/brtk.net\/wp-content\/uploads\/2024\/07\/15\/308677714-227365899616016-1932410028485257970-n-768x626.jpg?ver=e5b30494673f581eba6d3e6b28fdfb77 768w\"\/>                            <\/div>\n<p>Bay\u0131nd\u0131rl\u0131k ve Ula\u015ft\u0131rma Bakanl\u0131\u011f\u0131\u2019na ba\u011fl\u0131 Sivil Havac\u0131l\u0131k Dairesi, \u00f6zel izinler d\u0131\u015f\u0131nda t\u00fcm dron u\u00e7u\u015flar\u0131 ve hava sporlar\u0131n\u0131n 17 Temmuz \u00c7ar\u015famba saat 05.45\u2019ten 20 Temmuz Cumartesi saat 19:59\u2019a kadar yasakland\u0131\u011f\u0131n\u0131 yay\u0131mlad\u0131\u011f\u0131 NOTAM ile duyurdu.<\/p>\n<p>Daire\u2019den yap\u0131lan a\u00e7\u0131klamada, \u201c20 Temmuz Bar\u0131\u015f ve \u00d6zg\u00fcrl\u00fck Bayram\u0131 kutlamalar\u0131 \u00e7er\u00e7evesinde T\u00fcrk Y\u0131ld\u0131zlar\u0131 taraf\u0131ndan yap\u0131lacak g\u00f6steri nedeniyle, verilen \u00f6zel izinler d\u0131\u015f\u0131nda t\u00fcm dron u\u00e7u\u015flar\u0131 ve hava sporlar\u0131, 17 Temmuz 2024 \u00c7ar\u015famba saat 05:45\u2019ten 20 Temmuz 2024 Cumartesi saat 19:59\u2019a kadar yasaklanm\u0131\u015ft\u0131r. S\u00f6z konusu yasak, 15 Temmuz 2024\u2019te (bug\u00fcn) SHD taraf\u0131ndan yay\u0131mlanan NOTAM ile havac\u0131lara duyurulmu\u015ftur.\u201d denildi.<\/p>\n<\/p><\/div>\n<p><script async\n                    defer\n                    crossorigin=\"anonymous\"\n                    src=\"https:\/\/connect.facebook.net\/tr_TR\/sdk.js#xfbml=1&#038;version=v3.3\"\n            ><\/script><\/p>\n","protected":false},"excerpt":{"rendered":"<p>Bay\u0131nd\u0131rl\u0131k ve Ula\u015ft\u0131rma Bakanl\u0131\u011f\u0131\u2019na ba\u011fl\u0131 Sivil Havac\u0131l\u0131k Dairesi, \u00f6zel izinler d\u0131\u015f\u0131nda t\u00fcm dron u\u00e7u\u015flar\u0131 ve hava sporlar\u0131n\u0131n 17 Temmuz \u00c7ar\u015famba saat 05.45\u2019ten 20 Temmuz Cumartesi saat 19:59\u2019a kadar yasakland\u0131\u011f\u0131n\u0131 yay\u0131mlad\u0131\u011f\u0131 NOTAM ile duyurdu. Daire\u2019den yap\u0131lan a\u00e7\u0131klamada, \u201c20 Temmuz Bar\u0131\u015f ve \u00d6zg\u00fcrl\u00fck Bayram\u0131 kutlamalar\u0131 \u00e7er\u00e7evesinde T\u00fcrk Y\u0131ld\u0131zlar\u0131 taraf\u0131ndan yap\u0131lacak g\u00f6steri nedeniyle, verilen \u00f6zel izinler d\u0131\u015f\u0131nda t\u00fcm<\/p>\n","protected":false},"author":1,"featured_media":49979,"comment_status":"open","ping_status":"open","sticky":false,"template":"","format":"standard","meta":{"footnotes":""},"categories":[1],"tags":[],"class_list":["post-49978","post","type-post","status-publish","format-standard","has-post-thumbnail","hentry","category-gundem"],"yoast_head":"<!-- This site is optimized with the Yoast SEO plugin v27.5 - https:\/\/yoast.com\/product\/yoast-seo-wordpress\/ -->\n<title>T\u00fcm dron u\u00e7u\u015flar\u0131 ve hava sporlar\u0131 17-20 Temmuz d\u00f6nemi yasak -<\/title>\n<meta name=\"robots\" content=\"index, follow, max-snippet:-1, max-image-preview:large, max-video-preview:-1\" \/>\n<link rel=\"canonical\" href=\"https:\/\/kibrisdakik.com\/?p=49978\" \/>\n<meta property=\"og:locale\" content=\"tr_TR\" \/>\n<meta property=\"og:type\" content=\"article\" \/>\n<meta property=\"og:title\" content=\"T\u00fcm dron u\u00e7u\u015flar\u0131 ve hava sporlar\u0131 17-20 Temmuz d\u00f6nemi yasak -\" \/>\n<meta property=\"og:description\" content=\"Bay\u0131nd\u0131rl\u0131k ve Ula\u015ft\u0131rma Bakanl\u0131\u011f\u0131\u2019na ba\u011fl\u0131 Sivil Havac\u0131l\u0131k Dairesi, \u00f6zel izinler d\u0131\u015f\u0131nda t\u00fcm dron u\u00e7u\u015flar\u0131 ve hava sporlar\u0131n\u0131n 17 Temmuz \u00c7ar\u015famba saat 05.45\u2019ten 20 Temmuz Cumartesi saat 19:59\u2019a kadar yasakland\u0131\u011f\u0131n\u0131 yay\u0131mlad\u0131\u011f\u0131 NOTAM ile duyurdu. Daire\u2019den yap\u0131lan a\u00e7\u0131klamada, \u201c20 Temmuz Bar\u0131\u015f ve \u00d6zg\u00fcrl\u00fck Bayram\u0131 kutlamalar\u0131 \u00e7er\u00e7evesinde T\u00fcrk Y\u0131ld\u0131zlar\u0131 taraf\u0131ndan yap\u0131lacak g\u00f6steri nedeniyle, verilen \u00f6zel izinler d\u0131\u015f\u0131nda t\u00fcm\" \/>\n<meta property=\"og:url\" content=\"https:\/\/kibrisdakik.com\/?p=49978\" \/>\n<meta property=\"article:published_time\" content=\"2024-07-15T17:24:10+00:00\" \/>\n<meta property=\"og:image\" content=\"https:\/\/kibrisdakik.com\/wp-content\/uploads\/2024\/07\/Drone-image-1096x620-1-740x420.jpg\" \/>\n\t<meta property=\"og:image:width\" content=\"1096\" \/>\n\t<meta property=\"og:image:height\" content=\"620\" \/>\n\t<meta property=\"og:image:type\" content=\"image\/jpeg\" \/>\n<meta name=\"author\" content=\"admin\" \/>\n<meta name=\"twitter:card\" content=\"summary_large_image\" \/>\n<meta name=\"twitter:label1\" content=\"Yazan:\" \/>\n\t<meta name=\"twitter:data1\" content=\"admin\" \/>\n\t<meta name=\"twitter:label2\" content=\"Tahmini okuma s\u00fcresi\" \/>\n\t<meta name=\"twitter:data2\" content=\"1 dakika\" \/>\n<script type=\"application\/ld+json\" class=\"yoast-schema-graph\">{\"@context\":\"https:\\\/\\\/schema.org\",\"@graph\":[{\"@type\":\"Article\",\"@id\":\"https:\\\/\\\/kibrisdakik.com\\\/?p=49978#article\",\"isPartOf\":{\"@id\":\"https:\\\/\\\/kibrisdakik.com\\\/?p=49978\"},\"author\":{\"name\":\"admin\",\"@id\":\"https:\\\/\\\/kibrisdakik.com\\\/#\\\/schema\\\/person\\\/9cd9d437bbb44f72b73ba127e06d8e79\"},\"headline\":\"T\u00fcm dron u\u00e7u\u015flar\u0131 ve hava sporlar\u0131 17-20 Temmuz d\u00f6nemi yasak\",\"datePublished\":\"2024-07-15T17:24:10+00:00\",\"mainEntityOfPage\":{\"@id\":\"https:\\\/\\\/kibrisdakik.com\\\/?p=49978\"},\"wordCount\":138,\"commentCount\":0,\"image\":{\"@id\":\"https:\\\/\\\/kibrisdakik.com\\\/?p=49978#primaryimage\"},\"thumbnailUrl\":\"https:\\\/\\\/kibrisdakik.com\\\/wp-content\\\/uploads\\\/2024\\\/07\\\/Drone-image-1096x620-1-740x420.jpg\",\"articleSection\":[\"G\u00fcndem\"],\"inLanguage\":\"tr\",\"potentialAction\":[{\"@type\":\"CommentAction\",\"name\":\"Comment\",\"target\":[\"https:\\\/\\\/kibrisdakik.com\\\/?p=49978#respond\"]}]},{\"@type\":\"WebPage\",\"@id\":\"https:\\\/\\\/kibrisdakik.com\\\/?p=49978\",\"url\":\"https:\\\/\\\/kibrisdakik.com\\\/?p=49978\",\"name\":\"T\u00fcm dron u\u00e7u\u015flar\u0131 ve hava sporlar\u0131 17-20 Temmuz d\u00f6nemi yasak -\",\"isPartOf\":{\"@id\":\"https:\\\/\\\/kibrisdakik.com\\\/#website\"},\"primaryImageOfPage\":{\"@id\":\"https:\\\/\\\/kibrisdakik.com\\\/?p=49978#primaryimage\"},\"image\":{\"@id\":\"https:\\\/\\\/kibrisdakik.com\\\/?p=49978#primaryimage\"},\"thumbnailUrl\":\"https:\\\/\\\/kibrisdakik.com\\\/wp-content\\\/uploads\\\/2024\\\/07\\\/Drone-image-1096x620-1-740x420.jpg\",\"datePublished\":\"2024-07-15T17:24:10+00:00\",\"author\":{\"@id\":\"https:\\\/\\\/kibrisdakik.com\\\/#\\\/schema\\\/person\\\/9cd9d437bbb44f72b73ba127e06d8e79\"},\"breadcrumb\":{\"@id\":\"https:\\\/\\\/kibrisdakik.com\\\/?p=49978#breadcrumb\"},\"inLanguage\":\"tr\",\"potentialAction\":[{\"@type\":\"ReadAction\",\"target\":[\"https:\\\/\\\/kibrisdakik.com\\\/?p=49978\"]}]},{\"@type\":\"ImageObject\",\"inLanguage\":\"tr\",\"@id\":\"https:\\\/\\\/kibrisdakik.com\\\/?p=49978#primaryimage\",\"url\":\"https:\\\/\\\/kibrisdakik.com\\\/wp-content\\\/uploads\\\/2024\\\/07\\\/Drone-image-1096x620-1-740x420.jpg\",\"contentUrl\":\"https:\\\/\\\/kibrisdakik.com\\\/wp-content\\\/uploads\\\/2024\\\/07\\\/Drone-image-1096x620-1-740x420.jpg\",\"width\":1096,\"height\":620},{\"@type\":\"BreadcrumbList\",\"@id\":\"https:\\\/\\\/kibrisdakik.com\\\/?p=49978#breadcrumb\",\"itemListElement\":[{\"@type\":\"ListItem\",\"position\":1,\"name\":\"Home\",\"item\":\"https:\\\/\\\/kibrisdakik.com\\\/\"},{\"@type\":\"ListItem\",\"position\":2,\"name\":\"T\u00fcm dron u\u00e7u\u015flar\u0131 ve hava sporlar\u0131 17-20 Temmuz d\u00f6nemi yasak\"}]},{\"@type\":\"WebSite\",\"@id\":\"https:\\\/\\\/kibrisdakik.com\\\/#website\",\"url\":\"https:\\\/\\\/kibrisdakik.com\\\/\",\"name\":\"\",\"description\":\"Tam vaktinde haber\",\"potentialAction\":[{\"@type\":\"SearchAction\",\"target\":{\"@type\":\"EntryPoint\",\"urlTemplate\":\"https:\\\/\\\/kibrisdakik.com\\\/?s={search_term_string}\"},\"query-input\":{\"@type\":\"PropertyValueSpecification\",\"valueRequired\":true,\"valueName\":\"search_term_string\"}}],\"inLanguage\":\"tr\"},{\"@type\":\"Person\",\"@id\":\"https:\\\/\\\/kibrisdakik.com\\\/#\\\/schema\\\/person\\\/9cd9d437bbb44f72b73ba127e06d8e79\",\"name\":\"admin\",\"image\":{\"@type\":\"ImageObject\",\"inLanguage\":\"tr\",\"@id\":\"https:\\\/\\\/secure.gravatar.com\\\/avatar\\\/ccc17943b9d660506c869530f897617f7cb1c21a4bf30023f252596d83e1f007?s=96&d=mm&r=g\",\"url\":\"https:\\\/\\\/secure.gravatar.com\\\/avatar\\\/ccc17943b9d660506c869530f897617f7cb1c21a4bf30023f252596d83e1f007?s=96&d=mm&r=g\",\"contentUrl\":\"https:\\\/\\\/secure.gravatar.com\\\/avatar\\\/ccc17943b9d660506c869530f897617f7cb1c21a4bf30023f252596d83e1f007?s=96&d=mm&r=g\",\"caption\":\"admin\"},\"sameAs\":[\"https:\\\/\\\/kibrisdakik.com\"],\"url\":\"https:\\\/\\\/kibrisdakik.com\\\/?author=1\"}]}<\/script>\n<!-- \/ Yoast SEO plugin. -->","yoast_head_json":{"title":"T\u00fcm dron u\u00e7u\u015flar\u0131 ve hava sporlar\u0131 17-20 Temmuz d\u00f6nemi yasak -","robots":{"index":"index","follow":"follow","max-snippet":"max-snippet:-1","max-image-preview":"max-image-preview:large","max-video-preview":"max-video-preview:-1"},"canonical":"https:\/\/kibrisdakik.com\/?p=49978","og_locale":"tr_TR","og_type":"article","og_title":"T\u00fcm dron u\u00e7u\u015flar\u0131 ve hava sporlar\u0131 17-20 Temmuz d\u00f6nemi yasak -","og_description":"Bay\u0131nd\u0131rl\u0131k ve Ula\u015ft\u0131rma Bakanl\u0131\u011f\u0131\u2019na ba\u011fl\u0131 Sivil Havac\u0131l\u0131k Dairesi, \u00f6zel izinler d\u0131\u015f\u0131nda t\u00fcm dron u\u00e7u\u015flar\u0131 ve hava sporlar\u0131n\u0131n 17 Temmuz \u00c7ar\u015famba saat 05.45\u2019ten 20 Temmuz Cumartesi saat 19:59\u2019a kadar yasakland\u0131\u011f\u0131n\u0131 yay\u0131mlad\u0131\u011f\u0131 NOTAM ile duyurdu. Daire\u2019den yap\u0131lan a\u00e7\u0131klamada, \u201c20 Temmuz Bar\u0131\u015f ve \u00d6zg\u00fcrl\u00fck Bayram\u0131 kutlamalar\u0131 \u00e7er\u00e7evesinde T\u00fcrk Y\u0131ld\u0131zlar\u0131 taraf\u0131ndan yap\u0131lacak g\u00f6steri nedeniyle, verilen \u00f6zel izinler d\u0131\u015f\u0131nda t\u00fcm","og_url":"https:\/\/kibrisdakik.com\/?p=49978","article_published_time":"2024-07-15T17:24:10+00:00","og_image":[{"width":1096,"height":620,"url":"https:\/\/kibrisdakik.com\/wp-content\/uploads\/2024\/07\/Drone-image-1096x620-1-740x420.jpg","type":"image\/jpeg"}],"author":"admin","twitter_card":"summary_large_image","twitter_misc":{"Yazan:":"admin","Tahmini okuma s\u00fcresi":"1 dakika"},"schema":{"@context":"https:\/\/schema.org","@graph":[{"@type":"Article","@id":"https:\/\/kibrisdakik.com\/?p=49978#article","isPartOf":{"@id":"https:\/\/kibrisdakik.com\/?p=49978"},"author":{"name":"admin","@id":"https:\/\/kibrisdakik.com\/#\/schema\/person\/9cd9d437bbb44f72b73ba127e06d8e79"},"headline":"T\u00fcm dron u\u00e7u\u015flar\u0131 ve hava sporlar\u0131 17-20 Temmuz d\u00f6nemi yasak","datePublished":"2024-07-15T17:24:10+00:00","mainEntityOfPage":{"@id":"https:\/\/kibrisdakik.com\/?p=49978"},"wordCount":138,"commentCount":0,"image":{"@id":"https:\/\/kibrisdakik.com\/?p=49978#primaryimage"},"thumbnailUrl":"https:\/\/kibrisdakik.com\/wp-content\/uploads\/2024\/07\/Drone-image-1096x620-1-740x420.jpg","articleSection":["G\u00fcndem"],"inLanguage":"tr","potentialAction":[{"@type":"CommentAction","name":"Comment","target":["https:\/\/kibrisdakik.com\/?p=49978#respond"]}]},{"@type":"WebPage","@id":"https:\/\/kibrisdakik.com\/?p=49978","url":"https:\/\/kibrisdakik.com\/?p=49978","name":"T\u00fcm dron u\u00e7u\u015flar\u0131 ve hava sporlar\u0131 17-20 Temmuz d\u00f6nemi yasak -","isPartOf":{"@id":"https:\/\/kibrisdakik.com\/#website"},"primaryImageOfPage":{"@id":"https:\/\/kibrisdakik.com\/?p=49978#primaryimage"},"image":{"@id":"https:\/\/kibrisdakik.com\/?p=49978#primaryimage"},"thumbnailUrl":"https:\/\/kibrisdakik.com\/wp-content\/uploads\/2024\/07\/Drone-image-1096x620-1-740x420.jpg","datePublished":"2024-07-15T17:24:10+00:00","author":{"@id":"https:\/\/kibrisdakik.com\/#\/schema\/person\/9cd9d437bbb44f72b73ba127e06d8e79"},"breadcrumb":{"@id":"https:\/\/kibrisdakik.com\/?p=49978#breadcrumb"},"inLanguage":"tr","potentialAction":[{"@type":"ReadAction","target":["https:\/\/kibrisdakik.com\/?p=49978"]}]},{"@type":"ImageObject","inLanguage":"tr","@id":"https:\/\/kibrisdakik.com\/?p=49978#primaryimage","url":"https:\/\/kibrisdakik.com\/wp-content\/uploads\/2024\/07\/Drone-image-1096x620-1-740x420.jpg","contentUrl":"https:\/\/kibrisdakik.com\/wp-content\/uploads\/2024\/07\/Drone-image-1096x620-1-740x420.jpg","width":1096,"height":620},{"@type":"BreadcrumbList","@id":"https:\/\/kibrisdakik.com\/?p=49978#breadcrumb","itemListElement":[{"@type":"ListItem","position":1,"name":"Home","item":"https:\/\/kibrisdakik.com\/"},{"@type":"ListItem","position":2,"name":"T\u00fcm dron u\u00e7u\u015flar\u0131 ve hava sporlar\u0131 17-20 Temmuz d\u00f6nemi yasak"}]},{"@type":"WebSite","@id":"https:\/\/kibrisdakik.com\/#website","url":"https:\/\/kibrisdakik.com\/","name":"","description":"Tam vaktinde haber","potentialAction":[{"@type":"SearchAction","target":{"@type":"EntryPoint","urlTemplate":"https:\/\/kibrisdakik.com\/?s={search_term_string}"},"query-input":{"@type":"PropertyValueSpecification","valueRequired":true,"valueName":"search_term_string"}}],"inLanguage":"tr"},{"@type":"Person","@id":"https:\/\/kibrisdakik.com\/#\/schema\/person\/9cd9d437bbb44f72b73ba127e06d8e79","name":"admin","image":{"@type":"ImageObject","inLanguage":"tr","@id":"https:\/\/secure.gravatar.com\/avatar\/ccc17943b9d660506c869530f897617f7cb1c21a4bf30023f252596d83e1f007?s=96&d=mm&r=g","url":"https:\/\/secure.gravatar.com\/avatar\/ccc17943b9d660506c869530f897617f7cb1c21a4bf30023f252596d83e1f007?s=96&d=mm&r=g","contentUrl":"https:\/\/secure.gravatar.com\/avatar\/ccc17943b9d660506c869530f897617f7cb1c21a4bf30023f252596d83e1f007?s=96&d=mm&r=g","caption":"admin"},"sameAs":["https:\/\/kibrisdakik.com"],"url":"https:\/\/kibrisdakik.com\/?author=1"}]}},"_links":{"self":[{"href":"https:\/\/kibrisdakik.com\/index.php?rest_route=\/wp\/v2\/posts\/49978","targetHints":{"allow":["GET"]}}],"collection":[{"href":"https:\/\/kibrisdakik.com\/index.php?rest_route=\/wp\/v2\/posts"}],"about":[{"href":"https:\/\/kibrisdakik.com\/index.php?rest_route=\/wp\/v2\/types\/post"}],"author":[{"embeddable":true,"href":"https:\/\/kibrisdakik.com\/index.php?rest_route=\/wp\/v2\/users\/1"}],"replies":[{"embeddable":true,"href":"https:\/\/kibrisdakik.com\/index.php?rest_route=%2Fwp%2Fv2%2Fcomments&post=49978"}],"version-history":[{"count":0,"href":"https:\/\/kibrisdakik.com\/index.php?rest_route=\/wp\/v2\/posts\/49978\/revisions"}],"wp:featuredmedia":[{"embeddable":true,"href":"https:\/\/kibrisdakik.com\/index.php?rest_route=\/wp\/v2\/media\/49979"}],"wp:attachment":[{"href":"https:\/\/kibrisdakik.com\/index.php?rest_route=%2Fwp%2Fv2%2Fmedia&parent=49978"}],"wp:term":[{"taxonomy":"category","embeddable":true,"href":"https:\/\/kibrisdakik.com\/index.php?rest_route=%2Fwp%2Fv2%2Fcategories&post=49978"},{"taxonomy":"post_tag","embeddable":true,"href":"https:\/\/kibrisdakik.com\/index.php?rest_route=%2Fwp%2Fv2%2Ftags&post=49978"}],"curies":[{"name":"wp","href":"https:\/\/api.w.org\/{rel}","templated":true}]}}