{"id":50057,"date":"2024-07-16T09:40:38","date_gmt":"2024-07-16T09:40:38","guid":{"rendered":"https:\/\/kibrisdakik.com\/index.php\/2024\/07\/16\/topcukoy-sehitleri-pazartesi-gunu-anilacak\/"},"modified":"2024-07-16T09:40:38","modified_gmt":"2024-07-16T09:40:38","slug":"topcukoy-sehitleri-pazartesi-gunu-anilacak","status":"publish","type":"post","link":"https:\/\/kibrisdakik.com\/?p=50057","title":{"rendered":"Top\u00e7uk\u00f6y \u015eehitleri pazartesi g\u00fcn\u00fc an\u0131lacak"},"content":{"rendered":"<p><\/p>\n<div>\n<div class=\"mariselle-image-container center\">\n                <img loading=\"lazy\" decoding=\"async\" width=\"630\" height=\"288\" class=\"lazy-image\" alt=\"\" sizes=\"auto, (max-width: 630px) 100vw, 630px\" src=\"https:\/\/brtk.net\/wp-content\/uploads\/2023\/07\/17\/topcukoy-sehitleri-anildi.jpg?ver=11f9de3f5e9c96717e56080d5e479882\" srcset=\"https:\/\/brtk.net\/wp-content\/uploads\/2023\/07\/17\/topcukoy-sehitleri-anildi.jpg?ver=11f9de3f5e9c96717e56080d5e479882 630w, https:\/\/brtk.net\/wp-content\/uploads\/2023\/07\/17\/topcukoy-sehitleri-anildi-300x137.jpg?ver=ed12993481dcd535ffb917ecad24d50c 300w\"\/>                            <\/div>\n<p>Milli m\u00fccadele y\u0131llar\u0131 ile 1974 Bar\u0131\u015f Harekat\u0131 s\u0131ras\u0131nda \u015fehit olan Top\u00e7uk\u00f6yl\u00fc 9 K\u0131br\u0131sl\u0131 T\u00fcrk, 22 Temmuz Pazartesi g\u00fcn\u00fc an\u0131lacak.<\/p>\n<p>\u0130skele Kaymakaml\u0131\u011f\u0131\u2019ndan yap\u0131lan a\u00e7\u0131klamaya g\u00f6re, Top\u00e7uk\u00f6y \u015eehitli\u011fi\u2019nde saat 18.30\u2019da ba\u015flayacak t\u00f6rende, protokol s\u0131ras\u0131na g\u00f6re an\u0131ta \u00e7elenkler konulacak.<\/p>\n<p>Sayg\u0131 duru\u015fu, sayg\u0131 at\u0131\u015f\u0131 ve \u0130stiklal Mar\u015f\u0131 ile bayraklar\u0131n g\u00f6ndere \u00e7ekilmesinin ard\u0131ndan konu\u015fmalar yap\u0131lacak, \u015fiirler okunacak.<\/p>\n<p>T\u00f6ren, \u015fehitler i\u00e7in dua okunmas\u0131yla tamamlanacak.<\/p>\n<\/p><\/div>\n<p><script async\n                    defer\n                    crossorigin=\"anonymous\"\n                    src=\"https:\/\/connect.facebook.net\/tr_TR\/sdk.js#xfbml=1&#038;version=v3.3\"\n            ><\/script><\/p>\n","protected":false},"excerpt":{"rendered":"<p>Milli m\u00fccadele y\u0131llar\u0131 ile 1974 Bar\u0131\u015f Harekat\u0131 s\u0131ras\u0131nda \u015fehit olan Top\u00e7uk\u00f6yl\u00fc 9 K\u0131br\u0131sl\u0131 T\u00fcrk, 22 Temmuz Pazartesi g\u00fcn\u00fc an\u0131lacak. \u0130skele Kaymakaml\u0131\u011f\u0131\u2019ndan yap\u0131lan a\u00e7\u0131klamaya g\u00f6re, Top\u00e7uk\u00f6y \u015eehitli\u011fi\u2019nde saat 18.30\u2019da ba\u015flayacak t\u00f6rende, protokol s\u0131ras\u0131na g\u00f6re an\u0131ta \u00e7elenkler konulacak. Sayg\u0131 duru\u015fu, sayg\u0131 at\u0131\u015f\u0131 ve \u0130stiklal Mar\u015f\u0131 ile bayraklar\u0131n g\u00f6ndere \u00e7ekilmesinin ard\u0131ndan konu\u015fmalar yap\u0131lacak, \u015fiirler okunacak. T\u00f6ren, \u015fehitler i\u00e7in<\/p>\n","protected":false},"author":1,"featured_media":50058,"comment_status":"open","ping_status":"open","sticky":false,"template":"","format":"standard","meta":{"footnotes":""},"categories":[1],"tags":[],"class_list":["post-50057","post","type-post","status-publish","format-standard","has-post-thumbnail","hentry","category-gundem"],"yoast_head":"<!-- This site is optimized with the Yoast SEO plugin v27.4 - https:\/\/yoast.com\/product\/yoast-seo-wordpress\/ -->\n<title>Top\u00e7uk\u00f6y \u015eehitleri pazartesi g\u00fcn\u00fc an\u0131lacak -<\/title>\n<meta name=\"robots\" content=\"index, follow, max-snippet:-1, max-image-preview:large, max-video-preview:-1\" \/>\n<link rel=\"canonical\" href=\"https:\/\/kibrisdakik.com\/?p=50057\" \/>\n<meta property=\"og:locale\" content=\"tr_TR\" \/>\n<meta property=\"og:type\" content=\"article\" \/>\n<meta property=\"og:title\" content=\"Top\u00e7uk\u00f6y \u015eehitleri pazartesi g\u00fcn\u00fc an\u0131lacak -\" \/>\n<meta property=\"og:description\" content=\"Milli m\u00fccadele y\u0131llar\u0131 ile 1974 Bar\u0131\u015f Harekat\u0131 s\u0131ras\u0131nda \u015fehit olan Top\u00e7uk\u00f6yl\u00fc 9 K\u0131br\u0131sl\u0131 T\u00fcrk, 22 Temmuz Pazartesi g\u00fcn\u00fc an\u0131lacak. \u0130skele Kaymakaml\u0131\u011f\u0131\u2019ndan yap\u0131lan a\u00e7\u0131klamaya g\u00f6re, Top\u00e7uk\u00f6y \u015eehitli\u011fi\u2019nde saat 18.30\u2019da ba\u015flayacak t\u00f6rende, protokol s\u0131ras\u0131na g\u00f6re an\u0131ta \u00e7elenkler konulacak. Sayg\u0131 duru\u015fu, sayg\u0131 at\u0131\u015f\u0131 ve \u0130stiklal Mar\u015f\u0131 ile bayraklar\u0131n g\u00f6ndere \u00e7ekilmesinin ard\u0131ndan konu\u015fmalar yap\u0131lacak, \u015fiirler okunacak. T\u00f6ren, \u015fehitler i\u00e7in\" \/>\n<meta property=\"og:url\" content=\"https:\/\/kibrisdakik.com\/?p=50057\" \/>\n<meta property=\"article:published_time\" content=\"2024-07-16T09:40:38+00:00\" \/>\n<meta property=\"og:image\" content=\"https:\/\/kibrisdakik.com\/wp-content\/uploads\/2024\/07\/topcukoy-sehitleri-anildi.jpg\" \/>\n\t<meta property=\"og:image:width\" content=\"630\" \/>\n\t<meta property=\"og:image:height\" content=\"288\" \/>\n\t<meta property=\"og:image:type\" content=\"image\/jpeg\" \/>\n<meta name=\"author\" content=\"admin\" \/>\n<meta name=\"twitter:card\" content=\"summary_large_image\" \/>\n<meta name=\"twitter:label1\" content=\"Yazan:\" \/>\n\t<meta name=\"twitter:data1\" content=\"admin\" \/>\n<script type=\"application\/ld+json\" class=\"yoast-schema-graph\">{\"@context\":\"https:\\\/\\\/schema.org\",\"@graph\":[{\"@type\":\"Article\",\"@id\":\"https:\\\/\\\/kibrisdakik.com\\\/?p=50057#article\",\"isPartOf\":{\"@id\":\"https:\\\/\\\/kibrisdakik.com\\\/?p=50057\"},\"author\":{\"name\":\"admin\",\"@id\":\"https:\\\/\\\/kibrisdakik.com\\\/#\\\/schema\\\/person\\\/9cd9d437bbb44f72b73ba127e06d8e79\"},\"headline\":\"Top\u00e7uk\u00f6y \u015eehitleri pazartesi g\u00fcn\u00fc an\u0131lacak\",\"datePublished\":\"2024-07-16T09:40:38+00:00\",\"mainEntityOfPage\":{\"@id\":\"https:\\\/\\\/kibrisdakik.com\\\/?p=50057\"},\"wordCount\":98,\"commentCount\":0,\"image\":{\"@id\":\"https:\\\/\\\/kibrisdakik.com\\\/?p=50057#primaryimage\"},\"thumbnailUrl\":\"https:\\\/\\\/kibrisdakik.com\\\/wp-content\\\/uploads\\\/2024\\\/07\\\/topcukoy-sehitleri-anildi.jpg\",\"articleSection\":[\"G\u00fcndem\"],\"inLanguage\":\"tr\",\"potentialAction\":[{\"@type\":\"CommentAction\",\"name\":\"Comment\",\"target\":[\"https:\\\/\\\/kibrisdakik.com\\\/?p=50057#respond\"]}]},{\"@type\":\"WebPage\",\"@id\":\"https:\\\/\\\/kibrisdakik.com\\\/?p=50057\",\"url\":\"https:\\\/\\\/kibrisdakik.com\\\/?p=50057\",\"name\":\"Top\u00e7uk\u00f6y \u015eehitleri pazartesi g\u00fcn\u00fc an\u0131lacak -\",\"isPartOf\":{\"@id\":\"https:\\\/\\\/kibrisdakik.com\\\/#website\"},\"primaryImageOfPage\":{\"@id\":\"https:\\\/\\\/kibrisdakik.com\\\/?p=50057#primaryimage\"},\"image\":{\"@id\":\"https:\\\/\\\/kibrisdakik.com\\\/?p=50057#primaryimage\"},\"thumbnailUrl\":\"https:\\\/\\\/kibrisdakik.com\\\/wp-content\\\/uploads\\\/2024\\\/07\\\/topcukoy-sehitleri-anildi.jpg\",\"datePublished\":\"2024-07-16T09:40:38+00:00\",\"author\":{\"@id\":\"https:\\\/\\\/kibrisdakik.com\\\/#\\\/schema\\\/person\\\/9cd9d437bbb44f72b73ba127e06d8e79\"},\"breadcrumb\":{\"@id\":\"https:\\\/\\\/kibrisdakik.com\\\/?p=50057#breadcrumb\"},\"inLanguage\":\"tr\",\"potentialAction\":[{\"@type\":\"ReadAction\",\"target\":[\"https:\\\/\\\/kibrisdakik.com\\\/?p=50057\"]}]},{\"@type\":\"ImageObject\",\"inLanguage\":\"tr\",\"@id\":\"https:\\\/\\\/kibrisdakik.com\\\/?p=50057#primaryimage\",\"url\":\"https:\\\/\\\/kibrisdakik.com\\\/wp-content\\\/uploads\\\/2024\\\/07\\\/topcukoy-sehitleri-anildi.jpg\",\"contentUrl\":\"https:\\\/\\\/kibrisdakik.com\\\/wp-content\\\/uploads\\\/2024\\\/07\\\/topcukoy-sehitleri-anildi.jpg\",\"width\":630,\"height\":288},{\"@type\":\"BreadcrumbList\",\"@id\":\"https:\\\/\\\/kibrisdakik.com\\\/?p=50057#breadcrumb\",\"itemListElement\":[{\"@type\":\"ListItem\",\"position\":1,\"name\":\"Home\",\"item\":\"https:\\\/\\\/kibrisdakik.com\\\/\"},{\"@type\":\"ListItem\",\"position\":2,\"name\":\"Top\u00e7uk\u00f6y \u015eehitleri pazartesi g\u00fcn\u00fc an\u0131lacak\"}]},{\"@type\":\"WebSite\",\"@id\":\"https:\\\/\\\/kibrisdakik.com\\\/#website\",\"url\":\"https:\\\/\\\/kibrisdakik.com\\\/\",\"name\":\"\",\"description\":\"Tam vaktinde haber\",\"potentialAction\":[{\"@type\":\"SearchAction\",\"target\":{\"@type\":\"EntryPoint\",\"urlTemplate\":\"https:\\\/\\\/kibrisdakik.com\\\/?s={search_term_string}\"},\"query-input\":{\"@type\":\"PropertyValueSpecification\",\"valueRequired\":true,\"valueName\":\"search_term_string\"}}],\"inLanguage\":\"tr\"},{\"@type\":\"Person\",\"@id\":\"https:\\\/\\\/kibrisdakik.com\\\/#\\\/schema\\\/person\\\/9cd9d437bbb44f72b73ba127e06d8e79\",\"name\":\"admin\",\"image\":{\"@type\":\"ImageObject\",\"inLanguage\":\"tr\",\"@id\":\"https:\\\/\\\/secure.gravatar.com\\\/avatar\\\/ccc17943b9d660506c869530f897617f7cb1c21a4bf30023f252596d83e1f007?s=96&d=mm&r=g\",\"url\":\"https:\\\/\\\/secure.gravatar.com\\\/avatar\\\/ccc17943b9d660506c869530f897617f7cb1c21a4bf30023f252596d83e1f007?s=96&d=mm&r=g\",\"contentUrl\":\"https:\\\/\\\/secure.gravatar.com\\\/avatar\\\/ccc17943b9d660506c869530f897617f7cb1c21a4bf30023f252596d83e1f007?s=96&d=mm&r=g\",\"caption\":\"admin\"},\"sameAs\":[\"https:\\\/\\\/kibrisdakik.com\"],\"url\":\"https:\\\/\\\/kibrisdakik.com\\\/?author=1\"}]}<\/script>\n<!-- \/ Yoast SEO plugin. -->","yoast_head_json":{"title":"Top\u00e7uk\u00f6y \u015eehitleri pazartesi g\u00fcn\u00fc an\u0131lacak -","robots":{"index":"index","follow":"follow","max-snippet":"max-snippet:-1","max-image-preview":"max-image-preview:large","max-video-preview":"max-video-preview:-1"},"canonical":"https:\/\/kibrisdakik.com\/?p=50057","og_locale":"tr_TR","og_type":"article","og_title":"Top\u00e7uk\u00f6y \u015eehitleri pazartesi g\u00fcn\u00fc an\u0131lacak -","og_description":"Milli m\u00fccadele y\u0131llar\u0131 ile 1974 Bar\u0131\u015f Harekat\u0131 s\u0131ras\u0131nda \u015fehit olan Top\u00e7uk\u00f6yl\u00fc 9 K\u0131br\u0131sl\u0131 T\u00fcrk, 22 Temmuz Pazartesi g\u00fcn\u00fc an\u0131lacak. \u0130skele Kaymakaml\u0131\u011f\u0131\u2019ndan yap\u0131lan a\u00e7\u0131klamaya g\u00f6re, Top\u00e7uk\u00f6y \u015eehitli\u011fi\u2019nde saat 18.30\u2019da ba\u015flayacak t\u00f6rende, protokol s\u0131ras\u0131na g\u00f6re an\u0131ta \u00e7elenkler konulacak. Sayg\u0131 duru\u015fu, sayg\u0131 at\u0131\u015f\u0131 ve \u0130stiklal Mar\u015f\u0131 ile bayraklar\u0131n g\u00f6ndere \u00e7ekilmesinin ard\u0131ndan konu\u015fmalar yap\u0131lacak, \u015fiirler okunacak. T\u00f6ren, \u015fehitler i\u00e7in","og_url":"https:\/\/kibrisdakik.com\/?p=50057","article_published_time":"2024-07-16T09:40:38+00:00","og_image":[{"width":630,"height":288,"url":"https:\/\/kibrisdakik.com\/wp-content\/uploads\/2024\/07\/topcukoy-sehitleri-anildi.jpg","type":"image\/jpeg"}],"author":"admin","twitter_card":"summary_large_image","twitter_misc":{"Yazan:":"admin"},"schema":{"@context":"https:\/\/schema.org","@graph":[{"@type":"Article","@id":"https:\/\/kibrisdakik.com\/?p=50057#article","isPartOf":{"@id":"https:\/\/kibrisdakik.com\/?p=50057"},"author":{"name":"admin","@id":"https:\/\/kibrisdakik.com\/#\/schema\/person\/9cd9d437bbb44f72b73ba127e06d8e79"},"headline":"Top\u00e7uk\u00f6y \u015eehitleri pazartesi g\u00fcn\u00fc an\u0131lacak","datePublished":"2024-07-16T09:40:38+00:00","mainEntityOfPage":{"@id":"https:\/\/kibrisdakik.com\/?p=50057"},"wordCount":98,"commentCount":0,"image":{"@id":"https:\/\/kibrisdakik.com\/?p=50057#primaryimage"},"thumbnailUrl":"https:\/\/kibrisdakik.com\/wp-content\/uploads\/2024\/07\/topcukoy-sehitleri-anildi.jpg","articleSection":["G\u00fcndem"],"inLanguage":"tr","potentialAction":[{"@type":"CommentAction","name":"Comment","target":["https:\/\/kibrisdakik.com\/?p=50057#respond"]}]},{"@type":"WebPage","@id":"https:\/\/kibrisdakik.com\/?p=50057","url":"https:\/\/kibrisdakik.com\/?p=50057","name":"Top\u00e7uk\u00f6y \u015eehitleri pazartesi g\u00fcn\u00fc an\u0131lacak -","isPartOf":{"@id":"https:\/\/kibrisdakik.com\/#website"},"primaryImageOfPage":{"@id":"https:\/\/kibrisdakik.com\/?p=50057#primaryimage"},"image":{"@id":"https:\/\/kibrisdakik.com\/?p=50057#primaryimage"},"thumbnailUrl":"https:\/\/kibrisdakik.com\/wp-content\/uploads\/2024\/07\/topcukoy-sehitleri-anildi.jpg","datePublished":"2024-07-16T09:40:38+00:00","author":{"@id":"https:\/\/kibrisdakik.com\/#\/schema\/person\/9cd9d437bbb44f72b73ba127e06d8e79"},"breadcrumb":{"@id":"https:\/\/kibrisdakik.com\/?p=50057#breadcrumb"},"inLanguage":"tr","potentialAction":[{"@type":"ReadAction","target":["https:\/\/kibrisdakik.com\/?p=50057"]}]},{"@type":"ImageObject","inLanguage":"tr","@id":"https:\/\/kibrisdakik.com\/?p=50057#primaryimage","url":"https:\/\/kibrisdakik.com\/wp-content\/uploads\/2024\/07\/topcukoy-sehitleri-anildi.jpg","contentUrl":"https:\/\/kibrisdakik.com\/wp-content\/uploads\/2024\/07\/topcukoy-sehitleri-anildi.jpg","width":630,"height":288},{"@type":"BreadcrumbList","@id":"https:\/\/kibrisdakik.com\/?p=50057#breadcrumb","itemListElement":[{"@type":"ListItem","position":1,"name":"Home","item":"https:\/\/kibrisdakik.com\/"},{"@type":"ListItem","position":2,"name":"Top\u00e7uk\u00f6y \u015eehitleri pazartesi g\u00fcn\u00fc an\u0131lacak"}]},{"@type":"WebSite","@id":"https:\/\/kibrisdakik.com\/#website","url":"https:\/\/kibrisdakik.com\/","name":"","description":"Tam vaktinde haber","potentialAction":[{"@type":"SearchAction","target":{"@type":"EntryPoint","urlTemplate":"https:\/\/kibrisdakik.com\/?s={search_term_string}"},"query-input":{"@type":"PropertyValueSpecification","valueRequired":true,"valueName":"search_term_string"}}],"inLanguage":"tr"},{"@type":"Person","@id":"https:\/\/kibrisdakik.com\/#\/schema\/person\/9cd9d437bbb44f72b73ba127e06d8e79","name":"admin","image":{"@type":"ImageObject","inLanguage":"tr","@id":"https:\/\/secure.gravatar.com\/avatar\/ccc17943b9d660506c869530f897617f7cb1c21a4bf30023f252596d83e1f007?s=96&d=mm&r=g","url":"https:\/\/secure.gravatar.com\/avatar\/ccc17943b9d660506c869530f897617f7cb1c21a4bf30023f252596d83e1f007?s=96&d=mm&r=g","contentUrl":"https:\/\/secure.gravatar.com\/avatar\/ccc17943b9d660506c869530f897617f7cb1c21a4bf30023f252596d83e1f007?s=96&d=mm&r=g","caption":"admin"},"sameAs":["https:\/\/kibrisdakik.com"],"url":"https:\/\/kibrisdakik.com\/?author=1"}]}},"_links":{"self":[{"href":"https:\/\/kibrisdakik.com\/index.php?rest_route=\/wp\/v2\/posts\/50057","targetHints":{"allow":["GET"]}}],"collection":[{"href":"https:\/\/kibrisdakik.com\/index.php?rest_route=\/wp\/v2\/posts"}],"about":[{"href":"https:\/\/kibrisdakik.com\/index.php?rest_route=\/wp\/v2\/types\/post"}],"author":[{"embeddable":true,"href":"https:\/\/kibrisdakik.com\/index.php?rest_route=\/wp\/v2\/users\/1"}],"replies":[{"embeddable":true,"href":"https:\/\/kibrisdakik.com\/index.php?rest_route=%2Fwp%2Fv2%2Fcomments&post=50057"}],"version-history":[{"count":0,"href":"https:\/\/kibrisdakik.com\/index.php?rest_route=\/wp\/v2\/posts\/50057\/revisions"}],"wp:featuredmedia":[{"embeddable":true,"href":"https:\/\/kibrisdakik.com\/index.php?rest_route=\/wp\/v2\/media\/50058"}],"wp:attachment":[{"href":"https:\/\/kibrisdakik.com\/index.php?rest_route=%2Fwp%2Fv2%2Fmedia&parent=50057"}],"wp:term":[{"taxonomy":"category","embeddable":true,"href":"https:\/\/kibrisdakik.com\/index.php?rest_route=%2Fwp%2Fv2%2Fcategories&post=50057"},{"taxonomy":"post_tag","embeddable":true,"href":"https:\/\/kibrisdakik.com\/index.php?rest_route=%2Fwp%2Fv2%2Ftags&post=50057"}],"curies":[{"name":"wp","href":"https:\/\/api.w.org\/{rel}","templated":true}]}}