{"id":50069,"date":"2024-07-16T11:33:03","date_gmt":"2024-07-16T11:33:03","guid":{"rendered":"https:\/\/kibrisdakik.com\/index.php\/2024\/07\/16\/avrupa-parlamentosu-milletvekilleri-macaristanin-abdeki-oy-hakkinin-geri-alinmasini-istedi\/"},"modified":"2024-07-16T11:33:03","modified_gmt":"2024-07-16T11:33:03","slug":"avrupa-parlamentosu-milletvekilleri-macaristanin-abdeki-oy-hakkinin-geri-alinmasini-istedi","status":"publish","type":"post","link":"https:\/\/kibrisdakik.com\/?p=50069","title":{"rendered":"Avrupa Parlamentosu milletvekilleri, Macaristan&#039;\u0131n AB&#039;deki oy hakk\u0131n\u0131n geri al\u0131nmas\u0131n\u0131 istedi"},"content":{"rendered":"<p><img decoding=\"async\" src=\"https:\/\/www.kibristurk.com\/images\/haberler\/2024\/07\/avrupa-parlamentosu-milletvekilleri-macaristanin-abdeki-oy-hakkinin-geri-alinmasini-istedi-1721128659.webp\" \/><\/p>\n<p>Avrupa Halk Partisinin (EPP) Estonyal\u0131 milletvekili Riho Terras, sosyal medya hesab\u0131ndan yapt\u0131\u011f\u0131 a\u00e7\u0131klamada, 62 milletvekiliyle Macaristan&#8217;\u0131n AB&#8217;deki oy hakk\u0131n\u0131n elinden al\u0131nmas\u0131n\u0131 talep ettikleri bir mektuba imza att\u0131klar\u0131n\u0131 duyurdu.<\/p>\n<p>AB Komisyonu Ba\u015fkan\u0131 Ursula von der Leyen, AB Konseyi Ba\u015fkan\u0131 Charles Michel ve Avrupa Parlamentosu (AP) Ba\u015fkan\u0131 Roberta Metsola&#8217;ya hitap edilen mektupta, Orban&#8217;\u0131n. \u00fclkesinin AB d\u00f6nem ba\u015fkanl\u0131\u011f\u0131 rol\u00fcn\u00fc istismar ve suistimal ederek ciddi zarara yol a\u00e7t\u0131\u011f\u0131 savunuldu.<\/p>\n<p>Milletvekilleri, Orban&#8217;\u0131n Rusya ve \u00c7in ziyaretlerinde &#8220;yetkilerini kas\u0131tl\u0131 olarak yanl\u0131\u015f tan\u0131tt\u0131\u011f\u0131n\u0131&#8221; \u00f6ne s\u00fcrerek, AP&#8217;yi sorumluluk almaya \u00e7a\u011f\u0131rd\u0131.<\/p>\n<p>Mektupta EPP&#8217;li vekillerin d\u0131\u015f\u0131nda liberal \u00e7izgideki Avrupa&#8217;y\u0131 Yenile (Renew Europe) ve Ye\u015filler&#8217;den milletvekillerin de imzas\u0131 bulunuyor.<\/p>\n<p>AB Komisyonu da d\u00fcn Macaristan&#8217;\u0131n ba\u015fkanl\u0131\u011f\u0131nda yap\u0131lacak t\u00fcm gayri resmi toplant\u0131larda Komisyon \u00fcyelerince de\u011fil, k\u0131demli memurlar taraf\u0131ndan temsil edilece\u011fi y\u00f6n\u00fcnde bir karar vermi\u015fti. Ayr\u0131ca, Komisyon heyetinin eyl\u00fcl ay\u0131nda Macaristan&#8217;a yapaca\u011f\u0131 rutin ziyaret de iptal edilmi\u015fti.<\/p>\n<p>&#8211; Orban&#8217;\u0131n, ele\u015ftirilerin hedefindeki Moskova ziyareti<\/p>\n<p>Macaristan Ba\u015fbakan\u0131 Orban&#8217;\u0131n, \u00fclkesinin AB d\u00f6nem ba\u015fkanl\u0131\u011f\u0131n\u0131 devralmas\u0131n\u0131n 5. g\u00fcn\u00fcnde Moskova&#8217;ya yapt\u0131\u011f\u0131 ziyaret, AB i\u00e7erisinde tepki \u00e7ekmi\u015fti. AB Komisyonu Ba\u015fs\u00f6zc\u00fcs\u00fc Eric Mamer, konuyla ilgili daha \u00f6nceki a\u00e7\u0131klamas\u0131nda AB&#8217;nin Macaristan taraf\u0131ndan ziyaret \u00f6ncesince bilgilendirilmedi\u011fini belirtmi\u015fti.<\/p>\n<p>Von der Leyen de &#8220;Orban, Moskova&#8217;y\u0131 ziyaret ediyor. Putin, yat\u0131\u015ft\u0131r\u0131larak durdurulamaz. Ukrayna&#8217;da kapsaml\u0131, adil ve kal\u0131c\u0131 bir bar\u0131\u015f\u0131n yolunu ancak birlik ve kararl\u0131l\u0131k a\u00e7acakt\u0131r.&#8221; de\u011ferlendirmesini yapm\u0131\u015ft\u0131.<\/p>\n<p>AB Konseyi Ba\u015fkan\u0131 Charles Michel ise &#8220;AB d\u00f6nem ba\u015fkanl\u0131\u011f\u0131n\u0131n AB ad\u0131na Rusya ile temas kurma yetkisi yoktur.&#8221; uyar\u0131s\u0131nda bulunmu\u015ftu.<\/p>\n<p>AB D\u0131\u015f \u0130li\u015fkiler ve G\u00fcvenlik Politikas\u0131 Y\u00fcksek Temsilcisi Josep Borrell de &#8220;Macaristan Ba\u015fbakan\u0131 hi\u00e7bir \u015fekilde AB&#8217;yi temsil etmiyor.&#8221; mesaj\u0131n\u0131 payla\u015fm\u0131\u015ft\u0131.<\/p>\n<p>Ancak AB&#8217;den gelen tepkilere ra\u011fmen Orban, Moskova&#8217;y\u0131 ziyaret etmi\u015f, amac\u0131n\u0131n Birli\u011fi temsil ederek m\u00fczakere ba\u015flatmak de\u011fil, bar\u0131\u015f yolunda ilk ad\u0131mlar\u0131n at\u0131lmas\u0131na hizmet etmek oldu\u011funu dile getirmi\u015fti.<\/p>\n<p>&#8211; Budape\u015fte-Br\u00fcksel-Moskova hatt\u0131nda s\u00fcregelen gerginlik<\/p>\n<p>AB-Rusya ili\u015fkileri, 2014&#8217;te K\u0131r\u0131m&#8217;\u0131n Rusya taraf\u0131ndan yasa d\u0131\u015f\u0131 ilhak\u0131n\u0131n ard\u0131ndan gerilemi\u015f ve 2022&#8217;de Ukrayna-Rusya Sava\u015f\u0131&#8217;n\u0131n ba\u015flamas\u0131yla maslahatg\u00fczarl\u0131k seviyesine indirilmi\u015fti.<\/p>\n<p>AB \u00fclkesi Macaristan ile AB aras\u0131nda, Ukrayna-Rusya Sava\u015f\u0131, Ukrayna&#8217;ya askeri ve mali destek ile Ukrayna&#8217;n\u0131n AB \u00fcyelik m\u00fczakereleri gibi konularda anla\u015fmazl\u0131klar ya\u015fan\u0131yor.<\/p>\n<p>Sava\u015fa y\u00f6nelik AB&#8217;den farkl\u0131 politika sergileyen Orban, s\u0131kl\u0131kla &#8220;Rus yanl\u0131s\u0131&#8221; olmakla su\u00e7lan\u0131rken, Macar lider bu iddialar\u0131 reddediyor.<\/p>\n","protected":false},"excerpt":{"rendered":"<p>Avrupa Halk Partisinin (EPP) Estonyal\u0131 milletvekili Riho Terras, sosyal medya hesab\u0131ndan yapt\u0131\u011f\u0131 a\u00e7\u0131klamada, 62 milletvekiliyle Macaristan&#8217;\u0131n AB&#8217;deki oy hakk\u0131n\u0131n elinden al\u0131nmas\u0131n\u0131 talep ettikleri bir mektuba imza att\u0131klar\u0131n\u0131 duyurdu. AB Komisyonu Ba\u015fkan\u0131 Ursula von der Leyen, AB Konseyi Ba\u015fkan\u0131 Charles Michel ve Avrupa Parlamentosu (AP) Ba\u015fkan\u0131 Roberta Metsola&#8217;ya hitap edilen mektupta, Orban&#8217;\u0131n. \u00fclkesinin AB d\u00f6nem ba\u015fkanl\u0131\u011f\u0131<\/p>\n","protected":false},"author":1,"featured_media":50070,"comment_status":"open","ping_status":"open","sticky":false,"template":"","format":"standard","meta":{"footnotes":""},"categories":[79],"tags":[],"class_list":["post-50069","post","type-post","status-publish","format-standard","has-post-thumbnail","hentry","category-ekonomi"],"yoast_head":"<!-- This site is optimized with the Yoast SEO plugin v28.4 - https:\/\/yoast.com\/product\/yoast-seo-wordpress\/ -->\n<title>Avrupa Parlamentosu milletvekilleri, Macaristan&#039;\u0131n AB&#039;deki oy hakk\u0131n\u0131n geri al\u0131nmas\u0131n\u0131 istedi -<\/title>\n<meta name=\"robots\" content=\"index, follow, max-snippet:-1, max-image-preview:large, max-video-preview:-1\" \/>\n<link rel=\"canonical\" href=\"https:\/\/kibrisdakik.com\/?p=50069\" \/>\n<meta property=\"og:locale\" content=\"tr_TR\" \/>\n<meta property=\"og:type\" content=\"article\" \/>\n<meta property=\"og:title\" content=\"Avrupa Parlamentosu milletvekilleri, Macaristan&#039;\u0131n AB&#039;deki oy hakk\u0131n\u0131n geri al\u0131nmas\u0131n\u0131 istedi -\" \/>\n<meta property=\"og:description\" content=\"Avrupa Halk Partisinin (EPP) Estonyal\u0131 milletvekili Riho Terras, sosyal medya hesab\u0131ndan yapt\u0131\u011f\u0131 a\u00e7\u0131klamada, 62 milletvekiliyle Macaristan&#8217;\u0131n AB&#8217;deki oy hakk\u0131n\u0131n elinden al\u0131nmas\u0131n\u0131 talep ettikleri bir mektuba imza att\u0131klar\u0131n\u0131 duyurdu. AB Komisyonu Ba\u015fkan\u0131 Ursula von der Leyen, AB Konseyi Ba\u015fkan\u0131 Charles Michel ve Avrupa Parlamentosu (AP) Ba\u015fkan\u0131 Roberta Metsola&#8217;ya hitap edilen mektupta, Orban&#8217;\u0131n. \u00fclkesinin AB d\u00f6nem ba\u015fkanl\u0131\u011f\u0131\" \/>\n<meta property=\"og:url\" content=\"https:\/\/kibrisdakik.com\/?p=50069\" \/>\n<meta property=\"article:published_time\" content=\"2024-07-16T11:33:03+00:00\" \/>\n<meta property=\"og:image\" content=\"https:\/\/kibrisdakik.com\/wp-content\/uploads\/2024\/07\/avrupa-parlamentosu-milletvekilleri-macaristanin-abdeki-oy-hakkinin-geri-alinmasini-istedi-1721128659.webp.webp\" \/>\n\t<meta property=\"og:image:width\" content=\"710\" \/>\n\t<meta property=\"og:image:height\" content=\"370\" \/>\n\t<meta property=\"og:image:type\" content=\"image\/webp\" \/>\n<meta name=\"author\" content=\"admin\" \/>\n<meta name=\"twitter:card\" content=\"summary_large_image\" \/>\n<meta name=\"twitter:label1\" content=\"Yazan:\" \/>\n\t<meta name=\"twitter:data1\" content=\"admin\" \/>\n\t<meta name=\"twitter:label2\" content=\"Tahmini okuma s\u00fcresi\" \/>\n\t<meta name=\"twitter:data2\" content=\"2 dakika\" \/>\n<script type=\"application\/ld+json\" class=\"yoast-schema-graph\">{\"@context\":\"https:\\\/\\\/schema.org\",\"@graph\":[{\"@type\":\"Article\",\"@id\":\"https:\\\/\\\/kibrisdakik.com\\\/?p=50069#article\",\"isPartOf\":{\"@id\":\"https:\\\/\\\/kibrisdakik.com\\\/?p=50069\"},\"author\":{\"name\":\"admin\",\"@id\":\"https:\\\/\\\/kibrisdakik.com\\\/#\\\/schema\\\/person\\\/9cd9d437bbb44f72b73ba127e06d8e79\"},\"headline\":\"Avrupa Parlamentosu milletvekilleri, Macaristan&#039;\u0131n AB&#039;deki oy hakk\u0131n\u0131n geri al\u0131nmas\u0131n\u0131 istedi\",\"datePublished\":\"2024-07-16T11:33:03+00:00\",\"mainEntityOfPage\":{\"@id\":\"https:\\\/\\\/kibrisdakik.com\\\/?p=50069\"},\"wordCount\":496,\"commentCount\":0,\"publisher\":{\"@id\":\"https:\\\/\\\/kibrisdakik.com\\\/#organization\"},\"image\":{\"@id\":\"https:\\\/\\\/kibrisdakik.com\\\/?p=50069#primaryimage\"},\"thumbnailUrl\":\"https:\\\/\\\/kibrisdakik.com\\\/wp-content\\\/uploads\\\/2024\\\/07\\\/avrupa-parlamentosu-milletvekilleri-macaristanin-abdeki-oy-hakkinin-geri-alinmasini-istedi-1721128659.webp.webp\",\"articleSection\":[\"Ekonomi\"],\"inLanguage\":\"tr\",\"potentialAction\":[{\"@type\":\"CommentAction\",\"name\":\"Comment\",\"target\":[\"https:\\\/\\\/kibrisdakik.com\\\/?p=50069#respond\"]}]},{\"@type\":\"WebPage\",\"@id\":\"https:\\\/\\\/kibrisdakik.com\\\/?p=50069\",\"url\":\"https:\\\/\\\/kibrisdakik.com\\\/?p=50069\",\"name\":\"Avrupa Parlamentosu milletvekilleri, Macaristan&#039;\u0131n AB&#039;deki oy hakk\u0131n\u0131n geri al\u0131nmas\u0131n\u0131 istedi -\",\"isPartOf\":{\"@id\":\"https:\\\/\\\/kibrisdakik.com\\\/#website\"},\"primaryImageOfPage\":{\"@id\":\"https:\\\/\\\/kibrisdakik.com\\\/?p=50069#primaryimage\"},\"image\":{\"@id\":\"https:\\\/\\\/kibrisdakik.com\\\/?p=50069#primaryimage\"},\"thumbnailUrl\":\"https:\\\/\\\/kibrisdakik.com\\\/wp-content\\\/uploads\\\/2024\\\/07\\\/avrupa-parlamentosu-milletvekilleri-macaristanin-abdeki-oy-hakkinin-geri-alinmasini-istedi-1721128659.webp.webp\",\"datePublished\":\"2024-07-16T11:33:03+00:00\",\"breadcrumb\":{\"@id\":\"https:\\\/\\\/kibrisdakik.com\\\/?p=50069#breadcrumb\"},\"inLanguage\":\"tr\",\"potentialAction\":[{\"@type\":\"ReadAction\",\"target\":[\"https:\\\/\\\/kibrisdakik.com\\\/?p=50069\"]}]},{\"@type\":\"ImageObject\",\"inLanguage\":\"tr\",\"@id\":\"https:\\\/\\\/kibrisdakik.com\\\/?p=50069#primaryimage\",\"url\":\"https:\\\/\\\/kibrisdakik.com\\\/wp-content\\\/uploads\\\/2024\\\/07\\\/avrupa-parlamentosu-milletvekilleri-macaristanin-abdeki-oy-hakkinin-geri-alinmasini-istedi-1721128659.webp.webp\",\"contentUrl\":\"https:\\\/\\\/kibrisdakik.com\\\/wp-content\\\/uploads\\\/2024\\\/07\\\/avrupa-parlamentosu-milletvekilleri-macaristanin-abdeki-oy-hakkinin-geri-alinmasini-istedi-1721128659.webp.webp\",\"width\":710,\"height\":370},{\"@type\":\"BreadcrumbList\",\"@id\":\"https:\\\/\\\/kibrisdakik.com\\\/?p=50069#breadcrumb\",\"itemListElement\":[{\"@type\":\"ListItem\",\"position\":1,\"name\":\"Home\",\"item\":\"https:\\\/\\\/kibrisdakik.com\\\/\"},{\"@type\":\"ListItem\",\"position\":2,\"name\":\"Avrupa Parlamentosu milletvekilleri, Macaristan&#039;\u0131n AB&#039;deki oy hakk\u0131n\u0131n geri al\u0131nmas\u0131n\u0131 istedi\"}]},{\"@type\":\"WebSite\",\"@id\":\"https:\\\/\\\/kibrisdakik.com\\\/#website\",\"url\":\"https:\\\/\\\/kibrisdakik.com\\\/\",\"name\":\"K\u0131br\u0131s Dakik\",\"description\":\"Tam vaktinde haber\",\"publisher\":{\"@id\":\"https:\\\/\\\/kibrisdakik.com\\\/#organization\"},\"potentialAction\":[{\"@type\":\"SearchAction\",\"target\":{\"@type\":\"EntryPoint\",\"urlTemplate\":\"https:\\\/\\\/kibrisdakik.com\\\/?s={search_term_string}\"},\"query-input\":{\"@type\":\"PropertyValueSpecification\",\"valueRequired\":true,\"valueName\":\"search_term_string\"}}],\"inLanguage\":\"tr\"},{\"@type\":\"Organization\",\"@id\":\"https:\\\/\\\/kibrisdakik.com\\\/#organization\",\"name\":\"K\u0131br\u0131s Dakik\",\"url\":\"https:\\\/\\\/kibrisdakik.com\\\/\",\"logo\":{\"@type\":\"ImageObject\",\"inLanguage\":\"tr\",\"@id\":\"https:\\\/\\\/kibrisdakik.com\\\/#\\\/schema\\\/logo\\\/image\\\/\",\"url\":\"https:\\\/\\\/kibrisdakik.com\\\/wp-content\\\/uploads\\\/2025\\\/10\\\/cropped-WhatsApp-Image-2025-10-02-at-12.58.31.jpeg\",\"contentUrl\":\"https:\\\/\\\/kibrisdakik.com\\\/wp-content\\\/uploads\\\/2025\\\/10\\\/cropped-WhatsApp-Image-2025-10-02-at-12.58.31.jpeg\",\"width\":1237,\"height\":190,\"caption\":\"K\u0131br\u0131s Dakik\"},\"image\":{\"@id\":\"https:\\\/\\\/kibrisdakik.com\\\/#\\\/schema\\\/logo\\\/image\\\/\"}},{\"@type\":\"Person\",\"@id\":\"https:\\\/\\\/kibrisdakik.com\\\/#\\\/schema\\\/person\\\/9cd9d437bbb44f72b73ba127e06d8e79\",\"name\":\"admin\",\"image\":{\"@type\":\"ImageObject\",\"inLanguage\":\"tr\",\"@id\":\"https:\\\/\\\/secure.gravatar.com\\\/avatar\\\/ccc17943b9d660506c869530f897617f7cb1c21a4bf30023f252596d83e1f007?s=96&d=mm&r=g\",\"url\":\"https:\\\/\\\/secure.gravatar.com\\\/avatar\\\/ccc17943b9d660506c869530f897617f7cb1c21a4bf30023f252596d83e1f007?s=96&d=mm&r=g\",\"contentUrl\":\"https:\\\/\\\/secure.gravatar.com\\\/avatar\\\/ccc17943b9d660506c869530f897617f7cb1c21a4bf30023f252596d83e1f007?s=96&d=mm&r=g\",\"caption\":\"admin\"},\"sameAs\":[\"https:\\\/\\\/kibrisdakik.com\"],\"url\":\"https:\\\/\\\/kibrisdakik.com\\\/?author=1\"}]}<\/script>\n<!-- \/ Yoast SEO plugin. -->","yoast_head_json":{"title":"Avrupa Parlamentosu milletvekilleri, Macaristan&#039;\u0131n AB&#039;deki oy hakk\u0131n\u0131n geri al\u0131nmas\u0131n\u0131 istedi -","robots":{"index":"index","follow":"follow","max-snippet":"max-snippet:-1","max-image-preview":"max-image-preview:large","max-video-preview":"max-video-preview:-1"},"canonical":"https:\/\/kibrisdakik.com\/?p=50069","og_locale":"tr_TR","og_type":"article","og_title":"Avrupa Parlamentosu milletvekilleri, Macaristan&#039;\u0131n AB&#039;deki oy hakk\u0131n\u0131n geri al\u0131nmas\u0131n\u0131 istedi -","og_description":"Avrupa Halk Partisinin (EPP) Estonyal\u0131 milletvekili Riho Terras, sosyal medya hesab\u0131ndan yapt\u0131\u011f\u0131 a\u00e7\u0131klamada, 62 milletvekiliyle Macaristan&#8217;\u0131n AB&#8217;deki oy hakk\u0131n\u0131n elinden al\u0131nmas\u0131n\u0131 talep ettikleri bir mektuba imza att\u0131klar\u0131n\u0131 duyurdu. AB Komisyonu Ba\u015fkan\u0131 Ursula von der Leyen, AB Konseyi Ba\u015fkan\u0131 Charles Michel ve Avrupa Parlamentosu (AP) Ba\u015fkan\u0131 Roberta Metsola&#8217;ya hitap edilen mektupta, Orban&#8217;\u0131n. \u00fclkesinin AB d\u00f6nem ba\u015fkanl\u0131\u011f\u0131","og_url":"https:\/\/kibrisdakik.com\/?p=50069","article_published_time":"2024-07-16T11:33:03+00:00","og_image":[{"width":710,"height":370,"url":"https:\/\/kibrisdakik.com\/wp-content\/uploads\/2024\/07\/avrupa-parlamentosu-milletvekilleri-macaristanin-abdeki-oy-hakkinin-geri-alinmasini-istedi-1721128659.webp.webp","type":"image\/webp"}],"author":"admin","twitter_card":"summary_large_image","twitter_misc":{"Yazan:":"admin","Tahmini okuma s\u00fcresi":"2 dakika"},"schema":{"@context":"https:\/\/schema.org","@graph":[{"@type":"Article","@id":"https:\/\/kibrisdakik.com\/?p=50069#article","isPartOf":{"@id":"https:\/\/kibrisdakik.com\/?p=50069"},"author":{"name":"admin","@id":"https:\/\/kibrisdakik.com\/#\/schema\/person\/9cd9d437bbb44f72b73ba127e06d8e79"},"headline":"Avrupa Parlamentosu milletvekilleri, Macaristan&#039;\u0131n AB&#039;deki oy hakk\u0131n\u0131n geri al\u0131nmas\u0131n\u0131 istedi","datePublished":"2024-07-16T11:33:03+00:00","mainEntityOfPage":{"@id":"https:\/\/kibrisdakik.com\/?p=50069"},"wordCount":496,"commentCount":0,"publisher":{"@id":"https:\/\/kibrisdakik.com\/#organization"},"image":{"@id":"https:\/\/kibrisdakik.com\/?p=50069#primaryimage"},"thumbnailUrl":"https:\/\/kibrisdakik.com\/wp-content\/uploads\/2024\/07\/avrupa-parlamentosu-milletvekilleri-macaristanin-abdeki-oy-hakkinin-geri-alinmasini-istedi-1721128659.webp.webp","articleSection":["Ekonomi"],"inLanguage":"tr","potentialAction":[{"@type":"CommentAction","name":"Comment","target":["https:\/\/kibrisdakik.com\/?p=50069#respond"]}]},{"@type":"WebPage","@id":"https:\/\/kibrisdakik.com\/?p=50069","url":"https:\/\/kibrisdakik.com\/?p=50069","name":"Avrupa Parlamentosu milletvekilleri, Macaristan&#039;\u0131n AB&#039;deki oy hakk\u0131n\u0131n geri al\u0131nmas\u0131n\u0131 istedi -","isPartOf":{"@id":"https:\/\/kibrisdakik.com\/#website"},"primaryImageOfPage":{"@id":"https:\/\/kibrisdakik.com\/?p=50069#primaryimage"},"image":{"@id":"https:\/\/kibrisdakik.com\/?p=50069#primaryimage"},"thumbnailUrl":"https:\/\/kibrisdakik.com\/wp-content\/uploads\/2024\/07\/avrupa-parlamentosu-milletvekilleri-macaristanin-abdeki-oy-hakkinin-geri-alinmasini-istedi-1721128659.webp.webp","datePublished":"2024-07-16T11:33:03+00:00","breadcrumb":{"@id":"https:\/\/kibrisdakik.com\/?p=50069#breadcrumb"},"inLanguage":"tr","potentialAction":[{"@type":"ReadAction","target":["https:\/\/kibrisdakik.com\/?p=50069"]}]},{"@type":"ImageObject","inLanguage":"tr","@id":"https:\/\/kibrisdakik.com\/?p=50069#primaryimage","url":"https:\/\/kibrisdakik.com\/wp-content\/uploads\/2024\/07\/avrupa-parlamentosu-milletvekilleri-macaristanin-abdeki-oy-hakkinin-geri-alinmasini-istedi-1721128659.webp.webp","contentUrl":"https:\/\/kibrisdakik.com\/wp-content\/uploads\/2024\/07\/avrupa-parlamentosu-milletvekilleri-macaristanin-abdeki-oy-hakkinin-geri-alinmasini-istedi-1721128659.webp.webp","width":710,"height":370},{"@type":"BreadcrumbList","@id":"https:\/\/kibrisdakik.com\/?p=50069#breadcrumb","itemListElement":[{"@type":"ListItem","position":1,"name":"Home","item":"https:\/\/kibrisdakik.com\/"},{"@type":"ListItem","position":2,"name":"Avrupa Parlamentosu milletvekilleri, Macaristan&#039;\u0131n AB&#039;deki oy hakk\u0131n\u0131n geri al\u0131nmas\u0131n\u0131 istedi"}]},{"@type":"WebSite","@id":"https:\/\/kibrisdakik.com\/#website","url":"https:\/\/kibrisdakik.com\/","name":"K\u0131br\u0131s Dakik","description":"Tam vaktinde haber","publisher":{"@id":"https:\/\/kibrisdakik.com\/#organization"},"potentialAction":[{"@type":"SearchAction","target":{"@type":"EntryPoint","urlTemplate":"https:\/\/kibrisdakik.com\/?s={search_term_string}"},"query-input":{"@type":"PropertyValueSpecification","valueRequired":true,"valueName":"search_term_string"}}],"inLanguage":"tr"},{"@type":"Organization","@id":"https:\/\/kibrisdakik.com\/#organization","name":"K\u0131br\u0131s Dakik","url":"https:\/\/kibrisdakik.com\/","logo":{"@type":"ImageObject","inLanguage":"tr","@id":"https:\/\/kibrisdakik.com\/#\/schema\/logo\/image\/","url":"https:\/\/kibrisdakik.com\/wp-content\/uploads\/2025\/10\/cropped-WhatsApp-Image-2025-10-02-at-12.58.31.jpeg","contentUrl":"https:\/\/kibrisdakik.com\/wp-content\/uploads\/2025\/10\/cropped-WhatsApp-Image-2025-10-02-at-12.58.31.jpeg","width":1237,"height":190,"caption":"K\u0131br\u0131s Dakik"},"image":{"@id":"https:\/\/kibrisdakik.com\/#\/schema\/logo\/image\/"}},{"@type":"Person","@id":"https:\/\/kibrisdakik.com\/#\/schema\/person\/9cd9d437bbb44f72b73ba127e06d8e79","name":"admin","image":{"@type":"ImageObject","inLanguage":"tr","@id":"https:\/\/secure.gravatar.com\/avatar\/ccc17943b9d660506c869530f897617f7cb1c21a4bf30023f252596d83e1f007?s=96&d=mm&r=g","url":"https:\/\/secure.gravatar.com\/avatar\/ccc17943b9d660506c869530f897617f7cb1c21a4bf30023f252596d83e1f007?s=96&d=mm&r=g","contentUrl":"https:\/\/secure.gravatar.com\/avatar\/ccc17943b9d660506c869530f897617f7cb1c21a4bf30023f252596d83e1f007?s=96&d=mm&r=g","caption":"admin"},"sameAs":["https:\/\/kibrisdakik.com"],"url":"https:\/\/kibrisdakik.com\/?author=1"}]}},"_links":{"self":[{"href":"https:\/\/kibrisdakik.com\/index.php?rest_route=\/wp\/v2\/posts\/50069","targetHints":{"allow":["GET"]}}],"collection":[{"href":"https:\/\/kibrisdakik.com\/index.php?rest_route=\/wp\/v2\/posts"}],"about":[{"href":"https:\/\/kibrisdakik.com\/index.php?rest_route=\/wp\/v2\/types\/post"}],"author":[{"embeddable":true,"href":"https:\/\/kibrisdakik.com\/index.php?rest_route=\/wp\/v2\/users\/1"}],"replies":[{"embeddable":true,"href":"https:\/\/kibrisdakik.com\/index.php?rest_route=%2Fwp%2Fv2%2Fcomments&post=50069"}],"version-history":[{"count":0,"href":"https:\/\/kibrisdakik.com\/index.php?rest_route=\/wp\/v2\/posts\/50069\/revisions"}],"wp:featuredmedia":[{"embeddable":true,"href":"https:\/\/kibrisdakik.com\/index.php?rest_route=\/wp\/v2\/media\/50070"}],"wp:attachment":[{"href":"https:\/\/kibrisdakik.com\/index.php?rest_route=%2Fwp%2Fv2%2Fmedia&parent=50069"}],"wp:term":[{"taxonomy":"category","embeddable":true,"href":"https:\/\/kibrisdakik.com\/index.php?rest_route=%2Fwp%2Fv2%2Fcategories&post=50069"},{"taxonomy":"post_tag","embeddable":true,"href":"https:\/\/kibrisdakik.com\/index.php?rest_route=%2Fwp%2Fv2%2Ftags&post=50069"}],"curies":[{"name":"wp","href":"https:\/\/api.w.org\/{rel}","templated":true}]}}