{"id":50113,"date":"2024-07-16T17:38:44","date_gmt":"2024-07-16T17:38:44","guid":{"rendered":"https:\/\/kibrisdakik.com\/index.php\/2024\/07\/16\/galatasarayda-icardi-soku-avukati-kampa-geldi\/"},"modified":"2024-07-16T17:38:44","modified_gmt":"2024-07-16T17:38:44","slug":"galatasarayda-icardi-soku-avukati-kampa-geldi","status":"publish","type":"post","link":"https:\/\/kibrisdakik.com\/?p=50113","title":{"rendered":"Galatasaray&#039;da Icardi \u015foku! Avukat\u0131 kampa geldi"},"content":{"rendered":"<p><img decoding=\"async\" src=\"https:\/\/www.kibristurk.com\/images\/haberler\/2024\/07\/galatasarayda-icardi-soku-avukati-kampa-geldi-1721149838.webp\" \/><\/p>\n<h2>KAMPA GELD\u0130<\/h2>\n<p>Galatasaray&#8217;da Mauro Icardi ile ilgili s\u00fcrpriz bir geli\u015fme ya\u015fand\u0131. Arjantinli y\u0131ld\u0131z futbolcu, e\u015fi Wanda Nara ile ayr\u0131l\u0131k karar\u0131 almas\u0131n\u0131n ard\u0131ndan avukat\u0131n\u0131 kampa \u00e7a\u011f\u0131rd\u0131 ve kendisi i\u00e7in son derece \u00f6nemli olan sorunu \u00e7\u00f6zmek i\u00e7in d\u00fc\u011fmeye bast\u0131.<\/p>\n<h2>HEDEF TAKIMA YANSITMAMAK<\/h2>\n<p>Wanda Nara ile bo\u015fanma karar\u0131 alan Icardi, son d\u00f6nemde gelen iyi haberlerin ard\u0131ndan kendisine geldi. Son derece hassas bir yap\u0131ya sahip olan futbolcunun bu d\u00f6nemi en az hasarla ge\u00e7irmesi i\u00e7in \u00e7aba sarf edilirken Galatasaray, bu durumun tak\u0131ma yans\u0131mamas\u0131 i\u00e7in \u00e7aba g\u00f6steriyor.<\/p>\n<p>VELAYET SORUNU<\/p>\n<p>\u00c7ocuklar\u0131na \u00e7ok d\u00fc\u015fk\u00fcn olan ve ayr\u0131l\u0131\u011f\u0131n yans\u0131malar\u0131ndan \u00e7ekinen Mauro Icardi&#8217;nin avukat\u0131 Pino&#8217;nun, Avusturya kamp\u0131na geldi\u011fi ortaya \u00e7\u0131kt\u0131. Nara ve Icardi \u00e7iftinin 10 y\u0131ll\u0131k birlikteli\u011finden iki k\u0131zlar\u0131 bulunurken bunlar\u0131n velayetinin kimde kalaca\u011f\u0131 kafalar\u0131 kar\u0131\u015ft\u0131r\u0131yordu ve Icardi&#8217;nin moral bozuklu\u011funun en b\u00fcy\u00fck sebebi olarak dikkat \u00e7ekiyordu.<\/p>\n<h2>ICARDI&#8217;YLE KALACAKLAR<\/h2>\n<p>Avukat\u0131 Pino ile 2 g\u00fcn boyunca iki \u00e7ocu\u011funun durumu masaya yat\u0131r\u0131l\u0131rken, m\u00fcjdeli haber geldi. Yap\u0131lan telefon trafi\u011finin ard\u0131ndan, Francesca ve Isabella\u2019n\u0131n Icardi\u2019de kalmas\u0131na karar verildi\u011fi ifade edildi.<\/p>\n<p>\u0130ki k\u0131z\u0131n da Arjantinli golc\u00fc ile beraber \u0130stanbul\u2019da ya\u015famaya devam edece\u011fi belirtildi. Wanda Nara\u2019n\u0131n ilk evlili\u011finden olan o\u011fullar\u0131 ise annesinin yan\u0131nda olacak.<\/p>\n","protected":false},"excerpt":{"rendered":"<p>KAMPA GELD\u0130 Galatasaray&#8217;da Mauro Icardi ile ilgili s\u00fcrpriz bir geli\u015fme ya\u015fand\u0131. Arjantinli y\u0131ld\u0131z futbolcu, e\u015fi Wanda Nara ile ayr\u0131l\u0131k karar\u0131 almas\u0131n\u0131n ard\u0131ndan avukat\u0131n\u0131 kampa \u00e7a\u011f\u0131rd\u0131 ve kendisi i\u00e7in son derece \u00f6nemli olan sorunu \u00e7\u00f6zmek i\u00e7in d\u00fc\u011fmeye bast\u0131. HEDEF TAKIMA YANSITMAMAK Wanda Nara ile bo\u015fanma karar\u0131 alan Icardi, son d\u00f6nemde gelen iyi haberlerin ard\u0131ndan kendisine geldi.<\/p>\n","protected":false},"author":1,"featured_media":50114,"comment_status":"open","ping_status":"open","sticky":false,"template":"","format":"standard","meta":{"footnotes":""},"categories":[79],"tags":[],"class_list":["post-50113","post","type-post","status-publish","format-standard","has-post-thumbnail","hentry","category-ekonomi"],"yoast_head":"<!-- This site is optimized with the Yoast SEO plugin v28.4 - https:\/\/yoast.com\/product\/yoast-seo-wordpress\/ -->\n<title>Galatasaray&#039;da Icardi \u015foku! Avukat\u0131 kampa geldi -<\/title>\n<meta name=\"robots\" content=\"index, follow, max-snippet:-1, max-image-preview:large, max-video-preview:-1\" \/>\n<link rel=\"canonical\" href=\"https:\/\/kibrisdakik.com\/?p=50113\" \/>\n<meta property=\"og:locale\" content=\"tr_TR\" \/>\n<meta property=\"og:type\" content=\"article\" \/>\n<meta property=\"og:title\" content=\"Galatasaray&#039;da Icardi \u015foku! Avukat\u0131 kampa geldi -\" \/>\n<meta property=\"og:description\" content=\"KAMPA GELD\u0130 Galatasaray&#8217;da Mauro Icardi ile ilgili s\u00fcrpriz bir geli\u015fme ya\u015fand\u0131. Arjantinli y\u0131ld\u0131z futbolcu, e\u015fi Wanda Nara ile ayr\u0131l\u0131k karar\u0131 almas\u0131n\u0131n ard\u0131ndan avukat\u0131n\u0131 kampa \u00e7a\u011f\u0131rd\u0131 ve kendisi i\u00e7in son derece \u00f6nemli olan sorunu \u00e7\u00f6zmek i\u00e7in d\u00fc\u011fmeye bast\u0131. HEDEF TAKIMA YANSITMAMAK Wanda Nara ile bo\u015fanma karar\u0131 alan Icardi, son d\u00f6nemde gelen iyi haberlerin ard\u0131ndan kendisine geldi.\" \/>\n<meta property=\"og:url\" content=\"https:\/\/kibrisdakik.com\/?p=50113\" \/>\n<meta property=\"article:published_time\" content=\"2024-07-16T17:38:44+00:00\" \/>\n<meta property=\"og:image\" content=\"https:\/\/kibrisdakik.com\/wp-content\/uploads\/2024\/07\/galatasarayda-icardi-soku-avukati-kampa-geldi-1721149838.webp.webp\" \/>\n\t<meta property=\"og:image:width\" content=\"710\" \/>\n\t<meta property=\"og:image:height\" content=\"370\" \/>\n\t<meta property=\"og:image:type\" content=\"image\/webp\" \/>\n<meta name=\"author\" content=\"admin\" \/>\n<meta name=\"twitter:card\" content=\"summary_large_image\" \/>\n<meta name=\"twitter:label1\" content=\"Yazan:\" \/>\n\t<meta name=\"twitter:data1\" content=\"admin\" \/>\n\t<meta name=\"twitter:label2\" content=\"Tahmini okuma s\u00fcresi\" \/>\n\t<meta name=\"twitter:data2\" content=\"1 dakika\" \/>\n<script type=\"application\/ld+json\" class=\"yoast-schema-graph\">{\"@context\":\"https:\\\/\\\/schema.org\",\"@graph\":[{\"@type\":\"Article\",\"@id\":\"https:\\\/\\\/kibrisdakik.com\\\/?p=50113#article\",\"isPartOf\":{\"@id\":\"https:\\\/\\\/kibrisdakik.com\\\/?p=50113\"},\"author\":{\"name\":\"admin\",\"@id\":\"https:\\\/\\\/kibrisdakik.com\\\/#\\\/schema\\\/person\\\/9cd9d437bbb44f72b73ba127e06d8e79\"},\"headline\":\"Galatasaray&#039;da Icardi \u015foku! Avukat\u0131 kampa geldi\",\"datePublished\":\"2024-07-16T17:38:44+00:00\",\"mainEntityOfPage\":{\"@id\":\"https:\\\/\\\/kibrisdakik.com\\\/?p=50113\"},\"wordCount\":258,\"commentCount\":0,\"publisher\":{\"@id\":\"https:\\\/\\\/kibrisdakik.com\\\/#organization\"},\"image\":{\"@id\":\"https:\\\/\\\/kibrisdakik.com\\\/?p=50113#primaryimage\"},\"thumbnailUrl\":\"https:\\\/\\\/kibrisdakik.com\\\/wp-content\\\/uploads\\\/2024\\\/07\\\/galatasarayda-icardi-soku-avukati-kampa-geldi-1721149838.webp.webp\",\"articleSection\":[\"Ekonomi\"],\"inLanguage\":\"tr\",\"potentialAction\":[{\"@type\":\"CommentAction\",\"name\":\"Comment\",\"target\":[\"https:\\\/\\\/kibrisdakik.com\\\/?p=50113#respond\"]}]},{\"@type\":\"WebPage\",\"@id\":\"https:\\\/\\\/kibrisdakik.com\\\/?p=50113\",\"url\":\"https:\\\/\\\/kibrisdakik.com\\\/?p=50113\",\"name\":\"Galatasaray&#039;da Icardi \u015foku! Avukat\u0131 kampa geldi -\",\"isPartOf\":{\"@id\":\"https:\\\/\\\/kibrisdakik.com\\\/#website\"},\"primaryImageOfPage\":{\"@id\":\"https:\\\/\\\/kibrisdakik.com\\\/?p=50113#primaryimage\"},\"image\":{\"@id\":\"https:\\\/\\\/kibrisdakik.com\\\/?p=50113#primaryimage\"},\"thumbnailUrl\":\"https:\\\/\\\/kibrisdakik.com\\\/wp-content\\\/uploads\\\/2024\\\/07\\\/galatasarayda-icardi-soku-avukati-kampa-geldi-1721149838.webp.webp\",\"datePublished\":\"2024-07-16T17:38:44+00:00\",\"breadcrumb\":{\"@id\":\"https:\\\/\\\/kibrisdakik.com\\\/?p=50113#breadcrumb\"},\"inLanguage\":\"tr\",\"potentialAction\":[{\"@type\":\"ReadAction\",\"target\":[\"https:\\\/\\\/kibrisdakik.com\\\/?p=50113\"]}]},{\"@type\":\"ImageObject\",\"inLanguage\":\"tr\",\"@id\":\"https:\\\/\\\/kibrisdakik.com\\\/?p=50113#primaryimage\",\"url\":\"https:\\\/\\\/kibrisdakik.com\\\/wp-content\\\/uploads\\\/2024\\\/07\\\/galatasarayda-icardi-soku-avukati-kampa-geldi-1721149838.webp.webp\",\"contentUrl\":\"https:\\\/\\\/kibrisdakik.com\\\/wp-content\\\/uploads\\\/2024\\\/07\\\/galatasarayda-icardi-soku-avukati-kampa-geldi-1721149838.webp.webp\",\"width\":710,\"height\":370},{\"@type\":\"BreadcrumbList\",\"@id\":\"https:\\\/\\\/kibrisdakik.com\\\/?p=50113#breadcrumb\",\"itemListElement\":[{\"@type\":\"ListItem\",\"position\":1,\"name\":\"Home\",\"item\":\"https:\\\/\\\/kibrisdakik.com\\\/\"},{\"@type\":\"ListItem\",\"position\":2,\"name\":\"Galatasaray&#039;da Icardi \u015foku! Avukat\u0131 kampa geldi\"}]},{\"@type\":\"WebSite\",\"@id\":\"https:\\\/\\\/kibrisdakik.com\\\/#website\",\"url\":\"https:\\\/\\\/kibrisdakik.com\\\/\",\"name\":\"K\u0131br\u0131s Dakik\",\"description\":\"Tam vaktinde haber\",\"publisher\":{\"@id\":\"https:\\\/\\\/kibrisdakik.com\\\/#organization\"},\"potentialAction\":[{\"@type\":\"SearchAction\",\"target\":{\"@type\":\"EntryPoint\",\"urlTemplate\":\"https:\\\/\\\/kibrisdakik.com\\\/?s={search_term_string}\"},\"query-input\":{\"@type\":\"PropertyValueSpecification\",\"valueRequired\":true,\"valueName\":\"search_term_string\"}}],\"inLanguage\":\"tr\"},{\"@type\":\"Organization\",\"@id\":\"https:\\\/\\\/kibrisdakik.com\\\/#organization\",\"name\":\"K\u0131br\u0131s Dakik\",\"url\":\"https:\\\/\\\/kibrisdakik.com\\\/\",\"logo\":{\"@type\":\"ImageObject\",\"inLanguage\":\"tr\",\"@id\":\"https:\\\/\\\/kibrisdakik.com\\\/#\\\/schema\\\/logo\\\/image\\\/\",\"url\":\"https:\\\/\\\/kibrisdakik.com\\\/wp-content\\\/uploads\\\/2025\\\/10\\\/cropped-WhatsApp-Image-2025-10-02-at-12.58.31.jpeg\",\"contentUrl\":\"https:\\\/\\\/kibrisdakik.com\\\/wp-content\\\/uploads\\\/2025\\\/10\\\/cropped-WhatsApp-Image-2025-10-02-at-12.58.31.jpeg\",\"width\":1237,\"height\":190,\"caption\":\"K\u0131br\u0131s Dakik\"},\"image\":{\"@id\":\"https:\\\/\\\/kibrisdakik.com\\\/#\\\/schema\\\/logo\\\/image\\\/\"}},{\"@type\":\"Person\",\"@id\":\"https:\\\/\\\/kibrisdakik.com\\\/#\\\/schema\\\/person\\\/9cd9d437bbb44f72b73ba127e06d8e79\",\"name\":\"admin\",\"image\":{\"@type\":\"ImageObject\",\"inLanguage\":\"tr\",\"@id\":\"https:\\\/\\\/secure.gravatar.com\\\/avatar\\\/ccc17943b9d660506c869530f897617f7cb1c21a4bf30023f252596d83e1f007?s=96&d=mm&r=g\",\"url\":\"https:\\\/\\\/secure.gravatar.com\\\/avatar\\\/ccc17943b9d660506c869530f897617f7cb1c21a4bf30023f252596d83e1f007?s=96&d=mm&r=g\",\"contentUrl\":\"https:\\\/\\\/secure.gravatar.com\\\/avatar\\\/ccc17943b9d660506c869530f897617f7cb1c21a4bf30023f252596d83e1f007?s=96&d=mm&r=g\",\"caption\":\"admin\"},\"sameAs\":[\"https:\\\/\\\/kibrisdakik.com\"],\"url\":\"https:\\\/\\\/kibrisdakik.com\\\/?author=1\"}]}<\/script>\n<!-- \/ Yoast SEO plugin. -->","yoast_head_json":{"title":"Galatasaray&#039;da Icardi \u015foku! Avukat\u0131 kampa geldi -","robots":{"index":"index","follow":"follow","max-snippet":"max-snippet:-1","max-image-preview":"max-image-preview:large","max-video-preview":"max-video-preview:-1"},"canonical":"https:\/\/kibrisdakik.com\/?p=50113","og_locale":"tr_TR","og_type":"article","og_title":"Galatasaray&#039;da Icardi \u015foku! Avukat\u0131 kampa geldi -","og_description":"KAMPA GELD\u0130 Galatasaray&#8217;da Mauro Icardi ile ilgili s\u00fcrpriz bir geli\u015fme ya\u015fand\u0131. Arjantinli y\u0131ld\u0131z futbolcu, e\u015fi Wanda Nara ile ayr\u0131l\u0131k karar\u0131 almas\u0131n\u0131n ard\u0131ndan avukat\u0131n\u0131 kampa \u00e7a\u011f\u0131rd\u0131 ve kendisi i\u00e7in son derece \u00f6nemli olan sorunu \u00e7\u00f6zmek i\u00e7in d\u00fc\u011fmeye bast\u0131. HEDEF TAKIMA YANSITMAMAK Wanda Nara ile bo\u015fanma karar\u0131 alan Icardi, son d\u00f6nemde gelen iyi haberlerin ard\u0131ndan kendisine geldi.","og_url":"https:\/\/kibrisdakik.com\/?p=50113","article_published_time":"2024-07-16T17:38:44+00:00","og_image":[{"width":710,"height":370,"url":"https:\/\/kibrisdakik.com\/wp-content\/uploads\/2024\/07\/galatasarayda-icardi-soku-avukati-kampa-geldi-1721149838.webp.webp","type":"image\/webp"}],"author":"admin","twitter_card":"summary_large_image","twitter_misc":{"Yazan:":"admin","Tahmini okuma s\u00fcresi":"1 dakika"},"schema":{"@context":"https:\/\/schema.org","@graph":[{"@type":"Article","@id":"https:\/\/kibrisdakik.com\/?p=50113#article","isPartOf":{"@id":"https:\/\/kibrisdakik.com\/?p=50113"},"author":{"name":"admin","@id":"https:\/\/kibrisdakik.com\/#\/schema\/person\/9cd9d437bbb44f72b73ba127e06d8e79"},"headline":"Galatasaray&#039;da Icardi \u015foku! Avukat\u0131 kampa geldi","datePublished":"2024-07-16T17:38:44+00:00","mainEntityOfPage":{"@id":"https:\/\/kibrisdakik.com\/?p=50113"},"wordCount":258,"commentCount":0,"publisher":{"@id":"https:\/\/kibrisdakik.com\/#organization"},"image":{"@id":"https:\/\/kibrisdakik.com\/?p=50113#primaryimage"},"thumbnailUrl":"https:\/\/kibrisdakik.com\/wp-content\/uploads\/2024\/07\/galatasarayda-icardi-soku-avukati-kampa-geldi-1721149838.webp.webp","articleSection":["Ekonomi"],"inLanguage":"tr","potentialAction":[{"@type":"CommentAction","name":"Comment","target":["https:\/\/kibrisdakik.com\/?p=50113#respond"]}]},{"@type":"WebPage","@id":"https:\/\/kibrisdakik.com\/?p=50113","url":"https:\/\/kibrisdakik.com\/?p=50113","name":"Galatasaray&#039;da Icardi \u015foku! Avukat\u0131 kampa geldi -","isPartOf":{"@id":"https:\/\/kibrisdakik.com\/#website"},"primaryImageOfPage":{"@id":"https:\/\/kibrisdakik.com\/?p=50113#primaryimage"},"image":{"@id":"https:\/\/kibrisdakik.com\/?p=50113#primaryimage"},"thumbnailUrl":"https:\/\/kibrisdakik.com\/wp-content\/uploads\/2024\/07\/galatasarayda-icardi-soku-avukati-kampa-geldi-1721149838.webp.webp","datePublished":"2024-07-16T17:38:44+00:00","breadcrumb":{"@id":"https:\/\/kibrisdakik.com\/?p=50113#breadcrumb"},"inLanguage":"tr","potentialAction":[{"@type":"ReadAction","target":["https:\/\/kibrisdakik.com\/?p=50113"]}]},{"@type":"ImageObject","inLanguage":"tr","@id":"https:\/\/kibrisdakik.com\/?p=50113#primaryimage","url":"https:\/\/kibrisdakik.com\/wp-content\/uploads\/2024\/07\/galatasarayda-icardi-soku-avukati-kampa-geldi-1721149838.webp.webp","contentUrl":"https:\/\/kibrisdakik.com\/wp-content\/uploads\/2024\/07\/galatasarayda-icardi-soku-avukati-kampa-geldi-1721149838.webp.webp","width":710,"height":370},{"@type":"BreadcrumbList","@id":"https:\/\/kibrisdakik.com\/?p=50113#breadcrumb","itemListElement":[{"@type":"ListItem","position":1,"name":"Home","item":"https:\/\/kibrisdakik.com\/"},{"@type":"ListItem","position":2,"name":"Galatasaray&#039;da Icardi \u015foku! Avukat\u0131 kampa geldi"}]},{"@type":"WebSite","@id":"https:\/\/kibrisdakik.com\/#website","url":"https:\/\/kibrisdakik.com\/","name":"K\u0131br\u0131s Dakik","description":"Tam vaktinde haber","publisher":{"@id":"https:\/\/kibrisdakik.com\/#organization"},"potentialAction":[{"@type":"SearchAction","target":{"@type":"EntryPoint","urlTemplate":"https:\/\/kibrisdakik.com\/?s={search_term_string}"},"query-input":{"@type":"PropertyValueSpecification","valueRequired":true,"valueName":"search_term_string"}}],"inLanguage":"tr"},{"@type":"Organization","@id":"https:\/\/kibrisdakik.com\/#organization","name":"K\u0131br\u0131s Dakik","url":"https:\/\/kibrisdakik.com\/","logo":{"@type":"ImageObject","inLanguage":"tr","@id":"https:\/\/kibrisdakik.com\/#\/schema\/logo\/image\/","url":"https:\/\/kibrisdakik.com\/wp-content\/uploads\/2025\/10\/cropped-WhatsApp-Image-2025-10-02-at-12.58.31.jpeg","contentUrl":"https:\/\/kibrisdakik.com\/wp-content\/uploads\/2025\/10\/cropped-WhatsApp-Image-2025-10-02-at-12.58.31.jpeg","width":1237,"height":190,"caption":"K\u0131br\u0131s Dakik"},"image":{"@id":"https:\/\/kibrisdakik.com\/#\/schema\/logo\/image\/"}},{"@type":"Person","@id":"https:\/\/kibrisdakik.com\/#\/schema\/person\/9cd9d437bbb44f72b73ba127e06d8e79","name":"admin","image":{"@type":"ImageObject","inLanguage":"tr","@id":"https:\/\/secure.gravatar.com\/avatar\/ccc17943b9d660506c869530f897617f7cb1c21a4bf30023f252596d83e1f007?s=96&d=mm&r=g","url":"https:\/\/secure.gravatar.com\/avatar\/ccc17943b9d660506c869530f897617f7cb1c21a4bf30023f252596d83e1f007?s=96&d=mm&r=g","contentUrl":"https:\/\/secure.gravatar.com\/avatar\/ccc17943b9d660506c869530f897617f7cb1c21a4bf30023f252596d83e1f007?s=96&d=mm&r=g","caption":"admin"},"sameAs":["https:\/\/kibrisdakik.com"],"url":"https:\/\/kibrisdakik.com\/?author=1"}]}},"_links":{"self":[{"href":"https:\/\/kibrisdakik.com\/index.php?rest_route=\/wp\/v2\/posts\/50113","targetHints":{"allow":["GET"]}}],"collection":[{"href":"https:\/\/kibrisdakik.com\/index.php?rest_route=\/wp\/v2\/posts"}],"about":[{"href":"https:\/\/kibrisdakik.com\/index.php?rest_route=\/wp\/v2\/types\/post"}],"author":[{"embeddable":true,"href":"https:\/\/kibrisdakik.com\/index.php?rest_route=\/wp\/v2\/users\/1"}],"replies":[{"embeddable":true,"href":"https:\/\/kibrisdakik.com\/index.php?rest_route=%2Fwp%2Fv2%2Fcomments&post=50113"}],"version-history":[{"count":0,"href":"https:\/\/kibrisdakik.com\/index.php?rest_route=\/wp\/v2\/posts\/50113\/revisions"}],"wp:featuredmedia":[{"embeddable":true,"href":"https:\/\/kibrisdakik.com\/index.php?rest_route=\/wp\/v2\/media\/50114"}],"wp:attachment":[{"href":"https:\/\/kibrisdakik.com\/index.php?rest_route=%2Fwp%2Fv2%2Fmedia&parent=50113"}],"wp:term":[{"taxonomy":"category","embeddable":true,"href":"https:\/\/kibrisdakik.com\/index.php?rest_route=%2Fwp%2Fv2%2Fcategories&post=50113"},{"taxonomy":"post_tag","embeddable":true,"href":"https:\/\/kibrisdakik.com\/index.php?rest_route=%2Fwp%2Fv2%2Ftags&post=50113"}],"curies":[{"name":"wp","href":"https:\/\/api.w.org\/{rel}","templated":true}]}}