{"id":50125,"date":"2024-07-16T18:49:50","date_gmt":"2024-07-16T18:49:50","guid":{"rendered":"https:\/\/kibrisdakik.com\/index.php\/2024\/07\/16\/sigorta-prim-destegi-verilecek-is-yerleri-arasina-hastaneler-klinikler-ve-veterinerler-de-alindi-2\/"},"modified":"2024-07-16T18:49:50","modified_gmt":"2024-07-16T18:49:50","slug":"sigorta-prim-destegi-verilecek-is-yerleri-arasina-hastaneler-klinikler-ve-veterinerler-de-alindi-2","status":"publish","type":"post","link":"https:\/\/kibrisdakik.com\/?p=50125","title":{"rendered":"Sigorta prim deste\u011fi verilecek i\u015f yerleri aras\u0131na hastaneler, klinikler ve veterinerler de al\u0131nd\u0131"},"content":{"rendered":"<p><\/p>\n<div>\n<div class=\"mariselle-image-container center\">\n                <img loading=\"lazy\" decoding=\"async\" width=\"302\" height=\"167\" class=\"lazy-image\" alt=\"\" sizes=\"auto, (max-width: 302px) 100vw, 302px\" src=\"https:\/\/brtk.net\/wp-content\/uploads\/2024\/07\/16\/sosyal-sigortalar-dairesi2.jpg?ver=c30d953f9bdd41dd9a00ef8c974f380f\" srcset=\"https:\/\/brtk.net\/wp-content\/uploads\/2024\/07\/16\/sosyal-sigortalar-dairesi2.jpg?ver=c30d953f9bdd41dd9a00ef8c974f380f 302w, https:\/\/brtk.net\/wp-content\/uploads\/2024\/07\/16\/sosyal-sigortalar-dairesi2-300x166.jpg?ver=c30d953f9bdd41dd9a00ef8c974f380f 300w\"\/>                            <\/div>\n<p>Sosyal sigorta prim deste\u011fi verilecek i\u015f yerleri aras\u0131na, hastaneler, klinikler ve veterinerler de al\u0131nd\u0131.<\/p>\n<p>Bu ama\u00e7la K\u0131br\u0131s T\u00fcrk Sosyal Sigortalar Yasas\u0131 ile Sosyal G\u00fcvenlik Yasas\u0131\u2019n\u0131 kapsayacak yasa g\u00fcc\u00fcnde kararnameler haz\u0131rlanarak Bakanlar Kurulu\u2019nda onayland\u0131 ve Resmi Gazete\u2019de yay\u0131mland\u0131.<\/p>\n<p>\u201cMart 2024 \u2013 \u015eubat 2025 D\u00f6nemi K\u0131br\u0131s T\u00fcrk Sosyal Sigortalar Yasas\u0131 Kapsam\u0131nda Sigortal\u0131 Olanlara Uygulanacak Prim Deste\u011fi Hakk\u0131nda Yasa G\u00fcc\u00fcnde Kararnamenin De\u011fi\u015ftirilmesi Hakk\u0131nda Yasa G\u00fcc\u00fcnde Kararname No:3\u201d  ile \u201cMart 2024 \u2013 \u015eubat 2025 D\u00f6nemi Sosyal G\u00fcvenlik Yasas\u0131 Kapsam\u0131nda Sigortal\u0131 Olanlara Uygulanacak Prim Deste\u011fi Hakk\u0131nda Yasa G\u00fcc\u00fcnde Kararnamenin De\u011fi\u015ftirilmesi Hakk\u0131nda Yasa G\u00fcc\u00fcnde Kararname No:3\u201d ile bu yasalarda de\u011fi\u015fiklik yap\u0131larak bu y\u0131l\u0131n mart ay\u0131ndan ba\u015flayarak \u015eubat 2025\u2019e kadarki s\u00fcrede sigorta prim deste\u011finden yararlanacak i\u015f yerleri kapsam\u0131na, hastaneler, klinikler ve veterinerler de al\u0131nd\u0131.<\/p>\n<p>Kararnameler Cumhuriyet Meclisi\u2019ne de sunuldu.<\/p>\n<\/p><\/div>\n<p><script async\n                    defer\n                    crossorigin=\"anonymous\"\n                    src=\"https:\/\/connect.facebook.net\/tr_TR\/sdk.js#xfbml=1&#038;version=v3.3\"\n            ><\/script><\/p>\n","protected":false},"excerpt":{"rendered":"<p>Sosyal sigorta prim deste\u011fi verilecek i\u015f yerleri aras\u0131na, hastaneler, klinikler ve veterinerler de al\u0131nd\u0131. Bu ama\u00e7la K\u0131br\u0131s T\u00fcrk Sosyal Sigortalar Yasas\u0131 ile Sosyal G\u00fcvenlik Yasas\u0131\u2019n\u0131 kapsayacak yasa g\u00fcc\u00fcnde kararnameler haz\u0131rlanarak Bakanlar Kurulu\u2019nda onayland\u0131 ve Resmi Gazete\u2019de yay\u0131mland\u0131. \u201cMart 2024 \u2013 \u015eubat 2025 D\u00f6nemi K\u0131br\u0131s T\u00fcrk Sosyal Sigortalar Yasas\u0131 Kapsam\u0131nda Sigortal\u0131 Olanlara Uygulanacak Prim Deste\u011fi Hakk\u0131nda<\/p>\n","protected":false},"author":1,"featured_media":50126,"comment_status":"open","ping_status":"open","sticky":false,"template":"","format":"standard","meta":{"footnotes":""},"categories":[1],"tags":[],"class_list":["post-50125","post","type-post","status-publish","format-standard","has-post-thumbnail","hentry","category-gundem"],"yoast_head":"<!-- This site is optimized with the Yoast SEO plugin v27.4 - https:\/\/yoast.com\/product\/yoast-seo-wordpress\/ -->\n<title>Sigorta prim deste\u011fi verilecek i\u015f yerleri aras\u0131na hastaneler, klinikler ve veterinerler de al\u0131nd\u0131 -<\/title>\n<meta name=\"robots\" content=\"index, follow, max-snippet:-1, max-image-preview:large, max-video-preview:-1\" \/>\n<link rel=\"canonical\" href=\"https:\/\/kibrisdakik.com\/?p=50125\" \/>\n<meta property=\"og:locale\" content=\"tr_TR\" \/>\n<meta property=\"og:type\" content=\"article\" \/>\n<meta property=\"og:title\" content=\"Sigorta prim deste\u011fi verilecek i\u015f yerleri aras\u0131na hastaneler, klinikler ve veterinerler de al\u0131nd\u0131 -\" \/>\n<meta property=\"og:description\" content=\"Sosyal sigorta prim deste\u011fi verilecek i\u015f yerleri aras\u0131na, hastaneler, klinikler ve veterinerler de al\u0131nd\u0131. Bu ama\u00e7la K\u0131br\u0131s T\u00fcrk Sosyal Sigortalar Yasas\u0131 ile Sosyal G\u00fcvenlik Yasas\u0131\u2019n\u0131 kapsayacak yasa g\u00fcc\u00fcnde kararnameler haz\u0131rlanarak Bakanlar Kurulu\u2019nda onayland\u0131 ve Resmi Gazete\u2019de yay\u0131mland\u0131. \u201cMart 2024 \u2013 \u015eubat 2025 D\u00f6nemi K\u0131br\u0131s T\u00fcrk Sosyal Sigortalar Yasas\u0131 Kapsam\u0131nda Sigortal\u0131 Olanlara Uygulanacak Prim Deste\u011fi Hakk\u0131nda\" \/>\n<meta property=\"og:url\" content=\"https:\/\/kibrisdakik.com\/?p=50125\" \/>\n<meta property=\"article:published_time\" content=\"2024-07-16T18:49:50+00:00\" \/>\n<meta property=\"og:image\" content=\"https:\/\/kibrisdakik.com\/wp-content\/uploads\/2024\/07\/sosyal-sigortalar-dairesi2.jpg\" \/>\n\t<meta property=\"og:image:width\" content=\"302\" \/>\n\t<meta property=\"og:image:height\" content=\"167\" \/>\n\t<meta property=\"og:image:type\" content=\"image\/jpeg\" \/>\n<meta name=\"author\" content=\"admin\" \/>\n<meta name=\"twitter:card\" content=\"summary_large_image\" \/>\n<meta name=\"twitter:label1\" content=\"Yazan:\" \/>\n\t<meta name=\"twitter:data1\" content=\"admin\" \/>\n\t<meta name=\"twitter:label2\" content=\"Tahmini okuma s\u00fcresi\" \/>\n\t<meta name=\"twitter:data2\" content=\"1 dakika\" \/>\n<script type=\"application\/ld+json\" class=\"yoast-schema-graph\">{\"@context\":\"https:\\\/\\\/schema.org\",\"@graph\":[{\"@type\":\"Article\",\"@id\":\"https:\\\/\\\/kibrisdakik.com\\\/?p=50125#article\",\"isPartOf\":{\"@id\":\"https:\\\/\\\/kibrisdakik.com\\\/?p=50125\"},\"author\":{\"name\":\"admin\",\"@id\":\"https:\\\/\\\/kibrisdakik.com\\\/#\\\/schema\\\/person\\\/9cd9d437bbb44f72b73ba127e06d8e79\"},\"headline\":\"Sigorta prim deste\u011fi verilecek i\u015f yerleri aras\u0131na hastaneler, klinikler ve veterinerler de al\u0131nd\u0131\",\"datePublished\":\"2024-07-16T18:49:50+00:00\",\"mainEntityOfPage\":{\"@id\":\"https:\\\/\\\/kibrisdakik.com\\\/?p=50125\"},\"wordCount\":185,\"commentCount\":0,\"image\":{\"@id\":\"https:\\\/\\\/kibrisdakik.com\\\/?p=50125#primaryimage\"},\"thumbnailUrl\":\"https:\\\/\\\/kibrisdakik.com\\\/wp-content\\\/uploads\\\/2024\\\/07\\\/sosyal-sigortalar-dairesi2.jpg\",\"articleSection\":[\"G\u00fcndem\"],\"inLanguage\":\"tr\",\"potentialAction\":[{\"@type\":\"CommentAction\",\"name\":\"Comment\",\"target\":[\"https:\\\/\\\/kibrisdakik.com\\\/?p=50125#respond\"]}]},{\"@type\":\"WebPage\",\"@id\":\"https:\\\/\\\/kibrisdakik.com\\\/?p=50125\",\"url\":\"https:\\\/\\\/kibrisdakik.com\\\/?p=50125\",\"name\":\"Sigorta prim deste\u011fi verilecek i\u015f yerleri aras\u0131na hastaneler, klinikler ve veterinerler de al\u0131nd\u0131 -\",\"isPartOf\":{\"@id\":\"https:\\\/\\\/kibrisdakik.com\\\/#website\"},\"primaryImageOfPage\":{\"@id\":\"https:\\\/\\\/kibrisdakik.com\\\/?p=50125#primaryimage\"},\"image\":{\"@id\":\"https:\\\/\\\/kibrisdakik.com\\\/?p=50125#primaryimage\"},\"thumbnailUrl\":\"https:\\\/\\\/kibrisdakik.com\\\/wp-content\\\/uploads\\\/2024\\\/07\\\/sosyal-sigortalar-dairesi2.jpg\",\"datePublished\":\"2024-07-16T18:49:50+00:00\",\"author\":{\"@id\":\"https:\\\/\\\/kibrisdakik.com\\\/#\\\/schema\\\/person\\\/9cd9d437bbb44f72b73ba127e06d8e79\"},\"breadcrumb\":{\"@id\":\"https:\\\/\\\/kibrisdakik.com\\\/?p=50125#breadcrumb\"},\"inLanguage\":\"tr\",\"potentialAction\":[{\"@type\":\"ReadAction\",\"target\":[\"https:\\\/\\\/kibrisdakik.com\\\/?p=50125\"]}]},{\"@type\":\"ImageObject\",\"inLanguage\":\"tr\",\"@id\":\"https:\\\/\\\/kibrisdakik.com\\\/?p=50125#primaryimage\",\"url\":\"https:\\\/\\\/kibrisdakik.com\\\/wp-content\\\/uploads\\\/2024\\\/07\\\/sosyal-sigortalar-dairesi2.jpg\",\"contentUrl\":\"https:\\\/\\\/kibrisdakik.com\\\/wp-content\\\/uploads\\\/2024\\\/07\\\/sosyal-sigortalar-dairesi2.jpg\",\"width\":302,\"height\":167},{\"@type\":\"BreadcrumbList\",\"@id\":\"https:\\\/\\\/kibrisdakik.com\\\/?p=50125#breadcrumb\",\"itemListElement\":[{\"@type\":\"ListItem\",\"position\":1,\"name\":\"Home\",\"item\":\"https:\\\/\\\/kibrisdakik.com\\\/\"},{\"@type\":\"ListItem\",\"position\":2,\"name\":\"Sigorta prim deste\u011fi verilecek i\u015f yerleri aras\u0131na hastaneler, klinikler ve veterinerler de al\u0131nd\u0131\"}]},{\"@type\":\"WebSite\",\"@id\":\"https:\\\/\\\/kibrisdakik.com\\\/#website\",\"url\":\"https:\\\/\\\/kibrisdakik.com\\\/\",\"name\":\"\",\"description\":\"Tam vaktinde haber\",\"potentialAction\":[{\"@type\":\"SearchAction\",\"target\":{\"@type\":\"EntryPoint\",\"urlTemplate\":\"https:\\\/\\\/kibrisdakik.com\\\/?s={search_term_string}\"},\"query-input\":{\"@type\":\"PropertyValueSpecification\",\"valueRequired\":true,\"valueName\":\"search_term_string\"}}],\"inLanguage\":\"tr\"},{\"@type\":\"Person\",\"@id\":\"https:\\\/\\\/kibrisdakik.com\\\/#\\\/schema\\\/person\\\/9cd9d437bbb44f72b73ba127e06d8e79\",\"name\":\"admin\",\"image\":{\"@type\":\"ImageObject\",\"inLanguage\":\"tr\",\"@id\":\"https:\\\/\\\/secure.gravatar.com\\\/avatar\\\/ccc17943b9d660506c869530f897617f7cb1c21a4bf30023f252596d83e1f007?s=96&d=mm&r=g\",\"url\":\"https:\\\/\\\/secure.gravatar.com\\\/avatar\\\/ccc17943b9d660506c869530f897617f7cb1c21a4bf30023f252596d83e1f007?s=96&d=mm&r=g\",\"contentUrl\":\"https:\\\/\\\/secure.gravatar.com\\\/avatar\\\/ccc17943b9d660506c869530f897617f7cb1c21a4bf30023f252596d83e1f007?s=96&d=mm&r=g\",\"caption\":\"admin\"},\"sameAs\":[\"https:\\\/\\\/kibrisdakik.com\"],\"url\":\"https:\\\/\\\/kibrisdakik.com\\\/?author=1\"}]}<\/script>\n<!-- \/ Yoast SEO plugin. -->","yoast_head_json":{"title":"Sigorta prim deste\u011fi verilecek i\u015f yerleri aras\u0131na hastaneler, klinikler ve veterinerler de al\u0131nd\u0131 -","robots":{"index":"index","follow":"follow","max-snippet":"max-snippet:-1","max-image-preview":"max-image-preview:large","max-video-preview":"max-video-preview:-1"},"canonical":"https:\/\/kibrisdakik.com\/?p=50125","og_locale":"tr_TR","og_type":"article","og_title":"Sigorta prim deste\u011fi verilecek i\u015f yerleri aras\u0131na hastaneler, klinikler ve veterinerler de al\u0131nd\u0131 -","og_description":"Sosyal sigorta prim deste\u011fi verilecek i\u015f yerleri aras\u0131na, hastaneler, klinikler ve veterinerler de al\u0131nd\u0131. Bu ama\u00e7la K\u0131br\u0131s T\u00fcrk Sosyal Sigortalar Yasas\u0131 ile Sosyal G\u00fcvenlik Yasas\u0131\u2019n\u0131 kapsayacak yasa g\u00fcc\u00fcnde kararnameler haz\u0131rlanarak Bakanlar Kurulu\u2019nda onayland\u0131 ve Resmi Gazete\u2019de yay\u0131mland\u0131. \u201cMart 2024 \u2013 \u015eubat 2025 D\u00f6nemi K\u0131br\u0131s T\u00fcrk Sosyal Sigortalar Yasas\u0131 Kapsam\u0131nda Sigortal\u0131 Olanlara Uygulanacak Prim Deste\u011fi Hakk\u0131nda","og_url":"https:\/\/kibrisdakik.com\/?p=50125","article_published_time":"2024-07-16T18:49:50+00:00","og_image":[{"width":302,"height":167,"url":"https:\/\/kibrisdakik.com\/wp-content\/uploads\/2024\/07\/sosyal-sigortalar-dairesi2.jpg","type":"image\/jpeg"}],"author":"admin","twitter_card":"summary_large_image","twitter_misc":{"Yazan:":"admin","Tahmini okuma s\u00fcresi":"1 dakika"},"schema":{"@context":"https:\/\/schema.org","@graph":[{"@type":"Article","@id":"https:\/\/kibrisdakik.com\/?p=50125#article","isPartOf":{"@id":"https:\/\/kibrisdakik.com\/?p=50125"},"author":{"name":"admin","@id":"https:\/\/kibrisdakik.com\/#\/schema\/person\/9cd9d437bbb44f72b73ba127e06d8e79"},"headline":"Sigorta prim deste\u011fi verilecek i\u015f yerleri aras\u0131na hastaneler, klinikler ve veterinerler de al\u0131nd\u0131","datePublished":"2024-07-16T18:49:50+00:00","mainEntityOfPage":{"@id":"https:\/\/kibrisdakik.com\/?p=50125"},"wordCount":185,"commentCount":0,"image":{"@id":"https:\/\/kibrisdakik.com\/?p=50125#primaryimage"},"thumbnailUrl":"https:\/\/kibrisdakik.com\/wp-content\/uploads\/2024\/07\/sosyal-sigortalar-dairesi2.jpg","articleSection":["G\u00fcndem"],"inLanguage":"tr","potentialAction":[{"@type":"CommentAction","name":"Comment","target":["https:\/\/kibrisdakik.com\/?p=50125#respond"]}]},{"@type":"WebPage","@id":"https:\/\/kibrisdakik.com\/?p=50125","url":"https:\/\/kibrisdakik.com\/?p=50125","name":"Sigorta prim deste\u011fi verilecek i\u015f yerleri aras\u0131na hastaneler, klinikler ve veterinerler de al\u0131nd\u0131 -","isPartOf":{"@id":"https:\/\/kibrisdakik.com\/#website"},"primaryImageOfPage":{"@id":"https:\/\/kibrisdakik.com\/?p=50125#primaryimage"},"image":{"@id":"https:\/\/kibrisdakik.com\/?p=50125#primaryimage"},"thumbnailUrl":"https:\/\/kibrisdakik.com\/wp-content\/uploads\/2024\/07\/sosyal-sigortalar-dairesi2.jpg","datePublished":"2024-07-16T18:49:50+00:00","author":{"@id":"https:\/\/kibrisdakik.com\/#\/schema\/person\/9cd9d437bbb44f72b73ba127e06d8e79"},"breadcrumb":{"@id":"https:\/\/kibrisdakik.com\/?p=50125#breadcrumb"},"inLanguage":"tr","potentialAction":[{"@type":"ReadAction","target":["https:\/\/kibrisdakik.com\/?p=50125"]}]},{"@type":"ImageObject","inLanguage":"tr","@id":"https:\/\/kibrisdakik.com\/?p=50125#primaryimage","url":"https:\/\/kibrisdakik.com\/wp-content\/uploads\/2024\/07\/sosyal-sigortalar-dairesi2.jpg","contentUrl":"https:\/\/kibrisdakik.com\/wp-content\/uploads\/2024\/07\/sosyal-sigortalar-dairesi2.jpg","width":302,"height":167},{"@type":"BreadcrumbList","@id":"https:\/\/kibrisdakik.com\/?p=50125#breadcrumb","itemListElement":[{"@type":"ListItem","position":1,"name":"Home","item":"https:\/\/kibrisdakik.com\/"},{"@type":"ListItem","position":2,"name":"Sigorta prim deste\u011fi verilecek i\u015f yerleri aras\u0131na hastaneler, klinikler ve veterinerler de al\u0131nd\u0131"}]},{"@type":"WebSite","@id":"https:\/\/kibrisdakik.com\/#website","url":"https:\/\/kibrisdakik.com\/","name":"","description":"Tam vaktinde haber","potentialAction":[{"@type":"SearchAction","target":{"@type":"EntryPoint","urlTemplate":"https:\/\/kibrisdakik.com\/?s={search_term_string}"},"query-input":{"@type":"PropertyValueSpecification","valueRequired":true,"valueName":"search_term_string"}}],"inLanguage":"tr"},{"@type":"Person","@id":"https:\/\/kibrisdakik.com\/#\/schema\/person\/9cd9d437bbb44f72b73ba127e06d8e79","name":"admin","image":{"@type":"ImageObject","inLanguage":"tr","@id":"https:\/\/secure.gravatar.com\/avatar\/ccc17943b9d660506c869530f897617f7cb1c21a4bf30023f252596d83e1f007?s=96&d=mm&r=g","url":"https:\/\/secure.gravatar.com\/avatar\/ccc17943b9d660506c869530f897617f7cb1c21a4bf30023f252596d83e1f007?s=96&d=mm&r=g","contentUrl":"https:\/\/secure.gravatar.com\/avatar\/ccc17943b9d660506c869530f897617f7cb1c21a4bf30023f252596d83e1f007?s=96&d=mm&r=g","caption":"admin"},"sameAs":["https:\/\/kibrisdakik.com"],"url":"https:\/\/kibrisdakik.com\/?author=1"}]}},"_links":{"self":[{"href":"https:\/\/kibrisdakik.com\/index.php?rest_route=\/wp\/v2\/posts\/50125","targetHints":{"allow":["GET"]}}],"collection":[{"href":"https:\/\/kibrisdakik.com\/index.php?rest_route=\/wp\/v2\/posts"}],"about":[{"href":"https:\/\/kibrisdakik.com\/index.php?rest_route=\/wp\/v2\/types\/post"}],"author":[{"embeddable":true,"href":"https:\/\/kibrisdakik.com\/index.php?rest_route=\/wp\/v2\/users\/1"}],"replies":[{"embeddable":true,"href":"https:\/\/kibrisdakik.com\/index.php?rest_route=%2Fwp%2Fv2%2Fcomments&post=50125"}],"version-history":[{"count":0,"href":"https:\/\/kibrisdakik.com\/index.php?rest_route=\/wp\/v2\/posts\/50125\/revisions"}],"wp:featuredmedia":[{"embeddable":true,"href":"https:\/\/kibrisdakik.com\/index.php?rest_route=\/wp\/v2\/media\/50126"}],"wp:attachment":[{"href":"https:\/\/kibrisdakik.com\/index.php?rest_route=%2Fwp%2Fv2%2Fmedia&parent=50125"}],"wp:term":[{"taxonomy":"category","embeddable":true,"href":"https:\/\/kibrisdakik.com\/index.php?rest_route=%2Fwp%2Fv2%2Fcategories&post=50125"},{"taxonomy":"post_tag","embeddable":true,"href":"https:\/\/kibrisdakik.com\/index.php?rest_route=%2Fwp%2Fv2%2Ftags&post=50125"}],"curies":[{"name":"wp","href":"https:\/\/api.w.org\/{rel}","templated":true}]}}