{"id":50151,"date":"2024-07-16T22:52:40","date_gmt":"2024-07-16T22:52:40","guid":{"rendered":"https:\/\/kibrisdakik.com\/index.php\/2024\/07\/16\/icisleri-bakani-oguz-dev-is-heyetini-kabul-etti\/"},"modified":"2024-07-16T22:52:40","modified_gmt":"2024-07-16T22:52:40","slug":"icisleri-bakani-oguz-dev-is-heyetini-kabul-etti","status":"publish","type":"post","link":"https:\/\/kibrisdakik.com\/?p=50151","title":{"rendered":"\u0130\u00e7i\u015fleri Bakan\u0131 O\u011fuz, DEV-\u0130\u015e heyetini kabul etti"},"content":{"rendered":"<p><\/p>\n<div>\n<div class=\"mariselle-image-container center\">\n                <img loading=\"lazy\" decoding=\"async\" width=\"1600\" height=\"900\" class=\"lazy-image\" alt=\"\" sizes=\"auto, (max-width: 1600px) 100vw, 1600px\" src=\"https:\/\/brtk.net\/wp-content\/uploads\/2024\/07\/16\/dursun-oguz-dev-is-kabul.jpg?ver=de75cff814a3df9a5fa2fa1ebf73922b\" srcset=\"https:\/\/brtk.net\/wp-content\/uploads\/2024\/07\/16\/dursun-oguz-dev-is-kabul.jpg?ver=de75cff814a3df9a5fa2fa1ebf73922b 1600w, https:\/\/brtk.net\/wp-content\/uploads\/2024\/07\/16\/dursun-oguz-dev-is-kabul-300x169.jpg?ver=de75cff814a3df9a5fa2fa1ebf73922b 300w, https:\/\/brtk.net\/wp-content\/uploads\/2024\/07\/16\/dursun-oguz-dev-is-kabul-1024x576.jpg?ver=de75cff814a3df9a5fa2fa1ebf73922b 1024w, https:\/\/brtk.net\/wp-content\/uploads\/2024\/07\/16\/dursun-oguz-dev-is-kabul-768x432.jpg?ver=de75cff814a3df9a5fa2fa1ebf73922b 768w, https:\/\/brtk.net\/wp-content\/uploads\/2024\/07\/16\/dursun-oguz-dev-is-kabul-1536x864.jpg?ver=a358fcbf2b114c0a9d8065c8ca3c5533 1536w\"\/>                            <\/div>\n<p>\n \u0130\u00e7i\u015fleri Bakan\u0131 Dursun O\u011fuz, Devrimci \u0130\u015f\u00e7i Sendikalar\u0131 Federasyonu (DEV-\u0130\u015e) Ba\u015fkan\u0131 Semih Kolozali ve beraberindeki heyeti kabul etti. <\/p>\n<p>Bakanl\u0131k\u2019tan yap\u0131lan yaz\u0131l\u0131 a\u00e7\u0131klamaya g\u00f6re, ziyarette 17 y\u0131l \u00f6nce y\u00fcr\u00fcrl\u00fc\u011fe girmesi beklenen Belediye Personel Yasas\u0131na ba\u011fl\u0131 atama ve s\u0131nav t\u00fcz\u00fc\u011f\u00fcn\u00fcn hala y\u00fcr\u00fcrl\u00fc\u011fe girmemesinin yaratt\u0131\u011f\u0131 sorunlar g\u00f6r\u00fc\u015f\u00fcld\u00fc. <\/p>\n<p>DEV-\u0130\u015e Ba\u015fkan\u0131 Semih Kolozali ziyarette yapt\u0131\u011f\u0131 konu\u015fmada bu konudaki ma\u011fduriyetin giderilmesi gerekti\u011fine vurgu yaparak, \u00e7al\u0131\u015fanlar\u0131n hak etti\u011fi adil ve liyakata dayal\u0131 sistemin bir an \u00f6nce hayata ge\u00e7irilmesini istedi.<\/p>\n<p>Kolozali, yerel y\u00f6netimlerin etkin \u00e7al\u0131\u015fabilmesi i\u00e7in gerekli olan d\u00fczenlemelerin h\u0131zland\u0131r\u0131lmas\u0131 talebinde de bulundu. <\/p>\n<p>Toplant\u0131da DEV-\u0130\u015e Federasyonuna ba\u011fl\u0131 Emek-\u0130\u015f Sendikas\u0131 ile Avc\u0131l\u0131k Federasyonu aras\u0131nda Toplu \u0130\u015f S\u00f6zle\u015fmesi imzalanmas\u0131 amac\u0131yla Merkezi Av Komisyonu ile Avc\u0131l\u0131k Federasyonu aras\u0131ndaki yetkilendirme probleminin \u00e7\u00f6z\u00fcm\u00fc konusunda mutabakata da var\u0131ld\u0131.<\/p>\n<p>\u0130\u00e7i\u015fleri Bakan\u0131 Dursun O\u011fuz ise 18 belediyenin n\u00fcfus, ekonomi ve personel yap\u0131s\u0131 gibi konularda birbirinden farkl\u0131 oldu\u011funu kaydetti ve her belediyenin ihtiyac\u0131na uygun, adil ve liyakata dayal\u0131 bir tasar\u0131 \u00fczerinde \u00e7al\u0131\u015ft\u0131klar\u0131n\u0131 ifade etti. <\/p>\n<p>O\u011fuz, \u201cAmac\u0131m\u0131z, t\u00fcm belediyelerimizin etkin ve verimli \u00e7al\u0131\u015fabilmesi i\u00e7in gerekli d\u00fczenlemeleri yapmakt\u0131r. En k\u0131sa s\u00fcrede haz\u0131rlayaca\u011f\u0131m\u0131z tasla\u011f\u0131 ilgili payda\u015flarla payla\u015farak, ortak bir \u00e7\u00f6z\u00fcm yolu bulmay\u0131 hedefliyoruz\u201d dedi.<\/p>\n<\/p><\/div>\n<p><script async\n                    defer\n                    crossorigin=\"anonymous\"\n                    src=\"https:\/\/connect.facebook.net\/tr_TR\/sdk.js#xfbml=1&#038;version=v3.3\"\n            ><\/script><\/p>\n","protected":false},"excerpt":{"rendered":"<p>\u0130\u00e7i\u015fleri Bakan\u0131 Dursun O\u011fuz, Devrimci \u0130\u015f\u00e7i Sendikalar\u0131 Federasyonu (DEV-\u0130\u015e) Ba\u015fkan\u0131 Semih Kolozali ve beraberindeki heyeti kabul etti. Bakanl\u0131k\u2019tan yap\u0131lan yaz\u0131l\u0131 a\u00e7\u0131klamaya g\u00f6re, ziyarette 17 y\u0131l \u00f6nce y\u00fcr\u00fcrl\u00fc\u011fe girmesi beklenen Belediye Personel Yasas\u0131na ba\u011fl\u0131 atama ve s\u0131nav t\u00fcz\u00fc\u011f\u00fcn\u00fcn hala y\u00fcr\u00fcrl\u00fc\u011fe girmemesinin yaratt\u0131\u011f\u0131 sorunlar g\u00f6r\u00fc\u015f\u00fcld\u00fc. DEV-\u0130\u015e Ba\u015fkan\u0131 Semih Kolozali ziyarette yapt\u0131\u011f\u0131 konu\u015fmada bu konudaki ma\u011fduriyetin giderilmesi gerekti\u011fine<\/p>\n","protected":false},"author":1,"featured_media":50152,"comment_status":"open","ping_status":"open","sticky":false,"template":"","format":"standard","meta":{"footnotes":""},"categories":[1],"tags":[],"class_list":["post-50151","post","type-post","status-publish","format-standard","has-post-thumbnail","hentry","category-gundem"],"yoast_head":"<!-- This site is optimized with the Yoast SEO plugin v27.5 - https:\/\/yoast.com\/product\/yoast-seo-wordpress\/ -->\n<title>\u0130\u00e7i\u015fleri Bakan\u0131 O\u011fuz, DEV-\u0130\u015e heyetini kabul etti -<\/title>\n<meta name=\"robots\" content=\"index, follow, max-snippet:-1, max-image-preview:large, max-video-preview:-1\" \/>\n<link rel=\"canonical\" href=\"https:\/\/kibrisdakik.com\/?p=50151\" \/>\n<meta property=\"og:locale\" content=\"tr_TR\" \/>\n<meta property=\"og:type\" content=\"article\" \/>\n<meta property=\"og:title\" content=\"\u0130\u00e7i\u015fleri Bakan\u0131 O\u011fuz, DEV-\u0130\u015e heyetini kabul etti -\" \/>\n<meta property=\"og:description\" content=\"\u0130\u00e7i\u015fleri Bakan\u0131 Dursun O\u011fuz, Devrimci \u0130\u015f\u00e7i Sendikalar\u0131 Federasyonu (DEV-\u0130\u015e) Ba\u015fkan\u0131 Semih Kolozali ve beraberindeki heyeti kabul etti. Bakanl\u0131k\u2019tan yap\u0131lan yaz\u0131l\u0131 a\u00e7\u0131klamaya g\u00f6re, ziyarette 17 y\u0131l \u00f6nce y\u00fcr\u00fcrl\u00fc\u011fe girmesi beklenen Belediye Personel Yasas\u0131na ba\u011fl\u0131 atama ve s\u0131nav t\u00fcz\u00fc\u011f\u00fcn\u00fcn hala y\u00fcr\u00fcrl\u00fc\u011fe girmemesinin yaratt\u0131\u011f\u0131 sorunlar g\u00f6r\u00fc\u015f\u00fcld\u00fc. DEV-\u0130\u015e Ba\u015fkan\u0131 Semih Kolozali ziyarette yapt\u0131\u011f\u0131 konu\u015fmada bu konudaki ma\u011fduriyetin giderilmesi gerekti\u011fine\" \/>\n<meta property=\"og:url\" content=\"https:\/\/kibrisdakik.com\/?p=50151\" \/>\n<meta property=\"article:published_time\" content=\"2024-07-16T22:52:40+00:00\" \/>\n<meta property=\"og:image\" content=\"https:\/\/kibrisdakik.com\/wp-content\/uploads\/2024\/07\/dursun-oguz-dev-is-kabul-740x420.jpg\" \/>\n\t<meta property=\"og:image:width\" content=\"1600\" \/>\n\t<meta property=\"og:image:height\" content=\"900\" \/>\n\t<meta property=\"og:image:type\" content=\"image\/jpeg\" \/>\n<meta name=\"author\" content=\"admin\" \/>\n<meta name=\"twitter:card\" content=\"summary_large_image\" \/>\n<meta name=\"twitter:label1\" content=\"Yazan:\" \/>\n\t<meta name=\"twitter:data1\" content=\"admin\" \/>\n\t<meta name=\"twitter:label2\" content=\"Tahmini okuma s\u00fcresi\" \/>\n\t<meta name=\"twitter:data2\" content=\"1 dakika\" \/>\n<script type=\"application\/ld+json\" class=\"yoast-schema-graph\">{\"@context\":\"https:\\\/\\\/schema.org\",\"@graph\":[{\"@type\":\"Article\",\"@id\":\"https:\\\/\\\/kibrisdakik.com\\\/?p=50151#article\",\"isPartOf\":{\"@id\":\"https:\\\/\\\/kibrisdakik.com\\\/?p=50151\"},\"author\":{\"name\":\"admin\",\"@id\":\"https:\\\/\\\/kibrisdakik.com\\\/#\\\/schema\\\/person\\\/9cd9d437bbb44f72b73ba127e06d8e79\"},\"headline\":\"\u0130\u00e7i\u015fleri Bakan\u0131 O\u011fuz, DEV-\u0130\u015e heyetini kabul etti\",\"datePublished\":\"2024-07-16T22:52:40+00:00\",\"mainEntityOfPage\":{\"@id\":\"https:\\\/\\\/kibrisdakik.com\\\/?p=50151\"},\"wordCount\":256,\"commentCount\":0,\"image\":{\"@id\":\"https:\\\/\\\/kibrisdakik.com\\\/?p=50151#primaryimage\"},\"thumbnailUrl\":\"https:\\\/\\\/kibrisdakik.com\\\/wp-content\\\/uploads\\\/2024\\\/07\\\/dursun-oguz-dev-is-kabul-740x420.jpg\",\"articleSection\":[\"G\u00fcndem\"],\"inLanguage\":\"tr\",\"potentialAction\":[{\"@type\":\"CommentAction\",\"name\":\"Comment\",\"target\":[\"https:\\\/\\\/kibrisdakik.com\\\/?p=50151#respond\"]}]},{\"@type\":\"WebPage\",\"@id\":\"https:\\\/\\\/kibrisdakik.com\\\/?p=50151\",\"url\":\"https:\\\/\\\/kibrisdakik.com\\\/?p=50151\",\"name\":\"\u0130\u00e7i\u015fleri Bakan\u0131 O\u011fuz, DEV-\u0130\u015e heyetini kabul etti -\",\"isPartOf\":{\"@id\":\"https:\\\/\\\/kibrisdakik.com\\\/#website\"},\"primaryImageOfPage\":{\"@id\":\"https:\\\/\\\/kibrisdakik.com\\\/?p=50151#primaryimage\"},\"image\":{\"@id\":\"https:\\\/\\\/kibrisdakik.com\\\/?p=50151#primaryimage\"},\"thumbnailUrl\":\"https:\\\/\\\/kibrisdakik.com\\\/wp-content\\\/uploads\\\/2024\\\/07\\\/dursun-oguz-dev-is-kabul-740x420.jpg\",\"datePublished\":\"2024-07-16T22:52:40+00:00\",\"author\":{\"@id\":\"https:\\\/\\\/kibrisdakik.com\\\/#\\\/schema\\\/person\\\/9cd9d437bbb44f72b73ba127e06d8e79\"},\"breadcrumb\":{\"@id\":\"https:\\\/\\\/kibrisdakik.com\\\/?p=50151#breadcrumb\"},\"inLanguage\":\"tr\",\"potentialAction\":[{\"@type\":\"ReadAction\",\"target\":[\"https:\\\/\\\/kibrisdakik.com\\\/?p=50151\"]}]},{\"@type\":\"ImageObject\",\"inLanguage\":\"tr\",\"@id\":\"https:\\\/\\\/kibrisdakik.com\\\/?p=50151#primaryimage\",\"url\":\"https:\\\/\\\/kibrisdakik.com\\\/wp-content\\\/uploads\\\/2024\\\/07\\\/dursun-oguz-dev-is-kabul-740x420.jpg\",\"contentUrl\":\"https:\\\/\\\/kibrisdakik.com\\\/wp-content\\\/uploads\\\/2024\\\/07\\\/dursun-oguz-dev-is-kabul-740x420.jpg\",\"width\":1600,\"height\":900},{\"@type\":\"BreadcrumbList\",\"@id\":\"https:\\\/\\\/kibrisdakik.com\\\/?p=50151#breadcrumb\",\"itemListElement\":[{\"@type\":\"ListItem\",\"position\":1,\"name\":\"Home\",\"item\":\"https:\\\/\\\/kibrisdakik.com\\\/\"},{\"@type\":\"ListItem\",\"position\":2,\"name\":\"\u0130\u00e7i\u015fleri Bakan\u0131 O\u011fuz, DEV-\u0130\u015e heyetini kabul etti\"}]},{\"@type\":\"WebSite\",\"@id\":\"https:\\\/\\\/kibrisdakik.com\\\/#website\",\"url\":\"https:\\\/\\\/kibrisdakik.com\\\/\",\"name\":\"\",\"description\":\"Tam vaktinde haber\",\"potentialAction\":[{\"@type\":\"SearchAction\",\"target\":{\"@type\":\"EntryPoint\",\"urlTemplate\":\"https:\\\/\\\/kibrisdakik.com\\\/?s={search_term_string}\"},\"query-input\":{\"@type\":\"PropertyValueSpecification\",\"valueRequired\":true,\"valueName\":\"search_term_string\"}}],\"inLanguage\":\"tr\"},{\"@type\":\"Person\",\"@id\":\"https:\\\/\\\/kibrisdakik.com\\\/#\\\/schema\\\/person\\\/9cd9d437bbb44f72b73ba127e06d8e79\",\"name\":\"admin\",\"image\":{\"@type\":\"ImageObject\",\"inLanguage\":\"tr\",\"@id\":\"https:\\\/\\\/secure.gravatar.com\\\/avatar\\\/ccc17943b9d660506c869530f897617f7cb1c21a4bf30023f252596d83e1f007?s=96&d=mm&r=g\",\"url\":\"https:\\\/\\\/secure.gravatar.com\\\/avatar\\\/ccc17943b9d660506c869530f897617f7cb1c21a4bf30023f252596d83e1f007?s=96&d=mm&r=g\",\"contentUrl\":\"https:\\\/\\\/secure.gravatar.com\\\/avatar\\\/ccc17943b9d660506c869530f897617f7cb1c21a4bf30023f252596d83e1f007?s=96&d=mm&r=g\",\"caption\":\"admin\"},\"sameAs\":[\"https:\\\/\\\/kibrisdakik.com\"],\"url\":\"https:\\\/\\\/kibrisdakik.com\\\/?author=1\"}]}<\/script>\n<!-- \/ Yoast SEO plugin. -->","yoast_head_json":{"title":"\u0130\u00e7i\u015fleri Bakan\u0131 O\u011fuz, DEV-\u0130\u015e heyetini kabul etti -","robots":{"index":"index","follow":"follow","max-snippet":"max-snippet:-1","max-image-preview":"max-image-preview:large","max-video-preview":"max-video-preview:-1"},"canonical":"https:\/\/kibrisdakik.com\/?p=50151","og_locale":"tr_TR","og_type":"article","og_title":"\u0130\u00e7i\u015fleri Bakan\u0131 O\u011fuz, DEV-\u0130\u015e heyetini kabul etti -","og_description":"\u0130\u00e7i\u015fleri Bakan\u0131 Dursun O\u011fuz, Devrimci \u0130\u015f\u00e7i Sendikalar\u0131 Federasyonu (DEV-\u0130\u015e) Ba\u015fkan\u0131 Semih Kolozali ve beraberindeki heyeti kabul etti. Bakanl\u0131k\u2019tan yap\u0131lan yaz\u0131l\u0131 a\u00e7\u0131klamaya g\u00f6re, ziyarette 17 y\u0131l \u00f6nce y\u00fcr\u00fcrl\u00fc\u011fe girmesi beklenen Belediye Personel Yasas\u0131na ba\u011fl\u0131 atama ve s\u0131nav t\u00fcz\u00fc\u011f\u00fcn\u00fcn hala y\u00fcr\u00fcrl\u00fc\u011fe girmemesinin yaratt\u0131\u011f\u0131 sorunlar g\u00f6r\u00fc\u015f\u00fcld\u00fc. DEV-\u0130\u015e Ba\u015fkan\u0131 Semih Kolozali ziyarette yapt\u0131\u011f\u0131 konu\u015fmada bu konudaki ma\u011fduriyetin giderilmesi gerekti\u011fine","og_url":"https:\/\/kibrisdakik.com\/?p=50151","article_published_time":"2024-07-16T22:52:40+00:00","og_image":[{"width":1600,"height":900,"url":"https:\/\/kibrisdakik.com\/wp-content\/uploads\/2024\/07\/dursun-oguz-dev-is-kabul-740x420.jpg","type":"image\/jpeg"}],"author":"admin","twitter_card":"summary_large_image","twitter_misc":{"Yazan:":"admin","Tahmini okuma s\u00fcresi":"1 dakika"},"schema":{"@context":"https:\/\/schema.org","@graph":[{"@type":"Article","@id":"https:\/\/kibrisdakik.com\/?p=50151#article","isPartOf":{"@id":"https:\/\/kibrisdakik.com\/?p=50151"},"author":{"name":"admin","@id":"https:\/\/kibrisdakik.com\/#\/schema\/person\/9cd9d437bbb44f72b73ba127e06d8e79"},"headline":"\u0130\u00e7i\u015fleri Bakan\u0131 O\u011fuz, DEV-\u0130\u015e heyetini kabul etti","datePublished":"2024-07-16T22:52:40+00:00","mainEntityOfPage":{"@id":"https:\/\/kibrisdakik.com\/?p=50151"},"wordCount":256,"commentCount":0,"image":{"@id":"https:\/\/kibrisdakik.com\/?p=50151#primaryimage"},"thumbnailUrl":"https:\/\/kibrisdakik.com\/wp-content\/uploads\/2024\/07\/dursun-oguz-dev-is-kabul-740x420.jpg","articleSection":["G\u00fcndem"],"inLanguage":"tr","potentialAction":[{"@type":"CommentAction","name":"Comment","target":["https:\/\/kibrisdakik.com\/?p=50151#respond"]}]},{"@type":"WebPage","@id":"https:\/\/kibrisdakik.com\/?p=50151","url":"https:\/\/kibrisdakik.com\/?p=50151","name":"\u0130\u00e7i\u015fleri Bakan\u0131 O\u011fuz, DEV-\u0130\u015e heyetini kabul etti -","isPartOf":{"@id":"https:\/\/kibrisdakik.com\/#website"},"primaryImageOfPage":{"@id":"https:\/\/kibrisdakik.com\/?p=50151#primaryimage"},"image":{"@id":"https:\/\/kibrisdakik.com\/?p=50151#primaryimage"},"thumbnailUrl":"https:\/\/kibrisdakik.com\/wp-content\/uploads\/2024\/07\/dursun-oguz-dev-is-kabul-740x420.jpg","datePublished":"2024-07-16T22:52:40+00:00","author":{"@id":"https:\/\/kibrisdakik.com\/#\/schema\/person\/9cd9d437bbb44f72b73ba127e06d8e79"},"breadcrumb":{"@id":"https:\/\/kibrisdakik.com\/?p=50151#breadcrumb"},"inLanguage":"tr","potentialAction":[{"@type":"ReadAction","target":["https:\/\/kibrisdakik.com\/?p=50151"]}]},{"@type":"ImageObject","inLanguage":"tr","@id":"https:\/\/kibrisdakik.com\/?p=50151#primaryimage","url":"https:\/\/kibrisdakik.com\/wp-content\/uploads\/2024\/07\/dursun-oguz-dev-is-kabul-740x420.jpg","contentUrl":"https:\/\/kibrisdakik.com\/wp-content\/uploads\/2024\/07\/dursun-oguz-dev-is-kabul-740x420.jpg","width":1600,"height":900},{"@type":"BreadcrumbList","@id":"https:\/\/kibrisdakik.com\/?p=50151#breadcrumb","itemListElement":[{"@type":"ListItem","position":1,"name":"Home","item":"https:\/\/kibrisdakik.com\/"},{"@type":"ListItem","position":2,"name":"\u0130\u00e7i\u015fleri Bakan\u0131 O\u011fuz, DEV-\u0130\u015e heyetini kabul etti"}]},{"@type":"WebSite","@id":"https:\/\/kibrisdakik.com\/#website","url":"https:\/\/kibrisdakik.com\/","name":"","description":"Tam vaktinde haber","potentialAction":[{"@type":"SearchAction","target":{"@type":"EntryPoint","urlTemplate":"https:\/\/kibrisdakik.com\/?s={search_term_string}"},"query-input":{"@type":"PropertyValueSpecification","valueRequired":true,"valueName":"search_term_string"}}],"inLanguage":"tr"},{"@type":"Person","@id":"https:\/\/kibrisdakik.com\/#\/schema\/person\/9cd9d437bbb44f72b73ba127e06d8e79","name":"admin","image":{"@type":"ImageObject","inLanguage":"tr","@id":"https:\/\/secure.gravatar.com\/avatar\/ccc17943b9d660506c869530f897617f7cb1c21a4bf30023f252596d83e1f007?s=96&d=mm&r=g","url":"https:\/\/secure.gravatar.com\/avatar\/ccc17943b9d660506c869530f897617f7cb1c21a4bf30023f252596d83e1f007?s=96&d=mm&r=g","contentUrl":"https:\/\/secure.gravatar.com\/avatar\/ccc17943b9d660506c869530f897617f7cb1c21a4bf30023f252596d83e1f007?s=96&d=mm&r=g","caption":"admin"},"sameAs":["https:\/\/kibrisdakik.com"],"url":"https:\/\/kibrisdakik.com\/?author=1"}]}},"_links":{"self":[{"href":"https:\/\/kibrisdakik.com\/index.php?rest_route=\/wp\/v2\/posts\/50151","targetHints":{"allow":["GET"]}}],"collection":[{"href":"https:\/\/kibrisdakik.com\/index.php?rest_route=\/wp\/v2\/posts"}],"about":[{"href":"https:\/\/kibrisdakik.com\/index.php?rest_route=\/wp\/v2\/types\/post"}],"author":[{"embeddable":true,"href":"https:\/\/kibrisdakik.com\/index.php?rest_route=\/wp\/v2\/users\/1"}],"replies":[{"embeddable":true,"href":"https:\/\/kibrisdakik.com\/index.php?rest_route=%2Fwp%2Fv2%2Fcomments&post=50151"}],"version-history":[{"count":0,"href":"https:\/\/kibrisdakik.com\/index.php?rest_route=\/wp\/v2\/posts\/50151\/revisions"}],"wp:featuredmedia":[{"embeddable":true,"href":"https:\/\/kibrisdakik.com\/index.php?rest_route=\/wp\/v2\/media\/50152"}],"wp:attachment":[{"href":"https:\/\/kibrisdakik.com\/index.php?rest_route=%2Fwp%2Fv2%2Fmedia&parent=50151"}],"wp:term":[{"taxonomy":"category","embeddable":true,"href":"https:\/\/kibrisdakik.com\/index.php?rest_route=%2Fwp%2Fv2%2Fcategories&post=50151"},{"taxonomy":"post_tag","embeddable":true,"href":"https:\/\/kibrisdakik.com\/index.php?rest_route=%2Fwp%2Fv2%2Ftags&post=50151"}],"curies":[{"name":"wp","href":"https:\/\/api.w.org\/{rel}","templated":true}]}}