{"id":50205,"date":"2024-07-17T08:57:01","date_gmt":"2024-07-17T08:57:01","guid":{"rendered":"https:\/\/kibrisdakik.com\/index.php\/2024\/07\/17\/dendias-harekata-isgal-dedi-turkiye-msb-kinadi\/"},"modified":"2024-07-17T08:57:01","modified_gmt":"2024-07-17T08:57:01","slug":"dendias-harekata-isgal-dedi-turkiye-msb-kinadi","status":"publish","type":"post","link":"https:\/\/kibrisdakik.com\/?p=50205","title":{"rendered":"Dendias, Harekata \u201c\u0130\u015fgal\u201d dedi, T\u00fcrkiye MSB k\u0131nad\u0131"},"content":{"rendered":"<p><img decoding=\"async\" src=\"https:\/\/www.kibristurk.com\/images\/haberler\/2024\/07\/dendias-harekata-isgal-dedi-turkiye-msb-kinadi-1721204125.webp\" \/><\/p>\n<p><span style=\"font-size:11pt\"><span style=\"font-family:Calibri,sans-serif\">T\u00fcrkiye Milli Savunma Bakanl\u0131\u011f\u0131 (MSB), Yunanistan Savunma Bakan\u0131 Nikos Dendias&#8217;\u0131, K\u0131br\u0131s Bar\u0131\u015f Harekat\u0131&#8217;n\u0131 &#8220;\u0130\u015fgal&#8221; olarak tan\u0131mlayan a\u00e7\u0131klamas\u0131 nedeniyle k\u0131nad\u0131.<\/span><\/span><\/p>\n<p>&nbsp;<\/p>\n<p><span style=\"font-size:11pt\"><span style=\"font-family:Calibri,sans-serif\">T\u00fcrkiye Milli Savunma Bakanl\u0131\u011f\u0131\u2019ndan yap\u0131lan yaz\u0131l\u0131 a\u00e7\u0131klamada, Yunanistan Savunma Bakan\u0131 Dendias&#8217;\u0131n, K\u0131br\u0131sl\u0131 T\u00fcrkleri ve kahraman T\u00fcrk ordusunu hedef alan d\u00fczeysiz, yalan ve iftira dolu a\u00e7\u0131klamas\u0131n\u0131 \u015fiddetle k\u0131nad\u0131klar\u0131 ifade edildi.<\/span><\/span><\/p>\n<p>&nbsp;<\/p>\n<p><span style=\"font-size:11pt\"><span style=\"font-family:Calibri,sans-serif\">\u201cT\u00dcRK ORDUSU KIBRISLI T\u00dcRKLER\u0130 SOYKIRIM G\u0130R\u0130\u015e\u0130M\u0130NDEN KURTARMI\u015eTIR\u201d<\/span><\/span><\/p>\n<p>&nbsp;<\/p>\n<p><span style=\"font-size:11pt\"><span style=\"font-family:Calibri,sans-serif\">Mili Savunma Bakanl\u0131\u011f\u0131, yapt\u0131\u011f\u0131 yaz\u0131l\u0131 a\u00e7\u0131klamada, \u015fu ifadelere yer verildi:<\/span><\/span><\/p>\n<p>&nbsp;<\/p>\n<p><span style=\"font-size:11pt\"><span style=\"font-family:Calibri,sans-serif\">\u201cKahraman T\u00fcrk ordusu, T\u00fcrkiye&#8217;nin uluslararas\u0131 anla\u015fmalardan kaynaklanan garant\u00f6rl\u00fck hakk\u0131 uyar\u0131nca harekete ge\u00e7mi\u015f ve 1963-1974 y\u0131llar\u0131 aras\u0131nda Rum taraf\u0131nca her t\u00fcrl\u00fc zulme maruz b\u0131rak\u0131lm\u0131\u015f olan K\u0131br\u0131s T\u00fcrk halk\u0131n\u0131 bir soyk\u0131r\u0131m giri\u015fiminden kurtarm\u0131\u015ft\u0131r. T\u00fcrk askerinin cesareti ve varl\u0131\u011f\u0131 sayesinde 1974 y\u0131l\u0131ndan bu yana K\u0131br\u0131s&#8217;ta kan d\u00f6k\u00fclmemi\u015f, Yunanistan&#8217;\u0131n K\u0131br\u0131s Rum halk\u0131 \u00fczerindeki cuntac\u0131 bask\u0131s\u0131 ortadan kalkm\u0131\u015f ve Yunanistan&#8217;daki askeri rejim y\u0131k\u0131larak demokrasiye d\u00f6n\u00fc\u015f m\u00fcmk\u00fcn hale gelmi\u015ftir\u201d<\/span><\/span><\/p>\n<p>&nbsp;<\/p>\n<p><span style=\"font-size:11pt\"><span style=\"font-family:Calibri,sans-serif\">\u201cDEND\u0130AS, T\u00dcRK VE YUNAN HALKLARI ARASINA F\u0130TNE SOKUYOR\u201d<\/span><\/span><\/p>\n<p>&nbsp;<\/p>\n<p><span style=\"font-size:11pt\"><span style=\"font-family:Calibri,sans-serif\">Mehmet\u00e7i\u011fin, d\u00fcn ve bug\u00fcn oldu\u011fu gibi yar\u0131n da K\u0131br\u0131s&#8217;ta bar\u0131\u015f ve huzurun teminat\u0131 olaca\u011f\u0131 vurgulayan Bakanl\u0131k, &#8220;Yunanistan Savunma Bakan\u0131&#8217;n\u0131, iki \u00fclkenin liderleri taraf\u0131ndan ortaya konan ve T\u00fcrkiye ile Yunanistan aras\u0131ndaki ili\u015fkileri yap\u0131c\u0131 bir yakla\u015f\u0131mla ilerletmeyi hedefleyen ortak tutumu baltalamaya \u00e7al\u0131\u015fmaktan vazge\u00e7meye \u00e7a\u011f\u0131r\u0131yoruz. Say\u0131n Dendias&#8217;\u0131n, T\u00fcrk ve Yunan halklar\u0131 aras\u0131na fitne sokmak suretiyle siyasi kariyer yapma \u00e7abalar\u0131 sonu\u00e7 vermeyecektir&#8221; dedi.<\/span><\/span><\/p>\n","protected":false},"excerpt":{"rendered":"<p>T\u00fcrkiye Milli Savunma Bakanl\u0131\u011f\u0131 (MSB), Yunanistan Savunma Bakan\u0131 Nikos Dendias&#8217;\u0131, K\u0131br\u0131s Bar\u0131\u015f Harekat\u0131&#8217;n\u0131 &#8220;\u0130\u015fgal&#8221; olarak tan\u0131mlayan a\u00e7\u0131klamas\u0131 nedeniyle k\u0131nad\u0131. &nbsp; T\u00fcrkiye Milli Savunma Bakanl\u0131\u011f\u0131\u2019ndan yap\u0131lan yaz\u0131l\u0131 a\u00e7\u0131klamada, Yunanistan Savunma Bakan\u0131 Dendias&#8217;\u0131n, K\u0131br\u0131sl\u0131 T\u00fcrkleri ve kahraman T\u00fcrk ordusunu hedef alan d\u00fczeysiz, yalan ve iftira dolu a\u00e7\u0131klamas\u0131n\u0131 \u015fiddetle k\u0131nad\u0131klar\u0131 ifade edildi. &nbsp; \u201cT\u00dcRK ORDUSU KIBRISLI T\u00dcRKLER\u0130 SOYKIRIM<\/p>\n","protected":false},"author":1,"featured_media":50206,"comment_status":"open","ping_status":"open","sticky":false,"template":"","format":"standard","meta":{"footnotes":""},"categories":[79],"tags":[],"class_list":["post-50205","post","type-post","status-publish","format-standard","has-post-thumbnail","hentry","category-ekonomi"],"yoast_head":"<!-- This site is optimized with the Yoast SEO plugin v28.4 - https:\/\/yoast.com\/product\/yoast-seo-wordpress\/ -->\n<title>Dendias, Harekata \u201c\u0130\u015fgal\u201d dedi, T\u00fcrkiye MSB k\u0131nad\u0131 -<\/title>\n<meta name=\"robots\" content=\"index, follow, max-snippet:-1, max-image-preview:large, max-video-preview:-1\" \/>\n<link rel=\"canonical\" href=\"https:\/\/kibrisdakik.com\/?p=50205\" \/>\n<meta property=\"og:locale\" content=\"tr_TR\" \/>\n<meta property=\"og:type\" content=\"article\" \/>\n<meta property=\"og:title\" content=\"Dendias, Harekata \u201c\u0130\u015fgal\u201d dedi, T\u00fcrkiye MSB k\u0131nad\u0131 -\" \/>\n<meta property=\"og:description\" content=\"T\u00fcrkiye Milli Savunma Bakanl\u0131\u011f\u0131 (MSB), Yunanistan Savunma Bakan\u0131 Nikos Dendias&#8217;\u0131, K\u0131br\u0131s Bar\u0131\u015f Harekat\u0131&#8217;n\u0131 &#8220;\u0130\u015fgal&#8221; olarak tan\u0131mlayan a\u00e7\u0131klamas\u0131 nedeniyle k\u0131nad\u0131. &nbsp; T\u00fcrkiye Milli Savunma Bakanl\u0131\u011f\u0131\u2019ndan yap\u0131lan yaz\u0131l\u0131 a\u00e7\u0131klamada, Yunanistan Savunma Bakan\u0131 Dendias&#8217;\u0131n, K\u0131br\u0131sl\u0131 T\u00fcrkleri ve kahraman T\u00fcrk ordusunu hedef alan d\u00fczeysiz, yalan ve iftira dolu a\u00e7\u0131klamas\u0131n\u0131 \u015fiddetle k\u0131nad\u0131klar\u0131 ifade edildi. &nbsp; \u201cT\u00dcRK ORDUSU KIBRISLI T\u00dcRKLER\u0130 SOYKIRIM\" \/>\n<meta property=\"og:url\" content=\"https:\/\/kibrisdakik.com\/?p=50205\" \/>\n<meta property=\"article:published_time\" content=\"2024-07-17T08:57:01+00:00\" \/>\n<meta property=\"og:image\" content=\"https:\/\/kibrisdakik.com\/wp-content\/uploads\/2024\/07\/dendias-harekata-isgal-dedi-turkiye-msb-kinadi-1721204125.webp.webp\" \/>\n\t<meta property=\"og:image:width\" content=\"710\" \/>\n\t<meta property=\"og:image:height\" content=\"370\" \/>\n\t<meta property=\"og:image:type\" content=\"image\/webp\" \/>\n<meta name=\"author\" content=\"admin\" \/>\n<meta name=\"twitter:card\" content=\"summary_large_image\" \/>\n<meta name=\"twitter:label1\" content=\"Yazan:\" \/>\n\t<meta name=\"twitter:data1\" content=\"admin\" \/>\n\t<meta name=\"twitter:label2\" content=\"Tahmini okuma s\u00fcresi\" \/>\n\t<meta name=\"twitter:data2\" content=\"1 dakika\" \/>\n<script type=\"application\/ld+json\" class=\"yoast-schema-graph\">{\"@context\":\"https:\\\/\\\/schema.org\",\"@graph\":[{\"@type\":\"Article\",\"@id\":\"https:\\\/\\\/kibrisdakik.com\\\/?p=50205#article\",\"isPartOf\":{\"@id\":\"https:\\\/\\\/kibrisdakik.com\\\/?p=50205\"},\"author\":{\"name\":\"admin\",\"@id\":\"https:\\\/\\\/kibrisdakik.com\\\/#\\\/schema\\\/person\\\/9cd9d437bbb44f72b73ba127e06d8e79\"},\"headline\":\"Dendias, Harekata \u201c\u0130\u015fgal\u201d dedi, T\u00fcrkiye MSB k\u0131nad\u0131\",\"datePublished\":\"2024-07-17T08:57:01+00:00\",\"mainEntityOfPage\":{\"@id\":\"https:\\\/\\\/kibrisdakik.com\\\/?p=50205\"},\"wordCount\":309,\"commentCount\":0,\"publisher\":{\"@id\":\"https:\\\/\\\/kibrisdakik.com\\\/#organization\"},\"image\":{\"@id\":\"https:\\\/\\\/kibrisdakik.com\\\/?p=50205#primaryimage\"},\"thumbnailUrl\":\"https:\\\/\\\/kibrisdakik.com\\\/wp-content\\\/uploads\\\/2024\\\/07\\\/dendias-harekata-isgal-dedi-turkiye-msb-kinadi-1721204125.webp.webp\",\"articleSection\":[\"Ekonomi\"],\"inLanguage\":\"tr\",\"potentialAction\":[{\"@type\":\"CommentAction\",\"name\":\"Comment\",\"target\":[\"https:\\\/\\\/kibrisdakik.com\\\/?p=50205#respond\"]}]},{\"@type\":\"WebPage\",\"@id\":\"https:\\\/\\\/kibrisdakik.com\\\/?p=50205\",\"url\":\"https:\\\/\\\/kibrisdakik.com\\\/?p=50205\",\"name\":\"Dendias, Harekata \u201c\u0130\u015fgal\u201d dedi, T\u00fcrkiye MSB k\u0131nad\u0131 -\",\"isPartOf\":{\"@id\":\"https:\\\/\\\/kibrisdakik.com\\\/#website\"},\"primaryImageOfPage\":{\"@id\":\"https:\\\/\\\/kibrisdakik.com\\\/?p=50205#primaryimage\"},\"image\":{\"@id\":\"https:\\\/\\\/kibrisdakik.com\\\/?p=50205#primaryimage\"},\"thumbnailUrl\":\"https:\\\/\\\/kibrisdakik.com\\\/wp-content\\\/uploads\\\/2024\\\/07\\\/dendias-harekata-isgal-dedi-turkiye-msb-kinadi-1721204125.webp.webp\",\"datePublished\":\"2024-07-17T08:57:01+00:00\",\"breadcrumb\":{\"@id\":\"https:\\\/\\\/kibrisdakik.com\\\/?p=50205#breadcrumb\"},\"inLanguage\":\"tr\",\"potentialAction\":[{\"@type\":\"ReadAction\",\"target\":[\"https:\\\/\\\/kibrisdakik.com\\\/?p=50205\"]}]},{\"@type\":\"ImageObject\",\"inLanguage\":\"tr\",\"@id\":\"https:\\\/\\\/kibrisdakik.com\\\/?p=50205#primaryimage\",\"url\":\"https:\\\/\\\/kibrisdakik.com\\\/wp-content\\\/uploads\\\/2024\\\/07\\\/dendias-harekata-isgal-dedi-turkiye-msb-kinadi-1721204125.webp.webp\",\"contentUrl\":\"https:\\\/\\\/kibrisdakik.com\\\/wp-content\\\/uploads\\\/2024\\\/07\\\/dendias-harekata-isgal-dedi-turkiye-msb-kinadi-1721204125.webp.webp\",\"width\":710,\"height\":370},{\"@type\":\"BreadcrumbList\",\"@id\":\"https:\\\/\\\/kibrisdakik.com\\\/?p=50205#breadcrumb\",\"itemListElement\":[{\"@type\":\"ListItem\",\"position\":1,\"name\":\"Home\",\"item\":\"https:\\\/\\\/kibrisdakik.com\\\/\"},{\"@type\":\"ListItem\",\"position\":2,\"name\":\"Dendias, Harekata \u201c\u0130\u015fgal\u201d dedi, T\u00fcrkiye MSB k\u0131nad\u0131\"}]},{\"@type\":\"WebSite\",\"@id\":\"https:\\\/\\\/kibrisdakik.com\\\/#website\",\"url\":\"https:\\\/\\\/kibrisdakik.com\\\/\",\"name\":\"K\u0131br\u0131s Dakik\",\"description\":\"Tam vaktinde haber\",\"publisher\":{\"@id\":\"https:\\\/\\\/kibrisdakik.com\\\/#organization\"},\"potentialAction\":[{\"@type\":\"SearchAction\",\"target\":{\"@type\":\"EntryPoint\",\"urlTemplate\":\"https:\\\/\\\/kibrisdakik.com\\\/?s={search_term_string}\"},\"query-input\":{\"@type\":\"PropertyValueSpecification\",\"valueRequired\":true,\"valueName\":\"search_term_string\"}}],\"inLanguage\":\"tr\"},{\"@type\":\"Organization\",\"@id\":\"https:\\\/\\\/kibrisdakik.com\\\/#organization\",\"name\":\"K\u0131br\u0131s Dakik\",\"url\":\"https:\\\/\\\/kibrisdakik.com\\\/\",\"logo\":{\"@type\":\"ImageObject\",\"inLanguage\":\"tr\",\"@id\":\"https:\\\/\\\/kibrisdakik.com\\\/#\\\/schema\\\/logo\\\/image\\\/\",\"url\":\"https:\\\/\\\/kibrisdakik.com\\\/wp-content\\\/uploads\\\/2025\\\/10\\\/cropped-WhatsApp-Image-2025-10-02-at-12.58.31.jpeg\",\"contentUrl\":\"https:\\\/\\\/kibrisdakik.com\\\/wp-content\\\/uploads\\\/2025\\\/10\\\/cropped-WhatsApp-Image-2025-10-02-at-12.58.31.jpeg\",\"width\":1237,\"height\":190,\"caption\":\"K\u0131br\u0131s Dakik\"},\"image\":{\"@id\":\"https:\\\/\\\/kibrisdakik.com\\\/#\\\/schema\\\/logo\\\/image\\\/\"}},{\"@type\":\"Person\",\"@id\":\"https:\\\/\\\/kibrisdakik.com\\\/#\\\/schema\\\/person\\\/9cd9d437bbb44f72b73ba127e06d8e79\",\"name\":\"admin\",\"image\":{\"@type\":\"ImageObject\",\"inLanguage\":\"tr\",\"@id\":\"https:\\\/\\\/secure.gravatar.com\\\/avatar\\\/ccc17943b9d660506c869530f897617f7cb1c21a4bf30023f252596d83e1f007?s=96&d=mm&r=g\",\"url\":\"https:\\\/\\\/secure.gravatar.com\\\/avatar\\\/ccc17943b9d660506c869530f897617f7cb1c21a4bf30023f252596d83e1f007?s=96&d=mm&r=g\",\"contentUrl\":\"https:\\\/\\\/secure.gravatar.com\\\/avatar\\\/ccc17943b9d660506c869530f897617f7cb1c21a4bf30023f252596d83e1f007?s=96&d=mm&r=g\",\"caption\":\"admin\"},\"sameAs\":[\"https:\\\/\\\/kibrisdakik.com\"],\"url\":\"https:\\\/\\\/kibrisdakik.com\\\/?author=1\"}]}<\/script>\n<!-- \/ Yoast SEO plugin. -->","yoast_head_json":{"title":"Dendias, Harekata \u201c\u0130\u015fgal\u201d dedi, T\u00fcrkiye MSB k\u0131nad\u0131 -","robots":{"index":"index","follow":"follow","max-snippet":"max-snippet:-1","max-image-preview":"max-image-preview:large","max-video-preview":"max-video-preview:-1"},"canonical":"https:\/\/kibrisdakik.com\/?p=50205","og_locale":"tr_TR","og_type":"article","og_title":"Dendias, Harekata \u201c\u0130\u015fgal\u201d dedi, T\u00fcrkiye MSB k\u0131nad\u0131 -","og_description":"T\u00fcrkiye Milli Savunma Bakanl\u0131\u011f\u0131 (MSB), Yunanistan Savunma Bakan\u0131 Nikos Dendias&#8217;\u0131, K\u0131br\u0131s Bar\u0131\u015f Harekat\u0131&#8217;n\u0131 &#8220;\u0130\u015fgal&#8221; olarak tan\u0131mlayan a\u00e7\u0131klamas\u0131 nedeniyle k\u0131nad\u0131. &nbsp; T\u00fcrkiye Milli Savunma Bakanl\u0131\u011f\u0131\u2019ndan yap\u0131lan yaz\u0131l\u0131 a\u00e7\u0131klamada, Yunanistan Savunma Bakan\u0131 Dendias&#8217;\u0131n, K\u0131br\u0131sl\u0131 T\u00fcrkleri ve kahraman T\u00fcrk ordusunu hedef alan d\u00fczeysiz, yalan ve iftira dolu a\u00e7\u0131klamas\u0131n\u0131 \u015fiddetle k\u0131nad\u0131klar\u0131 ifade edildi. &nbsp; \u201cT\u00dcRK ORDUSU KIBRISLI T\u00dcRKLER\u0130 SOYKIRIM","og_url":"https:\/\/kibrisdakik.com\/?p=50205","article_published_time":"2024-07-17T08:57:01+00:00","og_image":[{"width":710,"height":370,"url":"https:\/\/kibrisdakik.com\/wp-content\/uploads\/2024\/07\/dendias-harekata-isgal-dedi-turkiye-msb-kinadi-1721204125.webp.webp","type":"image\/webp"}],"author":"admin","twitter_card":"summary_large_image","twitter_misc":{"Yazan:":"admin","Tahmini okuma s\u00fcresi":"1 dakika"},"schema":{"@context":"https:\/\/schema.org","@graph":[{"@type":"Article","@id":"https:\/\/kibrisdakik.com\/?p=50205#article","isPartOf":{"@id":"https:\/\/kibrisdakik.com\/?p=50205"},"author":{"name":"admin","@id":"https:\/\/kibrisdakik.com\/#\/schema\/person\/9cd9d437bbb44f72b73ba127e06d8e79"},"headline":"Dendias, Harekata \u201c\u0130\u015fgal\u201d dedi, T\u00fcrkiye MSB k\u0131nad\u0131","datePublished":"2024-07-17T08:57:01+00:00","mainEntityOfPage":{"@id":"https:\/\/kibrisdakik.com\/?p=50205"},"wordCount":309,"commentCount":0,"publisher":{"@id":"https:\/\/kibrisdakik.com\/#organization"},"image":{"@id":"https:\/\/kibrisdakik.com\/?p=50205#primaryimage"},"thumbnailUrl":"https:\/\/kibrisdakik.com\/wp-content\/uploads\/2024\/07\/dendias-harekata-isgal-dedi-turkiye-msb-kinadi-1721204125.webp.webp","articleSection":["Ekonomi"],"inLanguage":"tr","potentialAction":[{"@type":"CommentAction","name":"Comment","target":["https:\/\/kibrisdakik.com\/?p=50205#respond"]}]},{"@type":"WebPage","@id":"https:\/\/kibrisdakik.com\/?p=50205","url":"https:\/\/kibrisdakik.com\/?p=50205","name":"Dendias, Harekata \u201c\u0130\u015fgal\u201d dedi, T\u00fcrkiye MSB k\u0131nad\u0131 -","isPartOf":{"@id":"https:\/\/kibrisdakik.com\/#website"},"primaryImageOfPage":{"@id":"https:\/\/kibrisdakik.com\/?p=50205#primaryimage"},"image":{"@id":"https:\/\/kibrisdakik.com\/?p=50205#primaryimage"},"thumbnailUrl":"https:\/\/kibrisdakik.com\/wp-content\/uploads\/2024\/07\/dendias-harekata-isgal-dedi-turkiye-msb-kinadi-1721204125.webp.webp","datePublished":"2024-07-17T08:57:01+00:00","breadcrumb":{"@id":"https:\/\/kibrisdakik.com\/?p=50205#breadcrumb"},"inLanguage":"tr","potentialAction":[{"@type":"ReadAction","target":["https:\/\/kibrisdakik.com\/?p=50205"]}]},{"@type":"ImageObject","inLanguage":"tr","@id":"https:\/\/kibrisdakik.com\/?p=50205#primaryimage","url":"https:\/\/kibrisdakik.com\/wp-content\/uploads\/2024\/07\/dendias-harekata-isgal-dedi-turkiye-msb-kinadi-1721204125.webp.webp","contentUrl":"https:\/\/kibrisdakik.com\/wp-content\/uploads\/2024\/07\/dendias-harekata-isgal-dedi-turkiye-msb-kinadi-1721204125.webp.webp","width":710,"height":370},{"@type":"BreadcrumbList","@id":"https:\/\/kibrisdakik.com\/?p=50205#breadcrumb","itemListElement":[{"@type":"ListItem","position":1,"name":"Home","item":"https:\/\/kibrisdakik.com\/"},{"@type":"ListItem","position":2,"name":"Dendias, Harekata \u201c\u0130\u015fgal\u201d dedi, T\u00fcrkiye MSB k\u0131nad\u0131"}]},{"@type":"WebSite","@id":"https:\/\/kibrisdakik.com\/#website","url":"https:\/\/kibrisdakik.com\/","name":"K\u0131br\u0131s Dakik","description":"Tam vaktinde haber","publisher":{"@id":"https:\/\/kibrisdakik.com\/#organization"},"potentialAction":[{"@type":"SearchAction","target":{"@type":"EntryPoint","urlTemplate":"https:\/\/kibrisdakik.com\/?s={search_term_string}"},"query-input":{"@type":"PropertyValueSpecification","valueRequired":true,"valueName":"search_term_string"}}],"inLanguage":"tr"},{"@type":"Organization","@id":"https:\/\/kibrisdakik.com\/#organization","name":"K\u0131br\u0131s Dakik","url":"https:\/\/kibrisdakik.com\/","logo":{"@type":"ImageObject","inLanguage":"tr","@id":"https:\/\/kibrisdakik.com\/#\/schema\/logo\/image\/","url":"https:\/\/kibrisdakik.com\/wp-content\/uploads\/2025\/10\/cropped-WhatsApp-Image-2025-10-02-at-12.58.31.jpeg","contentUrl":"https:\/\/kibrisdakik.com\/wp-content\/uploads\/2025\/10\/cropped-WhatsApp-Image-2025-10-02-at-12.58.31.jpeg","width":1237,"height":190,"caption":"K\u0131br\u0131s Dakik"},"image":{"@id":"https:\/\/kibrisdakik.com\/#\/schema\/logo\/image\/"}},{"@type":"Person","@id":"https:\/\/kibrisdakik.com\/#\/schema\/person\/9cd9d437bbb44f72b73ba127e06d8e79","name":"admin","image":{"@type":"ImageObject","inLanguage":"tr","@id":"https:\/\/secure.gravatar.com\/avatar\/ccc17943b9d660506c869530f897617f7cb1c21a4bf30023f252596d83e1f007?s=96&d=mm&r=g","url":"https:\/\/secure.gravatar.com\/avatar\/ccc17943b9d660506c869530f897617f7cb1c21a4bf30023f252596d83e1f007?s=96&d=mm&r=g","contentUrl":"https:\/\/secure.gravatar.com\/avatar\/ccc17943b9d660506c869530f897617f7cb1c21a4bf30023f252596d83e1f007?s=96&d=mm&r=g","caption":"admin"},"sameAs":["https:\/\/kibrisdakik.com"],"url":"https:\/\/kibrisdakik.com\/?author=1"}]}},"_links":{"self":[{"href":"https:\/\/kibrisdakik.com\/index.php?rest_route=\/wp\/v2\/posts\/50205","targetHints":{"allow":["GET"]}}],"collection":[{"href":"https:\/\/kibrisdakik.com\/index.php?rest_route=\/wp\/v2\/posts"}],"about":[{"href":"https:\/\/kibrisdakik.com\/index.php?rest_route=\/wp\/v2\/types\/post"}],"author":[{"embeddable":true,"href":"https:\/\/kibrisdakik.com\/index.php?rest_route=\/wp\/v2\/users\/1"}],"replies":[{"embeddable":true,"href":"https:\/\/kibrisdakik.com\/index.php?rest_route=%2Fwp%2Fv2%2Fcomments&post=50205"}],"version-history":[{"count":0,"href":"https:\/\/kibrisdakik.com\/index.php?rest_route=\/wp\/v2\/posts\/50205\/revisions"}],"wp:featuredmedia":[{"embeddable":true,"href":"https:\/\/kibrisdakik.com\/index.php?rest_route=\/wp\/v2\/media\/50206"}],"wp:attachment":[{"href":"https:\/\/kibrisdakik.com\/index.php?rest_route=%2Fwp%2Fv2%2Fmedia&parent=50205"}],"wp:term":[{"taxonomy":"category","embeddable":true,"href":"https:\/\/kibrisdakik.com\/index.php?rest_route=%2Fwp%2Fv2%2Fcategories&post=50205"},{"taxonomy":"post_tag","embeddable":true,"href":"https:\/\/kibrisdakik.com\/index.php?rest_route=%2Fwp%2Fv2%2Ftags&post=50205"}],"curies":[{"name":"wp","href":"https:\/\/api.w.org\/{rel}","templated":true}]}}