{"id":50232,"date":"2024-07-17T12:06:03","date_gmt":"2024-07-17T12:06:03","guid":{"rendered":"https:\/\/kibrisdakik.com\/index.php\/2024\/07\/17\/ombudsman-varol-bengihanin-saglik-calisanlarinin-nakilleriyle-ilgili-basvurusu-uzerine-hazirlanan-raporu-acikladi-2\/"},"modified":"2024-07-17T12:06:03","modified_gmt":"2024-07-17T12:06:03","slug":"ombudsman-varol-bengihanin-saglik-calisanlarinin-nakilleriyle-ilgili-basvurusu-uzerine-hazirlanan-raporu-acikladi-2","status":"publish","type":"post","link":"https:\/\/kibrisdakik.com\/?p=50232","title":{"rendered":"Ombudsman Varol, Bengihan\u2019\u0131n sa\u011fl\u0131k \u00e7al\u0131\u015fanlar\u0131n\u0131n nakilleriyle ilgili ba\u015fvurusu \u00fczerine haz\u0131rlanan raporu a\u00e7\u0131klad\u0131"},"content":{"rendered":"<p><\/p>\n<div>\n<div class=\"mariselle-image-container center\">\n                <img loading=\"lazy\" decoding=\"async\" width=\"880\" height=\"440\" class=\"lazy-image\" alt=\"\" sizes=\"auto, (max-width: 880px) 100vw, 880px\" src=\"https:\/\/brtk.net\/wp-content\/uploads\/2023\/04\/05\/ilkan-varol-1.jpg?ver=fca6ddbcb9086aaa65ed76626d6babb8\" srcset=\"https:\/\/brtk.net\/wp-content\/uploads\/2023\/04\/05\/ilkan-varol-1.jpg?ver=fca6ddbcb9086aaa65ed76626d6babb8 880w, https:\/\/brtk.net\/wp-content\/uploads\/2023\/04\/05\/ilkan-varol-1-300x150.jpg?ver=841e4cee6f11274fe4d84588b2ae5872 300w, https:\/\/brtk.net\/wp-content\/uploads\/2023\/04\/05\/ilkan-varol-1-768x384.jpg?ver=841e4cee6f11274fe4d84588b2ae5872 768w, https:\/\/brtk.net\/wp-content\/uploads\/2023\/04\/05\/ilkan-varol-1-720x360.jpg?ver=841e4cee6f11274fe4d84588b2ae5872 720w\"\/>                            <\/div>\n<p> Ombudsman \u0130lkan Varol, K\u0131br\u0131s T\u00fcrk Amme Memurlar\u0131 Sendikas\u0131 (KTAMS) Ba\u015fkan\u0131 G\u00fcven Bengihan\u2019\u0131n sa\u011fl\u0131k \u00e7al\u0131\u015fanlar\u0131n\u0131n g\u00f6rev yeri ve nakilleriyle ilgili ba\u015fvurusu \u00fczerine haz\u0131rlanan raporu a\u00e7\u0131klad\u0131.<\/p>\n<p>Rapora g\u00f6re, Hem\u015fire Nakil Kurullar\u0131 mevzuata uygun bi\u00e7imde yap\u0131ld\u0131, ancak nakil d\u0131\u015f\u0131 g\u00f6revlendirmelerde yetki a\u015f\u0131m\u0131 yap\u0131ld\u0131.<\/p>\n<p>Varol, Bengihan\u2019\u0131n Sa\u011fl\u0131k Bakanl\u0131\u011f\u0131\u2019na ba\u011fl\u0131 kurumlarda g\u00f6rev yapan baz\u0131 kamu sa\u011fl\u0131k \u00e7al\u0131\u015fanlar\u0131n\u0131n g\u00f6rev yerlerinin de\u011fi\u015ftirildi\u011fini, son d\u00f6nemde yap\u0131lan sa\u011fl\u0131k kurumlar\u0131 ve\/veya il\u00e7eler aras\u0131 g\u00f6revlendirme ve\/veya nakillerin mevzuata ayk\u0131r\u0131 oldu\u011funu iddia ederek konunun soru\u015fturulmas\u0131 i\u00e7in daireye ba\u015fvurdu\u011funu belirtti.<\/p>\n<p>Ba\u015fvuru \u00fczerine konunun incelendi\u011fini kaydeden Varol, Sa\u011fl\u0131k Bakanl\u0131\u011f\u0131\u2019ndan al\u0131nan bilgi ve belgelere g\u00f6re 2021 y\u0131l\u0131nda yap\u0131lan yer de\u011fi\u015fikliklerinin iki \u015fekilde ger\u00e7ekle\u015ftirildi\u011fini, bunlardan birinin nakil, di\u011ferinin de nakil d\u0131\u015f\u0131 g\u00f6revlendirme oldu\u011funu ifade etti.<\/p>\n<p>\u0130lkan, Sa\u011fl\u0131k Bakanl\u0131\u011f\u0131 taraf\u0131ndan 2021 y\u0131l\u0131nda  yap\u0131lan Hem\u015fire Nakil Kurullar\u0131n\u0131n mevzuata uygun bi\u00e7imde yap\u0131l\u0131p sonu\u00e7land\u0131r\u0131ld\u0131\u011f\u0131n\u0131 kaydetti.<\/p>\n<p>Nakil d\u0131\u015f\u0131 g\u00f6revlendirmelerde ise Sa\u011fl\u0131k Bakanl\u0131\u011f\u0131 M\u00fcste\u015far\u0131\u2019n\u0131n ve Yatakl\u0131 Tedavi Kurumlar\u0131 Dairesi M\u00fcd\u00fcr\u00fc\u2019n\u00fcn g\u00f6revlendirme yapmas\u0131n\u0131n yasaya ayk\u0131r\u0131 oldu\u011funu kaydeden Varol, b\u00f6yle bir g\u00f6revlendirme yapman\u0131n m\u00fcste\u015far\u0131n ya da m\u00fcd\u00fcr\u00fcn de\u011fil bakan\u0131n yetkisinde oldu\u011funu ifade etti.<\/p>\n<p>Varol, m\u00fcste\u015far\u0131n ve daire m\u00fcd\u00fcr\u00fcn\u00fcn g\u00f6revlendirme yapmalar\u0131n\u0131n yetki a\u015f\u0131m\u0131 oldu\u011funu kaydetti.<\/p>\n<p>Ayr\u0131nt\u0131l\u0131 rapor:<br \/><a href=\"https:\/\/brtk.net\/wp-content\/uploads\/2024\/07\/17\/ombudsman-in-guven-bengihan-raporu.docx?ver=b20996f8dffb62b1bf62f85d7f09d717\">ombudsman-in-guven-bengihan-raporu<\/a><\/p>\n<\/p><\/div>\n<p><script async\n                    defer\n                    crossorigin=\"anonymous\"\n                    src=\"https:\/\/connect.facebook.net\/tr_TR\/sdk.js#xfbml=1&#038;version=v3.3\"\n            ><\/script><\/p>\n","protected":false},"excerpt":{"rendered":"<p>Ombudsman \u0130lkan Varol, K\u0131br\u0131s T\u00fcrk Amme Memurlar\u0131 Sendikas\u0131 (KTAMS) Ba\u015fkan\u0131 G\u00fcven Bengihan\u2019\u0131n sa\u011fl\u0131k \u00e7al\u0131\u015fanlar\u0131n\u0131n g\u00f6rev yeri ve nakilleriyle ilgili ba\u015fvurusu \u00fczerine haz\u0131rlanan raporu a\u00e7\u0131klad\u0131. Rapora g\u00f6re, Hem\u015fire Nakil Kurullar\u0131 mevzuata uygun bi\u00e7imde yap\u0131ld\u0131, ancak nakil d\u0131\u015f\u0131 g\u00f6revlendirmelerde yetki a\u015f\u0131m\u0131 yap\u0131ld\u0131. Varol, Bengihan\u2019\u0131n Sa\u011fl\u0131k Bakanl\u0131\u011f\u0131\u2019na ba\u011fl\u0131 kurumlarda g\u00f6rev yapan baz\u0131 kamu sa\u011fl\u0131k \u00e7al\u0131\u015fanlar\u0131n\u0131n g\u00f6rev yerlerinin de\u011fi\u015ftirildi\u011fini,<\/p>\n","protected":false},"author":1,"featured_media":50233,"comment_status":"open","ping_status":"open","sticky":false,"template":"","format":"standard","meta":{"footnotes":""},"categories":[1],"tags":[],"class_list":["post-50232","post","type-post","status-publish","format-standard","has-post-thumbnail","hentry","category-gundem"],"yoast_head":"<!-- This site is optimized with the Yoast SEO plugin v27.4 - https:\/\/yoast.com\/product\/yoast-seo-wordpress\/ -->\n<title>Ombudsman Varol, Bengihan\u2019\u0131n sa\u011fl\u0131k \u00e7al\u0131\u015fanlar\u0131n\u0131n nakilleriyle ilgili ba\u015fvurusu \u00fczerine haz\u0131rlanan raporu a\u00e7\u0131klad\u0131 -<\/title>\n<meta name=\"robots\" content=\"index, follow, max-snippet:-1, max-image-preview:large, max-video-preview:-1\" \/>\n<link rel=\"canonical\" href=\"https:\/\/kibrisdakik.com\/?p=50232\" \/>\n<meta property=\"og:locale\" content=\"tr_TR\" \/>\n<meta property=\"og:type\" content=\"article\" \/>\n<meta property=\"og:title\" content=\"Ombudsman Varol, Bengihan\u2019\u0131n sa\u011fl\u0131k \u00e7al\u0131\u015fanlar\u0131n\u0131n nakilleriyle ilgili ba\u015fvurusu \u00fczerine haz\u0131rlanan raporu a\u00e7\u0131klad\u0131 -\" \/>\n<meta property=\"og:description\" content=\"Ombudsman \u0130lkan Varol, K\u0131br\u0131s T\u00fcrk Amme Memurlar\u0131 Sendikas\u0131 (KTAMS) Ba\u015fkan\u0131 G\u00fcven Bengihan\u2019\u0131n sa\u011fl\u0131k \u00e7al\u0131\u015fanlar\u0131n\u0131n g\u00f6rev yeri ve nakilleriyle ilgili ba\u015fvurusu \u00fczerine haz\u0131rlanan raporu a\u00e7\u0131klad\u0131. Rapora g\u00f6re, Hem\u015fire Nakil Kurullar\u0131 mevzuata uygun bi\u00e7imde yap\u0131ld\u0131, ancak nakil d\u0131\u015f\u0131 g\u00f6revlendirmelerde yetki a\u015f\u0131m\u0131 yap\u0131ld\u0131. Varol, Bengihan\u2019\u0131n Sa\u011fl\u0131k Bakanl\u0131\u011f\u0131\u2019na ba\u011fl\u0131 kurumlarda g\u00f6rev yapan baz\u0131 kamu sa\u011fl\u0131k \u00e7al\u0131\u015fanlar\u0131n\u0131n g\u00f6rev yerlerinin de\u011fi\u015ftirildi\u011fini,\" \/>\n<meta property=\"og:url\" content=\"https:\/\/kibrisdakik.com\/?p=50232\" \/>\n<meta property=\"article:published_time\" content=\"2024-07-17T12:06:03+00:00\" \/>\n<meta property=\"og:image\" content=\"https:\/\/kibrisdakik.com\/wp-content\/uploads\/2024\/07\/ombudsman-ilkan-varol3-740x420.jpg\" \/>\n\t<meta property=\"og:image:width\" content=\"880\" \/>\n\t<meta property=\"og:image:height\" content=\"440\" \/>\n\t<meta property=\"og:image:type\" content=\"image\/jpeg\" \/>\n<meta name=\"author\" content=\"admin\" \/>\n<meta name=\"twitter:card\" content=\"summary_large_image\" \/>\n<meta name=\"twitter:label1\" content=\"Yazan:\" \/>\n\t<meta name=\"twitter:data1\" content=\"admin\" \/>\n\t<meta name=\"twitter:label2\" content=\"Tahmini okuma s\u00fcresi\" \/>\n\t<meta name=\"twitter:data2\" content=\"1 dakika\" \/>\n<script type=\"application\/ld+json\" class=\"yoast-schema-graph\">{\"@context\":\"https:\\\/\\\/schema.org\",\"@graph\":[{\"@type\":\"Article\",\"@id\":\"https:\\\/\\\/kibrisdakik.com\\\/?p=50232#article\",\"isPartOf\":{\"@id\":\"https:\\\/\\\/kibrisdakik.com\\\/?p=50232\"},\"author\":{\"name\":\"admin\",\"@id\":\"https:\\\/\\\/kibrisdakik.com\\\/#\\\/schema\\\/person\\\/9cd9d437bbb44f72b73ba127e06d8e79\"},\"headline\":\"Ombudsman Varol, Bengihan\u2019\u0131n sa\u011fl\u0131k \u00e7al\u0131\u015fanlar\u0131n\u0131n nakilleriyle ilgili ba\u015fvurusu \u00fczerine haz\u0131rlanan raporu a\u00e7\u0131klad\u0131\",\"datePublished\":\"2024-07-17T12:06:03+00:00\",\"mainEntityOfPage\":{\"@id\":\"https:\\\/\\\/kibrisdakik.com\\\/?p=50232\"},\"wordCount\":319,\"commentCount\":0,\"image\":{\"@id\":\"https:\\\/\\\/kibrisdakik.com\\\/?p=50232#primaryimage\"},\"thumbnailUrl\":\"https:\\\/\\\/kibrisdakik.com\\\/wp-content\\\/uploads\\\/2024\\\/07\\\/ombudsman-ilkan-varol3-740x420.jpg\",\"articleSection\":[\"G\u00fcndem\"],\"inLanguage\":\"tr\",\"potentialAction\":[{\"@type\":\"CommentAction\",\"name\":\"Comment\",\"target\":[\"https:\\\/\\\/kibrisdakik.com\\\/?p=50232#respond\"]}]},{\"@type\":\"WebPage\",\"@id\":\"https:\\\/\\\/kibrisdakik.com\\\/?p=50232\",\"url\":\"https:\\\/\\\/kibrisdakik.com\\\/?p=50232\",\"name\":\"Ombudsman Varol, Bengihan\u2019\u0131n sa\u011fl\u0131k \u00e7al\u0131\u015fanlar\u0131n\u0131n nakilleriyle ilgili ba\u015fvurusu \u00fczerine haz\u0131rlanan raporu a\u00e7\u0131klad\u0131 -\",\"isPartOf\":{\"@id\":\"https:\\\/\\\/kibrisdakik.com\\\/#website\"},\"primaryImageOfPage\":{\"@id\":\"https:\\\/\\\/kibrisdakik.com\\\/?p=50232#primaryimage\"},\"image\":{\"@id\":\"https:\\\/\\\/kibrisdakik.com\\\/?p=50232#primaryimage\"},\"thumbnailUrl\":\"https:\\\/\\\/kibrisdakik.com\\\/wp-content\\\/uploads\\\/2024\\\/07\\\/ombudsman-ilkan-varol3-740x420.jpg\",\"datePublished\":\"2024-07-17T12:06:03+00:00\",\"author\":{\"@id\":\"https:\\\/\\\/kibrisdakik.com\\\/#\\\/schema\\\/person\\\/9cd9d437bbb44f72b73ba127e06d8e79\"},\"breadcrumb\":{\"@id\":\"https:\\\/\\\/kibrisdakik.com\\\/?p=50232#breadcrumb\"},\"inLanguage\":\"tr\",\"potentialAction\":[{\"@type\":\"ReadAction\",\"target\":[\"https:\\\/\\\/kibrisdakik.com\\\/?p=50232\"]}]},{\"@type\":\"ImageObject\",\"inLanguage\":\"tr\",\"@id\":\"https:\\\/\\\/kibrisdakik.com\\\/?p=50232#primaryimage\",\"url\":\"https:\\\/\\\/kibrisdakik.com\\\/wp-content\\\/uploads\\\/2024\\\/07\\\/ombudsman-ilkan-varol3-740x420.jpg\",\"contentUrl\":\"https:\\\/\\\/kibrisdakik.com\\\/wp-content\\\/uploads\\\/2024\\\/07\\\/ombudsman-ilkan-varol3-740x420.jpg\",\"width\":880,\"height\":440},{\"@type\":\"BreadcrumbList\",\"@id\":\"https:\\\/\\\/kibrisdakik.com\\\/?p=50232#breadcrumb\",\"itemListElement\":[{\"@type\":\"ListItem\",\"position\":1,\"name\":\"Home\",\"item\":\"https:\\\/\\\/kibrisdakik.com\\\/\"},{\"@type\":\"ListItem\",\"position\":2,\"name\":\"Ombudsman Varol, Bengihan\u2019\u0131n sa\u011fl\u0131k \u00e7al\u0131\u015fanlar\u0131n\u0131n nakilleriyle ilgili ba\u015fvurusu \u00fczerine haz\u0131rlanan raporu a\u00e7\u0131klad\u0131\"}]},{\"@type\":\"WebSite\",\"@id\":\"https:\\\/\\\/kibrisdakik.com\\\/#website\",\"url\":\"https:\\\/\\\/kibrisdakik.com\\\/\",\"name\":\"\",\"description\":\"Tam vaktinde haber\",\"potentialAction\":[{\"@type\":\"SearchAction\",\"target\":{\"@type\":\"EntryPoint\",\"urlTemplate\":\"https:\\\/\\\/kibrisdakik.com\\\/?s={search_term_string}\"},\"query-input\":{\"@type\":\"PropertyValueSpecification\",\"valueRequired\":true,\"valueName\":\"search_term_string\"}}],\"inLanguage\":\"tr\"},{\"@type\":\"Person\",\"@id\":\"https:\\\/\\\/kibrisdakik.com\\\/#\\\/schema\\\/person\\\/9cd9d437bbb44f72b73ba127e06d8e79\",\"name\":\"admin\",\"image\":{\"@type\":\"ImageObject\",\"inLanguage\":\"tr\",\"@id\":\"https:\\\/\\\/secure.gravatar.com\\\/avatar\\\/ccc17943b9d660506c869530f897617f7cb1c21a4bf30023f252596d83e1f007?s=96&d=mm&r=g\",\"url\":\"https:\\\/\\\/secure.gravatar.com\\\/avatar\\\/ccc17943b9d660506c869530f897617f7cb1c21a4bf30023f252596d83e1f007?s=96&d=mm&r=g\",\"contentUrl\":\"https:\\\/\\\/secure.gravatar.com\\\/avatar\\\/ccc17943b9d660506c869530f897617f7cb1c21a4bf30023f252596d83e1f007?s=96&d=mm&r=g\",\"caption\":\"admin\"},\"sameAs\":[\"https:\\\/\\\/kibrisdakik.com\"],\"url\":\"https:\\\/\\\/kibrisdakik.com\\\/?author=1\"}]}<\/script>\n<!-- \/ Yoast SEO plugin. -->","yoast_head_json":{"title":"Ombudsman Varol, Bengihan\u2019\u0131n sa\u011fl\u0131k \u00e7al\u0131\u015fanlar\u0131n\u0131n nakilleriyle ilgili ba\u015fvurusu \u00fczerine haz\u0131rlanan raporu a\u00e7\u0131klad\u0131 -","robots":{"index":"index","follow":"follow","max-snippet":"max-snippet:-1","max-image-preview":"max-image-preview:large","max-video-preview":"max-video-preview:-1"},"canonical":"https:\/\/kibrisdakik.com\/?p=50232","og_locale":"tr_TR","og_type":"article","og_title":"Ombudsman Varol, Bengihan\u2019\u0131n sa\u011fl\u0131k \u00e7al\u0131\u015fanlar\u0131n\u0131n nakilleriyle ilgili ba\u015fvurusu \u00fczerine haz\u0131rlanan raporu a\u00e7\u0131klad\u0131 -","og_description":"Ombudsman \u0130lkan Varol, K\u0131br\u0131s T\u00fcrk Amme Memurlar\u0131 Sendikas\u0131 (KTAMS) Ba\u015fkan\u0131 G\u00fcven Bengihan\u2019\u0131n sa\u011fl\u0131k \u00e7al\u0131\u015fanlar\u0131n\u0131n g\u00f6rev yeri ve nakilleriyle ilgili ba\u015fvurusu \u00fczerine haz\u0131rlanan raporu a\u00e7\u0131klad\u0131. Rapora g\u00f6re, Hem\u015fire Nakil Kurullar\u0131 mevzuata uygun bi\u00e7imde yap\u0131ld\u0131, ancak nakil d\u0131\u015f\u0131 g\u00f6revlendirmelerde yetki a\u015f\u0131m\u0131 yap\u0131ld\u0131. Varol, Bengihan\u2019\u0131n Sa\u011fl\u0131k Bakanl\u0131\u011f\u0131\u2019na ba\u011fl\u0131 kurumlarda g\u00f6rev yapan baz\u0131 kamu sa\u011fl\u0131k \u00e7al\u0131\u015fanlar\u0131n\u0131n g\u00f6rev yerlerinin de\u011fi\u015ftirildi\u011fini,","og_url":"https:\/\/kibrisdakik.com\/?p=50232","article_published_time":"2024-07-17T12:06:03+00:00","og_image":[{"width":880,"height":440,"url":"https:\/\/kibrisdakik.com\/wp-content\/uploads\/2024\/07\/ombudsman-ilkan-varol3-740x420.jpg","type":"image\/jpeg"}],"author":"admin","twitter_card":"summary_large_image","twitter_misc":{"Yazan:":"admin","Tahmini okuma s\u00fcresi":"1 dakika"},"schema":{"@context":"https:\/\/schema.org","@graph":[{"@type":"Article","@id":"https:\/\/kibrisdakik.com\/?p=50232#article","isPartOf":{"@id":"https:\/\/kibrisdakik.com\/?p=50232"},"author":{"name":"admin","@id":"https:\/\/kibrisdakik.com\/#\/schema\/person\/9cd9d437bbb44f72b73ba127e06d8e79"},"headline":"Ombudsman Varol, Bengihan\u2019\u0131n sa\u011fl\u0131k \u00e7al\u0131\u015fanlar\u0131n\u0131n nakilleriyle ilgili ba\u015fvurusu \u00fczerine haz\u0131rlanan raporu a\u00e7\u0131klad\u0131","datePublished":"2024-07-17T12:06:03+00:00","mainEntityOfPage":{"@id":"https:\/\/kibrisdakik.com\/?p=50232"},"wordCount":319,"commentCount":0,"image":{"@id":"https:\/\/kibrisdakik.com\/?p=50232#primaryimage"},"thumbnailUrl":"https:\/\/kibrisdakik.com\/wp-content\/uploads\/2024\/07\/ombudsman-ilkan-varol3-740x420.jpg","articleSection":["G\u00fcndem"],"inLanguage":"tr","potentialAction":[{"@type":"CommentAction","name":"Comment","target":["https:\/\/kibrisdakik.com\/?p=50232#respond"]}]},{"@type":"WebPage","@id":"https:\/\/kibrisdakik.com\/?p=50232","url":"https:\/\/kibrisdakik.com\/?p=50232","name":"Ombudsman Varol, Bengihan\u2019\u0131n sa\u011fl\u0131k \u00e7al\u0131\u015fanlar\u0131n\u0131n nakilleriyle ilgili ba\u015fvurusu \u00fczerine haz\u0131rlanan raporu a\u00e7\u0131klad\u0131 -","isPartOf":{"@id":"https:\/\/kibrisdakik.com\/#website"},"primaryImageOfPage":{"@id":"https:\/\/kibrisdakik.com\/?p=50232#primaryimage"},"image":{"@id":"https:\/\/kibrisdakik.com\/?p=50232#primaryimage"},"thumbnailUrl":"https:\/\/kibrisdakik.com\/wp-content\/uploads\/2024\/07\/ombudsman-ilkan-varol3-740x420.jpg","datePublished":"2024-07-17T12:06:03+00:00","author":{"@id":"https:\/\/kibrisdakik.com\/#\/schema\/person\/9cd9d437bbb44f72b73ba127e06d8e79"},"breadcrumb":{"@id":"https:\/\/kibrisdakik.com\/?p=50232#breadcrumb"},"inLanguage":"tr","potentialAction":[{"@type":"ReadAction","target":["https:\/\/kibrisdakik.com\/?p=50232"]}]},{"@type":"ImageObject","inLanguage":"tr","@id":"https:\/\/kibrisdakik.com\/?p=50232#primaryimage","url":"https:\/\/kibrisdakik.com\/wp-content\/uploads\/2024\/07\/ombudsman-ilkan-varol3-740x420.jpg","contentUrl":"https:\/\/kibrisdakik.com\/wp-content\/uploads\/2024\/07\/ombudsman-ilkan-varol3-740x420.jpg","width":880,"height":440},{"@type":"BreadcrumbList","@id":"https:\/\/kibrisdakik.com\/?p=50232#breadcrumb","itemListElement":[{"@type":"ListItem","position":1,"name":"Home","item":"https:\/\/kibrisdakik.com\/"},{"@type":"ListItem","position":2,"name":"Ombudsman Varol, Bengihan\u2019\u0131n sa\u011fl\u0131k \u00e7al\u0131\u015fanlar\u0131n\u0131n nakilleriyle ilgili ba\u015fvurusu \u00fczerine haz\u0131rlanan raporu a\u00e7\u0131klad\u0131"}]},{"@type":"WebSite","@id":"https:\/\/kibrisdakik.com\/#website","url":"https:\/\/kibrisdakik.com\/","name":"","description":"Tam vaktinde haber","potentialAction":[{"@type":"SearchAction","target":{"@type":"EntryPoint","urlTemplate":"https:\/\/kibrisdakik.com\/?s={search_term_string}"},"query-input":{"@type":"PropertyValueSpecification","valueRequired":true,"valueName":"search_term_string"}}],"inLanguage":"tr"},{"@type":"Person","@id":"https:\/\/kibrisdakik.com\/#\/schema\/person\/9cd9d437bbb44f72b73ba127e06d8e79","name":"admin","image":{"@type":"ImageObject","inLanguage":"tr","@id":"https:\/\/secure.gravatar.com\/avatar\/ccc17943b9d660506c869530f897617f7cb1c21a4bf30023f252596d83e1f007?s=96&d=mm&r=g","url":"https:\/\/secure.gravatar.com\/avatar\/ccc17943b9d660506c869530f897617f7cb1c21a4bf30023f252596d83e1f007?s=96&d=mm&r=g","contentUrl":"https:\/\/secure.gravatar.com\/avatar\/ccc17943b9d660506c869530f897617f7cb1c21a4bf30023f252596d83e1f007?s=96&d=mm&r=g","caption":"admin"},"sameAs":["https:\/\/kibrisdakik.com"],"url":"https:\/\/kibrisdakik.com\/?author=1"}]}},"_links":{"self":[{"href":"https:\/\/kibrisdakik.com\/index.php?rest_route=\/wp\/v2\/posts\/50232","targetHints":{"allow":["GET"]}}],"collection":[{"href":"https:\/\/kibrisdakik.com\/index.php?rest_route=\/wp\/v2\/posts"}],"about":[{"href":"https:\/\/kibrisdakik.com\/index.php?rest_route=\/wp\/v2\/types\/post"}],"author":[{"embeddable":true,"href":"https:\/\/kibrisdakik.com\/index.php?rest_route=\/wp\/v2\/users\/1"}],"replies":[{"embeddable":true,"href":"https:\/\/kibrisdakik.com\/index.php?rest_route=%2Fwp%2Fv2%2Fcomments&post=50232"}],"version-history":[{"count":0,"href":"https:\/\/kibrisdakik.com\/index.php?rest_route=\/wp\/v2\/posts\/50232\/revisions"}],"wp:featuredmedia":[{"embeddable":true,"href":"https:\/\/kibrisdakik.com\/index.php?rest_route=\/wp\/v2\/media\/50233"}],"wp:attachment":[{"href":"https:\/\/kibrisdakik.com\/index.php?rest_route=%2Fwp%2Fv2%2Fmedia&parent=50232"}],"wp:term":[{"taxonomy":"category","embeddable":true,"href":"https:\/\/kibrisdakik.com\/index.php?rest_route=%2Fwp%2Fv2%2Fcategories&post=50232"},{"taxonomy":"post_tag","embeddable":true,"href":"https:\/\/kibrisdakik.com\/index.php?rest_route=%2Fwp%2Fv2%2Ftags&post=50232"}],"curies":[{"name":"wp","href":"https:\/\/api.w.org\/{rel}","templated":true}]}}