{"id":50272,"date":"2024-07-17T18:12:09","date_gmt":"2024-07-17T18:12:09","guid":{"rendered":"https:\/\/kibrisdakik.com\/index.php\/2024\/07\/17\/cumhurbaskani-tatar-turkiye-okculuk-vakfi-baskani-haydar-ali-yildizi-kabul-etti\/"},"modified":"2024-07-17T18:12:09","modified_gmt":"2024-07-17T18:12:09","slug":"cumhurbaskani-tatar-turkiye-okculuk-vakfi-baskani-haydar-ali-yildizi-kabul-etti","status":"publish","type":"post","link":"https:\/\/kibrisdakik.com\/?p=50272","title":{"rendered":"Cumhurba\u015fkan\u0131 Tatar, T\u00fcrkiye Ok\u00e7uluk Vakf\u0131 Ba\u015fkan\u0131 Haydar Ali Y\u0131ld\u0131z\u2019\u0131 kabul etti"},"content":{"rendered":"<p><\/p>\n<div>\n<div class=\"mariselle-image-container center\">\n                <img loading=\"lazy\" decoding=\"async\" width=\"1397\" height=\"802\" class=\"lazy-image\" alt=\"\" sizes=\"auto, (max-width: 1397px) 100vw, 1397px\" src=\"https:\/\/brtk.net\/wp-content\/uploads\/2024\/07\/17\/1g24g1.jpg?ver=58f0f42d834d83604f3539dc058bdfc6\" srcset=\"https:\/\/brtk.net\/wp-content\/uploads\/2024\/07\/17\/1g24g1.jpg?ver=58f0f42d834d83604f3539dc058bdfc6 1397w, https:\/\/brtk.net\/wp-content\/uploads\/2024\/07\/17\/1g24g1-300x172.jpg?ver=495728617cffc3577d8a99f9f78e6b29 300w, https:\/\/brtk.net\/wp-content\/uploads\/2024\/07\/17\/1g24g1-1024x588.jpg?ver=495728617cffc3577d8a99f9f78e6b29 1024w, https:\/\/brtk.net\/wp-content\/uploads\/2024\/07\/17\/1g24g1-768x441.jpg?ver=6dcf4864142a4017c0dae84953239a19 768w\"\/>                            <\/div>\n<p>Cumhurba\u015fkan\u0131 <a href=\"https:\/\/brtk.net\/\" target=\"_blank\" rel=\"noopener\"><a href=\"https:\/\/brtk.net\/\" target=\"_blank\" rel=\"noopener\">Ersin <\/a><a href=\"https:\/\/brtk.net\/\"\/><a href=\"https:\/\/brtk.net\/\"\/><a href=\"https:\/\/brtk.net\/\">Tatar<\/a>, 20 Temmuz Bar\u0131\u015f ve \u00d6zg\u00fcrl\u00fck Bayram\u0131 kapsam\u0131nda d\u00fczenlenecek etkinlikler dolay\u0131s\u0131yla <a href=\"https:\/\/brtk.net\/\"\/><a href=\"https:\/\/brtk.net\/\"\/><a href=\"https:\/\/brtk.net\/\">KKTC<\/a>\u2019de bulunan T\u00fcrkiye Cumhuriyeti Ok\u00e7uluk Vakf\u0131 Ba\u015fkan\u0131 Haydar Ali Y\u0131ld\u0131z\u2019\u0131 kabul etti.<\/p>\n<p>Cumhurba\u015fkanl\u0131\u011f\u0131ndan verilen bilgiye g\u00f6re, Cumhurba\u015fkan\u0131 <a href=\"https:\/\/brtk.net\/\" target=\"_blank\" rel=\"noopener\"><a href=\"https:\/\/brtk.net\/\" target=\"_blank\" rel=\"noopener\">Ersin <\/a><a href=\"https:\/\/brtk.net\/\"\/><a href=\"https:\/\/brtk.net\/\"\/><a href=\"https:\/\/brtk.net\/\">Tatar<\/a>, kabulde yapt\u0131\u011f\u0131 konu\u015fmada, s\u00fcrd\u00fcr\u00fclen milli faaliyetlerin gen\u00e7ler i\u00e7in \u00f6nemli etkileri oldu\u011funu belirtti. Tarihten gelen k\u00fclt\u00fcr ve gelenekleri ya\u015fatmak ve milli de\u011ferlerin s\u00fcrd\u00fcr\u00fclmesi i\u00e7in Ok\u00e7uluk Vakf\u0131\u2019n\u0131n \u00e7al\u0131\u015fmalar\u0131n\u0131n \u00f6nemine i\u015faret eden Cumhurba\u015fkan\u0131, K\u0131br\u0131s Bar\u0131\u015f Harek\u00e2t\u0131\u2019n\u0131n 50. y\u0131l\u0131nda Ok\u00e7uluk Vakf\u0131\u2019n\u0131 <a href=\"https:\/\/brtk.net\/\"\/><a href=\"https:\/\/brtk.net\/\"\/><a href=\"https:\/\/brtk.net\/\">KKTC<\/a>\u2019de g\u00f6rmekten \u00f6t\u00fcr\u00fc duydu\u011fu memnuniyeti dile getirdi.<\/p>\n<p>Cumhurba\u015fkan\u0131 <a href=\"https:\/\/brtk.net\/\"\/><a href=\"https:\/\/brtk.net\/\"\/><a href=\"https:\/\/brtk.net\/\">Tatar<\/a>, \u201c50 y\u0131lda \u00e7ok \u015feyler ba\u015fard\u0131k. K\u0131br\u0131s\u2019\u0131n kuzeyinde ba\u011f\u0131ms\u0131z bir T\u00fcrk devleti vard\u0131r. Anavatan T\u00fcrkiye\u2019nin b\u00fcy\u00fck deste\u011fiyle egemen e\u015fitlik ve e\u015fit uluslararas\u0131 temelinde yeni bir siyaset y\u00fcr\u00fctmekteyiz. K\u0131br\u0131s\u2019ta iki ayr\u0131 devlet vard\u0131r.  Kuzey\u2019deki T\u00fcrk devleti en az G\u00fcney\u2019deki Rum devleti kadar me\u015frudur\u201d ifadelerini kulland\u0131.<\/p>\n<p>Cumhurba\u015fkan\u0131 <a href=\"https:\/\/brtk.net\/\"\/><a href=\"https:\/\/brtk.net\/\"\/><a href=\"https:\/\/brtk.net\/\">Tatar<\/a>, T\u00fcrkiye Cumhuriyeti Cumhurba\u015fkan\u0131 Recep Tayyip Erdo\u011fan\u2019\u0131n K\u0131br\u0131s Bar\u0131\u015f Harek\u00e2t\u0131\u2019n\u0131n 50. y\u0131l d\u00f6n\u00fcm\u00fcnde <a href=\"https:\/\/brtk.net\/\"\/><a href=\"https:\/\/brtk.net\/\"\/><a href=\"https:\/\/brtk.net\/\">KKTC<\/a>\u2019ye yapaca\u011f\u0131 ziyareti \u00e7ok \u00f6nemsedi\u011fi ifade ederek, kutlamalara \u00e7ok say\u0131da kat\u0131l\u0131m olaca\u011f\u0131n\u0131, bu kutlamalarda da <a href=\"https:\/\/brtk.net\/\"\/><a href=\"https:\/\/brtk.net\/\"\/><a href=\"https:\/\/brtk.net\/\">KKTC<\/a>\u2019nin T\u00fcrk milleti i\u00e7in \u00f6nemi ve s\u00fcrd\u00fcr\u00fclen milli siyasetin ne kadar do\u011fru oldu\u011funu ve bu siyasetten geri ad\u0131m atmayacaklar\u0131 mesaj\u0131n\u0131 t\u00fcm d\u00fcnyaya vereceklerini s\u00f6yledi.<\/p>\n<p>Ok\u00e7uluk Vakf\u0131 Ba\u015fkan\u0131 Haydar Ali Y\u0131ld\u0131z, 20 Temmuz Bar\u0131\u015f ve \u00d6zg\u00fcrl\u00fck Bayram\u0131 kapsam\u0131nda d\u00fczenlenecek etkinlikler dolay\u0131s\u0131yla adaya geldiklerini belirterek, 20 Temmuz Bar\u0131\u015f ve \u00d6zg\u00fcrl\u00fck Bayram\u0131n\u0131 kutlad\u0131.<\/p>\n<\/p><\/div>\n<p><script async\n                    defer\n                    crossorigin=\"anonymous\"\n                    src=\"https:\/\/connect.facebook.net\/tr_TR\/sdk.js#xfbml=1&#038;version=v3.3\"\n            ><\/script><\/p>\n","protected":false},"excerpt":{"rendered":"<p>Cumhurba\u015fkan\u0131 Ersin Tatar, 20 Temmuz Bar\u0131\u015f ve \u00d6zg\u00fcrl\u00fck Bayram\u0131 kapsam\u0131nda d\u00fczenlenecek etkinlikler dolay\u0131s\u0131yla KKTC\u2019de bulunan T\u00fcrkiye Cumhuriyeti Ok\u00e7uluk Vakf\u0131 Ba\u015fkan\u0131 Haydar Ali Y\u0131ld\u0131z\u2019\u0131 kabul etti. Cumhurba\u015fkanl\u0131\u011f\u0131ndan verilen bilgiye g\u00f6re, Cumhurba\u015fkan\u0131 Ersin Tatar, kabulde yapt\u0131\u011f\u0131 konu\u015fmada, s\u00fcrd\u00fcr\u00fclen milli faaliyetlerin gen\u00e7ler i\u00e7in \u00f6nemli etkileri oldu\u011funu belirtti. Tarihten gelen k\u00fclt\u00fcr ve gelenekleri ya\u015fatmak ve milli de\u011ferlerin s\u00fcrd\u00fcr\u00fclmesi i\u00e7in<\/p>\n","protected":false},"author":1,"featured_media":50273,"comment_status":"open","ping_status":"open","sticky":false,"template":"","format":"standard","meta":{"footnotes":""},"categories":[1],"tags":[],"class_list":["post-50272","post","type-post","status-publish","format-standard","has-post-thumbnail","hentry","category-gundem"],"yoast_head":"<!-- This site is optimized with the Yoast SEO plugin v27.5 - https:\/\/yoast.com\/product\/yoast-seo-wordpress\/ -->\n<title>Cumhurba\u015fkan\u0131 Tatar, T\u00fcrkiye Ok\u00e7uluk Vakf\u0131 Ba\u015fkan\u0131 Haydar Ali Y\u0131ld\u0131z\u2019\u0131 kabul etti -<\/title>\n<meta name=\"robots\" content=\"index, follow, max-snippet:-1, max-image-preview:large, max-video-preview:-1\" \/>\n<link rel=\"canonical\" href=\"https:\/\/kibrisdakik.com\/?p=50272\" \/>\n<meta property=\"og:locale\" content=\"tr_TR\" \/>\n<meta property=\"og:type\" content=\"article\" \/>\n<meta property=\"og:title\" content=\"Cumhurba\u015fkan\u0131 Tatar, T\u00fcrkiye Ok\u00e7uluk Vakf\u0131 Ba\u015fkan\u0131 Haydar Ali Y\u0131ld\u0131z\u2019\u0131 kabul etti -\" \/>\n<meta property=\"og:description\" content=\"Cumhurba\u015fkan\u0131 Ersin Tatar, 20 Temmuz Bar\u0131\u015f ve \u00d6zg\u00fcrl\u00fck Bayram\u0131 kapsam\u0131nda d\u00fczenlenecek etkinlikler dolay\u0131s\u0131yla KKTC\u2019de bulunan T\u00fcrkiye Cumhuriyeti Ok\u00e7uluk Vakf\u0131 Ba\u015fkan\u0131 Haydar Ali Y\u0131ld\u0131z\u2019\u0131 kabul etti. Cumhurba\u015fkanl\u0131\u011f\u0131ndan verilen bilgiye g\u00f6re, Cumhurba\u015fkan\u0131 Ersin Tatar, kabulde yapt\u0131\u011f\u0131 konu\u015fmada, s\u00fcrd\u00fcr\u00fclen milli faaliyetlerin gen\u00e7ler i\u00e7in \u00f6nemli etkileri oldu\u011funu belirtti. Tarihten gelen k\u00fclt\u00fcr ve gelenekleri ya\u015fatmak ve milli de\u011ferlerin s\u00fcrd\u00fcr\u00fclmesi i\u00e7in\" \/>\n<meta property=\"og:url\" content=\"https:\/\/kibrisdakik.com\/?p=50272\" \/>\n<meta property=\"article:published_time\" content=\"2024-07-17T18:12:09+00:00\" \/>\n<meta property=\"og:image\" content=\"https:\/\/kibrisdakik.com\/wp-content\/uploads\/2024\/07\/1g24g1-740x420.jpg\" \/>\n\t<meta property=\"og:image:width\" content=\"1397\" \/>\n\t<meta property=\"og:image:height\" content=\"802\" \/>\n\t<meta property=\"og:image:type\" content=\"image\/jpeg\" \/>\n<meta name=\"author\" content=\"admin\" \/>\n<meta name=\"twitter:card\" content=\"summary_large_image\" \/>\n<meta name=\"twitter:label1\" content=\"Yazan:\" \/>\n\t<meta name=\"twitter:data1\" content=\"admin\" \/>\n\t<meta name=\"twitter:label2\" content=\"Tahmini okuma s\u00fcresi\" \/>\n\t<meta name=\"twitter:data2\" content=\"2 dakika\" \/>\n<script type=\"application\/ld+json\" class=\"yoast-schema-graph\">{\"@context\":\"https:\\\/\\\/schema.org\",\"@graph\":[{\"@type\":\"Article\",\"@id\":\"https:\\\/\\\/kibrisdakik.com\\\/?p=50272#article\",\"isPartOf\":{\"@id\":\"https:\\\/\\\/kibrisdakik.com\\\/?p=50272\"},\"author\":{\"name\":\"admin\",\"@id\":\"https:\\\/\\\/kibrisdakik.com\\\/#\\\/schema\\\/person\\\/9cd9d437bbb44f72b73ba127e06d8e79\"},\"headline\":\"Cumhurba\u015fkan\u0131 Tatar, T\u00fcrkiye Ok\u00e7uluk Vakf\u0131 Ba\u015fkan\u0131 Haydar Ali Y\u0131ld\u0131z\u2019\u0131 kabul etti\",\"datePublished\":\"2024-07-17T18:12:09+00:00\",\"mainEntityOfPage\":{\"@id\":\"https:\\\/\\\/kibrisdakik.com\\\/?p=50272\"},\"wordCount\":339,\"commentCount\":0,\"image\":{\"@id\":\"https:\\\/\\\/kibrisdakik.com\\\/?p=50272#primaryimage\"},\"thumbnailUrl\":\"https:\\\/\\\/kibrisdakik.com\\\/wp-content\\\/uploads\\\/2024\\\/07\\\/1g24g1-740x420.jpg\",\"articleSection\":[\"G\u00fcndem\"],\"inLanguage\":\"tr\",\"potentialAction\":[{\"@type\":\"CommentAction\",\"name\":\"Comment\",\"target\":[\"https:\\\/\\\/kibrisdakik.com\\\/?p=50272#respond\"]}]},{\"@type\":\"WebPage\",\"@id\":\"https:\\\/\\\/kibrisdakik.com\\\/?p=50272\",\"url\":\"https:\\\/\\\/kibrisdakik.com\\\/?p=50272\",\"name\":\"Cumhurba\u015fkan\u0131 Tatar, T\u00fcrkiye Ok\u00e7uluk Vakf\u0131 Ba\u015fkan\u0131 Haydar Ali Y\u0131ld\u0131z\u2019\u0131 kabul etti -\",\"isPartOf\":{\"@id\":\"https:\\\/\\\/kibrisdakik.com\\\/#website\"},\"primaryImageOfPage\":{\"@id\":\"https:\\\/\\\/kibrisdakik.com\\\/?p=50272#primaryimage\"},\"image\":{\"@id\":\"https:\\\/\\\/kibrisdakik.com\\\/?p=50272#primaryimage\"},\"thumbnailUrl\":\"https:\\\/\\\/kibrisdakik.com\\\/wp-content\\\/uploads\\\/2024\\\/07\\\/1g24g1-740x420.jpg\",\"datePublished\":\"2024-07-17T18:12:09+00:00\",\"author\":{\"@id\":\"https:\\\/\\\/kibrisdakik.com\\\/#\\\/schema\\\/person\\\/9cd9d437bbb44f72b73ba127e06d8e79\"},\"breadcrumb\":{\"@id\":\"https:\\\/\\\/kibrisdakik.com\\\/?p=50272#breadcrumb\"},\"inLanguage\":\"tr\",\"potentialAction\":[{\"@type\":\"ReadAction\",\"target\":[\"https:\\\/\\\/kibrisdakik.com\\\/?p=50272\"]}]},{\"@type\":\"ImageObject\",\"inLanguage\":\"tr\",\"@id\":\"https:\\\/\\\/kibrisdakik.com\\\/?p=50272#primaryimage\",\"url\":\"https:\\\/\\\/kibrisdakik.com\\\/wp-content\\\/uploads\\\/2024\\\/07\\\/1g24g1-740x420.jpg\",\"contentUrl\":\"https:\\\/\\\/kibrisdakik.com\\\/wp-content\\\/uploads\\\/2024\\\/07\\\/1g24g1-740x420.jpg\",\"width\":1397,\"height\":802},{\"@type\":\"BreadcrumbList\",\"@id\":\"https:\\\/\\\/kibrisdakik.com\\\/?p=50272#breadcrumb\",\"itemListElement\":[{\"@type\":\"ListItem\",\"position\":1,\"name\":\"Home\",\"item\":\"https:\\\/\\\/kibrisdakik.com\\\/\"},{\"@type\":\"ListItem\",\"position\":2,\"name\":\"Cumhurba\u015fkan\u0131 Tatar, T\u00fcrkiye Ok\u00e7uluk Vakf\u0131 Ba\u015fkan\u0131 Haydar Ali Y\u0131ld\u0131z\u2019\u0131 kabul etti\"}]},{\"@type\":\"WebSite\",\"@id\":\"https:\\\/\\\/kibrisdakik.com\\\/#website\",\"url\":\"https:\\\/\\\/kibrisdakik.com\\\/\",\"name\":\"\",\"description\":\"Tam vaktinde haber\",\"potentialAction\":[{\"@type\":\"SearchAction\",\"target\":{\"@type\":\"EntryPoint\",\"urlTemplate\":\"https:\\\/\\\/kibrisdakik.com\\\/?s={search_term_string}\"},\"query-input\":{\"@type\":\"PropertyValueSpecification\",\"valueRequired\":true,\"valueName\":\"search_term_string\"}}],\"inLanguage\":\"tr\"},{\"@type\":\"Person\",\"@id\":\"https:\\\/\\\/kibrisdakik.com\\\/#\\\/schema\\\/person\\\/9cd9d437bbb44f72b73ba127e06d8e79\",\"name\":\"admin\",\"image\":{\"@type\":\"ImageObject\",\"inLanguage\":\"tr\",\"@id\":\"https:\\\/\\\/secure.gravatar.com\\\/avatar\\\/ccc17943b9d660506c869530f897617f7cb1c21a4bf30023f252596d83e1f007?s=96&d=mm&r=g\",\"url\":\"https:\\\/\\\/secure.gravatar.com\\\/avatar\\\/ccc17943b9d660506c869530f897617f7cb1c21a4bf30023f252596d83e1f007?s=96&d=mm&r=g\",\"contentUrl\":\"https:\\\/\\\/secure.gravatar.com\\\/avatar\\\/ccc17943b9d660506c869530f897617f7cb1c21a4bf30023f252596d83e1f007?s=96&d=mm&r=g\",\"caption\":\"admin\"},\"sameAs\":[\"https:\\\/\\\/kibrisdakik.com\"],\"url\":\"https:\\\/\\\/kibrisdakik.com\\\/?author=1\"}]}<\/script>\n<!-- \/ Yoast SEO plugin. -->","yoast_head_json":{"title":"Cumhurba\u015fkan\u0131 Tatar, T\u00fcrkiye Ok\u00e7uluk Vakf\u0131 Ba\u015fkan\u0131 Haydar Ali Y\u0131ld\u0131z\u2019\u0131 kabul etti -","robots":{"index":"index","follow":"follow","max-snippet":"max-snippet:-1","max-image-preview":"max-image-preview:large","max-video-preview":"max-video-preview:-1"},"canonical":"https:\/\/kibrisdakik.com\/?p=50272","og_locale":"tr_TR","og_type":"article","og_title":"Cumhurba\u015fkan\u0131 Tatar, T\u00fcrkiye Ok\u00e7uluk Vakf\u0131 Ba\u015fkan\u0131 Haydar Ali Y\u0131ld\u0131z\u2019\u0131 kabul etti -","og_description":"Cumhurba\u015fkan\u0131 Ersin Tatar, 20 Temmuz Bar\u0131\u015f ve \u00d6zg\u00fcrl\u00fck Bayram\u0131 kapsam\u0131nda d\u00fczenlenecek etkinlikler dolay\u0131s\u0131yla KKTC\u2019de bulunan T\u00fcrkiye Cumhuriyeti Ok\u00e7uluk Vakf\u0131 Ba\u015fkan\u0131 Haydar Ali Y\u0131ld\u0131z\u2019\u0131 kabul etti. Cumhurba\u015fkanl\u0131\u011f\u0131ndan verilen bilgiye g\u00f6re, Cumhurba\u015fkan\u0131 Ersin Tatar, kabulde yapt\u0131\u011f\u0131 konu\u015fmada, s\u00fcrd\u00fcr\u00fclen milli faaliyetlerin gen\u00e7ler i\u00e7in \u00f6nemli etkileri oldu\u011funu belirtti. Tarihten gelen k\u00fclt\u00fcr ve gelenekleri ya\u015fatmak ve milli de\u011ferlerin s\u00fcrd\u00fcr\u00fclmesi i\u00e7in","og_url":"https:\/\/kibrisdakik.com\/?p=50272","article_published_time":"2024-07-17T18:12:09+00:00","og_image":[{"width":1397,"height":802,"url":"https:\/\/kibrisdakik.com\/wp-content\/uploads\/2024\/07\/1g24g1-740x420.jpg","type":"image\/jpeg"}],"author":"admin","twitter_card":"summary_large_image","twitter_misc":{"Yazan:":"admin","Tahmini okuma s\u00fcresi":"2 dakika"},"schema":{"@context":"https:\/\/schema.org","@graph":[{"@type":"Article","@id":"https:\/\/kibrisdakik.com\/?p=50272#article","isPartOf":{"@id":"https:\/\/kibrisdakik.com\/?p=50272"},"author":{"name":"admin","@id":"https:\/\/kibrisdakik.com\/#\/schema\/person\/9cd9d437bbb44f72b73ba127e06d8e79"},"headline":"Cumhurba\u015fkan\u0131 Tatar, T\u00fcrkiye Ok\u00e7uluk Vakf\u0131 Ba\u015fkan\u0131 Haydar Ali Y\u0131ld\u0131z\u2019\u0131 kabul etti","datePublished":"2024-07-17T18:12:09+00:00","mainEntityOfPage":{"@id":"https:\/\/kibrisdakik.com\/?p=50272"},"wordCount":339,"commentCount":0,"image":{"@id":"https:\/\/kibrisdakik.com\/?p=50272#primaryimage"},"thumbnailUrl":"https:\/\/kibrisdakik.com\/wp-content\/uploads\/2024\/07\/1g24g1-740x420.jpg","articleSection":["G\u00fcndem"],"inLanguage":"tr","potentialAction":[{"@type":"CommentAction","name":"Comment","target":["https:\/\/kibrisdakik.com\/?p=50272#respond"]}]},{"@type":"WebPage","@id":"https:\/\/kibrisdakik.com\/?p=50272","url":"https:\/\/kibrisdakik.com\/?p=50272","name":"Cumhurba\u015fkan\u0131 Tatar, T\u00fcrkiye Ok\u00e7uluk Vakf\u0131 Ba\u015fkan\u0131 Haydar Ali Y\u0131ld\u0131z\u2019\u0131 kabul etti -","isPartOf":{"@id":"https:\/\/kibrisdakik.com\/#website"},"primaryImageOfPage":{"@id":"https:\/\/kibrisdakik.com\/?p=50272#primaryimage"},"image":{"@id":"https:\/\/kibrisdakik.com\/?p=50272#primaryimage"},"thumbnailUrl":"https:\/\/kibrisdakik.com\/wp-content\/uploads\/2024\/07\/1g24g1-740x420.jpg","datePublished":"2024-07-17T18:12:09+00:00","author":{"@id":"https:\/\/kibrisdakik.com\/#\/schema\/person\/9cd9d437bbb44f72b73ba127e06d8e79"},"breadcrumb":{"@id":"https:\/\/kibrisdakik.com\/?p=50272#breadcrumb"},"inLanguage":"tr","potentialAction":[{"@type":"ReadAction","target":["https:\/\/kibrisdakik.com\/?p=50272"]}]},{"@type":"ImageObject","inLanguage":"tr","@id":"https:\/\/kibrisdakik.com\/?p=50272#primaryimage","url":"https:\/\/kibrisdakik.com\/wp-content\/uploads\/2024\/07\/1g24g1-740x420.jpg","contentUrl":"https:\/\/kibrisdakik.com\/wp-content\/uploads\/2024\/07\/1g24g1-740x420.jpg","width":1397,"height":802},{"@type":"BreadcrumbList","@id":"https:\/\/kibrisdakik.com\/?p=50272#breadcrumb","itemListElement":[{"@type":"ListItem","position":1,"name":"Home","item":"https:\/\/kibrisdakik.com\/"},{"@type":"ListItem","position":2,"name":"Cumhurba\u015fkan\u0131 Tatar, T\u00fcrkiye Ok\u00e7uluk Vakf\u0131 Ba\u015fkan\u0131 Haydar Ali Y\u0131ld\u0131z\u2019\u0131 kabul etti"}]},{"@type":"WebSite","@id":"https:\/\/kibrisdakik.com\/#website","url":"https:\/\/kibrisdakik.com\/","name":"","description":"Tam vaktinde haber","potentialAction":[{"@type":"SearchAction","target":{"@type":"EntryPoint","urlTemplate":"https:\/\/kibrisdakik.com\/?s={search_term_string}"},"query-input":{"@type":"PropertyValueSpecification","valueRequired":true,"valueName":"search_term_string"}}],"inLanguage":"tr"},{"@type":"Person","@id":"https:\/\/kibrisdakik.com\/#\/schema\/person\/9cd9d437bbb44f72b73ba127e06d8e79","name":"admin","image":{"@type":"ImageObject","inLanguage":"tr","@id":"https:\/\/secure.gravatar.com\/avatar\/ccc17943b9d660506c869530f897617f7cb1c21a4bf30023f252596d83e1f007?s=96&d=mm&r=g","url":"https:\/\/secure.gravatar.com\/avatar\/ccc17943b9d660506c869530f897617f7cb1c21a4bf30023f252596d83e1f007?s=96&d=mm&r=g","contentUrl":"https:\/\/secure.gravatar.com\/avatar\/ccc17943b9d660506c869530f897617f7cb1c21a4bf30023f252596d83e1f007?s=96&d=mm&r=g","caption":"admin"},"sameAs":["https:\/\/kibrisdakik.com"],"url":"https:\/\/kibrisdakik.com\/?author=1"}]}},"_links":{"self":[{"href":"https:\/\/kibrisdakik.com\/index.php?rest_route=\/wp\/v2\/posts\/50272","targetHints":{"allow":["GET"]}}],"collection":[{"href":"https:\/\/kibrisdakik.com\/index.php?rest_route=\/wp\/v2\/posts"}],"about":[{"href":"https:\/\/kibrisdakik.com\/index.php?rest_route=\/wp\/v2\/types\/post"}],"author":[{"embeddable":true,"href":"https:\/\/kibrisdakik.com\/index.php?rest_route=\/wp\/v2\/users\/1"}],"replies":[{"embeddable":true,"href":"https:\/\/kibrisdakik.com\/index.php?rest_route=%2Fwp%2Fv2%2Fcomments&post=50272"}],"version-history":[{"count":0,"href":"https:\/\/kibrisdakik.com\/index.php?rest_route=\/wp\/v2\/posts\/50272\/revisions"}],"wp:featuredmedia":[{"embeddable":true,"href":"https:\/\/kibrisdakik.com\/index.php?rest_route=\/wp\/v2\/media\/50273"}],"wp:attachment":[{"href":"https:\/\/kibrisdakik.com\/index.php?rest_route=%2Fwp%2Fv2%2Fmedia&parent=50272"}],"wp:term":[{"taxonomy":"category","embeddable":true,"href":"https:\/\/kibrisdakik.com\/index.php?rest_route=%2Fwp%2Fv2%2Fcategories&post=50272"},{"taxonomy":"post_tag","embeddable":true,"href":"https:\/\/kibrisdakik.com\/index.php?rest_route=%2Fwp%2Fv2%2Ftags&post=50272"}],"curies":[{"name":"wp","href":"https:\/\/api.w.org\/{rel}","templated":true}]}}