{"id":50405,"date":"2024-07-18T16:37:54","date_gmt":"2024-07-18T16:37:54","guid":{"rendered":"https:\/\/kibrisdakik.com\/index.php\/2024\/07\/18\/erhurman-ozel-ve-beraberindeki-heyeti-karsiladi\/"},"modified":"2024-07-18T16:37:54","modified_gmt":"2024-07-18T16:37:54","slug":"erhurman-ozel-ve-beraberindeki-heyeti-karsiladi","status":"publish","type":"post","link":"https:\/\/kibrisdakik.com\/?p=50405","title":{"rendered":"Erh\u00fcrman, \u00d6zel ve beraberindeki heyeti kar\u015f\u0131lad\u0131"},"content":{"rendered":"<p><\/p>\n<div>\n<div class=\"mariselle-image-container center\">\n                <img loading=\"lazy\" decoding=\"async\" width=\"990\" height=\"359\" class=\"lazy-image\" alt=\"\" sizes=\"auto, (max-width: 990px) 100vw, 990px\" src=\"https:\/\/brtk.net\/wp-content\/uploads\/2024\/07\/18\/3465453.jpg?ver=b10c5eb73b1a5b7ba78930ac733f7c57\" srcset=\"https:\/\/brtk.net\/wp-content\/uploads\/2024\/07\/18\/3465453.jpg?ver=b10c5eb73b1a5b7ba78930ac733f7c57 990w, https:\/\/brtk.net\/wp-content\/uploads\/2024\/07\/18\/3465453-300x109.jpg?ver=34223dcd4625575b8ac1fa64fe886630 300w, https:\/\/brtk.net\/wp-content\/uploads\/2024\/07\/18\/3465453-768x278.jpg?ver=34223dcd4625575b8ac1fa64fe886630 768w\"\/>                            <\/div>\n<p>Cumhuriyet\u00e7i T\u00fcrk Partisi (<a href=\"https:\/\/brtk.net\/\">CTP<\/a>) Genel Ba\u015fkan\u0131 Tufan Erh\u00fcrman, bug\u00fcn adaya gelen Cumhuriyet Halk Partisi (CHP) Genel Ba\u015fkan\u0131 \u00d6zg\u00fcr \u00d6zel ve beraberindeki heyeti havaalan\u0131nda kar\u015f\u0131lad\u0131. <\/p>\n<p>Tufan Erh\u00fcrman\u2019a D\u0131\u015f \u0130li\u015fkiler Sekreteri Fikri Toros ve Grup Ba\u015fkan Vekilleri Erkut \u015eahali ile S\u0131la Usar \u0130ncirli e\u015flik etti. Partilerin heyetleri yar\u0131n saat 09.30\u2019da <a href=\"https:\/\/brtk.net\/\">CTP<\/a> Genel Merkezinde bir araya gelecek.<\/p>\n<\/p><\/div>\n<p><script async\n                    defer\n                    crossorigin=\"anonymous\"\n                    src=\"https:\/\/connect.facebook.net\/tr_TR\/sdk.js#xfbml=1&#038;version=v3.3\"\n            ><\/script><\/p>\n","protected":false},"excerpt":{"rendered":"<p>Cumhuriyet\u00e7i T\u00fcrk Partisi (CTP) Genel Ba\u015fkan\u0131 Tufan Erh\u00fcrman, bug\u00fcn adaya gelen Cumhuriyet Halk Partisi (CHP) Genel Ba\u015fkan\u0131 \u00d6zg\u00fcr \u00d6zel ve beraberindeki heyeti havaalan\u0131nda kar\u015f\u0131lad\u0131. Tufan Erh\u00fcrman\u2019a D\u0131\u015f \u0130li\u015fkiler Sekreteri Fikri Toros ve Grup Ba\u015fkan Vekilleri Erkut \u015eahali ile S\u0131la Usar \u0130ncirli e\u015flik etti. Partilerin heyetleri yar\u0131n saat 09.30\u2019da CTP Genel Merkezinde bir araya gelecek.<\/p>\n","protected":false},"author":1,"featured_media":50406,"comment_status":"open","ping_status":"open","sticky":false,"template":"","format":"standard","meta":{"footnotes":""},"categories":[1],"tags":[],"class_list":["post-50405","post","type-post","status-publish","format-standard","has-post-thumbnail","hentry","category-gundem"],"yoast_head":"<!-- This site is optimized with the Yoast SEO plugin v27.4 - https:\/\/yoast.com\/product\/yoast-seo-wordpress\/ -->\n<title>Erh\u00fcrman, \u00d6zel ve beraberindeki heyeti kar\u015f\u0131lad\u0131 -<\/title>\n<meta name=\"robots\" content=\"index, follow, max-snippet:-1, max-image-preview:large, max-video-preview:-1\" \/>\n<link rel=\"canonical\" href=\"https:\/\/kibrisdakik.com\/?p=50405\" \/>\n<meta property=\"og:locale\" content=\"tr_TR\" \/>\n<meta property=\"og:type\" content=\"article\" \/>\n<meta property=\"og:title\" content=\"Erh\u00fcrman, \u00d6zel ve beraberindeki heyeti kar\u015f\u0131lad\u0131 -\" \/>\n<meta property=\"og:description\" content=\"Cumhuriyet\u00e7i T\u00fcrk Partisi (CTP) Genel Ba\u015fkan\u0131 Tufan Erh\u00fcrman, bug\u00fcn adaya gelen Cumhuriyet Halk Partisi (CHP) Genel Ba\u015fkan\u0131 \u00d6zg\u00fcr \u00d6zel ve beraberindeki heyeti havaalan\u0131nda kar\u015f\u0131lad\u0131. Tufan Erh\u00fcrman\u2019a D\u0131\u015f \u0130li\u015fkiler Sekreteri Fikri Toros ve Grup Ba\u015fkan Vekilleri Erkut \u015eahali ile S\u0131la Usar \u0130ncirli e\u015flik etti. Partilerin heyetleri yar\u0131n saat 09.30\u2019da CTP Genel Merkezinde bir araya gelecek.\" \/>\n<meta property=\"og:url\" content=\"https:\/\/kibrisdakik.com\/?p=50405\" \/>\n<meta property=\"article:published_time\" content=\"2024-07-18T16:37:54+00:00\" \/>\n<meta property=\"og:image\" content=\"https:\/\/kibrisdakik.com\/wp-content\/uploads\/2024\/07\/3465453-740x359.jpg\" \/>\n\t<meta property=\"og:image:width\" content=\"990\" \/>\n\t<meta property=\"og:image:height\" content=\"359\" \/>\n\t<meta property=\"og:image:type\" content=\"image\/jpeg\" \/>\n<meta name=\"author\" content=\"admin\" \/>\n<meta name=\"twitter:card\" content=\"summary_large_image\" \/>\n<meta name=\"twitter:label1\" content=\"Yazan:\" \/>\n\t<meta name=\"twitter:data1\" content=\"admin\" \/>\n<script type=\"application\/ld+json\" class=\"yoast-schema-graph\">{\"@context\":\"https:\\\/\\\/schema.org\",\"@graph\":[{\"@type\":\"Article\",\"@id\":\"https:\\\/\\\/kibrisdakik.com\\\/?p=50405#article\",\"isPartOf\":{\"@id\":\"https:\\\/\\\/kibrisdakik.com\\\/?p=50405\"},\"author\":{\"name\":\"admin\",\"@id\":\"https:\\\/\\\/kibrisdakik.com\\\/#\\\/schema\\\/person\\\/9cd9d437bbb44f72b73ba127e06d8e79\"},\"headline\":\"Erh\u00fcrman, \u00d6zel ve beraberindeki heyeti kar\u015f\u0131lad\u0131\",\"datePublished\":\"2024-07-18T16:37:54+00:00\",\"mainEntityOfPage\":{\"@id\":\"https:\\\/\\\/kibrisdakik.com\\\/?p=50405\"},\"wordCount\":78,\"commentCount\":0,\"image\":{\"@id\":\"https:\\\/\\\/kibrisdakik.com\\\/?p=50405#primaryimage\"},\"thumbnailUrl\":\"https:\\\/\\\/kibrisdakik.com\\\/wp-content\\\/uploads\\\/2024\\\/07\\\/3465453-740x359.jpg\",\"articleSection\":[\"G\u00fcndem\"],\"inLanguage\":\"tr\",\"potentialAction\":[{\"@type\":\"CommentAction\",\"name\":\"Comment\",\"target\":[\"https:\\\/\\\/kibrisdakik.com\\\/?p=50405#respond\"]}]},{\"@type\":\"WebPage\",\"@id\":\"https:\\\/\\\/kibrisdakik.com\\\/?p=50405\",\"url\":\"https:\\\/\\\/kibrisdakik.com\\\/?p=50405\",\"name\":\"Erh\u00fcrman, \u00d6zel ve beraberindeki heyeti kar\u015f\u0131lad\u0131 -\",\"isPartOf\":{\"@id\":\"https:\\\/\\\/kibrisdakik.com\\\/#website\"},\"primaryImageOfPage\":{\"@id\":\"https:\\\/\\\/kibrisdakik.com\\\/?p=50405#primaryimage\"},\"image\":{\"@id\":\"https:\\\/\\\/kibrisdakik.com\\\/?p=50405#primaryimage\"},\"thumbnailUrl\":\"https:\\\/\\\/kibrisdakik.com\\\/wp-content\\\/uploads\\\/2024\\\/07\\\/3465453-740x359.jpg\",\"datePublished\":\"2024-07-18T16:37:54+00:00\",\"author\":{\"@id\":\"https:\\\/\\\/kibrisdakik.com\\\/#\\\/schema\\\/person\\\/9cd9d437bbb44f72b73ba127e06d8e79\"},\"breadcrumb\":{\"@id\":\"https:\\\/\\\/kibrisdakik.com\\\/?p=50405#breadcrumb\"},\"inLanguage\":\"tr\",\"potentialAction\":[{\"@type\":\"ReadAction\",\"target\":[\"https:\\\/\\\/kibrisdakik.com\\\/?p=50405\"]}]},{\"@type\":\"ImageObject\",\"inLanguage\":\"tr\",\"@id\":\"https:\\\/\\\/kibrisdakik.com\\\/?p=50405#primaryimage\",\"url\":\"https:\\\/\\\/kibrisdakik.com\\\/wp-content\\\/uploads\\\/2024\\\/07\\\/3465453-740x359.jpg\",\"contentUrl\":\"https:\\\/\\\/kibrisdakik.com\\\/wp-content\\\/uploads\\\/2024\\\/07\\\/3465453-740x359.jpg\",\"width\":990,\"height\":359},{\"@type\":\"BreadcrumbList\",\"@id\":\"https:\\\/\\\/kibrisdakik.com\\\/?p=50405#breadcrumb\",\"itemListElement\":[{\"@type\":\"ListItem\",\"position\":1,\"name\":\"Home\",\"item\":\"https:\\\/\\\/kibrisdakik.com\\\/\"},{\"@type\":\"ListItem\",\"position\":2,\"name\":\"Erh\u00fcrman, \u00d6zel ve beraberindeki heyeti kar\u015f\u0131lad\u0131\"}]},{\"@type\":\"WebSite\",\"@id\":\"https:\\\/\\\/kibrisdakik.com\\\/#website\",\"url\":\"https:\\\/\\\/kibrisdakik.com\\\/\",\"name\":\"\",\"description\":\"Tam vaktinde haber\",\"potentialAction\":[{\"@type\":\"SearchAction\",\"target\":{\"@type\":\"EntryPoint\",\"urlTemplate\":\"https:\\\/\\\/kibrisdakik.com\\\/?s={search_term_string}\"},\"query-input\":{\"@type\":\"PropertyValueSpecification\",\"valueRequired\":true,\"valueName\":\"search_term_string\"}}],\"inLanguage\":\"tr\"},{\"@type\":\"Person\",\"@id\":\"https:\\\/\\\/kibrisdakik.com\\\/#\\\/schema\\\/person\\\/9cd9d437bbb44f72b73ba127e06d8e79\",\"name\":\"admin\",\"image\":{\"@type\":\"ImageObject\",\"inLanguage\":\"tr\",\"@id\":\"https:\\\/\\\/secure.gravatar.com\\\/avatar\\\/ccc17943b9d660506c869530f897617f7cb1c21a4bf30023f252596d83e1f007?s=96&d=mm&r=g\",\"url\":\"https:\\\/\\\/secure.gravatar.com\\\/avatar\\\/ccc17943b9d660506c869530f897617f7cb1c21a4bf30023f252596d83e1f007?s=96&d=mm&r=g\",\"contentUrl\":\"https:\\\/\\\/secure.gravatar.com\\\/avatar\\\/ccc17943b9d660506c869530f897617f7cb1c21a4bf30023f252596d83e1f007?s=96&d=mm&r=g\",\"caption\":\"admin\"},\"sameAs\":[\"https:\\\/\\\/kibrisdakik.com\"],\"url\":\"https:\\\/\\\/kibrisdakik.com\\\/?author=1\"}]}<\/script>\n<!-- \/ Yoast SEO plugin. -->","yoast_head_json":{"title":"Erh\u00fcrman, \u00d6zel ve beraberindeki heyeti kar\u015f\u0131lad\u0131 -","robots":{"index":"index","follow":"follow","max-snippet":"max-snippet:-1","max-image-preview":"max-image-preview:large","max-video-preview":"max-video-preview:-1"},"canonical":"https:\/\/kibrisdakik.com\/?p=50405","og_locale":"tr_TR","og_type":"article","og_title":"Erh\u00fcrman, \u00d6zel ve beraberindeki heyeti kar\u015f\u0131lad\u0131 -","og_description":"Cumhuriyet\u00e7i T\u00fcrk Partisi (CTP) Genel Ba\u015fkan\u0131 Tufan Erh\u00fcrman, bug\u00fcn adaya gelen Cumhuriyet Halk Partisi (CHP) Genel Ba\u015fkan\u0131 \u00d6zg\u00fcr \u00d6zel ve beraberindeki heyeti havaalan\u0131nda kar\u015f\u0131lad\u0131. Tufan Erh\u00fcrman\u2019a D\u0131\u015f \u0130li\u015fkiler Sekreteri Fikri Toros ve Grup Ba\u015fkan Vekilleri Erkut \u015eahali ile S\u0131la Usar \u0130ncirli e\u015flik etti. Partilerin heyetleri yar\u0131n saat 09.30\u2019da CTP Genel Merkezinde bir araya gelecek.","og_url":"https:\/\/kibrisdakik.com\/?p=50405","article_published_time":"2024-07-18T16:37:54+00:00","og_image":[{"width":990,"height":359,"url":"https:\/\/kibrisdakik.com\/wp-content\/uploads\/2024\/07\/3465453-740x359.jpg","type":"image\/jpeg"}],"author":"admin","twitter_card":"summary_large_image","twitter_misc":{"Yazan:":"admin"},"schema":{"@context":"https:\/\/schema.org","@graph":[{"@type":"Article","@id":"https:\/\/kibrisdakik.com\/?p=50405#article","isPartOf":{"@id":"https:\/\/kibrisdakik.com\/?p=50405"},"author":{"name":"admin","@id":"https:\/\/kibrisdakik.com\/#\/schema\/person\/9cd9d437bbb44f72b73ba127e06d8e79"},"headline":"Erh\u00fcrman, \u00d6zel ve beraberindeki heyeti kar\u015f\u0131lad\u0131","datePublished":"2024-07-18T16:37:54+00:00","mainEntityOfPage":{"@id":"https:\/\/kibrisdakik.com\/?p=50405"},"wordCount":78,"commentCount":0,"image":{"@id":"https:\/\/kibrisdakik.com\/?p=50405#primaryimage"},"thumbnailUrl":"https:\/\/kibrisdakik.com\/wp-content\/uploads\/2024\/07\/3465453-740x359.jpg","articleSection":["G\u00fcndem"],"inLanguage":"tr","potentialAction":[{"@type":"CommentAction","name":"Comment","target":["https:\/\/kibrisdakik.com\/?p=50405#respond"]}]},{"@type":"WebPage","@id":"https:\/\/kibrisdakik.com\/?p=50405","url":"https:\/\/kibrisdakik.com\/?p=50405","name":"Erh\u00fcrman, \u00d6zel ve beraberindeki heyeti kar\u015f\u0131lad\u0131 -","isPartOf":{"@id":"https:\/\/kibrisdakik.com\/#website"},"primaryImageOfPage":{"@id":"https:\/\/kibrisdakik.com\/?p=50405#primaryimage"},"image":{"@id":"https:\/\/kibrisdakik.com\/?p=50405#primaryimage"},"thumbnailUrl":"https:\/\/kibrisdakik.com\/wp-content\/uploads\/2024\/07\/3465453-740x359.jpg","datePublished":"2024-07-18T16:37:54+00:00","author":{"@id":"https:\/\/kibrisdakik.com\/#\/schema\/person\/9cd9d437bbb44f72b73ba127e06d8e79"},"breadcrumb":{"@id":"https:\/\/kibrisdakik.com\/?p=50405#breadcrumb"},"inLanguage":"tr","potentialAction":[{"@type":"ReadAction","target":["https:\/\/kibrisdakik.com\/?p=50405"]}]},{"@type":"ImageObject","inLanguage":"tr","@id":"https:\/\/kibrisdakik.com\/?p=50405#primaryimage","url":"https:\/\/kibrisdakik.com\/wp-content\/uploads\/2024\/07\/3465453-740x359.jpg","contentUrl":"https:\/\/kibrisdakik.com\/wp-content\/uploads\/2024\/07\/3465453-740x359.jpg","width":990,"height":359},{"@type":"BreadcrumbList","@id":"https:\/\/kibrisdakik.com\/?p=50405#breadcrumb","itemListElement":[{"@type":"ListItem","position":1,"name":"Home","item":"https:\/\/kibrisdakik.com\/"},{"@type":"ListItem","position":2,"name":"Erh\u00fcrman, \u00d6zel ve beraberindeki heyeti kar\u015f\u0131lad\u0131"}]},{"@type":"WebSite","@id":"https:\/\/kibrisdakik.com\/#website","url":"https:\/\/kibrisdakik.com\/","name":"","description":"Tam vaktinde haber","potentialAction":[{"@type":"SearchAction","target":{"@type":"EntryPoint","urlTemplate":"https:\/\/kibrisdakik.com\/?s={search_term_string}"},"query-input":{"@type":"PropertyValueSpecification","valueRequired":true,"valueName":"search_term_string"}}],"inLanguage":"tr"},{"@type":"Person","@id":"https:\/\/kibrisdakik.com\/#\/schema\/person\/9cd9d437bbb44f72b73ba127e06d8e79","name":"admin","image":{"@type":"ImageObject","inLanguage":"tr","@id":"https:\/\/secure.gravatar.com\/avatar\/ccc17943b9d660506c869530f897617f7cb1c21a4bf30023f252596d83e1f007?s=96&d=mm&r=g","url":"https:\/\/secure.gravatar.com\/avatar\/ccc17943b9d660506c869530f897617f7cb1c21a4bf30023f252596d83e1f007?s=96&d=mm&r=g","contentUrl":"https:\/\/secure.gravatar.com\/avatar\/ccc17943b9d660506c869530f897617f7cb1c21a4bf30023f252596d83e1f007?s=96&d=mm&r=g","caption":"admin"},"sameAs":["https:\/\/kibrisdakik.com"],"url":"https:\/\/kibrisdakik.com\/?author=1"}]}},"_links":{"self":[{"href":"https:\/\/kibrisdakik.com\/index.php?rest_route=\/wp\/v2\/posts\/50405","targetHints":{"allow":["GET"]}}],"collection":[{"href":"https:\/\/kibrisdakik.com\/index.php?rest_route=\/wp\/v2\/posts"}],"about":[{"href":"https:\/\/kibrisdakik.com\/index.php?rest_route=\/wp\/v2\/types\/post"}],"author":[{"embeddable":true,"href":"https:\/\/kibrisdakik.com\/index.php?rest_route=\/wp\/v2\/users\/1"}],"replies":[{"embeddable":true,"href":"https:\/\/kibrisdakik.com\/index.php?rest_route=%2Fwp%2Fv2%2Fcomments&post=50405"}],"version-history":[{"count":0,"href":"https:\/\/kibrisdakik.com\/index.php?rest_route=\/wp\/v2\/posts\/50405\/revisions"}],"wp:featuredmedia":[{"embeddable":true,"href":"https:\/\/kibrisdakik.com\/index.php?rest_route=\/wp\/v2\/media\/50406"}],"wp:attachment":[{"href":"https:\/\/kibrisdakik.com\/index.php?rest_route=%2Fwp%2Fv2%2Fmedia&parent=50405"}],"wp:term":[{"taxonomy":"category","embeddable":true,"href":"https:\/\/kibrisdakik.com\/index.php?rest_route=%2Fwp%2Fv2%2Fcategories&post=50405"},{"taxonomy":"post_tag","embeddable":true,"href":"https:\/\/kibrisdakik.com\/index.php?rest_route=%2Fwp%2Fv2%2Ftags&post=50405"}],"curies":[{"name":"wp","href":"https:\/\/api.w.org\/{rel}","templated":true}]}}