{"id":50448,"date":"2024-07-18T22:43:48","date_gmt":"2024-07-18T22:43:48","guid":{"rendered":"https:\/\/kibrisdakik.com\/index.php\/2024\/07\/18\/hasipoglu-tezkere-anavatanimizin-yasama-gucunun-de-kktcnin-yaninda-oldugu-gercegini-hatirlatmaktadir\/"},"modified":"2024-07-18T22:43:48","modified_gmt":"2024-07-18T22:43:48","slug":"hasipoglu-tezkere-anavatanimizin-yasama-gucunun-de-kktcnin-yaninda-oldugu-gercegini-hatirlatmaktadir","status":"publish","type":"post","link":"https:\/\/kibrisdakik.com\/?p=50448","title":{"rendered":"Hasipo\u011flu: Tezkere, Anavatan\u0131m\u0131z\u0131n yasama g\u00fcc\u00fcn\u00fcn de KKTC\u2019nin yan\u0131nda oldu\u011fu ger\u00e7e\u011fini hat\u0131rlatmaktad\u0131r"},"content":{"rendered":"<p><\/p>\n<div>\n<div class=\"mariselle-image-container center\">\n                <img loading=\"lazy\" decoding=\"async\" width=\"1600\" height=\"1066\" class=\"lazy-image\" alt=\"\" sizes=\"auto, (max-width: 1600px) 100vw, 1600px\" src=\"https:\/\/brtk.net\/wp-content\/uploads\/2024\/07\/14\/hasipoglu14.jpg?ver=83f4a0c1642199558a0fea44eb0ee986\" srcset=\"https:\/\/brtk.net\/wp-content\/uploads\/2024\/07\/14\/hasipoglu14.jpg?ver=83f4a0c1642199558a0fea44eb0ee986 1600w, https:\/\/brtk.net\/wp-content\/uploads\/2024\/07\/14\/hasipoglu14-300x200.jpg?ver=83f4a0c1642199558a0fea44eb0ee986 300w, https:\/\/brtk.net\/wp-content\/uploads\/2024\/07\/14\/hasipoglu14-1024x682.jpg?ver=94415102e0141f77ab63879e14b05d49 1024w, https:\/\/brtk.net\/wp-content\/uploads\/2024\/07\/14\/hasipoglu14-768x512.jpg?ver=94415102e0141f77ab63879e14b05d49 768w, https:\/\/brtk.net\/wp-content\/uploads\/2024\/07\/14\/hasipoglu14-1536x1023.jpg?ver=0ab05415a6ca7a5f22698208928097b8 1536w\"\/>                            <\/div>\n<p>Ulusal Birlik Partisi (<a href=\"https:\/\/brtk.net\/\">UBP<\/a>) Genel Sekreteri O\u011fuzhan Hasipo\u011flu, 20 Temmuz Mutlu Bar\u0131\u015f Harekat\u0131\u2019n\u0131n 50. y\u0131l\u0131 vesilesiyle Anavatan T\u00fcrkiye\u2019nin en \u00fcst d\u00fczey siyasi ve askeri unsurlar\u0131n\u0131n co\u015fkular\u0131na ve t\u00f6renlere kat\u0131lmas\u0131n\u0131n yan\u0131 s\u0131ra, T\u00fcrkiye B\u00fcy\u00fck Millet Meclisi\u2019nin (TBMM) 50. y\u0131ld\u00f6n\u00fcm\u00fc tezkeresini de gururla selamlad\u0131klar\u0131n\u0131 a\u00e7\u0131klad\u0131.<\/p>\n<p>TBMM Ba\u015fkan\u0131 Numan Kurtulmu\u015f\u2019un imzas\u0131n\u0131 ta\u015f\u0131yan ve K\u0131br\u0131s Bar\u0131\u015f Harekat\u0131\u2019n\u0131n 50. y\u0131l\u0131na ili\u015fkin olan tezkerenin TBMM Genel Kurulu\u2019nda kabul edilmesinin d\u00fcnyaya \u00f6nemli bir mesaj verdi\u011fini belirten Hasipo\u011flu, bu tezkerenin T\u00fcrkiye\u2019nin yasama g\u00fcc\u00fcn\u00fcn de <a href=\"https:\/\/brtk.net\/\"\/><a href=\"https:\/\/brtk.net\/\"\/><a href=\"https:\/\/brtk.net\/\">KKTC<\/a>\u2019nin yan\u0131nda oldu\u011funu hat\u0131rlatt\u0131\u011f\u0131n\u0131 vurgulad\u0131.<\/p>\n<p>Hasipo\u011flu\u2019nun a\u00e7\u0131klamas\u0131n\u0131n tamam\u0131 \u015f\u00f6yle:<br \/>\u201920 Temmuz Mutlu Bar\u0131\u015f Harekat\u0131\u2019n\u0131n 50. Y\u0131l\u0131 vesilesiyle, Anavatan T\u00fcrkiye\u2019mizin en \u00fcst d\u00fczey siyasi ve askeri unsurlar\u0131n\u0131n, co\u015fkumuza, t\u00f6renlere kat\u0131l\u0131mla ortak olmas\u0131n\u0131n yan\u0131s\u0131ra, T\u00fcrkiye B\u00fcy\u00fck Millet Meclisi\u2019nin de bizler i\u00e7in tarihi bir anlam i\u00e7eren 50. Y\u0131ld\u00f6n\u00fcm\u00fc tezkeresini gururla selaml\u0131yoruz.<\/p>\n<p>TBMM Ba\u015fkan\u0131 Say\u0131n Numan Kurtulmu\u015f\u2019un imzas\u0131n\u0131 ta\u015f\u0131yan K\u0131br\u0131s Bar\u0131\u015f Harekat\u0131\u2019n\u0131n 50. Y\u0131l\u0131\u2019na ili\u015fkin tezkerenin Genel Kurul\u2019da kabul edilmesi, d\u00fcnyaya da \u00f6nemli bir mesaj vermektedir.<\/p>\n<p>Tezkere, Anavatan\u0131m\u0131z\u0131n yasama g\u00fcc\u00fcn\u00fcn de <a href=\"https:\/\/brtk.net\/\"\/><a href=\"https:\/\/brtk.net\/\"\/><a href=\"https:\/\/brtk.net\/\">KKTC<\/a>\u2019n\u0131n yan\u0131nda oldu\u011fu ger\u00e7e\u011fini, b\u00f6ylesi tarihi bir g\u00fcnde hat\u0131rlatmaktad\u0131r.<\/p>\n<p>TBMM Tezkeresi\u2019nde \u201d Devleti\u2019mizin, uluslararas\u0131 toplumun ba\u011f\u0131ms\u0131z ve e\u015fit egemen bir \u00fcyesi olarak hak etti\u011fi yeri almas\u0131 daha fazla tehir edilemez.\u201d \u0130fadeleriyle tezkere, <a href=\"https:\/\/brtk.net\/\"\/><a href=\"https:\/\/brtk.net\/\"\/><a href=\"https:\/\/brtk.net\/\">KKTC<\/a>\u2019nin d\u00fcnyaya a\u00e7\u0131l\u0131m s\u00fcrecinin, T\u00fcrk Devletleri Te\u015fkilat\u0131 b\u00fcnyesindeki ilerlemesinin, itici g\u00fcc\u00fc olacakt\u0131r.<\/p>\n<p>K\u0131br\u0131s T\u00fcrk halk\u0131n\u0131n T\u00fcrkiye\u2019nin de deste\u011fiyle adil, kal\u0131c\u0131 ve s\u00fcrd\u00fcr\u00fclebilir bir \u00e7\u00f6z\u00fcm i\u00e7in iyi niyetle \u00e7aba sarf etti\u011fi vurgulanan tezkerede, \u201c50 y\u0131l\u0131 a\u015fk\u0131n s\u00fcredir devam eden m\u00fczakere s\u00fcrecinde K\u0131br\u0131sl\u0131 Rumlar, Avrupa Birli\u011fi \u00fcyeli\u011fi ile \u00f6d\u00fcllendirilirken K\u0131br\u0131sl\u0131 T\u00fcrkler haks\u0131z ve insanl\u0131k d\u0131\u015f\u0131 bir izolasyona, k\u0131s\u0131tlama ve ambargolara maruz b\u0131rak\u0131lm\u0131\u015ft\u0131r. K\u0131br\u0131s T\u00fcrk\u00fc bu duruma ne lay\u0131kt\u0131r ne de raz\u0131d\u0131r. Oyalanmaya ve Ada\u2019n\u0131n do\u011fal kaynaklar\u0131n\u0131 e\u015fitlik temelinde payla\u015f\u0131m\u0131 \u00f6ng\u00f6rmeyen \u00f6nerilerle zaman kayb\u0131na tahamm\u00fclleri de kalmam\u0131\u015ft\u0131r.\u201d g\u00f6r\u00fc\u015fleri de mevcut y\u00fcr\u00fctmekte oldu\u011fumuz Yeni ve Milli K\u0131br\u0131s Politikam\u0131za da \u00f6nemli bir destek olmu\u015ftur.<\/p>\n<p>Tezkerede, \u0130ki devletli \u00e7\u00f6z\u00fcm siyaseti, kal\u0131c\u0131 bar\u0131\u015f\u0131 sa\u011flaman\u0131n yegane yoludur\u201d tespiti de \u00f6n\u00fcm\u00fczdeki s\u00fcre\u00e7te, T\u00fcrkiye ile <a href=\"https:\/\/brtk.net\/\"\/><a href=\"https:\/\/brtk.net\/\"\/><a href=\"https:\/\/brtk.net\/\">KKTC<\/a>\u2019nin birlikte y\u00fcr\u00fctmekte oldu\u011fu s\u00fcrecin gelece\u011fine \u00f6nemli bir \u0131\u015f\u0131k tutmaktad\u0131r.<\/p>\n<p>T\u00fcrkiye Cumhurba\u015fkan\u0131 Say\u0131n Recep Tayyip Erdo\u011fan, TBMM Ba\u015fkan\u0131 Say\u0131n Numan Kurtulmu\u015f ve Y\u00fcce Meclise bu m\u00fcstesna tezkere i\u00e7in te\u015fekk\u00fcr ediyor, 50. Y\u0131l\u0131m\u0131zda, gelece\u011fe daha g\u00fcvenle bakmam\u0131z\u0131 sa\u011flayan Anavatan\u0131m\u0131za bir kez daha \u015f\u00fckranlar\u0131m\u0131z\u0131 sunuyoruz\u2019<\/p>\n<\/p><\/div>\n<p><script async\n                    defer\n                    crossorigin=\"anonymous\"\n                    src=\"https:\/\/connect.facebook.net\/tr_TR\/sdk.js#xfbml=1&#038;version=v3.3\"\n            ><\/script><\/p>\n","protected":false},"excerpt":{"rendered":"<p>Ulusal Birlik Partisi (UBP) Genel Sekreteri O\u011fuzhan Hasipo\u011flu, 20 Temmuz Mutlu Bar\u0131\u015f Harekat\u0131\u2019n\u0131n 50. y\u0131l\u0131 vesilesiyle Anavatan T\u00fcrkiye\u2019nin en \u00fcst d\u00fczey siyasi ve askeri unsurlar\u0131n\u0131n co\u015fkular\u0131na ve t\u00f6renlere kat\u0131lmas\u0131n\u0131n yan\u0131 s\u0131ra, T\u00fcrkiye B\u00fcy\u00fck Millet Meclisi\u2019nin (TBMM) 50. y\u0131ld\u00f6n\u00fcm\u00fc tezkeresini de gururla selamlad\u0131klar\u0131n\u0131 a\u00e7\u0131klad\u0131. TBMM Ba\u015fkan\u0131 Numan Kurtulmu\u015f\u2019un imzas\u0131n\u0131 ta\u015f\u0131yan ve K\u0131br\u0131s Bar\u0131\u015f Harekat\u0131\u2019n\u0131n 50. y\u0131l\u0131na<\/p>\n","protected":false},"author":1,"featured_media":50449,"comment_status":"open","ping_status":"open","sticky":false,"template":"","format":"standard","meta":{"footnotes":""},"categories":[1],"tags":[],"class_list":["post-50448","post","type-post","status-publish","format-standard","has-post-thumbnail","hentry","category-gundem"],"yoast_head":"<!-- This site is optimized with the Yoast SEO plugin v27.4 - https:\/\/yoast.com\/product\/yoast-seo-wordpress\/ -->\n<title>Hasipo\u011flu: Tezkere, Anavatan\u0131m\u0131z\u0131n yasama g\u00fcc\u00fcn\u00fcn de KKTC\u2019nin yan\u0131nda oldu\u011fu ger\u00e7e\u011fini hat\u0131rlatmaktad\u0131r -<\/title>\n<meta name=\"robots\" content=\"index, follow, max-snippet:-1, max-image-preview:large, max-video-preview:-1\" \/>\n<link rel=\"canonical\" href=\"https:\/\/kibrisdakik.com\/?p=50448\" \/>\n<meta property=\"og:locale\" content=\"tr_TR\" \/>\n<meta property=\"og:type\" content=\"article\" \/>\n<meta property=\"og:title\" content=\"Hasipo\u011flu: Tezkere, Anavatan\u0131m\u0131z\u0131n yasama g\u00fcc\u00fcn\u00fcn de KKTC\u2019nin yan\u0131nda oldu\u011fu ger\u00e7e\u011fini hat\u0131rlatmaktad\u0131r -\" \/>\n<meta property=\"og:description\" content=\"Ulusal Birlik Partisi (UBP) Genel Sekreteri O\u011fuzhan Hasipo\u011flu, 20 Temmuz Mutlu Bar\u0131\u015f Harekat\u0131\u2019n\u0131n 50. y\u0131l\u0131 vesilesiyle Anavatan T\u00fcrkiye\u2019nin en \u00fcst d\u00fczey siyasi ve askeri unsurlar\u0131n\u0131n co\u015fkular\u0131na ve t\u00f6renlere kat\u0131lmas\u0131n\u0131n yan\u0131 s\u0131ra, T\u00fcrkiye B\u00fcy\u00fck Millet Meclisi\u2019nin (TBMM) 50. y\u0131ld\u00f6n\u00fcm\u00fc tezkeresini de gururla selamlad\u0131klar\u0131n\u0131 a\u00e7\u0131klad\u0131. TBMM Ba\u015fkan\u0131 Numan Kurtulmu\u015f\u2019un imzas\u0131n\u0131 ta\u015f\u0131yan ve K\u0131br\u0131s Bar\u0131\u015f Harekat\u0131\u2019n\u0131n 50. y\u0131l\u0131na\" \/>\n<meta property=\"og:url\" content=\"https:\/\/kibrisdakik.com\/?p=50448\" \/>\n<meta property=\"article:published_time\" content=\"2024-07-18T22:43:48+00:00\" \/>\n<meta property=\"og:image\" content=\"https:\/\/kibrisdakik.com\/wp-content\/uploads\/2024\/07\/hasipoglu14-740x420.jpg\" \/>\n\t<meta property=\"og:image:width\" content=\"1600\" \/>\n\t<meta property=\"og:image:height\" content=\"1066\" \/>\n\t<meta property=\"og:image:type\" content=\"image\/jpeg\" \/>\n<meta name=\"author\" content=\"admin\" \/>\n<meta name=\"twitter:card\" content=\"summary_large_image\" \/>\n<meta name=\"twitter:label1\" content=\"Yazan:\" \/>\n\t<meta name=\"twitter:data1\" content=\"admin\" \/>\n\t<meta name=\"twitter:label2\" content=\"Tahmini okuma s\u00fcresi\" \/>\n\t<meta name=\"twitter:data2\" content=\"3 dakika\" \/>\n<script type=\"application\/ld+json\" class=\"yoast-schema-graph\">{\"@context\":\"https:\\\/\\\/schema.org\",\"@graph\":[{\"@type\":\"Article\",\"@id\":\"https:\\\/\\\/kibrisdakik.com\\\/?p=50448#article\",\"isPartOf\":{\"@id\":\"https:\\\/\\\/kibrisdakik.com\\\/?p=50448\"},\"author\":{\"name\":\"admin\",\"@id\":\"https:\\\/\\\/kibrisdakik.com\\\/#\\\/schema\\\/person\\\/9cd9d437bbb44f72b73ba127e06d8e79\"},\"headline\":\"Hasipo\u011flu: Tezkere, Anavatan\u0131m\u0131z\u0131n yasama g\u00fcc\u00fcn\u00fcn de KKTC\u2019nin yan\u0131nda oldu\u011fu ger\u00e7e\u011fini hat\u0131rlatmaktad\u0131r\",\"datePublished\":\"2024-07-18T22:43:48+00:00\",\"mainEntityOfPage\":{\"@id\":\"https:\\\/\\\/kibrisdakik.com\\\/?p=50448\"},\"wordCount\":588,\"commentCount\":0,\"image\":{\"@id\":\"https:\\\/\\\/kibrisdakik.com\\\/?p=50448#primaryimage\"},\"thumbnailUrl\":\"https:\\\/\\\/kibrisdakik.com\\\/wp-content\\\/uploads\\\/2024\\\/07\\\/hasipoglu14-740x420.jpg\",\"articleSection\":[\"G\u00fcndem\"],\"inLanguage\":\"tr\",\"potentialAction\":[{\"@type\":\"CommentAction\",\"name\":\"Comment\",\"target\":[\"https:\\\/\\\/kibrisdakik.com\\\/?p=50448#respond\"]}]},{\"@type\":\"WebPage\",\"@id\":\"https:\\\/\\\/kibrisdakik.com\\\/?p=50448\",\"url\":\"https:\\\/\\\/kibrisdakik.com\\\/?p=50448\",\"name\":\"Hasipo\u011flu: Tezkere, Anavatan\u0131m\u0131z\u0131n yasama g\u00fcc\u00fcn\u00fcn de KKTC\u2019nin yan\u0131nda oldu\u011fu ger\u00e7e\u011fini hat\u0131rlatmaktad\u0131r -\",\"isPartOf\":{\"@id\":\"https:\\\/\\\/kibrisdakik.com\\\/#website\"},\"primaryImageOfPage\":{\"@id\":\"https:\\\/\\\/kibrisdakik.com\\\/?p=50448#primaryimage\"},\"image\":{\"@id\":\"https:\\\/\\\/kibrisdakik.com\\\/?p=50448#primaryimage\"},\"thumbnailUrl\":\"https:\\\/\\\/kibrisdakik.com\\\/wp-content\\\/uploads\\\/2024\\\/07\\\/hasipoglu14-740x420.jpg\",\"datePublished\":\"2024-07-18T22:43:48+00:00\",\"author\":{\"@id\":\"https:\\\/\\\/kibrisdakik.com\\\/#\\\/schema\\\/person\\\/9cd9d437bbb44f72b73ba127e06d8e79\"},\"breadcrumb\":{\"@id\":\"https:\\\/\\\/kibrisdakik.com\\\/?p=50448#breadcrumb\"},\"inLanguage\":\"tr\",\"potentialAction\":[{\"@type\":\"ReadAction\",\"target\":[\"https:\\\/\\\/kibrisdakik.com\\\/?p=50448\"]}]},{\"@type\":\"ImageObject\",\"inLanguage\":\"tr\",\"@id\":\"https:\\\/\\\/kibrisdakik.com\\\/?p=50448#primaryimage\",\"url\":\"https:\\\/\\\/kibrisdakik.com\\\/wp-content\\\/uploads\\\/2024\\\/07\\\/hasipoglu14-740x420.jpg\",\"contentUrl\":\"https:\\\/\\\/kibrisdakik.com\\\/wp-content\\\/uploads\\\/2024\\\/07\\\/hasipoglu14-740x420.jpg\",\"width\":1600,\"height\":1066},{\"@type\":\"BreadcrumbList\",\"@id\":\"https:\\\/\\\/kibrisdakik.com\\\/?p=50448#breadcrumb\",\"itemListElement\":[{\"@type\":\"ListItem\",\"position\":1,\"name\":\"Home\",\"item\":\"https:\\\/\\\/kibrisdakik.com\\\/\"},{\"@type\":\"ListItem\",\"position\":2,\"name\":\"Hasipo\u011flu: Tezkere, Anavatan\u0131m\u0131z\u0131n yasama g\u00fcc\u00fcn\u00fcn de KKTC\u2019nin yan\u0131nda oldu\u011fu ger\u00e7e\u011fini hat\u0131rlatmaktad\u0131r\"}]},{\"@type\":\"WebSite\",\"@id\":\"https:\\\/\\\/kibrisdakik.com\\\/#website\",\"url\":\"https:\\\/\\\/kibrisdakik.com\\\/\",\"name\":\"\",\"description\":\"Tam vaktinde haber\",\"potentialAction\":[{\"@type\":\"SearchAction\",\"target\":{\"@type\":\"EntryPoint\",\"urlTemplate\":\"https:\\\/\\\/kibrisdakik.com\\\/?s={search_term_string}\"},\"query-input\":{\"@type\":\"PropertyValueSpecification\",\"valueRequired\":true,\"valueName\":\"search_term_string\"}}],\"inLanguage\":\"tr\"},{\"@type\":\"Person\",\"@id\":\"https:\\\/\\\/kibrisdakik.com\\\/#\\\/schema\\\/person\\\/9cd9d437bbb44f72b73ba127e06d8e79\",\"name\":\"admin\",\"image\":{\"@type\":\"ImageObject\",\"inLanguage\":\"tr\",\"@id\":\"https:\\\/\\\/secure.gravatar.com\\\/avatar\\\/ccc17943b9d660506c869530f897617f7cb1c21a4bf30023f252596d83e1f007?s=96&d=mm&r=g\",\"url\":\"https:\\\/\\\/secure.gravatar.com\\\/avatar\\\/ccc17943b9d660506c869530f897617f7cb1c21a4bf30023f252596d83e1f007?s=96&d=mm&r=g\",\"contentUrl\":\"https:\\\/\\\/secure.gravatar.com\\\/avatar\\\/ccc17943b9d660506c869530f897617f7cb1c21a4bf30023f252596d83e1f007?s=96&d=mm&r=g\",\"caption\":\"admin\"},\"sameAs\":[\"https:\\\/\\\/kibrisdakik.com\"],\"url\":\"https:\\\/\\\/kibrisdakik.com\\\/?author=1\"}]}<\/script>\n<!-- \/ Yoast SEO plugin. -->","yoast_head_json":{"title":"Hasipo\u011flu: Tezkere, Anavatan\u0131m\u0131z\u0131n yasama g\u00fcc\u00fcn\u00fcn de KKTC\u2019nin yan\u0131nda oldu\u011fu ger\u00e7e\u011fini hat\u0131rlatmaktad\u0131r -","robots":{"index":"index","follow":"follow","max-snippet":"max-snippet:-1","max-image-preview":"max-image-preview:large","max-video-preview":"max-video-preview:-1"},"canonical":"https:\/\/kibrisdakik.com\/?p=50448","og_locale":"tr_TR","og_type":"article","og_title":"Hasipo\u011flu: Tezkere, Anavatan\u0131m\u0131z\u0131n yasama g\u00fcc\u00fcn\u00fcn de KKTC\u2019nin yan\u0131nda oldu\u011fu ger\u00e7e\u011fini hat\u0131rlatmaktad\u0131r -","og_description":"Ulusal Birlik Partisi (UBP) Genel Sekreteri O\u011fuzhan Hasipo\u011flu, 20 Temmuz Mutlu Bar\u0131\u015f Harekat\u0131\u2019n\u0131n 50. y\u0131l\u0131 vesilesiyle Anavatan T\u00fcrkiye\u2019nin en \u00fcst d\u00fczey siyasi ve askeri unsurlar\u0131n\u0131n co\u015fkular\u0131na ve t\u00f6renlere kat\u0131lmas\u0131n\u0131n yan\u0131 s\u0131ra, T\u00fcrkiye B\u00fcy\u00fck Millet Meclisi\u2019nin (TBMM) 50. y\u0131ld\u00f6n\u00fcm\u00fc tezkeresini de gururla selamlad\u0131klar\u0131n\u0131 a\u00e7\u0131klad\u0131. TBMM Ba\u015fkan\u0131 Numan Kurtulmu\u015f\u2019un imzas\u0131n\u0131 ta\u015f\u0131yan ve K\u0131br\u0131s Bar\u0131\u015f Harekat\u0131\u2019n\u0131n 50. y\u0131l\u0131na","og_url":"https:\/\/kibrisdakik.com\/?p=50448","article_published_time":"2024-07-18T22:43:48+00:00","og_image":[{"width":1600,"height":1066,"url":"https:\/\/kibrisdakik.com\/wp-content\/uploads\/2024\/07\/hasipoglu14-740x420.jpg","type":"image\/jpeg"}],"author":"admin","twitter_card":"summary_large_image","twitter_misc":{"Yazan:":"admin","Tahmini okuma s\u00fcresi":"3 dakika"},"schema":{"@context":"https:\/\/schema.org","@graph":[{"@type":"Article","@id":"https:\/\/kibrisdakik.com\/?p=50448#article","isPartOf":{"@id":"https:\/\/kibrisdakik.com\/?p=50448"},"author":{"name":"admin","@id":"https:\/\/kibrisdakik.com\/#\/schema\/person\/9cd9d437bbb44f72b73ba127e06d8e79"},"headline":"Hasipo\u011flu: Tezkere, Anavatan\u0131m\u0131z\u0131n yasama g\u00fcc\u00fcn\u00fcn de KKTC\u2019nin yan\u0131nda oldu\u011fu ger\u00e7e\u011fini hat\u0131rlatmaktad\u0131r","datePublished":"2024-07-18T22:43:48+00:00","mainEntityOfPage":{"@id":"https:\/\/kibrisdakik.com\/?p=50448"},"wordCount":588,"commentCount":0,"image":{"@id":"https:\/\/kibrisdakik.com\/?p=50448#primaryimage"},"thumbnailUrl":"https:\/\/kibrisdakik.com\/wp-content\/uploads\/2024\/07\/hasipoglu14-740x420.jpg","articleSection":["G\u00fcndem"],"inLanguage":"tr","potentialAction":[{"@type":"CommentAction","name":"Comment","target":["https:\/\/kibrisdakik.com\/?p=50448#respond"]}]},{"@type":"WebPage","@id":"https:\/\/kibrisdakik.com\/?p=50448","url":"https:\/\/kibrisdakik.com\/?p=50448","name":"Hasipo\u011flu: Tezkere, Anavatan\u0131m\u0131z\u0131n yasama g\u00fcc\u00fcn\u00fcn de KKTC\u2019nin yan\u0131nda oldu\u011fu ger\u00e7e\u011fini hat\u0131rlatmaktad\u0131r -","isPartOf":{"@id":"https:\/\/kibrisdakik.com\/#website"},"primaryImageOfPage":{"@id":"https:\/\/kibrisdakik.com\/?p=50448#primaryimage"},"image":{"@id":"https:\/\/kibrisdakik.com\/?p=50448#primaryimage"},"thumbnailUrl":"https:\/\/kibrisdakik.com\/wp-content\/uploads\/2024\/07\/hasipoglu14-740x420.jpg","datePublished":"2024-07-18T22:43:48+00:00","author":{"@id":"https:\/\/kibrisdakik.com\/#\/schema\/person\/9cd9d437bbb44f72b73ba127e06d8e79"},"breadcrumb":{"@id":"https:\/\/kibrisdakik.com\/?p=50448#breadcrumb"},"inLanguage":"tr","potentialAction":[{"@type":"ReadAction","target":["https:\/\/kibrisdakik.com\/?p=50448"]}]},{"@type":"ImageObject","inLanguage":"tr","@id":"https:\/\/kibrisdakik.com\/?p=50448#primaryimage","url":"https:\/\/kibrisdakik.com\/wp-content\/uploads\/2024\/07\/hasipoglu14-740x420.jpg","contentUrl":"https:\/\/kibrisdakik.com\/wp-content\/uploads\/2024\/07\/hasipoglu14-740x420.jpg","width":1600,"height":1066},{"@type":"BreadcrumbList","@id":"https:\/\/kibrisdakik.com\/?p=50448#breadcrumb","itemListElement":[{"@type":"ListItem","position":1,"name":"Home","item":"https:\/\/kibrisdakik.com\/"},{"@type":"ListItem","position":2,"name":"Hasipo\u011flu: Tezkere, Anavatan\u0131m\u0131z\u0131n yasama g\u00fcc\u00fcn\u00fcn de KKTC\u2019nin yan\u0131nda oldu\u011fu ger\u00e7e\u011fini hat\u0131rlatmaktad\u0131r"}]},{"@type":"WebSite","@id":"https:\/\/kibrisdakik.com\/#website","url":"https:\/\/kibrisdakik.com\/","name":"","description":"Tam vaktinde haber","potentialAction":[{"@type":"SearchAction","target":{"@type":"EntryPoint","urlTemplate":"https:\/\/kibrisdakik.com\/?s={search_term_string}"},"query-input":{"@type":"PropertyValueSpecification","valueRequired":true,"valueName":"search_term_string"}}],"inLanguage":"tr"},{"@type":"Person","@id":"https:\/\/kibrisdakik.com\/#\/schema\/person\/9cd9d437bbb44f72b73ba127e06d8e79","name":"admin","image":{"@type":"ImageObject","inLanguage":"tr","@id":"https:\/\/secure.gravatar.com\/avatar\/ccc17943b9d660506c869530f897617f7cb1c21a4bf30023f252596d83e1f007?s=96&d=mm&r=g","url":"https:\/\/secure.gravatar.com\/avatar\/ccc17943b9d660506c869530f897617f7cb1c21a4bf30023f252596d83e1f007?s=96&d=mm&r=g","contentUrl":"https:\/\/secure.gravatar.com\/avatar\/ccc17943b9d660506c869530f897617f7cb1c21a4bf30023f252596d83e1f007?s=96&d=mm&r=g","caption":"admin"},"sameAs":["https:\/\/kibrisdakik.com"],"url":"https:\/\/kibrisdakik.com\/?author=1"}]}},"_links":{"self":[{"href":"https:\/\/kibrisdakik.com\/index.php?rest_route=\/wp\/v2\/posts\/50448","targetHints":{"allow":["GET"]}}],"collection":[{"href":"https:\/\/kibrisdakik.com\/index.php?rest_route=\/wp\/v2\/posts"}],"about":[{"href":"https:\/\/kibrisdakik.com\/index.php?rest_route=\/wp\/v2\/types\/post"}],"author":[{"embeddable":true,"href":"https:\/\/kibrisdakik.com\/index.php?rest_route=\/wp\/v2\/users\/1"}],"replies":[{"embeddable":true,"href":"https:\/\/kibrisdakik.com\/index.php?rest_route=%2Fwp%2Fv2%2Fcomments&post=50448"}],"version-history":[{"count":0,"href":"https:\/\/kibrisdakik.com\/index.php?rest_route=\/wp\/v2\/posts\/50448\/revisions"}],"wp:featuredmedia":[{"embeddable":true,"href":"https:\/\/kibrisdakik.com\/index.php?rest_route=\/wp\/v2\/media\/50449"}],"wp:attachment":[{"href":"https:\/\/kibrisdakik.com\/index.php?rest_route=%2Fwp%2Fv2%2Fmedia&parent=50448"}],"wp:term":[{"taxonomy":"category","embeddable":true,"href":"https:\/\/kibrisdakik.com\/index.php?rest_route=%2Fwp%2Fv2%2Fcategories&post=50448"},{"taxonomy":"post_tag","embeddable":true,"href":"https:\/\/kibrisdakik.com\/index.php?rest_route=%2Fwp%2Fv2%2Ftags&post=50448"}],"curies":[{"name":"wp","href":"https:\/\/api.w.org\/{rel}","templated":true}]}}