{"id":50602,"date":"2024-07-19T21:06:23","date_gmt":"2024-07-19T21:06:23","guid":{"rendered":"https:\/\/kibrisdakik.com\/index.php\/2024\/07\/19\/cumhurbaskani-tatar-yeniden-refah-partisi-baskani-erbakan-ve-beraberindeki-heyeti-kabul-ettikibris-baris-harekati-ile-kibris-turku-yeniden-hayata-dondu\/"},"modified":"2024-07-19T21:06:23","modified_gmt":"2024-07-19T21:06:23","slug":"cumhurbaskani-tatar-yeniden-refah-partisi-baskani-erbakan-ve-beraberindeki-heyeti-kabul-ettikibris-baris-harekati-ile-kibris-turku-yeniden-hayata-dondu","status":"publish","type":"post","link":"https:\/\/kibrisdakik.com\/?p=50602","title":{"rendered":"Cumhurba\u015fkan\u0131 Tatar, Yeniden Refah Partisi Ba\u015fkan\u0131 Erbakan ve beraberindeki heyeti kabul etti:\u201cK\u0131br\u0131s Bar\u0131\u015f Harek\u00e2t\u0131 ile K\u0131br\u0131s T\u00fcrk\u00fc yeniden hayata d\u00f6nd\u00fc\u201d"},"content":{"rendered":"<p><\/p>\n<div>\n<div class=\"mariselle-image-container center\">\n                <img loading=\"lazy\" decoding=\"async\" width=\"2225\" height=\"945\" class=\"lazy-image\" alt=\"\" sizes=\"auto, (max-width: 2225px) 100vw, 2225px\" src=\"https:\/\/brtk.net\/wp-content\/uploads\/2024\/07\/19\/rsfsa.png?ver=af0d666c4485a7efc5f6aea1562bdd40\" srcset=\"https:\/\/brtk.net\/wp-content\/uploads\/2024\/07\/19\/rsfsa.png?ver=af0d666c4485a7efc5f6aea1562bdd40 2225w, https:\/\/brtk.net\/wp-content\/uploads\/2024\/07\/19\/rsfsa-300x127.png?ver=af0d666c4485a7efc5f6aea1562bdd40 300w, https:\/\/brtk.net\/wp-content\/uploads\/2024\/07\/19\/rsfsa-1024x435.png?ver=a47188734711573eed6c244ce8c8fb8d 1024w, https:\/\/brtk.net\/wp-content\/uploads\/2024\/07\/19\/rsfsa-768x326.png?ver=a15c491b6139e7a516bfe8f85ebc1719 768w, https:\/\/brtk.net\/wp-content\/uploads\/2024\/07\/19\/rsfsa-1536x652.png?ver=5f447768b89933979ae5f56d2cf1f579 1536w, https:\/\/brtk.net\/wp-content\/uploads\/2024\/07\/19\/rsfsa-2048x870.png?ver=4804757ee62f2851c4269911843ddd52 2048w\"\/>                            <\/div>\n<p>Cumhurba\u015fkan\u0131 <a href=\"https:\/\/brtk.net\/\" target=\"_blank\" rel=\"noopener\">Ersin <\/a><a href=\"https:\/\/brtk.net\/\"\/><a href=\"https:\/\/brtk.net\/\"\/><a href=\"https:\/\/brtk.net\/\"\/><a href=\"https:\/\/brtk.net\/\"\/><a href=\"https:\/\/brtk.net\/\"\/><a href=\"https:\/\/brtk.net\/\">Tatar<\/a>, K\u0131br\u0131s Bar\u0131\u015f Harek\u00e2t\u0131\u2019n\u0131n 50. y\u0131l d\u00f6n\u00fcm\u00fcn\u00fc kutlamalar\u0131 \u00e7er\u00e7evesinde Yeniden Refah Partisi Ba\u015fkan\u0131 Fatih Erbakan ve beraberindeki heyeti kabul ederek g\u00f6r\u00fc\u015ft\u00fc.<\/p>\n<p>Cumhurba\u015fkan\u0131 <a href=\"https:\/\/brtk.net\/\"\/><a href=\"https:\/\/brtk.net\/\"\/><a href=\"https:\/\/brtk.net\/\"\/><a href=\"https:\/\/brtk.net\/\"\/><a href=\"https:\/\/brtk.net\/\"\/><a href=\"https:\/\/brtk.net\/\">Tatar<\/a> kabulde yapt\u0131\u011f\u0131 konu\u015fmada, K\u0131br\u0131s T\u00fcrkleri i\u00e7in K\u0131br\u0131s Bar\u0131\u015f Harek\u00e2t\u0131\u2019n\u0131n tarihi \u00f6neme sahip oldu\u011funu, T\u00fcrk-Yunan dengesinin sa\u011fl\u0131kl\u0131 bir \u015fekilde korunmas\u0131 i\u00e7in de \u00f6nemli bir harek\u00e2t oldu\u011funu belirterek, tarihi harek\u00e2t karar\u0131n\u0131 alan B\u00fclent Ecevit ve Necmettin Erbakan\u2019\u0131 rahmetle and\u0131.<br \/>T\u00fcm \u015fehitleri de rahmetle and\u0131\u011f\u0131n\u0131 ifade eden Cumhurba\u015fkan\u0131 <a href=\"https:\/\/brtk.net\/\"\/><a href=\"https:\/\/brtk.net\/\"\/><a href=\"https:\/\/brtk.net\/\"\/><a href=\"https:\/\/brtk.net\/\"\/><a href=\"https:\/\/brtk.net\/\"\/><a href=\"https:\/\/brtk.net\/\">Tatar<\/a>, t\u00fcm gazilere minnet duygular\u0131n\u0131 dile getirdi.<\/p>\n<p>T\u00fcrkiye Cumhuriyeti ile uyum i\u00e7inde milli davay\u0131 s\u00fcrd\u00fcrmenin \u00f6neminin alt\u0131n\u0131 \u00e7izen Cumhurba\u015fkan\u0131 <a href=\"https:\/\/brtk.net\/\"\/><a href=\"https:\/\/brtk.net\/\"\/><a href=\"https:\/\/brtk.net\/\"\/><a href=\"https:\/\/brtk.net\/\"\/><a href=\"https:\/\/brtk.net\/\"\/><a href=\"https:\/\/brtk.net\/\">Tatar<\/a>, T\u00fcrkiye Cumhuriyeti\u2019nin garant\u00f6rl\u00fc\u011f\u00fcnden ve adada T\u00fcrk askerinin varl\u0131\u011f\u0131ndan asla vazge\u00e7ilmeyece\u011fini kaydetti. Federasyon temelinde bir \u00e7\u00f6z\u00fcm\u00fcn i\u00e7erdi\u011fi tehlikelere de\u011finen Cumhurba\u015fkan\u0131 <a href=\"https:\/\/brtk.net\/\"\/><a href=\"https:\/\/brtk.net\/\"\/><a href=\"https:\/\/brtk.net\/\"\/><a href=\"https:\/\/brtk.net\/\"\/><a href=\"https:\/\/brtk.net\/\"\/><a href=\"https:\/\/brtk.net\/\">Tatar<\/a>, \u00e7o\u011funlu\u011fun az\u0131nl\u0131\u011f\u0131  y\u00f6netece\u011fi bir yap\u0131da K\u0131br\u0131s T\u00fcrklerinin varl\u0131\u011f\u0131n\u0131 s\u00fcrd\u00fcrmesinin m\u00fcmk\u00fcn olmayaca\u011f\u0131n\u0131 belirtti. Adadaki T\u00fcrklerin Osmosis ile zamanla yok edilmesinin hedeflendi\u011fi bir yap\u0131ya, AB \u00e7at\u0131s\u0131 alt\u0131nda Rum taraf\u0131n\u0131n otoritesini kuzeye yaymas\u0131na ve T\u00fcrkiye\u2019nin adadan \u00e7ekilmesine asla izin verilmeyece\u011fini s\u00f6yleyen Cumhurba\u015fkan\u0131 <a href=\"https:\/\/brtk.net\/\"\/><a href=\"https:\/\/brtk.net\/\"\/><a href=\"https:\/\/brtk.net\/\"\/><a href=\"https:\/\/brtk.net\/\"\/><a href=\"https:\/\/brtk.net\/\"\/><a href=\"https:\/\/brtk.net\/\">Tatar<\/a>, iki egemen devletin i\u015f birli\u011fi ile kuzeydeki T\u00fcrk devletinin T\u00fcrkiye ile g\u00fcneydeki Rum devletinin de AB ile ili\u015fkilerini s\u00fcrd\u00fcrebilece\u011fi ve T\u00fcrk-Yunan dengesinin korunaca\u011f\u0131n\u0131 bir antla\u015fman\u0131n t\u00fcm b\u00f6lge i\u00e7in daha yararl\u0131 olaca\u011f\u0131n\u0131 kaydetti. <\/p>\n<p>K\u0131br\u0131s T\u00fcrk Bar\u0131\u015f Harek\u00e2t\u0131\u2019n\u0131n 50. y\u0131l\u0131n\u0131 b\u00fcy\u00fck bir co\u015fkuyla kutland\u0131\u011f\u0131n\u0131, bu harek\u00e2tla K\u0131br\u0131s T\u00fcrk\u00fc\u2019n\u00fcn yeniden hayata d\u00f6nd\u00fc\u011f\u00fcn\u00fc ifade eden Cumhurba\u015fkan\u0131 <a href=\"https:\/\/brtk.net\/\"\/><a href=\"https:\/\/brtk.net\/\"\/><a href=\"https:\/\/brtk.net\/\"\/><a href=\"https:\/\/brtk.net\/\"\/><a href=\"https:\/\/brtk.net\/\"\/><a href=\"https:\/\/brtk.net\/\">Tatar<\/a>, K\u0131br\u0131s T\u00fcrklerinin refah ve huzur i\u00e7inde varl\u0131\u011f\u0131n\u0131 s\u00fcrd\u00fcrd\u00fc\u011f\u00fcn\u00fc s\u00f6yledi. <\/p>\n<p>Yeniden Refah Partisi Ba\u015fkan\u0131 Fatih Erbakan, K\u0131br\u0131s Bar\u0131\u015f Harek\u00e2t\u0131\u2019n\u0131n 50. y\u0131l\u0131n\u0131 kutlayarak, harek\u00e2t\u0131n sonras\u0131nda 50 senedir kimsenin burnunun kanamad\u0131\u011f\u0131n\u0131 adada bar\u0131\u015f ve istikrar\u0131n sa\u011fland\u0131\u011f\u0131n\u0131 s\u00f6yledi. Harek\u00e2tla elde edilen kazan\u0131mlar\u0131n korunmas\u0131 gerekti\u011fini ifade eden Erbakan, adada T\u00fcrk askerinin varl\u0131\u011f\u0131n\u0131n \u00f6nemini dile getirdi. Bat\u0131l\u0131 \u00fclkelerin, d\u0131\u015f g\u00fc\u00e7lerin tek tarafl\u0131 olarak dayatmaya \u00e7al\u0131\u015ft\u0131\u011f\u0131 birtak\u0131m planlara, K\u0131br\u0131s T\u00fcrk halk\u0131n\u0131n egemenli\u011fini ve ba\u011f\u0131ms\u0131z devleti kaybetme anlam\u0131na gelecek planlara kar\u015f\u0131 uyan\u0131k olmak gerekti\u011fini s\u00f6yleyen Erbakan, <a href=\"https:\/\/brtk.net\/\"\/><a href=\"https:\/\/brtk.net\/\">KKTC<\/a>\u2019de ekonomik kalk\u0131nmay\u0131 sa\u011flama ve kendi kendine yeter hale gelmesi i\u00e7in gerekli ad\u0131mlar\u0131n at\u0131lmas\u0131 i\u00e7in T\u00fcrkiye Cumhuriyeti devletine b\u00fcy\u00fck g\u00f6revler d\u00fc\u015ft\u00fc\u011f\u00fcn\u00fc ifade etti. <\/p>\n<p>Vatan millet sevgisine sahip manevi de\u011ferleri geli\u015fmi\u015f \u00fclkesine sahip \u00e7\u0131kacak nesilleri yeti\u015ftirmenin de \u00f6nemine i\u015faret eden Erbakan, Yeniden Refah Partisi olarak bu ad\u0131mlar\u0131n at\u0131lmas\u0131 hususunda T\u00fcrkiye Cumhuriyeti devletine her zaman yard\u0131mc\u0131 olacaklar\u0131n\u0131 ifade etti. \u201cKalk\u0131nma ve kendi kendine yeter duruma gelen bir devlet olarak <a href=\"https:\/\/brtk.net\/\"\/><a href=\"https:\/\/brtk.net\/\">KKTC<\/a>\u2019nin lay\u0131k oldu\u011fu noktaya gelmesini temenni ediyoruz\u201d diye konu\u015fan Erbakan, T\u00fcrk devletleri ve M\u00fcsl\u00fcman \u00fclkelerin <a href=\"https:\/\/brtk.net\/\"\/><a href=\"https:\/\/brtk.net\/\">KKTC<\/a>\u2019yi tan\u0131mas\u0131 noktas\u0131nda da geli\u015fmelerin olmas\u0131 gerekti\u011fini de her zaman ifade ettiklerini kaydeden Erbakan, Dr. Faz\u0131l K\u00fc\u00e7\u00fck ve Rauf Raif Denkta\u015f\u2019\u0131 ve t\u00fcm \u015fehitleri \u015f\u00fckranla ve rahmetle and\u0131. Erbakan, federasyon g\u00f6r\u00fc\u015fmelerine geri d\u00f6nerek egemenlik hakk\u0131n\u0131n kaybedilmesine izin verilmemesi gerekti\u011fini s\u00f6zlerine ekledi.<\/p>\n<\/p><\/div>\n<p><script async\n                    defer\n                    crossorigin=\"anonymous\"\n                    src=\"https:\/\/connect.facebook.net\/tr_TR\/sdk.js#xfbml=1&#038;version=v3.3\"\n            ><\/script><\/p>\n","protected":false},"excerpt":{"rendered":"<p>Cumhurba\u015fkan\u0131 Ersin Tatar, K\u0131br\u0131s Bar\u0131\u015f Harek\u00e2t\u0131\u2019n\u0131n 50. y\u0131l d\u00f6n\u00fcm\u00fcn\u00fc kutlamalar\u0131 \u00e7er\u00e7evesinde Yeniden Refah Partisi Ba\u015fkan\u0131 Fatih Erbakan ve beraberindeki heyeti kabul ederek g\u00f6r\u00fc\u015ft\u00fc. Cumhurba\u015fkan\u0131 Tatar kabulde yapt\u0131\u011f\u0131 konu\u015fmada, K\u0131br\u0131s T\u00fcrkleri i\u00e7in K\u0131br\u0131s Bar\u0131\u015f Harek\u00e2t\u0131\u2019n\u0131n tarihi \u00f6neme sahip oldu\u011funu, T\u00fcrk-Yunan dengesinin sa\u011fl\u0131kl\u0131 bir \u015fekilde korunmas\u0131 i\u00e7in de \u00f6nemli bir harek\u00e2t oldu\u011funu belirterek, tarihi harek\u00e2t karar\u0131n\u0131 alan<\/p>\n","protected":false},"author":1,"featured_media":50603,"comment_status":"open","ping_status":"open","sticky":false,"template":"","format":"standard","meta":{"footnotes":""},"categories":[1],"tags":[],"class_list":["post-50602","post","type-post","status-publish","format-standard","has-post-thumbnail","hentry","category-gundem"],"yoast_head":"<!-- This site is optimized with the Yoast SEO plugin v27.5 - https:\/\/yoast.com\/product\/yoast-seo-wordpress\/ -->\n<title>Cumhurba\u015fkan\u0131 Tatar, Yeniden Refah Partisi Ba\u015fkan\u0131 Erbakan ve beraberindeki heyeti kabul etti:\u201cK\u0131br\u0131s Bar\u0131\u015f Harek\u00e2t\u0131 ile K\u0131br\u0131s T\u00fcrk\u00fc yeniden hayata d\u00f6nd\u00fc\u201d -<\/title>\n<meta name=\"robots\" content=\"index, follow, max-snippet:-1, max-image-preview:large, max-video-preview:-1\" \/>\n<link rel=\"canonical\" href=\"https:\/\/kibrisdakik.com\/?p=50602\" \/>\n<meta property=\"og:locale\" content=\"tr_TR\" \/>\n<meta property=\"og:type\" content=\"article\" \/>\n<meta property=\"og:title\" content=\"Cumhurba\u015fkan\u0131 Tatar, Yeniden Refah Partisi Ba\u015fkan\u0131 Erbakan ve beraberindeki heyeti kabul etti:\u201cK\u0131br\u0131s Bar\u0131\u015f Harek\u00e2t\u0131 ile K\u0131br\u0131s T\u00fcrk\u00fc yeniden hayata d\u00f6nd\u00fc\u201d -\" \/>\n<meta property=\"og:description\" content=\"Cumhurba\u015fkan\u0131 Ersin Tatar, K\u0131br\u0131s Bar\u0131\u015f Harek\u00e2t\u0131\u2019n\u0131n 50. y\u0131l d\u00f6n\u00fcm\u00fcn\u00fc kutlamalar\u0131 \u00e7er\u00e7evesinde Yeniden Refah Partisi Ba\u015fkan\u0131 Fatih Erbakan ve beraberindeki heyeti kabul ederek g\u00f6r\u00fc\u015ft\u00fc. Cumhurba\u015fkan\u0131 Tatar kabulde yapt\u0131\u011f\u0131 konu\u015fmada, K\u0131br\u0131s T\u00fcrkleri i\u00e7in K\u0131br\u0131s Bar\u0131\u015f Harek\u00e2t\u0131\u2019n\u0131n tarihi \u00f6neme sahip oldu\u011funu, T\u00fcrk-Yunan dengesinin sa\u011fl\u0131kl\u0131 bir \u015fekilde korunmas\u0131 i\u00e7in de \u00f6nemli bir harek\u00e2t oldu\u011funu belirterek, tarihi harek\u00e2t karar\u0131n\u0131 alan\" \/>\n<meta property=\"og:url\" content=\"https:\/\/kibrisdakik.com\/?p=50602\" \/>\n<meta property=\"article:published_time\" content=\"2024-07-19T21:06:23+00:00\" \/>\n<meta property=\"og:image\" content=\"https:\/\/kibrisdakik.com\/wp-content\/uploads\/2024\/07\/rsfsa-1024x435.png\" \/>\n\t<meta property=\"og:image:width\" content=\"1024\" \/>\n\t<meta property=\"og:image:height\" content=\"435\" \/>\n\t<meta property=\"og:image:type\" content=\"image\/png\" \/>\n<meta name=\"author\" content=\"admin\" \/>\n<meta name=\"twitter:card\" content=\"summary_large_image\" \/>\n<meta name=\"twitter:label1\" content=\"Yazan:\" \/>\n\t<meta name=\"twitter:data1\" content=\"admin\" \/>\n\t<meta name=\"twitter:label2\" content=\"Tahmini okuma s\u00fcresi\" \/>\n\t<meta name=\"twitter:data2\" content=\"3 dakika\" \/>\n<script type=\"application\/ld+json\" class=\"yoast-schema-graph\">{\"@context\":\"https:\\\/\\\/schema.org\",\"@graph\":[{\"@type\":\"Article\",\"@id\":\"https:\\\/\\\/kibrisdakik.com\\\/?p=50602#article\",\"isPartOf\":{\"@id\":\"https:\\\/\\\/kibrisdakik.com\\\/?p=50602\"},\"author\":{\"name\":\"admin\",\"@id\":\"https:\\\/\\\/kibrisdakik.com\\\/#\\\/schema\\\/person\\\/9cd9d437bbb44f72b73ba127e06d8e79\"},\"headline\":\"Cumhurba\u015fkan\u0131 Tatar, Yeniden Refah Partisi Ba\u015fkan\u0131 Erbakan ve beraberindeki heyeti kabul etti:\u201cK\u0131br\u0131s Bar\u0131\u015f Harek\u00e2t\u0131 ile K\u0131br\u0131s T\u00fcrk\u00fc yeniden hayata d\u00f6nd\u00fc\u201d\",\"datePublished\":\"2024-07-19T21:06:23+00:00\",\"mainEntityOfPage\":{\"@id\":\"https:\\\/\\\/kibrisdakik.com\\\/?p=50602\"},\"wordCount\":650,\"commentCount\":0,\"image\":{\"@id\":\"https:\\\/\\\/kibrisdakik.com\\\/?p=50602#primaryimage\"},\"thumbnailUrl\":\"https:\\\/\\\/kibrisdakik.com\\\/wp-content\\\/uploads\\\/2024\\\/07\\\/rsfsa-740x420.png\",\"articleSection\":[\"G\u00fcndem\"],\"inLanguage\":\"tr\",\"potentialAction\":[{\"@type\":\"CommentAction\",\"name\":\"Comment\",\"target\":[\"https:\\\/\\\/kibrisdakik.com\\\/?p=50602#respond\"]}]},{\"@type\":\"WebPage\",\"@id\":\"https:\\\/\\\/kibrisdakik.com\\\/?p=50602\",\"url\":\"https:\\\/\\\/kibrisdakik.com\\\/?p=50602\",\"name\":\"Cumhurba\u015fkan\u0131 Tatar, Yeniden Refah Partisi Ba\u015fkan\u0131 Erbakan ve beraberindeki heyeti kabul etti:\u201cK\u0131br\u0131s Bar\u0131\u015f Harek\u00e2t\u0131 ile K\u0131br\u0131s T\u00fcrk\u00fc yeniden hayata d\u00f6nd\u00fc\u201d -\",\"isPartOf\":{\"@id\":\"https:\\\/\\\/kibrisdakik.com\\\/#website\"},\"primaryImageOfPage\":{\"@id\":\"https:\\\/\\\/kibrisdakik.com\\\/?p=50602#primaryimage\"},\"image\":{\"@id\":\"https:\\\/\\\/kibrisdakik.com\\\/?p=50602#primaryimage\"},\"thumbnailUrl\":\"https:\\\/\\\/kibrisdakik.com\\\/wp-content\\\/uploads\\\/2024\\\/07\\\/rsfsa-740x420.png\",\"datePublished\":\"2024-07-19T21:06:23+00:00\",\"author\":{\"@id\":\"https:\\\/\\\/kibrisdakik.com\\\/#\\\/schema\\\/person\\\/9cd9d437bbb44f72b73ba127e06d8e79\"},\"breadcrumb\":{\"@id\":\"https:\\\/\\\/kibrisdakik.com\\\/?p=50602#breadcrumb\"},\"inLanguage\":\"tr\",\"potentialAction\":[{\"@type\":\"ReadAction\",\"target\":[\"https:\\\/\\\/kibrisdakik.com\\\/?p=50602\"]}]},{\"@type\":\"ImageObject\",\"inLanguage\":\"tr\",\"@id\":\"https:\\\/\\\/kibrisdakik.com\\\/?p=50602#primaryimage\",\"url\":\"https:\\\/\\\/kibrisdakik.com\\\/wp-content\\\/uploads\\\/2024\\\/07\\\/rsfsa-740x420.png\",\"contentUrl\":\"https:\\\/\\\/kibrisdakik.com\\\/wp-content\\\/uploads\\\/2024\\\/07\\\/rsfsa-740x420.png\",\"width\":2225,\"height\":945},{\"@type\":\"BreadcrumbList\",\"@id\":\"https:\\\/\\\/kibrisdakik.com\\\/?p=50602#breadcrumb\",\"itemListElement\":[{\"@type\":\"ListItem\",\"position\":1,\"name\":\"Home\",\"item\":\"https:\\\/\\\/kibrisdakik.com\\\/\"},{\"@type\":\"ListItem\",\"position\":2,\"name\":\"Cumhurba\u015fkan\u0131 Tatar, Yeniden Refah Partisi Ba\u015fkan\u0131 Erbakan ve beraberindeki heyeti kabul etti:\u201cK\u0131br\u0131s Bar\u0131\u015f Harek\u00e2t\u0131 ile K\u0131br\u0131s T\u00fcrk\u00fc yeniden hayata d\u00f6nd\u00fc\u201d\"}]},{\"@type\":\"WebSite\",\"@id\":\"https:\\\/\\\/kibrisdakik.com\\\/#website\",\"url\":\"https:\\\/\\\/kibrisdakik.com\\\/\",\"name\":\"\",\"description\":\"Tam vaktinde haber\",\"potentialAction\":[{\"@type\":\"SearchAction\",\"target\":{\"@type\":\"EntryPoint\",\"urlTemplate\":\"https:\\\/\\\/kibrisdakik.com\\\/?s={search_term_string}\"},\"query-input\":{\"@type\":\"PropertyValueSpecification\",\"valueRequired\":true,\"valueName\":\"search_term_string\"}}],\"inLanguage\":\"tr\"},{\"@type\":\"Person\",\"@id\":\"https:\\\/\\\/kibrisdakik.com\\\/#\\\/schema\\\/person\\\/9cd9d437bbb44f72b73ba127e06d8e79\",\"name\":\"admin\",\"image\":{\"@type\":\"ImageObject\",\"inLanguage\":\"tr\",\"@id\":\"https:\\\/\\\/secure.gravatar.com\\\/avatar\\\/ccc17943b9d660506c869530f897617f7cb1c21a4bf30023f252596d83e1f007?s=96&d=mm&r=g\",\"url\":\"https:\\\/\\\/secure.gravatar.com\\\/avatar\\\/ccc17943b9d660506c869530f897617f7cb1c21a4bf30023f252596d83e1f007?s=96&d=mm&r=g\",\"contentUrl\":\"https:\\\/\\\/secure.gravatar.com\\\/avatar\\\/ccc17943b9d660506c869530f897617f7cb1c21a4bf30023f252596d83e1f007?s=96&d=mm&r=g\",\"caption\":\"admin\"},\"sameAs\":[\"https:\\\/\\\/kibrisdakik.com\"],\"url\":\"https:\\\/\\\/kibrisdakik.com\\\/?author=1\"}]}<\/script>\n<!-- \/ Yoast SEO plugin. -->","yoast_head_json":{"title":"Cumhurba\u015fkan\u0131 Tatar, Yeniden Refah Partisi Ba\u015fkan\u0131 Erbakan ve beraberindeki heyeti kabul etti:\u201cK\u0131br\u0131s Bar\u0131\u015f Harek\u00e2t\u0131 ile K\u0131br\u0131s T\u00fcrk\u00fc yeniden hayata d\u00f6nd\u00fc\u201d -","robots":{"index":"index","follow":"follow","max-snippet":"max-snippet:-1","max-image-preview":"max-image-preview:large","max-video-preview":"max-video-preview:-1"},"canonical":"https:\/\/kibrisdakik.com\/?p=50602","og_locale":"tr_TR","og_type":"article","og_title":"Cumhurba\u015fkan\u0131 Tatar, Yeniden Refah Partisi Ba\u015fkan\u0131 Erbakan ve beraberindeki heyeti kabul etti:\u201cK\u0131br\u0131s Bar\u0131\u015f Harek\u00e2t\u0131 ile K\u0131br\u0131s T\u00fcrk\u00fc yeniden hayata d\u00f6nd\u00fc\u201d -","og_description":"Cumhurba\u015fkan\u0131 Ersin Tatar, K\u0131br\u0131s Bar\u0131\u015f Harek\u00e2t\u0131\u2019n\u0131n 50. y\u0131l d\u00f6n\u00fcm\u00fcn\u00fc kutlamalar\u0131 \u00e7er\u00e7evesinde Yeniden Refah Partisi Ba\u015fkan\u0131 Fatih Erbakan ve beraberindeki heyeti kabul ederek g\u00f6r\u00fc\u015ft\u00fc. Cumhurba\u015fkan\u0131 Tatar kabulde yapt\u0131\u011f\u0131 konu\u015fmada, K\u0131br\u0131s T\u00fcrkleri i\u00e7in K\u0131br\u0131s Bar\u0131\u015f Harek\u00e2t\u0131\u2019n\u0131n tarihi \u00f6neme sahip oldu\u011funu, T\u00fcrk-Yunan dengesinin sa\u011fl\u0131kl\u0131 bir \u015fekilde korunmas\u0131 i\u00e7in de \u00f6nemli bir harek\u00e2t oldu\u011funu belirterek, tarihi harek\u00e2t karar\u0131n\u0131 alan","og_url":"https:\/\/kibrisdakik.com\/?p=50602","article_published_time":"2024-07-19T21:06:23+00:00","og_image":[{"width":1024,"height":435,"url":"https:\/\/kibrisdakik.com\/wp-content\/uploads\/2024\/07\/rsfsa-1024x435.png","type":"image\/png"}],"author":"admin","twitter_card":"summary_large_image","twitter_misc":{"Yazan:":"admin","Tahmini okuma s\u00fcresi":"3 dakika"},"schema":{"@context":"https:\/\/schema.org","@graph":[{"@type":"Article","@id":"https:\/\/kibrisdakik.com\/?p=50602#article","isPartOf":{"@id":"https:\/\/kibrisdakik.com\/?p=50602"},"author":{"name":"admin","@id":"https:\/\/kibrisdakik.com\/#\/schema\/person\/9cd9d437bbb44f72b73ba127e06d8e79"},"headline":"Cumhurba\u015fkan\u0131 Tatar, Yeniden Refah Partisi Ba\u015fkan\u0131 Erbakan ve beraberindeki heyeti kabul etti:\u201cK\u0131br\u0131s Bar\u0131\u015f Harek\u00e2t\u0131 ile K\u0131br\u0131s T\u00fcrk\u00fc yeniden hayata d\u00f6nd\u00fc\u201d","datePublished":"2024-07-19T21:06:23+00:00","mainEntityOfPage":{"@id":"https:\/\/kibrisdakik.com\/?p=50602"},"wordCount":650,"commentCount":0,"image":{"@id":"https:\/\/kibrisdakik.com\/?p=50602#primaryimage"},"thumbnailUrl":"https:\/\/kibrisdakik.com\/wp-content\/uploads\/2024\/07\/rsfsa-740x420.png","articleSection":["G\u00fcndem"],"inLanguage":"tr","potentialAction":[{"@type":"CommentAction","name":"Comment","target":["https:\/\/kibrisdakik.com\/?p=50602#respond"]}]},{"@type":"WebPage","@id":"https:\/\/kibrisdakik.com\/?p=50602","url":"https:\/\/kibrisdakik.com\/?p=50602","name":"Cumhurba\u015fkan\u0131 Tatar, Yeniden Refah Partisi Ba\u015fkan\u0131 Erbakan ve beraberindeki heyeti kabul etti:\u201cK\u0131br\u0131s Bar\u0131\u015f Harek\u00e2t\u0131 ile K\u0131br\u0131s T\u00fcrk\u00fc yeniden hayata d\u00f6nd\u00fc\u201d -","isPartOf":{"@id":"https:\/\/kibrisdakik.com\/#website"},"primaryImageOfPage":{"@id":"https:\/\/kibrisdakik.com\/?p=50602#primaryimage"},"image":{"@id":"https:\/\/kibrisdakik.com\/?p=50602#primaryimage"},"thumbnailUrl":"https:\/\/kibrisdakik.com\/wp-content\/uploads\/2024\/07\/rsfsa-740x420.png","datePublished":"2024-07-19T21:06:23+00:00","author":{"@id":"https:\/\/kibrisdakik.com\/#\/schema\/person\/9cd9d437bbb44f72b73ba127e06d8e79"},"breadcrumb":{"@id":"https:\/\/kibrisdakik.com\/?p=50602#breadcrumb"},"inLanguage":"tr","potentialAction":[{"@type":"ReadAction","target":["https:\/\/kibrisdakik.com\/?p=50602"]}]},{"@type":"ImageObject","inLanguage":"tr","@id":"https:\/\/kibrisdakik.com\/?p=50602#primaryimage","url":"https:\/\/kibrisdakik.com\/wp-content\/uploads\/2024\/07\/rsfsa-740x420.png","contentUrl":"https:\/\/kibrisdakik.com\/wp-content\/uploads\/2024\/07\/rsfsa-740x420.png","width":2225,"height":945},{"@type":"BreadcrumbList","@id":"https:\/\/kibrisdakik.com\/?p=50602#breadcrumb","itemListElement":[{"@type":"ListItem","position":1,"name":"Home","item":"https:\/\/kibrisdakik.com\/"},{"@type":"ListItem","position":2,"name":"Cumhurba\u015fkan\u0131 Tatar, Yeniden Refah Partisi Ba\u015fkan\u0131 Erbakan ve beraberindeki heyeti kabul etti:\u201cK\u0131br\u0131s Bar\u0131\u015f Harek\u00e2t\u0131 ile K\u0131br\u0131s T\u00fcrk\u00fc yeniden hayata d\u00f6nd\u00fc\u201d"}]},{"@type":"WebSite","@id":"https:\/\/kibrisdakik.com\/#website","url":"https:\/\/kibrisdakik.com\/","name":"","description":"Tam vaktinde haber","potentialAction":[{"@type":"SearchAction","target":{"@type":"EntryPoint","urlTemplate":"https:\/\/kibrisdakik.com\/?s={search_term_string}"},"query-input":{"@type":"PropertyValueSpecification","valueRequired":true,"valueName":"search_term_string"}}],"inLanguage":"tr"},{"@type":"Person","@id":"https:\/\/kibrisdakik.com\/#\/schema\/person\/9cd9d437bbb44f72b73ba127e06d8e79","name":"admin","image":{"@type":"ImageObject","inLanguage":"tr","@id":"https:\/\/secure.gravatar.com\/avatar\/ccc17943b9d660506c869530f897617f7cb1c21a4bf30023f252596d83e1f007?s=96&d=mm&r=g","url":"https:\/\/secure.gravatar.com\/avatar\/ccc17943b9d660506c869530f897617f7cb1c21a4bf30023f252596d83e1f007?s=96&d=mm&r=g","contentUrl":"https:\/\/secure.gravatar.com\/avatar\/ccc17943b9d660506c869530f897617f7cb1c21a4bf30023f252596d83e1f007?s=96&d=mm&r=g","caption":"admin"},"sameAs":["https:\/\/kibrisdakik.com"],"url":"https:\/\/kibrisdakik.com\/?author=1"}]}},"_links":{"self":[{"href":"https:\/\/kibrisdakik.com\/index.php?rest_route=\/wp\/v2\/posts\/50602","targetHints":{"allow":["GET"]}}],"collection":[{"href":"https:\/\/kibrisdakik.com\/index.php?rest_route=\/wp\/v2\/posts"}],"about":[{"href":"https:\/\/kibrisdakik.com\/index.php?rest_route=\/wp\/v2\/types\/post"}],"author":[{"embeddable":true,"href":"https:\/\/kibrisdakik.com\/index.php?rest_route=\/wp\/v2\/users\/1"}],"replies":[{"embeddable":true,"href":"https:\/\/kibrisdakik.com\/index.php?rest_route=%2Fwp%2Fv2%2Fcomments&post=50602"}],"version-history":[{"count":0,"href":"https:\/\/kibrisdakik.com\/index.php?rest_route=\/wp\/v2\/posts\/50602\/revisions"}],"wp:featuredmedia":[{"embeddable":true,"href":"https:\/\/kibrisdakik.com\/index.php?rest_route=\/wp\/v2\/media\/50603"}],"wp:attachment":[{"href":"https:\/\/kibrisdakik.com\/index.php?rest_route=%2Fwp%2Fv2%2Fmedia&parent=50602"}],"wp:term":[{"taxonomy":"category","embeddable":true,"href":"https:\/\/kibrisdakik.com\/index.php?rest_route=%2Fwp%2Fv2%2Fcategories&post=50602"},{"taxonomy":"post_tag","embeddable":true,"href":"https:\/\/kibrisdakik.com\/index.php?rest_route=%2Fwp%2Fv2%2Ftags&post=50602"}],"curies":[{"name":"wp","href":"https:\/\/api.w.org\/{rel}","templated":true}]}}