{"id":50616,"date":"2024-07-19T15:59:00","date_gmt":"2024-07-19T15:59:00","guid":{"rendered":"https:\/\/kibrisdakik.com\/index.php\/2024\/07\/19\/kktc-londra-temsilciliginden-turkiye-cumhuriyeti-londra-buyukelcisine-tesekkur-ziyareti\/"},"modified":"2024-07-19T15:59:00","modified_gmt":"2024-07-19T15:59:00","slug":"kktc-londra-temsilciliginden-turkiye-cumhuriyeti-londra-buyukelcisine-tesekkur-ziyareti","status":"publish","type":"post","link":"https:\/\/kibrisdakik.com\/?p=50616","title":{"rendered":"KKTC Londra Temsilcili\u011fi\u2019nden T\u00fcrkiye Cumhuriyeti Londra B\u00fcy\u00fckel\u00e7isi\u2019ne te\u015fekk\u00fcr ziyareti\u2026"},"content":{"rendered":"<p><\/p>\n<div data-text-id=\"49063\" property=\"articleBody\">\n<p>Temsilcilik\u2019ten yap\u0131lan a\u00e7\u0131klamaya g\u00f6re, ziyarette bir konu\u015fma yapan T\u00fcrkiye Cumhuriyeti Londra B\u00fcy\u00fckel\u00e7isi Koray Erta\u015f, K\u0131br\u0131s Bar\u0131\u015f Harek\u00e2t\u0131\u2019n\u0131n ve Bar\u0131\u015f ve \u00d6zg\u00fcrl\u00fck Bayram\u0131n\u0131n 50. y\u0131ld\u00f6n\u00fcm\u00fcn\u00fc kutlaman\u0131n gururunun ya\u015fand\u0131\u011f\u0131n\u0131 kaydetti.<\/p>\n<div class=\"post-flash\">\n        <!--\n\n<h3 class=\"post-flash__title\">G&ouml;zden ka&ccedil;&#305;rmay&#305;n<\/h3>\n\n--><br \/>\n                <a href=\"https:\/\/www.kibristurk.com\/lefke-turk-spor-kulubu-adnan-dogruyol-ile-devam-ediyor\" class=\"post-flash__content\" target=\"_self\" title=\"LEFKE T\u00dcRK SPOR KUL\u00dcB\u00dc ADNAN DO\u011eRUYOL \u0130LE DEVAM ED\u0130YOR...\" style=\"background-color: #A61C1E\" rel=\"noopener\"><br \/>\n            <img loading=\"lazy\" decoding=\"async\" src=\"https:\/\/kibristurkcom.teimg.com\/crop\/250x150\/kibristurk-com\/uploads\/2024\/07\/kirmizi-modern-kultur-ve-sanat-haber-manseti-youtube-kucuk-resmi-78.png\" alt=\"LEFKE T\u00dcRK SPOR KUL\u00dcB\u00dc ADNAN DO\u011eRUYOL \u0130LE DEVAM ED\u0130YOR...\" width=\"231\" height=\"140\" class=\"content-paragraph-image\"\/><br \/>\n            <span class=\"post-flash__heading\"><br \/>\n                <span class=\"post-flash__h4\">LEFKE T\u00dcRK SPOR KUL\u00dcB\u00dc ADNAN DO\u011eRUYOL \u0130LE DEVAM ED\u0130YOR&#8230;<\/span><br \/>\n            <\/span><br \/>\n        <\/a>\n            <\/div>\n<p>-Erta\u015f: \u201cAnla\u015fmaya yakla\u015f\u0131lan her \u00e7aban\u0131n Rumlar\u0131n uzla\u015fmaz tutumlar\u0131 nedeniyle sonu\u00e7suz kald\u0131\u201d<\/p>\n<p>Erta\u015f, K\u0131br\u0131s T\u00fcrk\u00fcn\u00fcn kendi vatan\u0131nda \u00f6zg\u00fcrce, bask\u0131lardan uzak var olmas\u0131 i\u00e7in 50 y\u0131l \u00f6nce \u015fehit ve gazilerin\u00a0 hayatlar\u0131 pahas\u0131na verdikleri m\u00fccadelenin, bug\u00fcn de K\u0131br\u0131s T\u00fcrk\u00fcn\u00fcn adan\u0131n e\u015fit ve egemen orta\u011f\u0131 oldu\u011funu t\u00fcm d\u00fcnyaya anlatmak i\u00e7in masada verildi\u011fini belirtti.<\/p>\n<p>K\u0131br\u0131s Rum taraf\u0131n\u0131n, K\u0131br\u0131s\u2019\u0131 sadece kendi egemenli\u011finde g\u00f6ren, K\u0131br\u0131s T\u00fcrk\u00fc&#8217;n\u00fc az\u0131nl\u0131k yapmaya \u00e7al\u0131\u015fan bir zihniyette oldu\u011funu ve bu zihniyet y\u00fcz\u00fcnden K\u0131br\u0131s meselesinde 60 y\u0131ld\u0131r adil ve kal\u0131c\u0131 \u00e7\u00f6z\u00fcme ula\u015fman\u0131n m\u00fcmk\u00fcn olamad\u0131\u011f\u0131n\u0131 belirten Erta\u015f, anla\u015fmaya yakla\u015f\u0131lan her \u00e7aban\u0131n Rumlar\u0131n uzla\u015fmaz tutumu nedeniyle sonu\u00e7suz kald\u0131\u011f\u0131n\u0131 kaydetti.<\/p>\n<p>Erta\u015f, Rumlar\u0131n arkalar\u0131na Avrupa \u00fclkelerini alarak K\u0131br\u0131s T\u00fcrk\u00fc&#8217;n\u00fc izole etmeye y\u00f6nelik ad\u0131mlar\u0131n\u0131n T\u00fcrkiye Cumhuriyeti ve Kuzey K\u0131br\u0131s T\u00fcrk Cumhuriyeti\u2019ni y\u0131ld\u0131rmayaca\u011f\u0131n\u0131, K\u0131br\u0131s T\u00fcrk\u00fc&#8217;n\u00fcn hakl\u0131 davas\u0131n\u0131 savunmaktan asla vazge\u00e7meyeceklerinin bilinmesi gerekti\u011fini dile getirdi.<\/p>\n<p>Art\u0131k uluslararas\u0131 toplumun, K\u0131br\u0131s\u2019ta iki toplum ve egemen iki devlet oldu\u011funu kabullenmesi gerekti\u011fini belirten B\u00fcy\u00fckel\u00e7i Erta\u015f, \u201cGarant\u00f6r g\u00fc\u00e7 Birle\u015fik Krall\u0131k \u2019tan beklentimiz de, sahadaki ger\u00e7ekli\u011fi kabul etmesi ve do\u011frudan u\u00e7u\u015flar ile do\u011frudan ticaret ba\u015fta olmak \u00fczere K\u0131br\u0131s T\u00fcrklerine uygulanan haks\u0131z tecrit ve izolasyonlar\u0131 sona erdirecek ad\u0131mlar\u0131 atmas\u0131d\u0131r.\u201d dedi.<\/p>\n<p>-Keskin: \u201c1974 Bar\u0131\u015f Harekat\u0131yla K\u0131br\u0131s T\u00fcrk halk\u0131 kendi devletine kavu\u015ftu\u201d<\/p>\n<p>KKTC Londra Temsilcisi B\u00fcy\u00fckel\u00e7i \u00c7imen Keskin ise konu\u015fmas\u0131nda, K\u0131br\u0131s T\u00fcrk\u00fc&#8217;n\u00fcn, 1963&#8217;ten 1974&#8217;e kadar b\u00fct\u00fcn d\u00fcnyan\u0131n g\u00f6z\u00fc \u00f6n\u00fcnde Rumlar\u0131n bask\u0131, \u015fiddet ve zulm\u00fc kar\u015f\u0131s\u0131nda \u00e7ok b\u00fcy\u00fck ac\u0131lar ya\u015fad\u0131\u011f\u0131n\u0131 ancak m\u00fccadeleden asla vazge\u00e7meyerek T\u00fcrkiye\u2019nin de g\u00fc\u00e7l\u00fc deste\u011fiyle, onurlu bir direni\u015f sergiledi\u011fini ve nihayet 11 y\u0131l s\u00fcren karanl\u0131k d\u00f6nemin, 20 Temmuz 1974 Mutlu Bar\u0131\u015f Harek\u00e2t\u0131 sayesinde sona erdi\u011fini anlatt\u0131.<\/p>\n<p>20 Temmuz Bar\u0131\u015f Harek\u00e2t\u0131\u2019n\u0131n, K\u0131br\u0131s T\u00fcrk\u00fc a\u00e7\u0131s\u0131ndan mahrumiyetin, g\u00f6\u00e7\u00fcn ve \u00f6l\u00fcmlerin son buldu\u011fu, y\u0131llarca ku\u015fatma alt\u0131nda ya\u015fad\u0131\u011f\u0131 ortamlar\u0131ndan kurtulup, can ve mal g\u00fcvenli\u011finin garanti alt\u0131na al\u0131nd\u0131\u011f\u0131 ve \u00f6zg\u00fcrl\u00fck ortam\u0131n\u0131n sa\u011fland\u0131\u011f\u0131 \u00f6nemli bir d\u00f6n\u00fcm noktas\u0131 oldu\u011funu vurgulayan Keskin; 1974 Bar\u0131\u015f Harekat\u0131yla, K\u0131br\u0131s T\u00fcrk halk\u0131n\u0131n,\u00a0 ka\u011f\u0131t \u00fcst\u00fcnde bir garant\u00f6r olarak kalmayan, imzas\u0131n\u0131n arkas\u0131nda ve karde\u015flerinin yan\u0131nda duran Anavatan T\u00fcrkiye Cumhuriyeti sayesinde \u00f6zg\u00fcrl\u00fc\u011fe, kendi vatan\u0131na ve devletine kavu\u015ftu\u011funu vurgulad\u0131.<\/p>\n<p>K\u0131br\u0131s T\u00fcrk taraf\u0131n\u0131n, K\u0131br\u0131s konusunda kal\u0131c\u0131 ve adil bir \u00e7\u00f6z\u00fcme ula\u015f\u0131labilmesi i\u00e7in \u00fczerine d\u00fc\u015feni her zaman yerine getirdi\u011fini ancak K\u0131br\u0131s Rum taraf\u0131n\u0131n uzla\u015fmaz tavr\u0131 sebebiyle t\u00fcm m\u00fczakere s\u00fcre\u00e7lerinin ba\u015far\u0131s\u0131zl\u0131kla sonu\u00e7land\u0131\u011f\u0131na da de\u011finen Keskin, gelinen a\u015famada K\u0131br\u0131s\u2019ta adil, kal\u0131c\u0131 ve ya\u015fayabilir bir \u00e7\u00f6z\u00fcme ula\u015f\u0131lmas\u0131n\u0131n ancak adadaki ger\u00e7eklerin esas al\u0131nmas\u0131yla, bunun da K\u0131br\u0131s T\u00fcrk halk\u0131n\u0131n m\u00fcktesep haklar\u0131 olan egemen e\u015fitli\u011finin ve e\u015fit uluslararas\u0131 stat\u00fcs\u00fcn\u00fcn teyit edilmesiyle m\u00fcmk\u00fcn olaca\u011f\u0131n\u0131 dile getirdi.<\/p>\n<p>B\u00fcy\u00fckel\u00e7i Keskin konu\u015fmas\u0131n\u0131, \u201cK\u0131br\u0131s Adas\u0131na bar\u0131\u015f ve huzur getiren Bar\u0131\u015f Harekat\u0131\u2019n\u0131n 50. y\u0131ld\u00f6n\u00fcm\u00fcnde, harekat\u0131 ger\u00e7ekle\u015ftiren Kahraman T\u00fcrk Silahl\u0131 Kuvvetlerini ve azimle m\u00fccadele eden m\u00fccahit halk\u0131m\u0131z\u0131 sayg\u0131yla selamlar,\u00a0 bu tarihi ad\u0131m\u0131n arkas\u0131ndaki \u00f6ng\u00f6r\u00fcl\u00fc devlet adamlar\u0131n\u0131 sayg\u0131yla yad ederim. Say\u0131n B\u00fcy\u00fckel\u00e7imizin \u015fahs\u0131nda, T\u00fcrkiye Cumhuriyeti Devletine, Anadolu halk\u0131na ve Kahraman T\u00fcrk Silahl\u0131 Kuvvetlerine te\u015fekk\u00fcrlerimizi sunar\u0131m.\u201d diyerek bitirdi.<\/p>\n<\/p><\/div>\n","protected":false},"excerpt":{"rendered":"<p>Temsilcilik\u2019ten yap\u0131lan a\u00e7\u0131klamaya g\u00f6re, ziyarette bir konu\u015fma yapan T\u00fcrkiye Cumhuriyeti Londra B\u00fcy\u00fckel\u00e7isi Koray Erta\u015f, K\u0131br\u0131s Bar\u0131\u015f Harek\u00e2t\u0131\u2019n\u0131n ve Bar\u0131\u015f ve \u00d6zg\u00fcrl\u00fck Bayram\u0131n\u0131n 50. y\u0131ld\u00f6n\u00fcm\u00fcn\u00fc kutlaman\u0131n gururunun ya\u015fand\u0131\u011f\u0131n\u0131 kaydetti. LEFKE T\u00dcRK SPOR KUL\u00dcB\u00dc ADNAN DO\u011eRUYOL \u0130LE DEVAM ED\u0130YOR&#8230; -Erta\u015f: \u201cAnla\u015fmaya yakla\u015f\u0131lan her \u00e7aban\u0131n Rumlar\u0131n uzla\u015fmaz tutumlar\u0131 nedeniyle sonu\u00e7suz kald\u0131\u201d Erta\u015f, K\u0131br\u0131s T\u00fcrk\u00fcn\u00fcn kendi vatan\u0131nda \u00f6zg\u00fcrce, bask\u0131lardan<\/p>\n","protected":false},"author":1,"featured_media":50617,"comment_status":"open","ping_status":"open","sticky":false,"template":"","format":"standard","meta":{"footnotes":""},"categories":[1],"tags":[],"class_list":["post-50616","post","type-post","status-publish","format-standard","has-post-thumbnail","hentry","category-gundem"],"yoast_head":"<!-- This site is optimized with the Yoast SEO plugin v27.5 - https:\/\/yoast.com\/product\/yoast-seo-wordpress\/ -->\n<title>KKTC Londra Temsilcili\u011fi\u2019nden T\u00fcrkiye Cumhuriyeti Londra B\u00fcy\u00fckel\u00e7isi\u2019ne te\u015fekk\u00fcr ziyareti\u2026 -<\/title>\n<meta name=\"robots\" content=\"index, follow, max-snippet:-1, max-image-preview:large, max-video-preview:-1\" \/>\n<link rel=\"canonical\" href=\"https:\/\/kibrisdakik.com\/?p=50616\" \/>\n<meta property=\"og:locale\" content=\"tr_TR\" \/>\n<meta property=\"og:type\" content=\"article\" \/>\n<meta property=\"og:title\" content=\"KKTC Londra Temsilcili\u011fi\u2019nden T\u00fcrkiye Cumhuriyeti Londra B\u00fcy\u00fckel\u00e7isi\u2019ne te\u015fekk\u00fcr ziyareti\u2026 -\" \/>\n<meta property=\"og:description\" content=\"Temsilcilik\u2019ten yap\u0131lan a\u00e7\u0131klamaya g\u00f6re, ziyarette bir konu\u015fma yapan T\u00fcrkiye Cumhuriyeti Londra B\u00fcy\u00fckel\u00e7isi Koray Erta\u015f, K\u0131br\u0131s Bar\u0131\u015f Harek\u00e2t\u0131\u2019n\u0131n ve Bar\u0131\u015f ve \u00d6zg\u00fcrl\u00fck Bayram\u0131n\u0131n 50. y\u0131ld\u00f6n\u00fcm\u00fcn\u00fc kutlaman\u0131n gururunun ya\u015fand\u0131\u011f\u0131n\u0131 kaydetti. LEFKE T\u00dcRK SPOR KUL\u00dcB\u00dc ADNAN DO\u011eRUYOL \u0130LE DEVAM ED\u0130YOR&#8230; -Erta\u015f: \u201cAnla\u015fmaya yakla\u015f\u0131lan her \u00e7aban\u0131n Rumlar\u0131n uzla\u015fmaz tutumlar\u0131 nedeniyle sonu\u00e7suz kald\u0131\u201d Erta\u015f, K\u0131br\u0131s T\u00fcrk\u00fcn\u00fcn kendi vatan\u0131nda \u00f6zg\u00fcrce, bask\u0131lardan\" \/>\n<meta property=\"og:url\" content=\"https:\/\/kibrisdakik.com\/?p=50616\" \/>\n<meta property=\"article:published_time\" content=\"2024-07-19T15:59:00+00:00\" \/>\n<meta property=\"og:image\" content=\"https:\/\/kibrisdakik.com\/wp-content\/uploads\/2024\/07\/kirmizi-modern-kultur-ve-sanat-haber-manseti-youtube-kucuk-resmi-66-740x420.png\" \/>\n\t<meta property=\"og:image:width\" content=\"1280\" \/>\n\t<meta property=\"og:image:height\" content=\"720\" \/>\n\t<meta property=\"og:image:type\" content=\"image\/png\" \/>\n<meta name=\"author\" content=\"admin\" \/>\n<meta name=\"twitter:card\" content=\"summary_large_image\" \/>\n<meta name=\"twitter:label1\" content=\"Yazan:\" \/>\n\t<meta name=\"twitter:data1\" content=\"admin\" \/>\n\t<meta name=\"twitter:label2\" content=\"Tahmini okuma s\u00fcresi\" \/>\n\t<meta name=\"twitter:data2\" content=\"4 dakika\" \/>\n<script type=\"application\/ld+json\" class=\"yoast-schema-graph\">{\"@context\":\"https:\\\/\\\/schema.org\",\"@graph\":[{\"@type\":\"Article\",\"@id\":\"https:\\\/\\\/kibrisdakik.com\\\/?p=50616#article\",\"isPartOf\":{\"@id\":\"https:\\\/\\\/kibrisdakik.com\\\/?p=50616\"},\"author\":{\"name\":\"admin\",\"@id\":\"https:\\\/\\\/kibrisdakik.com\\\/#\\\/schema\\\/person\\\/9cd9d437bbb44f72b73ba127e06d8e79\"},\"headline\":\"KKTC Londra Temsilcili\u011fi\u2019nden T\u00fcrkiye Cumhuriyeti Londra B\u00fcy\u00fckel\u00e7isi\u2019ne te\u015fekk\u00fcr ziyareti\u2026\",\"datePublished\":\"2024-07-19T15:59:00+00:00\",\"mainEntityOfPage\":{\"@id\":\"https:\\\/\\\/kibrisdakik.com\\\/?p=50616\"},\"wordCount\":806,\"commentCount\":0,\"image\":{\"@id\":\"https:\\\/\\\/kibrisdakik.com\\\/?p=50616#primaryimage\"},\"thumbnailUrl\":\"https:\\\/\\\/kibrisdakik.com\\\/wp-content\\\/uploads\\\/2024\\\/07\\\/kirmizi-modern-kultur-ve-sanat-haber-manseti-youtube-kucuk-resmi-66-740x420.png\",\"articleSection\":[\"G\u00fcndem\"],\"inLanguage\":\"tr\",\"potentialAction\":[{\"@type\":\"CommentAction\",\"name\":\"Comment\",\"target\":[\"https:\\\/\\\/kibrisdakik.com\\\/?p=50616#respond\"]}]},{\"@type\":\"WebPage\",\"@id\":\"https:\\\/\\\/kibrisdakik.com\\\/?p=50616\",\"url\":\"https:\\\/\\\/kibrisdakik.com\\\/?p=50616\",\"name\":\"KKTC Londra Temsilcili\u011fi\u2019nden T\u00fcrkiye Cumhuriyeti Londra B\u00fcy\u00fckel\u00e7isi\u2019ne te\u015fekk\u00fcr ziyareti\u2026 -\",\"isPartOf\":{\"@id\":\"https:\\\/\\\/kibrisdakik.com\\\/#website\"},\"primaryImageOfPage\":{\"@id\":\"https:\\\/\\\/kibrisdakik.com\\\/?p=50616#primaryimage\"},\"image\":{\"@id\":\"https:\\\/\\\/kibrisdakik.com\\\/?p=50616#primaryimage\"},\"thumbnailUrl\":\"https:\\\/\\\/kibrisdakik.com\\\/wp-content\\\/uploads\\\/2024\\\/07\\\/kirmizi-modern-kultur-ve-sanat-haber-manseti-youtube-kucuk-resmi-66-740x420.png\",\"datePublished\":\"2024-07-19T15:59:00+00:00\",\"author\":{\"@id\":\"https:\\\/\\\/kibrisdakik.com\\\/#\\\/schema\\\/person\\\/9cd9d437bbb44f72b73ba127e06d8e79\"},\"breadcrumb\":{\"@id\":\"https:\\\/\\\/kibrisdakik.com\\\/?p=50616#breadcrumb\"},\"inLanguage\":\"tr\",\"potentialAction\":[{\"@type\":\"ReadAction\",\"target\":[\"https:\\\/\\\/kibrisdakik.com\\\/?p=50616\"]}]},{\"@type\":\"ImageObject\",\"inLanguage\":\"tr\",\"@id\":\"https:\\\/\\\/kibrisdakik.com\\\/?p=50616#primaryimage\",\"url\":\"https:\\\/\\\/kibrisdakik.com\\\/wp-content\\\/uploads\\\/2024\\\/07\\\/kirmizi-modern-kultur-ve-sanat-haber-manseti-youtube-kucuk-resmi-66-740x420.png\",\"contentUrl\":\"https:\\\/\\\/kibrisdakik.com\\\/wp-content\\\/uploads\\\/2024\\\/07\\\/kirmizi-modern-kultur-ve-sanat-haber-manseti-youtube-kucuk-resmi-66-740x420.png\",\"width\":1280,\"height\":720},{\"@type\":\"BreadcrumbList\",\"@id\":\"https:\\\/\\\/kibrisdakik.com\\\/?p=50616#breadcrumb\",\"itemListElement\":[{\"@type\":\"ListItem\",\"position\":1,\"name\":\"Home\",\"item\":\"https:\\\/\\\/kibrisdakik.com\\\/\"},{\"@type\":\"ListItem\",\"position\":2,\"name\":\"KKTC Londra Temsilcili\u011fi\u2019nden T\u00fcrkiye Cumhuriyeti Londra B\u00fcy\u00fckel\u00e7isi\u2019ne te\u015fekk\u00fcr ziyareti\u2026\"}]},{\"@type\":\"WebSite\",\"@id\":\"https:\\\/\\\/kibrisdakik.com\\\/#website\",\"url\":\"https:\\\/\\\/kibrisdakik.com\\\/\",\"name\":\"\",\"description\":\"Tam vaktinde haber\",\"potentialAction\":[{\"@type\":\"SearchAction\",\"target\":{\"@type\":\"EntryPoint\",\"urlTemplate\":\"https:\\\/\\\/kibrisdakik.com\\\/?s={search_term_string}\"},\"query-input\":{\"@type\":\"PropertyValueSpecification\",\"valueRequired\":true,\"valueName\":\"search_term_string\"}}],\"inLanguage\":\"tr\"},{\"@type\":\"Person\",\"@id\":\"https:\\\/\\\/kibrisdakik.com\\\/#\\\/schema\\\/person\\\/9cd9d437bbb44f72b73ba127e06d8e79\",\"name\":\"admin\",\"image\":{\"@type\":\"ImageObject\",\"inLanguage\":\"tr\",\"@id\":\"https:\\\/\\\/secure.gravatar.com\\\/avatar\\\/ccc17943b9d660506c869530f897617f7cb1c21a4bf30023f252596d83e1f007?s=96&d=mm&r=g\",\"url\":\"https:\\\/\\\/secure.gravatar.com\\\/avatar\\\/ccc17943b9d660506c869530f897617f7cb1c21a4bf30023f252596d83e1f007?s=96&d=mm&r=g\",\"contentUrl\":\"https:\\\/\\\/secure.gravatar.com\\\/avatar\\\/ccc17943b9d660506c869530f897617f7cb1c21a4bf30023f252596d83e1f007?s=96&d=mm&r=g\",\"caption\":\"admin\"},\"sameAs\":[\"https:\\\/\\\/kibrisdakik.com\"],\"url\":\"https:\\\/\\\/kibrisdakik.com\\\/?author=1\"}]}<\/script>\n<!-- \/ Yoast SEO plugin. -->","yoast_head_json":{"title":"KKTC Londra Temsilcili\u011fi\u2019nden T\u00fcrkiye Cumhuriyeti Londra B\u00fcy\u00fckel\u00e7isi\u2019ne te\u015fekk\u00fcr ziyareti\u2026 -","robots":{"index":"index","follow":"follow","max-snippet":"max-snippet:-1","max-image-preview":"max-image-preview:large","max-video-preview":"max-video-preview:-1"},"canonical":"https:\/\/kibrisdakik.com\/?p=50616","og_locale":"tr_TR","og_type":"article","og_title":"KKTC Londra Temsilcili\u011fi\u2019nden T\u00fcrkiye Cumhuriyeti Londra B\u00fcy\u00fckel\u00e7isi\u2019ne te\u015fekk\u00fcr ziyareti\u2026 -","og_description":"Temsilcilik\u2019ten yap\u0131lan a\u00e7\u0131klamaya g\u00f6re, ziyarette bir konu\u015fma yapan T\u00fcrkiye Cumhuriyeti Londra B\u00fcy\u00fckel\u00e7isi Koray Erta\u015f, K\u0131br\u0131s Bar\u0131\u015f Harek\u00e2t\u0131\u2019n\u0131n ve Bar\u0131\u015f ve \u00d6zg\u00fcrl\u00fck Bayram\u0131n\u0131n 50. y\u0131ld\u00f6n\u00fcm\u00fcn\u00fc kutlaman\u0131n gururunun ya\u015fand\u0131\u011f\u0131n\u0131 kaydetti. LEFKE T\u00dcRK SPOR KUL\u00dcB\u00dc ADNAN DO\u011eRUYOL \u0130LE DEVAM ED\u0130YOR&#8230; -Erta\u015f: \u201cAnla\u015fmaya yakla\u015f\u0131lan her \u00e7aban\u0131n Rumlar\u0131n uzla\u015fmaz tutumlar\u0131 nedeniyle sonu\u00e7suz kald\u0131\u201d Erta\u015f, K\u0131br\u0131s T\u00fcrk\u00fcn\u00fcn kendi vatan\u0131nda \u00f6zg\u00fcrce, bask\u0131lardan","og_url":"https:\/\/kibrisdakik.com\/?p=50616","article_published_time":"2024-07-19T15:59:00+00:00","og_image":[{"width":1280,"height":720,"url":"https:\/\/kibrisdakik.com\/wp-content\/uploads\/2024\/07\/kirmizi-modern-kultur-ve-sanat-haber-manseti-youtube-kucuk-resmi-66-740x420.png","type":"image\/png"}],"author":"admin","twitter_card":"summary_large_image","twitter_misc":{"Yazan:":"admin","Tahmini okuma s\u00fcresi":"4 dakika"},"schema":{"@context":"https:\/\/schema.org","@graph":[{"@type":"Article","@id":"https:\/\/kibrisdakik.com\/?p=50616#article","isPartOf":{"@id":"https:\/\/kibrisdakik.com\/?p=50616"},"author":{"name":"admin","@id":"https:\/\/kibrisdakik.com\/#\/schema\/person\/9cd9d437bbb44f72b73ba127e06d8e79"},"headline":"KKTC Londra Temsilcili\u011fi\u2019nden T\u00fcrkiye Cumhuriyeti Londra B\u00fcy\u00fckel\u00e7isi\u2019ne te\u015fekk\u00fcr ziyareti\u2026","datePublished":"2024-07-19T15:59:00+00:00","mainEntityOfPage":{"@id":"https:\/\/kibrisdakik.com\/?p=50616"},"wordCount":806,"commentCount":0,"image":{"@id":"https:\/\/kibrisdakik.com\/?p=50616#primaryimage"},"thumbnailUrl":"https:\/\/kibrisdakik.com\/wp-content\/uploads\/2024\/07\/kirmizi-modern-kultur-ve-sanat-haber-manseti-youtube-kucuk-resmi-66-740x420.png","articleSection":["G\u00fcndem"],"inLanguage":"tr","potentialAction":[{"@type":"CommentAction","name":"Comment","target":["https:\/\/kibrisdakik.com\/?p=50616#respond"]}]},{"@type":"WebPage","@id":"https:\/\/kibrisdakik.com\/?p=50616","url":"https:\/\/kibrisdakik.com\/?p=50616","name":"KKTC Londra Temsilcili\u011fi\u2019nden T\u00fcrkiye Cumhuriyeti Londra B\u00fcy\u00fckel\u00e7isi\u2019ne te\u015fekk\u00fcr ziyareti\u2026 -","isPartOf":{"@id":"https:\/\/kibrisdakik.com\/#website"},"primaryImageOfPage":{"@id":"https:\/\/kibrisdakik.com\/?p=50616#primaryimage"},"image":{"@id":"https:\/\/kibrisdakik.com\/?p=50616#primaryimage"},"thumbnailUrl":"https:\/\/kibrisdakik.com\/wp-content\/uploads\/2024\/07\/kirmizi-modern-kultur-ve-sanat-haber-manseti-youtube-kucuk-resmi-66-740x420.png","datePublished":"2024-07-19T15:59:00+00:00","author":{"@id":"https:\/\/kibrisdakik.com\/#\/schema\/person\/9cd9d437bbb44f72b73ba127e06d8e79"},"breadcrumb":{"@id":"https:\/\/kibrisdakik.com\/?p=50616#breadcrumb"},"inLanguage":"tr","potentialAction":[{"@type":"ReadAction","target":["https:\/\/kibrisdakik.com\/?p=50616"]}]},{"@type":"ImageObject","inLanguage":"tr","@id":"https:\/\/kibrisdakik.com\/?p=50616#primaryimage","url":"https:\/\/kibrisdakik.com\/wp-content\/uploads\/2024\/07\/kirmizi-modern-kultur-ve-sanat-haber-manseti-youtube-kucuk-resmi-66-740x420.png","contentUrl":"https:\/\/kibrisdakik.com\/wp-content\/uploads\/2024\/07\/kirmizi-modern-kultur-ve-sanat-haber-manseti-youtube-kucuk-resmi-66-740x420.png","width":1280,"height":720},{"@type":"BreadcrumbList","@id":"https:\/\/kibrisdakik.com\/?p=50616#breadcrumb","itemListElement":[{"@type":"ListItem","position":1,"name":"Home","item":"https:\/\/kibrisdakik.com\/"},{"@type":"ListItem","position":2,"name":"KKTC Londra Temsilcili\u011fi\u2019nden T\u00fcrkiye Cumhuriyeti Londra B\u00fcy\u00fckel\u00e7isi\u2019ne te\u015fekk\u00fcr ziyareti\u2026"}]},{"@type":"WebSite","@id":"https:\/\/kibrisdakik.com\/#website","url":"https:\/\/kibrisdakik.com\/","name":"","description":"Tam vaktinde haber","potentialAction":[{"@type":"SearchAction","target":{"@type":"EntryPoint","urlTemplate":"https:\/\/kibrisdakik.com\/?s={search_term_string}"},"query-input":{"@type":"PropertyValueSpecification","valueRequired":true,"valueName":"search_term_string"}}],"inLanguage":"tr"},{"@type":"Person","@id":"https:\/\/kibrisdakik.com\/#\/schema\/person\/9cd9d437bbb44f72b73ba127e06d8e79","name":"admin","image":{"@type":"ImageObject","inLanguage":"tr","@id":"https:\/\/secure.gravatar.com\/avatar\/ccc17943b9d660506c869530f897617f7cb1c21a4bf30023f252596d83e1f007?s=96&d=mm&r=g","url":"https:\/\/secure.gravatar.com\/avatar\/ccc17943b9d660506c869530f897617f7cb1c21a4bf30023f252596d83e1f007?s=96&d=mm&r=g","contentUrl":"https:\/\/secure.gravatar.com\/avatar\/ccc17943b9d660506c869530f897617f7cb1c21a4bf30023f252596d83e1f007?s=96&d=mm&r=g","caption":"admin"},"sameAs":["https:\/\/kibrisdakik.com"],"url":"https:\/\/kibrisdakik.com\/?author=1"}]}},"_links":{"self":[{"href":"https:\/\/kibrisdakik.com\/index.php?rest_route=\/wp\/v2\/posts\/50616","targetHints":{"allow":["GET"]}}],"collection":[{"href":"https:\/\/kibrisdakik.com\/index.php?rest_route=\/wp\/v2\/posts"}],"about":[{"href":"https:\/\/kibrisdakik.com\/index.php?rest_route=\/wp\/v2\/types\/post"}],"author":[{"embeddable":true,"href":"https:\/\/kibrisdakik.com\/index.php?rest_route=\/wp\/v2\/users\/1"}],"replies":[{"embeddable":true,"href":"https:\/\/kibrisdakik.com\/index.php?rest_route=%2Fwp%2Fv2%2Fcomments&post=50616"}],"version-history":[{"count":0,"href":"https:\/\/kibrisdakik.com\/index.php?rest_route=\/wp\/v2\/posts\/50616\/revisions"}],"wp:featuredmedia":[{"embeddable":true,"href":"https:\/\/kibrisdakik.com\/index.php?rest_route=\/wp\/v2\/media\/50617"}],"wp:attachment":[{"href":"https:\/\/kibrisdakik.com\/index.php?rest_route=%2Fwp%2Fv2%2Fmedia&parent=50616"}],"wp:term":[{"taxonomy":"category","embeddable":true,"href":"https:\/\/kibrisdakik.com\/index.php?rest_route=%2Fwp%2Fv2%2Fcategories&post=50616"},{"taxonomy":"post_tag","embeddable":true,"href":"https:\/\/kibrisdakik.com\/index.php?rest_route=%2Fwp%2Fv2%2Ftags&post=50616"}],"curies":[{"name":"wp","href":"https:\/\/api.w.org\/{rel}","templated":true}]}}