{"id":50624,"date":"2024-07-20T00:09:01","date_gmt":"2024-07-20T00:09:01","guid":{"rendered":"https:\/\/kibrisdakik.com\/index.php\/2024\/07\/20\/baris-harekatinin-50-yil-donumunde-safak-nobeti-tutuldu\/"},"modified":"2024-07-20T00:09:01","modified_gmt":"2024-07-20T00:09:01","slug":"baris-harekatinin-50-yil-donumunde-safak-nobeti-tutuldu","status":"publish","type":"post","link":"https:\/\/kibrisdakik.com\/?p=50624","title":{"rendered":"Bar\u0131\u015f Harekat\u0131\u2019n\u0131n 50. y\u0131l d\u00f6n\u00fcm\u00fcnde \u2018\u015eafak N\u00f6beti\u2019 tutuldu"},"content":{"rendered":"<p><\/p>\n<div>\n<div class=\"mariselle-image-container center\">\n                <img loading=\"lazy\" decoding=\"async\" width=\"1600\" height=\"900\" class=\"lazy-image\" alt=\"\" sizes=\"auto, (max-width: 1600px) 100vw, 1600px\" src=\"https:\/\/brtk.net\/wp-content\/uploads\/2024\/07\/19\/s1.jpg?ver=63490690e17097a109b09c019dcd52e7\" srcset=\"https:\/\/brtk.net\/wp-content\/uploads\/2024\/07\/19\/s1.jpg?ver=63490690e17097a109b09c019dcd52e7 1600w, https:\/\/brtk.net\/wp-content\/uploads\/2024\/07\/19\/s1-300x169.jpg?ver=4f82fc4774071e6da7028178f8b0bb79 300w, https:\/\/brtk.net\/wp-content\/uploads\/2024\/07\/19\/s1-1024x576.jpg?ver=4f82fc4774071e6da7028178f8b0bb79 1024w, https:\/\/brtk.net\/wp-content\/uploads\/2024\/07\/19\/s1-768x432.jpg?ver=4f82fc4774071e6da7028178f8b0bb79 768w, https:\/\/brtk.net\/wp-content\/uploads\/2024\/07\/19\/s1-1536x864.jpg?ver=9a55cc3735968ac8c6587c0fb73170ec 1536w\"\/>                            <\/div>\n<p>20 Temmuz Bar\u0131\u015f ve \u00d6zg\u00fcrl\u00fck Bayram\u0131\u2019n\u0131n 50. Y\u0131ld\u00f6n\u00fcm\u00fc kutlamalar\u0131 \u00e7er\u00e7evesinde, Bar\u0131\u015f Harekat\u0131\u2019n\u0131n ba\u015flad\u0131\u011f\u0131 yer olan Alsancak Yavuz \u00c7\u0131karma Plaj\u0131\u2019nda  \u015eafak N\u00f6beti tutuldu. <\/p>\n<p>\u015eafak N\u00f6beti i\u00e7in saat 20.30\u2019da Yavuz \u00c7\u0131karma Plaj\u0131 \u00e7emberinde toplanan fener alay\u0131 Yavuz \u00c7\u0131karma Plaj\u0131 \u0130skelesi\u2019ne y\u00fcr\u00fcd\u00fc.<\/p>\n<div class=\"mariselle-image-container center\">\n                <img loading=\"lazy\" decoding=\"async\" width=\"1600\" height=\"900\" class=\"lazy-image\" alt=\"\" sizes=\"auto, (max-width: 1600px) 100vw, 1600px\" src=\"https:\/\/brtk.net\/wp-content\/uploads\/2024\/07\/19\/s2.jpg?ver=37174b110efefcea662918788b580f78\" srcset=\"https:\/\/brtk.net\/wp-content\/uploads\/2024\/07\/19\/s2.jpg?ver=37174b110efefcea662918788b580f78 1600w, https:\/\/brtk.net\/wp-content\/uploads\/2024\/07\/19\/s2-300x169.jpg?ver=37174b110efefcea662918788b580f78 300w, https:\/\/brtk.net\/wp-content\/uploads\/2024\/07\/19\/s2-1024x576.jpg?ver=37174b110efefcea662918788b580f78 1024w, https:\/\/brtk.net\/wp-content\/uploads\/2024\/07\/19\/s2-768x432.jpg?ver=37174b110efefcea662918788b580f78 768w, https:\/\/brtk.net\/wp-content\/uploads\/2024\/07\/19\/s2-1536x864.jpg?ver=715c77e43da31974a1d2baa9ae857433 1536w\"\/>                            <\/div>\n<p>Fener alay\u0131 korteji ile ba\u015flayan n\u00f6bette dualar okundu, SAT timi g\u00f6steri yapt\u0131, G\u00fcvenlik Kuvvetleri Komutanl\u0131\u011f\u0131 Bandosu ve Milli Savunma Bakanl\u0131\u011f\u0131 Mehteran Birli\u011fi konser verdi.<\/p>\n<p>TRT sanat\u00e7\u0131lar\u0131 D\u00fcnya Tekin, Zafer Albayrak ve G\u00f6k\u00e7e Nur Semerci\u2019nin konser verdi\u011fi gecede, sevilen sanat\u00e7\u0131 Ferhat G\u00f6\u00e7er de sahne ald\u0131.<br \/>Etkinlikte havai fi\u015fek ve lazer g\u00f6sterileri de yer ald\u0131.<\/p>\n<\/p><\/div>\n<p><script async\n                    defer\n                    crossorigin=\"anonymous\"\n                    src=\"https:\/\/connect.facebook.net\/tr_TR\/sdk.js#xfbml=1&#038;version=v3.3\"\n            ><\/script><\/p>\n","protected":false},"excerpt":{"rendered":"<p>20 Temmuz Bar\u0131\u015f ve \u00d6zg\u00fcrl\u00fck Bayram\u0131\u2019n\u0131n 50. Y\u0131ld\u00f6n\u00fcm\u00fc kutlamalar\u0131 \u00e7er\u00e7evesinde, Bar\u0131\u015f Harekat\u0131\u2019n\u0131n ba\u015flad\u0131\u011f\u0131 yer olan Alsancak Yavuz \u00c7\u0131karma Plaj\u0131\u2019nda \u015eafak N\u00f6beti tutuldu. \u015eafak N\u00f6beti i\u00e7in saat 20.30\u2019da Yavuz \u00c7\u0131karma Plaj\u0131 \u00e7emberinde toplanan fener alay\u0131 Yavuz \u00c7\u0131karma Plaj\u0131 \u0130skelesi\u2019ne y\u00fcr\u00fcd\u00fc. Fener alay\u0131 korteji ile ba\u015flayan n\u00f6bette dualar okundu, SAT timi g\u00f6steri yapt\u0131, G\u00fcvenlik Kuvvetleri Komutanl\u0131\u011f\u0131 Bandosu<\/p>\n","protected":false},"author":1,"featured_media":50625,"comment_status":"open","ping_status":"open","sticky":false,"template":"","format":"standard","meta":{"footnotes":""},"categories":[1],"tags":[],"class_list":["post-50624","post","type-post","status-publish","format-standard","has-post-thumbnail","hentry","category-gundem"],"yoast_head":"<!-- This site is optimized with the Yoast SEO plugin v27.5 - https:\/\/yoast.com\/product\/yoast-seo-wordpress\/ -->\n<title>Bar\u0131\u015f Harekat\u0131\u2019n\u0131n 50. y\u0131l d\u00f6n\u00fcm\u00fcnde \u2018\u015eafak N\u00f6beti\u2019 tutuldu -<\/title>\n<meta name=\"robots\" content=\"index, follow, max-snippet:-1, max-image-preview:large, max-video-preview:-1\" \/>\n<link rel=\"canonical\" href=\"https:\/\/kibrisdakik.com\/?p=50624\" \/>\n<meta property=\"og:locale\" content=\"tr_TR\" \/>\n<meta property=\"og:type\" content=\"article\" \/>\n<meta property=\"og:title\" content=\"Bar\u0131\u015f Harekat\u0131\u2019n\u0131n 50. y\u0131l d\u00f6n\u00fcm\u00fcnde \u2018\u015eafak N\u00f6beti\u2019 tutuldu -\" \/>\n<meta property=\"og:description\" content=\"20 Temmuz Bar\u0131\u015f ve \u00d6zg\u00fcrl\u00fck Bayram\u0131\u2019n\u0131n 50. Y\u0131ld\u00f6n\u00fcm\u00fc kutlamalar\u0131 \u00e7er\u00e7evesinde, Bar\u0131\u015f Harekat\u0131\u2019n\u0131n ba\u015flad\u0131\u011f\u0131 yer olan Alsancak Yavuz \u00c7\u0131karma Plaj\u0131\u2019nda \u015eafak N\u00f6beti tutuldu. \u015eafak N\u00f6beti i\u00e7in saat 20.30\u2019da Yavuz \u00c7\u0131karma Plaj\u0131 \u00e7emberinde toplanan fener alay\u0131 Yavuz \u00c7\u0131karma Plaj\u0131 \u0130skelesi\u2019ne y\u00fcr\u00fcd\u00fc. Fener alay\u0131 korteji ile ba\u015flayan n\u00f6bette dualar okundu, SAT timi g\u00f6steri yapt\u0131, G\u00fcvenlik Kuvvetleri Komutanl\u0131\u011f\u0131 Bandosu\" \/>\n<meta property=\"og:url\" content=\"https:\/\/kibrisdakik.com\/?p=50624\" \/>\n<meta property=\"article:published_time\" content=\"2024-07-20T00:09:01+00:00\" \/>\n<meta property=\"og:image\" content=\"https:\/\/kibrisdakik.com\/wp-content\/uploads\/2024\/07\/s2-740x420.jpg\" \/>\n\t<meta property=\"og:image:width\" content=\"1600\" \/>\n\t<meta property=\"og:image:height\" content=\"900\" \/>\n\t<meta property=\"og:image:type\" content=\"image\/jpeg\" \/>\n<meta name=\"author\" content=\"admin\" \/>\n<meta name=\"twitter:card\" content=\"summary_large_image\" \/>\n<meta name=\"twitter:label1\" content=\"Yazan:\" \/>\n\t<meta name=\"twitter:data1\" content=\"admin\" \/>\n\t<meta name=\"twitter:label2\" content=\"Tahmini okuma s\u00fcresi\" \/>\n\t<meta name=\"twitter:data2\" content=\"1 dakika\" \/>\n<script type=\"application\/ld+json\" class=\"yoast-schema-graph\">{\"@context\":\"https:\\\/\\\/schema.org\",\"@graph\":[{\"@type\":\"Article\",\"@id\":\"https:\\\/\\\/kibrisdakik.com\\\/?p=50624#article\",\"isPartOf\":{\"@id\":\"https:\\\/\\\/kibrisdakik.com\\\/?p=50624\"},\"author\":{\"name\":\"admin\",\"@id\":\"https:\\\/\\\/kibrisdakik.com\\\/#\\\/schema\\\/person\\\/9cd9d437bbb44f72b73ba127e06d8e79\"},\"headline\":\"Bar\u0131\u015f Harekat\u0131\u2019n\u0131n 50. y\u0131l d\u00f6n\u00fcm\u00fcnde \u2018\u015eafak N\u00f6beti\u2019 tutuldu\",\"datePublished\":\"2024-07-20T00:09:01+00:00\",\"mainEntityOfPage\":{\"@id\":\"https:\\\/\\\/kibrisdakik.com\\\/?p=50624\"},\"wordCount\":136,\"commentCount\":0,\"image\":{\"@id\":\"https:\\\/\\\/kibrisdakik.com\\\/?p=50624#primaryimage\"},\"thumbnailUrl\":\"https:\\\/\\\/kibrisdakik.com\\\/wp-content\\\/uploads\\\/2024\\\/07\\\/s2-740x420.jpg\",\"articleSection\":[\"G\u00fcndem\"],\"inLanguage\":\"tr\",\"potentialAction\":[{\"@type\":\"CommentAction\",\"name\":\"Comment\",\"target\":[\"https:\\\/\\\/kibrisdakik.com\\\/?p=50624#respond\"]}]},{\"@type\":\"WebPage\",\"@id\":\"https:\\\/\\\/kibrisdakik.com\\\/?p=50624\",\"url\":\"https:\\\/\\\/kibrisdakik.com\\\/?p=50624\",\"name\":\"Bar\u0131\u015f Harekat\u0131\u2019n\u0131n 50. y\u0131l d\u00f6n\u00fcm\u00fcnde \u2018\u015eafak N\u00f6beti\u2019 tutuldu -\",\"isPartOf\":{\"@id\":\"https:\\\/\\\/kibrisdakik.com\\\/#website\"},\"primaryImageOfPage\":{\"@id\":\"https:\\\/\\\/kibrisdakik.com\\\/?p=50624#primaryimage\"},\"image\":{\"@id\":\"https:\\\/\\\/kibrisdakik.com\\\/?p=50624#primaryimage\"},\"thumbnailUrl\":\"https:\\\/\\\/kibrisdakik.com\\\/wp-content\\\/uploads\\\/2024\\\/07\\\/s2-740x420.jpg\",\"datePublished\":\"2024-07-20T00:09:01+00:00\",\"author\":{\"@id\":\"https:\\\/\\\/kibrisdakik.com\\\/#\\\/schema\\\/person\\\/9cd9d437bbb44f72b73ba127e06d8e79\"},\"breadcrumb\":{\"@id\":\"https:\\\/\\\/kibrisdakik.com\\\/?p=50624#breadcrumb\"},\"inLanguage\":\"tr\",\"potentialAction\":[{\"@type\":\"ReadAction\",\"target\":[\"https:\\\/\\\/kibrisdakik.com\\\/?p=50624\"]}]},{\"@type\":\"ImageObject\",\"inLanguage\":\"tr\",\"@id\":\"https:\\\/\\\/kibrisdakik.com\\\/?p=50624#primaryimage\",\"url\":\"https:\\\/\\\/kibrisdakik.com\\\/wp-content\\\/uploads\\\/2024\\\/07\\\/s2-740x420.jpg\",\"contentUrl\":\"https:\\\/\\\/kibrisdakik.com\\\/wp-content\\\/uploads\\\/2024\\\/07\\\/s2-740x420.jpg\",\"width\":1600,\"height\":900},{\"@type\":\"BreadcrumbList\",\"@id\":\"https:\\\/\\\/kibrisdakik.com\\\/?p=50624#breadcrumb\",\"itemListElement\":[{\"@type\":\"ListItem\",\"position\":1,\"name\":\"Home\",\"item\":\"https:\\\/\\\/kibrisdakik.com\\\/\"},{\"@type\":\"ListItem\",\"position\":2,\"name\":\"Bar\u0131\u015f Harekat\u0131\u2019n\u0131n 50. y\u0131l d\u00f6n\u00fcm\u00fcnde \u2018\u015eafak N\u00f6beti\u2019 tutuldu\"}]},{\"@type\":\"WebSite\",\"@id\":\"https:\\\/\\\/kibrisdakik.com\\\/#website\",\"url\":\"https:\\\/\\\/kibrisdakik.com\\\/\",\"name\":\"\",\"description\":\"Tam vaktinde haber\",\"potentialAction\":[{\"@type\":\"SearchAction\",\"target\":{\"@type\":\"EntryPoint\",\"urlTemplate\":\"https:\\\/\\\/kibrisdakik.com\\\/?s={search_term_string}\"},\"query-input\":{\"@type\":\"PropertyValueSpecification\",\"valueRequired\":true,\"valueName\":\"search_term_string\"}}],\"inLanguage\":\"tr\"},{\"@type\":\"Person\",\"@id\":\"https:\\\/\\\/kibrisdakik.com\\\/#\\\/schema\\\/person\\\/9cd9d437bbb44f72b73ba127e06d8e79\",\"name\":\"admin\",\"image\":{\"@type\":\"ImageObject\",\"inLanguage\":\"tr\",\"@id\":\"https:\\\/\\\/secure.gravatar.com\\\/avatar\\\/ccc17943b9d660506c869530f897617f7cb1c21a4bf30023f252596d83e1f007?s=96&d=mm&r=g\",\"url\":\"https:\\\/\\\/secure.gravatar.com\\\/avatar\\\/ccc17943b9d660506c869530f897617f7cb1c21a4bf30023f252596d83e1f007?s=96&d=mm&r=g\",\"contentUrl\":\"https:\\\/\\\/secure.gravatar.com\\\/avatar\\\/ccc17943b9d660506c869530f897617f7cb1c21a4bf30023f252596d83e1f007?s=96&d=mm&r=g\",\"caption\":\"admin\"},\"sameAs\":[\"https:\\\/\\\/kibrisdakik.com\"],\"url\":\"https:\\\/\\\/kibrisdakik.com\\\/?author=1\"}]}<\/script>\n<!-- \/ Yoast SEO plugin. -->","yoast_head_json":{"title":"Bar\u0131\u015f Harekat\u0131\u2019n\u0131n 50. y\u0131l d\u00f6n\u00fcm\u00fcnde \u2018\u015eafak N\u00f6beti\u2019 tutuldu -","robots":{"index":"index","follow":"follow","max-snippet":"max-snippet:-1","max-image-preview":"max-image-preview:large","max-video-preview":"max-video-preview:-1"},"canonical":"https:\/\/kibrisdakik.com\/?p=50624","og_locale":"tr_TR","og_type":"article","og_title":"Bar\u0131\u015f Harekat\u0131\u2019n\u0131n 50. y\u0131l d\u00f6n\u00fcm\u00fcnde \u2018\u015eafak N\u00f6beti\u2019 tutuldu -","og_description":"20 Temmuz Bar\u0131\u015f ve \u00d6zg\u00fcrl\u00fck Bayram\u0131\u2019n\u0131n 50. Y\u0131ld\u00f6n\u00fcm\u00fc kutlamalar\u0131 \u00e7er\u00e7evesinde, Bar\u0131\u015f Harekat\u0131\u2019n\u0131n ba\u015flad\u0131\u011f\u0131 yer olan Alsancak Yavuz \u00c7\u0131karma Plaj\u0131\u2019nda \u015eafak N\u00f6beti tutuldu. \u015eafak N\u00f6beti i\u00e7in saat 20.30\u2019da Yavuz \u00c7\u0131karma Plaj\u0131 \u00e7emberinde toplanan fener alay\u0131 Yavuz \u00c7\u0131karma Plaj\u0131 \u0130skelesi\u2019ne y\u00fcr\u00fcd\u00fc. Fener alay\u0131 korteji ile ba\u015flayan n\u00f6bette dualar okundu, SAT timi g\u00f6steri yapt\u0131, G\u00fcvenlik Kuvvetleri Komutanl\u0131\u011f\u0131 Bandosu","og_url":"https:\/\/kibrisdakik.com\/?p=50624","article_published_time":"2024-07-20T00:09:01+00:00","og_image":[{"width":1600,"height":900,"url":"https:\/\/kibrisdakik.com\/wp-content\/uploads\/2024\/07\/s2-740x420.jpg","type":"image\/jpeg"}],"author":"admin","twitter_card":"summary_large_image","twitter_misc":{"Yazan:":"admin","Tahmini okuma s\u00fcresi":"1 dakika"},"schema":{"@context":"https:\/\/schema.org","@graph":[{"@type":"Article","@id":"https:\/\/kibrisdakik.com\/?p=50624#article","isPartOf":{"@id":"https:\/\/kibrisdakik.com\/?p=50624"},"author":{"name":"admin","@id":"https:\/\/kibrisdakik.com\/#\/schema\/person\/9cd9d437bbb44f72b73ba127e06d8e79"},"headline":"Bar\u0131\u015f Harekat\u0131\u2019n\u0131n 50. y\u0131l d\u00f6n\u00fcm\u00fcnde \u2018\u015eafak N\u00f6beti\u2019 tutuldu","datePublished":"2024-07-20T00:09:01+00:00","mainEntityOfPage":{"@id":"https:\/\/kibrisdakik.com\/?p=50624"},"wordCount":136,"commentCount":0,"image":{"@id":"https:\/\/kibrisdakik.com\/?p=50624#primaryimage"},"thumbnailUrl":"https:\/\/kibrisdakik.com\/wp-content\/uploads\/2024\/07\/s2-740x420.jpg","articleSection":["G\u00fcndem"],"inLanguage":"tr","potentialAction":[{"@type":"CommentAction","name":"Comment","target":["https:\/\/kibrisdakik.com\/?p=50624#respond"]}]},{"@type":"WebPage","@id":"https:\/\/kibrisdakik.com\/?p=50624","url":"https:\/\/kibrisdakik.com\/?p=50624","name":"Bar\u0131\u015f Harekat\u0131\u2019n\u0131n 50. y\u0131l d\u00f6n\u00fcm\u00fcnde \u2018\u015eafak N\u00f6beti\u2019 tutuldu -","isPartOf":{"@id":"https:\/\/kibrisdakik.com\/#website"},"primaryImageOfPage":{"@id":"https:\/\/kibrisdakik.com\/?p=50624#primaryimage"},"image":{"@id":"https:\/\/kibrisdakik.com\/?p=50624#primaryimage"},"thumbnailUrl":"https:\/\/kibrisdakik.com\/wp-content\/uploads\/2024\/07\/s2-740x420.jpg","datePublished":"2024-07-20T00:09:01+00:00","author":{"@id":"https:\/\/kibrisdakik.com\/#\/schema\/person\/9cd9d437bbb44f72b73ba127e06d8e79"},"breadcrumb":{"@id":"https:\/\/kibrisdakik.com\/?p=50624#breadcrumb"},"inLanguage":"tr","potentialAction":[{"@type":"ReadAction","target":["https:\/\/kibrisdakik.com\/?p=50624"]}]},{"@type":"ImageObject","inLanguage":"tr","@id":"https:\/\/kibrisdakik.com\/?p=50624#primaryimage","url":"https:\/\/kibrisdakik.com\/wp-content\/uploads\/2024\/07\/s2-740x420.jpg","contentUrl":"https:\/\/kibrisdakik.com\/wp-content\/uploads\/2024\/07\/s2-740x420.jpg","width":1600,"height":900},{"@type":"BreadcrumbList","@id":"https:\/\/kibrisdakik.com\/?p=50624#breadcrumb","itemListElement":[{"@type":"ListItem","position":1,"name":"Home","item":"https:\/\/kibrisdakik.com\/"},{"@type":"ListItem","position":2,"name":"Bar\u0131\u015f Harekat\u0131\u2019n\u0131n 50. y\u0131l d\u00f6n\u00fcm\u00fcnde \u2018\u015eafak N\u00f6beti\u2019 tutuldu"}]},{"@type":"WebSite","@id":"https:\/\/kibrisdakik.com\/#website","url":"https:\/\/kibrisdakik.com\/","name":"","description":"Tam vaktinde haber","potentialAction":[{"@type":"SearchAction","target":{"@type":"EntryPoint","urlTemplate":"https:\/\/kibrisdakik.com\/?s={search_term_string}"},"query-input":{"@type":"PropertyValueSpecification","valueRequired":true,"valueName":"search_term_string"}}],"inLanguage":"tr"},{"@type":"Person","@id":"https:\/\/kibrisdakik.com\/#\/schema\/person\/9cd9d437bbb44f72b73ba127e06d8e79","name":"admin","image":{"@type":"ImageObject","inLanguage":"tr","@id":"https:\/\/secure.gravatar.com\/avatar\/ccc17943b9d660506c869530f897617f7cb1c21a4bf30023f252596d83e1f007?s=96&d=mm&r=g","url":"https:\/\/secure.gravatar.com\/avatar\/ccc17943b9d660506c869530f897617f7cb1c21a4bf30023f252596d83e1f007?s=96&d=mm&r=g","contentUrl":"https:\/\/secure.gravatar.com\/avatar\/ccc17943b9d660506c869530f897617f7cb1c21a4bf30023f252596d83e1f007?s=96&d=mm&r=g","caption":"admin"},"sameAs":["https:\/\/kibrisdakik.com"],"url":"https:\/\/kibrisdakik.com\/?author=1"}]}},"_links":{"self":[{"href":"https:\/\/kibrisdakik.com\/index.php?rest_route=\/wp\/v2\/posts\/50624","targetHints":{"allow":["GET"]}}],"collection":[{"href":"https:\/\/kibrisdakik.com\/index.php?rest_route=\/wp\/v2\/posts"}],"about":[{"href":"https:\/\/kibrisdakik.com\/index.php?rest_route=\/wp\/v2\/types\/post"}],"author":[{"embeddable":true,"href":"https:\/\/kibrisdakik.com\/index.php?rest_route=\/wp\/v2\/users\/1"}],"replies":[{"embeddable":true,"href":"https:\/\/kibrisdakik.com\/index.php?rest_route=%2Fwp%2Fv2%2Fcomments&post=50624"}],"version-history":[{"count":0,"href":"https:\/\/kibrisdakik.com\/index.php?rest_route=\/wp\/v2\/posts\/50624\/revisions"}],"wp:featuredmedia":[{"embeddable":true,"href":"https:\/\/kibrisdakik.com\/index.php?rest_route=\/wp\/v2\/media\/50625"}],"wp:attachment":[{"href":"https:\/\/kibrisdakik.com\/index.php?rest_route=%2Fwp%2Fv2%2Fmedia&parent=50624"}],"wp:term":[{"taxonomy":"category","embeddable":true,"href":"https:\/\/kibrisdakik.com\/index.php?rest_route=%2Fwp%2Fv2%2Fcategories&post=50624"},{"taxonomy":"post_tag","embeddable":true,"href":"https:\/\/kibrisdakik.com\/index.php?rest_route=%2Fwp%2Fv2%2Ftags&post=50624"}],"curies":[{"name":"wp","href":"https:\/\/api.w.org\/{rel}","templated":true}]}}