{"id":50630,"date":"2024-07-20T01:10:35","date_gmt":"2024-07-20T01:10:35","guid":{"rendered":"https:\/\/kibrisdakik.com\/index.php\/2024\/07\/20\/bayrak-fm-30-yasinda-bayrak-fm-icin-brt-yapimciliginda-bir-bayrak-fm-hikayesi-adiyla-belgesel-hazirlandi\/"},"modified":"2024-07-20T01:10:35","modified_gmt":"2024-07-20T01:10:35","slug":"bayrak-fm-30-yasinda-bayrak-fm-icin-brt-yapimciliginda-bir-bayrak-fm-hikayesi-adiyla-belgesel-hazirlandi","status":"publish","type":"post","link":"https:\/\/kibrisdakik.com\/?p=50630","title":{"rendered":"Bayrak FM 30 ya\u015f\u0131nda \u2026 Bayrak FM i\u00e7in, BRT yap\u0131mc\u0131l\u0131\u011f\u0131nda \u201cBir Bayrak FM Hikayesi\u201d ad\u0131yla belgesel haz\u0131rland\u0131"},"content":{"rendered":"<p><\/p>\n<div>\n<div class=\"mariselle-image-container center\">\n                <img loading=\"lazy\" decoding=\"async\" width=\"1368\" height=\"612\" class=\"lazy-image\" alt=\"\" sizes=\"auto, (max-width: 1368px) 100vw, 1368px\" src=\"https:\/\/brtk.net\/wp-content\/uploads\/2024\/07\/16\/BIR-BAYRAK-FM-HIKAYESI.jpg?ver=ba218a974f5ca2b740cc005370c28f03\" srcset=\"https:\/\/brtk.net\/wp-content\/uploads\/2024\/07\/16\/BIR-BAYRAK-FM-HIKAYESI.jpg?ver=ba218a974f5ca2b740cc005370c28f03 1368w, https:\/\/brtk.net\/wp-content\/uploads\/2024\/07\/16\/BIR-BAYRAK-FM-HIKAYESI-300x134.jpg?ver=602c6706818a9243ea249215492cebfe 300w, https:\/\/brtk.net\/wp-content\/uploads\/2024\/07\/16\/BIR-BAYRAK-FM-HIKAYESI-1024x458.jpg?ver=602c6706818a9243ea249215492cebfe 1024w, https:\/\/brtk.net\/wp-content\/uploads\/2024\/07\/16\/BIR-BAYRAK-FM-HIKAYESI-768x344.jpg?ver=602c6706818a9243ea249215492cebfe 768w\"\/>                            <\/div>\n<p>Bayrak Radyo Televizyon Kurumu b\u00fcnyesinde yay\u0131n hayat\u0131na 20 Temmuz 1994 tarihinde ba\u015flayan Bayrak FM, 30\u2019uncu y\u0131l\u0131n\u0131 kutluyor.<\/p>\n<p>\u201cKendi sesinize ho\u015f geldiniz\u201d diyerek, \u201cRadyo Keyfi\u201d slogan\u0131yla yola \u00e7\u0131kan Bayrak Fm, ilk g\u00fcnden itibaren kalitesinden \u00f6d\u00fcn vermeden ve her ge\u00e7en g\u00fcn kendini yenileyerek, pop\u00fcler m\u00fczi\u011fin \u00f6nc\u00fcs\u00fc olmaya devam ediyor.  <\/p>\n<p>4 ayr\u0131 frekans\u0131yla t\u00fcm K\u0131br\u0131s ve T\u00fcrkiye\u2019nin g\u00fcney sahillerine, uydu ve internet arac\u0131l\u0131\u011f\u0131 ile de d\u00fcnyaya sesini ula\u015ft\u0131ran Bayrak FM, 7\/24 kesintisiz yay\u0131nlar\u0131yla, her an radyo dinleyicisine e\u015flik edebilme misyonunu ta\u015f\u0131yor.  <\/p>\n<p>M\u00fczik-e\u011flence a\u011f\u0131rl\u0131kl\u0131 programlar\u0131yla m\u00fczik haberden, g\u00fcnl\u00fck hayattan kesitlere, mizahtan r\u00f6portajlara, sosyal i\u00e7erikli konulardan, teknoloji haberlerine, k\u00fclt\u00fcr-sanattan, nostaljiye bir\u00e7ok konuya yer veren Bayrak FM, bir yandan da T\u00fcrk\u00e7e Pop ve Rock m\u00fczi\u011finin en iyi \u00f6rneklerini dinleyiciye ula\u015ft\u0131r\u0131yor. <\/p>\n<p>Ajanda haberleriyle g\u00fcncel k\u00fclt\u00fcr-sanat etkinliklerini, M\u00fczik Haber ile de, m\u00fczik d\u00fcnyas\u0131n\u0131n son geli\u015fmelerini dinleyci ile bulu\u015fturan Bayrak FM, Brt Radyo Haber arac\u0131l\u0131\u011f\u0131yla ise, g\u00fcn\u00fcn geli\u015fen olaylar\u0131n\u0131 dinleyiciye sunuyor. <\/p>\n<p>Bayrak FM, kurulu\u015fundan bu yana destek oldu\u011fu \u00fclke m\u00fczi\u011fi ile ili\u015fkisini ise, 2017 y\u0131l\u0131nda d\u00fczenlemeye ba\u015flad\u0131\u011f\u0131 Bayrak Fm Konser serisi ile daha da geli\u015ftiriyor. Bir yandan \u00fclke m\u00fczi\u011fine destek olan konserler, bir yandan da m\u00fczikseverlere daha yak\u0131n durma amac\u0131n\u0131 ta\u015f\u0131yor.<\/p>\n<p>Bu y\u0131l 30\u2019uncu y\u0131l\u0131n\u0131 kutlaman\u0131n gururunu ya\u015fayan Bayrak FM i\u00e7in, <a href=\"https:\/\/brtk.net\/\">BRT<\/a> yap\u0131mc\u0131l\u0131\u011f\u0131nda belgesel haz\u0131rland\u0131. <\/p>\n<p>Se\u00e7il Baba\u2019n\u0131n y\u00f6netmenli\u011finde, Suphi De\u011fer\u2019in prod\u00fckt\u00f6rl\u00fc\u011f\u00fcnde haz\u0131rlanan belgesel, \u201cBir Bayrak FM Hikayesi\u201d ad\u0131yla yay\u0131nlan\u0131yor. <\/p>\n<p>Belgesel de Bayrak FM, kurulu\u015fundan itibaren radyonun can damar\u0131 olan radyocular\u0131n a\u011fz\u0131ndan anlat\u0131l\u0131yor.<\/p>\n<\/p><\/div>\n<p><script async\n                    defer\n                    crossorigin=\"anonymous\"\n                    src=\"https:\/\/connect.facebook.net\/tr_TR\/sdk.js#xfbml=1&#038;version=v3.3\"\n            ><\/script><\/p>\n","protected":false},"excerpt":{"rendered":"<p>Bayrak Radyo Televizyon Kurumu b\u00fcnyesinde yay\u0131n hayat\u0131na 20 Temmuz 1994 tarihinde ba\u015flayan Bayrak FM, 30\u2019uncu y\u0131l\u0131n\u0131 kutluyor. \u201cKendi sesinize ho\u015f geldiniz\u201d diyerek, \u201cRadyo Keyfi\u201d slogan\u0131yla yola \u00e7\u0131kan Bayrak Fm, ilk g\u00fcnden itibaren kalitesinden \u00f6d\u00fcn vermeden ve her ge\u00e7en g\u00fcn kendini yenileyerek, pop\u00fcler m\u00fczi\u011fin \u00f6nc\u00fcs\u00fc olmaya devam ediyor. 4 ayr\u0131 frekans\u0131yla t\u00fcm K\u0131br\u0131s ve T\u00fcrkiye\u2019nin g\u00fcney<\/p>\n","protected":false},"author":1,"featured_media":50631,"comment_status":"open","ping_status":"open","sticky":false,"template":"","format":"standard","meta":{"footnotes":""},"categories":[1],"tags":[],"class_list":["post-50630","post","type-post","status-publish","format-standard","has-post-thumbnail","hentry","category-gundem"],"yoast_head":"<!-- This site is optimized with the Yoast SEO plugin v27.5 - https:\/\/yoast.com\/product\/yoast-seo-wordpress\/ -->\n<title>Bayrak FM 30 ya\u015f\u0131nda \u2026 Bayrak FM i\u00e7in, BRT yap\u0131mc\u0131l\u0131\u011f\u0131nda \u201cBir Bayrak FM Hikayesi\u201d ad\u0131yla belgesel haz\u0131rland\u0131 -<\/title>\n<meta name=\"robots\" content=\"index, follow, max-snippet:-1, max-image-preview:large, max-video-preview:-1\" \/>\n<link rel=\"canonical\" href=\"https:\/\/kibrisdakik.com\/?p=50630\" \/>\n<meta property=\"og:locale\" content=\"tr_TR\" \/>\n<meta property=\"og:type\" content=\"article\" \/>\n<meta property=\"og:title\" content=\"Bayrak FM 30 ya\u015f\u0131nda \u2026 Bayrak FM i\u00e7in, BRT yap\u0131mc\u0131l\u0131\u011f\u0131nda \u201cBir Bayrak FM Hikayesi\u201d ad\u0131yla belgesel haz\u0131rland\u0131 -\" \/>\n<meta property=\"og:description\" content=\"Bayrak Radyo Televizyon Kurumu b\u00fcnyesinde yay\u0131n hayat\u0131na 20 Temmuz 1994 tarihinde ba\u015flayan Bayrak FM, 30\u2019uncu y\u0131l\u0131n\u0131 kutluyor. \u201cKendi sesinize ho\u015f geldiniz\u201d diyerek, \u201cRadyo Keyfi\u201d slogan\u0131yla yola \u00e7\u0131kan Bayrak Fm, ilk g\u00fcnden itibaren kalitesinden \u00f6d\u00fcn vermeden ve her ge\u00e7en g\u00fcn kendini yenileyerek, pop\u00fcler m\u00fczi\u011fin \u00f6nc\u00fcs\u00fc olmaya devam ediyor. 4 ayr\u0131 frekans\u0131yla t\u00fcm K\u0131br\u0131s ve T\u00fcrkiye\u2019nin g\u00fcney\" \/>\n<meta property=\"og:url\" content=\"https:\/\/kibrisdakik.com\/?p=50630\" \/>\n<meta property=\"article:published_time\" content=\"2024-07-20T01:10:35+00:00\" \/>\n<meta property=\"og:image\" content=\"https:\/\/kibrisdakik.com\/wp-content\/uploads\/2024\/07\/BIR-BAYRAK-FM-HIKAYESI-740x420.jpg\" \/>\n\t<meta property=\"og:image:width\" content=\"1368\" \/>\n\t<meta property=\"og:image:height\" content=\"612\" \/>\n\t<meta property=\"og:image:type\" content=\"image\/jpeg\" \/>\n<meta name=\"author\" content=\"admin\" \/>\n<meta name=\"twitter:card\" content=\"summary_large_image\" \/>\n<meta name=\"twitter:label1\" content=\"Yazan:\" \/>\n\t<meta name=\"twitter:data1\" content=\"admin\" \/>\n\t<meta name=\"twitter:label2\" content=\"Tahmini okuma s\u00fcresi\" \/>\n\t<meta name=\"twitter:data2\" content=\"2 dakika\" \/>\n<script type=\"application\/ld+json\" class=\"yoast-schema-graph\">{\"@context\":\"https:\\\/\\\/schema.org\",\"@graph\":[{\"@type\":\"Article\",\"@id\":\"https:\\\/\\\/kibrisdakik.com\\\/?p=50630#article\",\"isPartOf\":{\"@id\":\"https:\\\/\\\/kibrisdakik.com\\\/?p=50630\"},\"author\":{\"name\":\"admin\",\"@id\":\"https:\\\/\\\/kibrisdakik.com\\\/#\\\/schema\\\/person\\\/9cd9d437bbb44f72b73ba127e06d8e79\"},\"headline\":\"Bayrak FM 30 ya\u015f\u0131nda \u2026 Bayrak FM i\u00e7in, BRT yap\u0131mc\u0131l\u0131\u011f\u0131nda \u201cBir Bayrak FM Hikayesi\u201d ad\u0131yla belgesel haz\u0131rland\u0131\",\"datePublished\":\"2024-07-20T01:10:35+00:00\",\"mainEntityOfPage\":{\"@id\":\"https:\\\/\\\/kibrisdakik.com\\\/?p=50630\"},\"wordCount\":352,\"commentCount\":0,\"image\":{\"@id\":\"https:\\\/\\\/kibrisdakik.com\\\/?p=50630#primaryimage\"},\"thumbnailUrl\":\"https:\\\/\\\/kibrisdakik.com\\\/wp-content\\\/uploads\\\/2024\\\/07\\\/BIR-BAYRAK-FM-HIKAYESI-740x420.jpg\",\"articleSection\":[\"G\u00fcndem\"],\"inLanguage\":\"tr\",\"potentialAction\":[{\"@type\":\"CommentAction\",\"name\":\"Comment\",\"target\":[\"https:\\\/\\\/kibrisdakik.com\\\/?p=50630#respond\"]}]},{\"@type\":\"WebPage\",\"@id\":\"https:\\\/\\\/kibrisdakik.com\\\/?p=50630\",\"url\":\"https:\\\/\\\/kibrisdakik.com\\\/?p=50630\",\"name\":\"Bayrak FM 30 ya\u015f\u0131nda \u2026 Bayrak FM i\u00e7in, BRT yap\u0131mc\u0131l\u0131\u011f\u0131nda \u201cBir Bayrak FM Hikayesi\u201d ad\u0131yla belgesel haz\u0131rland\u0131 -\",\"isPartOf\":{\"@id\":\"https:\\\/\\\/kibrisdakik.com\\\/#website\"},\"primaryImageOfPage\":{\"@id\":\"https:\\\/\\\/kibrisdakik.com\\\/?p=50630#primaryimage\"},\"image\":{\"@id\":\"https:\\\/\\\/kibrisdakik.com\\\/?p=50630#primaryimage\"},\"thumbnailUrl\":\"https:\\\/\\\/kibrisdakik.com\\\/wp-content\\\/uploads\\\/2024\\\/07\\\/BIR-BAYRAK-FM-HIKAYESI-740x420.jpg\",\"datePublished\":\"2024-07-20T01:10:35+00:00\",\"author\":{\"@id\":\"https:\\\/\\\/kibrisdakik.com\\\/#\\\/schema\\\/person\\\/9cd9d437bbb44f72b73ba127e06d8e79\"},\"breadcrumb\":{\"@id\":\"https:\\\/\\\/kibrisdakik.com\\\/?p=50630#breadcrumb\"},\"inLanguage\":\"tr\",\"potentialAction\":[{\"@type\":\"ReadAction\",\"target\":[\"https:\\\/\\\/kibrisdakik.com\\\/?p=50630\"]}]},{\"@type\":\"ImageObject\",\"inLanguage\":\"tr\",\"@id\":\"https:\\\/\\\/kibrisdakik.com\\\/?p=50630#primaryimage\",\"url\":\"https:\\\/\\\/kibrisdakik.com\\\/wp-content\\\/uploads\\\/2024\\\/07\\\/BIR-BAYRAK-FM-HIKAYESI-740x420.jpg\",\"contentUrl\":\"https:\\\/\\\/kibrisdakik.com\\\/wp-content\\\/uploads\\\/2024\\\/07\\\/BIR-BAYRAK-FM-HIKAYESI-740x420.jpg\",\"width\":1368,\"height\":612},{\"@type\":\"BreadcrumbList\",\"@id\":\"https:\\\/\\\/kibrisdakik.com\\\/?p=50630#breadcrumb\",\"itemListElement\":[{\"@type\":\"ListItem\",\"position\":1,\"name\":\"Home\",\"item\":\"https:\\\/\\\/kibrisdakik.com\\\/\"},{\"@type\":\"ListItem\",\"position\":2,\"name\":\"Bayrak FM 30 ya\u015f\u0131nda \u2026 Bayrak FM i\u00e7in, BRT yap\u0131mc\u0131l\u0131\u011f\u0131nda \u201cBir Bayrak FM Hikayesi\u201d ad\u0131yla belgesel haz\u0131rland\u0131\"}]},{\"@type\":\"WebSite\",\"@id\":\"https:\\\/\\\/kibrisdakik.com\\\/#website\",\"url\":\"https:\\\/\\\/kibrisdakik.com\\\/\",\"name\":\"\",\"description\":\"Tam vaktinde haber\",\"potentialAction\":[{\"@type\":\"SearchAction\",\"target\":{\"@type\":\"EntryPoint\",\"urlTemplate\":\"https:\\\/\\\/kibrisdakik.com\\\/?s={search_term_string}\"},\"query-input\":{\"@type\":\"PropertyValueSpecification\",\"valueRequired\":true,\"valueName\":\"search_term_string\"}}],\"inLanguage\":\"tr\"},{\"@type\":\"Person\",\"@id\":\"https:\\\/\\\/kibrisdakik.com\\\/#\\\/schema\\\/person\\\/9cd9d437bbb44f72b73ba127e06d8e79\",\"name\":\"admin\",\"image\":{\"@type\":\"ImageObject\",\"inLanguage\":\"tr\",\"@id\":\"https:\\\/\\\/secure.gravatar.com\\\/avatar\\\/ccc17943b9d660506c869530f897617f7cb1c21a4bf30023f252596d83e1f007?s=96&d=mm&r=g\",\"url\":\"https:\\\/\\\/secure.gravatar.com\\\/avatar\\\/ccc17943b9d660506c869530f897617f7cb1c21a4bf30023f252596d83e1f007?s=96&d=mm&r=g\",\"contentUrl\":\"https:\\\/\\\/secure.gravatar.com\\\/avatar\\\/ccc17943b9d660506c869530f897617f7cb1c21a4bf30023f252596d83e1f007?s=96&d=mm&r=g\",\"caption\":\"admin\"},\"sameAs\":[\"https:\\\/\\\/kibrisdakik.com\"],\"url\":\"https:\\\/\\\/kibrisdakik.com\\\/?author=1\"}]}<\/script>\n<!-- \/ Yoast SEO plugin. -->","yoast_head_json":{"title":"Bayrak FM 30 ya\u015f\u0131nda \u2026 Bayrak FM i\u00e7in, BRT yap\u0131mc\u0131l\u0131\u011f\u0131nda \u201cBir Bayrak FM Hikayesi\u201d ad\u0131yla belgesel haz\u0131rland\u0131 -","robots":{"index":"index","follow":"follow","max-snippet":"max-snippet:-1","max-image-preview":"max-image-preview:large","max-video-preview":"max-video-preview:-1"},"canonical":"https:\/\/kibrisdakik.com\/?p=50630","og_locale":"tr_TR","og_type":"article","og_title":"Bayrak FM 30 ya\u015f\u0131nda \u2026 Bayrak FM i\u00e7in, BRT yap\u0131mc\u0131l\u0131\u011f\u0131nda \u201cBir Bayrak FM Hikayesi\u201d ad\u0131yla belgesel haz\u0131rland\u0131 -","og_description":"Bayrak Radyo Televizyon Kurumu b\u00fcnyesinde yay\u0131n hayat\u0131na 20 Temmuz 1994 tarihinde ba\u015flayan Bayrak FM, 30\u2019uncu y\u0131l\u0131n\u0131 kutluyor. \u201cKendi sesinize ho\u015f geldiniz\u201d diyerek, \u201cRadyo Keyfi\u201d slogan\u0131yla yola \u00e7\u0131kan Bayrak Fm, ilk g\u00fcnden itibaren kalitesinden \u00f6d\u00fcn vermeden ve her ge\u00e7en g\u00fcn kendini yenileyerek, pop\u00fcler m\u00fczi\u011fin \u00f6nc\u00fcs\u00fc olmaya devam ediyor. 4 ayr\u0131 frekans\u0131yla t\u00fcm K\u0131br\u0131s ve T\u00fcrkiye\u2019nin g\u00fcney","og_url":"https:\/\/kibrisdakik.com\/?p=50630","article_published_time":"2024-07-20T01:10:35+00:00","og_image":[{"width":1368,"height":612,"url":"https:\/\/kibrisdakik.com\/wp-content\/uploads\/2024\/07\/BIR-BAYRAK-FM-HIKAYESI-740x420.jpg","type":"image\/jpeg"}],"author":"admin","twitter_card":"summary_large_image","twitter_misc":{"Yazan:":"admin","Tahmini okuma s\u00fcresi":"2 dakika"},"schema":{"@context":"https:\/\/schema.org","@graph":[{"@type":"Article","@id":"https:\/\/kibrisdakik.com\/?p=50630#article","isPartOf":{"@id":"https:\/\/kibrisdakik.com\/?p=50630"},"author":{"name":"admin","@id":"https:\/\/kibrisdakik.com\/#\/schema\/person\/9cd9d437bbb44f72b73ba127e06d8e79"},"headline":"Bayrak FM 30 ya\u015f\u0131nda \u2026 Bayrak FM i\u00e7in, BRT yap\u0131mc\u0131l\u0131\u011f\u0131nda \u201cBir Bayrak FM Hikayesi\u201d ad\u0131yla belgesel haz\u0131rland\u0131","datePublished":"2024-07-20T01:10:35+00:00","mainEntityOfPage":{"@id":"https:\/\/kibrisdakik.com\/?p=50630"},"wordCount":352,"commentCount":0,"image":{"@id":"https:\/\/kibrisdakik.com\/?p=50630#primaryimage"},"thumbnailUrl":"https:\/\/kibrisdakik.com\/wp-content\/uploads\/2024\/07\/BIR-BAYRAK-FM-HIKAYESI-740x420.jpg","articleSection":["G\u00fcndem"],"inLanguage":"tr","potentialAction":[{"@type":"CommentAction","name":"Comment","target":["https:\/\/kibrisdakik.com\/?p=50630#respond"]}]},{"@type":"WebPage","@id":"https:\/\/kibrisdakik.com\/?p=50630","url":"https:\/\/kibrisdakik.com\/?p=50630","name":"Bayrak FM 30 ya\u015f\u0131nda \u2026 Bayrak FM i\u00e7in, BRT yap\u0131mc\u0131l\u0131\u011f\u0131nda \u201cBir Bayrak FM Hikayesi\u201d ad\u0131yla belgesel haz\u0131rland\u0131 -","isPartOf":{"@id":"https:\/\/kibrisdakik.com\/#website"},"primaryImageOfPage":{"@id":"https:\/\/kibrisdakik.com\/?p=50630#primaryimage"},"image":{"@id":"https:\/\/kibrisdakik.com\/?p=50630#primaryimage"},"thumbnailUrl":"https:\/\/kibrisdakik.com\/wp-content\/uploads\/2024\/07\/BIR-BAYRAK-FM-HIKAYESI-740x420.jpg","datePublished":"2024-07-20T01:10:35+00:00","author":{"@id":"https:\/\/kibrisdakik.com\/#\/schema\/person\/9cd9d437bbb44f72b73ba127e06d8e79"},"breadcrumb":{"@id":"https:\/\/kibrisdakik.com\/?p=50630#breadcrumb"},"inLanguage":"tr","potentialAction":[{"@type":"ReadAction","target":["https:\/\/kibrisdakik.com\/?p=50630"]}]},{"@type":"ImageObject","inLanguage":"tr","@id":"https:\/\/kibrisdakik.com\/?p=50630#primaryimage","url":"https:\/\/kibrisdakik.com\/wp-content\/uploads\/2024\/07\/BIR-BAYRAK-FM-HIKAYESI-740x420.jpg","contentUrl":"https:\/\/kibrisdakik.com\/wp-content\/uploads\/2024\/07\/BIR-BAYRAK-FM-HIKAYESI-740x420.jpg","width":1368,"height":612},{"@type":"BreadcrumbList","@id":"https:\/\/kibrisdakik.com\/?p=50630#breadcrumb","itemListElement":[{"@type":"ListItem","position":1,"name":"Home","item":"https:\/\/kibrisdakik.com\/"},{"@type":"ListItem","position":2,"name":"Bayrak FM 30 ya\u015f\u0131nda \u2026 Bayrak FM i\u00e7in, BRT yap\u0131mc\u0131l\u0131\u011f\u0131nda \u201cBir Bayrak FM Hikayesi\u201d ad\u0131yla belgesel haz\u0131rland\u0131"}]},{"@type":"WebSite","@id":"https:\/\/kibrisdakik.com\/#website","url":"https:\/\/kibrisdakik.com\/","name":"","description":"Tam vaktinde haber","potentialAction":[{"@type":"SearchAction","target":{"@type":"EntryPoint","urlTemplate":"https:\/\/kibrisdakik.com\/?s={search_term_string}"},"query-input":{"@type":"PropertyValueSpecification","valueRequired":true,"valueName":"search_term_string"}}],"inLanguage":"tr"},{"@type":"Person","@id":"https:\/\/kibrisdakik.com\/#\/schema\/person\/9cd9d437bbb44f72b73ba127e06d8e79","name":"admin","image":{"@type":"ImageObject","inLanguage":"tr","@id":"https:\/\/secure.gravatar.com\/avatar\/ccc17943b9d660506c869530f897617f7cb1c21a4bf30023f252596d83e1f007?s=96&d=mm&r=g","url":"https:\/\/secure.gravatar.com\/avatar\/ccc17943b9d660506c869530f897617f7cb1c21a4bf30023f252596d83e1f007?s=96&d=mm&r=g","contentUrl":"https:\/\/secure.gravatar.com\/avatar\/ccc17943b9d660506c869530f897617f7cb1c21a4bf30023f252596d83e1f007?s=96&d=mm&r=g","caption":"admin"},"sameAs":["https:\/\/kibrisdakik.com"],"url":"https:\/\/kibrisdakik.com\/?author=1"}]}},"_links":{"self":[{"href":"https:\/\/kibrisdakik.com\/index.php?rest_route=\/wp\/v2\/posts\/50630","targetHints":{"allow":["GET"]}}],"collection":[{"href":"https:\/\/kibrisdakik.com\/index.php?rest_route=\/wp\/v2\/posts"}],"about":[{"href":"https:\/\/kibrisdakik.com\/index.php?rest_route=\/wp\/v2\/types\/post"}],"author":[{"embeddable":true,"href":"https:\/\/kibrisdakik.com\/index.php?rest_route=\/wp\/v2\/users\/1"}],"replies":[{"embeddable":true,"href":"https:\/\/kibrisdakik.com\/index.php?rest_route=%2Fwp%2Fv2%2Fcomments&post=50630"}],"version-history":[{"count":0,"href":"https:\/\/kibrisdakik.com\/index.php?rest_route=\/wp\/v2\/posts\/50630\/revisions"}],"wp:featuredmedia":[{"embeddable":true,"href":"https:\/\/kibrisdakik.com\/index.php?rest_route=\/wp\/v2\/media\/50631"}],"wp:attachment":[{"href":"https:\/\/kibrisdakik.com\/index.php?rest_route=%2Fwp%2Fv2%2Fmedia&parent=50630"}],"wp:term":[{"taxonomy":"category","embeddable":true,"href":"https:\/\/kibrisdakik.com\/index.php?rest_route=%2Fwp%2Fv2%2Fcategories&post=50630"},{"taxonomy":"post_tag","embeddable":true,"href":"https:\/\/kibrisdakik.com\/index.php?rest_route=%2Fwp%2Fv2%2Ftags&post=50630"}],"curies":[{"name":"wp","href":"https:\/\/api.w.org\/{rel}","templated":true}]}}