{"id":50690,"date":"2024-07-20T17:16:55","date_gmt":"2024-07-20T17:16:55","guid":{"rendered":"https:\/\/kibrisdakik.com\/index.php\/2024\/07\/20\/kibris-baris-harekatinin-50-yilina-ozel-girnede-denizde-resmi-gecit-toreni\/"},"modified":"2024-07-20T17:16:55","modified_gmt":"2024-07-20T17:16:55","slug":"kibris-baris-harekatinin-50-yilina-ozel-girnede-denizde-resmi-gecit-toreni","status":"publish","type":"post","link":"https:\/\/kibrisdakik.com\/?p=50690","title":{"rendered":"K\u0131br\u0131s Bar\u0131\u015f Harekat\u0131\u2019n\u0131n 50. y\u0131l\u0131na \u00f6zel Girne\u2019de denizde resmi ge\u00e7it t\u00f6reni"},"content":{"rendered":"<p><\/p>\n<div data-text-id=\"49169\" property=\"articleBody\">\n<p dir=\"ltr\">K\u0131br\u0131s Bar\u0131\u015f Harekat\u0131 ile Bar\u0131\u015f ve \u00d6zg\u00fcrl\u00fck Bayram\u0131\u2019n\u0131n 50. y\u0131l\u0131 kapsam\u0131nda T\u00fcrkiye Milli Savunma Bakanl\u0131\u011f\u0131 ile KKTC makamlar\u0131n\u0131n koordinesinde Girne\u2019de denizde resmi ge\u00e7it t\u00f6reni yap\u0131ld\u0131.<\/p>\n<p dir=\"ltr\">T\u00f6reni, Cumhurba\u015fkan\u0131 Ersin Tatar, Meclis Ba\u015fkan\u0131 Zorlu T\u00f6re, Ba\u015fbakan \u00dcnal \u00dcstel, Y\u00fcksek Mahkeme Ba\u015fkan\u0131 Bertan \u00d6zerda\u011f, T\u00fcrkiye\u2019nin Lefko\u015fa B\u00fcy\u00fckel\u00e7isi Metin Feyzio\u011flu, T\u00fcrkiye Milli Savunma Bakan\u0131 Ya\u015far G\u00fcler, T\u00fcrkiye Deniz Kuvvetleri Komutan\u0131 Oramiral\u00a0Erc\u00fcment Tatl\u0131o\u011flu, Kara Kuvvetleri Komutan\u0131 Orgeneral\u00a0Sel\u00e7uk Bayraktaro\u011flu, Hava Kuvvetleri Komutan\u0131 Orgeneral\u00a0Ziya Cemal Kad\u0131o\u011flu, K\u0131br\u0131s T\u00fcrk Bar\u0131\u015f Kuvvetleri Komutan\u0131 T\u00fcmgeneral Sebahattin K\u0131l\u0131n\u00e7, G\u00fcvenlik Kuvvetleri Komutan\u0131 T\u00fcmgeneral Osman Ayta\u00e7, baz\u0131 bakanlar, milletvekilleri ve \u00e7ok say\u0131da konuk Girne Dome Otel\u2019den izledi.<\/p>\n<p dir=\"ltr\">Girne a\u00e7\u0131klar\u0131ndaki resmi ge\u00e7it t\u00f6reni saat 18.00\u2019da T\u00fcrk Deniz Kuvvetleri Komutanl\u0131\u011f\u0131ndan TGG Anadolu gemisi rehberli\u011finde 50 gemiyle icra edildi. Gemiler, ge\u00e7i\u015f s\u0131ras\u0131nda gemi personeli g\u00fcvertede s\u0131ralanacak &#8220;\u00e7imariva&#8221; selam\u0131nda bulundu.<\/p>\n<p dir=\"ltr\">Ge\u00e7i\u015fte, \u00fc\u00e7 deniz karakol u\u00e7a\u011f\u0131, dokuz helikopter, iki Ak\u0131nc\u0131 \u0130HA ve alt\u0131 F-16 da gemilere e\u015flik etti.<\/p>\n<p dir=\"ltr\">Ge\u00e7i\u015f esnas\u0131nda TGG Anadolu taraf\u0131ndan 21 pare top at\u0131\u015f\u0131 da yap\u0131ld\u0131.<\/p>\n<p dir=\"ltr\">Ard\u0131ndan T\u00fcrk Hava Kuvvetlerinin akrobasi timi T\u00fcrk Y\u0131ld\u0131zlar\u0131 Girne semalar\u0131nda g\u00f6steri u\u00e7u\u015fu yap\u0131p, bayra\u011f\u0131n renklerini g\u00f6ky\u00fcz\u00fcne ta\u015f\u0131d\u0131.<\/p>\n<div class=\"post-flash\">\n        <!--\n\n<h3 class=\"post-flash__title\">G&ouml;zden ka&ccedil;&#305;rmay&#305;n<\/h3>\n\n--><br \/>\n                <a href=\"https:\/\/www.kibristurk.com\/turk-savunma-sanayisi-urunleri-lefkosada-sergileniyor\" class=\"post-flash__content\" target=\"_self\" title=\"T\u00fcrk savunma sanayisi \u00fcr\u00fcnleri Lefko\u015fa'da sergileniyor\" style=\"background-color: #A61C1E\" rel=\"noopener\"><br \/>\n            <img loading=\"lazy\" decoding=\"async\" src=\"https:\/\/kibristurkcom.teimg.com\/crop\/250x150\/kibristurk-com\/uploads\/2024\/07\/kirmizi-modern-kultur-ve-sanat-haber-manseti-youtube-kucuk-resmi-2024-07-20t142600641.png\" alt=\"T\u00fcrk savunma sanayisi \u00fcr\u00fcnleri Lefko\u015fa'da sergileniyor\" width=\"231\" height=\"140\" class=\"content-paragraph-image\"\/><br \/>\n            <span class=\"post-flash__heading\"><br \/>\n                <span class=\"post-flash__h4\">T\u00fcrk savunma sanayisi \u00fcr\u00fcnleri Lefko\u015fa&#8217;da sergileniyor<\/span><br \/>\n            <\/span><br \/>\n        <\/a>\n            <\/div>\n<p dir=\"ltr\">T\u00fcrk Y\u0131ld\u0131zlar\u0131n\u0131n u\u00e7u\u015f g\u00f6sterisi ve gemilerin ge\u00e7it t\u00f6renini ellerinde KKTC ve T\u00fcrk bayraklar\u0131yla Girne Antik Liman\u0131&#8217;n\u0131 dolduran \u00e7ok say\u0131da vatanda\u015f da izleyip, o anlar\u0131 cep telefonlar\u0131yla g\u00f6r\u00fcnt\u00fcledi.<\/p>\n<\/p><\/div>\n","protected":false},"excerpt":{"rendered":"<p>K\u0131br\u0131s Bar\u0131\u015f Harekat\u0131 ile Bar\u0131\u015f ve \u00d6zg\u00fcrl\u00fck Bayram\u0131\u2019n\u0131n 50. y\u0131l\u0131 kapsam\u0131nda T\u00fcrkiye Milli Savunma Bakanl\u0131\u011f\u0131 ile KKTC makamlar\u0131n\u0131n koordinesinde Girne\u2019de denizde resmi ge\u00e7it t\u00f6reni yap\u0131ld\u0131. T\u00f6reni, Cumhurba\u015fkan\u0131 Ersin Tatar, Meclis Ba\u015fkan\u0131 Zorlu T\u00f6re, Ba\u015fbakan \u00dcnal \u00dcstel, Y\u00fcksek Mahkeme Ba\u015fkan\u0131 Bertan \u00d6zerda\u011f, T\u00fcrkiye\u2019nin Lefko\u015fa B\u00fcy\u00fckel\u00e7isi Metin Feyzio\u011flu, T\u00fcrkiye Milli Savunma Bakan\u0131 Ya\u015far G\u00fcler, T\u00fcrkiye Deniz Kuvvetleri<\/p>\n","protected":false},"author":1,"featured_media":50691,"comment_status":"open","ping_status":"open","sticky":false,"template":"","format":"standard","meta":{"footnotes":""},"categories":[85],"tags":[],"class_list":["post-50690","post","type-post","status-publish","format-standard","has-post-thumbnail","hentry","category-spor"],"yoast_head":"<!-- This site is optimized with the Yoast SEO plugin v27.4 - https:\/\/yoast.com\/product\/yoast-seo-wordpress\/ -->\n<title>K\u0131br\u0131s Bar\u0131\u015f Harekat\u0131\u2019n\u0131n 50. y\u0131l\u0131na \u00f6zel Girne\u2019de denizde resmi ge\u00e7it t\u00f6reni -<\/title>\n<meta name=\"robots\" content=\"index, follow, max-snippet:-1, max-image-preview:large, max-video-preview:-1\" \/>\n<link rel=\"canonical\" href=\"https:\/\/kibrisdakik.com\/?p=50690\" \/>\n<meta property=\"og:locale\" content=\"tr_TR\" \/>\n<meta property=\"og:type\" content=\"article\" \/>\n<meta property=\"og:title\" content=\"K\u0131br\u0131s Bar\u0131\u015f Harekat\u0131\u2019n\u0131n 50. y\u0131l\u0131na \u00f6zel Girne\u2019de denizde resmi ge\u00e7it t\u00f6reni -\" \/>\n<meta property=\"og:description\" content=\"K\u0131br\u0131s Bar\u0131\u015f Harekat\u0131 ile Bar\u0131\u015f ve \u00d6zg\u00fcrl\u00fck Bayram\u0131\u2019n\u0131n 50. y\u0131l\u0131 kapsam\u0131nda T\u00fcrkiye Milli Savunma Bakanl\u0131\u011f\u0131 ile KKTC makamlar\u0131n\u0131n koordinesinde Girne\u2019de denizde resmi ge\u00e7it t\u00f6reni yap\u0131ld\u0131. T\u00f6reni, Cumhurba\u015fkan\u0131 Ersin Tatar, Meclis Ba\u015fkan\u0131 Zorlu T\u00f6re, Ba\u015fbakan \u00dcnal \u00dcstel, Y\u00fcksek Mahkeme Ba\u015fkan\u0131 Bertan \u00d6zerda\u011f, T\u00fcrkiye\u2019nin Lefko\u015fa B\u00fcy\u00fckel\u00e7isi Metin Feyzio\u011flu, T\u00fcrkiye Milli Savunma Bakan\u0131 Ya\u015far G\u00fcler, T\u00fcrkiye Deniz Kuvvetleri\" \/>\n<meta property=\"og:url\" content=\"https:\/\/kibrisdakik.com\/?p=50690\" \/>\n<meta property=\"article:published_time\" content=\"2024-07-20T17:16:55+00:00\" \/>\n<meta property=\"og:image\" content=\"https:\/\/kibrisdakik.com\/wp-content\/uploads\/2024\/07\/kirmizi-modern-kultur-ve-sanat-haber-manseti-youtube-kucuk-resmi-2024-07-20t200609056-740x420.png\" \/>\n\t<meta property=\"og:image:width\" content=\"1280\" \/>\n\t<meta property=\"og:image:height\" content=\"720\" \/>\n\t<meta property=\"og:image:type\" content=\"image\/png\" \/>\n<meta name=\"author\" content=\"admin\" \/>\n<meta name=\"twitter:card\" content=\"summary_large_image\" \/>\n<meta name=\"twitter:label1\" content=\"Yazan:\" \/>\n\t<meta name=\"twitter:data1\" content=\"admin\" \/>\n\t<meta name=\"twitter:label2\" content=\"Tahmini okuma s\u00fcresi\" \/>\n\t<meta name=\"twitter:data2\" content=\"2 dakika\" \/>\n<script type=\"application\/ld+json\" class=\"yoast-schema-graph\">{\"@context\":\"https:\\\/\\\/schema.org\",\"@graph\":[{\"@type\":\"Article\",\"@id\":\"https:\\\/\\\/kibrisdakik.com\\\/?p=50690#article\",\"isPartOf\":{\"@id\":\"https:\\\/\\\/kibrisdakik.com\\\/?p=50690\"},\"author\":{\"name\":\"admin\",\"@id\":\"https:\\\/\\\/kibrisdakik.com\\\/#\\\/schema\\\/person\\\/9cd9d437bbb44f72b73ba127e06d8e79\"},\"headline\":\"K\u0131br\u0131s Bar\u0131\u015f Harekat\u0131\u2019n\u0131n 50. y\u0131l\u0131na \u00f6zel Girne\u2019de denizde resmi ge\u00e7it t\u00f6reni\",\"datePublished\":\"2024-07-20T17:16:55+00:00\",\"mainEntityOfPage\":{\"@id\":\"https:\\\/\\\/kibrisdakik.com\\\/?p=50690\"},\"wordCount\":326,\"commentCount\":0,\"image\":{\"@id\":\"https:\\\/\\\/kibrisdakik.com\\\/?p=50690#primaryimage\"},\"thumbnailUrl\":\"https:\\\/\\\/kibrisdakik.com\\\/wp-content\\\/uploads\\\/2024\\\/07\\\/kirmizi-modern-kultur-ve-sanat-haber-manseti-youtube-kucuk-resmi-2024-07-20t200609056-740x420.png\",\"articleSection\":[\"Spor\"],\"inLanguage\":\"tr\",\"potentialAction\":[{\"@type\":\"CommentAction\",\"name\":\"Comment\",\"target\":[\"https:\\\/\\\/kibrisdakik.com\\\/?p=50690#respond\"]}]},{\"@type\":\"WebPage\",\"@id\":\"https:\\\/\\\/kibrisdakik.com\\\/?p=50690\",\"url\":\"https:\\\/\\\/kibrisdakik.com\\\/?p=50690\",\"name\":\"K\u0131br\u0131s Bar\u0131\u015f Harekat\u0131\u2019n\u0131n 50. y\u0131l\u0131na \u00f6zel Girne\u2019de denizde resmi ge\u00e7it t\u00f6reni -\",\"isPartOf\":{\"@id\":\"https:\\\/\\\/kibrisdakik.com\\\/#website\"},\"primaryImageOfPage\":{\"@id\":\"https:\\\/\\\/kibrisdakik.com\\\/?p=50690#primaryimage\"},\"image\":{\"@id\":\"https:\\\/\\\/kibrisdakik.com\\\/?p=50690#primaryimage\"},\"thumbnailUrl\":\"https:\\\/\\\/kibrisdakik.com\\\/wp-content\\\/uploads\\\/2024\\\/07\\\/kirmizi-modern-kultur-ve-sanat-haber-manseti-youtube-kucuk-resmi-2024-07-20t200609056-740x420.png\",\"datePublished\":\"2024-07-20T17:16:55+00:00\",\"author\":{\"@id\":\"https:\\\/\\\/kibrisdakik.com\\\/#\\\/schema\\\/person\\\/9cd9d437bbb44f72b73ba127e06d8e79\"},\"breadcrumb\":{\"@id\":\"https:\\\/\\\/kibrisdakik.com\\\/?p=50690#breadcrumb\"},\"inLanguage\":\"tr\",\"potentialAction\":[{\"@type\":\"ReadAction\",\"target\":[\"https:\\\/\\\/kibrisdakik.com\\\/?p=50690\"]}]},{\"@type\":\"ImageObject\",\"inLanguage\":\"tr\",\"@id\":\"https:\\\/\\\/kibrisdakik.com\\\/?p=50690#primaryimage\",\"url\":\"https:\\\/\\\/kibrisdakik.com\\\/wp-content\\\/uploads\\\/2024\\\/07\\\/kirmizi-modern-kultur-ve-sanat-haber-manseti-youtube-kucuk-resmi-2024-07-20t200609056-740x420.png\",\"contentUrl\":\"https:\\\/\\\/kibrisdakik.com\\\/wp-content\\\/uploads\\\/2024\\\/07\\\/kirmizi-modern-kultur-ve-sanat-haber-manseti-youtube-kucuk-resmi-2024-07-20t200609056-740x420.png\",\"width\":1280,\"height\":720},{\"@type\":\"BreadcrumbList\",\"@id\":\"https:\\\/\\\/kibrisdakik.com\\\/?p=50690#breadcrumb\",\"itemListElement\":[{\"@type\":\"ListItem\",\"position\":1,\"name\":\"Home\",\"item\":\"https:\\\/\\\/kibrisdakik.com\\\/\"},{\"@type\":\"ListItem\",\"position\":2,\"name\":\"K\u0131br\u0131s Bar\u0131\u015f Harekat\u0131\u2019n\u0131n 50. y\u0131l\u0131na \u00f6zel Girne\u2019de denizde resmi ge\u00e7it t\u00f6reni\"}]},{\"@type\":\"WebSite\",\"@id\":\"https:\\\/\\\/kibrisdakik.com\\\/#website\",\"url\":\"https:\\\/\\\/kibrisdakik.com\\\/\",\"name\":\"\",\"description\":\"Tam vaktinde haber\",\"potentialAction\":[{\"@type\":\"SearchAction\",\"target\":{\"@type\":\"EntryPoint\",\"urlTemplate\":\"https:\\\/\\\/kibrisdakik.com\\\/?s={search_term_string}\"},\"query-input\":{\"@type\":\"PropertyValueSpecification\",\"valueRequired\":true,\"valueName\":\"search_term_string\"}}],\"inLanguage\":\"tr\"},{\"@type\":\"Person\",\"@id\":\"https:\\\/\\\/kibrisdakik.com\\\/#\\\/schema\\\/person\\\/9cd9d437bbb44f72b73ba127e06d8e79\",\"name\":\"admin\",\"image\":{\"@type\":\"ImageObject\",\"inLanguage\":\"tr\",\"@id\":\"https:\\\/\\\/secure.gravatar.com\\\/avatar\\\/ccc17943b9d660506c869530f897617f7cb1c21a4bf30023f252596d83e1f007?s=96&d=mm&r=g\",\"url\":\"https:\\\/\\\/secure.gravatar.com\\\/avatar\\\/ccc17943b9d660506c869530f897617f7cb1c21a4bf30023f252596d83e1f007?s=96&d=mm&r=g\",\"contentUrl\":\"https:\\\/\\\/secure.gravatar.com\\\/avatar\\\/ccc17943b9d660506c869530f897617f7cb1c21a4bf30023f252596d83e1f007?s=96&d=mm&r=g\",\"caption\":\"admin\"},\"sameAs\":[\"https:\\\/\\\/kibrisdakik.com\"],\"url\":\"https:\\\/\\\/kibrisdakik.com\\\/?author=1\"}]}<\/script>\n<!-- \/ Yoast SEO plugin. -->","yoast_head_json":{"title":"K\u0131br\u0131s Bar\u0131\u015f Harekat\u0131\u2019n\u0131n 50. y\u0131l\u0131na \u00f6zel Girne\u2019de denizde resmi ge\u00e7it t\u00f6reni -","robots":{"index":"index","follow":"follow","max-snippet":"max-snippet:-1","max-image-preview":"max-image-preview:large","max-video-preview":"max-video-preview:-1"},"canonical":"https:\/\/kibrisdakik.com\/?p=50690","og_locale":"tr_TR","og_type":"article","og_title":"K\u0131br\u0131s Bar\u0131\u015f Harekat\u0131\u2019n\u0131n 50. y\u0131l\u0131na \u00f6zel Girne\u2019de denizde resmi ge\u00e7it t\u00f6reni -","og_description":"K\u0131br\u0131s Bar\u0131\u015f Harekat\u0131 ile Bar\u0131\u015f ve \u00d6zg\u00fcrl\u00fck Bayram\u0131\u2019n\u0131n 50. y\u0131l\u0131 kapsam\u0131nda T\u00fcrkiye Milli Savunma Bakanl\u0131\u011f\u0131 ile KKTC makamlar\u0131n\u0131n koordinesinde Girne\u2019de denizde resmi ge\u00e7it t\u00f6reni yap\u0131ld\u0131. T\u00f6reni, Cumhurba\u015fkan\u0131 Ersin Tatar, Meclis Ba\u015fkan\u0131 Zorlu T\u00f6re, Ba\u015fbakan \u00dcnal \u00dcstel, Y\u00fcksek Mahkeme Ba\u015fkan\u0131 Bertan \u00d6zerda\u011f, T\u00fcrkiye\u2019nin Lefko\u015fa B\u00fcy\u00fckel\u00e7isi Metin Feyzio\u011flu, T\u00fcrkiye Milli Savunma Bakan\u0131 Ya\u015far G\u00fcler, T\u00fcrkiye Deniz Kuvvetleri","og_url":"https:\/\/kibrisdakik.com\/?p=50690","article_published_time":"2024-07-20T17:16:55+00:00","og_image":[{"width":1280,"height":720,"url":"https:\/\/kibrisdakik.com\/wp-content\/uploads\/2024\/07\/kirmizi-modern-kultur-ve-sanat-haber-manseti-youtube-kucuk-resmi-2024-07-20t200609056-740x420.png","type":"image\/png"}],"author":"admin","twitter_card":"summary_large_image","twitter_misc":{"Yazan:":"admin","Tahmini okuma s\u00fcresi":"2 dakika"},"schema":{"@context":"https:\/\/schema.org","@graph":[{"@type":"Article","@id":"https:\/\/kibrisdakik.com\/?p=50690#article","isPartOf":{"@id":"https:\/\/kibrisdakik.com\/?p=50690"},"author":{"name":"admin","@id":"https:\/\/kibrisdakik.com\/#\/schema\/person\/9cd9d437bbb44f72b73ba127e06d8e79"},"headline":"K\u0131br\u0131s Bar\u0131\u015f Harekat\u0131\u2019n\u0131n 50. y\u0131l\u0131na \u00f6zel Girne\u2019de denizde resmi ge\u00e7it t\u00f6reni","datePublished":"2024-07-20T17:16:55+00:00","mainEntityOfPage":{"@id":"https:\/\/kibrisdakik.com\/?p=50690"},"wordCount":326,"commentCount":0,"image":{"@id":"https:\/\/kibrisdakik.com\/?p=50690#primaryimage"},"thumbnailUrl":"https:\/\/kibrisdakik.com\/wp-content\/uploads\/2024\/07\/kirmizi-modern-kultur-ve-sanat-haber-manseti-youtube-kucuk-resmi-2024-07-20t200609056-740x420.png","articleSection":["Spor"],"inLanguage":"tr","potentialAction":[{"@type":"CommentAction","name":"Comment","target":["https:\/\/kibrisdakik.com\/?p=50690#respond"]}]},{"@type":"WebPage","@id":"https:\/\/kibrisdakik.com\/?p=50690","url":"https:\/\/kibrisdakik.com\/?p=50690","name":"K\u0131br\u0131s Bar\u0131\u015f Harekat\u0131\u2019n\u0131n 50. y\u0131l\u0131na \u00f6zel Girne\u2019de denizde resmi ge\u00e7it t\u00f6reni -","isPartOf":{"@id":"https:\/\/kibrisdakik.com\/#website"},"primaryImageOfPage":{"@id":"https:\/\/kibrisdakik.com\/?p=50690#primaryimage"},"image":{"@id":"https:\/\/kibrisdakik.com\/?p=50690#primaryimage"},"thumbnailUrl":"https:\/\/kibrisdakik.com\/wp-content\/uploads\/2024\/07\/kirmizi-modern-kultur-ve-sanat-haber-manseti-youtube-kucuk-resmi-2024-07-20t200609056-740x420.png","datePublished":"2024-07-20T17:16:55+00:00","author":{"@id":"https:\/\/kibrisdakik.com\/#\/schema\/person\/9cd9d437bbb44f72b73ba127e06d8e79"},"breadcrumb":{"@id":"https:\/\/kibrisdakik.com\/?p=50690#breadcrumb"},"inLanguage":"tr","potentialAction":[{"@type":"ReadAction","target":["https:\/\/kibrisdakik.com\/?p=50690"]}]},{"@type":"ImageObject","inLanguage":"tr","@id":"https:\/\/kibrisdakik.com\/?p=50690#primaryimage","url":"https:\/\/kibrisdakik.com\/wp-content\/uploads\/2024\/07\/kirmizi-modern-kultur-ve-sanat-haber-manseti-youtube-kucuk-resmi-2024-07-20t200609056-740x420.png","contentUrl":"https:\/\/kibrisdakik.com\/wp-content\/uploads\/2024\/07\/kirmizi-modern-kultur-ve-sanat-haber-manseti-youtube-kucuk-resmi-2024-07-20t200609056-740x420.png","width":1280,"height":720},{"@type":"BreadcrumbList","@id":"https:\/\/kibrisdakik.com\/?p=50690#breadcrumb","itemListElement":[{"@type":"ListItem","position":1,"name":"Home","item":"https:\/\/kibrisdakik.com\/"},{"@type":"ListItem","position":2,"name":"K\u0131br\u0131s Bar\u0131\u015f Harekat\u0131\u2019n\u0131n 50. y\u0131l\u0131na \u00f6zel Girne\u2019de denizde resmi ge\u00e7it t\u00f6reni"}]},{"@type":"WebSite","@id":"https:\/\/kibrisdakik.com\/#website","url":"https:\/\/kibrisdakik.com\/","name":"","description":"Tam vaktinde haber","potentialAction":[{"@type":"SearchAction","target":{"@type":"EntryPoint","urlTemplate":"https:\/\/kibrisdakik.com\/?s={search_term_string}"},"query-input":{"@type":"PropertyValueSpecification","valueRequired":true,"valueName":"search_term_string"}}],"inLanguage":"tr"},{"@type":"Person","@id":"https:\/\/kibrisdakik.com\/#\/schema\/person\/9cd9d437bbb44f72b73ba127e06d8e79","name":"admin","image":{"@type":"ImageObject","inLanguage":"tr","@id":"https:\/\/secure.gravatar.com\/avatar\/ccc17943b9d660506c869530f897617f7cb1c21a4bf30023f252596d83e1f007?s=96&d=mm&r=g","url":"https:\/\/secure.gravatar.com\/avatar\/ccc17943b9d660506c869530f897617f7cb1c21a4bf30023f252596d83e1f007?s=96&d=mm&r=g","contentUrl":"https:\/\/secure.gravatar.com\/avatar\/ccc17943b9d660506c869530f897617f7cb1c21a4bf30023f252596d83e1f007?s=96&d=mm&r=g","caption":"admin"},"sameAs":["https:\/\/kibrisdakik.com"],"url":"https:\/\/kibrisdakik.com\/?author=1"}]}},"_links":{"self":[{"href":"https:\/\/kibrisdakik.com\/index.php?rest_route=\/wp\/v2\/posts\/50690","targetHints":{"allow":["GET"]}}],"collection":[{"href":"https:\/\/kibrisdakik.com\/index.php?rest_route=\/wp\/v2\/posts"}],"about":[{"href":"https:\/\/kibrisdakik.com\/index.php?rest_route=\/wp\/v2\/types\/post"}],"author":[{"embeddable":true,"href":"https:\/\/kibrisdakik.com\/index.php?rest_route=\/wp\/v2\/users\/1"}],"replies":[{"embeddable":true,"href":"https:\/\/kibrisdakik.com\/index.php?rest_route=%2Fwp%2Fv2%2Fcomments&post=50690"}],"version-history":[{"count":0,"href":"https:\/\/kibrisdakik.com\/index.php?rest_route=\/wp\/v2\/posts\/50690\/revisions"}],"wp:featuredmedia":[{"embeddable":true,"href":"https:\/\/kibrisdakik.com\/index.php?rest_route=\/wp\/v2\/media\/50691"}],"wp:attachment":[{"href":"https:\/\/kibrisdakik.com\/index.php?rest_route=%2Fwp%2Fv2%2Fmedia&parent=50690"}],"wp:term":[{"taxonomy":"category","embeddable":true,"href":"https:\/\/kibrisdakik.com\/index.php?rest_route=%2Fwp%2Fv2%2Fcategories&post=50690"},{"taxonomy":"post_tag","embeddable":true,"href":"https:\/\/kibrisdakik.com\/index.php?rest_route=%2Fwp%2Fv2%2Ftags&post=50690"}],"curies":[{"name":"wp","href":"https:\/\/api.w.org\/{rel}","templated":true}]}}