{"id":5077,"date":"2023-04-13T13:15:03","date_gmt":"2023-04-13T13:15:03","guid":{"rendered":"https:\/\/kibrisdakik.com\/index.php\/2023\/04\/13\/kib-tek-calisanlari-teminata-baglanarak-serbest-birakildi\/"},"modified":"2023-04-13T13:15:03","modified_gmt":"2023-04-13T13:15:03","slug":"kib-tek-calisanlari-teminata-baglanarak-serbest-birakildi","status":"publish","type":"post","link":"https:\/\/kibrisdakik.com\/?p=5077","title":{"rendered":"K\u0131b-Tek \u00e7al\u0131\u015fanlar\u0131 teminata ba\u011flanarak serbest b\u0131rak\u0131ld\u0131"},"content":{"rendered":"<p><\/p>\n<div>\n<div class=\"mariselle-image-container center\">\n                <img width=\"2560\" height=\"1438\" class=\"lazy-image\" alt=\"\" decoding=\"async\" loading=\"lazy\" sizes=\"auto, (max-width: 2560px) 100vw, 2560px\" src=\"https:\/\/brtk.net\/wp-content\/uploads\/2023\/04\/13\/ghftgh-scaled.jpg?ver=5cf7894e8481422fc84af6a8e562f6be\" srcset=\"https:\/\/brtk.net\/wp-content\/uploads\/2023\/04\/13\/ghftgh-scaled.jpg?ver=5cf7894e8481422fc84af6a8e562f6be 2560w, https:\/\/brtk.net\/wp-content\/uploads\/2023\/04\/13\/ghftgh-300x169.jpg?ver=5cf7894e8481422fc84af6a8e562f6be 300w, https:\/\/brtk.net\/wp-content\/uploads\/2023\/04\/13\/ghftgh-1024x575.jpg?ver=849a0b94eece505350ccf86c79b0701b 1024w, https:\/\/brtk.net\/wp-content\/uploads\/2023\/04\/13\/ghftgh-768x431.jpg?ver=849a0b94eece505350ccf86c79b0701b 768w, https:\/\/brtk.net\/wp-content\/uploads\/2023\/04\/13\/ghftgh-1536x863.jpg?ver=c07399a279d8f1ed58d10a202ce9c7f3 1536w, https:\/\/brtk.net\/wp-content\/uploads\/2023\/04\/13\/ghftgh-2048x1150.jpg?ver=d3b3430803ae075fe11d7ff589132a73 2048w\"\/>                            <\/div>\n<p>Gazima\u011fusa\u2019daki K\u0131br\u0131s T\u00fcrk Elektrik Kurumu\u2019na ait trafo odalar\u0131na yetkisi olmad\u0131\u011f\u0131 halde girerek, elektrik ak\u0131mlar\u0131n\u0131 kesti\u011fi tespit edilen 2 ki\u015fi tutukland\u0131.<\/p>\n<p>Polis Bas\u0131n Subayl\u0131\u011f\u0131\u2019ndan yap\u0131lan a\u00e7\u0131klamada, KIB-TEK\u2019e ait 7 ayr\u0131 trafo odas\u0131na girilerek yetkisi olmad\u0131\u011f\u0131 halde, elektrik ak\u0131mlar\u0131n\u0131n kesilmesi olay\u0131 ile ilgili olarak y\u00fcr\u00fct\u00fclen polis soru\u015fturmas\u0131 kapsam\u0131nda, meselede zanl\u0131 olarak g\u00f6r\u00fclen 50 ya\u015f\u0131ndaki bir ki\u015finin yan\u0131 s\u0131ra 40 ya\u015f\u0131ndaki bir ki\u015finin daha tespit edilerek tutukland\u0131\u011f\u0131 belirtildi. <\/p>\n<p>Gazima\u011fusa\u2019da mahkemeye \u00e7\u0131kart\u0131lan zanl\u0131lar B.G ile M.L be\u015fer bin TL maddi teminat, <a href=\"https:\/\/brtk.net\/\">KKTC<\/a> vatanda\u015f\u0131 bir kefil ve y\u00fczer bin TL\u2019lik \u015fahsi kefalet senedi imzalamak ko\u015fulu ile tutuksuz yarg\u0131lanmak \u00fczere serbest b\u0131rak\u0131ld\u0131. <\/p>\n<p><a href=\"https:\/\/brtk.net\/\">BRT<\/a><\/p>\n<\/p><\/div>\n<p><script async\n                    defer\n                    crossorigin=\"anonymous\"\n                    src=\"https:\/\/connect.facebook.net\/tr_TR\/sdk.js#xfbml=1&#038;version=v3.3\"\n            ><\/script><\/p>\n","protected":false},"excerpt":{"rendered":"<p>Gazima\u011fusa\u2019daki K\u0131br\u0131s T\u00fcrk Elektrik Kurumu\u2019na ait trafo odalar\u0131na yetkisi olmad\u0131\u011f\u0131 halde girerek, elektrik ak\u0131mlar\u0131n\u0131 kesti\u011fi tespit edilen 2 ki\u015fi tutukland\u0131. Polis Bas\u0131n Subayl\u0131\u011f\u0131\u2019ndan yap\u0131lan a\u00e7\u0131klamada, KIB-TEK\u2019e ait 7 ayr\u0131 trafo odas\u0131na girilerek yetkisi olmad\u0131\u011f\u0131 halde, elektrik ak\u0131mlar\u0131n\u0131n kesilmesi olay\u0131 ile ilgili olarak y\u00fcr\u00fct\u00fclen polis soru\u015fturmas\u0131 kapsam\u0131nda, meselede zanl\u0131 olarak g\u00f6r\u00fclen 50 ya\u015f\u0131ndaki bir ki\u015finin yan\u0131<\/p>\n","protected":false},"author":1,"featured_media":5078,"comment_status":"open","ping_status":"open","sticky":false,"template":"","format":"standard","meta":{"footnotes":""},"categories":[1],"tags":[],"class_list":["post-5077","post","type-post","status-publish","format-standard","has-post-thumbnail","hentry","category-gundem"],"yoast_head":"<!-- This site is optimized with the Yoast SEO plugin v27.5 - https:\/\/yoast.com\/product\/yoast-seo-wordpress\/ -->\n<title>K\u0131b-Tek \u00e7al\u0131\u015fanlar\u0131 teminata ba\u011flanarak serbest b\u0131rak\u0131ld\u0131 -<\/title>\n<meta name=\"robots\" content=\"index, follow, max-snippet:-1, max-image-preview:large, max-video-preview:-1\" \/>\n<link rel=\"canonical\" href=\"https:\/\/kibrisdakik.com\/?p=5077\" \/>\n<meta property=\"og:locale\" content=\"tr_TR\" \/>\n<meta property=\"og:type\" content=\"article\" \/>\n<meta property=\"og:title\" content=\"K\u0131b-Tek \u00e7al\u0131\u015fanlar\u0131 teminata ba\u011flanarak serbest b\u0131rak\u0131ld\u0131 -\" \/>\n<meta property=\"og:description\" content=\"Gazima\u011fusa\u2019daki K\u0131br\u0131s T\u00fcrk Elektrik Kurumu\u2019na ait trafo odalar\u0131na yetkisi olmad\u0131\u011f\u0131 halde girerek, elektrik ak\u0131mlar\u0131n\u0131 kesti\u011fi tespit edilen 2 ki\u015fi tutukland\u0131. Polis Bas\u0131n Subayl\u0131\u011f\u0131\u2019ndan yap\u0131lan a\u00e7\u0131klamada, KIB-TEK\u2019e ait 7 ayr\u0131 trafo odas\u0131na girilerek yetkisi olmad\u0131\u011f\u0131 halde, elektrik ak\u0131mlar\u0131n\u0131n kesilmesi olay\u0131 ile ilgili olarak y\u00fcr\u00fct\u00fclen polis soru\u015fturmas\u0131 kapsam\u0131nda, meselede zanl\u0131 olarak g\u00f6r\u00fclen 50 ya\u015f\u0131ndaki bir ki\u015finin yan\u0131\" \/>\n<meta property=\"og:url\" content=\"https:\/\/kibrisdakik.com\/?p=5077\" \/>\n<meta property=\"article:published_time\" content=\"2023-04-13T13:15:03+00:00\" \/>\n<meta property=\"og:image\" content=\"https:\/\/kibrisdakik.com\/wp-content\/uploads\/2023\/04\/ghftgh-scaled-740x420.jpg\" \/>\n\t<meta property=\"og:image:width\" content=\"2560\" \/>\n\t<meta property=\"og:image:height\" content=\"1438\" \/>\n\t<meta property=\"og:image:type\" content=\"image\/jpeg\" \/>\n<meta name=\"author\" content=\"admin\" \/>\n<meta name=\"twitter:card\" content=\"summary_large_image\" \/>\n<meta name=\"twitter:label1\" content=\"Yazan:\" \/>\n\t<meta name=\"twitter:data1\" content=\"admin\" \/>\n\t<meta name=\"twitter:label2\" content=\"Tahmini okuma s\u00fcresi\" \/>\n\t<meta name=\"twitter:data2\" content=\"1 dakika\" \/>\n<script type=\"application\/ld+json\" class=\"yoast-schema-graph\">{\"@context\":\"https:\\\/\\\/schema.org\",\"@graph\":[{\"@type\":\"Article\",\"@id\":\"https:\\\/\\\/kibrisdakik.com\\\/?p=5077#article\",\"isPartOf\":{\"@id\":\"https:\\\/\\\/kibrisdakik.com\\\/?p=5077\"},\"author\":{\"name\":\"admin\",\"@id\":\"https:\\\/\\\/kibrisdakik.com\\\/#\\\/schema\\\/person\\\/9cd9d437bbb44f72b73ba127e06d8e79\"},\"headline\":\"K\u0131b-Tek \u00e7al\u0131\u015fanlar\u0131 teminata ba\u011flanarak serbest b\u0131rak\u0131ld\u0131\",\"datePublished\":\"2023-04-13T13:15:03+00:00\",\"mainEntityOfPage\":{\"@id\":\"https:\\\/\\\/kibrisdakik.com\\\/?p=5077\"},\"wordCount\":149,\"commentCount\":0,\"image\":{\"@id\":\"https:\\\/\\\/kibrisdakik.com\\\/?p=5077#primaryimage\"},\"thumbnailUrl\":\"https:\\\/\\\/kibrisdakik.com\\\/wp-content\\\/uploads\\\/2023\\\/04\\\/ghftgh-scaled-740x420.jpg\",\"articleSection\":[\"G\u00fcndem\"],\"inLanguage\":\"tr\",\"potentialAction\":[{\"@type\":\"CommentAction\",\"name\":\"Comment\",\"target\":[\"https:\\\/\\\/kibrisdakik.com\\\/?p=5077#respond\"]}]},{\"@type\":\"WebPage\",\"@id\":\"https:\\\/\\\/kibrisdakik.com\\\/?p=5077\",\"url\":\"https:\\\/\\\/kibrisdakik.com\\\/?p=5077\",\"name\":\"K\u0131b-Tek \u00e7al\u0131\u015fanlar\u0131 teminata ba\u011flanarak serbest b\u0131rak\u0131ld\u0131 -\",\"isPartOf\":{\"@id\":\"https:\\\/\\\/kibrisdakik.com\\\/#website\"},\"primaryImageOfPage\":{\"@id\":\"https:\\\/\\\/kibrisdakik.com\\\/?p=5077#primaryimage\"},\"image\":{\"@id\":\"https:\\\/\\\/kibrisdakik.com\\\/?p=5077#primaryimage\"},\"thumbnailUrl\":\"https:\\\/\\\/kibrisdakik.com\\\/wp-content\\\/uploads\\\/2023\\\/04\\\/ghftgh-scaled-740x420.jpg\",\"datePublished\":\"2023-04-13T13:15:03+00:00\",\"author\":{\"@id\":\"https:\\\/\\\/kibrisdakik.com\\\/#\\\/schema\\\/person\\\/9cd9d437bbb44f72b73ba127e06d8e79\"},\"breadcrumb\":{\"@id\":\"https:\\\/\\\/kibrisdakik.com\\\/?p=5077#breadcrumb\"},\"inLanguage\":\"tr\",\"potentialAction\":[{\"@type\":\"ReadAction\",\"target\":[\"https:\\\/\\\/kibrisdakik.com\\\/?p=5077\"]}]},{\"@type\":\"ImageObject\",\"inLanguage\":\"tr\",\"@id\":\"https:\\\/\\\/kibrisdakik.com\\\/?p=5077#primaryimage\",\"url\":\"https:\\\/\\\/kibrisdakik.com\\\/wp-content\\\/uploads\\\/2023\\\/04\\\/ghftgh-scaled-740x420.jpg\",\"contentUrl\":\"https:\\\/\\\/kibrisdakik.com\\\/wp-content\\\/uploads\\\/2023\\\/04\\\/ghftgh-scaled-740x420.jpg\",\"width\":2560,\"height\":1438},{\"@type\":\"BreadcrumbList\",\"@id\":\"https:\\\/\\\/kibrisdakik.com\\\/?p=5077#breadcrumb\",\"itemListElement\":[{\"@type\":\"ListItem\",\"position\":1,\"name\":\"Home\",\"item\":\"https:\\\/\\\/kibrisdakik.com\\\/\"},{\"@type\":\"ListItem\",\"position\":2,\"name\":\"K\u0131b-Tek \u00e7al\u0131\u015fanlar\u0131 teminata ba\u011flanarak serbest b\u0131rak\u0131ld\u0131\"}]},{\"@type\":\"WebSite\",\"@id\":\"https:\\\/\\\/kibrisdakik.com\\\/#website\",\"url\":\"https:\\\/\\\/kibrisdakik.com\\\/\",\"name\":\"\",\"description\":\"Tam vaktinde haber\",\"potentialAction\":[{\"@type\":\"SearchAction\",\"target\":{\"@type\":\"EntryPoint\",\"urlTemplate\":\"https:\\\/\\\/kibrisdakik.com\\\/?s={search_term_string}\"},\"query-input\":{\"@type\":\"PropertyValueSpecification\",\"valueRequired\":true,\"valueName\":\"search_term_string\"}}],\"inLanguage\":\"tr\"},{\"@type\":\"Person\",\"@id\":\"https:\\\/\\\/kibrisdakik.com\\\/#\\\/schema\\\/person\\\/9cd9d437bbb44f72b73ba127e06d8e79\",\"name\":\"admin\",\"image\":{\"@type\":\"ImageObject\",\"inLanguage\":\"tr\",\"@id\":\"https:\\\/\\\/secure.gravatar.com\\\/avatar\\\/ccc17943b9d660506c869530f897617f7cb1c21a4bf30023f252596d83e1f007?s=96&d=mm&r=g\",\"url\":\"https:\\\/\\\/secure.gravatar.com\\\/avatar\\\/ccc17943b9d660506c869530f897617f7cb1c21a4bf30023f252596d83e1f007?s=96&d=mm&r=g\",\"contentUrl\":\"https:\\\/\\\/secure.gravatar.com\\\/avatar\\\/ccc17943b9d660506c869530f897617f7cb1c21a4bf30023f252596d83e1f007?s=96&d=mm&r=g\",\"caption\":\"admin\"},\"sameAs\":[\"https:\\\/\\\/kibrisdakik.com\"],\"url\":\"https:\\\/\\\/kibrisdakik.com\\\/?author=1\"}]}<\/script>\n<!-- \/ Yoast SEO plugin. -->","yoast_head_json":{"title":"K\u0131b-Tek \u00e7al\u0131\u015fanlar\u0131 teminata ba\u011flanarak serbest b\u0131rak\u0131ld\u0131 -","robots":{"index":"index","follow":"follow","max-snippet":"max-snippet:-1","max-image-preview":"max-image-preview:large","max-video-preview":"max-video-preview:-1"},"canonical":"https:\/\/kibrisdakik.com\/?p=5077","og_locale":"tr_TR","og_type":"article","og_title":"K\u0131b-Tek \u00e7al\u0131\u015fanlar\u0131 teminata ba\u011flanarak serbest b\u0131rak\u0131ld\u0131 -","og_description":"Gazima\u011fusa\u2019daki K\u0131br\u0131s T\u00fcrk Elektrik Kurumu\u2019na ait trafo odalar\u0131na yetkisi olmad\u0131\u011f\u0131 halde girerek, elektrik ak\u0131mlar\u0131n\u0131 kesti\u011fi tespit edilen 2 ki\u015fi tutukland\u0131. Polis Bas\u0131n Subayl\u0131\u011f\u0131\u2019ndan yap\u0131lan a\u00e7\u0131klamada, KIB-TEK\u2019e ait 7 ayr\u0131 trafo odas\u0131na girilerek yetkisi olmad\u0131\u011f\u0131 halde, elektrik ak\u0131mlar\u0131n\u0131n kesilmesi olay\u0131 ile ilgili olarak y\u00fcr\u00fct\u00fclen polis soru\u015fturmas\u0131 kapsam\u0131nda, meselede zanl\u0131 olarak g\u00f6r\u00fclen 50 ya\u015f\u0131ndaki bir ki\u015finin yan\u0131","og_url":"https:\/\/kibrisdakik.com\/?p=5077","article_published_time":"2023-04-13T13:15:03+00:00","og_image":[{"width":2560,"height":1438,"url":"https:\/\/kibrisdakik.com\/wp-content\/uploads\/2023\/04\/ghftgh-scaled-740x420.jpg","type":"image\/jpeg"}],"author":"admin","twitter_card":"summary_large_image","twitter_misc":{"Yazan:":"admin","Tahmini okuma s\u00fcresi":"1 dakika"},"schema":{"@context":"https:\/\/schema.org","@graph":[{"@type":"Article","@id":"https:\/\/kibrisdakik.com\/?p=5077#article","isPartOf":{"@id":"https:\/\/kibrisdakik.com\/?p=5077"},"author":{"name":"admin","@id":"https:\/\/kibrisdakik.com\/#\/schema\/person\/9cd9d437bbb44f72b73ba127e06d8e79"},"headline":"K\u0131b-Tek \u00e7al\u0131\u015fanlar\u0131 teminata ba\u011flanarak serbest b\u0131rak\u0131ld\u0131","datePublished":"2023-04-13T13:15:03+00:00","mainEntityOfPage":{"@id":"https:\/\/kibrisdakik.com\/?p=5077"},"wordCount":149,"commentCount":0,"image":{"@id":"https:\/\/kibrisdakik.com\/?p=5077#primaryimage"},"thumbnailUrl":"https:\/\/kibrisdakik.com\/wp-content\/uploads\/2023\/04\/ghftgh-scaled-740x420.jpg","articleSection":["G\u00fcndem"],"inLanguage":"tr","potentialAction":[{"@type":"CommentAction","name":"Comment","target":["https:\/\/kibrisdakik.com\/?p=5077#respond"]}]},{"@type":"WebPage","@id":"https:\/\/kibrisdakik.com\/?p=5077","url":"https:\/\/kibrisdakik.com\/?p=5077","name":"K\u0131b-Tek \u00e7al\u0131\u015fanlar\u0131 teminata ba\u011flanarak serbest b\u0131rak\u0131ld\u0131 -","isPartOf":{"@id":"https:\/\/kibrisdakik.com\/#website"},"primaryImageOfPage":{"@id":"https:\/\/kibrisdakik.com\/?p=5077#primaryimage"},"image":{"@id":"https:\/\/kibrisdakik.com\/?p=5077#primaryimage"},"thumbnailUrl":"https:\/\/kibrisdakik.com\/wp-content\/uploads\/2023\/04\/ghftgh-scaled-740x420.jpg","datePublished":"2023-04-13T13:15:03+00:00","author":{"@id":"https:\/\/kibrisdakik.com\/#\/schema\/person\/9cd9d437bbb44f72b73ba127e06d8e79"},"breadcrumb":{"@id":"https:\/\/kibrisdakik.com\/?p=5077#breadcrumb"},"inLanguage":"tr","potentialAction":[{"@type":"ReadAction","target":["https:\/\/kibrisdakik.com\/?p=5077"]}]},{"@type":"ImageObject","inLanguage":"tr","@id":"https:\/\/kibrisdakik.com\/?p=5077#primaryimage","url":"https:\/\/kibrisdakik.com\/wp-content\/uploads\/2023\/04\/ghftgh-scaled-740x420.jpg","contentUrl":"https:\/\/kibrisdakik.com\/wp-content\/uploads\/2023\/04\/ghftgh-scaled-740x420.jpg","width":2560,"height":1438},{"@type":"BreadcrumbList","@id":"https:\/\/kibrisdakik.com\/?p=5077#breadcrumb","itemListElement":[{"@type":"ListItem","position":1,"name":"Home","item":"https:\/\/kibrisdakik.com\/"},{"@type":"ListItem","position":2,"name":"K\u0131b-Tek \u00e7al\u0131\u015fanlar\u0131 teminata ba\u011flanarak serbest b\u0131rak\u0131ld\u0131"}]},{"@type":"WebSite","@id":"https:\/\/kibrisdakik.com\/#website","url":"https:\/\/kibrisdakik.com\/","name":"","description":"Tam vaktinde haber","potentialAction":[{"@type":"SearchAction","target":{"@type":"EntryPoint","urlTemplate":"https:\/\/kibrisdakik.com\/?s={search_term_string}"},"query-input":{"@type":"PropertyValueSpecification","valueRequired":true,"valueName":"search_term_string"}}],"inLanguage":"tr"},{"@type":"Person","@id":"https:\/\/kibrisdakik.com\/#\/schema\/person\/9cd9d437bbb44f72b73ba127e06d8e79","name":"admin","image":{"@type":"ImageObject","inLanguage":"tr","@id":"https:\/\/secure.gravatar.com\/avatar\/ccc17943b9d660506c869530f897617f7cb1c21a4bf30023f252596d83e1f007?s=96&d=mm&r=g","url":"https:\/\/secure.gravatar.com\/avatar\/ccc17943b9d660506c869530f897617f7cb1c21a4bf30023f252596d83e1f007?s=96&d=mm&r=g","contentUrl":"https:\/\/secure.gravatar.com\/avatar\/ccc17943b9d660506c869530f897617f7cb1c21a4bf30023f252596d83e1f007?s=96&d=mm&r=g","caption":"admin"},"sameAs":["https:\/\/kibrisdakik.com"],"url":"https:\/\/kibrisdakik.com\/?author=1"}]}},"_links":{"self":[{"href":"https:\/\/kibrisdakik.com\/index.php?rest_route=\/wp\/v2\/posts\/5077","targetHints":{"allow":["GET"]}}],"collection":[{"href":"https:\/\/kibrisdakik.com\/index.php?rest_route=\/wp\/v2\/posts"}],"about":[{"href":"https:\/\/kibrisdakik.com\/index.php?rest_route=\/wp\/v2\/types\/post"}],"author":[{"embeddable":true,"href":"https:\/\/kibrisdakik.com\/index.php?rest_route=\/wp\/v2\/users\/1"}],"replies":[{"embeddable":true,"href":"https:\/\/kibrisdakik.com\/index.php?rest_route=%2Fwp%2Fv2%2Fcomments&post=5077"}],"version-history":[{"count":0,"href":"https:\/\/kibrisdakik.com\/index.php?rest_route=\/wp\/v2\/posts\/5077\/revisions"}],"wp:featuredmedia":[{"embeddable":true,"href":"https:\/\/kibrisdakik.com\/index.php?rest_route=\/wp\/v2\/media\/5078"}],"wp:attachment":[{"href":"https:\/\/kibrisdakik.com\/index.php?rest_route=%2Fwp%2Fv2%2Fmedia&parent=5077"}],"wp:term":[{"taxonomy":"category","embeddable":true,"href":"https:\/\/kibrisdakik.com\/index.php?rest_route=%2Fwp%2Fv2%2Fcategories&post=5077"},{"taxonomy":"post_tag","embeddable":true,"href":"https:\/\/kibrisdakik.com\/index.php?rest_route=%2Fwp%2Fv2%2Ftags&post=5077"}],"curies":[{"name":"wp","href":"https:\/\/api.w.org\/{rel}","templated":true}]}}