{"id":5106,"date":"2023-04-13T23:29:24","date_gmt":"2023-04-13T23:29:24","guid":{"rendered":"https:\/\/kibrisdakik.com\/index.php\/2023\/04\/13\/cumhurbaskani-tatar-genc-saglik-sendikasi-heyetini-kabul-etti\/"},"modified":"2023-04-13T23:29:24","modified_gmt":"2023-04-13T23:29:24","slug":"cumhurbaskani-tatar-genc-saglik-sendikasi-heyetini-kabul-etti","status":"publish","type":"post","link":"https:\/\/kibrisdakik.com\/?p=5106","title":{"rendered":"Cumhurba\u015fkan\u0131 Tatar, Gen\u00e7 Sa\u011fl\u0131k Sendikas\u0131 heyetini kabul etti"},"content":{"rendered":"<p><\/p>\n<div>\n<div class=\"mariselle-image-container center\">\n                <img width=\"1600\" height=\"1066\" class=\"lazy-image\" alt=\"\" decoding=\"async\" loading=\"lazy\" sizes=\"auto, (max-width: 1600px) 100vw, 1600px\" src=\"https:\/\/brtk.net\/wp-content\/uploads\/2023\/04\/13\/tatar-turkiye-sendika-kabul-1.jpg?ver=51d18a213d8035dc7b98b0339156f95e\" srcset=\"https:\/\/brtk.net\/wp-content\/uploads\/2023\/04\/13\/tatar-turkiye-sendika-kabul-1.jpg?ver=51d18a213d8035dc7b98b0339156f95e 1600w, https:\/\/brtk.net\/wp-content\/uploads\/2023\/04\/13\/tatar-turkiye-sendika-kabul-1-300x200.jpg?ver=51d18a213d8035dc7b98b0339156f95e 300w, https:\/\/brtk.net\/wp-content\/uploads\/2023\/04\/13\/tatar-turkiye-sendika-kabul-1-1024x682.jpg?ver=51d18a213d8035dc7b98b0339156f95e 1024w, https:\/\/brtk.net\/wp-content\/uploads\/2023\/04\/13\/tatar-turkiye-sendika-kabul-1-768x512.jpg?ver=51d18a213d8035dc7b98b0339156f95e 768w, https:\/\/brtk.net\/wp-content\/uploads\/2023\/04\/13\/tatar-turkiye-sendika-kabul-1-1536x1023.jpg?ver=c2330e7aeaa6e1a4ec9e5d44603a0961 1536w\"\/>                            <\/div>\n<p>Cumhurba\u015fkan\u0131 <a href=\"https:\/\/brtk.net\/\" target=\"_blank\" rel=\"noopener\"><a href=\"https:\/\/brtk.net\/\" target=\"_blank\" rel=\"noopener\">Ersin <\/a><a href=\"https:\/\/brtk.net\/\"\/><a href=\"https:\/\/brtk.net\/\"\/><a href=\"https:\/\/brtk.net\/\">Tatar<\/a>, T\u00fcrkiye Cumhuriyeti Gen\u00e7 Sa\u011fl\u0131k Sendikas\u0131 heyetini kabul etti.<\/p>\n<p>Cumhurba\u015fkanl\u0131\u011f\u0131ndan yap\u0131lan a\u00e7\u0131klamaya g\u00f6re, Cumhurba\u015fkan\u0131 <a href=\"https:\/\/brtk.net\/\" target=\"_blank\" rel=\"noopener\"><a href=\"https:\/\/brtk.net\/\" target=\"_blank\" rel=\"noopener\">Ersin <\/a><a href=\"https:\/\/brtk.net\/\"\/><a href=\"https:\/\/brtk.net\/\"\/><a href=\"https:\/\/brtk.net\/\">Tatar<\/a>, Gen\u00e7 Sa\u011fl\u0131k Sendikas\u0131 y\u00f6netimini kabul\u00fcnde yapt\u0131\u011f\u0131 konu\u015fmada, T\u00fcrkiye Cumhuriyeti\u2019nin zor d\u00f6nemlerde K\u0131br\u0131s T\u00fcrk halk\u0131na her zaman sahip \u00e7\u0131kt\u0131\u011f\u0131n\u0131 vurgulad\u0131.<\/p>\n<p>Sa\u011fl\u0131k sistemi konusunda T\u00fcrkiye Cumhuriyeti ile i\u015f birli\u011fi i\u00e7inde olduklar\u0131n\u0131 belirterek \u00f6zellikle pandemi d\u00f6neminde T\u00fcrkiye Cumhuriyeti\u2019nin sa\u011fl\u0131k altyap\u0131s\u0131n\u0131n ve tecr\u00fcbesinin K\u0131br\u0131s T\u00fcrk halk\u0131 ile payla\u015f\u0131ld\u0131\u011f\u0131n\u0131 an\u0131msatan <a href=\"https:\/\/brtk.net\/\"\/><a href=\"https:\/\/brtk.net\/\"\/><a href=\"https:\/\/brtk.net\/\">Tatar<\/a>, sa\u011fl\u0131k alan\u0131ndaki geli\u015fmeler konusunda T\u00fcrkiye Cumhuriyeti kurum ve kurulu\u015flar\u0131 ile i\u015f birli\u011finin devam etti\u011fini s\u00f6yledi. <\/p>\n<p>Hizmetlerin daha ileriye ta\u015f\u0131nd\u0131\u011f\u0131 daha g\u00fc\u00e7l\u00fc bir <a href=\"https:\/\/brtk.net\/\">KKTC<\/a> i\u00e7in \u00e7abalar\u0131n s\u00fcrd\u00fc\u011f\u00fcn\u00fc ifade eden Cumhurba\u015fkan\u0131 <a href=\"https:\/\/brtk.net\/\"\/><a href=\"https:\/\/brtk.net\/\"\/><a href=\"https:\/\/brtk.net\/\">Tatar<\/a>, T\u00fcrkiye sa\u011fl\u0131k sekt\u00f6r\u00fcnden gen\u00e7 sa\u011fl\u0131k \u00e7al\u0131\u015fanlar\u0131n\u0131 <a href=\"https:\/\/brtk.net\/\">KKTC<\/a>\u2019de g\u00f6rmekten dolay\u0131 duydu\u011fu memnuniyeti de dile getirdi.<\/p>\n<\/p><\/div>\n<p><script async\n                    defer\n                    crossorigin=\"anonymous\"\n                    src=\"https:\/\/connect.facebook.net\/tr_TR\/sdk.js#xfbml=1&#038;version=v3.3\"\n            ><\/script><\/p>\n","protected":false},"excerpt":{"rendered":"<p>Cumhurba\u015fkan\u0131 Ersin Tatar, T\u00fcrkiye Cumhuriyeti Gen\u00e7 Sa\u011fl\u0131k Sendikas\u0131 heyetini kabul etti. Cumhurba\u015fkanl\u0131\u011f\u0131ndan yap\u0131lan a\u00e7\u0131klamaya g\u00f6re, Cumhurba\u015fkan\u0131 Ersin Tatar, Gen\u00e7 Sa\u011fl\u0131k Sendikas\u0131 y\u00f6netimini kabul\u00fcnde yapt\u0131\u011f\u0131 konu\u015fmada, T\u00fcrkiye Cumhuriyeti\u2019nin zor d\u00f6nemlerde K\u0131br\u0131s T\u00fcrk halk\u0131na her zaman sahip \u00e7\u0131kt\u0131\u011f\u0131n\u0131 vurgulad\u0131. Sa\u011fl\u0131k sistemi konusunda T\u00fcrkiye Cumhuriyeti ile i\u015f birli\u011fi i\u00e7inde olduklar\u0131n\u0131 belirterek \u00f6zellikle pandemi d\u00f6neminde T\u00fcrkiye Cumhuriyeti\u2019nin sa\u011fl\u0131k altyap\u0131s\u0131n\u0131n<\/p>\n","protected":false},"author":1,"featured_media":5107,"comment_status":"open","ping_status":"open","sticky":false,"template":"","format":"standard","meta":{"footnotes":""},"categories":[1],"tags":[],"class_list":["post-5106","post","type-post","status-publish","format-standard","has-post-thumbnail","hentry","category-gundem"],"yoast_head":"<!-- This site is optimized with the Yoast SEO plugin v28.3 - https:\/\/yoast.com\/product\/yoast-seo-wordpress\/ -->\n<title>Cumhurba\u015fkan\u0131 Tatar, Gen\u00e7 Sa\u011fl\u0131k Sendikas\u0131 heyetini kabul etti -<\/title>\n<meta name=\"robots\" content=\"index, follow, max-snippet:-1, max-image-preview:large, max-video-preview:-1\" \/>\n<link rel=\"canonical\" href=\"https:\/\/kibrisdakik.com\/?p=5106\" \/>\n<meta property=\"og:locale\" content=\"tr_TR\" \/>\n<meta property=\"og:type\" content=\"article\" \/>\n<meta property=\"og:title\" content=\"Cumhurba\u015fkan\u0131 Tatar, Gen\u00e7 Sa\u011fl\u0131k Sendikas\u0131 heyetini kabul etti -\" \/>\n<meta property=\"og:description\" content=\"Cumhurba\u015fkan\u0131 Ersin Tatar, T\u00fcrkiye Cumhuriyeti Gen\u00e7 Sa\u011fl\u0131k Sendikas\u0131 heyetini kabul etti. Cumhurba\u015fkanl\u0131\u011f\u0131ndan yap\u0131lan a\u00e7\u0131klamaya g\u00f6re, Cumhurba\u015fkan\u0131 Ersin Tatar, Gen\u00e7 Sa\u011fl\u0131k Sendikas\u0131 y\u00f6netimini kabul\u00fcnde yapt\u0131\u011f\u0131 konu\u015fmada, T\u00fcrkiye Cumhuriyeti\u2019nin zor d\u00f6nemlerde K\u0131br\u0131s T\u00fcrk halk\u0131na her zaman sahip \u00e7\u0131kt\u0131\u011f\u0131n\u0131 vurgulad\u0131. Sa\u011fl\u0131k sistemi konusunda T\u00fcrkiye Cumhuriyeti ile i\u015f birli\u011fi i\u00e7inde olduklar\u0131n\u0131 belirterek \u00f6zellikle pandemi d\u00f6neminde T\u00fcrkiye Cumhuriyeti\u2019nin sa\u011fl\u0131k altyap\u0131s\u0131n\u0131n\" \/>\n<meta property=\"og:url\" content=\"https:\/\/kibrisdakik.com\/?p=5106\" \/>\n<meta property=\"article:published_time\" content=\"2023-04-13T23:29:24+00:00\" \/>\n<meta property=\"og:image\" content=\"https:\/\/kibrisdakik.com\/wp-content\/uploads\/2023\/04\/tatar-turkiye-sendika-kabul-1-740x420.jpg\" \/>\n\t<meta property=\"og:image:width\" content=\"1600\" \/>\n\t<meta property=\"og:image:height\" content=\"1066\" \/>\n\t<meta property=\"og:image:type\" content=\"image\/jpeg\" \/>\n<meta name=\"author\" content=\"admin\" \/>\n<meta name=\"twitter:card\" content=\"summary_large_image\" \/>\n<meta name=\"twitter:label1\" content=\"Yazan:\" \/>\n\t<meta name=\"twitter:data1\" content=\"admin\" \/>\n\t<meta name=\"twitter:label2\" content=\"Tahmini okuma s\u00fcresi\" \/>\n\t<meta name=\"twitter:data2\" content=\"1 dakika\" \/>\n<script type=\"application\/ld+json\" class=\"yoast-schema-graph\">{\"@context\":\"https:\\\/\\\/schema.org\",\"@graph\":[{\"@type\":\"Article\",\"@id\":\"https:\\\/\\\/kibrisdakik.com\\\/?p=5106#article\",\"isPartOf\":{\"@id\":\"https:\\\/\\\/kibrisdakik.com\\\/?p=5106\"},\"author\":{\"name\":\"admin\",\"@id\":\"https:\\\/\\\/kibrisdakik.com\\\/#\\\/schema\\\/person\\\/9cd9d437bbb44f72b73ba127e06d8e79\"},\"headline\":\"Cumhurba\u015fkan\u0131 Tatar, Gen\u00e7 Sa\u011fl\u0131k Sendikas\u0131 heyetini kabul etti\",\"datePublished\":\"2023-04-13T23:29:24+00:00\",\"mainEntityOfPage\":{\"@id\":\"https:\\\/\\\/kibrisdakik.com\\\/?p=5106\"},\"wordCount\":191,\"commentCount\":0,\"publisher\":{\"@id\":\"https:\\\/\\\/kibrisdakik.com\\\/#organization\"},\"image\":{\"@id\":\"https:\\\/\\\/kibrisdakik.com\\\/?p=5106#primaryimage\"},\"thumbnailUrl\":\"https:\\\/\\\/kibrisdakik.com\\\/wp-content\\\/uploads\\\/2023\\\/04\\\/tatar-turkiye-sendika-kabul-1-740x420.jpg\",\"articleSection\":[\"G\u00fcndem\"],\"inLanguage\":\"tr\",\"potentialAction\":[{\"@type\":\"CommentAction\",\"name\":\"Comment\",\"target\":[\"https:\\\/\\\/kibrisdakik.com\\\/?p=5106#respond\"]}]},{\"@type\":\"WebPage\",\"@id\":\"https:\\\/\\\/kibrisdakik.com\\\/?p=5106\",\"url\":\"https:\\\/\\\/kibrisdakik.com\\\/?p=5106\",\"name\":\"Cumhurba\u015fkan\u0131 Tatar, Gen\u00e7 Sa\u011fl\u0131k Sendikas\u0131 heyetini kabul etti -\",\"isPartOf\":{\"@id\":\"https:\\\/\\\/kibrisdakik.com\\\/#website\"},\"primaryImageOfPage\":{\"@id\":\"https:\\\/\\\/kibrisdakik.com\\\/?p=5106#primaryimage\"},\"image\":{\"@id\":\"https:\\\/\\\/kibrisdakik.com\\\/?p=5106#primaryimage\"},\"thumbnailUrl\":\"https:\\\/\\\/kibrisdakik.com\\\/wp-content\\\/uploads\\\/2023\\\/04\\\/tatar-turkiye-sendika-kabul-1-740x420.jpg\",\"datePublished\":\"2023-04-13T23:29:24+00:00\",\"breadcrumb\":{\"@id\":\"https:\\\/\\\/kibrisdakik.com\\\/?p=5106#breadcrumb\"},\"inLanguage\":\"tr\",\"potentialAction\":[{\"@type\":\"ReadAction\",\"target\":[\"https:\\\/\\\/kibrisdakik.com\\\/?p=5106\"]}]},{\"@type\":\"ImageObject\",\"inLanguage\":\"tr\",\"@id\":\"https:\\\/\\\/kibrisdakik.com\\\/?p=5106#primaryimage\",\"url\":\"https:\\\/\\\/kibrisdakik.com\\\/wp-content\\\/uploads\\\/2023\\\/04\\\/tatar-turkiye-sendika-kabul-1-740x420.jpg\",\"contentUrl\":\"https:\\\/\\\/kibrisdakik.com\\\/wp-content\\\/uploads\\\/2023\\\/04\\\/tatar-turkiye-sendika-kabul-1-740x420.jpg\",\"width\":1600,\"height\":1066},{\"@type\":\"BreadcrumbList\",\"@id\":\"https:\\\/\\\/kibrisdakik.com\\\/?p=5106#breadcrumb\",\"itemListElement\":[{\"@type\":\"ListItem\",\"position\":1,\"name\":\"Home\",\"item\":\"https:\\\/\\\/kibrisdakik.com\\\/\"},{\"@type\":\"ListItem\",\"position\":2,\"name\":\"Cumhurba\u015fkan\u0131 Tatar, Gen\u00e7 Sa\u011fl\u0131k Sendikas\u0131 heyetini kabul etti\"}]},{\"@type\":\"WebSite\",\"@id\":\"https:\\\/\\\/kibrisdakik.com\\\/#website\",\"url\":\"https:\\\/\\\/kibrisdakik.com\\\/\",\"name\":\"K\u0131br\u0131s Dakik\",\"description\":\"Tam vaktinde haber\",\"publisher\":{\"@id\":\"https:\\\/\\\/kibrisdakik.com\\\/#organization\"},\"potentialAction\":[{\"@type\":\"SearchAction\",\"target\":{\"@type\":\"EntryPoint\",\"urlTemplate\":\"https:\\\/\\\/kibrisdakik.com\\\/?s={search_term_string}\"},\"query-input\":{\"@type\":\"PropertyValueSpecification\",\"valueRequired\":true,\"valueName\":\"search_term_string\"}}],\"inLanguage\":\"tr\"},{\"@type\":\"Organization\",\"@id\":\"https:\\\/\\\/kibrisdakik.com\\\/#organization\",\"name\":\"K\u0131br\u0131s Dakik\",\"url\":\"https:\\\/\\\/kibrisdakik.com\\\/\",\"logo\":{\"@type\":\"ImageObject\",\"inLanguage\":\"tr\",\"@id\":\"https:\\\/\\\/kibrisdakik.com\\\/#\\\/schema\\\/logo\\\/image\\\/\",\"url\":\"https:\\\/\\\/kibrisdakik.com\\\/wp-content\\\/uploads\\\/2025\\\/10\\\/cropped-WhatsApp-Image-2025-10-02-at-12.58.31.jpeg\",\"contentUrl\":\"https:\\\/\\\/kibrisdakik.com\\\/wp-content\\\/uploads\\\/2025\\\/10\\\/cropped-WhatsApp-Image-2025-10-02-at-12.58.31.jpeg\",\"width\":1237,\"height\":190,\"caption\":\"K\u0131br\u0131s Dakik\"},\"image\":{\"@id\":\"https:\\\/\\\/kibrisdakik.com\\\/#\\\/schema\\\/logo\\\/image\\\/\"}},{\"@type\":\"Person\",\"@id\":\"https:\\\/\\\/kibrisdakik.com\\\/#\\\/schema\\\/person\\\/9cd9d437bbb44f72b73ba127e06d8e79\",\"name\":\"admin\",\"image\":{\"@type\":\"ImageObject\",\"inLanguage\":\"tr\",\"@id\":\"https:\\\/\\\/secure.gravatar.com\\\/avatar\\\/ccc17943b9d660506c869530f897617f7cb1c21a4bf30023f252596d83e1f007?s=96&d=mm&r=g\",\"url\":\"https:\\\/\\\/secure.gravatar.com\\\/avatar\\\/ccc17943b9d660506c869530f897617f7cb1c21a4bf30023f252596d83e1f007?s=96&d=mm&r=g\",\"contentUrl\":\"https:\\\/\\\/secure.gravatar.com\\\/avatar\\\/ccc17943b9d660506c869530f897617f7cb1c21a4bf30023f252596d83e1f007?s=96&d=mm&r=g\",\"caption\":\"admin\"},\"sameAs\":[\"https:\\\/\\\/kibrisdakik.com\"],\"url\":\"https:\\\/\\\/kibrisdakik.com\\\/?author=1\"}]}<\/script>\n<!-- \/ Yoast SEO plugin. -->","yoast_head_json":{"title":"Cumhurba\u015fkan\u0131 Tatar, Gen\u00e7 Sa\u011fl\u0131k Sendikas\u0131 heyetini kabul etti -","robots":{"index":"index","follow":"follow","max-snippet":"max-snippet:-1","max-image-preview":"max-image-preview:large","max-video-preview":"max-video-preview:-1"},"canonical":"https:\/\/kibrisdakik.com\/?p=5106","og_locale":"tr_TR","og_type":"article","og_title":"Cumhurba\u015fkan\u0131 Tatar, Gen\u00e7 Sa\u011fl\u0131k Sendikas\u0131 heyetini kabul etti -","og_description":"Cumhurba\u015fkan\u0131 Ersin Tatar, T\u00fcrkiye Cumhuriyeti Gen\u00e7 Sa\u011fl\u0131k Sendikas\u0131 heyetini kabul etti. Cumhurba\u015fkanl\u0131\u011f\u0131ndan yap\u0131lan a\u00e7\u0131klamaya g\u00f6re, Cumhurba\u015fkan\u0131 Ersin Tatar, Gen\u00e7 Sa\u011fl\u0131k Sendikas\u0131 y\u00f6netimini kabul\u00fcnde yapt\u0131\u011f\u0131 konu\u015fmada, T\u00fcrkiye Cumhuriyeti\u2019nin zor d\u00f6nemlerde K\u0131br\u0131s T\u00fcrk halk\u0131na her zaman sahip \u00e7\u0131kt\u0131\u011f\u0131n\u0131 vurgulad\u0131. Sa\u011fl\u0131k sistemi konusunda T\u00fcrkiye Cumhuriyeti ile i\u015f birli\u011fi i\u00e7inde olduklar\u0131n\u0131 belirterek \u00f6zellikle pandemi d\u00f6neminde T\u00fcrkiye Cumhuriyeti\u2019nin sa\u011fl\u0131k altyap\u0131s\u0131n\u0131n","og_url":"https:\/\/kibrisdakik.com\/?p=5106","article_published_time":"2023-04-13T23:29:24+00:00","og_image":[{"width":1600,"height":1066,"url":"https:\/\/kibrisdakik.com\/wp-content\/uploads\/2023\/04\/tatar-turkiye-sendika-kabul-1-740x420.jpg","type":"image\/jpeg"}],"author":"admin","twitter_card":"summary_large_image","twitter_misc":{"Yazan:":"admin","Tahmini okuma s\u00fcresi":"1 dakika"},"schema":{"@context":"https:\/\/schema.org","@graph":[{"@type":"Article","@id":"https:\/\/kibrisdakik.com\/?p=5106#article","isPartOf":{"@id":"https:\/\/kibrisdakik.com\/?p=5106"},"author":{"name":"admin","@id":"https:\/\/kibrisdakik.com\/#\/schema\/person\/9cd9d437bbb44f72b73ba127e06d8e79"},"headline":"Cumhurba\u015fkan\u0131 Tatar, Gen\u00e7 Sa\u011fl\u0131k Sendikas\u0131 heyetini kabul etti","datePublished":"2023-04-13T23:29:24+00:00","mainEntityOfPage":{"@id":"https:\/\/kibrisdakik.com\/?p=5106"},"wordCount":191,"commentCount":0,"publisher":{"@id":"https:\/\/kibrisdakik.com\/#organization"},"image":{"@id":"https:\/\/kibrisdakik.com\/?p=5106#primaryimage"},"thumbnailUrl":"https:\/\/kibrisdakik.com\/wp-content\/uploads\/2023\/04\/tatar-turkiye-sendika-kabul-1-740x420.jpg","articleSection":["G\u00fcndem"],"inLanguage":"tr","potentialAction":[{"@type":"CommentAction","name":"Comment","target":["https:\/\/kibrisdakik.com\/?p=5106#respond"]}]},{"@type":"WebPage","@id":"https:\/\/kibrisdakik.com\/?p=5106","url":"https:\/\/kibrisdakik.com\/?p=5106","name":"Cumhurba\u015fkan\u0131 Tatar, Gen\u00e7 Sa\u011fl\u0131k Sendikas\u0131 heyetini kabul etti -","isPartOf":{"@id":"https:\/\/kibrisdakik.com\/#website"},"primaryImageOfPage":{"@id":"https:\/\/kibrisdakik.com\/?p=5106#primaryimage"},"image":{"@id":"https:\/\/kibrisdakik.com\/?p=5106#primaryimage"},"thumbnailUrl":"https:\/\/kibrisdakik.com\/wp-content\/uploads\/2023\/04\/tatar-turkiye-sendika-kabul-1-740x420.jpg","datePublished":"2023-04-13T23:29:24+00:00","breadcrumb":{"@id":"https:\/\/kibrisdakik.com\/?p=5106#breadcrumb"},"inLanguage":"tr","potentialAction":[{"@type":"ReadAction","target":["https:\/\/kibrisdakik.com\/?p=5106"]}]},{"@type":"ImageObject","inLanguage":"tr","@id":"https:\/\/kibrisdakik.com\/?p=5106#primaryimage","url":"https:\/\/kibrisdakik.com\/wp-content\/uploads\/2023\/04\/tatar-turkiye-sendika-kabul-1-740x420.jpg","contentUrl":"https:\/\/kibrisdakik.com\/wp-content\/uploads\/2023\/04\/tatar-turkiye-sendika-kabul-1-740x420.jpg","width":1600,"height":1066},{"@type":"BreadcrumbList","@id":"https:\/\/kibrisdakik.com\/?p=5106#breadcrumb","itemListElement":[{"@type":"ListItem","position":1,"name":"Home","item":"https:\/\/kibrisdakik.com\/"},{"@type":"ListItem","position":2,"name":"Cumhurba\u015fkan\u0131 Tatar, Gen\u00e7 Sa\u011fl\u0131k Sendikas\u0131 heyetini kabul etti"}]},{"@type":"WebSite","@id":"https:\/\/kibrisdakik.com\/#website","url":"https:\/\/kibrisdakik.com\/","name":"K\u0131br\u0131s Dakik","description":"Tam vaktinde haber","publisher":{"@id":"https:\/\/kibrisdakik.com\/#organization"},"potentialAction":[{"@type":"SearchAction","target":{"@type":"EntryPoint","urlTemplate":"https:\/\/kibrisdakik.com\/?s={search_term_string}"},"query-input":{"@type":"PropertyValueSpecification","valueRequired":true,"valueName":"search_term_string"}}],"inLanguage":"tr"},{"@type":"Organization","@id":"https:\/\/kibrisdakik.com\/#organization","name":"K\u0131br\u0131s Dakik","url":"https:\/\/kibrisdakik.com\/","logo":{"@type":"ImageObject","inLanguage":"tr","@id":"https:\/\/kibrisdakik.com\/#\/schema\/logo\/image\/","url":"https:\/\/kibrisdakik.com\/wp-content\/uploads\/2025\/10\/cropped-WhatsApp-Image-2025-10-02-at-12.58.31.jpeg","contentUrl":"https:\/\/kibrisdakik.com\/wp-content\/uploads\/2025\/10\/cropped-WhatsApp-Image-2025-10-02-at-12.58.31.jpeg","width":1237,"height":190,"caption":"K\u0131br\u0131s Dakik"},"image":{"@id":"https:\/\/kibrisdakik.com\/#\/schema\/logo\/image\/"}},{"@type":"Person","@id":"https:\/\/kibrisdakik.com\/#\/schema\/person\/9cd9d437bbb44f72b73ba127e06d8e79","name":"admin","image":{"@type":"ImageObject","inLanguage":"tr","@id":"https:\/\/secure.gravatar.com\/avatar\/ccc17943b9d660506c869530f897617f7cb1c21a4bf30023f252596d83e1f007?s=96&d=mm&r=g","url":"https:\/\/secure.gravatar.com\/avatar\/ccc17943b9d660506c869530f897617f7cb1c21a4bf30023f252596d83e1f007?s=96&d=mm&r=g","contentUrl":"https:\/\/secure.gravatar.com\/avatar\/ccc17943b9d660506c869530f897617f7cb1c21a4bf30023f252596d83e1f007?s=96&d=mm&r=g","caption":"admin"},"sameAs":["https:\/\/kibrisdakik.com"],"url":"https:\/\/kibrisdakik.com\/?author=1"}]}},"_links":{"self":[{"href":"https:\/\/kibrisdakik.com\/index.php?rest_route=\/wp\/v2\/posts\/5106","targetHints":{"allow":["GET"]}}],"collection":[{"href":"https:\/\/kibrisdakik.com\/index.php?rest_route=\/wp\/v2\/posts"}],"about":[{"href":"https:\/\/kibrisdakik.com\/index.php?rest_route=\/wp\/v2\/types\/post"}],"author":[{"embeddable":true,"href":"https:\/\/kibrisdakik.com\/index.php?rest_route=\/wp\/v2\/users\/1"}],"replies":[{"embeddable":true,"href":"https:\/\/kibrisdakik.com\/index.php?rest_route=%2Fwp%2Fv2%2Fcomments&post=5106"}],"version-history":[{"count":0,"href":"https:\/\/kibrisdakik.com\/index.php?rest_route=\/wp\/v2\/posts\/5106\/revisions"}],"wp:featuredmedia":[{"embeddable":true,"href":"https:\/\/kibrisdakik.com\/index.php?rest_route=\/wp\/v2\/media\/5107"}],"wp:attachment":[{"href":"https:\/\/kibrisdakik.com\/index.php?rest_route=%2Fwp%2Fv2%2Fmedia&parent=5106"}],"wp:term":[{"taxonomy":"category","embeddable":true,"href":"https:\/\/kibrisdakik.com\/index.php?rest_route=%2Fwp%2Fv2%2Fcategories&post=5106"},{"taxonomy":"post_tag","embeddable":true,"href":"https:\/\/kibrisdakik.com\/index.php?rest_route=%2Fwp%2Fv2%2Ftags&post=5106"}],"curies":[{"name":"wp","href":"https:\/\/api.w.org\/{rel}","templated":true}]}}