{"id":5114,"date":"2023-04-14T07:39:12","date_gmt":"2023-04-14T07:39:12","guid":{"rendered":"https:\/\/kibrisdakik.com\/index.php\/2023\/04\/14\/girnede-genclik-meclisi-ilk-toplantisini-yapti\/"},"modified":"2023-04-14T07:39:12","modified_gmt":"2023-04-14T07:39:12","slug":"girnede-genclik-meclisi-ilk-toplantisini-yapti","status":"publish","type":"post","link":"https:\/\/kibrisdakik.com\/?p=5114","title":{"rendered":"Girne\u2019de \u201cGen\u00e7lik Meclisi\u201d ilk toplant\u0131s\u0131n\u0131 yapt\u0131"},"content":{"rendered":"<p><\/p>\n<div>\n<div class=\"mariselle-image-container center\">\n                <img width=\"1720\" height=\"832\" class=\"lazy-image\" alt=\"\" decoding=\"async\" loading=\"lazy\" sizes=\"auto, (max-width: 1720px) 100vw, 1720px\" src=\"https:\/\/brtk.net\/wp-content\/uploads\/2023\/04\/14\/g3jl4j5t3.jpg?ver=cfc9674f07c42bae795c6d83e559c00a\" srcset=\"https:\/\/brtk.net\/wp-content\/uploads\/2023\/04\/14\/g3jl4j5t3.jpg?ver=cfc9674f07c42bae795c6d83e559c00a 1720w, https:\/\/brtk.net\/wp-content\/uploads\/2023\/04\/14\/g3jl4j5t3-300x145.jpg?ver=cfc9674f07c42bae795c6d83e559c00a 300w, https:\/\/brtk.net\/wp-content\/uploads\/2023\/04\/14\/g3jl4j5t3-1024x495.jpg?ver=cfc9674f07c42bae795c6d83e559c00a 1024w, https:\/\/brtk.net\/wp-content\/uploads\/2023\/04\/14\/g3jl4j5t3-768x371.jpg?ver=cfc9674f07c42bae795c6d83e559c00a 768w, https:\/\/brtk.net\/wp-content\/uploads\/2023\/04\/14\/g3jl4j5t3-1536x743.jpg?ver=e588e4997cee5b8824c2ff76ebfb3304 1536w\"\/>                            <\/div>\n<p>Girne\u2019de \u00f6rg\u00fctl\u00fc partiler, sivil toplum \u00f6rg\u00fctleri, gen\u00e7lik olu\u015fumlar\u0131 ve temsilcilerinin kat\u0131l\u0131m\u0131yla ilk toplant\u0131 yap\u0131ld\u0131.<\/p>\n<p>Girne Belediyesi\u2019nden verilen bilgiye g\u00f6re, Girne Belediye Ba\u015fkan\u0131 Murat \u015eenkul gen\u00e7lerle bulu\u015ftu.<\/p>\n<p>\u201cGen\u00e7lik Meclisi\u201d ad\u0131 alt\u0131nda ilki Girne Belediyesi Oda Tiyatrosu\u2019nda yer alan toplant\u0131ya, Girne\u2019de \u00f6rg\u00fctl\u00fc partiler, sivil toplum \u00f6rg\u00fctleri, gen\u00e7lik olu\u015fumlar\u0131 ve temsilcileri kat\u0131ld\u0131.<\/p>\n<p>Girne\u2019de gen\u00e7lerin Girne Belediyesi\u2019nden beklentilerinin masaya yat\u0131r\u0131ld\u0131\u011f\u0131 toplant\u0131da, Girne kenti i\u00e7in yap\u0131lacak \u00e7al\u0131\u015fmalarda ortak ad\u0131m at\u0131lmas\u0131 y\u00f6n\u00fcnde fikir birli\u011fi sa\u011fland\u0131.<\/p>\n<p>\u00d6te yandan d\u00fczenli devam edecek \u201cGen\u00e7lik Meclisi\u201d toplant\u0131lar\u0131n\u0131n ikincisi 4 May\u0131s Per\u015fembe saat 18.00\u2019de, Gen\u00e7lik Komisyonlar\u0131 olu\u015fturulmas\u0131 g\u00fcndemiyle yap\u0131lacak ve t\u00fcm gen\u00e7lere a\u00e7\u0131k olacak.<\/p>\n<p><strong>-\u015eenkul: \u201cGen\u00e7lerin de dahil oldu\u011fu bir y\u00f6netim anlay\u0131\u015f\u0131\u201d<\/strong><\/p>\n<p>Girne Belediye Ba\u015fkan\u0131 Murat \u015eenkul, Girne kentiyle ilgili at\u0131lacak her ad\u0131mda gen\u00e7lerin de s\u00f6z hakk\u0131 sahibi olmas\u0131n\u0131n \u00f6nemine de\u011finerek, ileride yap\u0131lacak toplant\u0131lar\u0131n daha da geni\u015f kat\u0131l\u0131mla ve \u00e7ok \u00e7e\u015fitli misyonlar\u0131n dahil olaca\u011f\u0131 \u015fekilde ger\u00e7ekle\u015ftirilmesi hedefinde olduklar\u0131n\u0131 s\u00f6yledi.<\/p>\n<p>Bu sayede ortaya konulacak fikirlerin geli\u015ftirilerek hayata ge\u00e7irilmesinin \u00f6n\u00fcn\u00fc a\u00e7mak iste\u011fini dile getiren \u015eenkul, Gen\u00e7lik Meclisi toplant\u0131lar\u0131n\u0131n hedefine ula\u015fmas\u0131yla birlikte belediye \u00e7at\u0131s\u0131 alt\u0131nda daha kat\u0131l\u0131mc\u0131 ve i\u015flevsel yap\u0131lar kurulmas\u0131n\u0131, bu yap\u0131lar\u0131n belediye meclis toplant\u0131lar\u0131na dahil edilerek etken olmas\u0131n\u0131 istedi\u011fini belirtti.<\/p>\n<p>Gen\u00e7lerin fikirlerinin Girne\u2019de uygulanabilmesi i\u00e7in 2023 y\u0131l\u0131 b\u00fct\u00e7esinden, bu toplant\u0131lardan \u00e7\u0131kacak bir projeye kaynak ayr\u0131ld\u0131\u011f\u0131n\u0131 a\u00e7\u0131klayan \u015eenkul, Antis b\u00f6lgesi ve di\u011fer belirlenmi\u015f baz\u0131 b\u00f6lgelerde devam eden \u00e7al\u0131\u015fmalar\u0131n ve in\u015faatlar\u0131n gen\u00e7lerin daha uygun ve \u00e7e\u015fitli olanaklara ula\u015fmas\u0131n\u0131 sa\u011flayacak \u015fekilde planland\u0131\u011f\u0131n\u0131 belirtti.<\/p>\n<\/p><\/div>\n<p><script async\n                    defer\n                    crossorigin=\"anonymous\"\n                    src=\"https:\/\/connect.facebook.net\/tr_TR\/sdk.js#xfbml=1&#038;version=v3.3\"\n            ><\/script><\/p>\n","protected":false},"excerpt":{"rendered":"<p>Girne\u2019de \u00f6rg\u00fctl\u00fc partiler, sivil toplum \u00f6rg\u00fctleri, gen\u00e7lik olu\u015fumlar\u0131 ve temsilcilerinin kat\u0131l\u0131m\u0131yla ilk toplant\u0131 yap\u0131ld\u0131. Girne Belediyesi\u2019nden verilen bilgiye g\u00f6re, Girne Belediye Ba\u015fkan\u0131 Murat \u015eenkul gen\u00e7lerle bulu\u015ftu. \u201cGen\u00e7lik Meclisi\u201d ad\u0131 alt\u0131nda ilki Girne Belediyesi Oda Tiyatrosu\u2019nda yer alan toplant\u0131ya, Girne\u2019de \u00f6rg\u00fctl\u00fc partiler, sivil toplum \u00f6rg\u00fctleri, gen\u00e7lik olu\u015fumlar\u0131 ve temsilcileri kat\u0131ld\u0131. Girne\u2019de gen\u00e7lerin Girne Belediyesi\u2019nden beklentilerinin masaya<\/p>\n","protected":false},"author":1,"featured_media":5115,"comment_status":"open","ping_status":"open","sticky":false,"template":"","format":"standard","meta":{"footnotes":""},"categories":[1],"tags":[],"class_list":["post-5114","post","type-post","status-publish","format-standard","has-post-thumbnail","hentry","category-gundem"],"yoast_head":"<!-- This site is optimized with the Yoast SEO plugin v27.5 - https:\/\/yoast.com\/product\/yoast-seo-wordpress\/ -->\n<title>Girne\u2019de \u201cGen\u00e7lik Meclisi\u201d ilk toplant\u0131s\u0131n\u0131 yapt\u0131 -<\/title>\n<meta name=\"robots\" content=\"index, follow, max-snippet:-1, max-image-preview:large, max-video-preview:-1\" \/>\n<link rel=\"canonical\" href=\"https:\/\/kibrisdakik.com\/?p=5114\" \/>\n<meta property=\"og:locale\" content=\"tr_TR\" \/>\n<meta property=\"og:type\" content=\"article\" \/>\n<meta property=\"og:title\" content=\"Girne\u2019de \u201cGen\u00e7lik Meclisi\u201d ilk toplant\u0131s\u0131n\u0131 yapt\u0131 -\" \/>\n<meta property=\"og:description\" content=\"Girne\u2019de \u00f6rg\u00fctl\u00fc partiler, sivil toplum \u00f6rg\u00fctleri, gen\u00e7lik olu\u015fumlar\u0131 ve temsilcilerinin kat\u0131l\u0131m\u0131yla ilk toplant\u0131 yap\u0131ld\u0131. Girne Belediyesi\u2019nden verilen bilgiye g\u00f6re, Girne Belediye Ba\u015fkan\u0131 Murat \u015eenkul gen\u00e7lerle bulu\u015ftu. \u201cGen\u00e7lik Meclisi\u201d ad\u0131 alt\u0131nda ilki Girne Belediyesi Oda Tiyatrosu\u2019nda yer alan toplant\u0131ya, Girne\u2019de \u00f6rg\u00fctl\u00fc partiler, sivil toplum \u00f6rg\u00fctleri, gen\u00e7lik olu\u015fumlar\u0131 ve temsilcileri kat\u0131ld\u0131. Girne\u2019de gen\u00e7lerin Girne Belediyesi\u2019nden beklentilerinin masaya\" \/>\n<meta property=\"og:url\" content=\"https:\/\/kibrisdakik.com\/?p=5114\" \/>\n<meta property=\"article:published_time\" content=\"2023-04-14T07:39:12+00:00\" \/>\n<meta property=\"og:image\" content=\"https:\/\/kibrisdakik.com\/wp-content\/uploads\/2023\/04\/g3jl4j5t3-740x420.jpg\" \/>\n\t<meta property=\"og:image:width\" content=\"1720\" \/>\n\t<meta property=\"og:image:height\" content=\"832\" \/>\n\t<meta property=\"og:image:type\" content=\"image\/jpeg\" \/>\n<meta name=\"author\" content=\"admin\" \/>\n<meta name=\"twitter:card\" content=\"summary_large_image\" \/>\n<meta name=\"twitter:label1\" content=\"Yazan:\" \/>\n\t<meta name=\"twitter:data1\" content=\"admin\" \/>\n\t<meta name=\"twitter:label2\" content=\"Tahmini okuma s\u00fcresi\" \/>\n\t<meta name=\"twitter:data2\" content=\"2 dakika\" \/>\n<script type=\"application\/ld+json\" class=\"yoast-schema-graph\">{\"@context\":\"https:\\\/\\\/schema.org\",\"@graph\":[{\"@type\":\"Article\",\"@id\":\"https:\\\/\\\/kibrisdakik.com\\\/?p=5114#article\",\"isPartOf\":{\"@id\":\"https:\\\/\\\/kibrisdakik.com\\\/?p=5114\"},\"author\":{\"name\":\"admin\",\"@id\":\"https:\\\/\\\/kibrisdakik.com\\\/#\\\/schema\\\/person\\\/9cd9d437bbb44f72b73ba127e06d8e79\"},\"headline\":\"Girne\u2019de \u201cGen\u00e7lik Meclisi\u201d ilk toplant\u0131s\u0131n\u0131 yapt\u0131\",\"datePublished\":\"2023-04-14T07:39:12+00:00\",\"mainEntityOfPage\":{\"@id\":\"https:\\\/\\\/kibrisdakik.com\\\/?p=5114\"},\"wordCount\":349,\"commentCount\":0,\"image\":{\"@id\":\"https:\\\/\\\/kibrisdakik.com\\\/?p=5114#primaryimage\"},\"thumbnailUrl\":\"https:\\\/\\\/kibrisdakik.com\\\/wp-content\\\/uploads\\\/2023\\\/04\\\/g3jl4j5t3-740x420.jpg\",\"articleSection\":[\"G\u00fcndem\"],\"inLanguage\":\"tr\",\"potentialAction\":[{\"@type\":\"CommentAction\",\"name\":\"Comment\",\"target\":[\"https:\\\/\\\/kibrisdakik.com\\\/?p=5114#respond\"]}]},{\"@type\":\"WebPage\",\"@id\":\"https:\\\/\\\/kibrisdakik.com\\\/?p=5114\",\"url\":\"https:\\\/\\\/kibrisdakik.com\\\/?p=5114\",\"name\":\"Girne\u2019de \u201cGen\u00e7lik Meclisi\u201d ilk toplant\u0131s\u0131n\u0131 yapt\u0131 -\",\"isPartOf\":{\"@id\":\"https:\\\/\\\/kibrisdakik.com\\\/#website\"},\"primaryImageOfPage\":{\"@id\":\"https:\\\/\\\/kibrisdakik.com\\\/?p=5114#primaryimage\"},\"image\":{\"@id\":\"https:\\\/\\\/kibrisdakik.com\\\/?p=5114#primaryimage\"},\"thumbnailUrl\":\"https:\\\/\\\/kibrisdakik.com\\\/wp-content\\\/uploads\\\/2023\\\/04\\\/g3jl4j5t3-740x420.jpg\",\"datePublished\":\"2023-04-14T07:39:12+00:00\",\"author\":{\"@id\":\"https:\\\/\\\/kibrisdakik.com\\\/#\\\/schema\\\/person\\\/9cd9d437bbb44f72b73ba127e06d8e79\"},\"breadcrumb\":{\"@id\":\"https:\\\/\\\/kibrisdakik.com\\\/?p=5114#breadcrumb\"},\"inLanguage\":\"tr\",\"potentialAction\":[{\"@type\":\"ReadAction\",\"target\":[\"https:\\\/\\\/kibrisdakik.com\\\/?p=5114\"]}]},{\"@type\":\"ImageObject\",\"inLanguage\":\"tr\",\"@id\":\"https:\\\/\\\/kibrisdakik.com\\\/?p=5114#primaryimage\",\"url\":\"https:\\\/\\\/kibrisdakik.com\\\/wp-content\\\/uploads\\\/2023\\\/04\\\/g3jl4j5t3-740x420.jpg\",\"contentUrl\":\"https:\\\/\\\/kibrisdakik.com\\\/wp-content\\\/uploads\\\/2023\\\/04\\\/g3jl4j5t3-740x420.jpg\",\"width\":1720,\"height\":832},{\"@type\":\"BreadcrumbList\",\"@id\":\"https:\\\/\\\/kibrisdakik.com\\\/?p=5114#breadcrumb\",\"itemListElement\":[{\"@type\":\"ListItem\",\"position\":1,\"name\":\"Home\",\"item\":\"https:\\\/\\\/kibrisdakik.com\\\/\"},{\"@type\":\"ListItem\",\"position\":2,\"name\":\"Girne\u2019de \u201cGen\u00e7lik Meclisi\u201d ilk toplant\u0131s\u0131n\u0131 yapt\u0131\"}]},{\"@type\":\"WebSite\",\"@id\":\"https:\\\/\\\/kibrisdakik.com\\\/#website\",\"url\":\"https:\\\/\\\/kibrisdakik.com\\\/\",\"name\":\"\",\"description\":\"Tam vaktinde haber\",\"potentialAction\":[{\"@type\":\"SearchAction\",\"target\":{\"@type\":\"EntryPoint\",\"urlTemplate\":\"https:\\\/\\\/kibrisdakik.com\\\/?s={search_term_string}\"},\"query-input\":{\"@type\":\"PropertyValueSpecification\",\"valueRequired\":true,\"valueName\":\"search_term_string\"}}],\"inLanguage\":\"tr\"},{\"@type\":\"Person\",\"@id\":\"https:\\\/\\\/kibrisdakik.com\\\/#\\\/schema\\\/person\\\/9cd9d437bbb44f72b73ba127e06d8e79\",\"name\":\"admin\",\"image\":{\"@type\":\"ImageObject\",\"inLanguage\":\"tr\",\"@id\":\"https:\\\/\\\/secure.gravatar.com\\\/avatar\\\/ccc17943b9d660506c869530f897617f7cb1c21a4bf30023f252596d83e1f007?s=96&d=mm&r=g\",\"url\":\"https:\\\/\\\/secure.gravatar.com\\\/avatar\\\/ccc17943b9d660506c869530f897617f7cb1c21a4bf30023f252596d83e1f007?s=96&d=mm&r=g\",\"contentUrl\":\"https:\\\/\\\/secure.gravatar.com\\\/avatar\\\/ccc17943b9d660506c869530f897617f7cb1c21a4bf30023f252596d83e1f007?s=96&d=mm&r=g\",\"caption\":\"admin\"},\"sameAs\":[\"https:\\\/\\\/kibrisdakik.com\"],\"url\":\"https:\\\/\\\/kibrisdakik.com\\\/?author=1\"}]}<\/script>\n<!-- \/ Yoast SEO plugin. -->","yoast_head_json":{"title":"Girne\u2019de \u201cGen\u00e7lik Meclisi\u201d ilk toplant\u0131s\u0131n\u0131 yapt\u0131 -","robots":{"index":"index","follow":"follow","max-snippet":"max-snippet:-1","max-image-preview":"max-image-preview:large","max-video-preview":"max-video-preview:-1"},"canonical":"https:\/\/kibrisdakik.com\/?p=5114","og_locale":"tr_TR","og_type":"article","og_title":"Girne\u2019de \u201cGen\u00e7lik Meclisi\u201d ilk toplant\u0131s\u0131n\u0131 yapt\u0131 -","og_description":"Girne\u2019de \u00f6rg\u00fctl\u00fc partiler, sivil toplum \u00f6rg\u00fctleri, gen\u00e7lik olu\u015fumlar\u0131 ve temsilcilerinin kat\u0131l\u0131m\u0131yla ilk toplant\u0131 yap\u0131ld\u0131. Girne Belediyesi\u2019nden verilen bilgiye g\u00f6re, Girne Belediye Ba\u015fkan\u0131 Murat \u015eenkul gen\u00e7lerle bulu\u015ftu. \u201cGen\u00e7lik Meclisi\u201d ad\u0131 alt\u0131nda ilki Girne Belediyesi Oda Tiyatrosu\u2019nda yer alan toplant\u0131ya, Girne\u2019de \u00f6rg\u00fctl\u00fc partiler, sivil toplum \u00f6rg\u00fctleri, gen\u00e7lik olu\u015fumlar\u0131 ve temsilcileri kat\u0131ld\u0131. Girne\u2019de gen\u00e7lerin Girne Belediyesi\u2019nden beklentilerinin masaya","og_url":"https:\/\/kibrisdakik.com\/?p=5114","article_published_time":"2023-04-14T07:39:12+00:00","og_image":[{"width":1720,"height":832,"url":"https:\/\/kibrisdakik.com\/wp-content\/uploads\/2023\/04\/g3jl4j5t3-740x420.jpg","type":"image\/jpeg"}],"author":"admin","twitter_card":"summary_large_image","twitter_misc":{"Yazan:":"admin","Tahmini okuma s\u00fcresi":"2 dakika"},"schema":{"@context":"https:\/\/schema.org","@graph":[{"@type":"Article","@id":"https:\/\/kibrisdakik.com\/?p=5114#article","isPartOf":{"@id":"https:\/\/kibrisdakik.com\/?p=5114"},"author":{"name":"admin","@id":"https:\/\/kibrisdakik.com\/#\/schema\/person\/9cd9d437bbb44f72b73ba127e06d8e79"},"headline":"Girne\u2019de \u201cGen\u00e7lik Meclisi\u201d ilk toplant\u0131s\u0131n\u0131 yapt\u0131","datePublished":"2023-04-14T07:39:12+00:00","mainEntityOfPage":{"@id":"https:\/\/kibrisdakik.com\/?p=5114"},"wordCount":349,"commentCount":0,"image":{"@id":"https:\/\/kibrisdakik.com\/?p=5114#primaryimage"},"thumbnailUrl":"https:\/\/kibrisdakik.com\/wp-content\/uploads\/2023\/04\/g3jl4j5t3-740x420.jpg","articleSection":["G\u00fcndem"],"inLanguage":"tr","potentialAction":[{"@type":"CommentAction","name":"Comment","target":["https:\/\/kibrisdakik.com\/?p=5114#respond"]}]},{"@type":"WebPage","@id":"https:\/\/kibrisdakik.com\/?p=5114","url":"https:\/\/kibrisdakik.com\/?p=5114","name":"Girne\u2019de \u201cGen\u00e7lik Meclisi\u201d ilk toplant\u0131s\u0131n\u0131 yapt\u0131 -","isPartOf":{"@id":"https:\/\/kibrisdakik.com\/#website"},"primaryImageOfPage":{"@id":"https:\/\/kibrisdakik.com\/?p=5114#primaryimage"},"image":{"@id":"https:\/\/kibrisdakik.com\/?p=5114#primaryimage"},"thumbnailUrl":"https:\/\/kibrisdakik.com\/wp-content\/uploads\/2023\/04\/g3jl4j5t3-740x420.jpg","datePublished":"2023-04-14T07:39:12+00:00","author":{"@id":"https:\/\/kibrisdakik.com\/#\/schema\/person\/9cd9d437bbb44f72b73ba127e06d8e79"},"breadcrumb":{"@id":"https:\/\/kibrisdakik.com\/?p=5114#breadcrumb"},"inLanguage":"tr","potentialAction":[{"@type":"ReadAction","target":["https:\/\/kibrisdakik.com\/?p=5114"]}]},{"@type":"ImageObject","inLanguage":"tr","@id":"https:\/\/kibrisdakik.com\/?p=5114#primaryimage","url":"https:\/\/kibrisdakik.com\/wp-content\/uploads\/2023\/04\/g3jl4j5t3-740x420.jpg","contentUrl":"https:\/\/kibrisdakik.com\/wp-content\/uploads\/2023\/04\/g3jl4j5t3-740x420.jpg","width":1720,"height":832},{"@type":"BreadcrumbList","@id":"https:\/\/kibrisdakik.com\/?p=5114#breadcrumb","itemListElement":[{"@type":"ListItem","position":1,"name":"Home","item":"https:\/\/kibrisdakik.com\/"},{"@type":"ListItem","position":2,"name":"Girne\u2019de \u201cGen\u00e7lik Meclisi\u201d ilk toplant\u0131s\u0131n\u0131 yapt\u0131"}]},{"@type":"WebSite","@id":"https:\/\/kibrisdakik.com\/#website","url":"https:\/\/kibrisdakik.com\/","name":"","description":"Tam vaktinde haber","potentialAction":[{"@type":"SearchAction","target":{"@type":"EntryPoint","urlTemplate":"https:\/\/kibrisdakik.com\/?s={search_term_string}"},"query-input":{"@type":"PropertyValueSpecification","valueRequired":true,"valueName":"search_term_string"}}],"inLanguage":"tr"},{"@type":"Person","@id":"https:\/\/kibrisdakik.com\/#\/schema\/person\/9cd9d437bbb44f72b73ba127e06d8e79","name":"admin","image":{"@type":"ImageObject","inLanguage":"tr","@id":"https:\/\/secure.gravatar.com\/avatar\/ccc17943b9d660506c869530f897617f7cb1c21a4bf30023f252596d83e1f007?s=96&d=mm&r=g","url":"https:\/\/secure.gravatar.com\/avatar\/ccc17943b9d660506c869530f897617f7cb1c21a4bf30023f252596d83e1f007?s=96&d=mm&r=g","contentUrl":"https:\/\/secure.gravatar.com\/avatar\/ccc17943b9d660506c869530f897617f7cb1c21a4bf30023f252596d83e1f007?s=96&d=mm&r=g","caption":"admin"},"sameAs":["https:\/\/kibrisdakik.com"],"url":"https:\/\/kibrisdakik.com\/?author=1"}]}},"_links":{"self":[{"href":"https:\/\/kibrisdakik.com\/index.php?rest_route=\/wp\/v2\/posts\/5114","targetHints":{"allow":["GET"]}}],"collection":[{"href":"https:\/\/kibrisdakik.com\/index.php?rest_route=\/wp\/v2\/posts"}],"about":[{"href":"https:\/\/kibrisdakik.com\/index.php?rest_route=\/wp\/v2\/types\/post"}],"author":[{"embeddable":true,"href":"https:\/\/kibrisdakik.com\/index.php?rest_route=\/wp\/v2\/users\/1"}],"replies":[{"embeddable":true,"href":"https:\/\/kibrisdakik.com\/index.php?rest_route=%2Fwp%2Fv2%2Fcomments&post=5114"}],"version-history":[{"count":0,"href":"https:\/\/kibrisdakik.com\/index.php?rest_route=\/wp\/v2\/posts\/5114\/revisions"}],"wp:featuredmedia":[{"embeddable":true,"href":"https:\/\/kibrisdakik.com\/index.php?rest_route=\/wp\/v2\/media\/5115"}],"wp:attachment":[{"href":"https:\/\/kibrisdakik.com\/index.php?rest_route=%2Fwp%2Fv2%2Fmedia&parent=5114"}],"wp:term":[{"taxonomy":"category","embeddable":true,"href":"https:\/\/kibrisdakik.com\/index.php?rest_route=%2Fwp%2Fv2%2Fcategories&post=5114"},{"taxonomy":"post_tag","embeddable":true,"href":"https:\/\/kibrisdakik.com\/index.php?rest_route=%2Fwp%2Fv2%2Ftags&post=5114"}],"curies":[{"name":"wp","href":"https:\/\/api.w.org\/{rel}","templated":true}]}}