{"id":51144,"date":"2024-08-02T13:51:20","date_gmt":"2024-08-02T13:51:20","guid":{"rendered":"https:\/\/kibrisdakik.com\/index.php\/2024\/08\/02\/turkiyede-instagrama-erisim-engeli-getirildi\/"},"modified":"2024-08-02T13:51:20","modified_gmt":"2024-08-02T13:51:20","slug":"turkiyede-instagrama-erisim-engeli-getirildi","status":"publish","type":"post","link":"https:\/\/kibrisdakik.com\/?p=51144","title":{"rendered":"T\u00fcrkiye\u2019de Instagram\u2019a eri\u015fim engeli getirildi"},"content":{"rendered":"<p><\/p>\n<div>\n<div class=\"mariselle-image-container center\">\n                <img loading=\"lazy\" decoding=\"async\" width=\"864\" height=\"486\" class=\"lazy-image\" alt=\"\" sizes=\"auto, (max-width: 864px) 100vw, 864px\" src=\"https:\/\/brtk.net\/wp-content\/uploads\/2024\/08\/02\/instagram.jpg?ver=b84c2b8e594c34b49b284ae062d8df2b\" srcset=\"https:\/\/brtk.net\/wp-content\/uploads\/2024\/08\/02\/instagram.jpg?ver=b84c2b8e594c34b49b284ae062d8df2b 864w, https:\/\/brtk.net\/wp-content\/uploads\/2024\/08\/02\/instagram-300x169.jpg?ver=064f7cba1f910796b6dbd4dfe9d7924c 300w, https:\/\/brtk.net\/wp-content\/uploads\/2024\/08\/02\/instagram-768x432.jpg?ver=064f7cba1f910796b6dbd4dfe9d7924c 768w\"\/>                            <\/div>\n<p>T\u00fcrkiye\u2019de Bilgi Teknolojileri ve \u0130leti\u015fim Kurumu (BTK) taraf\u0131ndan sosyal medya platformu Instagram\u2019a eri\u015fim engeli getirildi.<\/p>\n<p>BTK\u2019nin \u201csite bilgileri sorgu sayfas\u0131nda\u201d, Instagram\u2019a eri\u015fim engeli karar\u0131 al\u0131nd\u0131\u011f\u0131 belirtildi.<\/p>\n<p>BTK\u2019n\u0131n sayfas\u0131nda yer alan bilgi notunda \u201cinstagram.com 02\/08\/2024 tarihli ve 490.05.01.2024.-608903 say\u0131l\u0131 Bilgi Teknolojileri ve \u0130leti\u015fim Kurumu karar\u0131yla eri\u015fime engellenmi\u015ftir\u201d denildi.<\/p>\n<p>Kurum, taraf\u0131ndan yap\u0131lan son a\u00e7\u0131klamaya g\u00f6re, \u201cInstagram katalog su\u00e7lara uymad\u0131\u011f\u0131 gerek\u00e7esiyle\u201d kapat\u0131ld\u0131. Ancak eri\u015fim engelinin ne kadar s\u00fcrece\u011fine dair herhangi bir bilgi verilmedi.<\/p>\n<\/p><\/div>\n<p><script async\n                    defer\n                    crossorigin=\"anonymous\"\n                    src=\"https:\/\/connect.facebook.net\/tr_TR\/sdk.js#xfbml=1&#038;version=v3.3\"\n            ><\/script><script async src=\"\/\/www.instagram.com\/embed.js\"><\/script><\/p>\n","protected":false},"excerpt":{"rendered":"<p>T\u00fcrkiye\u2019de Bilgi Teknolojileri ve \u0130leti\u015fim Kurumu (BTK) taraf\u0131ndan sosyal medya platformu Instagram\u2019a eri\u015fim engeli getirildi. BTK\u2019nin \u201csite bilgileri sorgu sayfas\u0131nda\u201d, Instagram\u2019a eri\u015fim engeli karar\u0131 al\u0131nd\u0131\u011f\u0131 belirtildi. BTK\u2019n\u0131n sayfas\u0131nda yer alan bilgi notunda \u201cinstagram.com 02\/08\/2024 tarihli ve 490.05.01.2024.-608903 say\u0131l\u0131 Bilgi Teknolojileri ve \u0130leti\u015fim Kurumu karar\u0131yla eri\u015fime engellenmi\u015ftir\u201d denildi. Kurum, taraf\u0131ndan yap\u0131lan son a\u00e7\u0131klamaya g\u00f6re, \u201cInstagram katalog<\/p>\n","protected":false},"author":1,"featured_media":51145,"comment_status":"open","ping_status":"open","sticky":false,"template":"","format":"standard","meta":{"footnotes":""},"categories":[86],"tags":[],"class_list":["post-51144","post","type-post","status-publish","format-standard","has-post-thumbnail","hentry","category-turkiye"],"yoast_head":"<!-- This site is optimized with the Yoast SEO plugin v27.5 - https:\/\/yoast.com\/product\/yoast-seo-wordpress\/ -->\n<title>T\u00fcrkiye\u2019de Instagram\u2019a eri\u015fim engeli getirildi -<\/title>\n<meta name=\"robots\" content=\"index, follow, max-snippet:-1, max-image-preview:large, max-video-preview:-1\" \/>\n<link rel=\"canonical\" href=\"https:\/\/kibrisdakik.com\/?p=51144\" \/>\n<meta property=\"og:locale\" content=\"tr_TR\" \/>\n<meta property=\"og:type\" content=\"article\" \/>\n<meta property=\"og:title\" content=\"T\u00fcrkiye\u2019de Instagram\u2019a eri\u015fim engeli getirildi -\" \/>\n<meta property=\"og:description\" content=\"T\u00fcrkiye\u2019de Bilgi Teknolojileri ve \u0130leti\u015fim Kurumu (BTK) taraf\u0131ndan sosyal medya platformu Instagram\u2019a eri\u015fim engeli getirildi. BTK\u2019nin \u201csite bilgileri sorgu sayfas\u0131nda\u201d, Instagram\u2019a eri\u015fim engeli karar\u0131 al\u0131nd\u0131\u011f\u0131 belirtildi. BTK\u2019n\u0131n sayfas\u0131nda yer alan bilgi notunda \u201cinstagram.com 02\/08\/2024 tarihli ve 490.05.01.2024.-608903 say\u0131l\u0131 Bilgi Teknolojileri ve \u0130leti\u015fim Kurumu karar\u0131yla eri\u015fime engellenmi\u015ftir\u201d denildi. Kurum, taraf\u0131ndan yap\u0131lan son a\u00e7\u0131klamaya g\u00f6re, \u201cInstagram katalog\" \/>\n<meta property=\"og:url\" content=\"https:\/\/kibrisdakik.com\/?p=51144\" \/>\n<meta property=\"article:published_time\" content=\"2024-08-02T13:51:20+00:00\" \/>\n<meta property=\"og:image\" content=\"https:\/\/kibrisdakik.com\/wp-content\/uploads\/2024\/08\/instagram-740x420.jpg\" \/>\n\t<meta property=\"og:image:width\" content=\"864\" \/>\n\t<meta property=\"og:image:height\" content=\"486\" \/>\n\t<meta property=\"og:image:type\" content=\"image\/jpeg\" \/>\n<meta name=\"author\" content=\"admin\" \/>\n<meta name=\"twitter:card\" content=\"summary_large_image\" \/>\n<meta name=\"twitter:label1\" content=\"Yazan:\" \/>\n\t<meta name=\"twitter:data1\" content=\"admin\" \/>\n<script type=\"application\/ld+json\" class=\"yoast-schema-graph\">{\"@context\":\"https:\\\/\\\/schema.org\",\"@graph\":[{\"@type\":\"Article\",\"@id\":\"https:\\\/\\\/kibrisdakik.com\\\/?p=51144#article\",\"isPartOf\":{\"@id\":\"https:\\\/\\\/kibrisdakik.com\\\/?p=51144\"},\"author\":{\"name\":\"admin\",\"@id\":\"https:\\\/\\\/kibrisdakik.com\\\/#\\\/schema\\\/person\\\/9cd9d437bbb44f72b73ba127e06d8e79\"},\"headline\":\"T\u00fcrkiye\u2019de Instagram\u2019a eri\u015fim engeli getirildi\",\"datePublished\":\"2024-08-02T13:51:20+00:00\",\"mainEntityOfPage\":{\"@id\":\"https:\\\/\\\/kibrisdakik.com\\\/?p=51144\"},\"wordCount\":108,\"commentCount\":0,\"image\":{\"@id\":\"https:\\\/\\\/kibrisdakik.com\\\/?p=51144#primaryimage\"},\"thumbnailUrl\":\"https:\\\/\\\/kibrisdakik.com\\\/wp-content\\\/uploads\\\/2024\\\/08\\\/instagram-740x420.jpg\",\"articleSection\":[\"T\u00fcrkiye\"],\"inLanguage\":\"tr\",\"potentialAction\":[{\"@type\":\"CommentAction\",\"name\":\"Comment\",\"target\":[\"https:\\\/\\\/kibrisdakik.com\\\/?p=51144#respond\"]}]},{\"@type\":\"WebPage\",\"@id\":\"https:\\\/\\\/kibrisdakik.com\\\/?p=51144\",\"url\":\"https:\\\/\\\/kibrisdakik.com\\\/?p=51144\",\"name\":\"T\u00fcrkiye\u2019de Instagram\u2019a eri\u015fim engeli getirildi -\",\"isPartOf\":{\"@id\":\"https:\\\/\\\/kibrisdakik.com\\\/#website\"},\"primaryImageOfPage\":{\"@id\":\"https:\\\/\\\/kibrisdakik.com\\\/?p=51144#primaryimage\"},\"image\":{\"@id\":\"https:\\\/\\\/kibrisdakik.com\\\/?p=51144#primaryimage\"},\"thumbnailUrl\":\"https:\\\/\\\/kibrisdakik.com\\\/wp-content\\\/uploads\\\/2024\\\/08\\\/instagram-740x420.jpg\",\"datePublished\":\"2024-08-02T13:51:20+00:00\",\"author\":{\"@id\":\"https:\\\/\\\/kibrisdakik.com\\\/#\\\/schema\\\/person\\\/9cd9d437bbb44f72b73ba127e06d8e79\"},\"breadcrumb\":{\"@id\":\"https:\\\/\\\/kibrisdakik.com\\\/?p=51144#breadcrumb\"},\"inLanguage\":\"tr\",\"potentialAction\":[{\"@type\":\"ReadAction\",\"target\":[\"https:\\\/\\\/kibrisdakik.com\\\/?p=51144\"]}]},{\"@type\":\"ImageObject\",\"inLanguage\":\"tr\",\"@id\":\"https:\\\/\\\/kibrisdakik.com\\\/?p=51144#primaryimage\",\"url\":\"https:\\\/\\\/kibrisdakik.com\\\/wp-content\\\/uploads\\\/2024\\\/08\\\/instagram-740x420.jpg\",\"contentUrl\":\"https:\\\/\\\/kibrisdakik.com\\\/wp-content\\\/uploads\\\/2024\\\/08\\\/instagram-740x420.jpg\",\"width\":864,\"height\":486},{\"@type\":\"BreadcrumbList\",\"@id\":\"https:\\\/\\\/kibrisdakik.com\\\/?p=51144#breadcrumb\",\"itemListElement\":[{\"@type\":\"ListItem\",\"position\":1,\"name\":\"Home\",\"item\":\"https:\\\/\\\/kibrisdakik.com\\\/\"},{\"@type\":\"ListItem\",\"position\":2,\"name\":\"T\u00fcrkiye\u2019de Instagram\u2019a eri\u015fim engeli getirildi\"}]},{\"@type\":\"WebSite\",\"@id\":\"https:\\\/\\\/kibrisdakik.com\\\/#website\",\"url\":\"https:\\\/\\\/kibrisdakik.com\\\/\",\"name\":\"\",\"description\":\"Tam vaktinde haber\",\"potentialAction\":[{\"@type\":\"SearchAction\",\"target\":{\"@type\":\"EntryPoint\",\"urlTemplate\":\"https:\\\/\\\/kibrisdakik.com\\\/?s={search_term_string}\"},\"query-input\":{\"@type\":\"PropertyValueSpecification\",\"valueRequired\":true,\"valueName\":\"search_term_string\"}}],\"inLanguage\":\"tr\"},{\"@type\":\"Person\",\"@id\":\"https:\\\/\\\/kibrisdakik.com\\\/#\\\/schema\\\/person\\\/9cd9d437bbb44f72b73ba127e06d8e79\",\"name\":\"admin\",\"image\":{\"@type\":\"ImageObject\",\"inLanguage\":\"tr\",\"@id\":\"https:\\\/\\\/secure.gravatar.com\\\/avatar\\\/ccc17943b9d660506c869530f897617f7cb1c21a4bf30023f252596d83e1f007?s=96&d=mm&r=g\",\"url\":\"https:\\\/\\\/secure.gravatar.com\\\/avatar\\\/ccc17943b9d660506c869530f897617f7cb1c21a4bf30023f252596d83e1f007?s=96&d=mm&r=g\",\"contentUrl\":\"https:\\\/\\\/secure.gravatar.com\\\/avatar\\\/ccc17943b9d660506c869530f897617f7cb1c21a4bf30023f252596d83e1f007?s=96&d=mm&r=g\",\"caption\":\"admin\"},\"sameAs\":[\"https:\\\/\\\/kibrisdakik.com\"],\"url\":\"https:\\\/\\\/kibrisdakik.com\\\/?author=1\"}]}<\/script>\n<!-- \/ Yoast SEO plugin. -->","yoast_head_json":{"title":"T\u00fcrkiye\u2019de Instagram\u2019a eri\u015fim engeli getirildi -","robots":{"index":"index","follow":"follow","max-snippet":"max-snippet:-1","max-image-preview":"max-image-preview:large","max-video-preview":"max-video-preview:-1"},"canonical":"https:\/\/kibrisdakik.com\/?p=51144","og_locale":"tr_TR","og_type":"article","og_title":"T\u00fcrkiye\u2019de Instagram\u2019a eri\u015fim engeli getirildi -","og_description":"T\u00fcrkiye\u2019de Bilgi Teknolojileri ve \u0130leti\u015fim Kurumu (BTK) taraf\u0131ndan sosyal medya platformu Instagram\u2019a eri\u015fim engeli getirildi. BTK\u2019nin \u201csite bilgileri sorgu sayfas\u0131nda\u201d, Instagram\u2019a eri\u015fim engeli karar\u0131 al\u0131nd\u0131\u011f\u0131 belirtildi. BTK\u2019n\u0131n sayfas\u0131nda yer alan bilgi notunda \u201cinstagram.com 02\/08\/2024 tarihli ve 490.05.01.2024.-608903 say\u0131l\u0131 Bilgi Teknolojileri ve \u0130leti\u015fim Kurumu karar\u0131yla eri\u015fime engellenmi\u015ftir\u201d denildi. Kurum, taraf\u0131ndan yap\u0131lan son a\u00e7\u0131klamaya g\u00f6re, \u201cInstagram katalog","og_url":"https:\/\/kibrisdakik.com\/?p=51144","article_published_time":"2024-08-02T13:51:20+00:00","og_image":[{"width":864,"height":486,"url":"https:\/\/kibrisdakik.com\/wp-content\/uploads\/2024\/08\/instagram-740x420.jpg","type":"image\/jpeg"}],"author":"admin","twitter_card":"summary_large_image","twitter_misc":{"Yazan:":"admin"},"schema":{"@context":"https:\/\/schema.org","@graph":[{"@type":"Article","@id":"https:\/\/kibrisdakik.com\/?p=51144#article","isPartOf":{"@id":"https:\/\/kibrisdakik.com\/?p=51144"},"author":{"name":"admin","@id":"https:\/\/kibrisdakik.com\/#\/schema\/person\/9cd9d437bbb44f72b73ba127e06d8e79"},"headline":"T\u00fcrkiye\u2019de Instagram\u2019a eri\u015fim engeli getirildi","datePublished":"2024-08-02T13:51:20+00:00","mainEntityOfPage":{"@id":"https:\/\/kibrisdakik.com\/?p=51144"},"wordCount":108,"commentCount":0,"image":{"@id":"https:\/\/kibrisdakik.com\/?p=51144#primaryimage"},"thumbnailUrl":"https:\/\/kibrisdakik.com\/wp-content\/uploads\/2024\/08\/instagram-740x420.jpg","articleSection":["T\u00fcrkiye"],"inLanguage":"tr","potentialAction":[{"@type":"CommentAction","name":"Comment","target":["https:\/\/kibrisdakik.com\/?p=51144#respond"]}]},{"@type":"WebPage","@id":"https:\/\/kibrisdakik.com\/?p=51144","url":"https:\/\/kibrisdakik.com\/?p=51144","name":"T\u00fcrkiye\u2019de Instagram\u2019a eri\u015fim engeli getirildi -","isPartOf":{"@id":"https:\/\/kibrisdakik.com\/#website"},"primaryImageOfPage":{"@id":"https:\/\/kibrisdakik.com\/?p=51144#primaryimage"},"image":{"@id":"https:\/\/kibrisdakik.com\/?p=51144#primaryimage"},"thumbnailUrl":"https:\/\/kibrisdakik.com\/wp-content\/uploads\/2024\/08\/instagram-740x420.jpg","datePublished":"2024-08-02T13:51:20+00:00","author":{"@id":"https:\/\/kibrisdakik.com\/#\/schema\/person\/9cd9d437bbb44f72b73ba127e06d8e79"},"breadcrumb":{"@id":"https:\/\/kibrisdakik.com\/?p=51144#breadcrumb"},"inLanguage":"tr","potentialAction":[{"@type":"ReadAction","target":["https:\/\/kibrisdakik.com\/?p=51144"]}]},{"@type":"ImageObject","inLanguage":"tr","@id":"https:\/\/kibrisdakik.com\/?p=51144#primaryimage","url":"https:\/\/kibrisdakik.com\/wp-content\/uploads\/2024\/08\/instagram-740x420.jpg","contentUrl":"https:\/\/kibrisdakik.com\/wp-content\/uploads\/2024\/08\/instagram-740x420.jpg","width":864,"height":486},{"@type":"BreadcrumbList","@id":"https:\/\/kibrisdakik.com\/?p=51144#breadcrumb","itemListElement":[{"@type":"ListItem","position":1,"name":"Home","item":"https:\/\/kibrisdakik.com\/"},{"@type":"ListItem","position":2,"name":"T\u00fcrkiye\u2019de Instagram\u2019a eri\u015fim engeli getirildi"}]},{"@type":"WebSite","@id":"https:\/\/kibrisdakik.com\/#website","url":"https:\/\/kibrisdakik.com\/","name":"","description":"Tam vaktinde haber","potentialAction":[{"@type":"SearchAction","target":{"@type":"EntryPoint","urlTemplate":"https:\/\/kibrisdakik.com\/?s={search_term_string}"},"query-input":{"@type":"PropertyValueSpecification","valueRequired":true,"valueName":"search_term_string"}}],"inLanguage":"tr"},{"@type":"Person","@id":"https:\/\/kibrisdakik.com\/#\/schema\/person\/9cd9d437bbb44f72b73ba127e06d8e79","name":"admin","image":{"@type":"ImageObject","inLanguage":"tr","@id":"https:\/\/secure.gravatar.com\/avatar\/ccc17943b9d660506c869530f897617f7cb1c21a4bf30023f252596d83e1f007?s=96&d=mm&r=g","url":"https:\/\/secure.gravatar.com\/avatar\/ccc17943b9d660506c869530f897617f7cb1c21a4bf30023f252596d83e1f007?s=96&d=mm&r=g","contentUrl":"https:\/\/secure.gravatar.com\/avatar\/ccc17943b9d660506c869530f897617f7cb1c21a4bf30023f252596d83e1f007?s=96&d=mm&r=g","caption":"admin"},"sameAs":["https:\/\/kibrisdakik.com"],"url":"https:\/\/kibrisdakik.com\/?author=1"}]}},"_links":{"self":[{"href":"https:\/\/kibrisdakik.com\/index.php?rest_route=\/wp\/v2\/posts\/51144","targetHints":{"allow":["GET"]}}],"collection":[{"href":"https:\/\/kibrisdakik.com\/index.php?rest_route=\/wp\/v2\/posts"}],"about":[{"href":"https:\/\/kibrisdakik.com\/index.php?rest_route=\/wp\/v2\/types\/post"}],"author":[{"embeddable":true,"href":"https:\/\/kibrisdakik.com\/index.php?rest_route=\/wp\/v2\/users\/1"}],"replies":[{"embeddable":true,"href":"https:\/\/kibrisdakik.com\/index.php?rest_route=%2Fwp%2Fv2%2Fcomments&post=51144"}],"version-history":[{"count":0,"href":"https:\/\/kibrisdakik.com\/index.php?rest_route=\/wp\/v2\/posts\/51144\/revisions"}],"wp:featuredmedia":[{"embeddable":true,"href":"https:\/\/kibrisdakik.com\/index.php?rest_route=\/wp\/v2\/media\/51145"}],"wp:attachment":[{"href":"https:\/\/kibrisdakik.com\/index.php?rest_route=%2Fwp%2Fv2%2Fmedia&parent=51144"}],"wp:term":[{"taxonomy":"category","embeddable":true,"href":"https:\/\/kibrisdakik.com\/index.php?rest_route=%2Fwp%2Fv2%2Fcategories&post=51144"},{"taxonomy":"post_tag","embeddable":true,"href":"https:\/\/kibrisdakik.com\/index.php?rest_route=%2Fwp%2Fv2%2Ftags&post=51144"}],"curies":[{"name":"wp","href":"https:\/\/api.w.org\/{rel}","templated":true}]}}