{"id":51146,"date":"2024-08-02T06:16:30","date_gmt":"2024-08-02T06:16:30","guid":{"rendered":"https:\/\/kibrisdakik.com\/index.php\/2024\/08\/02\/1-agustos-toplumsal-direnis-bayrami-ankarada-kutlandi\/"},"modified":"2024-08-02T06:16:30","modified_gmt":"2024-08-02T06:16:30","slug":"1-agustos-toplumsal-direnis-bayrami-ankarada-kutlandi","status":"publish","type":"post","link":"https:\/\/kibrisdakik.com\/?p=51146","title":{"rendered":"\u201c1 A\u011fustos Toplumsal Direni\u015f Bayram\u0131\u201d Ankara\u2019da kutland\u0131"},"content":{"rendered":"<p><\/p>\n<div>\n<div class=\"mariselle-image-container center\">\n                <img loading=\"lazy\" decoding=\"async\" width=\"2560\" height=\"1576\" class=\"lazy-image\" alt=\"\" sizes=\"auto, (max-width: 2560px) 100vw, 2560px\" src=\"https:\/\/brtk.net\/wp-content\/uploads\/2024\/08\/02\/aqtgsgaaa-scaled.jpg?ver=523d528056e8bd49fc0ef9171e76f56e\" srcset=\"https:\/\/brtk.net\/wp-content\/uploads\/2024\/08\/02\/aqtgsgaaa-scaled.jpg?ver=523d528056e8bd49fc0ef9171e76f56e 2560w, https:\/\/brtk.net\/wp-content\/uploads\/2024\/08\/02\/aqtgsgaaa-300x185.jpg?ver=a963404337e4f08bee40e43068b7f5b8 300w, https:\/\/brtk.net\/wp-content\/uploads\/2024\/08\/02\/aqtgsgaaa-1024x630.jpg?ver=0413289d13968df2d62ebf1490cad690 1024w, https:\/\/brtk.net\/wp-content\/uploads\/2024\/08\/02\/aqtgsgaaa-768x473.jpg?ver=02d57b746268de62a734496aad7a2311 768w, https:\/\/brtk.net\/wp-content\/uploads\/2024\/08\/02\/aqtgsgaaa-1536x945.jpg?ver=1fd888ec69a575c6f2d14591fa7ab6da 1536w, https:\/\/brtk.net\/wp-content\/uploads\/2024\/08\/02\/aqtgsgaaa-2048x1261.jpg?ver=dbefd0217e3ee45d985e70476ec491a6 2048w\"\/>                            <\/div>\n<p>  K\u0131br\u0131s\u2019\u0131n fethinin 453\u2019\u00fcnc\u00fc, T\u00fcrk Mukavemet Te\u015fkilat\u0131\u2019n\u0131n (TMT) 66\u2019nc\u0131 ve G\u00fcvenlik Kuvvetleri Komutanl\u0131\u011f\u0131\u2019n\u0131n (GKK) 48\u2019inci y\u0131l d\u00f6n\u00fcm\u00fc olan 1 A\u011fustos Toplumsal Direni\u015f Bayram\u0131, Ankara\u2019da da t\u00f6renle kutland\u0131.<\/p>\n<p>Gazi Orduevi\u2019nde d\u00fczenlenen t\u00f6rene, T\u00fcrkiye Milli Savunma Bakan\u0131 Ya\u015far G\u00fcler, <a href=\"https:\/\/brtk.net\/\"\/><a href=\"https:\/\/brtk.net\/\"\/><a href=\"https:\/\/brtk.net\/\">KKTC<\/a> Ankara B\u00fcy\u00fckel\u00e7isi \u0130smet Koruko\u011flu, Azerbaycan\u2019\u0131n Ankara B\u00fcy\u00fckel\u00e7isi Re\u015fad Memmedov, <a href=\"https:\/\/brtk.net\/\"\/><a href=\"https:\/\/brtk.net\/\"\/><a href=\"https:\/\/brtk.net\/\">KKTC<\/a> Ankara Askeri Ata\u015fesi Piyade Kurmay Albay Mahmut Gergin, kuvvet komutanlar\u0131, yabanc\u0131 misyon temsilcileri ve bir\u00e7ok davetli kat\u0131ld\u0131.<\/p>\n<p>T\u00f6rende \u015fehitlere sayg\u0131 duru\u015fu, \u0130stiklal Mar\u015f\u0131 ve M\u00fccahitler Mar\u015f\u0131 okundu.<\/p>\n<p>Burada konu\u015fan Gergin, 1 A\u011fustos 1571\u2019de K\u0131br\u0131s Adas\u0131\u2019n\u0131n, Osmanl\u0131 taraf\u0131ndan fethedilerek T\u00fcrk yurdu haline getirildi\u011fini hat\u0131rlatt\u0131.<\/p>\n<p>Osmanl\u0131 d\u00f6neminde Ada\u2019n\u0131n uzun y\u0131llar boyunca bar\u0131\u015f ve huzur i\u00e7erisinde y\u00f6netildi\u011fini belirten Gergin, 1950\u2019li y\u0131llar\u0131n sonunda EOKA sald\u0131r\u0131lar\u0131 kar\u015f\u0131s\u0131nda \u00f6rg\u00fctl\u00fc bir direni\u015fin gerekli oldu\u011fu ve 1 A\u011fustos 1958\u2019de T\u00fcrk Mukavemet Te\u015fkilat\u0131n\u0131n kuruldu\u011funu s\u00f6yledi.<\/p>\n<p>Gergin, Ada\u2019da T\u00fcrklere y\u00f6nelik mezalimlere de\u011finerek 20 Temmuz 1974\u2019te T\u00fcrkiye\u2019nin, Ada\u2019ya bar\u0131\u015f getirdi\u011fini vurgulad\u0131.<\/p>\n<p>\u201c1 A\u011fustos, asil T\u00fcrk milleti ve kadim T\u00fcrk devletinin ayr\u0131lmaz asli bir par\u00e7as\u0131 olarak Do\u011fu Akdeniz\u2019de v\u00fccut bulmu\u015f kalesi <a href=\"https:\/\/brtk.net\/\"\/><a href=\"https:\/\/brtk.net\/\"\/><a href=\"https:\/\/brtk.net\/\">KKTC<\/a>\u2018nin varolu\u015f tarihinin sembolle\u015fen ve T\u00fcrkl\u00fc\u011f\u00fcn sonsuza dek K\u0131br\u0131s\u2019ta kal\u0131c\u0131l\u0131\u011f\u0131n\u0131n m\u00fchr\u00fcn\u00fcn vuruldu\u011fu bir g\u00fcnd\u00fcr, kutlu olsun.\u201d diyen Gergin, etkinli\u011fe kat\u0131lanlara te\u015fekk\u00fcr etti.<\/p>\n<p>Konu\u015fmalar\u0131n ard\u0131ndan T\u00fcrkiye Milli Savunma Bakan\u0131 G\u00fcler, <a href=\"https:\/\/brtk.net\/\"\/><a href=\"https:\/\/brtk.net\/\"\/><a href=\"https:\/\/brtk.net\/\">KKTC<\/a> Ankara B\u00fcy\u00fckel\u00e7isi Koruko\u011flu, Genelkurmay Ba\u015fkan\u0131 Orgeneral G\u00fcrak ve Azerbaycan\u2019\u0131n Ankara B\u00fcy\u00fckel\u00e7isi Memmedov pasta kesimi yapt\u0131.<\/p>\n<\/p><\/div>\n<p><script async\n                    defer\n                    crossorigin=\"anonymous\"\n                    src=\"https:\/\/connect.facebook.net\/tr_TR\/sdk.js#xfbml=1&#038;version=v3.3\"\n            ><\/script><\/p>\n","protected":false},"excerpt":{"rendered":"<p>K\u0131br\u0131s\u2019\u0131n fethinin 453\u2019\u00fcnc\u00fc, T\u00fcrk Mukavemet Te\u015fkilat\u0131\u2019n\u0131n (TMT) 66\u2019nc\u0131 ve G\u00fcvenlik Kuvvetleri Komutanl\u0131\u011f\u0131\u2019n\u0131n (GKK) 48\u2019inci y\u0131l d\u00f6n\u00fcm\u00fc olan 1 A\u011fustos Toplumsal Direni\u015f Bayram\u0131, Ankara\u2019da da t\u00f6renle kutland\u0131. Gazi Orduevi\u2019nde d\u00fczenlenen t\u00f6rene, T\u00fcrkiye Milli Savunma Bakan\u0131 Ya\u015far G\u00fcler, KKTC Ankara B\u00fcy\u00fckel\u00e7isi \u0130smet Koruko\u011flu, Azerbaycan\u2019\u0131n Ankara B\u00fcy\u00fckel\u00e7isi Re\u015fad Memmedov, KKTC Ankara Askeri Ata\u015fesi Piyade Kurmay Albay Mahmut Gergin,<\/p>\n","protected":false},"author":1,"featured_media":51147,"comment_status":"open","ping_status":"open","sticky":false,"template":"","format":"standard","meta":{"footnotes":""},"categories":[86],"tags":[],"class_list":["post-51146","post","type-post","status-publish","format-standard","has-post-thumbnail","hentry","category-turkiye"],"yoast_head":"<!-- This site is optimized with the Yoast SEO plugin v27.4 - https:\/\/yoast.com\/product\/yoast-seo-wordpress\/ -->\n<title>\u201c1 A\u011fustos Toplumsal Direni\u015f Bayram\u0131\u201d Ankara\u2019da kutland\u0131 -<\/title>\n<meta name=\"robots\" content=\"index, follow, max-snippet:-1, max-image-preview:large, max-video-preview:-1\" \/>\n<link rel=\"canonical\" href=\"https:\/\/kibrisdakik.com\/?p=51146\" \/>\n<meta property=\"og:locale\" content=\"tr_TR\" \/>\n<meta property=\"og:type\" content=\"article\" \/>\n<meta property=\"og:title\" content=\"\u201c1 A\u011fustos Toplumsal Direni\u015f Bayram\u0131\u201d Ankara\u2019da kutland\u0131 -\" \/>\n<meta property=\"og:description\" content=\"K\u0131br\u0131s\u2019\u0131n fethinin 453\u2019\u00fcnc\u00fc, T\u00fcrk Mukavemet Te\u015fkilat\u0131\u2019n\u0131n (TMT) 66\u2019nc\u0131 ve G\u00fcvenlik Kuvvetleri Komutanl\u0131\u011f\u0131\u2019n\u0131n (GKK) 48\u2019inci y\u0131l d\u00f6n\u00fcm\u00fc olan 1 A\u011fustos Toplumsal Direni\u015f Bayram\u0131, Ankara\u2019da da t\u00f6renle kutland\u0131. Gazi Orduevi\u2019nde d\u00fczenlenen t\u00f6rene, T\u00fcrkiye Milli Savunma Bakan\u0131 Ya\u015far G\u00fcler, KKTC Ankara B\u00fcy\u00fckel\u00e7isi \u0130smet Koruko\u011flu, Azerbaycan\u2019\u0131n Ankara B\u00fcy\u00fckel\u00e7isi Re\u015fad Memmedov, KKTC Ankara Askeri Ata\u015fesi Piyade Kurmay Albay Mahmut Gergin,\" \/>\n<meta property=\"og:url\" content=\"https:\/\/kibrisdakik.com\/?p=51146\" \/>\n<meta property=\"article:published_time\" content=\"2024-08-02T06:16:30+00:00\" \/>\n<meta property=\"og:image\" content=\"https:\/\/kibrisdakik.com\/wp-content\/uploads\/2024\/08\/aqtgsgaaa-scaled-740x420.jpg\" \/>\n\t<meta property=\"og:image:width\" content=\"2560\" \/>\n\t<meta property=\"og:image:height\" content=\"1576\" \/>\n\t<meta property=\"og:image:type\" content=\"image\/jpeg\" \/>\n<meta name=\"author\" content=\"admin\" \/>\n<meta name=\"twitter:card\" content=\"summary_large_image\" \/>\n<meta name=\"twitter:label1\" content=\"Yazan:\" \/>\n\t<meta name=\"twitter:data1\" content=\"admin\" \/>\n\t<meta name=\"twitter:label2\" content=\"Tahmini okuma s\u00fcresi\" \/>\n\t<meta name=\"twitter:data2\" content=\"2 dakika\" \/>\n<script type=\"application\/ld+json\" class=\"yoast-schema-graph\">{\"@context\":\"https:\\\/\\\/schema.org\",\"@graph\":[{\"@type\":\"Article\",\"@id\":\"https:\\\/\\\/kibrisdakik.com\\\/?p=51146#article\",\"isPartOf\":{\"@id\":\"https:\\\/\\\/kibrisdakik.com\\\/?p=51146\"},\"author\":{\"name\":\"admin\",\"@id\":\"https:\\\/\\\/kibrisdakik.com\\\/#\\\/schema\\\/person\\\/9cd9d437bbb44f72b73ba127e06d8e79\"},\"headline\":\"\u201c1 A\u011fustos Toplumsal Direni\u015f Bayram\u0131\u201d Ankara\u2019da kutland\u0131\",\"datePublished\":\"2024-08-02T06:16:30+00:00\",\"mainEntityOfPage\":{\"@id\":\"https:\\\/\\\/kibrisdakik.com\\\/?p=51146\"},\"wordCount\":326,\"commentCount\":0,\"image\":{\"@id\":\"https:\\\/\\\/kibrisdakik.com\\\/?p=51146#primaryimage\"},\"thumbnailUrl\":\"https:\\\/\\\/kibrisdakik.com\\\/wp-content\\\/uploads\\\/2024\\\/08\\\/aqtgsgaaa-scaled-740x420.jpg\",\"articleSection\":[\"T\u00fcrkiye\"],\"inLanguage\":\"tr\",\"potentialAction\":[{\"@type\":\"CommentAction\",\"name\":\"Comment\",\"target\":[\"https:\\\/\\\/kibrisdakik.com\\\/?p=51146#respond\"]}]},{\"@type\":\"WebPage\",\"@id\":\"https:\\\/\\\/kibrisdakik.com\\\/?p=51146\",\"url\":\"https:\\\/\\\/kibrisdakik.com\\\/?p=51146\",\"name\":\"\u201c1 A\u011fustos Toplumsal Direni\u015f Bayram\u0131\u201d Ankara\u2019da kutland\u0131 -\",\"isPartOf\":{\"@id\":\"https:\\\/\\\/kibrisdakik.com\\\/#website\"},\"primaryImageOfPage\":{\"@id\":\"https:\\\/\\\/kibrisdakik.com\\\/?p=51146#primaryimage\"},\"image\":{\"@id\":\"https:\\\/\\\/kibrisdakik.com\\\/?p=51146#primaryimage\"},\"thumbnailUrl\":\"https:\\\/\\\/kibrisdakik.com\\\/wp-content\\\/uploads\\\/2024\\\/08\\\/aqtgsgaaa-scaled-740x420.jpg\",\"datePublished\":\"2024-08-02T06:16:30+00:00\",\"author\":{\"@id\":\"https:\\\/\\\/kibrisdakik.com\\\/#\\\/schema\\\/person\\\/9cd9d437bbb44f72b73ba127e06d8e79\"},\"breadcrumb\":{\"@id\":\"https:\\\/\\\/kibrisdakik.com\\\/?p=51146#breadcrumb\"},\"inLanguage\":\"tr\",\"potentialAction\":[{\"@type\":\"ReadAction\",\"target\":[\"https:\\\/\\\/kibrisdakik.com\\\/?p=51146\"]}]},{\"@type\":\"ImageObject\",\"inLanguage\":\"tr\",\"@id\":\"https:\\\/\\\/kibrisdakik.com\\\/?p=51146#primaryimage\",\"url\":\"https:\\\/\\\/kibrisdakik.com\\\/wp-content\\\/uploads\\\/2024\\\/08\\\/aqtgsgaaa-scaled-740x420.jpg\",\"contentUrl\":\"https:\\\/\\\/kibrisdakik.com\\\/wp-content\\\/uploads\\\/2024\\\/08\\\/aqtgsgaaa-scaled-740x420.jpg\",\"width\":2560,\"height\":1576},{\"@type\":\"BreadcrumbList\",\"@id\":\"https:\\\/\\\/kibrisdakik.com\\\/?p=51146#breadcrumb\",\"itemListElement\":[{\"@type\":\"ListItem\",\"position\":1,\"name\":\"Home\",\"item\":\"https:\\\/\\\/kibrisdakik.com\\\/\"},{\"@type\":\"ListItem\",\"position\":2,\"name\":\"\u201c1 A\u011fustos Toplumsal Direni\u015f Bayram\u0131\u201d Ankara\u2019da kutland\u0131\"}]},{\"@type\":\"WebSite\",\"@id\":\"https:\\\/\\\/kibrisdakik.com\\\/#website\",\"url\":\"https:\\\/\\\/kibrisdakik.com\\\/\",\"name\":\"\",\"description\":\"Tam vaktinde haber\",\"potentialAction\":[{\"@type\":\"SearchAction\",\"target\":{\"@type\":\"EntryPoint\",\"urlTemplate\":\"https:\\\/\\\/kibrisdakik.com\\\/?s={search_term_string}\"},\"query-input\":{\"@type\":\"PropertyValueSpecification\",\"valueRequired\":true,\"valueName\":\"search_term_string\"}}],\"inLanguage\":\"tr\"},{\"@type\":\"Person\",\"@id\":\"https:\\\/\\\/kibrisdakik.com\\\/#\\\/schema\\\/person\\\/9cd9d437bbb44f72b73ba127e06d8e79\",\"name\":\"admin\",\"image\":{\"@type\":\"ImageObject\",\"inLanguage\":\"tr\",\"@id\":\"https:\\\/\\\/secure.gravatar.com\\\/avatar\\\/ccc17943b9d660506c869530f897617f7cb1c21a4bf30023f252596d83e1f007?s=96&d=mm&r=g\",\"url\":\"https:\\\/\\\/secure.gravatar.com\\\/avatar\\\/ccc17943b9d660506c869530f897617f7cb1c21a4bf30023f252596d83e1f007?s=96&d=mm&r=g\",\"contentUrl\":\"https:\\\/\\\/secure.gravatar.com\\\/avatar\\\/ccc17943b9d660506c869530f897617f7cb1c21a4bf30023f252596d83e1f007?s=96&d=mm&r=g\",\"caption\":\"admin\"},\"sameAs\":[\"https:\\\/\\\/kibrisdakik.com\"],\"url\":\"https:\\\/\\\/kibrisdakik.com\\\/?author=1\"}]}<\/script>\n<!-- \/ Yoast SEO plugin. -->","yoast_head_json":{"title":"\u201c1 A\u011fustos Toplumsal Direni\u015f Bayram\u0131\u201d Ankara\u2019da kutland\u0131 -","robots":{"index":"index","follow":"follow","max-snippet":"max-snippet:-1","max-image-preview":"max-image-preview:large","max-video-preview":"max-video-preview:-1"},"canonical":"https:\/\/kibrisdakik.com\/?p=51146","og_locale":"tr_TR","og_type":"article","og_title":"\u201c1 A\u011fustos Toplumsal Direni\u015f Bayram\u0131\u201d Ankara\u2019da kutland\u0131 -","og_description":"K\u0131br\u0131s\u2019\u0131n fethinin 453\u2019\u00fcnc\u00fc, T\u00fcrk Mukavemet Te\u015fkilat\u0131\u2019n\u0131n (TMT) 66\u2019nc\u0131 ve G\u00fcvenlik Kuvvetleri Komutanl\u0131\u011f\u0131\u2019n\u0131n (GKK) 48\u2019inci y\u0131l d\u00f6n\u00fcm\u00fc olan 1 A\u011fustos Toplumsal Direni\u015f Bayram\u0131, Ankara\u2019da da t\u00f6renle kutland\u0131. Gazi Orduevi\u2019nde d\u00fczenlenen t\u00f6rene, T\u00fcrkiye Milli Savunma Bakan\u0131 Ya\u015far G\u00fcler, KKTC Ankara B\u00fcy\u00fckel\u00e7isi \u0130smet Koruko\u011flu, Azerbaycan\u2019\u0131n Ankara B\u00fcy\u00fckel\u00e7isi Re\u015fad Memmedov, KKTC Ankara Askeri Ata\u015fesi Piyade Kurmay Albay Mahmut Gergin,","og_url":"https:\/\/kibrisdakik.com\/?p=51146","article_published_time":"2024-08-02T06:16:30+00:00","og_image":[{"width":2560,"height":1576,"url":"https:\/\/kibrisdakik.com\/wp-content\/uploads\/2024\/08\/aqtgsgaaa-scaled-740x420.jpg","type":"image\/jpeg"}],"author":"admin","twitter_card":"summary_large_image","twitter_misc":{"Yazan:":"admin","Tahmini okuma s\u00fcresi":"2 dakika"},"schema":{"@context":"https:\/\/schema.org","@graph":[{"@type":"Article","@id":"https:\/\/kibrisdakik.com\/?p=51146#article","isPartOf":{"@id":"https:\/\/kibrisdakik.com\/?p=51146"},"author":{"name":"admin","@id":"https:\/\/kibrisdakik.com\/#\/schema\/person\/9cd9d437bbb44f72b73ba127e06d8e79"},"headline":"\u201c1 A\u011fustos Toplumsal Direni\u015f Bayram\u0131\u201d Ankara\u2019da kutland\u0131","datePublished":"2024-08-02T06:16:30+00:00","mainEntityOfPage":{"@id":"https:\/\/kibrisdakik.com\/?p=51146"},"wordCount":326,"commentCount":0,"image":{"@id":"https:\/\/kibrisdakik.com\/?p=51146#primaryimage"},"thumbnailUrl":"https:\/\/kibrisdakik.com\/wp-content\/uploads\/2024\/08\/aqtgsgaaa-scaled-740x420.jpg","articleSection":["T\u00fcrkiye"],"inLanguage":"tr","potentialAction":[{"@type":"CommentAction","name":"Comment","target":["https:\/\/kibrisdakik.com\/?p=51146#respond"]}]},{"@type":"WebPage","@id":"https:\/\/kibrisdakik.com\/?p=51146","url":"https:\/\/kibrisdakik.com\/?p=51146","name":"\u201c1 A\u011fustos Toplumsal Direni\u015f Bayram\u0131\u201d Ankara\u2019da kutland\u0131 -","isPartOf":{"@id":"https:\/\/kibrisdakik.com\/#website"},"primaryImageOfPage":{"@id":"https:\/\/kibrisdakik.com\/?p=51146#primaryimage"},"image":{"@id":"https:\/\/kibrisdakik.com\/?p=51146#primaryimage"},"thumbnailUrl":"https:\/\/kibrisdakik.com\/wp-content\/uploads\/2024\/08\/aqtgsgaaa-scaled-740x420.jpg","datePublished":"2024-08-02T06:16:30+00:00","author":{"@id":"https:\/\/kibrisdakik.com\/#\/schema\/person\/9cd9d437bbb44f72b73ba127e06d8e79"},"breadcrumb":{"@id":"https:\/\/kibrisdakik.com\/?p=51146#breadcrumb"},"inLanguage":"tr","potentialAction":[{"@type":"ReadAction","target":["https:\/\/kibrisdakik.com\/?p=51146"]}]},{"@type":"ImageObject","inLanguage":"tr","@id":"https:\/\/kibrisdakik.com\/?p=51146#primaryimage","url":"https:\/\/kibrisdakik.com\/wp-content\/uploads\/2024\/08\/aqtgsgaaa-scaled-740x420.jpg","contentUrl":"https:\/\/kibrisdakik.com\/wp-content\/uploads\/2024\/08\/aqtgsgaaa-scaled-740x420.jpg","width":2560,"height":1576},{"@type":"BreadcrumbList","@id":"https:\/\/kibrisdakik.com\/?p=51146#breadcrumb","itemListElement":[{"@type":"ListItem","position":1,"name":"Home","item":"https:\/\/kibrisdakik.com\/"},{"@type":"ListItem","position":2,"name":"\u201c1 A\u011fustos Toplumsal Direni\u015f Bayram\u0131\u201d Ankara\u2019da kutland\u0131"}]},{"@type":"WebSite","@id":"https:\/\/kibrisdakik.com\/#website","url":"https:\/\/kibrisdakik.com\/","name":"","description":"Tam vaktinde haber","potentialAction":[{"@type":"SearchAction","target":{"@type":"EntryPoint","urlTemplate":"https:\/\/kibrisdakik.com\/?s={search_term_string}"},"query-input":{"@type":"PropertyValueSpecification","valueRequired":true,"valueName":"search_term_string"}}],"inLanguage":"tr"},{"@type":"Person","@id":"https:\/\/kibrisdakik.com\/#\/schema\/person\/9cd9d437bbb44f72b73ba127e06d8e79","name":"admin","image":{"@type":"ImageObject","inLanguage":"tr","@id":"https:\/\/secure.gravatar.com\/avatar\/ccc17943b9d660506c869530f897617f7cb1c21a4bf30023f252596d83e1f007?s=96&d=mm&r=g","url":"https:\/\/secure.gravatar.com\/avatar\/ccc17943b9d660506c869530f897617f7cb1c21a4bf30023f252596d83e1f007?s=96&d=mm&r=g","contentUrl":"https:\/\/secure.gravatar.com\/avatar\/ccc17943b9d660506c869530f897617f7cb1c21a4bf30023f252596d83e1f007?s=96&d=mm&r=g","caption":"admin"},"sameAs":["https:\/\/kibrisdakik.com"],"url":"https:\/\/kibrisdakik.com\/?author=1"}]}},"_links":{"self":[{"href":"https:\/\/kibrisdakik.com\/index.php?rest_route=\/wp\/v2\/posts\/51146","targetHints":{"allow":["GET"]}}],"collection":[{"href":"https:\/\/kibrisdakik.com\/index.php?rest_route=\/wp\/v2\/posts"}],"about":[{"href":"https:\/\/kibrisdakik.com\/index.php?rest_route=\/wp\/v2\/types\/post"}],"author":[{"embeddable":true,"href":"https:\/\/kibrisdakik.com\/index.php?rest_route=\/wp\/v2\/users\/1"}],"replies":[{"embeddable":true,"href":"https:\/\/kibrisdakik.com\/index.php?rest_route=%2Fwp%2Fv2%2Fcomments&post=51146"}],"version-history":[{"count":0,"href":"https:\/\/kibrisdakik.com\/index.php?rest_route=\/wp\/v2\/posts\/51146\/revisions"}],"wp:featuredmedia":[{"embeddable":true,"href":"https:\/\/kibrisdakik.com\/index.php?rest_route=\/wp\/v2\/media\/51147"}],"wp:attachment":[{"href":"https:\/\/kibrisdakik.com\/index.php?rest_route=%2Fwp%2Fv2%2Fmedia&parent=51146"}],"wp:term":[{"taxonomy":"category","embeddable":true,"href":"https:\/\/kibrisdakik.com\/index.php?rest_route=%2Fwp%2Fv2%2Fcategories&post=51146"},{"taxonomy":"post_tag","embeddable":true,"href":"https:\/\/kibrisdakik.com\/index.php?rest_route=%2Fwp%2Fv2%2Ftags&post=51146"}],"curies":[{"name":"wp","href":"https:\/\/api.w.org\/{rel}","templated":true}]}}