{"id":51148,"date":"2024-08-01T18:46:04","date_gmt":"2024-08-01T18:46:04","guid":{"rendered":"https:\/\/kibrisdakik.com\/index.php\/2024\/08\/01\/turkiyede-bir-gunluk-yas-ilan-edildi\/"},"modified":"2024-08-01T18:46:04","modified_gmt":"2024-08-01T18:46:04","slug":"turkiyede-bir-gunluk-yas-ilan-edildi","status":"publish","type":"post","link":"https:\/\/kibrisdakik.com\/?p=51148","title":{"rendered":"T\u00fcrkiye\u2019de bir g\u00fcnl\u00fck yas ilan edildi"},"content":{"rendered":"<p><\/p>\n<div>\n<div class=\"mariselle-image-container center\">\n                <img loading=\"lazy\" decoding=\"async\" width=\"949\" height=\"508\" class=\"lazy-image\" alt=\"\" sizes=\"auto, (max-width: 949px) 100vw, 949px\" src=\"https:\/\/brtk.net\/wp-content\/uploads\/2024\/08\/01\/Screenshot_20240801_215602_TRT-Haber.jpg?ver=53b203a8191b7f7d4f018a410bc8b62b\" srcset=\"https:\/\/brtk.net\/wp-content\/uploads\/2024\/08\/01\/Screenshot_20240801_215602_TRT-Haber.jpg?ver=53b203a8191b7f7d4f018a410bc8b62b 949w, https:\/\/brtk.net\/wp-content\/uploads\/2024\/08\/01\/Screenshot_20240801_215602_TRT-Haber-300x161.jpg?ver=056db09e44586a85beca9a252541e27a 300w, https:\/\/brtk.net\/wp-content\/uploads\/2024\/08\/01\/Screenshot_20240801_215602_TRT-Haber-768x411.jpg?ver=056db09e44586a85beca9a252541e27a 768w\"\/>                            <\/div>\n<p>T\u00fcrkiye Cumhurba\u015fkan\u0131 Recep Tayyip Erdo\u011fan, \u201cFilistin Davas\u0131na olan deste\u011fimizi g\u00f6stermek amac\u0131yla, Hamas Siyasi B\u00fcro Ba\u015fkan\u0131 Haniye\u2019nin \u015fehadeti sebebiyle yar\u0131n 1 g\u00fcnl\u00fck milli yas ilan edilmi\u015ftir\u201d a\u00e7\u0131klamas\u0131n\u0131 yapt\u0131.<\/p>\n<p>Erdo\u011fan, sosyal medyadan yapt\u0131\u011f\u0131 payla\u015f\u0131mda, \u201cFilistin Davas\u0131na olan deste\u011fimizi ve Filistinli karde\u015flerimizle dayan\u0131\u015fmam\u0131z\u0131 g\u00f6stermek amac\u0131yla, Hamas Siyasi B\u00fcro Ba\u015fkan\u0131 \u0130smail Haniye\u2019nin \u015fehadeti sebebiyle, yar\u0131n (2 A\u011fustos Cuma) 1 g\u00fcnl\u00fck mill\u00ee yas ilan edilmi\u015ftir. \u0130smail Haniye ve t\u00fcm Filistinli \u015fehitleri rahmetle y\u00e2d ediyor, \u015fahs\u0131m ve Milletim ad\u0131na Filistin halk\u0131na ba\u015fsa\u011fl\u0131\u011f\u0131 diliyorum.\u201d ifadelerini kulland\u0131.<\/p>\n<\/p><\/div>\n<p><script async\n                    defer\n                    crossorigin=\"anonymous\"\n                    src=\"https:\/\/connect.facebook.net\/tr_TR\/sdk.js#xfbml=1&#038;version=v3.3\"\n            ><\/script><\/p>\n","protected":false},"excerpt":{"rendered":"<p>T\u00fcrkiye Cumhurba\u015fkan\u0131 Recep Tayyip Erdo\u011fan, \u201cFilistin Davas\u0131na olan deste\u011fimizi g\u00f6stermek amac\u0131yla, Hamas Siyasi B\u00fcro Ba\u015fkan\u0131 Haniye\u2019nin \u015fehadeti sebebiyle yar\u0131n 1 g\u00fcnl\u00fck milli yas ilan edilmi\u015ftir\u201d a\u00e7\u0131klamas\u0131n\u0131 yapt\u0131. Erdo\u011fan, sosyal medyadan yapt\u0131\u011f\u0131 payla\u015f\u0131mda, \u201cFilistin Davas\u0131na olan deste\u011fimizi ve Filistinli karde\u015flerimizle dayan\u0131\u015fmam\u0131z\u0131 g\u00f6stermek amac\u0131yla, Hamas Siyasi B\u00fcro Ba\u015fkan\u0131 \u0130smail Haniye\u2019nin \u015fehadeti sebebiyle, yar\u0131n (2 A\u011fustos Cuma) 1<\/p>\n","protected":false},"author":1,"featured_media":51149,"comment_status":"open","ping_status":"open","sticky":false,"template":"","format":"standard","meta":{"footnotes":""},"categories":[86],"tags":[],"class_list":["post-51148","post","type-post","status-publish","format-standard","has-post-thumbnail","hentry","category-turkiye"],"yoast_head":"<!-- This site is optimized with the Yoast SEO plugin v27.5 - https:\/\/yoast.com\/product\/yoast-seo-wordpress\/ -->\n<title>T\u00fcrkiye\u2019de bir g\u00fcnl\u00fck yas ilan edildi -<\/title>\n<meta name=\"robots\" content=\"index, follow, max-snippet:-1, max-image-preview:large, max-video-preview:-1\" \/>\n<link rel=\"canonical\" href=\"https:\/\/kibrisdakik.com\/?p=51148\" \/>\n<meta property=\"og:locale\" content=\"tr_TR\" \/>\n<meta property=\"og:type\" content=\"article\" \/>\n<meta property=\"og:title\" content=\"T\u00fcrkiye\u2019de bir g\u00fcnl\u00fck yas ilan edildi -\" \/>\n<meta property=\"og:description\" content=\"T\u00fcrkiye Cumhurba\u015fkan\u0131 Recep Tayyip Erdo\u011fan, \u201cFilistin Davas\u0131na olan deste\u011fimizi g\u00f6stermek amac\u0131yla, Hamas Siyasi B\u00fcro Ba\u015fkan\u0131 Haniye\u2019nin \u015fehadeti sebebiyle yar\u0131n 1 g\u00fcnl\u00fck milli yas ilan edilmi\u015ftir\u201d a\u00e7\u0131klamas\u0131n\u0131 yapt\u0131. Erdo\u011fan, sosyal medyadan yapt\u0131\u011f\u0131 payla\u015f\u0131mda, \u201cFilistin Davas\u0131na olan deste\u011fimizi ve Filistinli karde\u015flerimizle dayan\u0131\u015fmam\u0131z\u0131 g\u00f6stermek amac\u0131yla, Hamas Siyasi B\u00fcro Ba\u015fkan\u0131 \u0130smail Haniye\u2019nin \u015fehadeti sebebiyle, yar\u0131n (2 A\u011fustos Cuma) 1\" \/>\n<meta property=\"og:url\" content=\"https:\/\/kibrisdakik.com\/?p=51148\" \/>\n<meta property=\"article:published_time\" content=\"2024-08-01T18:46:04+00:00\" \/>\n<meta property=\"og:image\" content=\"https:\/\/kibrisdakik.com\/wp-content\/uploads\/2024\/08\/Screenshot_20240801_215602_TRT-Haber-740x420.jpg\" \/>\n\t<meta property=\"og:image:width\" content=\"949\" \/>\n\t<meta property=\"og:image:height\" content=\"508\" \/>\n\t<meta property=\"og:image:type\" content=\"image\/jpeg\" \/>\n<meta name=\"author\" content=\"admin\" \/>\n<meta name=\"twitter:card\" content=\"summary_large_image\" \/>\n<meta name=\"twitter:label1\" content=\"Yazan:\" \/>\n\t<meta name=\"twitter:data1\" content=\"admin\" \/>\n\t<meta name=\"twitter:label2\" content=\"Tahmini okuma s\u00fcresi\" \/>\n\t<meta name=\"twitter:data2\" content=\"1 dakika\" \/>\n<script type=\"application\/ld+json\" class=\"yoast-schema-graph\">{\"@context\":\"https:\\\/\\\/schema.org\",\"@graph\":[{\"@type\":\"Article\",\"@id\":\"https:\\\/\\\/kibrisdakik.com\\\/?p=51148#article\",\"isPartOf\":{\"@id\":\"https:\\\/\\\/kibrisdakik.com\\\/?p=51148\"},\"author\":{\"name\":\"admin\",\"@id\":\"https:\\\/\\\/kibrisdakik.com\\\/#\\\/schema\\\/person\\\/9cd9d437bbb44f72b73ba127e06d8e79\"},\"headline\":\"T\u00fcrkiye\u2019de bir g\u00fcnl\u00fck yas ilan edildi\",\"datePublished\":\"2024-08-01T18:46:04+00:00\",\"mainEntityOfPage\":{\"@id\":\"https:\\\/\\\/kibrisdakik.com\\\/?p=51148\"},\"wordCount\":126,\"commentCount\":0,\"image\":{\"@id\":\"https:\\\/\\\/kibrisdakik.com\\\/?p=51148#primaryimage\"},\"thumbnailUrl\":\"https:\\\/\\\/kibrisdakik.com\\\/wp-content\\\/uploads\\\/2024\\\/08\\\/Screenshot_20240801_215602_TRT-Haber-740x420.jpg\",\"articleSection\":[\"T\u00fcrkiye\"],\"inLanguage\":\"tr\",\"potentialAction\":[{\"@type\":\"CommentAction\",\"name\":\"Comment\",\"target\":[\"https:\\\/\\\/kibrisdakik.com\\\/?p=51148#respond\"]}]},{\"@type\":\"WebPage\",\"@id\":\"https:\\\/\\\/kibrisdakik.com\\\/?p=51148\",\"url\":\"https:\\\/\\\/kibrisdakik.com\\\/?p=51148\",\"name\":\"T\u00fcrkiye\u2019de bir g\u00fcnl\u00fck yas ilan edildi -\",\"isPartOf\":{\"@id\":\"https:\\\/\\\/kibrisdakik.com\\\/#website\"},\"primaryImageOfPage\":{\"@id\":\"https:\\\/\\\/kibrisdakik.com\\\/?p=51148#primaryimage\"},\"image\":{\"@id\":\"https:\\\/\\\/kibrisdakik.com\\\/?p=51148#primaryimage\"},\"thumbnailUrl\":\"https:\\\/\\\/kibrisdakik.com\\\/wp-content\\\/uploads\\\/2024\\\/08\\\/Screenshot_20240801_215602_TRT-Haber-740x420.jpg\",\"datePublished\":\"2024-08-01T18:46:04+00:00\",\"author\":{\"@id\":\"https:\\\/\\\/kibrisdakik.com\\\/#\\\/schema\\\/person\\\/9cd9d437bbb44f72b73ba127e06d8e79\"},\"breadcrumb\":{\"@id\":\"https:\\\/\\\/kibrisdakik.com\\\/?p=51148#breadcrumb\"},\"inLanguage\":\"tr\",\"potentialAction\":[{\"@type\":\"ReadAction\",\"target\":[\"https:\\\/\\\/kibrisdakik.com\\\/?p=51148\"]}]},{\"@type\":\"ImageObject\",\"inLanguage\":\"tr\",\"@id\":\"https:\\\/\\\/kibrisdakik.com\\\/?p=51148#primaryimage\",\"url\":\"https:\\\/\\\/kibrisdakik.com\\\/wp-content\\\/uploads\\\/2024\\\/08\\\/Screenshot_20240801_215602_TRT-Haber-740x420.jpg\",\"contentUrl\":\"https:\\\/\\\/kibrisdakik.com\\\/wp-content\\\/uploads\\\/2024\\\/08\\\/Screenshot_20240801_215602_TRT-Haber-740x420.jpg\",\"width\":949,\"height\":508},{\"@type\":\"BreadcrumbList\",\"@id\":\"https:\\\/\\\/kibrisdakik.com\\\/?p=51148#breadcrumb\",\"itemListElement\":[{\"@type\":\"ListItem\",\"position\":1,\"name\":\"Home\",\"item\":\"https:\\\/\\\/kibrisdakik.com\\\/\"},{\"@type\":\"ListItem\",\"position\":2,\"name\":\"T\u00fcrkiye\u2019de bir g\u00fcnl\u00fck yas ilan edildi\"}]},{\"@type\":\"WebSite\",\"@id\":\"https:\\\/\\\/kibrisdakik.com\\\/#website\",\"url\":\"https:\\\/\\\/kibrisdakik.com\\\/\",\"name\":\"\",\"description\":\"Tam vaktinde haber\",\"potentialAction\":[{\"@type\":\"SearchAction\",\"target\":{\"@type\":\"EntryPoint\",\"urlTemplate\":\"https:\\\/\\\/kibrisdakik.com\\\/?s={search_term_string}\"},\"query-input\":{\"@type\":\"PropertyValueSpecification\",\"valueRequired\":true,\"valueName\":\"search_term_string\"}}],\"inLanguage\":\"tr\"},{\"@type\":\"Person\",\"@id\":\"https:\\\/\\\/kibrisdakik.com\\\/#\\\/schema\\\/person\\\/9cd9d437bbb44f72b73ba127e06d8e79\",\"name\":\"admin\",\"image\":{\"@type\":\"ImageObject\",\"inLanguage\":\"tr\",\"@id\":\"https:\\\/\\\/secure.gravatar.com\\\/avatar\\\/ccc17943b9d660506c869530f897617f7cb1c21a4bf30023f252596d83e1f007?s=96&d=mm&r=g\",\"url\":\"https:\\\/\\\/secure.gravatar.com\\\/avatar\\\/ccc17943b9d660506c869530f897617f7cb1c21a4bf30023f252596d83e1f007?s=96&d=mm&r=g\",\"contentUrl\":\"https:\\\/\\\/secure.gravatar.com\\\/avatar\\\/ccc17943b9d660506c869530f897617f7cb1c21a4bf30023f252596d83e1f007?s=96&d=mm&r=g\",\"caption\":\"admin\"},\"sameAs\":[\"https:\\\/\\\/kibrisdakik.com\"],\"url\":\"https:\\\/\\\/kibrisdakik.com\\\/?author=1\"}]}<\/script>\n<!-- \/ Yoast SEO plugin. -->","yoast_head_json":{"title":"T\u00fcrkiye\u2019de bir g\u00fcnl\u00fck yas ilan edildi -","robots":{"index":"index","follow":"follow","max-snippet":"max-snippet:-1","max-image-preview":"max-image-preview:large","max-video-preview":"max-video-preview:-1"},"canonical":"https:\/\/kibrisdakik.com\/?p=51148","og_locale":"tr_TR","og_type":"article","og_title":"T\u00fcrkiye\u2019de bir g\u00fcnl\u00fck yas ilan edildi -","og_description":"T\u00fcrkiye Cumhurba\u015fkan\u0131 Recep Tayyip Erdo\u011fan, \u201cFilistin Davas\u0131na olan deste\u011fimizi g\u00f6stermek amac\u0131yla, Hamas Siyasi B\u00fcro Ba\u015fkan\u0131 Haniye\u2019nin \u015fehadeti sebebiyle yar\u0131n 1 g\u00fcnl\u00fck milli yas ilan edilmi\u015ftir\u201d a\u00e7\u0131klamas\u0131n\u0131 yapt\u0131. Erdo\u011fan, sosyal medyadan yapt\u0131\u011f\u0131 payla\u015f\u0131mda, \u201cFilistin Davas\u0131na olan deste\u011fimizi ve Filistinli karde\u015flerimizle dayan\u0131\u015fmam\u0131z\u0131 g\u00f6stermek amac\u0131yla, Hamas Siyasi B\u00fcro Ba\u015fkan\u0131 \u0130smail Haniye\u2019nin \u015fehadeti sebebiyle, yar\u0131n (2 A\u011fustos Cuma) 1","og_url":"https:\/\/kibrisdakik.com\/?p=51148","article_published_time":"2024-08-01T18:46:04+00:00","og_image":[{"width":949,"height":508,"url":"https:\/\/kibrisdakik.com\/wp-content\/uploads\/2024\/08\/Screenshot_20240801_215602_TRT-Haber-740x420.jpg","type":"image\/jpeg"}],"author":"admin","twitter_card":"summary_large_image","twitter_misc":{"Yazan:":"admin","Tahmini okuma s\u00fcresi":"1 dakika"},"schema":{"@context":"https:\/\/schema.org","@graph":[{"@type":"Article","@id":"https:\/\/kibrisdakik.com\/?p=51148#article","isPartOf":{"@id":"https:\/\/kibrisdakik.com\/?p=51148"},"author":{"name":"admin","@id":"https:\/\/kibrisdakik.com\/#\/schema\/person\/9cd9d437bbb44f72b73ba127e06d8e79"},"headline":"T\u00fcrkiye\u2019de bir g\u00fcnl\u00fck yas ilan edildi","datePublished":"2024-08-01T18:46:04+00:00","mainEntityOfPage":{"@id":"https:\/\/kibrisdakik.com\/?p=51148"},"wordCount":126,"commentCount":0,"image":{"@id":"https:\/\/kibrisdakik.com\/?p=51148#primaryimage"},"thumbnailUrl":"https:\/\/kibrisdakik.com\/wp-content\/uploads\/2024\/08\/Screenshot_20240801_215602_TRT-Haber-740x420.jpg","articleSection":["T\u00fcrkiye"],"inLanguage":"tr","potentialAction":[{"@type":"CommentAction","name":"Comment","target":["https:\/\/kibrisdakik.com\/?p=51148#respond"]}]},{"@type":"WebPage","@id":"https:\/\/kibrisdakik.com\/?p=51148","url":"https:\/\/kibrisdakik.com\/?p=51148","name":"T\u00fcrkiye\u2019de bir g\u00fcnl\u00fck yas ilan edildi -","isPartOf":{"@id":"https:\/\/kibrisdakik.com\/#website"},"primaryImageOfPage":{"@id":"https:\/\/kibrisdakik.com\/?p=51148#primaryimage"},"image":{"@id":"https:\/\/kibrisdakik.com\/?p=51148#primaryimage"},"thumbnailUrl":"https:\/\/kibrisdakik.com\/wp-content\/uploads\/2024\/08\/Screenshot_20240801_215602_TRT-Haber-740x420.jpg","datePublished":"2024-08-01T18:46:04+00:00","author":{"@id":"https:\/\/kibrisdakik.com\/#\/schema\/person\/9cd9d437bbb44f72b73ba127e06d8e79"},"breadcrumb":{"@id":"https:\/\/kibrisdakik.com\/?p=51148#breadcrumb"},"inLanguage":"tr","potentialAction":[{"@type":"ReadAction","target":["https:\/\/kibrisdakik.com\/?p=51148"]}]},{"@type":"ImageObject","inLanguage":"tr","@id":"https:\/\/kibrisdakik.com\/?p=51148#primaryimage","url":"https:\/\/kibrisdakik.com\/wp-content\/uploads\/2024\/08\/Screenshot_20240801_215602_TRT-Haber-740x420.jpg","contentUrl":"https:\/\/kibrisdakik.com\/wp-content\/uploads\/2024\/08\/Screenshot_20240801_215602_TRT-Haber-740x420.jpg","width":949,"height":508},{"@type":"BreadcrumbList","@id":"https:\/\/kibrisdakik.com\/?p=51148#breadcrumb","itemListElement":[{"@type":"ListItem","position":1,"name":"Home","item":"https:\/\/kibrisdakik.com\/"},{"@type":"ListItem","position":2,"name":"T\u00fcrkiye\u2019de bir g\u00fcnl\u00fck yas ilan edildi"}]},{"@type":"WebSite","@id":"https:\/\/kibrisdakik.com\/#website","url":"https:\/\/kibrisdakik.com\/","name":"","description":"Tam vaktinde haber","potentialAction":[{"@type":"SearchAction","target":{"@type":"EntryPoint","urlTemplate":"https:\/\/kibrisdakik.com\/?s={search_term_string}"},"query-input":{"@type":"PropertyValueSpecification","valueRequired":true,"valueName":"search_term_string"}}],"inLanguage":"tr"},{"@type":"Person","@id":"https:\/\/kibrisdakik.com\/#\/schema\/person\/9cd9d437bbb44f72b73ba127e06d8e79","name":"admin","image":{"@type":"ImageObject","inLanguage":"tr","@id":"https:\/\/secure.gravatar.com\/avatar\/ccc17943b9d660506c869530f897617f7cb1c21a4bf30023f252596d83e1f007?s=96&d=mm&r=g","url":"https:\/\/secure.gravatar.com\/avatar\/ccc17943b9d660506c869530f897617f7cb1c21a4bf30023f252596d83e1f007?s=96&d=mm&r=g","contentUrl":"https:\/\/secure.gravatar.com\/avatar\/ccc17943b9d660506c869530f897617f7cb1c21a4bf30023f252596d83e1f007?s=96&d=mm&r=g","caption":"admin"},"sameAs":["https:\/\/kibrisdakik.com"],"url":"https:\/\/kibrisdakik.com\/?author=1"}]}},"_links":{"self":[{"href":"https:\/\/kibrisdakik.com\/index.php?rest_route=\/wp\/v2\/posts\/51148","targetHints":{"allow":["GET"]}}],"collection":[{"href":"https:\/\/kibrisdakik.com\/index.php?rest_route=\/wp\/v2\/posts"}],"about":[{"href":"https:\/\/kibrisdakik.com\/index.php?rest_route=\/wp\/v2\/types\/post"}],"author":[{"embeddable":true,"href":"https:\/\/kibrisdakik.com\/index.php?rest_route=\/wp\/v2\/users\/1"}],"replies":[{"embeddable":true,"href":"https:\/\/kibrisdakik.com\/index.php?rest_route=%2Fwp%2Fv2%2Fcomments&post=51148"}],"version-history":[{"count":0,"href":"https:\/\/kibrisdakik.com\/index.php?rest_route=\/wp\/v2\/posts\/51148\/revisions"}],"wp:featuredmedia":[{"embeddable":true,"href":"https:\/\/kibrisdakik.com\/index.php?rest_route=\/wp\/v2\/media\/51149"}],"wp:attachment":[{"href":"https:\/\/kibrisdakik.com\/index.php?rest_route=%2Fwp%2Fv2%2Fmedia&parent=51148"}],"wp:term":[{"taxonomy":"category","embeddable":true,"href":"https:\/\/kibrisdakik.com\/index.php?rest_route=%2Fwp%2Fv2%2Fcategories&post=51148"},{"taxonomy":"post_tag","embeddable":true,"href":"https:\/\/kibrisdakik.com\/index.php?rest_route=%2Fwp%2Fv2%2Ftags&post=51148"}],"curies":[{"name":"wp","href":"https:\/\/api.w.org\/{rel}","templated":true}]}}