{"id":52,"date":"2023-02-18T20:33:01","date_gmt":"2023-02-18T20:33:01","guid":{"rendered":"https:\/\/kibrisdakik.com\/index.php\/2023\/02\/18\/meksika-16-kahraman-arama-kurtarma-kopegini-turkiyeye-gonderiyor\/"},"modified":"2023-02-18T20:33:01","modified_gmt":"2023-02-18T20:33:01","slug":"meksika-16-kahraman-arama-kurtarma-kopegini-turkiyeye-gonderiyor","status":"publish","type":"post","link":"https:\/\/kibrisdakik.com\/?p=52","title":{"rendered":"Meksika, 16 kahraman arama-kurtarma k\u00f6pe\u011fini T\u00fcrkiye&#8217;ye g\u00f6nderiyor"},"content":{"rendered":"<p>Son verilere g\u00f6re 5 binden fazla insan\u0131n ya\u015fam\u0131n\u0131 yitirdi\u011fi deprem felaketi sonras\u0131nda arama-kurtarma \u00e7abalar\u0131 devam ederken, bir\u00e7ok \u00fclkeden de yard\u0131m \u00e7a\u011fr\u0131lar\u0131 gelmeye devam ediyor.SAYISIZ \u0130NSANIN KURTARILMASINDA ROL OYNADILAR\u00c7ok say\u0131da \u00fclkeden arama-kurtarma \u00e7al\u0131\u015fmalar\u0131na kat\u0131lmak i\u00e7in ekipler T\u00fcrkiye&#8217;ye ula\u015fmaya ba\u015flarken Meksika&#8217;n\u0131n g\u00f6nderdi\u011fi ekipteki 16 k\u00f6pek de dikkat \u00e7ekiyor. \u00d6zel e\u011fitimli ve ge\u00e7mi\u015fte Meksika&#8217;daki bir\u00e7ok depremde \u00e7ok say\u0131da insan\u0131n kurtulmas\u0131n\u0131 sa\u011flayan k\u00f6peklerin T\u00fcrkiye&#8217;de de ekiplere \u00e7ok b\u00fcy\u00fck yard\u0131m\u0131 olaca\u011f\u0131 tahmin ediliyor.SALI G\u00dcN\u00dc YOLA \u00c7IKTILARKuzey Amerika&#8217;daki fay hatt\u0131ndan etkilenen \u00fclkelerden biri olan ve arama-kurtarma k\u00f6peklerinin e\u011fitimi konusunda d\u00fcnyan\u0131n say\u0131l\u0131 \u00fclkelerinden biri olan Meksika&#8217;n\u0131n g\u00f6nderdi\u011fi k\u00f6pekler aras\u0131nda Julia, Ecko, Orly, Timba, Rex ve July&#8217;\u0131n da oldu\u011fu 16 k\u00f6pek var. K\u00f6peklerin de oldu\u011fu ekiplerin Sal\u0131 g\u00fcn\u00fc yola \u00e7\u0131kt\u0131\u011f\u0131 belirtilirken Meksika D\u0131\u015fi\u015fleri Bakan\u0131 Marcelo Ebrard da, &#8220;Kalbimiz \u015fu an T\u00fcrkiye&#8217;ye u\u00e7an yard\u0131m ekibimizle&#8221; mesaj\u0131n\u0131 payla\u015fm\u0131\u015ft\u0131.MEKS\u0130KO&#8217;DAK\u0130 DEPREMDE &#8220;KAHRAMAN&#8221; \u0130LAN ED\u0130LD\u0130LERMeksika Devlet Ba\u015fkan\u0131 Andres Manuel Lopez Obrador, 150 ki\u015fiden olu\u015fan arama-kurtarma ekiplerini T\u00fcrkiye&#8217;ye g\u00f6nderme karar\u0131 alm\u0131\u015ft\u0131. Bel\u00e7ika Malinoisi, Avustralya \u00e7oban k\u00f6pe\u011fi ve labrador gibi farkl\u0131 cinslerden \u00f6zel e\u011fitimli k\u00f6peklerin bulundu\u011fu ekip 2017&#8217;de Meksiko&#8217;da meydana gelen depremde kahraman ilan edilmi\u015flerdi.DONANMANIN B\u0130R PAR\u00c7ASI: FR\u0130DAMeksika donanmas\u0131n\u0131n bir par\u00e7as\u0131 olan ve 2022&#8217;de ya\u015fam\u0131n\u0131 yitiren sar\u0131 labrador Frida, g\u00f6zl\u00fckleri ve ayakkab\u0131lar\u0131 ile \u00fclkenin sembol\u00fc olmu\u015f ve 2010-2019 y\u0131llar\u0131 aras\u0131nda 43 ki\u015fiyi kurtarm\u0131\u015ft\u0131. Depremzedeler \u0130\u00e7in \u00dccretsiz Bar\u0131nma Yerleri  Son 1 Saatte Meydana Gelen Art\u00e7\u0131 Sars\u0131nt\u0131lar  Erdem Aksoy  G\u00fcndem Edit\u00f6r\u00fc Haberler.com &#8211;  D\u00fcnya  T\u00fcrkiye  Deprem  D\u00fcnya  G\u00fcncel  Haberler<\/p>\n","protected":false},"excerpt":{"rendered":"<p>Son verilere g\u00f6re 5 binden fazla insan\u0131n ya\u015fam\u0131n\u0131 yitirdi\u011fi deprem felaketi sonras\u0131nda arama-kurtarma \u00e7abalar\u0131 devam ederken, bir\u00e7ok \u00fclkeden de yard\u0131m \u00e7a\u011fr\u0131lar\u0131 gelmeye devam ediyor.SAYISIZ \u0130NSANIN KURTARILMASINDA ROL OYNADILAR\u00c7ok say\u0131da \u00fclkeden arama-kurtarma \u00e7al\u0131\u015fmalar\u0131na kat\u0131lmak i\u00e7in ekipler T\u00fcrkiye&#8217;ye ula\u015fmaya ba\u015flarken Meksika&#8217;n\u0131n g\u00f6nderdi\u011fi ekipteki 16 k\u00f6pek de dikkat \u00e7ekiyor. \u00d6zel e\u011fitimli ve ge\u00e7mi\u015fte Meksika&#8217;daki bir\u00e7ok depremde \u00e7ok say\u0131da<\/p>\n","protected":false},"author":1,"featured_media":53,"comment_status":"open","ping_status":"open","sticky":false,"template":"","format":"standard","meta":{"footnotes":""},"categories":[1],"tags":[],"class_list":["post-52","post","type-post","status-publish","format-standard","has-post-thumbnail","hentry","category-gundem"],"yoast_head":"<!-- This site is optimized with the Yoast SEO plugin v28.4 - https:\/\/yoast.com\/product\/yoast-seo-wordpress\/ -->\n<title>Meksika, 16 kahraman arama-kurtarma k\u00f6pe\u011fini T\u00fcrkiye&#039;ye g\u00f6nderiyor -<\/title>\n<meta name=\"robots\" content=\"index, follow, max-snippet:-1, max-image-preview:large, max-video-preview:-1\" \/>\n<link rel=\"canonical\" href=\"https:\/\/kibrisdakik.com\/?p=52\" \/>\n<meta property=\"og:locale\" content=\"tr_TR\" \/>\n<meta property=\"og:type\" content=\"article\" \/>\n<meta property=\"og:title\" content=\"Meksika, 16 kahraman arama-kurtarma k\u00f6pe\u011fini T\u00fcrkiye&#039;ye g\u00f6nderiyor -\" \/>\n<meta property=\"og:description\" content=\"Son verilere g\u00f6re 5 binden fazla insan\u0131n ya\u015fam\u0131n\u0131 yitirdi\u011fi deprem felaketi sonras\u0131nda arama-kurtarma \u00e7abalar\u0131 devam ederken, bir\u00e7ok \u00fclkeden de yard\u0131m \u00e7a\u011fr\u0131lar\u0131 gelmeye devam ediyor.SAYISIZ \u0130NSANIN KURTARILMASINDA ROL OYNADILAR\u00c7ok say\u0131da \u00fclkeden arama-kurtarma \u00e7al\u0131\u015fmalar\u0131na kat\u0131lmak i\u00e7in ekipler T\u00fcrkiye&#8217;ye ula\u015fmaya ba\u015flarken Meksika&#8217;n\u0131n g\u00f6nderdi\u011fi ekipteki 16 k\u00f6pek de dikkat \u00e7ekiyor. \u00d6zel e\u011fitimli ve ge\u00e7mi\u015fte Meksika&#8217;daki bir\u00e7ok depremde \u00e7ok say\u0131da\" \/>\n<meta property=\"og:url\" content=\"https:\/\/kibrisdakik.com\/?p=52\" \/>\n<meta property=\"article:published_time\" content=\"2023-02-18T20:33:01+00:00\" \/>\n<meta property=\"og:image\" content=\"https:\/\/kibrisdakik.com\/wp-content\/uploads\/2023\/02\/meksika-16-kahraman-arama-kurtarma-kopegini-turkiyeye-gonderiyor-740x420.jpg\" \/>\n\t<meta property=\"og:image:width\" content=\"1202\" \/>\n\t<meta property=\"og:image:height\" content=\"675\" \/>\n\t<meta property=\"og:image:type\" content=\"image\/jpeg\" \/>\n<meta name=\"author\" content=\"admin\" \/>\n<meta name=\"twitter:card\" content=\"summary_large_image\" \/>\n<meta name=\"twitter:label1\" content=\"Yazan:\" \/>\n\t<meta name=\"twitter:data1\" content=\"admin\" \/>\n\t<meta name=\"twitter:label2\" content=\"Tahmini okuma s\u00fcresi\" \/>\n\t<meta name=\"twitter:data2\" content=\"2 dakika\" \/>\n<script type=\"application\/ld+json\" class=\"yoast-schema-graph\">{\"@context\":\"https:\\\/\\\/schema.org\",\"@graph\":[{\"@type\":\"Article\",\"@id\":\"https:\\\/\\\/kibrisdakik.com\\\/?p=52#article\",\"isPartOf\":{\"@id\":\"https:\\\/\\\/kibrisdakik.com\\\/?p=52\"},\"author\":{\"name\":\"admin\",\"@id\":\"https:\\\/\\\/kibrisdakik.com\\\/#\\\/schema\\\/person\\\/9cd9d437bbb44f72b73ba127e06d8e79\"},\"headline\":\"Meksika, 16 kahraman arama-kurtarma k\u00f6pe\u011fini T\u00fcrkiye&#8217;ye g\u00f6nderiyor\",\"datePublished\":\"2023-02-18T20:33:01+00:00\",\"mainEntityOfPage\":{\"@id\":\"https:\\\/\\\/kibrisdakik.com\\\/?p=52\"},\"wordCount\":344,\"commentCount\":0,\"publisher\":{\"@id\":\"https:\\\/\\\/kibrisdakik.com\\\/#organization\"},\"image\":{\"@id\":\"https:\\\/\\\/kibrisdakik.com\\\/?p=52#primaryimage\"},\"thumbnailUrl\":\"https:\\\/\\\/kibrisdakik.com\\\/wp-content\\\/uploads\\\/2023\\\/02\\\/meksika-16-kahraman-arama-kurtarma-kopegini-turkiyeye-gonderiyor-740x420.jpg\",\"articleSection\":[\"G\u00fcndem\"],\"inLanguage\":\"tr\",\"potentialAction\":[{\"@type\":\"CommentAction\",\"name\":\"Comment\",\"target\":[\"https:\\\/\\\/kibrisdakik.com\\\/?p=52#respond\"]}]},{\"@type\":\"WebPage\",\"@id\":\"https:\\\/\\\/kibrisdakik.com\\\/?p=52\",\"url\":\"https:\\\/\\\/kibrisdakik.com\\\/?p=52\",\"name\":\"Meksika, 16 kahraman arama-kurtarma k\u00f6pe\u011fini T\u00fcrkiye'ye g\u00f6nderiyor -\",\"isPartOf\":{\"@id\":\"https:\\\/\\\/kibrisdakik.com\\\/#website\"},\"primaryImageOfPage\":{\"@id\":\"https:\\\/\\\/kibrisdakik.com\\\/?p=52#primaryimage\"},\"image\":{\"@id\":\"https:\\\/\\\/kibrisdakik.com\\\/?p=52#primaryimage\"},\"thumbnailUrl\":\"https:\\\/\\\/kibrisdakik.com\\\/wp-content\\\/uploads\\\/2023\\\/02\\\/meksika-16-kahraman-arama-kurtarma-kopegini-turkiyeye-gonderiyor-740x420.jpg\",\"datePublished\":\"2023-02-18T20:33:01+00:00\",\"breadcrumb\":{\"@id\":\"https:\\\/\\\/kibrisdakik.com\\\/?p=52#breadcrumb\"},\"inLanguage\":\"tr\",\"potentialAction\":[{\"@type\":\"ReadAction\",\"target\":[\"https:\\\/\\\/kibrisdakik.com\\\/?p=52\"]}]},{\"@type\":\"ImageObject\",\"inLanguage\":\"tr\",\"@id\":\"https:\\\/\\\/kibrisdakik.com\\\/?p=52#primaryimage\",\"url\":\"https:\\\/\\\/kibrisdakik.com\\\/wp-content\\\/uploads\\\/2023\\\/02\\\/meksika-16-kahraman-arama-kurtarma-kopegini-turkiyeye-gonderiyor-740x420.jpg\",\"contentUrl\":\"https:\\\/\\\/kibrisdakik.com\\\/wp-content\\\/uploads\\\/2023\\\/02\\\/meksika-16-kahraman-arama-kurtarma-kopegini-turkiyeye-gonderiyor-740x420.jpg\",\"width\":1202,\"height\":675},{\"@type\":\"BreadcrumbList\",\"@id\":\"https:\\\/\\\/kibrisdakik.com\\\/?p=52#breadcrumb\",\"itemListElement\":[{\"@type\":\"ListItem\",\"position\":1,\"name\":\"Home\",\"item\":\"https:\\\/\\\/kibrisdakik.com\\\/\"},{\"@type\":\"ListItem\",\"position\":2,\"name\":\"Meksika, 16 kahraman arama-kurtarma k\u00f6pe\u011fini T\u00fcrkiye&#8217;ye g\u00f6nderiyor\"}]},{\"@type\":\"WebSite\",\"@id\":\"https:\\\/\\\/kibrisdakik.com\\\/#website\",\"url\":\"https:\\\/\\\/kibrisdakik.com\\\/\",\"name\":\"K\u0131br\u0131s Dakik\",\"description\":\"Tam vaktinde haber\",\"publisher\":{\"@id\":\"https:\\\/\\\/kibrisdakik.com\\\/#organization\"},\"potentialAction\":[{\"@type\":\"SearchAction\",\"target\":{\"@type\":\"EntryPoint\",\"urlTemplate\":\"https:\\\/\\\/kibrisdakik.com\\\/?s={search_term_string}\"},\"query-input\":{\"@type\":\"PropertyValueSpecification\",\"valueRequired\":true,\"valueName\":\"search_term_string\"}}],\"inLanguage\":\"tr\"},{\"@type\":\"Organization\",\"@id\":\"https:\\\/\\\/kibrisdakik.com\\\/#organization\",\"name\":\"K\u0131br\u0131s Dakik\",\"url\":\"https:\\\/\\\/kibrisdakik.com\\\/\",\"logo\":{\"@type\":\"ImageObject\",\"inLanguage\":\"tr\",\"@id\":\"https:\\\/\\\/kibrisdakik.com\\\/#\\\/schema\\\/logo\\\/image\\\/\",\"url\":\"https:\\\/\\\/kibrisdakik.com\\\/wp-content\\\/uploads\\\/2025\\\/10\\\/cropped-WhatsApp-Image-2025-10-02-at-12.58.31.jpeg\",\"contentUrl\":\"https:\\\/\\\/kibrisdakik.com\\\/wp-content\\\/uploads\\\/2025\\\/10\\\/cropped-WhatsApp-Image-2025-10-02-at-12.58.31.jpeg\",\"width\":1237,\"height\":190,\"caption\":\"K\u0131br\u0131s Dakik\"},\"image\":{\"@id\":\"https:\\\/\\\/kibrisdakik.com\\\/#\\\/schema\\\/logo\\\/image\\\/\"}},{\"@type\":\"Person\",\"@id\":\"https:\\\/\\\/kibrisdakik.com\\\/#\\\/schema\\\/person\\\/9cd9d437bbb44f72b73ba127e06d8e79\",\"name\":\"admin\",\"image\":{\"@type\":\"ImageObject\",\"inLanguage\":\"tr\",\"@id\":\"https:\\\/\\\/secure.gravatar.com\\\/avatar\\\/ccc17943b9d660506c869530f897617f7cb1c21a4bf30023f252596d83e1f007?s=96&d=mm&r=g\",\"url\":\"https:\\\/\\\/secure.gravatar.com\\\/avatar\\\/ccc17943b9d660506c869530f897617f7cb1c21a4bf30023f252596d83e1f007?s=96&d=mm&r=g\",\"contentUrl\":\"https:\\\/\\\/secure.gravatar.com\\\/avatar\\\/ccc17943b9d660506c869530f897617f7cb1c21a4bf30023f252596d83e1f007?s=96&d=mm&r=g\",\"caption\":\"admin\"},\"sameAs\":[\"https:\\\/\\\/kibrisdakik.com\"],\"url\":\"https:\\\/\\\/kibrisdakik.com\\\/?author=1\"}]}<\/script>\n<!-- \/ Yoast SEO plugin. -->","yoast_head_json":{"title":"Meksika, 16 kahraman arama-kurtarma k\u00f6pe\u011fini T\u00fcrkiye'ye g\u00f6nderiyor -","robots":{"index":"index","follow":"follow","max-snippet":"max-snippet:-1","max-image-preview":"max-image-preview:large","max-video-preview":"max-video-preview:-1"},"canonical":"https:\/\/kibrisdakik.com\/?p=52","og_locale":"tr_TR","og_type":"article","og_title":"Meksika, 16 kahraman arama-kurtarma k\u00f6pe\u011fini T\u00fcrkiye'ye g\u00f6nderiyor -","og_description":"Son verilere g\u00f6re 5 binden fazla insan\u0131n ya\u015fam\u0131n\u0131 yitirdi\u011fi deprem felaketi sonras\u0131nda arama-kurtarma \u00e7abalar\u0131 devam ederken, bir\u00e7ok \u00fclkeden de yard\u0131m \u00e7a\u011fr\u0131lar\u0131 gelmeye devam ediyor.SAYISIZ \u0130NSANIN KURTARILMASINDA ROL OYNADILAR\u00c7ok say\u0131da \u00fclkeden arama-kurtarma \u00e7al\u0131\u015fmalar\u0131na kat\u0131lmak i\u00e7in ekipler T\u00fcrkiye&#8217;ye ula\u015fmaya ba\u015flarken Meksika&#8217;n\u0131n g\u00f6nderdi\u011fi ekipteki 16 k\u00f6pek de dikkat \u00e7ekiyor. \u00d6zel e\u011fitimli ve ge\u00e7mi\u015fte Meksika&#8217;daki bir\u00e7ok depremde \u00e7ok say\u0131da","og_url":"https:\/\/kibrisdakik.com\/?p=52","article_published_time":"2023-02-18T20:33:01+00:00","og_image":[{"width":1202,"height":675,"url":"https:\/\/kibrisdakik.com\/wp-content\/uploads\/2023\/02\/meksika-16-kahraman-arama-kurtarma-kopegini-turkiyeye-gonderiyor-740x420.jpg","type":"image\/jpeg"}],"author":"admin","twitter_card":"summary_large_image","twitter_misc":{"Yazan:":"admin","Tahmini okuma s\u00fcresi":"2 dakika"},"schema":{"@context":"https:\/\/schema.org","@graph":[{"@type":"Article","@id":"https:\/\/kibrisdakik.com\/?p=52#article","isPartOf":{"@id":"https:\/\/kibrisdakik.com\/?p=52"},"author":{"name":"admin","@id":"https:\/\/kibrisdakik.com\/#\/schema\/person\/9cd9d437bbb44f72b73ba127e06d8e79"},"headline":"Meksika, 16 kahraman arama-kurtarma k\u00f6pe\u011fini T\u00fcrkiye&#8217;ye g\u00f6nderiyor","datePublished":"2023-02-18T20:33:01+00:00","mainEntityOfPage":{"@id":"https:\/\/kibrisdakik.com\/?p=52"},"wordCount":344,"commentCount":0,"publisher":{"@id":"https:\/\/kibrisdakik.com\/#organization"},"image":{"@id":"https:\/\/kibrisdakik.com\/?p=52#primaryimage"},"thumbnailUrl":"https:\/\/kibrisdakik.com\/wp-content\/uploads\/2023\/02\/meksika-16-kahraman-arama-kurtarma-kopegini-turkiyeye-gonderiyor-740x420.jpg","articleSection":["G\u00fcndem"],"inLanguage":"tr","potentialAction":[{"@type":"CommentAction","name":"Comment","target":["https:\/\/kibrisdakik.com\/?p=52#respond"]}]},{"@type":"WebPage","@id":"https:\/\/kibrisdakik.com\/?p=52","url":"https:\/\/kibrisdakik.com\/?p=52","name":"Meksika, 16 kahraman arama-kurtarma k\u00f6pe\u011fini T\u00fcrkiye'ye g\u00f6nderiyor -","isPartOf":{"@id":"https:\/\/kibrisdakik.com\/#website"},"primaryImageOfPage":{"@id":"https:\/\/kibrisdakik.com\/?p=52#primaryimage"},"image":{"@id":"https:\/\/kibrisdakik.com\/?p=52#primaryimage"},"thumbnailUrl":"https:\/\/kibrisdakik.com\/wp-content\/uploads\/2023\/02\/meksika-16-kahraman-arama-kurtarma-kopegini-turkiyeye-gonderiyor-740x420.jpg","datePublished":"2023-02-18T20:33:01+00:00","breadcrumb":{"@id":"https:\/\/kibrisdakik.com\/?p=52#breadcrumb"},"inLanguage":"tr","potentialAction":[{"@type":"ReadAction","target":["https:\/\/kibrisdakik.com\/?p=52"]}]},{"@type":"ImageObject","inLanguage":"tr","@id":"https:\/\/kibrisdakik.com\/?p=52#primaryimage","url":"https:\/\/kibrisdakik.com\/wp-content\/uploads\/2023\/02\/meksika-16-kahraman-arama-kurtarma-kopegini-turkiyeye-gonderiyor-740x420.jpg","contentUrl":"https:\/\/kibrisdakik.com\/wp-content\/uploads\/2023\/02\/meksika-16-kahraman-arama-kurtarma-kopegini-turkiyeye-gonderiyor-740x420.jpg","width":1202,"height":675},{"@type":"BreadcrumbList","@id":"https:\/\/kibrisdakik.com\/?p=52#breadcrumb","itemListElement":[{"@type":"ListItem","position":1,"name":"Home","item":"https:\/\/kibrisdakik.com\/"},{"@type":"ListItem","position":2,"name":"Meksika, 16 kahraman arama-kurtarma k\u00f6pe\u011fini T\u00fcrkiye&#8217;ye g\u00f6nderiyor"}]},{"@type":"WebSite","@id":"https:\/\/kibrisdakik.com\/#website","url":"https:\/\/kibrisdakik.com\/","name":"K\u0131br\u0131s Dakik","description":"Tam vaktinde haber","publisher":{"@id":"https:\/\/kibrisdakik.com\/#organization"},"potentialAction":[{"@type":"SearchAction","target":{"@type":"EntryPoint","urlTemplate":"https:\/\/kibrisdakik.com\/?s={search_term_string}"},"query-input":{"@type":"PropertyValueSpecification","valueRequired":true,"valueName":"search_term_string"}}],"inLanguage":"tr"},{"@type":"Organization","@id":"https:\/\/kibrisdakik.com\/#organization","name":"K\u0131br\u0131s Dakik","url":"https:\/\/kibrisdakik.com\/","logo":{"@type":"ImageObject","inLanguage":"tr","@id":"https:\/\/kibrisdakik.com\/#\/schema\/logo\/image\/","url":"https:\/\/kibrisdakik.com\/wp-content\/uploads\/2025\/10\/cropped-WhatsApp-Image-2025-10-02-at-12.58.31.jpeg","contentUrl":"https:\/\/kibrisdakik.com\/wp-content\/uploads\/2025\/10\/cropped-WhatsApp-Image-2025-10-02-at-12.58.31.jpeg","width":1237,"height":190,"caption":"K\u0131br\u0131s Dakik"},"image":{"@id":"https:\/\/kibrisdakik.com\/#\/schema\/logo\/image\/"}},{"@type":"Person","@id":"https:\/\/kibrisdakik.com\/#\/schema\/person\/9cd9d437bbb44f72b73ba127e06d8e79","name":"admin","image":{"@type":"ImageObject","inLanguage":"tr","@id":"https:\/\/secure.gravatar.com\/avatar\/ccc17943b9d660506c869530f897617f7cb1c21a4bf30023f252596d83e1f007?s=96&d=mm&r=g","url":"https:\/\/secure.gravatar.com\/avatar\/ccc17943b9d660506c869530f897617f7cb1c21a4bf30023f252596d83e1f007?s=96&d=mm&r=g","contentUrl":"https:\/\/secure.gravatar.com\/avatar\/ccc17943b9d660506c869530f897617f7cb1c21a4bf30023f252596d83e1f007?s=96&d=mm&r=g","caption":"admin"},"sameAs":["https:\/\/kibrisdakik.com"],"url":"https:\/\/kibrisdakik.com\/?author=1"}]}},"_links":{"self":[{"href":"https:\/\/kibrisdakik.com\/index.php?rest_route=\/wp\/v2\/posts\/52","targetHints":{"allow":["GET"]}}],"collection":[{"href":"https:\/\/kibrisdakik.com\/index.php?rest_route=\/wp\/v2\/posts"}],"about":[{"href":"https:\/\/kibrisdakik.com\/index.php?rest_route=\/wp\/v2\/types\/post"}],"author":[{"embeddable":true,"href":"https:\/\/kibrisdakik.com\/index.php?rest_route=\/wp\/v2\/users\/1"}],"replies":[{"embeddable":true,"href":"https:\/\/kibrisdakik.com\/index.php?rest_route=%2Fwp%2Fv2%2Fcomments&post=52"}],"version-history":[{"count":1,"href":"https:\/\/kibrisdakik.com\/index.php?rest_route=\/wp\/v2\/posts\/52\/revisions"}],"predecessor-version":[{"id":54,"href":"https:\/\/kibrisdakik.com\/index.php?rest_route=\/wp\/v2\/posts\/52\/revisions\/54"}],"wp:featuredmedia":[{"embeddable":true,"href":"https:\/\/kibrisdakik.com\/index.php?rest_route=\/wp\/v2\/media\/53"}],"wp:attachment":[{"href":"https:\/\/kibrisdakik.com\/index.php?rest_route=%2Fwp%2Fv2%2Fmedia&parent=52"}],"wp:term":[{"taxonomy":"category","embeddable":true,"href":"https:\/\/kibrisdakik.com\/index.php?rest_route=%2Fwp%2Fv2%2Fcategories&post=52"},{"taxonomy":"post_tag","embeddable":true,"href":"https:\/\/kibrisdakik.com\/index.php?rest_route=%2Fwp%2Fv2%2Ftags&post=52"}],"curies":[{"name":"wp","href":"https:\/\/api.w.org\/{rel}","templated":true}]}}