{"id":5215,"date":"2023-04-15T22:30:13","date_gmt":"2023-04-15T22:30:13","guid":{"rendered":"https:\/\/kibrisdakik.com\/index.php\/2023\/04\/15\/23-nisan-kutlamalari-pazartesi-gunu-basliyor\/"},"modified":"2023-04-15T22:30:13","modified_gmt":"2023-04-15T22:30:13","slug":"23-nisan-kutlamalari-pazartesi-gunu-basliyor","status":"publish","type":"post","link":"https:\/\/kibrisdakik.com\/?p=5215","title":{"rendered":"23 Nisan kutlamalar\u0131 pazartesi g\u00fcn\u00fc ba\u015fl\u0131yor"},"content":{"rendered":"<p><\/p>\n<div>\n<div class=\"mariselle-image-container center\">\n                <img width=\"1024\" height=\"576\" class=\"lazy-image\" alt=\"\" decoding=\"async\" loading=\"lazy\" sizes=\"auto, (max-width: 1024px) 100vw, 1024px\" src=\"https:\/\/brtk.net\/wp-content\/uploads\/2023\/04\/15\/23-nisan-etkinlikleri-12--1024x576.jpg?ver=b0c6abec8e19dd500a3dee864d944081\" srcset=\"https:\/\/brtk.net\/wp-content\/uploads\/2023\/04\/15\/23-nisan-etkinlikleri-12--1024x576.jpg?ver=b0c6abec8e19dd500a3dee864d944081 1024w, https:\/\/brtk.net\/wp-content\/uploads\/2023\/04\/15\/23-nisan-etkinlikleri-12--300x169.jpg?ver=b0c6abec8e19dd500a3dee864d944081 300w, https:\/\/brtk.net\/wp-content\/uploads\/2023\/04\/15\/23-nisan-etkinlikleri-12--768x432.jpg?ver=271f38a24931ccc98a4931f117957bb8 768w, https:\/\/brtk.net\/wp-content\/uploads\/2023\/04\/15\/23-nisan-etkinlikleri-12--1536x864.jpg?ver=271f38a24931ccc98a4931f117957bb8 1536w, https:\/\/brtk.net\/wp-content\/uploads\/2023\/04\/15\/23-nisan-etkinlikleri-12-.jpg?ver=b0c6abec8e19dd500a3dee864d944081 1600w\"\/>                            <\/div>\n<p>23 Nisan Ulusal Egemenlik ve \u00c7ocuk Bayram\u0131 kutlamalar\u0131 pazartesi g\u00fcn\u00fc ba\u015fl\u0131yor.<\/p>\n<p>T\u00fcrkiye B\u00fcy\u00fck Millet Meclisi\u2019nin 103. a\u00e7\u0131l\u0131\u015f y\u0131l d\u00f6n\u00fcm\u00fc an\u0131s\u0131na Ulu \u00d6nder Mustafa Kemal Atat\u00fcrk taraf\u0131ndan \u00e7ocuklara arma\u011fan edilen bayram dolay\u0131s\u0131yla, Milli E\u011fitim Bakanl\u0131\u011f\u0131 \u0130lk\u00f6\u011fretim Dairesi taraf\u0131ndan organize edilen 23 Nisan Ulusal Egemenlik ve \u00c7ocuk Bayram\u0131 kutlama etkinlikleri, 17,18,19 ve 23 Nisan tarihlerinde yap\u0131lacak.<\/p>\n<p>Milli E\u011fitim Bakanl\u0131\u011f\u0131\u2019ndan yap\u0131lan a\u00e7\u0131klamaya g\u00f6re, etkinlikler \u00e7er\u00e7evesinde Lefko\u015fa okullar\u0131ndan belirlenen \u00f6\u011frenciler devlet ve h\u00fck\u00fcmet yetkililerini ziyaret edecek.<\/p>\n<p>Milli E\u011fitim Bakan\u0131 Naz\u0131m \u00c7avu\u015fo\u011flu, 23 Nisan Ulusal Egemenlik ve \u00c7ocuk Bayram\u0131 nedeniyle 23 Nisan Pazar g\u00fcn\u00fc saat 08.00\u2019de Bayrak Radyo ve Televizyonu\u2019nda g\u00fcn\u00fcn anlam ve \u00f6nemine ili\u015fkin konu\u015fma yapacak.<\/p>\n<p><strong>-23 Nisan Ulusal Egemenlik ve \u00c7ocuk Bayram\u0131 Etkinlik Program\u0131<\/strong><\/p>\n<p>23 Nisan Ulusal Egemenlik ve \u00c7ocuk Bayram\u0131 \u00e7er\u00e7evesinde 17 \u2013 23 Nisan Haftas\u0131, pazartesi g\u00fcn\u00fc saat 8.30\u2019da a\u00e7\u0131l\u0131\u015f kortejiyle ba\u015flayacak.<\/p>\n<p>Lefko\u015fa Merkez okullar\u0131ndan gelecek \u00f6\u011frenci ve sorumlu \u00f6\u011fretmenler, Milli E\u011fitim Bakan\u0131 Naz\u0131m \u00c7avu\u015fo\u011flu ile birlikte Atat\u00fcrk B\u00fcst\u00fc\u2019ne \u00e7elenk koyacak, ard\u0131ndan Cumhuriyet Meclisi\u2019ne y\u00fcr\u00fcyecek.<\/p>\n<p>Kortej, Meclis\u2019e, Cumhurba\u015fkanl\u0131\u011f\u0131 ve Ledra Palace I\u015f\u0131klar\u0131 g\u00fczergah\u0131ndan gelecek.<\/p>\n<p><strong>-Meclis \u00f6n\u00fcnde program<\/strong><\/p>\n<p>Kortejin Cumhuriyet Meclisi\u2019ne ula\u015fmas\u0131n\u0131n ard\u0131ndan saat 10.00\u2019da t\u00f6ren d\u00fczenlenecek.<\/p>\n<p>T\u00f6rende, Meclis Ba\u015fkan\u0131 Zorlu T\u00f6re, Milli E\u011fitim Bakan\u0131 Naz\u0131m \u00c7avu\u015fo\u011flu ve \u00f6\u011frenciler g\u00fcn\u00fcn anlam ve \u00f6nemine ili\u015fkin konu\u015fma yap\u0131p, \u015fiir okuyacak. Dans g\u00f6sterileri yap\u0131lacak.<\/p>\n<p><strong>-\u201cII. Atat\u00fcrk\u2019\u00fcn \u00c7ocuklar\u0131 Resim Sergisi\u201d<\/strong><\/p>\n<p>Milli E\u011fitim Bakanl\u0131\u011f\u0131 taraf\u0131ndan d\u00fczenlenen \u201cII. Atat\u00fcrk\u2019\u00fcn \u00c7ocuklar\u0131 Resim Sergisi\u201d de pazartesi a\u00e7\u0131lacak.<\/p>\n<p>Merkez Lefko\u015fa (A\u00e7\u0131k Pazar) Etkinlik ve K\u00fclt\u00fcr Salonu\u2019ndaki serginin a\u00e7\u0131l\u0131\u015f\u0131 saat 18.00\u2019de yap\u0131lacak.<\/p>\n<p><strong>-Sal\u0131 g\u00fcn\u00fc \u00f6\u011frenciler devlet protokol\u00fcn\u00fc ziyaret edecek<\/strong><\/p>\n<p>Kutlama program\u0131 \u00e7er\u00e7evesinde, Lefko\u015fa b\u00f6lge okullar\u0131ndan \u00f6\u011frenciler devlet protokol\u00fcn\u00fc ziyaret edecek.<\/p>\n<p>\u00d6\u011frenciler saat 09.30\u2019da Milli E\u011fitim Bakan\u0131 Naz\u0131m \u00c7avu\u015fo\u011flu\u2019nu, saat 10.30\u2019da Cumhurba\u015fkan\u0131 <a href=\"https:\/\/brtk.net\/\" target=\"_blank\" rel=\"noopener\">Ersin Tatar<\/a>\u2019\u0131, saat 11.00\u2019da Cumhuriyet Meclisi Ba\u015fkan\u0131 Zorlu T\u00f6re\u2019yi ziyaret edecek.<\/p>\n<p>\u00d6\u011frenciler daha sonra saat 11.30\u2019da Ba\u015fbakan \u00dcnal \u00dcstel\u2019i ziyaret edecek ve akabinde Bakanlar Kurulu toplant\u0131s\u0131na kat\u0131lacak.<\/p>\n<p>T.C. Lefko\u015fa B\u00fcy\u00fckel\u00e7isi Metin Feyzio\u011flu da \u00f6\u011frencileri saat 12.15\u2019de kabul edecek.<\/p>\n<p><strong>-Sal\u0131 g\u00fcn\u00fc spor etkinlikleri<\/strong><\/p>\n<p>Kutlamalar \u00e7er\u00e7evesinde sal\u0131 g\u00fcn\u00fc saat 10.00\u2019da 23 Nisan Ulusal Egemenlik ve \u00c7ocuk Bayram\u0131 II. Sprint Yar\u0131\u015fmalar\u0131 yap\u0131lacak. Lefko\u015fa Atat\u00fcrk Stadyumu\u2019ndaki etkinli\u011fe ilk\u00f6\u011fretim 4. ve 5. S\u0131n\u0131flar d\u00fczeyindeki \u00f6\u011frenciler kat\u0131labilecek.<\/p>\n<p>Ayn\u0131 g\u00fcn deprem felaketinden hayatlar\u0131n\u0131 kaybeden Gazima\u011fusa T\u00fcrk Maarif Koleji \u00f6\u011frencileri ve \u00f6\u011fretmenlerinin an\u0131s\u0131na \u201cI. \u015eampiyon Melekler Voleybol Kupas\u0131\u201d yap\u0131lacak.<\/p>\n<p>Gazima\u011fusa MAGEM\u2019de saat 11.00\u2019de yap\u0131lacak ilkokullar aras\u0131 voleybol turnuvas\u0131 1. ve 2. gelen k\u0131z ve erkek tak\u0131mlar\u0131 aras\u0131nda d\u00fczenlenecek.<\/p>\n<p><strong>-\u201c\u00c7ocuk Haklar\u0131\u201d g\u00fcndemiyle Meclis Genel Kurulu<\/strong><\/p>\n<p>23 Nisan Ulusal Egemenlik ve \u00c7ocuk Bayram\u0131 kutlama program\u0131 \u00e7er\u00e7evesinde milletvekilleri da\u011f\u0131l\u0131m\u0131na g\u00f6re her il\u00e7eden milletvekili say\u0131s\u0131 kadar toplamda 50 \u00f6\u011frenci \u00e7ar\u015famba g\u00fcn\u00fc saat 10.00\u2019da Cumhuriyet Meclisi\u2019ni ziyaret edecek.<\/p>\n<p>Lefko\u015fa\u2019dan 16, Gazima\u011fusa\u2019dan 13, Girne\u2019den 11, \u0130skele\u2019den 5, G\u00fczelyurt\u2019tan 3, Lefke\u2019den 2 \u00e7ocu\u011fun yer alaca\u011f\u0131 \u00e7ocuklar\u0131n kat\u0131l\u0131m\u0131yla \u201c\u00c7ocuk Haklar\u0131\u201d g\u00fcndemiyle Meclis Genel Kurulu toplanacak.<\/p>\n<p><strong>-Cumhurba\u015fkanl\u0131\u011f\u0131nda \u201c23 Nisan\u2019da El Ele \u00d6zel Bayram Etkinli\u011fi\u201d<\/strong><\/p>\n<p>23 Nisan Ulusal Egemenlik ve \u00c7ocuk Bayram\u0131 ve 2 Nisan Otizm Fark\u0131ndal\u0131k G\u00fcn\u00fc \u00e7er\u00e7evesinde ayn\u0131 g\u00fcn saat 10.00\u2019da Cumhurba\u015fkanl\u0131\u011f\u0131 himayelerinde \u00f6zel e\u011fitim \u00f6\u011frencilerine \u201c23 Nisan\u2019da El Ele \u00d6zel Bayram Etkinli\u011fi\u201d d\u00fczenlenecek.<\/p>\n<p>Cumhurba\u015fkanl\u0131\u011f\u0131 bah\u00e7esindeki etkinli\u011fe Milli E\u011fitim Bakanl\u0131\u011f\u0131 ve \u00c7a\u011fda\u015f Drama Derne\u011fi katk\u0131 koyacak.<\/p>\n<p><strong>-23 Nisan Pazar g\u00fcn\u00fc kutlamalar \u00c7avu\u015fo\u011flu\u2019nun konu\u015fmas\u0131yla ba\u015flayacak<\/strong><\/p>\n<p>23 Nisan Pazar g\u00fcn\u00fc kutlamalar, Milli E\u011fitim Bakan\u0131 Naz\u0131m \u00c7avu\u015fo\u011flu\u2019nun saat 08.00\u2019de 23 Nisan Ulusal Egemenlik ve \u00c7ocuk Bayram\u0131\u2019na ili\u015fkin Bayrak Radyo ve Televizyonu\u2019nda (<a href=\"https:\/\/brtk.net\/\">BRT<\/a>) yapaca\u011f\u0131 a\u00e7\u0131l\u0131\u015f konu\u015fmas\u0131yla ba\u015flayacak.<\/p>\n<p>Lefko\u015fa Atat\u00fcrk An\u0131t\u0131\u2019ndaki devlet t\u00f6reni saat 9.00\u2019da d\u00fczenlenecek. T\u00f6rende an\u0131ta \u00e7elenk konacak.<\/p>\n<p>Gazima\u011fusa\u2019da yap\u0131m\u0131 tamamlanan Yonpa\u015f Metin Derinel Lisesi, 23 Nisan Ulusal Egemenlik ve \u00c7ocuk Bayram\u0131\u2019nda d\u00fczenlenecek t\u00f6renle a\u00e7\u0131lacak. T\u00f6ren saat 12.00\u2019de yap\u0131lacak.<\/p>\n<p><strong>-\u0130l\u00e7elerdeki t\u00f6renler<\/strong><\/p>\n<p>23 Nisan Pazar g\u00fcn\u00fc il\u00e7eler ve k\u00f6ylerde de t\u00f6renler d\u00fczenlenecek.<\/p>\n<p>Girne\u2019de saat 08.40\u2019ta Atat\u00fcrk An\u0131t\u0131\u2019nda, saat 09.30\u2019da 20 Temmuz Stadyumu\u2019nda; G\u00fczelyurt\u2019ta saat 09.00\u2019da Atat\u00fcrk An\u0131t\u0131\u2019nda; \u0130skele\u2019de 09.00\u2019da Atat\u00fcrk An\u0131t\u0131\u2019nda, 09.30\u2019da \u0130skele Cumhuriyet Statyumu\u2019nda t\u00f6ren ve kutlamalar yap\u0131lacak.<\/p>\n<p>Akdo\u011faN\u2019da 09.00\u2019da Atat\u00fcrk An\u0131t\u0131\u2019nda, 10.00\u2019da Dr. Faz\u0131l K\u00fc\u00e7\u00fck \u0130lkokulu\u2019nda; Ge\u00e7itkale\u2019de saat 09.00\u2019da k\u00f6y meydan\u0131nda t\u00f6ren d\u00fczenlenecek.<\/p>\n<\/p><\/div>\n<p><script async\n                    defer\n                    crossorigin=\"anonymous\"\n                    src=\"https:\/\/connect.facebook.net\/tr_TR\/sdk.js#xfbml=1&#038;version=v3.3\"\n            ><\/script><\/p>\n","protected":false},"excerpt":{"rendered":"<p>23 Nisan Ulusal Egemenlik ve \u00c7ocuk Bayram\u0131 kutlamalar\u0131 pazartesi g\u00fcn\u00fc ba\u015fl\u0131yor. T\u00fcrkiye B\u00fcy\u00fck Millet Meclisi\u2019nin 103. a\u00e7\u0131l\u0131\u015f y\u0131l d\u00f6n\u00fcm\u00fc an\u0131s\u0131na Ulu \u00d6nder Mustafa Kemal Atat\u00fcrk taraf\u0131ndan \u00e7ocuklara arma\u011fan edilen bayram dolay\u0131s\u0131yla, Milli E\u011fitim Bakanl\u0131\u011f\u0131 \u0130lk\u00f6\u011fretim Dairesi taraf\u0131ndan organize edilen 23 Nisan Ulusal Egemenlik ve \u00c7ocuk Bayram\u0131 kutlama etkinlikleri, 17,18,19 ve 23 Nisan tarihlerinde yap\u0131lacak. Milli<\/p>\n","protected":false},"author":1,"featured_media":5216,"comment_status":"open","ping_status":"open","sticky":false,"template":"","format":"standard","meta":{"footnotes":""},"categories":[1],"tags":[],"class_list":["post-5215","post","type-post","status-publish","format-standard","has-post-thumbnail","hentry","category-gundem"],"yoast_head":"<!-- This site is optimized with the Yoast SEO plugin v27.4 - https:\/\/yoast.com\/product\/yoast-seo-wordpress\/ -->\n<title>23 Nisan kutlamalar\u0131 pazartesi g\u00fcn\u00fc ba\u015fl\u0131yor -<\/title>\n<meta name=\"robots\" content=\"index, follow, max-snippet:-1, max-image-preview:large, max-video-preview:-1\" \/>\n<link rel=\"canonical\" href=\"https:\/\/kibrisdakik.com\/?p=5215\" \/>\n<meta property=\"og:locale\" content=\"tr_TR\" \/>\n<meta property=\"og:type\" content=\"article\" \/>\n<meta property=\"og:title\" content=\"23 Nisan kutlamalar\u0131 pazartesi g\u00fcn\u00fc ba\u015fl\u0131yor -\" \/>\n<meta property=\"og:description\" content=\"23 Nisan Ulusal Egemenlik ve \u00c7ocuk Bayram\u0131 kutlamalar\u0131 pazartesi g\u00fcn\u00fc ba\u015fl\u0131yor. T\u00fcrkiye B\u00fcy\u00fck Millet Meclisi\u2019nin 103. a\u00e7\u0131l\u0131\u015f y\u0131l d\u00f6n\u00fcm\u00fc an\u0131s\u0131na Ulu \u00d6nder Mustafa Kemal Atat\u00fcrk taraf\u0131ndan \u00e7ocuklara arma\u011fan edilen bayram dolay\u0131s\u0131yla, Milli E\u011fitim Bakanl\u0131\u011f\u0131 \u0130lk\u00f6\u011fretim Dairesi taraf\u0131ndan organize edilen 23 Nisan Ulusal Egemenlik ve \u00c7ocuk Bayram\u0131 kutlama etkinlikleri, 17,18,19 ve 23 Nisan tarihlerinde yap\u0131lacak. Milli\" \/>\n<meta property=\"og:url\" content=\"https:\/\/kibrisdakik.com\/?p=5215\" \/>\n<meta property=\"article:published_time\" content=\"2023-04-15T22:30:13+00:00\" \/>\n<meta property=\"og:image\" content=\"https:\/\/kibrisdakik.com\/wp-content\/uploads\/2023\/04\/23-nisan-etkinlikleri-12--740x420.jpg\" \/>\n\t<meta property=\"og:image:width\" content=\"1600\" \/>\n\t<meta property=\"og:image:height\" content=\"900\" \/>\n\t<meta property=\"og:image:type\" content=\"image\/jpeg\" \/>\n<meta name=\"author\" content=\"admin\" \/>\n<meta name=\"twitter:card\" content=\"summary_large_image\" \/>\n<meta name=\"twitter:label1\" content=\"Yazan:\" \/>\n\t<meta name=\"twitter:data1\" content=\"admin\" \/>\n\t<meta name=\"twitter:label2\" content=\"Tahmini okuma s\u00fcresi\" \/>\n\t<meta name=\"twitter:data2\" content=\"4 dakika\" \/>\n<script type=\"application\/ld+json\" class=\"yoast-schema-graph\">{\"@context\":\"https:\\\/\\\/schema.org\",\"@graph\":[{\"@type\":\"Article\",\"@id\":\"https:\\\/\\\/kibrisdakik.com\\\/?p=5215#article\",\"isPartOf\":{\"@id\":\"https:\\\/\\\/kibrisdakik.com\\\/?p=5215\"},\"author\":{\"name\":\"admin\",\"@id\":\"https:\\\/\\\/kibrisdakik.com\\\/#\\\/schema\\\/person\\\/9cd9d437bbb44f72b73ba127e06d8e79\"},\"headline\":\"23 Nisan kutlamalar\u0131 pazartesi g\u00fcn\u00fc ba\u015fl\u0131yor\",\"datePublished\":\"2023-04-15T22:30:13+00:00\",\"mainEntityOfPage\":{\"@id\":\"https:\\\/\\\/kibrisdakik.com\\\/?p=5215\"},\"wordCount\":859,\"commentCount\":0,\"image\":{\"@id\":\"https:\\\/\\\/kibrisdakik.com\\\/?p=5215#primaryimage\"},\"thumbnailUrl\":\"https:\\\/\\\/kibrisdakik.com\\\/wp-content\\\/uploads\\\/2023\\\/04\\\/23-nisan-etkinlikleri-12--740x420.jpg\",\"articleSection\":[\"G\u00fcndem\"],\"inLanguage\":\"tr\",\"potentialAction\":[{\"@type\":\"CommentAction\",\"name\":\"Comment\",\"target\":[\"https:\\\/\\\/kibrisdakik.com\\\/?p=5215#respond\"]}]},{\"@type\":\"WebPage\",\"@id\":\"https:\\\/\\\/kibrisdakik.com\\\/?p=5215\",\"url\":\"https:\\\/\\\/kibrisdakik.com\\\/?p=5215\",\"name\":\"23 Nisan kutlamalar\u0131 pazartesi g\u00fcn\u00fc ba\u015fl\u0131yor -\",\"isPartOf\":{\"@id\":\"https:\\\/\\\/kibrisdakik.com\\\/#website\"},\"primaryImageOfPage\":{\"@id\":\"https:\\\/\\\/kibrisdakik.com\\\/?p=5215#primaryimage\"},\"image\":{\"@id\":\"https:\\\/\\\/kibrisdakik.com\\\/?p=5215#primaryimage\"},\"thumbnailUrl\":\"https:\\\/\\\/kibrisdakik.com\\\/wp-content\\\/uploads\\\/2023\\\/04\\\/23-nisan-etkinlikleri-12--740x420.jpg\",\"datePublished\":\"2023-04-15T22:30:13+00:00\",\"author\":{\"@id\":\"https:\\\/\\\/kibrisdakik.com\\\/#\\\/schema\\\/person\\\/9cd9d437bbb44f72b73ba127e06d8e79\"},\"breadcrumb\":{\"@id\":\"https:\\\/\\\/kibrisdakik.com\\\/?p=5215#breadcrumb\"},\"inLanguage\":\"tr\",\"potentialAction\":[{\"@type\":\"ReadAction\",\"target\":[\"https:\\\/\\\/kibrisdakik.com\\\/?p=5215\"]}]},{\"@type\":\"ImageObject\",\"inLanguage\":\"tr\",\"@id\":\"https:\\\/\\\/kibrisdakik.com\\\/?p=5215#primaryimage\",\"url\":\"https:\\\/\\\/kibrisdakik.com\\\/wp-content\\\/uploads\\\/2023\\\/04\\\/23-nisan-etkinlikleri-12--740x420.jpg\",\"contentUrl\":\"https:\\\/\\\/kibrisdakik.com\\\/wp-content\\\/uploads\\\/2023\\\/04\\\/23-nisan-etkinlikleri-12--740x420.jpg\",\"width\":1600,\"height\":900},{\"@type\":\"BreadcrumbList\",\"@id\":\"https:\\\/\\\/kibrisdakik.com\\\/?p=5215#breadcrumb\",\"itemListElement\":[{\"@type\":\"ListItem\",\"position\":1,\"name\":\"Home\",\"item\":\"https:\\\/\\\/kibrisdakik.com\\\/\"},{\"@type\":\"ListItem\",\"position\":2,\"name\":\"23 Nisan kutlamalar\u0131 pazartesi g\u00fcn\u00fc ba\u015fl\u0131yor\"}]},{\"@type\":\"WebSite\",\"@id\":\"https:\\\/\\\/kibrisdakik.com\\\/#website\",\"url\":\"https:\\\/\\\/kibrisdakik.com\\\/\",\"name\":\"\",\"description\":\"Tam vaktinde haber\",\"potentialAction\":[{\"@type\":\"SearchAction\",\"target\":{\"@type\":\"EntryPoint\",\"urlTemplate\":\"https:\\\/\\\/kibrisdakik.com\\\/?s={search_term_string}\"},\"query-input\":{\"@type\":\"PropertyValueSpecification\",\"valueRequired\":true,\"valueName\":\"search_term_string\"}}],\"inLanguage\":\"tr\"},{\"@type\":\"Person\",\"@id\":\"https:\\\/\\\/kibrisdakik.com\\\/#\\\/schema\\\/person\\\/9cd9d437bbb44f72b73ba127e06d8e79\",\"name\":\"admin\",\"image\":{\"@type\":\"ImageObject\",\"inLanguage\":\"tr\",\"@id\":\"https:\\\/\\\/secure.gravatar.com\\\/avatar\\\/ccc17943b9d660506c869530f897617f7cb1c21a4bf30023f252596d83e1f007?s=96&d=mm&r=g\",\"url\":\"https:\\\/\\\/secure.gravatar.com\\\/avatar\\\/ccc17943b9d660506c869530f897617f7cb1c21a4bf30023f252596d83e1f007?s=96&d=mm&r=g\",\"contentUrl\":\"https:\\\/\\\/secure.gravatar.com\\\/avatar\\\/ccc17943b9d660506c869530f897617f7cb1c21a4bf30023f252596d83e1f007?s=96&d=mm&r=g\",\"caption\":\"admin\"},\"sameAs\":[\"https:\\\/\\\/kibrisdakik.com\"],\"url\":\"https:\\\/\\\/kibrisdakik.com\\\/?author=1\"}]}<\/script>\n<!-- \/ Yoast SEO plugin. -->","yoast_head_json":{"title":"23 Nisan kutlamalar\u0131 pazartesi g\u00fcn\u00fc ba\u015fl\u0131yor -","robots":{"index":"index","follow":"follow","max-snippet":"max-snippet:-1","max-image-preview":"max-image-preview:large","max-video-preview":"max-video-preview:-1"},"canonical":"https:\/\/kibrisdakik.com\/?p=5215","og_locale":"tr_TR","og_type":"article","og_title":"23 Nisan kutlamalar\u0131 pazartesi g\u00fcn\u00fc ba\u015fl\u0131yor -","og_description":"23 Nisan Ulusal Egemenlik ve \u00c7ocuk Bayram\u0131 kutlamalar\u0131 pazartesi g\u00fcn\u00fc ba\u015fl\u0131yor. T\u00fcrkiye B\u00fcy\u00fck Millet Meclisi\u2019nin 103. a\u00e7\u0131l\u0131\u015f y\u0131l d\u00f6n\u00fcm\u00fc an\u0131s\u0131na Ulu \u00d6nder Mustafa Kemal Atat\u00fcrk taraf\u0131ndan \u00e7ocuklara arma\u011fan edilen bayram dolay\u0131s\u0131yla, Milli E\u011fitim Bakanl\u0131\u011f\u0131 \u0130lk\u00f6\u011fretim Dairesi taraf\u0131ndan organize edilen 23 Nisan Ulusal Egemenlik ve \u00c7ocuk Bayram\u0131 kutlama etkinlikleri, 17,18,19 ve 23 Nisan tarihlerinde yap\u0131lacak. Milli","og_url":"https:\/\/kibrisdakik.com\/?p=5215","article_published_time":"2023-04-15T22:30:13+00:00","og_image":[{"width":1600,"height":900,"url":"https:\/\/kibrisdakik.com\/wp-content\/uploads\/2023\/04\/23-nisan-etkinlikleri-12--740x420.jpg","type":"image\/jpeg"}],"author":"admin","twitter_card":"summary_large_image","twitter_misc":{"Yazan:":"admin","Tahmini okuma s\u00fcresi":"4 dakika"},"schema":{"@context":"https:\/\/schema.org","@graph":[{"@type":"Article","@id":"https:\/\/kibrisdakik.com\/?p=5215#article","isPartOf":{"@id":"https:\/\/kibrisdakik.com\/?p=5215"},"author":{"name":"admin","@id":"https:\/\/kibrisdakik.com\/#\/schema\/person\/9cd9d437bbb44f72b73ba127e06d8e79"},"headline":"23 Nisan kutlamalar\u0131 pazartesi g\u00fcn\u00fc ba\u015fl\u0131yor","datePublished":"2023-04-15T22:30:13+00:00","mainEntityOfPage":{"@id":"https:\/\/kibrisdakik.com\/?p=5215"},"wordCount":859,"commentCount":0,"image":{"@id":"https:\/\/kibrisdakik.com\/?p=5215#primaryimage"},"thumbnailUrl":"https:\/\/kibrisdakik.com\/wp-content\/uploads\/2023\/04\/23-nisan-etkinlikleri-12--740x420.jpg","articleSection":["G\u00fcndem"],"inLanguage":"tr","potentialAction":[{"@type":"CommentAction","name":"Comment","target":["https:\/\/kibrisdakik.com\/?p=5215#respond"]}]},{"@type":"WebPage","@id":"https:\/\/kibrisdakik.com\/?p=5215","url":"https:\/\/kibrisdakik.com\/?p=5215","name":"23 Nisan kutlamalar\u0131 pazartesi g\u00fcn\u00fc ba\u015fl\u0131yor -","isPartOf":{"@id":"https:\/\/kibrisdakik.com\/#website"},"primaryImageOfPage":{"@id":"https:\/\/kibrisdakik.com\/?p=5215#primaryimage"},"image":{"@id":"https:\/\/kibrisdakik.com\/?p=5215#primaryimage"},"thumbnailUrl":"https:\/\/kibrisdakik.com\/wp-content\/uploads\/2023\/04\/23-nisan-etkinlikleri-12--740x420.jpg","datePublished":"2023-04-15T22:30:13+00:00","author":{"@id":"https:\/\/kibrisdakik.com\/#\/schema\/person\/9cd9d437bbb44f72b73ba127e06d8e79"},"breadcrumb":{"@id":"https:\/\/kibrisdakik.com\/?p=5215#breadcrumb"},"inLanguage":"tr","potentialAction":[{"@type":"ReadAction","target":["https:\/\/kibrisdakik.com\/?p=5215"]}]},{"@type":"ImageObject","inLanguage":"tr","@id":"https:\/\/kibrisdakik.com\/?p=5215#primaryimage","url":"https:\/\/kibrisdakik.com\/wp-content\/uploads\/2023\/04\/23-nisan-etkinlikleri-12--740x420.jpg","contentUrl":"https:\/\/kibrisdakik.com\/wp-content\/uploads\/2023\/04\/23-nisan-etkinlikleri-12--740x420.jpg","width":1600,"height":900},{"@type":"BreadcrumbList","@id":"https:\/\/kibrisdakik.com\/?p=5215#breadcrumb","itemListElement":[{"@type":"ListItem","position":1,"name":"Home","item":"https:\/\/kibrisdakik.com\/"},{"@type":"ListItem","position":2,"name":"23 Nisan kutlamalar\u0131 pazartesi g\u00fcn\u00fc ba\u015fl\u0131yor"}]},{"@type":"WebSite","@id":"https:\/\/kibrisdakik.com\/#website","url":"https:\/\/kibrisdakik.com\/","name":"","description":"Tam vaktinde haber","potentialAction":[{"@type":"SearchAction","target":{"@type":"EntryPoint","urlTemplate":"https:\/\/kibrisdakik.com\/?s={search_term_string}"},"query-input":{"@type":"PropertyValueSpecification","valueRequired":true,"valueName":"search_term_string"}}],"inLanguage":"tr"},{"@type":"Person","@id":"https:\/\/kibrisdakik.com\/#\/schema\/person\/9cd9d437bbb44f72b73ba127e06d8e79","name":"admin","image":{"@type":"ImageObject","inLanguage":"tr","@id":"https:\/\/secure.gravatar.com\/avatar\/ccc17943b9d660506c869530f897617f7cb1c21a4bf30023f252596d83e1f007?s=96&d=mm&r=g","url":"https:\/\/secure.gravatar.com\/avatar\/ccc17943b9d660506c869530f897617f7cb1c21a4bf30023f252596d83e1f007?s=96&d=mm&r=g","contentUrl":"https:\/\/secure.gravatar.com\/avatar\/ccc17943b9d660506c869530f897617f7cb1c21a4bf30023f252596d83e1f007?s=96&d=mm&r=g","caption":"admin"},"sameAs":["https:\/\/kibrisdakik.com"],"url":"https:\/\/kibrisdakik.com\/?author=1"}]}},"_links":{"self":[{"href":"https:\/\/kibrisdakik.com\/index.php?rest_route=\/wp\/v2\/posts\/5215","targetHints":{"allow":["GET"]}}],"collection":[{"href":"https:\/\/kibrisdakik.com\/index.php?rest_route=\/wp\/v2\/posts"}],"about":[{"href":"https:\/\/kibrisdakik.com\/index.php?rest_route=\/wp\/v2\/types\/post"}],"author":[{"embeddable":true,"href":"https:\/\/kibrisdakik.com\/index.php?rest_route=\/wp\/v2\/users\/1"}],"replies":[{"embeddable":true,"href":"https:\/\/kibrisdakik.com\/index.php?rest_route=%2Fwp%2Fv2%2Fcomments&post=5215"}],"version-history":[{"count":0,"href":"https:\/\/kibrisdakik.com\/index.php?rest_route=\/wp\/v2\/posts\/5215\/revisions"}],"wp:featuredmedia":[{"embeddable":true,"href":"https:\/\/kibrisdakik.com\/index.php?rest_route=\/wp\/v2\/media\/5216"}],"wp:attachment":[{"href":"https:\/\/kibrisdakik.com\/index.php?rest_route=%2Fwp%2Fv2%2Fmedia&parent=5215"}],"wp:term":[{"taxonomy":"category","embeddable":true,"href":"https:\/\/kibrisdakik.com\/index.php?rest_route=%2Fwp%2Fv2%2Fcategories&post=5215"},{"taxonomy":"post_tag","embeddable":true,"href":"https:\/\/kibrisdakik.com\/index.php?rest_route=%2Fwp%2Fv2%2Ftags&post=5215"}],"curies":[{"name":"wp","href":"https:\/\/api.w.org\/{rel}","templated":true}]}}