{"id":5225,"date":"2023-04-16T09:10:41","date_gmt":"2023-04-16T09:10:41","guid":{"rendered":"https:\/\/kibrisdakik.com\/index.php\/2023\/04\/16\/yucel-donmez-hayatini-kaybetti\/"},"modified":"2023-04-16T09:10:41","modified_gmt":"2023-04-16T09:10:41","slug":"yucel-donmez-hayatini-kaybetti","status":"publish","type":"post","link":"https:\/\/kibrisdakik.com\/?p=5225","title":{"rendered":"Y\u00fccel D\u00f6nmez hayat\u0131n\u0131 kaybetti"},"content":{"rendered":"<p><\/p>\n<div>\n<div class=\"mariselle-image-container center\">\n                <img width=\"600\" height=\"264\" class=\"lazy-image\" alt=\"\" decoding=\"async\" loading=\"lazy\" sizes=\"auto, (max-width: 600px) 100vw, 600px\" src=\"https:\/\/brtk.net\/wp-content\/uploads\/2023\/04\/16\/ambulans6-1.png?ver=3ba79e06d4d658cd877c0ea8cde50fe6\" srcset=\"https:\/\/brtk.net\/wp-content\/uploads\/2023\/04\/16\/ambulans6-1.png?ver=3ba79e06d4d658cd877c0ea8cde50fe6 600w, https:\/\/brtk.net\/wp-content\/uploads\/2023\/04\/16\/ambulans6-1-300x132.png?ver=3ba79e06d4d658cd877c0ea8cde50fe6 300w\"\/>                            <\/div>\n<p>\nLefko\u015fa\u2019n\u0131n K\u00fc\u00e7\u00fck Kaymakl\u0131 b\u00f6lgesinde sakin 51 ya\u015f\u0131ndaki Y\u00fccel D\u00f6nmez, ge\u00e7irdi\u011fi ani rahats\u0131zl\u0131k nedeniyle kald\u0131r\u0131ld\u0131\u011f\u0131 hastanede kurtar\u0131lamad\u0131.<\/p>\n<p>Polis Bas\u0131n Subayl\u0131\u011f\u0131\u2019n\u0131n \u201cani ve gayritabii \u00f6l\u00fcm\u201d <a href=\"https:\/\/brtk.net\/\">vaka<\/a>s\u0131 olarak a\u00e7\u0131klad\u0131\u011f\u0131 olay, d\u00fcn gece meydana geldi.<\/p>\n<p>Saat 21.30 s\u0131ralar\u0131nda, K\u00fc\u00e7\u00fck Kaymakl\u0131\u2019da sakin Y\u00fccel D\u00f6nmez (E-51), evinde aniden rahats\u0131zlanarak kald\u0131r\u0131ld\u0131\u011f\u0131 Lefko\u015fa Dr. Burhan Nalbanto\u011flu Devlet Hastanesi\u2019nde yap\u0131lan t\u00fcm m\u00fcdahalelere ra\u011fmen kurtar\u0131lamayarak ya\u015fam\u0131n\u0131 yitirdi.<\/p>\n<p>Polisin D\u00f6nmez\u2019in \u00f6l\u00fcm\u00fcyle ilgili soru\u015fturmas\u0131 devam ediyor.<\/p>\n<\/p><\/div>\n<p><script async\n                    defer\n                    crossorigin=\"anonymous\"\n                    src=\"https:\/\/connect.facebook.net\/tr_TR\/sdk.js#xfbml=1&#038;version=v3.3\"\n            ><\/script><\/p>\n","protected":false},"excerpt":{"rendered":"<p>Lefko\u015fa\u2019n\u0131n K\u00fc\u00e7\u00fck Kaymakl\u0131 b\u00f6lgesinde sakin 51 ya\u015f\u0131ndaki Y\u00fccel D\u00f6nmez, ge\u00e7irdi\u011fi ani rahats\u0131zl\u0131k nedeniyle kald\u0131r\u0131ld\u0131\u011f\u0131 hastanede kurtar\u0131lamad\u0131. Polis Bas\u0131n Subayl\u0131\u011f\u0131\u2019n\u0131n \u201cani ve gayritabii \u00f6l\u00fcm\u201d vakas\u0131 olarak a\u00e7\u0131klad\u0131\u011f\u0131 olay, d\u00fcn gece meydana geldi. Saat 21.30 s\u0131ralar\u0131nda, K\u00fc\u00e7\u00fck Kaymakl\u0131\u2019da sakin Y\u00fccel D\u00f6nmez (E-51), evinde aniden rahats\u0131zlanarak kald\u0131r\u0131ld\u0131\u011f\u0131 Lefko\u015fa Dr. Burhan Nalbanto\u011flu Devlet Hastanesi\u2019nde yap\u0131lan t\u00fcm m\u00fcdahalelere ra\u011fmen kurtar\u0131lamayarak<\/p>\n","protected":false},"author":1,"featured_media":5226,"comment_status":"open","ping_status":"open","sticky":false,"template":"","format":"standard","meta":{"footnotes":""},"categories":[1],"tags":[],"class_list":["post-5225","post","type-post","status-publish","format-standard","has-post-thumbnail","hentry","category-gundem"],"yoast_head":"<!-- This site is optimized with the Yoast SEO plugin v27.4 - https:\/\/yoast.com\/product\/yoast-seo-wordpress\/ -->\n<title>Y\u00fccel D\u00f6nmez hayat\u0131n\u0131 kaybetti -<\/title>\n<meta name=\"robots\" content=\"index, follow, max-snippet:-1, max-image-preview:large, max-video-preview:-1\" \/>\n<link rel=\"canonical\" href=\"https:\/\/kibrisdakik.com\/?p=5225\" \/>\n<meta property=\"og:locale\" content=\"tr_TR\" \/>\n<meta property=\"og:type\" content=\"article\" \/>\n<meta property=\"og:title\" content=\"Y\u00fccel D\u00f6nmez hayat\u0131n\u0131 kaybetti -\" \/>\n<meta property=\"og:description\" content=\"Lefko\u015fa\u2019n\u0131n K\u00fc\u00e7\u00fck Kaymakl\u0131 b\u00f6lgesinde sakin 51 ya\u015f\u0131ndaki Y\u00fccel D\u00f6nmez, ge\u00e7irdi\u011fi ani rahats\u0131zl\u0131k nedeniyle kald\u0131r\u0131ld\u0131\u011f\u0131 hastanede kurtar\u0131lamad\u0131. Polis Bas\u0131n Subayl\u0131\u011f\u0131\u2019n\u0131n \u201cani ve gayritabii \u00f6l\u00fcm\u201d vakas\u0131 olarak a\u00e7\u0131klad\u0131\u011f\u0131 olay, d\u00fcn gece meydana geldi. Saat 21.30 s\u0131ralar\u0131nda, K\u00fc\u00e7\u00fck Kaymakl\u0131\u2019da sakin Y\u00fccel D\u00f6nmez (E-51), evinde aniden rahats\u0131zlanarak kald\u0131r\u0131ld\u0131\u011f\u0131 Lefko\u015fa Dr. Burhan Nalbanto\u011flu Devlet Hastanesi\u2019nde yap\u0131lan t\u00fcm m\u00fcdahalelere ra\u011fmen kurtar\u0131lamayarak\" \/>\n<meta property=\"og:url\" content=\"https:\/\/kibrisdakik.com\/?p=5225\" \/>\n<meta property=\"article:published_time\" content=\"2023-04-16T09:10:41+00:00\" \/>\n<meta property=\"og:image\" content=\"https:\/\/kibrisdakik.com\/wp-content\/uploads\/2023\/04\/ambulans6-1.png\" \/>\n\t<meta property=\"og:image:width\" content=\"600\" \/>\n\t<meta property=\"og:image:height\" content=\"264\" \/>\n\t<meta property=\"og:image:type\" content=\"image\/png\" \/>\n<meta name=\"author\" content=\"admin\" \/>\n<meta name=\"twitter:card\" content=\"summary_large_image\" \/>\n<meta name=\"twitter:label1\" content=\"Yazan:\" \/>\n\t<meta name=\"twitter:data1\" content=\"admin\" \/>\n\t<meta name=\"twitter:label2\" content=\"Tahmini okuma s\u00fcresi\" \/>\n\t<meta name=\"twitter:data2\" content=\"1 dakika\" \/>\n<script type=\"application\/ld+json\" class=\"yoast-schema-graph\">{\"@context\":\"https:\\\/\\\/schema.org\",\"@graph\":[{\"@type\":\"Article\",\"@id\":\"https:\\\/\\\/kibrisdakik.com\\\/?p=5225#article\",\"isPartOf\":{\"@id\":\"https:\\\/\\\/kibrisdakik.com\\\/?p=5225\"},\"author\":{\"name\":\"admin\",\"@id\":\"https:\\\/\\\/kibrisdakik.com\\\/#\\\/schema\\\/person\\\/9cd9d437bbb44f72b73ba127e06d8e79\"},\"headline\":\"Y\u00fccel D\u00f6nmez hayat\u0131n\u0131 kaybetti\",\"datePublished\":\"2023-04-16T09:10:41+00:00\",\"mainEntityOfPage\":{\"@id\":\"https:\\\/\\\/kibrisdakik.com\\\/?p=5225\"},\"wordCount\":114,\"commentCount\":0,\"image\":{\"@id\":\"https:\\\/\\\/kibrisdakik.com\\\/?p=5225#primaryimage\"},\"thumbnailUrl\":\"https:\\\/\\\/kibrisdakik.com\\\/wp-content\\\/uploads\\\/2023\\\/04\\\/ambulans6-1.png\",\"articleSection\":[\"G\u00fcndem\"],\"inLanguage\":\"tr\",\"potentialAction\":[{\"@type\":\"CommentAction\",\"name\":\"Comment\",\"target\":[\"https:\\\/\\\/kibrisdakik.com\\\/?p=5225#respond\"]}]},{\"@type\":\"WebPage\",\"@id\":\"https:\\\/\\\/kibrisdakik.com\\\/?p=5225\",\"url\":\"https:\\\/\\\/kibrisdakik.com\\\/?p=5225\",\"name\":\"Y\u00fccel D\u00f6nmez hayat\u0131n\u0131 kaybetti -\",\"isPartOf\":{\"@id\":\"https:\\\/\\\/kibrisdakik.com\\\/#website\"},\"primaryImageOfPage\":{\"@id\":\"https:\\\/\\\/kibrisdakik.com\\\/?p=5225#primaryimage\"},\"image\":{\"@id\":\"https:\\\/\\\/kibrisdakik.com\\\/?p=5225#primaryimage\"},\"thumbnailUrl\":\"https:\\\/\\\/kibrisdakik.com\\\/wp-content\\\/uploads\\\/2023\\\/04\\\/ambulans6-1.png\",\"datePublished\":\"2023-04-16T09:10:41+00:00\",\"author\":{\"@id\":\"https:\\\/\\\/kibrisdakik.com\\\/#\\\/schema\\\/person\\\/9cd9d437bbb44f72b73ba127e06d8e79\"},\"breadcrumb\":{\"@id\":\"https:\\\/\\\/kibrisdakik.com\\\/?p=5225#breadcrumb\"},\"inLanguage\":\"tr\",\"potentialAction\":[{\"@type\":\"ReadAction\",\"target\":[\"https:\\\/\\\/kibrisdakik.com\\\/?p=5225\"]}]},{\"@type\":\"ImageObject\",\"inLanguage\":\"tr\",\"@id\":\"https:\\\/\\\/kibrisdakik.com\\\/?p=5225#primaryimage\",\"url\":\"https:\\\/\\\/kibrisdakik.com\\\/wp-content\\\/uploads\\\/2023\\\/04\\\/ambulans6-1.png\",\"contentUrl\":\"https:\\\/\\\/kibrisdakik.com\\\/wp-content\\\/uploads\\\/2023\\\/04\\\/ambulans6-1.png\",\"width\":600,\"height\":264},{\"@type\":\"BreadcrumbList\",\"@id\":\"https:\\\/\\\/kibrisdakik.com\\\/?p=5225#breadcrumb\",\"itemListElement\":[{\"@type\":\"ListItem\",\"position\":1,\"name\":\"Home\",\"item\":\"https:\\\/\\\/kibrisdakik.com\\\/\"},{\"@type\":\"ListItem\",\"position\":2,\"name\":\"Y\u00fccel D\u00f6nmez hayat\u0131n\u0131 kaybetti\"}]},{\"@type\":\"WebSite\",\"@id\":\"https:\\\/\\\/kibrisdakik.com\\\/#website\",\"url\":\"https:\\\/\\\/kibrisdakik.com\\\/\",\"name\":\"\",\"description\":\"Tam vaktinde haber\",\"potentialAction\":[{\"@type\":\"SearchAction\",\"target\":{\"@type\":\"EntryPoint\",\"urlTemplate\":\"https:\\\/\\\/kibrisdakik.com\\\/?s={search_term_string}\"},\"query-input\":{\"@type\":\"PropertyValueSpecification\",\"valueRequired\":true,\"valueName\":\"search_term_string\"}}],\"inLanguage\":\"tr\"},{\"@type\":\"Person\",\"@id\":\"https:\\\/\\\/kibrisdakik.com\\\/#\\\/schema\\\/person\\\/9cd9d437bbb44f72b73ba127e06d8e79\",\"name\":\"admin\",\"image\":{\"@type\":\"ImageObject\",\"inLanguage\":\"tr\",\"@id\":\"https:\\\/\\\/secure.gravatar.com\\\/avatar\\\/ccc17943b9d660506c869530f897617f7cb1c21a4bf30023f252596d83e1f007?s=96&d=mm&r=g\",\"url\":\"https:\\\/\\\/secure.gravatar.com\\\/avatar\\\/ccc17943b9d660506c869530f897617f7cb1c21a4bf30023f252596d83e1f007?s=96&d=mm&r=g\",\"contentUrl\":\"https:\\\/\\\/secure.gravatar.com\\\/avatar\\\/ccc17943b9d660506c869530f897617f7cb1c21a4bf30023f252596d83e1f007?s=96&d=mm&r=g\",\"caption\":\"admin\"},\"sameAs\":[\"https:\\\/\\\/kibrisdakik.com\"],\"url\":\"https:\\\/\\\/kibrisdakik.com\\\/?author=1\"}]}<\/script>\n<!-- \/ Yoast SEO plugin. -->","yoast_head_json":{"title":"Y\u00fccel D\u00f6nmez hayat\u0131n\u0131 kaybetti -","robots":{"index":"index","follow":"follow","max-snippet":"max-snippet:-1","max-image-preview":"max-image-preview:large","max-video-preview":"max-video-preview:-1"},"canonical":"https:\/\/kibrisdakik.com\/?p=5225","og_locale":"tr_TR","og_type":"article","og_title":"Y\u00fccel D\u00f6nmez hayat\u0131n\u0131 kaybetti -","og_description":"Lefko\u015fa\u2019n\u0131n K\u00fc\u00e7\u00fck Kaymakl\u0131 b\u00f6lgesinde sakin 51 ya\u015f\u0131ndaki Y\u00fccel D\u00f6nmez, ge\u00e7irdi\u011fi ani rahats\u0131zl\u0131k nedeniyle kald\u0131r\u0131ld\u0131\u011f\u0131 hastanede kurtar\u0131lamad\u0131. Polis Bas\u0131n Subayl\u0131\u011f\u0131\u2019n\u0131n \u201cani ve gayritabii \u00f6l\u00fcm\u201d vakas\u0131 olarak a\u00e7\u0131klad\u0131\u011f\u0131 olay, d\u00fcn gece meydana geldi. Saat 21.30 s\u0131ralar\u0131nda, K\u00fc\u00e7\u00fck Kaymakl\u0131\u2019da sakin Y\u00fccel D\u00f6nmez (E-51), evinde aniden rahats\u0131zlanarak kald\u0131r\u0131ld\u0131\u011f\u0131 Lefko\u015fa Dr. Burhan Nalbanto\u011flu Devlet Hastanesi\u2019nde yap\u0131lan t\u00fcm m\u00fcdahalelere ra\u011fmen kurtar\u0131lamayarak","og_url":"https:\/\/kibrisdakik.com\/?p=5225","article_published_time":"2023-04-16T09:10:41+00:00","og_image":[{"width":600,"height":264,"url":"https:\/\/kibrisdakik.com\/wp-content\/uploads\/2023\/04\/ambulans6-1.png","type":"image\/png"}],"author":"admin","twitter_card":"summary_large_image","twitter_misc":{"Yazan:":"admin","Tahmini okuma s\u00fcresi":"1 dakika"},"schema":{"@context":"https:\/\/schema.org","@graph":[{"@type":"Article","@id":"https:\/\/kibrisdakik.com\/?p=5225#article","isPartOf":{"@id":"https:\/\/kibrisdakik.com\/?p=5225"},"author":{"name":"admin","@id":"https:\/\/kibrisdakik.com\/#\/schema\/person\/9cd9d437bbb44f72b73ba127e06d8e79"},"headline":"Y\u00fccel D\u00f6nmez hayat\u0131n\u0131 kaybetti","datePublished":"2023-04-16T09:10:41+00:00","mainEntityOfPage":{"@id":"https:\/\/kibrisdakik.com\/?p=5225"},"wordCount":114,"commentCount":0,"image":{"@id":"https:\/\/kibrisdakik.com\/?p=5225#primaryimage"},"thumbnailUrl":"https:\/\/kibrisdakik.com\/wp-content\/uploads\/2023\/04\/ambulans6-1.png","articleSection":["G\u00fcndem"],"inLanguage":"tr","potentialAction":[{"@type":"CommentAction","name":"Comment","target":["https:\/\/kibrisdakik.com\/?p=5225#respond"]}]},{"@type":"WebPage","@id":"https:\/\/kibrisdakik.com\/?p=5225","url":"https:\/\/kibrisdakik.com\/?p=5225","name":"Y\u00fccel D\u00f6nmez hayat\u0131n\u0131 kaybetti -","isPartOf":{"@id":"https:\/\/kibrisdakik.com\/#website"},"primaryImageOfPage":{"@id":"https:\/\/kibrisdakik.com\/?p=5225#primaryimage"},"image":{"@id":"https:\/\/kibrisdakik.com\/?p=5225#primaryimage"},"thumbnailUrl":"https:\/\/kibrisdakik.com\/wp-content\/uploads\/2023\/04\/ambulans6-1.png","datePublished":"2023-04-16T09:10:41+00:00","author":{"@id":"https:\/\/kibrisdakik.com\/#\/schema\/person\/9cd9d437bbb44f72b73ba127e06d8e79"},"breadcrumb":{"@id":"https:\/\/kibrisdakik.com\/?p=5225#breadcrumb"},"inLanguage":"tr","potentialAction":[{"@type":"ReadAction","target":["https:\/\/kibrisdakik.com\/?p=5225"]}]},{"@type":"ImageObject","inLanguage":"tr","@id":"https:\/\/kibrisdakik.com\/?p=5225#primaryimage","url":"https:\/\/kibrisdakik.com\/wp-content\/uploads\/2023\/04\/ambulans6-1.png","contentUrl":"https:\/\/kibrisdakik.com\/wp-content\/uploads\/2023\/04\/ambulans6-1.png","width":600,"height":264},{"@type":"BreadcrumbList","@id":"https:\/\/kibrisdakik.com\/?p=5225#breadcrumb","itemListElement":[{"@type":"ListItem","position":1,"name":"Home","item":"https:\/\/kibrisdakik.com\/"},{"@type":"ListItem","position":2,"name":"Y\u00fccel D\u00f6nmez hayat\u0131n\u0131 kaybetti"}]},{"@type":"WebSite","@id":"https:\/\/kibrisdakik.com\/#website","url":"https:\/\/kibrisdakik.com\/","name":"","description":"Tam vaktinde haber","potentialAction":[{"@type":"SearchAction","target":{"@type":"EntryPoint","urlTemplate":"https:\/\/kibrisdakik.com\/?s={search_term_string}"},"query-input":{"@type":"PropertyValueSpecification","valueRequired":true,"valueName":"search_term_string"}}],"inLanguage":"tr"},{"@type":"Person","@id":"https:\/\/kibrisdakik.com\/#\/schema\/person\/9cd9d437bbb44f72b73ba127e06d8e79","name":"admin","image":{"@type":"ImageObject","inLanguage":"tr","@id":"https:\/\/secure.gravatar.com\/avatar\/ccc17943b9d660506c869530f897617f7cb1c21a4bf30023f252596d83e1f007?s=96&d=mm&r=g","url":"https:\/\/secure.gravatar.com\/avatar\/ccc17943b9d660506c869530f897617f7cb1c21a4bf30023f252596d83e1f007?s=96&d=mm&r=g","contentUrl":"https:\/\/secure.gravatar.com\/avatar\/ccc17943b9d660506c869530f897617f7cb1c21a4bf30023f252596d83e1f007?s=96&d=mm&r=g","caption":"admin"},"sameAs":["https:\/\/kibrisdakik.com"],"url":"https:\/\/kibrisdakik.com\/?author=1"}]}},"_links":{"self":[{"href":"https:\/\/kibrisdakik.com\/index.php?rest_route=\/wp\/v2\/posts\/5225","targetHints":{"allow":["GET"]}}],"collection":[{"href":"https:\/\/kibrisdakik.com\/index.php?rest_route=\/wp\/v2\/posts"}],"about":[{"href":"https:\/\/kibrisdakik.com\/index.php?rest_route=\/wp\/v2\/types\/post"}],"author":[{"embeddable":true,"href":"https:\/\/kibrisdakik.com\/index.php?rest_route=\/wp\/v2\/users\/1"}],"replies":[{"embeddable":true,"href":"https:\/\/kibrisdakik.com\/index.php?rest_route=%2Fwp%2Fv2%2Fcomments&post=5225"}],"version-history":[{"count":0,"href":"https:\/\/kibrisdakik.com\/index.php?rest_route=\/wp\/v2\/posts\/5225\/revisions"}],"wp:featuredmedia":[{"embeddable":true,"href":"https:\/\/kibrisdakik.com\/index.php?rest_route=\/wp\/v2\/media\/5226"}],"wp:attachment":[{"href":"https:\/\/kibrisdakik.com\/index.php?rest_route=%2Fwp%2Fv2%2Fmedia&parent=5225"}],"wp:term":[{"taxonomy":"category","embeddable":true,"href":"https:\/\/kibrisdakik.com\/index.php?rest_route=%2Fwp%2Fv2%2Fcategories&post=5225"},{"taxonomy":"post_tag","embeddable":true,"href":"https:\/\/kibrisdakik.com\/index.php?rest_route=%2Fwp%2Fv2%2Ftags&post=5225"}],"curies":[{"name":"wp","href":"https:\/\/api.w.org\/{rel}","templated":true}]}}