{"id":52611,"date":"2024-08-07T09:32:42","date_gmt":"2024-08-07T06:32:42","guid":{"rendered":"https:\/\/kibrisdakik.com\/index.php\/2024\/08\/07\/sanli-erenkoy-direnisi-ve-direniste-sehit-dusenler-yarin-duzenlenecek-torenle-anilacak\/"},"modified":"2024-08-07T09:32:42","modified_gmt":"2024-08-07T06:32:42","slug":"sanli-erenkoy-direnisi-ve-direniste-sehit-dusenler-yarin-duzenlenecek-torenle-anilacak","status":"publish","type":"post","link":"https:\/\/kibrisdakik.com\/?p=52611","title":{"rendered":"\u015eanl\u0131 Erenk\u00f6y Direni\u015fi ve direni\u015fte \u015fehit d\u00fc\u015fenler yar\u0131n d\u00fczenlenecek t\u00f6renle an\u0131lacak"},"content":{"rendered":"<div>\n<div class=\"mariselle-image-container center\">\n                                            <\/div>\n<p>\u015eanl\u0131 Erenk\u00f6y Direni\u015fi ve direni\u015fte \u015fehit d\u00fc\u015fenler, yar\u0131n Erenk\u00f6y \u015eehitli\u011fi\u2019nde d\u00fczenlenecek t\u00f6renle an\u0131lacak.<\/p>\n<p>Enformasyon Dairesi\u2019nden yap\u0131lan a\u00e7\u0131klamaya g\u00f6re, bu y\u0131l Erenk\u00f6y \u015eehitli\u011fi\u2019nde yap\u0131lacak t\u00f6ren saat 10.00\u2019da protokol s\u0131ras\u0131na g\u00f6re \u00e7elenklerin an\u0131ta sunulmas\u0131yla ba\u015flayacak, sayg\u0131 duru\u015fu, sayg\u0131 at\u0131\u015f\u0131 ve \u0130stiklal Mar\u015f\u0131 ile bayraklar\u0131n g\u00f6ndere \u00e7ekilmesinin ard\u0131ndan \u015eehitlik \u00d6zel Defteri imzalanacak.<\/p>\n<p><strong>-60\u2019\u0131nc\u0131 y\u0131l\u2026<\/strong><\/p>\n<p>Bu y\u0131l 60\u2019\u0131nc\u0131 y\u0131l d\u00f6n\u00fcm\u00fcnde \u015eanl\u0131 Erenk\u00f6y Direni\u015fi ve Erenk\u00f6y \u015fehitlerinin an\u0131laca\u011f\u0131 t\u00f6rende, Cumhurba\u015fkan\u0131 Ersin Tatar, Erenk\u00f6y- Karpaz Belediye Ba\u015fkan\u0131 Hamit Bak\u0131rc\u0131 ve Erenk\u00f6y M\u00fccahitler Derne\u011fi Ba\u015fkan\u0131 Mustafa Ar\u0131kan konu\u015fma yapacak.<\/p>\n<p>\u015eehitli\u011fin gezilmesi, \u015fehit kabirlerine \u00e7i\u00e7ek b\u0131rak\u0131lmas\u0131 ve kabir ba\u015f\u0131nda dua okunmas\u0131yla t\u00f6ren sona erecek.<\/p>\n<p>Anma t\u00f6renine kat\u0131lmak amac\u0131yla kay\u0131t yapt\u0131ran vatanda\u015flar i\u00e7in b\u00f6lgelere g\u00f6re ara\u00e7lar\u0131n hareket noktalar\u0131 ve kalk\u0131\u015f saatleri \u015f\u00f6yle:<\/p>\n<p>\u201cKarpaz k\u00f6y meydan\u0131 saat 02.30, Erenk\u00f6y-eski polis binas\u0131 saat 02.30, \u0130skele-\u0130skele meydan\u0131 saat 04.30, Gazima\u011fusa-An\u0131t \u00c7emberi (\u0130timat \u00f6n\u00fc) saat 04.30, Girne-Bald\u00f6ken Park\u0131 (Mahkemelerin arkas\u0131) saat 05.00, Lefko\u015fa-Girne Kap\u0131s\u0131 saat 05.00, G\u00fczelyurt-Otob\u00fcs Terminali saat 06.00, Ye\u015fil\u0131rmak\u2019ta toplanma saat 07.00.\u201d<\/p>\n<\/p><\/div>\n<p><script async\n                    defer\n                    crossorigin=\"anonymous\"\n                    src=\"https:\/\/connect.facebook.net\/tr_TR\/sdk.js#xfbml=1&#038;version=v3.3\"\n            ><\/script><\/p>\n","protected":false},"excerpt":{"rendered":"<p>\u015eanl\u0131 Erenk\u00f6y Direni\u015fi ve direni\u015fte \u015fehit d\u00fc\u015fenler, yar\u0131n Erenk\u00f6y \u015eehitli\u011fi\u2019nde d\u00fczenlenecek t\u00f6renle an\u0131lacak. Enformasyon Dairesi\u2019nden yap\u0131lan a\u00e7\u0131klamaya g\u00f6re, bu y\u0131l Erenk\u00f6y \u015eehitli\u011fi\u2019nde yap\u0131lacak t\u00f6ren saat 10.00\u2019da protokol s\u0131ras\u0131na g\u00f6re \u00e7elenklerin an\u0131ta sunulmas\u0131yla ba\u015flayacak, sayg\u0131 duru\u015fu, sayg\u0131 at\u0131\u015f\u0131 ve \u0130stiklal Mar\u015f\u0131 ile bayraklar\u0131n g\u00f6ndere \u00e7ekilmesinin ard\u0131ndan \u015eehitlik \u00d6zel Defteri imzalanacak. -60\u2019\u0131nc\u0131 y\u0131l\u2026 Bu y\u0131l 60\u2019\u0131nc\u0131 y\u0131l<\/p>\n","protected":false},"author":1,"featured_media":48980,"comment_status":"open","ping_status":"open","sticky":false,"template":"","format":"standard","meta":{"footnotes":""},"categories":[81],"tags":[],"class_list":["post-52611","post","type-post","status-publish","format-standard","has-post-thumbnail","hentry","category-kibris"],"yoast_head":"<!-- This site is optimized with the Yoast SEO plugin v27.5 - https:\/\/yoast.com\/product\/yoast-seo-wordpress\/ -->\n<title>\u015eanl\u0131 Erenk\u00f6y Direni\u015fi ve direni\u015fte \u015fehit d\u00fc\u015fenler yar\u0131n d\u00fczenlenecek t\u00f6renle an\u0131lacak -<\/title>\n<meta name=\"robots\" content=\"index, follow, max-snippet:-1, max-image-preview:large, max-video-preview:-1\" \/>\n<link rel=\"canonical\" href=\"https:\/\/kibrisdakik.com\/?p=52611\" \/>\n<meta property=\"og:locale\" content=\"tr_TR\" \/>\n<meta property=\"og:type\" content=\"article\" \/>\n<meta property=\"og:title\" content=\"\u015eanl\u0131 Erenk\u00f6y Direni\u015fi ve direni\u015fte \u015fehit d\u00fc\u015fenler yar\u0131n d\u00fczenlenecek t\u00f6renle an\u0131lacak -\" \/>\n<meta property=\"og:description\" content=\"\u015eanl\u0131 Erenk\u00f6y Direni\u015fi ve direni\u015fte \u015fehit d\u00fc\u015fenler, yar\u0131n Erenk\u00f6y \u015eehitli\u011fi\u2019nde d\u00fczenlenecek t\u00f6renle an\u0131lacak. Enformasyon Dairesi\u2019nden yap\u0131lan a\u00e7\u0131klamaya g\u00f6re, bu y\u0131l Erenk\u00f6y \u015eehitli\u011fi\u2019nde yap\u0131lacak t\u00f6ren saat 10.00\u2019da protokol s\u0131ras\u0131na g\u00f6re \u00e7elenklerin an\u0131ta sunulmas\u0131yla ba\u015flayacak, sayg\u0131 duru\u015fu, sayg\u0131 at\u0131\u015f\u0131 ve \u0130stiklal Mar\u015f\u0131 ile bayraklar\u0131n g\u00f6ndere \u00e7ekilmesinin ard\u0131ndan \u015eehitlik \u00d6zel Defteri imzalanacak. -60\u2019\u0131nc\u0131 y\u0131l\u2026 Bu y\u0131l 60\u2019\u0131nc\u0131 y\u0131l\" \/>\n<meta property=\"og:url\" content=\"https:\/\/kibrisdakik.com\/?p=52611\" \/>\n<meta property=\"article:published_time\" content=\"2024-08-07T06:32:42+00:00\" \/>\n<meta property=\"og:image\" content=\"https:\/\/kibrisdakik.com\/wp-content\/uploads\/2024\/07\/erenkoy-1-so31-740x420.jpg\" \/>\n\t<meta property=\"og:image:width\" content=\"2048\" \/>\n\t<meta property=\"og:image:height\" content=\"1367\" \/>\n\t<meta property=\"og:image:type\" content=\"image\/jpeg\" \/>\n<meta name=\"author\" content=\"admin\" \/>\n<meta name=\"twitter:card\" content=\"summary_large_image\" \/>\n<meta name=\"twitter:label1\" content=\"Yazan:\" \/>\n\t<meta name=\"twitter:data1\" content=\"admin\" \/>\n\t<meta name=\"twitter:label2\" content=\"Tahmini okuma s\u00fcresi\" \/>\n\t<meta name=\"twitter:data2\" content=\"1 dakika\" \/>\n<script type=\"application\/ld+json\" class=\"yoast-schema-graph\">{\"@context\":\"https:\\\/\\\/schema.org\",\"@graph\":[{\"@type\":\"Article\",\"@id\":\"https:\\\/\\\/kibrisdakik.com\\\/?p=52611#article\",\"isPartOf\":{\"@id\":\"https:\\\/\\\/kibrisdakik.com\\\/?p=52611\"},\"author\":{\"name\":\"admin\",\"@id\":\"https:\\\/\\\/kibrisdakik.com\\\/#\\\/schema\\\/person\\\/9cd9d437bbb44f72b73ba127e06d8e79\"},\"headline\":\"\u015eanl\u0131 Erenk\u00f6y Direni\u015fi ve direni\u015fte \u015fehit d\u00fc\u015fenler yar\u0131n d\u00fczenlenecek t\u00f6renle an\u0131lacak\",\"datePublished\":\"2024-08-07T06:32:42+00:00\",\"mainEntityOfPage\":{\"@id\":\"https:\\\/\\\/kibrisdakik.com\\\/?p=52611\"},\"wordCount\":246,\"commentCount\":0,\"image\":{\"@id\":\"https:\\\/\\\/kibrisdakik.com\\\/?p=52611#primaryimage\"},\"thumbnailUrl\":\"https:\\\/\\\/kibrisdakik.com\\\/wp-content\\\/uploads\\\/2024\\\/07\\\/erenkoy-1-so31-740x420.jpg\",\"articleSection\":[\"K\u0131br\u0131s\"],\"inLanguage\":\"tr\",\"potentialAction\":[{\"@type\":\"CommentAction\",\"name\":\"Comment\",\"target\":[\"https:\\\/\\\/kibrisdakik.com\\\/?p=52611#respond\"]}]},{\"@type\":\"WebPage\",\"@id\":\"https:\\\/\\\/kibrisdakik.com\\\/?p=52611\",\"url\":\"https:\\\/\\\/kibrisdakik.com\\\/?p=52611\",\"name\":\"\u015eanl\u0131 Erenk\u00f6y Direni\u015fi ve direni\u015fte \u015fehit d\u00fc\u015fenler yar\u0131n d\u00fczenlenecek t\u00f6renle an\u0131lacak -\",\"isPartOf\":{\"@id\":\"https:\\\/\\\/kibrisdakik.com\\\/#website\"},\"primaryImageOfPage\":{\"@id\":\"https:\\\/\\\/kibrisdakik.com\\\/?p=52611#primaryimage\"},\"image\":{\"@id\":\"https:\\\/\\\/kibrisdakik.com\\\/?p=52611#primaryimage\"},\"thumbnailUrl\":\"https:\\\/\\\/kibrisdakik.com\\\/wp-content\\\/uploads\\\/2024\\\/07\\\/erenkoy-1-so31-740x420.jpg\",\"datePublished\":\"2024-08-07T06:32:42+00:00\",\"author\":{\"@id\":\"https:\\\/\\\/kibrisdakik.com\\\/#\\\/schema\\\/person\\\/9cd9d437bbb44f72b73ba127e06d8e79\"},\"breadcrumb\":{\"@id\":\"https:\\\/\\\/kibrisdakik.com\\\/?p=52611#breadcrumb\"},\"inLanguage\":\"tr\",\"potentialAction\":[{\"@type\":\"ReadAction\",\"target\":[\"https:\\\/\\\/kibrisdakik.com\\\/?p=52611\"]}]},{\"@type\":\"ImageObject\",\"inLanguage\":\"tr\",\"@id\":\"https:\\\/\\\/kibrisdakik.com\\\/?p=52611#primaryimage\",\"url\":\"https:\\\/\\\/kibrisdakik.com\\\/wp-content\\\/uploads\\\/2024\\\/07\\\/erenkoy-1-so31-740x420.jpg\",\"contentUrl\":\"https:\\\/\\\/kibrisdakik.com\\\/wp-content\\\/uploads\\\/2024\\\/07\\\/erenkoy-1-so31-740x420.jpg\",\"width\":2048,\"height\":1367},{\"@type\":\"BreadcrumbList\",\"@id\":\"https:\\\/\\\/kibrisdakik.com\\\/?p=52611#breadcrumb\",\"itemListElement\":[{\"@type\":\"ListItem\",\"position\":1,\"name\":\"Home\",\"item\":\"https:\\\/\\\/kibrisdakik.com\\\/\"},{\"@type\":\"ListItem\",\"position\":2,\"name\":\"\u015eanl\u0131 Erenk\u00f6y Direni\u015fi ve direni\u015fte \u015fehit d\u00fc\u015fenler yar\u0131n d\u00fczenlenecek t\u00f6renle an\u0131lacak\"}]},{\"@type\":\"WebSite\",\"@id\":\"https:\\\/\\\/kibrisdakik.com\\\/#website\",\"url\":\"https:\\\/\\\/kibrisdakik.com\\\/\",\"name\":\"\",\"description\":\"Tam vaktinde haber\",\"potentialAction\":[{\"@type\":\"SearchAction\",\"target\":{\"@type\":\"EntryPoint\",\"urlTemplate\":\"https:\\\/\\\/kibrisdakik.com\\\/?s={search_term_string}\"},\"query-input\":{\"@type\":\"PropertyValueSpecification\",\"valueRequired\":true,\"valueName\":\"search_term_string\"}}],\"inLanguage\":\"tr\"},{\"@type\":\"Person\",\"@id\":\"https:\\\/\\\/kibrisdakik.com\\\/#\\\/schema\\\/person\\\/9cd9d437bbb44f72b73ba127e06d8e79\",\"name\":\"admin\",\"image\":{\"@type\":\"ImageObject\",\"inLanguage\":\"tr\",\"@id\":\"https:\\\/\\\/secure.gravatar.com\\\/avatar\\\/ccc17943b9d660506c869530f897617f7cb1c21a4bf30023f252596d83e1f007?s=96&d=mm&r=g\",\"url\":\"https:\\\/\\\/secure.gravatar.com\\\/avatar\\\/ccc17943b9d660506c869530f897617f7cb1c21a4bf30023f252596d83e1f007?s=96&d=mm&r=g\",\"contentUrl\":\"https:\\\/\\\/secure.gravatar.com\\\/avatar\\\/ccc17943b9d660506c869530f897617f7cb1c21a4bf30023f252596d83e1f007?s=96&d=mm&r=g\",\"caption\":\"admin\"},\"sameAs\":[\"https:\\\/\\\/kibrisdakik.com\"],\"url\":\"https:\\\/\\\/kibrisdakik.com\\\/?author=1\"}]}<\/script>\n<!-- \/ Yoast SEO plugin. -->","yoast_head_json":{"title":"\u015eanl\u0131 Erenk\u00f6y Direni\u015fi ve direni\u015fte \u015fehit d\u00fc\u015fenler yar\u0131n d\u00fczenlenecek t\u00f6renle an\u0131lacak -","robots":{"index":"index","follow":"follow","max-snippet":"max-snippet:-1","max-image-preview":"max-image-preview:large","max-video-preview":"max-video-preview:-1"},"canonical":"https:\/\/kibrisdakik.com\/?p=52611","og_locale":"tr_TR","og_type":"article","og_title":"\u015eanl\u0131 Erenk\u00f6y Direni\u015fi ve direni\u015fte \u015fehit d\u00fc\u015fenler yar\u0131n d\u00fczenlenecek t\u00f6renle an\u0131lacak -","og_description":"\u015eanl\u0131 Erenk\u00f6y Direni\u015fi ve direni\u015fte \u015fehit d\u00fc\u015fenler, yar\u0131n Erenk\u00f6y \u015eehitli\u011fi\u2019nde d\u00fczenlenecek t\u00f6renle an\u0131lacak. Enformasyon Dairesi\u2019nden yap\u0131lan a\u00e7\u0131klamaya g\u00f6re, bu y\u0131l Erenk\u00f6y \u015eehitli\u011fi\u2019nde yap\u0131lacak t\u00f6ren saat 10.00\u2019da protokol s\u0131ras\u0131na g\u00f6re \u00e7elenklerin an\u0131ta sunulmas\u0131yla ba\u015flayacak, sayg\u0131 duru\u015fu, sayg\u0131 at\u0131\u015f\u0131 ve \u0130stiklal Mar\u015f\u0131 ile bayraklar\u0131n g\u00f6ndere \u00e7ekilmesinin ard\u0131ndan \u015eehitlik \u00d6zel Defteri imzalanacak. -60\u2019\u0131nc\u0131 y\u0131l\u2026 Bu y\u0131l 60\u2019\u0131nc\u0131 y\u0131l","og_url":"https:\/\/kibrisdakik.com\/?p=52611","article_published_time":"2024-08-07T06:32:42+00:00","og_image":[{"width":2048,"height":1367,"url":"https:\/\/kibrisdakik.com\/wp-content\/uploads\/2024\/07\/erenkoy-1-so31-740x420.jpg","type":"image\/jpeg"}],"author":"admin","twitter_card":"summary_large_image","twitter_misc":{"Yazan:":"admin","Tahmini okuma s\u00fcresi":"1 dakika"},"schema":{"@context":"https:\/\/schema.org","@graph":[{"@type":"Article","@id":"https:\/\/kibrisdakik.com\/?p=52611#article","isPartOf":{"@id":"https:\/\/kibrisdakik.com\/?p=52611"},"author":{"name":"admin","@id":"https:\/\/kibrisdakik.com\/#\/schema\/person\/9cd9d437bbb44f72b73ba127e06d8e79"},"headline":"\u015eanl\u0131 Erenk\u00f6y Direni\u015fi ve direni\u015fte \u015fehit d\u00fc\u015fenler yar\u0131n d\u00fczenlenecek t\u00f6renle an\u0131lacak","datePublished":"2024-08-07T06:32:42+00:00","mainEntityOfPage":{"@id":"https:\/\/kibrisdakik.com\/?p=52611"},"wordCount":246,"commentCount":0,"image":{"@id":"https:\/\/kibrisdakik.com\/?p=52611#primaryimage"},"thumbnailUrl":"https:\/\/kibrisdakik.com\/wp-content\/uploads\/2024\/07\/erenkoy-1-so31-740x420.jpg","articleSection":["K\u0131br\u0131s"],"inLanguage":"tr","potentialAction":[{"@type":"CommentAction","name":"Comment","target":["https:\/\/kibrisdakik.com\/?p=52611#respond"]}]},{"@type":"WebPage","@id":"https:\/\/kibrisdakik.com\/?p=52611","url":"https:\/\/kibrisdakik.com\/?p=52611","name":"\u015eanl\u0131 Erenk\u00f6y Direni\u015fi ve direni\u015fte \u015fehit d\u00fc\u015fenler yar\u0131n d\u00fczenlenecek t\u00f6renle an\u0131lacak -","isPartOf":{"@id":"https:\/\/kibrisdakik.com\/#website"},"primaryImageOfPage":{"@id":"https:\/\/kibrisdakik.com\/?p=52611#primaryimage"},"image":{"@id":"https:\/\/kibrisdakik.com\/?p=52611#primaryimage"},"thumbnailUrl":"https:\/\/kibrisdakik.com\/wp-content\/uploads\/2024\/07\/erenkoy-1-so31-740x420.jpg","datePublished":"2024-08-07T06:32:42+00:00","author":{"@id":"https:\/\/kibrisdakik.com\/#\/schema\/person\/9cd9d437bbb44f72b73ba127e06d8e79"},"breadcrumb":{"@id":"https:\/\/kibrisdakik.com\/?p=52611#breadcrumb"},"inLanguage":"tr","potentialAction":[{"@type":"ReadAction","target":["https:\/\/kibrisdakik.com\/?p=52611"]}]},{"@type":"ImageObject","inLanguage":"tr","@id":"https:\/\/kibrisdakik.com\/?p=52611#primaryimage","url":"https:\/\/kibrisdakik.com\/wp-content\/uploads\/2024\/07\/erenkoy-1-so31-740x420.jpg","contentUrl":"https:\/\/kibrisdakik.com\/wp-content\/uploads\/2024\/07\/erenkoy-1-so31-740x420.jpg","width":2048,"height":1367},{"@type":"BreadcrumbList","@id":"https:\/\/kibrisdakik.com\/?p=52611#breadcrumb","itemListElement":[{"@type":"ListItem","position":1,"name":"Home","item":"https:\/\/kibrisdakik.com\/"},{"@type":"ListItem","position":2,"name":"\u015eanl\u0131 Erenk\u00f6y Direni\u015fi ve direni\u015fte \u015fehit d\u00fc\u015fenler yar\u0131n d\u00fczenlenecek t\u00f6renle an\u0131lacak"}]},{"@type":"WebSite","@id":"https:\/\/kibrisdakik.com\/#website","url":"https:\/\/kibrisdakik.com\/","name":"","description":"Tam vaktinde haber","potentialAction":[{"@type":"SearchAction","target":{"@type":"EntryPoint","urlTemplate":"https:\/\/kibrisdakik.com\/?s={search_term_string}"},"query-input":{"@type":"PropertyValueSpecification","valueRequired":true,"valueName":"search_term_string"}}],"inLanguage":"tr"},{"@type":"Person","@id":"https:\/\/kibrisdakik.com\/#\/schema\/person\/9cd9d437bbb44f72b73ba127e06d8e79","name":"admin","image":{"@type":"ImageObject","inLanguage":"tr","@id":"https:\/\/secure.gravatar.com\/avatar\/ccc17943b9d660506c869530f897617f7cb1c21a4bf30023f252596d83e1f007?s=96&d=mm&r=g","url":"https:\/\/secure.gravatar.com\/avatar\/ccc17943b9d660506c869530f897617f7cb1c21a4bf30023f252596d83e1f007?s=96&d=mm&r=g","contentUrl":"https:\/\/secure.gravatar.com\/avatar\/ccc17943b9d660506c869530f897617f7cb1c21a4bf30023f252596d83e1f007?s=96&d=mm&r=g","caption":"admin"},"sameAs":["https:\/\/kibrisdakik.com"],"url":"https:\/\/kibrisdakik.com\/?author=1"}]}},"_links":{"self":[{"href":"https:\/\/kibrisdakik.com\/index.php?rest_route=\/wp\/v2\/posts\/52611","targetHints":{"allow":["GET"]}}],"collection":[{"href":"https:\/\/kibrisdakik.com\/index.php?rest_route=\/wp\/v2\/posts"}],"about":[{"href":"https:\/\/kibrisdakik.com\/index.php?rest_route=\/wp\/v2\/types\/post"}],"author":[{"embeddable":true,"href":"https:\/\/kibrisdakik.com\/index.php?rest_route=\/wp\/v2\/users\/1"}],"replies":[{"embeddable":true,"href":"https:\/\/kibrisdakik.com\/index.php?rest_route=%2Fwp%2Fv2%2Fcomments&post=52611"}],"version-history":[{"count":0,"href":"https:\/\/kibrisdakik.com\/index.php?rest_route=\/wp\/v2\/posts\/52611\/revisions"}],"wp:featuredmedia":[{"embeddable":true,"href":"https:\/\/kibrisdakik.com\/index.php?rest_route=\/wp\/v2\/media\/48980"}],"wp:attachment":[{"href":"https:\/\/kibrisdakik.com\/index.php?rest_route=%2Fwp%2Fv2%2Fmedia&parent=52611"}],"wp:term":[{"taxonomy":"category","embeddable":true,"href":"https:\/\/kibrisdakik.com\/index.php?rest_route=%2Fwp%2Fv2%2Fcategories&post=52611"},{"taxonomy":"post_tag","embeddable":true,"href":"https:\/\/kibrisdakik.com\/index.php?rest_route=%2Fwp%2Fv2%2Ftags&post=52611"}],"curies":[{"name":"wp","href":"https:\/\/api.w.org\/{rel}","templated":true}]}}