{"id":5291,"date":"2023-04-17T12:25:27","date_gmt":"2023-04-17T12:25:27","guid":{"rendered":"https:\/\/kibrisdakik.com\/index.php\/2023\/04\/17\/ataoglu-kadir-gecesi-nedeniyle-mesaj-yayimladi\/"},"modified":"2023-04-17T12:25:27","modified_gmt":"2023-04-17T12:25:27","slug":"ataoglu-kadir-gecesi-nedeniyle-mesaj-yayimladi","status":"publish","type":"post","link":"https:\/\/kibrisdakik.com\/?p=5291","title":{"rendered":"Atao\u011flu, Kadir Gecesi nedeniyle mesaj yay\u0131mlad\u0131"},"content":{"rendered":"<p><\/p>\n<div>\n<div class=\"mariselle-image-container center\">\n                <img width=\"1200\" height=\"800\" class=\"lazy-image\" alt=\"\" decoding=\"async\" loading=\"lazy\" sizes=\"auto, (max-width: 1200px) 100vw, 1200px\" src=\"https:\/\/brtk.net\/wp-content\/uploads\/2023\/04\/17\/fikri-ataoglu-kadir-gecesi-1.jpg?ver=1d59665f19bda3cf15f7f2291e3b557a\" srcset=\"https:\/\/brtk.net\/wp-content\/uploads\/2023\/04\/17\/fikri-ataoglu-kadir-gecesi-1.jpg?ver=1d59665f19bda3cf15f7f2291e3b557a 1200w, https:\/\/brtk.net\/wp-content\/uploads\/2023\/04\/17\/fikri-ataoglu-kadir-gecesi-1-300x200.jpg?ver=1d59665f19bda3cf15f7f2291e3b557a 300w, https:\/\/brtk.net\/wp-content\/uploads\/2023\/04\/17\/fikri-ataoglu-kadir-gecesi-1-1024x683.jpg?ver=1d59665f19bda3cf15f7f2291e3b557a 1024w, https:\/\/brtk.net\/wp-content\/uploads\/2023\/04\/17\/fikri-ataoglu-kadir-gecesi-1-768x512.jpg?ver=0ac84090ab8fd42a4ceb5c55fea813e0 768w\"\/>                            <\/div>\n<p>Ba\u015fbakan Yard\u0131mc\u0131s\u0131, Turizm, K\u00fclt\u00fcr, Gen\u00e7lik ve \u00c7evre Bakan\u0131, Demokrat Parti (DP) Genel Ba\u015fkan\u0131 Fikri Atao\u011flu, Kadir Gecesi nedeniyle mesaj yay\u0131mlad\u0131.<\/p>\n<p>DP\u2019den yap\u0131lan a\u00e7\u0131klamaya g\u00f6re Atao\u011flu mesaj\u0131nda, Kadir Gecesi\u2019nin huzur ve bereket getirece\u011fine inan\u00e7 belirtti.<\/p>\n<p>Atao\u011flu mesaj\u0131nda \u015fu ifadelere yer verdi;<\/p>\n<p>\u201cBu gece, m\u00fcbarek Ramazan ay\u0131n\u0131n en k\u0131ymetli gecelerinden biri olan Kadir Gecesi\u2019ni idrak edece\u011fiz. Bu gece, bizler i\u00e7in bir f\u0131rsatt\u0131r. Bu f\u0131rsat\u0131 en iyi \u015fekilde de\u011ferlendirmeliyiz. Kadir Gecesi\u2019nde yap\u0131lacak dualar\u0131n kabul oldu\u011fu, ibadetlerin bin aydan daha hay\u0131rl\u0131 oldu\u011fu bildirilmi\u015ftir. Bu nedenle, bu m\u00fcbarek geceyi ibadet ve dua ile ge\u00e7irmek, manevi y\u00f6nden kendimizi geli\u015ftirmek i\u00e7in \u00f6nemli bir f\u0131rsatt\u0131r.<\/p>\n<p>Ramazan ay\u0131 boyunca oldu\u011fu gibi, bu gecede de birlik, beraberlik ve dayan\u0131\u015fma duygular\u0131m\u0131z\u0131n g\u00fc\u00e7lenmesi gerekti\u011fini unutmamal\u0131y\u0131z. \u0130nan\u0131yorum ki, bu m\u00fcbarek gecenin huzur ve bereketi \u00fclkemize, milletimize ve t\u00fcm insanl\u0131\u011fa hay\u0131rlar getirecektir. Bu duygularla, t\u00fcm \u0130slam aleminin Kadir Gecesi\u2019ni en i\u00e7ten dileklerimle kutluyorum. Dualar\u0131m\u0131z\u0131n kabul olmas\u0131 dile\u011fiyle, sa\u011fl\u0131k, huzur ve mutluluk dolu g\u00fcnler ge\u00e7irmenizi temenni ediyorum.\u201d<\/p>\n<\/p><\/div>\n<p><script async\n                    defer\n                    crossorigin=\"anonymous\"\n                    src=\"https:\/\/connect.facebook.net\/tr_TR\/sdk.js#xfbml=1&#038;version=v3.3\"\n            ><\/script><\/p>\n","protected":false},"excerpt":{"rendered":"<p>Ba\u015fbakan Yard\u0131mc\u0131s\u0131, Turizm, K\u00fclt\u00fcr, Gen\u00e7lik ve \u00c7evre Bakan\u0131, Demokrat Parti (DP) Genel Ba\u015fkan\u0131 Fikri Atao\u011flu, Kadir Gecesi nedeniyle mesaj yay\u0131mlad\u0131. DP\u2019den yap\u0131lan a\u00e7\u0131klamaya g\u00f6re Atao\u011flu mesaj\u0131nda, Kadir Gecesi\u2019nin huzur ve bereket getirece\u011fine inan\u00e7 belirtti. Atao\u011flu mesaj\u0131nda \u015fu ifadelere yer verdi; \u201cBu gece, m\u00fcbarek Ramazan ay\u0131n\u0131n en k\u0131ymetli gecelerinden biri olan Kadir Gecesi\u2019ni idrak edece\u011fiz. Bu<\/p>\n","protected":false},"author":1,"featured_media":5292,"comment_status":"open","ping_status":"open","sticky":false,"template":"","format":"standard","meta":{"footnotes":""},"categories":[1],"tags":[],"class_list":["post-5291","post","type-post","status-publish","format-standard","has-post-thumbnail","hentry","category-gundem"],"yoast_head":"<!-- This site is optimized with the Yoast SEO plugin v27.5 - https:\/\/yoast.com\/product\/yoast-seo-wordpress\/ -->\n<title>Atao\u011flu, Kadir Gecesi nedeniyle mesaj yay\u0131mlad\u0131 -<\/title>\n<meta name=\"robots\" content=\"index, follow, max-snippet:-1, max-image-preview:large, max-video-preview:-1\" \/>\n<link rel=\"canonical\" href=\"https:\/\/kibrisdakik.com\/?p=5291\" \/>\n<meta property=\"og:locale\" content=\"tr_TR\" \/>\n<meta property=\"og:type\" content=\"article\" \/>\n<meta property=\"og:title\" content=\"Atao\u011flu, Kadir Gecesi nedeniyle mesaj yay\u0131mlad\u0131 -\" \/>\n<meta property=\"og:description\" content=\"Ba\u015fbakan Yard\u0131mc\u0131s\u0131, Turizm, K\u00fclt\u00fcr, Gen\u00e7lik ve \u00c7evre Bakan\u0131, Demokrat Parti (DP) Genel Ba\u015fkan\u0131 Fikri Atao\u011flu, Kadir Gecesi nedeniyle mesaj yay\u0131mlad\u0131. DP\u2019den yap\u0131lan a\u00e7\u0131klamaya g\u00f6re Atao\u011flu mesaj\u0131nda, Kadir Gecesi\u2019nin huzur ve bereket getirece\u011fine inan\u00e7 belirtti. Atao\u011flu mesaj\u0131nda \u015fu ifadelere yer verdi; \u201cBu gece, m\u00fcbarek Ramazan ay\u0131n\u0131n en k\u0131ymetli gecelerinden biri olan Kadir Gecesi\u2019ni idrak edece\u011fiz. Bu\" \/>\n<meta property=\"og:url\" content=\"https:\/\/kibrisdakik.com\/?p=5291\" \/>\n<meta property=\"article:published_time\" content=\"2023-04-17T12:25:27+00:00\" \/>\n<meta property=\"og:image\" content=\"https:\/\/kibrisdakik.com\/wp-content\/uploads\/2023\/04\/fikri-ataoglu-kadir-gecesi-1-740x420.jpg\" \/>\n\t<meta property=\"og:image:width\" content=\"1200\" \/>\n\t<meta property=\"og:image:height\" content=\"800\" \/>\n\t<meta property=\"og:image:type\" content=\"image\/jpeg\" \/>\n<meta name=\"author\" content=\"admin\" \/>\n<meta name=\"twitter:card\" content=\"summary_large_image\" \/>\n<meta name=\"twitter:label1\" content=\"Yazan:\" \/>\n\t<meta name=\"twitter:data1\" content=\"admin\" \/>\n\t<meta name=\"twitter:label2\" content=\"Tahmini okuma s\u00fcresi\" \/>\n\t<meta name=\"twitter:data2\" content=\"1 dakika\" \/>\n<script type=\"application\/ld+json\" class=\"yoast-schema-graph\">{\"@context\":\"https:\\\/\\\/schema.org\",\"@graph\":[{\"@type\":\"Article\",\"@id\":\"https:\\\/\\\/kibrisdakik.com\\\/?p=5291#article\",\"isPartOf\":{\"@id\":\"https:\\\/\\\/kibrisdakik.com\\\/?p=5291\"},\"author\":{\"name\":\"admin\",\"@id\":\"https:\\\/\\\/kibrisdakik.com\\\/#\\\/schema\\\/person\\\/9cd9d437bbb44f72b73ba127e06d8e79\"},\"headline\":\"Atao\u011flu, Kadir Gecesi nedeniyle mesaj yay\u0131mlad\u0131\",\"datePublished\":\"2023-04-17T12:25:27+00:00\",\"mainEntityOfPage\":{\"@id\":\"https:\\\/\\\/kibrisdakik.com\\\/?p=5291\"},\"wordCount\":229,\"commentCount\":0,\"image\":{\"@id\":\"https:\\\/\\\/kibrisdakik.com\\\/?p=5291#primaryimage\"},\"thumbnailUrl\":\"https:\\\/\\\/kibrisdakik.com\\\/wp-content\\\/uploads\\\/2023\\\/04\\\/fikri-ataoglu-kadir-gecesi-1-740x420.jpg\",\"articleSection\":[\"G\u00fcndem\"],\"inLanguage\":\"tr\",\"potentialAction\":[{\"@type\":\"CommentAction\",\"name\":\"Comment\",\"target\":[\"https:\\\/\\\/kibrisdakik.com\\\/?p=5291#respond\"]}]},{\"@type\":\"WebPage\",\"@id\":\"https:\\\/\\\/kibrisdakik.com\\\/?p=5291\",\"url\":\"https:\\\/\\\/kibrisdakik.com\\\/?p=5291\",\"name\":\"Atao\u011flu, Kadir Gecesi nedeniyle mesaj yay\u0131mlad\u0131 -\",\"isPartOf\":{\"@id\":\"https:\\\/\\\/kibrisdakik.com\\\/#website\"},\"primaryImageOfPage\":{\"@id\":\"https:\\\/\\\/kibrisdakik.com\\\/?p=5291#primaryimage\"},\"image\":{\"@id\":\"https:\\\/\\\/kibrisdakik.com\\\/?p=5291#primaryimage\"},\"thumbnailUrl\":\"https:\\\/\\\/kibrisdakik.com\\\/wp-content\\\/uploads\\\/2023\\\/04\\\/fikri-ataoglu-kadir-gecesi-1-740x420.jpg\",\"datePublished\":\"2023-04-17T12:25:27+00:00\",\"author\":{\"@id\":\"https:\\\/\\\/kibrisdakik.com\\\/#\\\/schema\\\/person\\\/9cd9d437bbb44f72b73ba127e06d8e79\"},\"breadcrumb\":{\"@id\":\"https:\\\/\\\/kibrisdakik.com\\\/?p=5291#breadcrumb\"},\"inLanguage\":\"tr\",\"potentialAction\":[{\"@type\":\"ReadAction\",\"target\":[\"https:\\\/\\\/kibrisdakik.com\\\/?p=5291\"]}]},{\"@type\":\"ImageObject\",\"inLanguage\":\"tr\",\"@id\":\"https:\\\/\\\/kibrisdakik.com\\\/?p=5291#primaryimage\",\"url\":\"https:\\\/\\\/kibrisdakik.com\\\/wp-content\\\/uploads\\\/2023\\\/04\\\/fikri-ataoglu-kadir-gecesi-1-740x420.jpg\",\"contentUrl\":\"https:\\\/\\\/kibrisdakik.com\\\/wp-content\\\/uploads\\\/2023\\\/04\\\/fikri-ataoglu-kadir-gecesi-1-740x420.jpg\",\"width\":1200,\"height\":800},{\"@type\":\"BreadcrumbList\",\"@id\":\"https:\\\/\\\/kibrisdakik.com\\\/?p=5291#breadcrumb\",\"itemListElement\":[{\"@type\":\"ListItem\",\"position\":1,\"name\":\"Home\",\"item\":\"https:\\\/\\\/kibrisdakik.com\\\/\"},{\"@type\":\"ListItem\",\"position\":2,\"name\":\"Atao\u011flu, Kadir Gecesi nedeniyle mesaj yay\u0131mlad\u0131\"}]},{\"@type\":\"WebSite\",\"@id\":\"https:\\\/\\\/kibrisdakik.com\\\/#website\",\"url\":\"https:\\\/\\\/kibrisdakik.com\\\/\",\"name\":\"\",\"description\":\"Tam vaktinde haber\",\"potentialAction\":[{\"@type\":\"SearchAction\",\"target\":{\"@type\":\"EntryPoint\",\"urlTemplate\":\"https:\\\/\\\/kibrisdakik.com\\\/?s={search_term_string}\"},\"query-input\":{\"@type\":\"PropertyValueSpecification\",\"valueRequired\":true,\"valueName\":\"search_term_string\"}}],\"inLanguage\":\"tr\"},{\"@type\":\"Person\",\"@id\":\"https:\\\/\\\/kibrisdakik.com\\\/#\\\/schema\\\/person\\\/9cd9d437bbb44f72b73ba127e06d8e79\",\"name\":\"admin\",\"image\":{\"@type\":\"ImageObject\",\"inLanguage\":\"tr\",\"@id\":\"https:\\\/\\\/secure.gravatar.com\\\/avatar\\\/ccc17943b9d660506c869530f897617f7cb1c21a4bf30023f252596d83e1f007?s=96&d=mm&r=g\",\"url\":\"https:\\\/\\\/secure.gravatar.com\\\/avatar\\\/ccc17943b9d660506c869530f897617f7cb1c21a4bf30023f252596d83e1f007?s=96&d=mm&r=g\",\"contentUrl\":\"https:\\\/\\\/secure.gravatar.com\\\/avatar\\\/ccc17943b9d660506c869530f897617f7cb1c21a4bf30023f252596d83e1f007?s=96&d=mm&r=g\",\"caption\":\"admin\"},\"sameAs\":[\"https:\\\/\\\/kibrisdakik.com\"],\"url\":\"https:\\\/\\\/kibrisdakik.com\\\/?author=1\"}]}<\/script>\n<!-- \/ Yoast SEO plugin. -->","yoast_head_json":{"title":"Atao\u011flu, Kadir Gecesi nedeniyle mesaj yay\u0131mlad\u0131 -","robots":{"index":"index","follow":"follow","max-snippet":"max-snippet:-1","max-image-preview":"max-image-preview:large","max-video-preview":"max-video-preview:-1"},"canonical":"https:\/\/kibrisdakik.com\/?p=5291","og_locale":"tr_TR","og_type":"article","og_title":"Atao\u011flu, Kadir Gecesi nedeniyle mesaj yay\u0131mlad\u0131 -","og_description":"Ba\u015fbakan Yard\u0131mc\u0131s\u0131, Turizm, K\u00fclt\u00fcr, Gen\u00e7lik ve \u00c7evre Bakan\u0131, Demokrat Parti (DP) Genel Ba\u015fkan\u0131 Fikri Atao\u011flu, Kadir Gecesi nedeniyle mesaj yay\u0131mlad\u0131. DP\u2019den yap\u0131lan a\u00e7\u0131klamaya g\u00f6re Atao\u011flu mesaj\u0131nda, Kadir Gecesi\u2019nin huzur ve bereket getirece\u011fine inan\u00e7 belirtti. Atao\u011flu mesaj\u0131nda \u015fu ifadelere yer verdi; \u201cBu gece, m\u00fcbarek Ramazan ay\u0131n\u0131n en k\u0131ymetli gecelerinden biri olan Kadir Gecesi\u2019ni idrak edece\u011fiz. Bu","og_url":"https:\/\/kibrisdakik.com\/?p=5291","article_published_time":"2023-04-17T12:25:27+00:00","og_image":[{"width":1200,"height":800,"url":"https:\/\/kibrisdakik.com\/wp-content\/uploads\/2023\/04\/fikri-ataoglu-kadir-gecesi-1-740x420.jpg","type":"image\/jpeg"}],"author":"admin","twitter_card":"summary_large_image","twitter_misc":{"Yazan:":"admin","Tahmini okuma s\u00fcresi":"1 dakika"},"schema":{"@context":"https:\/\/schema.org","@graph":[{"@type":"Article","@id":"https:\/\/kibrisdakik.com\/?p=5291#article","isPartOf":{"@id":"https:\/\/kibrisdakik.com\/?p=5291"},"author":{"name":"admin","@id":"https:\/\/kibrisdakik.com\/#\/schema\/person\/9cd9d437bbb44f72b73ba127e06d8e79"},"headline":"Atao\u011flu, Kadir Gecesi nedeniyle mesaj yay\u0131mlad\u0131","datePublished":"2023-04-17T12:25:27+00:00","mainEntityOfPage":{"@id":"https:\/\/kibrisdakik.com\/?p=5291"},"wordCount":229,"commentCount":0,"image":{"@id":"https:\/\/kibrisdakik.com\/?p=5291#primaryimage"},"thumbnailUrl":"https:\/\/kibrisdakik.com\/wp-content\/uploads\/2023\/04\/fikri-ataoglu-kadir-gecesi-1-740x420.jpg","articleSection":["G\u00fcndem"],"inLanguage":"tr","potentialAction":[{"@type":"CommentAction","name":"Comment","target":["https:\/\/kibrisdakik.com\/?p=5291#respond"]}]},{"@type":"WebPage","@id":"https:\/\/kibrisdakik.com\/?p=5291","url":"https:\/\/kibrisdakik.com\/?p=5291","name":"Atao\u011flu, Kadir Gecesi nedeniyle mesaj yay\u0131mlad\u0131 -","isPartOf":{"@id":"https:\/\/kibrisdakik.com\/#website"},"primaryImageOfPage":{"@id":"https:\/\/kibrisdakik.com\/?p=5291#primaryimage"},"image":{"@id":"https:\/\/kibrisdakik.com\/?p=5291#primaryimage"},"thumbnailUrl":"https:\/\/kibrisdakik.com\/wp-content\/uploads\/2023\/04\/fikri-ataoglu-kadir-gecesi-1-740x420.jpg","datePublished":"2023-04-17T12:25:27+00:00","author":{"@id":"https:\/\/kibrisdakik.com\/#\/schema\/person\/9cd9d437bbb44f72b73ba127e06d8e79"},"breadcrumb":{"@id":"https:\/\/kibrisdakik.com\/?p=5291#breadcrumb"},"inLanguage":"tr","potentialAction":[{"@type":"ReadAction","target":["https:\/\/kibrisdakik.com\/?p=5291"]}]},{"@type":"ImageObject","inLanguage":"tr","@id":"https:\/\/kibrisdakik.com\/?p=5291#primaryimage","url":"https:\/\/kibrisdakik.com\/wp-content\/uploads\/2023\/04\/fikri-ataoglu-kadir-gecesi-1-740x420.jpg","contentUrl":"https:\/\/kibrisdakik.com\/wp-content\/uploads\/2023\/04\/fikri-ataoglu-kadir-gecesi-1-740x420.jpg","width":1200,"height":800},{"@type":"BreadcrumbList","@id":"https:\/\/kibrisdakik.com\/?p=5291#breadcrumb","itemListElement":[{"@type":"ListItem","position":1,"name":"Home","item":"https:\/\/kibrisdakik.com\/"},{"@type":"ListItem","position":2,"name":"Atao\u011flu, Kadir Gecesi nedeniyle mesaj yay\u0131mlad\u0131"}]},{"@type":"WebSite","@id":"https:\/\/kibrisdakik.com\/#website","url":"https:\/\/kibrisdakik.com\/","name":"","description":"Tam vaktinde haber","potentialAction":[{"@type":"SearchAction","target":{"@type":"EntryPoint","urlTemplate":"https:\/\/kibrisdakik.com\/?s={search_term_string}"},"query-input":{"@type":"PropertyValueSpecification","valueRequired":true,"valueName":"search_term_string"}}],"inLanguage":"tr"},{"@type":"Person","@id":"https:\/\/kibrisdakik.com\/#\/schema\/person\/9cd9d437bbb44f72b73ba127e06d8e79","name":"admin","image":{"@type":"ImageObject","inLanguage":"tr","@id":"https:\/\/secure.gravatar.com\/avatar\/ccc17943b9d660506c869530f897617f7cb1c21a4bf30023f252596d83e1f007?s=96&d=mm&r=g","url":"https:\/\/secure.gravatar.com\/avatar\/ccc17943b9d660506c869530f897617f7cb1c21a4bf30023f252596d83e1f007?s=96&d=mm&r=g","contentUrl":"https:\/\/secure.gravatar.com\/avatar\/ccc17943b9d660506c869530f897617f7cb1c21a4bf30023f252596d83e1f007?s=96&d=mm&r=g","caption":"admin"},"sameAs":["https:\/\/kibrisdakik.com"],"url":"https:\/\/kibrisdakik.com\/?author=1"}]}},"_links":{"self":[{"href":"https:\/\/kibrisdakik.com\/index.php?rest_route=\/wp\/v2\/posts\/5291","targetHints":{"allow":["GET"]}}],"collection":[{"href":"https:\/\/kibrisdakik.com\/index.php?rest_route=\/wp\/v2\/posts"}],"about":[{"href":"https:\/\/kibrisdakik.com\/index.php?rest_route=\/wp\/v2\/types\/post"}],"author":[{"embeddable":true,"href":"https:\/\/kibrisdakik.com\/index.php?rest_route=\/wp\/v2\/users\/1"}],"replies":[{"embeddable":true,"href":"https:\/\/kibrisdakik.com\/index.php?rest_route=%2Fwp%2Fv2%2Fcomments&post=5291"}],"version-history":[{"count":0,"href":"https:\/\/kibrisdakik.com\/index.php?rest_route=\/wp\/v2\/posts\/5291\/revisions"}],"wp:featuredmedia":[{"embeddable":true,"href":"https:\/\/kibrisdakik.com\/index.php?rest_route=\/wp\/v2\/media\/5292"}],"wp:attachment":[{"href":"https:\/\/kibrisdakik.com\/index.php?rest_route=%2Fwp%2Fv2%2Fmedia&parent=5291"}],"wp:term":[{"taxonomy":"category","embeddable":true,"href":"https:\/\/kibrisdakik.com\/index.php?rest_route=%2Fwp%2Fv2%2Fcategories&post=5291"},{"taxonomy":"post_tag","embeddable":true,"href":"https:\/\/kibrisdakik.com\/index.php?rest_route=%2Fwp%2Fv2%2Ftags&post=5291"}],"curies":[{"name":"wp","href":"https:\/\/api.w.org\/{rel}","templated":true}]}}