{"id":53033,"date":"2024-08-08T17:33:49","date_gmt":"2024-08-08T14:33:49","guid":{"rendered":"https:\/\/kibrisdakik.com\/index.php\/2024\/08\/08\/cezaevi-aracinin-altina-uyusturucu-poseti-zulaladi-o-anlar-kamerada\/"},"modified":"2024-08-08T17:33:49","modified_gmt":"2024-08-08T14:33:49","slug":"cezaevi-aracinin-altina-uyusturucu-poseti-zulaladi-o-anlar-kamerada","status":"publish","type":"post","link":"https:\/\/kibrisdakik.com\/?p=53033","title":{"rendered":"Cezaevi arac\u0131n\u0131n alt\u0131na uyu\u015fturucu po\u015feti zulalad\u0131! O anlar kamerada"},"content":{"rendered":"<p><\/p>\n<div id=\"\">\n<p>\u0130zmir Fo\u00e7a A\u00e7\u0131k Ceza \u0130nfaz Kurumunda yatan h\u00fck\u00fcml\u00fcden 5 bin lira kar\u015f\u0131l\u0131\u011f\u0131nda uyu\u015fturucu hap sipari\u015fi alan \u015f\u00fcpheli, Konak il\u00e7esinde cezaevi arac\u0131n\u0131n alt\u0131na i\u00e7i uyu\u015fturucu madde dolu po\u015feti zulalad\u0131. O anlar kameralara yans\u0131rken tespit edilen zanl\u0131 yakaland\u0131.<\/p>\n<p>Olay, ge\u00e7ti\u011fimiz g\u00fcnlerde Konak il\u00e7esi Fevzi Pa\u015fa Bulvar\u0131&#8217;nda meydana geldi. \u0130ddiaya g\u00f6re, il\u00e7ede bulunan di\u015f hastanesinin kaplamalar\u0131n\u0131n tadilat\u0131 i\u00e7in Fo\u00e7a A\u00e7\u0131k Ceza \u0130nfaz Kurumuna ait resmi ara\u00e7la h\u00fck\u00fcml\u00fc i\u015f\u00e7iler getirildi. Cezaevi arac\u0131 yol kenar\u0131nda park halindeyken, arac\u0131n arka k\u0131sm\u0131na motosiklet ile bir \u015f\u00fcpheli yakla\u015ft\u0131. \u0130nfaz koruma memurlar\u0131n\u0131n arac\u0131n yan\u0131ndan ayr\u0131lmalar\u0131n\u0131 f\u0131rsat bilen \u015fah\u0131s, arac\u0131n alt k\u0131sm\u0131na elindeki siyah po\u015feti zulalad\u0131. O anlar \u00e7evredeki bir i\u015f yerinin g\u00fcvenlik kameras\u0131na yans\u0131rken, ihbar \u00fczerine b\u00f6lgeye gelen ekipler g\u00fcvenlik kameralar\u0131ndan po\u015fetin zulaland\u0131\u011f\u0131n\u0131 g\u00f6rd\u00fc. Po\u015fet bulundu\u011fu yerden \u00e7\u0131kar\u0131l\u0131rken, i\u00e7inden bin 216 adet sentetik uyu\u015fturucu hap \u00e7\u0131kt\u0131.<\/p>\n<p><img loading=\"lazy\" decoding=\"async\" class=\"hbptMainImage lazyload ImgDetay\" src=\"https:\/\/foto.haberler.com\/haber\/2024\/08\/08\/izmir-de-cezaevi-aracinin-altina-uyusturucu-17700775_9788_m.jpg\" alt=\"\u0130zmir'de Cezaevi Arac\u0131n\u0131n Alt\u0131na Uyu\u015fturucu Po\u015feti Zulalayan \u015e\u00fcpheli Yakaland\u0131\" width=\"631\" height=\"618\"\/><\/p>\n<h3>\u015eAHIS YAKALANDI <\/h3>\n<p>Ekipler taraf\u0131ndan yap\u0131lan kamera kayd\u0131 incelemelerinde, motosikletin 35 NNM 02 plakal\u0131 oldu\u011fu belirlendi. Olay\u0131 ger\u00e7ekle\u015ftiren ki\u015finin 36 ya\u015f\u0131ndaki \u00d6nder K. oldu\u011funun tespiti \u00fczerine ekipler, \u015f\u00fcpheliyi yakalama \u00e7al\u0131\u015fmas\u0131 ba\u015flatt\u0131. \u00c7al\u0131\u015fmalar sonucunda \u00d6nder K. Buca il\u00e7esinde yakaland\u0131.<\/p>\n<h3>5 B\u0130N TL KAR\u015eILI\u011eINDA KURYEL\u0130K YAPMI\u015e <\/h3>\n<p>Yakalanan zanl\u0131n\u0131n ilk ifadesinde; uyu\u015fturucu maddeleri cezaevi arac\u0131na b\u0131rakan \u015fahs\u0131n kendisi oldu\u011funu, a\u00e7\u0131k kimli\u011fini bilmedi\u011fi, y\u00fcz\u00fcn\u00fc g\u00f6rmedi\u011fi, Fo\u00e7a A\u00e7\u0131k Ceza \u0130nfaz Kurumundan bir h\u00fck\u00fcml\u00fc ile ankes\u00f6rl\u00fc telefondan irtibat kurdu\u011funu ve 5 bin TL kar\u015f\u0131l\u0131\u011f\u0131nda anla\u015ft\u0131\u011f\u0131n\u0131, uyu\u015fturucu maddeyi bu \u015fahs\u0131n karde\u015finden Agora Park i\u00e7inde temin etti\u011fini, daha sonra arac\u0131n alt\u0131na b\u0131rakt\u0131\u011f\u0131n\u0131 itiraf etti\u011fi \u00f6\u011frenildi.<\/p>\n<p>Yap\u0131lan ara\u015ft\u0131rmalar sonucunda h\u00fck\u00fcml\u00fc \u015fahs\u0131n F.K. (27), maddeleri \u015f\u00fcpheliye veren ki\u015finin ise F.K.&#8217;nin karde\u015fi S.C.K. (17) oldu\u011fu belirlendi. Yakalanan \u00d6nder K. polis ekiplerince g\u00f6zalt\u0131na al\u0131n\u0131rken, ele ge\u00e7irilen uyu\u015fturucu haplar ise Narkotik \u015eube M\u00fcd\u00fcrl\u00fc\u011f\u00fcne teslim edildi. F.K.&#8217;nin karde\u015fi S.C.K. ise aran\u0131yor. <\/p>\n<div class=\"editorSade\">Kaynak: \u0130hlas Haber Ajans\u0131 \/  <a href=\"https:\/\/www.haberler.com\/3-sayfa\/\" title=\"3.Sayfa Haberleri\">3.Sayfa<\/a> <\/div>\n<h4 id=\"nwsKeywords\"> <a href=\"https:\/\/www.haberler.com\/konak\/\" title=\"Konak\" class=\"hbptTag\">Konak<\/a>  <a href=\"https:\/\/www.haberler.com\/izmir\/\" title=\"izmir\" class=\"hbptTag\">izmir<\/a>  <a href=\"https:\/\/www.haberler.com\/foca\/\" title=\"Fo\u00e7a\" class=\"hbptTag\">Fo\u00e7a<\/a>  <a href=\"https:\/\/www.haberler.com\/guvenlik\/\" title=\"G\u00fcvenlik\" class=\"hbptTag\">G\u00fcvenlik<\/a>  <a href=\"https:\/\/www.haberler.com\/cezaevi\/\" title=\"Cezaevi\" class=\"hbptTag\">Cezaevi<\/a>  <a href=\"https:\/\/www.haberler.com\/uyusturucu\/\" title=\"Uyu\u015fturucu\" class=\"hbptTag\">Uyu\u015fturucu<\/a>  <a href=\"https:\/\/www.haberler.com\/suc\/\" title=\"Su\u00e7\" class=\"hbptTag\">Su\u00e7<\/a>  <a href=\"https:\/\/www.haberler.com\/3-sayfa\/\" title=\"3.Sayfa\" class=\"hbptTag\">3.Sayfa<\/a>  <a href=\"https:\/\/www.haberler.com\/guncel\/\" title=\"G\u00fcncel\" class=\"hbptTag\">G\u00fcncel<\/a>  <a href=\"https:\/\/www.haberler.com\/\" title=\"Haberler\" class=\"hbptTag\">Haberler<\/a> <\/h4>\n<\/div>\n","protected":false},"excerpt":{"rendered":"<p>\u0130zmir Fo\u00e7a A\u00e7\u0131k Ceza \u0130nfaz Kurumunda yatan h\u00fck\u00fcml\u00fcden 5 bin lira kar\u015f\u0131l\u0131\u011f\u0131nda uyu\u015fturucu hap sipari\u015fi alan \u015f\u00fcpheli, Konak il\u00e7esinde cezaevi arac\u0131n\u0131n alt\u0131na i\u00e7i uyu\u015fturucu madde dolu po\u015feti zulalad\u0131. O anlar kameralara yans\u0131rken tespit edilen zanl\u0131 yakaland\u0131. Olay, ge\u00e7ti\u011fimiz g\u00fcnlerde Konak il\u00e7esi Fevzi Pa\u015fa Bulvar\u0131&#8217;nda meydana geldi. \u0130ddiaya g\u00f6re, il\u00e7ede bulunan di\u015f hastanesinin kaplamalar\u0131n\u0131n tadilat\u0131 i\u00e7in<\/p>\n","protected":false},"author":1,"featured_media":53034,"comment_status":"open","ping_status":"open","sticky":false,"template":"","format":"standard","meta":{"footnotes":""},"categories":[83],"tags":[],"class_list":["post-53033","post","type-post","status-publish","format-standard","has-post-thumbnail","hentry","category-magazin"],"yoast_head":"<!-- This site is optimized with the Yoast SEO plugin v28.4 - https:\/\/yoast.com\/product\/yoast-seo-wordpress\/ -->\n<title>Cezaevi arac\u0131n\u0131n alt\u0131na uyu\u015fturucu po\u015feti zulalad\u0131! O anlar kamerada -<\/title>\n<meta name=\"robots\" content=\"index, follow, max-snippet:-1, max-image-preview:large, max-video-preview:-1\" \/>\n<link rel=\"canonical\" href=\"https:\/\/kibrisdakik.com\/?p=53033\" \/>\n<meta property=\"og:locale\" content=\"tr_TR\" \/>\n<meta property=\"og:type\" content=\"article\" \/>\n<meta property=\"og:title\" content=\"Cezaevi arac\u0131n\u0131n alt\u0131na uyu\u015fturucu po\u015feti zulalad\u0131! O anlar kamerada -\" \/>\n<meta property=\"og:description\" content=\"\u0130zmir Fo\u00e7a A\u00e7\u0131k Ceza \u0130nfaz Kurumunda yatan h\u00fck\u00fcml\u00fcden 5 bin lira kar\u015f\u0131l\u0131\u011f\u0131nda uyu\u015fturucu hap sipari\u015fi alan \u015f\u00fcpheli, Konak il\u00e7esinde cezaevi arac\u0131n\u0131n alt\u0131na i\u00e7i uyu\u015fturucu madde dolu po\u015feti zulalad\u0131. O anlar kameralara yans\u0131rken tespit edilen zanl\u0131 yakaland\u0131. Olay, ge\u00e7ti\u011fimiz g\u00fcnlerde Konak il\u00e7esi Fevzi Pa\u015fa Bulvar\u0131&#8217;nda meydana geldi. \u0130ddiaya g\u00f6re, il\u00e7ede bulunan di\u015f hastanesinin kaplamalar\u0131n\u0131n tadilat\u0131 i\u00e7in\" \/>\n<meta property=\"og:url\" content=\"https:\/\/kibrisdakik.com\/?p=53033\" \/>\n<meta property=\"article:published_time\" content=\"2024-08-08T14:33:49+00:00\" \/>\n<meta property=\"og:image\" content=\"https:\/\/kibrisdakik.com\/wp-content\/uploads\/2024\/08\/izmir-de-cezaevi-aracinin-altina-uyusturucu-17700775_9788_m-631x420.jpg\" \/>\n\t<meta property=\"og:image:width\" content=\"631\" \/>\n\t<meta property=\"og:image:height\" content=\"618\" \/>\n\t<meta property=\"og:image:type\" content=\"image\/jpeg\" \/>\n<meta name=\"author\" content=\"admin\" \/>\n<meta name=\"twitter:card\" content=\"summary_large_image\" \/>\n<meta name=\"twitter:label1\" content=\"Yazan:\" \/>\n\t<meta name=\"twitter:data1\" content=\"admin\" \/>\n\t<meta name=\"twitter:label2\" content=\"Tahmini okuma s\u00fcresi\" \/>\n\t<meta name=\"twitter:data2\" content=\"2 dakika\" \/>\n<script type=\"application\/ld+json\" class=\"yoast-schema-graph\">{\"@context\":\"https:\\\/\\\/schema.org\",\"@graph\":[{\"@type\":\"Article\",\"@id\":\"https:\\\/\\\/kibrisdakik.com\\\/?p=53033#article\",\"isPartOf\":{\"@id\":\"https:\\\/\\\/kibrisdakik.com\\\/?p=53033\"},\"author\":{\"name\":\"admin\",\"@id\":\"https:\\\/\\\/kibrisdakik.com\\\/#\\\/schema\\\/person\\\/9cd9d437bbb44f72b73ba127e06d8e79\"},\"headline\":\"Cezaevi arac\u0131n\u0131n alt\u0131na uyu\u015fturucu po\u015feti zulalad\u0131! O anlar kamerada\",\"datePublished\":\"2024-08-08T14:33:49+00:00\",\"mainEntityOfPage\":{\"@id\":\"https:\\\/\\\/kibrisdakik.com\\\/?p=53033\"},\"wordCount\":432,\"commentCount\":0,\"publisher\":{\"@id\":\"https:\\\/\\\/kibrisdakik.com\\\/#organization\"},\"image\":{\"@id\":\"https:\\\/\\\/kibrisdakik.com\\\/?p=53033#primaryimage\"},\"thumbnailUrl\":\"https:\\\/\\\/kibrisdakik.com\\\/wp-content\\\/uploads\\\/2024\\\/08\\\/izmir-de-cezaevi-aracinin-altina-uyusturucu-17700775_9788_m-631x420.jpg\",\"articleSection\":[\"Magazin\"],\"inLanguage\":\"tr\",\"potentialAction\":[{\"@type\":\"CommentAction\",\"name\":\"Comment\",\"target\":[\"https:\\\/\\\/kibrisdakik.com\\\/?p=53033#respond\"]}]},{\"@type\":\"WebPage\",\"@id\":\"https:\\\/\\\/kibrisdakik.com\\\/?p=53033\",\"url\":\"https:\\\/\\\/kibrisdakik.com\\\/?p=53033\",\"name\":\"Cezaevi arac\u0131n\u0131n alt\u0131na uyu\u015fturucu po\u015feti zulalad\u0131! O anlar kamerada -\",\"isPartOf\":{\"@id\":\"https:\\\/\\\/kibrisdakik.com\\\/#website\"},\"primaryImageOfPage\":{\"@id\":\"https:\\\/\\\/kibrisdakik.com\\\/?p=53033#primaryimage\"},\"image\":{\"@id\":\"https:\\\/\\\/kibrisdakik.com\\\/?p=53033#primaryimage\"},\"thumbnailUrl\":\"https:\\\/\\\/kibrisdakik.com\\\/wp-content\\\/uploads\\\/2024\\\/08\\\/izmir-de-cezaevi-aracinin-altina-uyusturucu-17700775_9788_m-631x420.jpg\",\"datePublished\":\"2024-08-08T14:33:49+00:00\",\"breadcrumb\":{\"@id\":\"https:\\\/\\\/kibrisdakik.com\\\/?p=53033#breadcrumb\"},\"inLanguage\":\"tr\",\"potentialAction\":[{\"@type\":\"ReadAction\",\"target\":[\"https:\\\/\\\/kibrisdakik.com\\\/?p=53033\"]}]},{\"@type\":\"ImageObject\",\"inLanguage\":\"tr\",\"@id\":\"https:\\\/\\\/kibrisdakik.com\\\/?p=53033#primaryimage\",\"url\":\"https:\\\/\\\/kibrisdakik.com\\\/wp-content\\\/uploads\\\/2024\\\/08\\\/izmir-de-cezaevi-aracinin-altina-uyusturucu-17700775_9788_m-631x420.jpg\",\"contentUrl\":\"https:\\\/\\\/kibrisdakik.com\\\/wp-content\\\/uploads\\\/2024\\\/08\\\/izmir-de-cezaevi-aracinin-altina-uyusturucu-17700775_9788_m-631x420.jpg\",\"width\":631,\"height\":618},{\"@type\":\"BreadcrumbList\",\"@id\":\"https:\\\/\\\/kibrisdakik.com\\\/?p=53033#breadcrumb\",\"itemListElement\":[{\"@type\":\"ListItem\",\"position\":1,\"name\":\"Home\",\"item\":\"https:\\\/\\\/kibrisdakik.com\\\/\"},{\"@type\":\"ListItem\",\"position\":2,\"name\":\"Cezaevi arac\u0131n\u0131n alt\u0131na uyu\u015fturucu po\u015feti zulalad\u0131! O anlar kamerada\"}]},{\"@type\":\"WebSite\",\"@id\":\"https:\\\/\\\/kibrisdakik.com\\\/#website\",\"url\":\"https:\\\/\\\/kibrisdakik.com\\\/\",\"name\":\"K\u0131br\u0131s Dakik\",\"description\":\"Tam vaktinde haber\",\"publisher\":{\"@id\":\"https:\\\/\\\/kibrisdakik.com\\\/#organization\"},\"potentialAction\":[{\"@type\":\"SearchAction\",\"target\":{\"@type\":\"EntryPoint\",\"urlTemplate\":\"https:\\\/\\\/kibrisdakik.com\\\/?s={search_term_string}\"},\"query-input\":{\"@type\":\"PropertyValueSpecification\",\"valueRequired\":true,\"valueName\":\"search_term_string\"}}],\"inLanguage\":\"tr\"},{\"@type\":\"Organization\",\"@id\":\"https:\\\/\\\/kibrisdakik.com\\\/#organization\",\"name\":\"K\u0131br\u0131s Dakik\",\"url\":\"https:\\\/\\\/kibrisdakik.com\\\/\",\"logo\":{\"@type\":\"ImageObject\",\"inLanguage\":\"tr\",\"@id\":\"https:\\\/\\\/kibrisdakik.com\\\/#\\\/schema\\\/logo\\\/image\\\/\",\"url\":\"https:\\\/\\\/kibrisdakik.com\\\/wp-content\\\/uploads\\\/2025\\\/10\\\/cropped-WhatsApp-Image-2025-10-02-at-12.58.31.jpeg\",\"contentUrl\":\"https:\\\/\\\/kibrisdakik.com\\\/wp-content\\\/uploads\\\/2025\\\/10\\\/cropped-WhatsApp-Image-2025-10-02-at-12.58.31.jpeg\",\"width\":1237,\"height\":190,\"caption\":\"K\u0131br\u0131s Dakik\"},\"image\":{\"@id\":\"https:\\\/\\\/kibrisdakik.com\\\/#\\\/schema\\\/logo\\\/image\\\/\"}},{\"@type\":\"Person\",\"@id\":\"https:\\\/\\\/kibrisdakik.com\\\/#\\\/schema\\\/person\\\/9cd9d437bbb44f72b73ba127e06d8e79\",\"name\":\"admin\",\"image\":{\"@type\":\"ImageObject\",\"inLanguage\":\"tr\",\"@id\":\"https:\\\/\\\/secure.gravatar.com\\\/avatar\\\/ccc17943b9d660506c869530f897617f7cb1c21a4bf30023f252596d83e1f007?s=96&d=mm&r=g\",\"url\":\"https:\\\/\\\/secure.gravatar.com\\\/avatar\\\/ccc17943b9d660506c869530f897617f7cb1c21a4bf30023f252596d83e1f007?s=96&d=mm&r=g\",\"contentUrl\":\"https:\\\/\\\/secure.gravatar.com\\\/avatar\\\/ccc17943b9d660506c869530f897617f7cb1c21a4bf30023f252596d83e1f007?s=96&d=mm&r=g\",\"caption\":\"admin\"},\"sameAs\":[\"https:\\\/\\\/kibrisdakik.com\"],\"url\":\"https:\\\/\\\/kibrisdakik.com\\\/?author=1\"}]}<\/script>\n<!-- \/ Yoast SEO plugin. -->","yoast_head_json":{"title":"Cezaevi arac\u0131n\u0131n alt\u0131na uyu\u015fturucu po\u015feti zulalad\u0131! O anlar kamerada -","robots":{"index":"index","follow":"follow","max-snippet":"max-snippet:-1","max-image-preview":"max-image-preview:large","max-video-preview":"max-video-preview:-1"},"canonical":"https:\/\/kibrisdakik.com\/?p=53033","og_locale":"tr_TR","og_type":"article","og_title":"Cezaevi arac\u0131n\u0131n alt\u0131na uyu\u015fturucu po\u015feti zulalad\u0131! O anlar kamerada -","og_description":"\u0130zmir Fo\u00e7a A\u00e7\u0131k Ceza \u0130nfaz Kurumunda yatan h\u00fck\u00fcml\u00fcden 5 bin lira kar\u015f\u0131l\u0131\u011f\u0131nda uyu\u015fturucu hap sipari\u015fi alan \u015f\u00fcpheli, Konak il\u00e7esinde cezaevi arac\u0131n\u0131n alt\u0131na i\u00e7i uyu\u015fturucu madde dolu po\u015feti zulalad\u0131. O anlar kameralara yans\u0131rken tespit edilen zanl\u0131 yakaland\u0131. Olay, ge\u00e7ti\u011fimiz g\u00fcnlerde Konak il\u00e7esi Fevzi Pa\u015fa Bulvar\u0131&#8217;nda meydana geldi. \u0130ddiaya g\u00f6re, il\u00e7ede bulunan di\u015f hastanesinin kaplamalar\u0131n\u0131n tadilat\u0131 i\u00e7in","og_url":"https:\/\/kibrisdakik.com\/?p=53033","article_published_time":"2024-08-08T14:33:49+00:00","og_image":[{"width":631,"height":618,"url":"https:\/\/kibrisdakik.com\/wp-content\/uploads\/2024\/08\/izmir-de-cezaevi-aracinin-altina-uyusturucu-17700775_9788_m-631x420.jpg","type":"image\/jpeg"}],"author":"admin","twitter_card":"summary_large_image","twitter_misc":{"Yazan:":"admin","Tahmini okuma s\u00fcresi":"2 dakika"},"schema":{"@context":"https:\/\/schema.org","@graph":[{"@type":"Article","@id":"https:\/\/kibrisdakik.com\/?p=53033#article","isPartOf":{"@id":"https:\/\/kibrisdakik.com\/?p=53033"},"author":{"name":"admin","@id":"https:\/\/kibrisdakik.com\/#\/schema\/person\/9cd9d437bbb44f72b73ba127e06d8e79"},"headline":"Cezaevi arac\u0131n\u0131n alt\u0131na uyu\u015fturucu po\u015feti zulalad\u0131! O anlar kamerada","datePublished":"2024-08-08T14:33:49+00:00","mainEntityOfPage":{"@id":"https:\/\/kibrisdakik.com\/?p=53033"},"wordCount":432,"commentCount":0,"publisher":{"@id":"https:\/\/kibrisdakik.com\/#organization"},"image":{"@id":"https:\/\/kibrisdakik.com\/?p=53033#primaryimage"},"thumbnailUrl":"https:\/\/kibrisdakik.com\/wp-content\/uploads\/2024\/08\/izmir-de-cezaevi-aracinin-altina-uyusturucu-17700775_9788_m-631x420.jpg","articleSection":["Magazin"],"inLanguage":"tr","potentialAction":[{"@type":"CommentAction","name":"Comment","target":["https:\/\/kibrisdakik.com\/?p=53033#respond"]}]},{"@type":"WebPage","@id":"https:\/\/kibrisdakik.com\/?p=53033","url":"https:\/\/kibrisdakik.com\/?p=53033","name":"Cezaevi arac\u0131n\u0131n alt\u0131na uyu\u015fturucu po\u015feti zulalad\u0131! O anlar kamerada -","isPartOf":{"@id":"https:\/\/kibrisdakik.com\/#website"},"primaryImageOfPage":{"@id":"https:\/\/kibrisdakik.com\/?p=53033#primaryimage"},"image":{"@id":"https:\/\/kibrisdakik.com\/?p=53033#primaryimage"},"thumbnailUrl":"https:\/\/kibrisdakik.com\/wp-content\/uploads\/2024\/08\/izmir-de-cezaevi-aracinin-altina-uyusturucu-17700775_9788_m-631x420.jpg","datePublished":"2024-08-08T14:33:49+00:00","breadcrumb":{"@id":"https:\/\/kibrisdakik.com\/?p=53033#breadcrumb"},"inLanguage":"tr","potentialAction":[{"@type":"ReadAction","target":["https:\/\/kibrisdakik.com\/?p=53033"]}]},{"@type":"ImageObject","inLanguage":"tr","@id":"https:\/\/kibrisdakik.com\/?p=53033#primaryimage","url":"https:\/\/kibrisdakik.com\/wp-content\/uploads\/2024\/08\/izmir-de-cezaevi-aracinin-altina-uyusturucu-17700775_9788_m-631x420.jpg","contentUrl":"https:\/\/kibrisdakik.com\/wp-content\/uploads\/2024\/08\/izmir-de-cezaevi-aracinin-altina-uyusturucu-17700775_9788_m-631x420.jpg","width":631,"height":618},{"@type":"BreadcrumbList","@id":"https:\/\/kibrisdakik.com\/?p=53033#breadcrumb","itemListElement":[{"@type":"ListItem","position":1,"name":"Home","item":"https:\/\/kibrisdakik.com\/"},{"@type":"ListItem","position":2,"name":"Cezaevi arac\u0131n\u0131n alt\u0131na uyu\u015fturucu po\u015feti zulalad\u0131! O anlar kamerada"}]},{"@type":"WebSite","@id":"https:\/\/kibrisdakik.com\/#website","url":"https:\/\/kibrisdakik.com\/","name":"K\u0131br\u0131s Dakik","description":"Tam vaktinde haber","publisher":{"@id":"https:\/\/kibrisdakik.com\/#organization"},"potentialAction":[{"@type":"SearchAction","target":{"@type":"EntryPoint","urlTemplate":"https:\/\/kibrisdakik.com\/?s={search_term_string}"},"query-input":{"@type":"PropertyValueSpecification","valueRequired":true,"valueName":"search_term_string"}}],"inLanguage":"tr"},{"@type":"Organization","@id":"https:\/\/kibrisdakik.com\/#organization","name":"K\u0131br\u0131s Dakik","url":"https:\/\/kibrisdakik.com\/","logo":{"@type":"ImageObject","inLanguage":"tr","@id":"https:\/\/kibrisdakik.com\/#\/schema\/logo\/image\/","url":"https:\/\/kibrisdakik.com\/wp-content\/uploads\/2025\/10\/cropped-WhatsApp-Image-2025-10-02-at-12.58.31.jpeg","contentUrl":"https:\/\/kibrisdakik.com\/wp-content\/uploads\/2025\/10\/cropped-WhatsApp-Image-2025-10-02-at-12.58.31.jpeg","width":1237,"height":190,"caption":"K\u0131br\u0131s Dakik"},"image":{"@id":"https:\/\/kibrisdakik.com\/#\/schema\/logo\/image\/"}},{"@type":"Person","@id":"https:\/\/kibrisdakik.com\/#\/schema\/person\/9cd9d437bbb44f72b73ba127e06d8e79","name":"admin","image":{"@type":"ImageObject","inLanguage":"tr","@id":"https:\/\/secure.gravatar.com\/avatar\/ccc17943b9d660506c869530f897617f7cb1c21a4bf30023f252596d83e1f007?s=96&d=mm&r=g","url":"https:\/\/secure.gravatar.com\/avatar\/ccc17943b9d660506c869530f897617f7cb1c21a4bf30023f252596d83e1f007?s=96&d=mm&r=g","contentUrl":"https:\/\/secure.gravatar.com\/avatar\/ccc17943b9d660506c869530f897617f7cb1c21a4bf30023f252596d83e1f007?s=96&d=mm&r=g","caption":"admin"},"sameAs":["https:\/\/kibrisdakik.com"],"url":"https:\/\/kibrisdakik.com\/?author=1"}]}},"_links":{"self":[{"href":"https:\/\/kibrisdakik.com\/index.php?rest_route=\/wp\/v2\/posts\/53033","targetHints":{"allow":["GET"]}}],"collection":[{"href":"https:\/\/kibrisdakik.com\/index.php?rest_route=\/wp\/v2\/posts"}],"about":[{"href":"https:\/\/kibrisdakik.com\/index.php?rest_route=\/wp\/v2\/types\/post"}],"author":[{"embeddable":true,"href":"https:\/\/kibrisdakik.com\/index.php?rest_route=\/wp\/v2\/users\/1"}],"replies":[{"embeddable":true,"href":"https:\/\/kibrisdakik.com\/index.php?rest_route=%2Fwp%2Fv2%2Fcomments&post=53033"}],"version-history":[{"count":0,"href":"https:\/\/kibrisdakik.com\/index.php?rest_route=\/wp\/v2\/posts\/53033\/revisions"}],"wp:featuredmedia":[{"embeddable":true,"href":"https:\/\/kibrisdakik.com\/index.php?rest_route=\/wp\/v2\/media\/53034"}],"wp:attachment":[{"href":"https:\/\/kibrisdakik.com\/index.php?rest_route=%2Fwp%2Fv2%2Fmedia&parent=53033"}],"wp:term":[{"taxonomy":"category","embeddable":true,"href":"https:\/\/kibrisdakik.com\/index.php?rest_route=%2Fwp%2Fv2%2Fcategories&post=53033"},{"taxonomy":"post_tag","embeddable":true,"href":"https:\/\/kibrisdakik.com\/index.php?rest_route=%2Fwp%2Fv2%2Ftags&post=53033"}],"curies":[{"name":"wp","href":"https:\/\/api.w.org\/{rel}","templated":true}]}}