{"id":5305,"date":"2023-04-17T15:28:03","date_gmt":"2023-04-17T15:28:03","guid":{"rendered":"https:\/\/kibrisdakik.com\/index.php\/2023\/04\/17\/maliye-bakani-san-kadir-gecesi-dolayisiyla-mesaj-yayimladi\/"},"modified":"2023-04-17T15:28:03","modified_gmt":"2023-04-17T15:28:03","slug":"maliye-bakani-san-kadir-gecesi-dolayisiyla-mesaj-yayimladi","status":"publish","type":"post","link":"https:\/\/kibrisdakik.com\/?p=5305","title":{"rendered":"Maliye Bakan\u0131 \u015ean, Kadir Gecesi dolay\u0131s\u0131yla mesaj yay\u0131mlad\u0131"},"content":{"rendered":"<p><\/p>\n<div>\n<div class=\"mariselle-image-container center\">\n                <img width=\"1024\" height=\"668\" class=\"lazy-image\" alt=\"\" decoding=\"async\" loading=\"lazy\" sizes=\"auto, (max-width: 1024px) 100vw, 1024px\" src=\"https:\/\/brtk.net\/wp-content\/uploads\/2023\/04\/17\/maliye-bakani-alisan-san-kadir-gecesi-dolayisiyla-mesaj-yayimladi.jpg?ver=18fe36827f2a01753a329df2c8ae8eec\" srcset=\"https:\/\/brtk.net\/wp-content\/uploads\/2023\/04\/17\/maliye-bakani-alisan-san-kadir-gecesi-dolayisiyla-mesaj-yayimladi.jpg?ver=18fe36827f2a01753a329df2c8ae8eec 1024w, https:\/\/brtk.net\/wp-content\/uploads\/2023\/04\/17\/maliye-bakani-alisan-san-kadir-gecesi-dolayisiyla-mesaj-yayimladi-300x196.jpg?ver=18fe36827f2a01753a329df2c8ae8eec 300w, https:\/\/brtk.net\/wp-content\/uploads\/2023\/04\/17\/maliye-bakani-alisan-san-kadir-gecesi-dolayisiyla-mesaj-yayimladi-768x501.jpg?ver=7ddb87e97ed85c9a0143f20484c8b647 768w\"\/>                            <\/div>\n<p>Maliye Bakan\u0131 Ali\u015fan \u015ean, bin aydan daha hay\u0131rl\u0131 olan Kadir Gecesi\u2019nin \u00fclkeye, millete ve t\u00fcm \u0130slam \u00e2lemine hay\u0131rlar getirmesini temenni ederek, \u015eubat ay\u0131nda Anavatan T\u00fcrkiye\u2019de meydana gelen deprem felaketinde hayat\u0131n\u0131 kaybedenlere bir kez daha rahmet, yak\u0131nlar\u0131na ba\u015fsa\u011fl\u0131\u011f\u0131 diledi.<\/p>\n<p>Bakan \u015ean, Kadir Gecesi dolay\u0131s\u0131yla mesaj yay\u0131mlad\u0131.<\/p>\n<p>\u015ean mesaj\u0131nda \u015fu ifadelere yer verdi:<\/p>\n<p>\u201cBa\u015f\u0131 rahmet, ortas\u0131 ma\u011ffiret, sonu ise cehennemden kurtulu\u015f, 11 Ay\u0131n Sultan\u0131 olan Ramazan Ay\u0131\u2019n\u0131n son g\u00fcnlerine yakla\u015f\u0131rken, bin aydan daha hay\u0131rl\u0131 olan Kadir Gecesi\u2019ne kavu\u015fmu\u015f olman\u0131n heyecan\u0131n\u0131 ya\u015f\u0131yoruz.<\/p>\n<p>Darg\u0131nl\u0131klar\u0131n ve k\u0131rg\u0131nl\u0131klar\u0131n unutuldu\u011fu, sevginin, sayg\u0131n\u0131n ve ho\u015fg\u00f6r\u00fcn\u00fcn hayat\u0131m\u0131zdaki birle\u015ftirici y\u00f6n\u00fcn\u00fcn \u00e7ok daha fazla \u00f6ne \u00e7\u0131kt\u0131\u011f\u0131 bu gecede, \u015eubat ay\u0131nda Anavatan T\u00fcrkiye\u2019de meydana gelen deprem felaketinde hayat\u0131n\u0131 kaybeden insanlar\u0131m\u0131za rahmet, yak\u0131nlar\u0131na ve aziz milletimize sab\u0131rlar diliyorum. \u0130nsanl\u0131\u011f\u0131n ge\u00e7mekte oldu\u011fu zorlu s\u00fcre\u00e7ten bir an evvel kurtulmas\u0131n\u0131 Cenab-\u0131 Hak\u2019tan niyaz ediyorum.<\/p>\n<p>T\u00fcm \u0130slam \u00e2leminin Kadir Gecesi\u2019ni kutluyor, hay\u0131rlara vesile olmas\u0131n\u0131 diliyorum.\u201d<\/p>\n<\/p><\/div>\n<p><script async\n                    defer\n                    crossorigin=\"anonymous\"\n                    src=\"https:\/\/connect.facebook.net\/tr_TR\/sdk.js#xfbml=1&#038;version=v3.3\"\n            ><\/script><\/p>\n","protected":false},"excerpt":{"rendered":"<p>Maliye Bakan\u0131 Ali\u015fan \u015ean, bin aydan daha hay\u0131rl\u0131 olan Kadir Gecesi\u2019nin \u00fclkeye, millete ve t\u00fcm \u0130slam \u00e2lemine hay\u0131rlar getirmesini temenni ederek, \u015eubat ay\u0131nda Anavatan T\u00fcrkiye\u2019de meydana gelen deprem felaketinde hayat\u0131n\u0131 kaybedenlere bir kez daha rahmet, yak\u0131nlar\u0131na ba\u015fsa\u011fl\u0131\u011f\u0131 diledi. Bakan \u015ean, Kadir Gecesi dolay\u0131s\u0131yla mesaj yay\u0131mlad\u0131. \u015ean mesaj\u0131nda \u015fu ifadelere yer verdi: \u201cBa\u015f\u0131 rahmet, ortas\u0131 ma\u011ffiret,<\/p>\n","protected":false},"author":1,"featured_media":5306,"comment_status":"open","ping_status":"open","sticky":false,"template":"","format":"standard","meta":{"footnotes":""},"categories":[1],"tags":[],"class_list":["post-5305","post","type-post","status-publish","format-standard","has-post-thumbnail","hentry","category-gundem"],"yoast_head":"<!-- This site is optimized with the Yoast SEO plugin v27.5 - https:\/\/yoast.com\/product\/yoast-seo-wordpress\/ -->\n<title>Maliye Bakan\u0131 \u015ean, Kadir Gecesi dolay\u0131s\u0131yla mesaj yay\u0131mlad\u0131 -<\/title>\n<meta name=\"robots\" content=\"index, follow, max-snippet:-1, max-image-preview:large, max-video-preview:-1\" \/>\n<link rel=\"canonical\" href=\"https:\/\/kibrisdakik.com\/?p=5305\" \/>\n<meta property=\"og:locale\" content=\"tr_TR\" \/>\n<meta property=\"og:type\" content=\"article\" \/>\n<meta property=\"og:title\" content=\"Maliye Bakan\u0131 \u015ean, Kadir Gecesi dolay\u0131s\u0131yla mesaj yay\u0131mlad\u0131 -\" \/>\n<meta property=\"og:description\" content=\"Maliye Bakan\u0131 Ali\u015fan \u015ean, bin aydan daha hay\u0131rl\u0131 olan Kadir Gecesi\u2019nin \u00fclkeye, millete ve t\u00fcm \u0130slam \u00e2lemine hay\u0131rlar getirmesini temenni ederek, \u015eubat ay\u0131nda Anavatan T\u00fcrkiye\u2019de meydana gelen deprem felaketinde hayat\u0131n\u0131 kaybedenlere bir kez daha rahmet, yak\u0131nlar\u0131na ba\u015fsa\u011fl\u0131\u011f\u0131 diledi. Bakan \u015ean, Kadir Gecesi dolay\u0131s\u0131yla mesaj yay\u0131mlad\u0131. \u015ean mesaj\u0131nda \u015fu ifadelere yer verdi: \u201cBa\u015f\u0131 rahmet, ortas\u0131 ma\u011ffiret,\" \/>\n<meta property=\"og:url\" content=\"https:\/\/kibrisdakik.com\/?p=5305\" \/>\n<meta property=\"article:published_time\" content=\"2023-04-17T15:28:03+00:00\" \/>\n<meta property=\"og:image\" content=\"https:\/\/kibrisdakik.com\/wp-content\/uploads\/2023\/04\/maliye-bakani-alisan-san-kadir-gecesi-dolayisiyla-mesaj-yayimladi-740x420.jpg\" \/>\n\t<meta property=\"og:image:width\" content=\"1024\" \/>\n\t<meta property=\"og:image:height\" content=\"668\" \/>\n\t<meta property=\"og:image:type\" content=\"image\/jpeg\" \/>\n<meta name=\"author\" content=\"admin\" \/>\n<meta name=\"twitter:card\" content=\"summary_large_image\" \/>\n<meta name=\"twitter:label1\" content=\"Yazan:\" \/>\n\t<meta name=\"twitter:data1\" content=\"admin\" \/>\n\t<meta name=\"twitter:label2\" content=\"Tahmini okuma s\u00fcresi\" \/>\n\t<meta name=\"twitter:data2\" content=\"1 dakika\" \/>\n<script type=\"application\/ld+json\" class=\"yoast-schema-graph\">{\"@context\":\"https:\\\/\\\/schema.org\",\"@graph\":[{\"@type\":\"Article\",\"@id\":\"https:\\\/\\\/kibrisdakik.com\\\/?p=5305#article\",\"isPartOf\":{\"@id\":\"https:\\\/\\\/kibrisdakik.com\\\/?p=5305\"},\"author\":{\"name\":\"admin\",\"@id\":\"https:\\\/\\\/kibrisdakik.com\\\/#\\\/schema\\\/person\\\/9cd9d437bbb44f72b73ba127e06d8e79\"},\"headline\":\"Maliye Bakan\u0131 \u015ean, Kadir Gecesi dolay\u0131s\u0131yla mesaj yay\u0131mlad\u0131\",\"datePublished\":\"2023-04-17T15:28:03+00:00\",\"mainEntityOfPage\":{\"@id\":\"https:\\\/\\\/kibrisdakik.com\\\/?p=5305\"},\"wordCount\":217,\"commentCount\":0,\"image\":{\"@id\":\"https:\\\/\\\/kibrisdakik.com\\\/?p=5305#primaryimage\"},\"thumbnailUrl\":\"https:\\\/\\\/kibrisdakik.com\\\/wp-content\\\/uploads\\\/2023\\\/04\\\/maliye-bakani-alisan-san-kadir-gecesi-dolayisiyla-mesaj-yayimladi-740x420.jpg\",\"articleSection\":[\"G\u00fcndem\"],\"inLanguage\":\"tr\",\"potentialAction\":[{\"@type\":\"CommentAction\",\"name\":\"Comment\",\"target\":[\"https:\\\/\\\/kibrisdakik.com\\\/?p=5305#respond\"]}]},{\"@type\":\"WebPage\",\"@id\":\"https:\\\/\\\/kibrisdakik.com\\\/?p=5305\",\"url\":\"https:\\\/\\\/kibrisdakik.com\\\/?p=5305\",\"name\":\"Maliye Bakan\u0131 \u015ean, Kadir Gecesi dolay\u0131s\u0131yla mesaj yay\u0131mlad\u0131 -\",\"isPartOf\":{\"@id\":\"https:\\\/\\\/kibrisdakik.com\\\/#website\"},\"primaryImageOfPage\":{\"@id\":\"https:\\\/\\\/kibrisdakik.com\\\/?p=5305#primaryimage\"},\"image\":{\"@id\":\"https:\\\/\\\/kibrisdakik.com\\\/?p=5305#primaryimage\"},\"thumbnailUrl\":\"https:\\\/\\\/kibrisdakik.com\\\/wp-content\\\/uploads\\\/2023\\\/04\\\/maliye-bakani-alisan-san-kadir-gecesi-dolayisiyla-mesaj-yayimladi-740x420.jpg\",\"datePublished\":\"2023-04-17T15:28:03+00:00\",\"author\":{\"@id\":\"https:\\\/\\\/kibrisdakik.com\\\/#\\\/schema\\\/person\\\/9cd9d437bbb44f72b73ba127e06d8e79\"},\"breadcrumb\":{\"@id\":\"https:\\\/\\\/kibrisdakik.com\\\/?p=5305#breadcrumb\"},\"inLanguage\":\"tr\",\"potentialAction\":[{\"@type\":\"ReadAction\",\"target\":[\"https:\\\/\\\/kibrisdakik.com\\\/?p=5305\"]}]},{\"@type\":\"ImageObject\",\"inLanguage\":\"tr\",\"@id\":\"https:\\\/\\\/kibrisdakik.com\\\/?p=5305#primaryimage\",\"url\":\"https:\\\/\\\/kibrisdakik.com\\\/wp-content\\\/uploads\\\/2023\\\/04\\\/maliye-bakani-alisan-san-kadir-gecesi-dolayisiyla-mesaj-yayimladi-740x420.jpg\",\"contentUrl\":\"https:\\\/\\\/kibrisdakik.com\\\/wp-content\\\/uploads\\\/2023\\\/04\\\/maliye-bakani-alisan-san-kadir-gecesi-dolayisiyla-mesaj-yayimladi-740x420.jpg\",\"width\":1024,\"height\":668},{\"@type\":\"BreadcrumbList\",\"@id\":\"https:\\\/\\\/kibrisdakik.com\\\/?p=5305#breadcrumb\",\"itemListElement\":[{\"@type\":\"ListItem\",\"position\":1,\"name\":\"Home\",\"item\":\"https:\\\/\\\/kibrisdakik.com\\\/\"},{\"@type\":\"ListItem\",\"position\":2,\"name\":\"Maliye Bakan\u0131 \u015ean, Kadir Gecesi dolay\u0131s\u0131yla mesaj yay\u0131mlad\u0131\"}]},{\"@type\":\"WebSite\",\"@id\":\"https:\\\/\\\/kibrisdakik.com\\\/#website\",\"url\":\"https:\\\/\\\/kibrisdakik.com\\\/\",\"name\":\"\",\"description\":\"Tam vaktinde haber\",\"potentialAction\":[{\"@type\":\"SearchAction\",\"target\":{\"@type\":\"EntryPoint\",\"urlTemplate\":\"https:\\\/\\\/kibrisdakik.com\\\/?s={search_term_string}\"},\"query-input\":{\"@type\":\"PropertyValueSpecification\",\"valueRequired\":true,\"valueName\":\"search_term_string\"}}],\"inLanguage\":\"tr\"},{\"@type\":\"Person\",\"@id\":\"https:\\\/\\\/kibrisdakik.com\\\/#\\\/schema\\\/person\\\/9cd9d437bbb44f72b73ba127e06d8e79\",\"name\":\"admin\",\"image\":{\"@type\":\"ImageObject\",\"inLanguage\":\"tr\",\"@id\":\"https:\\\/\\\/secure.gravatar.com\\\/avatar\\\/ccc17943b9d660506c869530f897617f7cb1c21a4bf30023f252596d83e1f007?s=96&d=mm&r=g\",\"url\":\"https:\\\/\\\/secure.gravatar.com\\\/avatar\\\/ccc17943b9d660506c869530f897617f7cb1c21a4bf30023f252596d83e1f007?s=96&d=mm&r=g\",\"contentUrl\":\"https:\\\/\\\/secure.gravatar.com\\\/avatar\\\/ccc17943b9d660506c869530f897617f7cb1c21a4bf30023f252596d83e1f007?s=96&d=mm&r=g\",\"caption\":\"admin\"},\"sameAs\":[\"https:\\\/\\\/kibrisdakik.com\"],\"url\":\"https:\\\/\\\/kibrisdakik.com\\\/?author=1\"}]}<\/script>\n<!-- \/ Yoast SEO plugin. -->","yoast_head_json":{"title":"Maliye Bakan\u0131 \u015ean, Kadir Gecesi dolay\u0131s\u0131yla mesaj yay\u0131mlad\u0131 -","robots":{"index":"index","follow":"follow","max-snippet":"max-snippet:-1","max-image-preview":"max-image-preview:large","max-video-preview":"max-video-preview:-1"},"canonical":"https:\/\/kibrisdakik.com\/?p=5305","og_locale":"tr_TR","og_type":"article","og_title":"Maliye Bakan\u0131 \u015ean, Kadir Gecesi dolay\u0131s\u0131yla mesaj yay\u0131mlad\u0131 -","og_description":"Maliye Bakan\u0131 Ali\u015fan \u015ean, bin aydan daha hay\u0131rl\u0131 olan Kadir Gecesi\u2019nin \u00fclkeye, millete ve t\u00fcm \u0130slam \u00e2lemine hay\u0131rlar getirmesini temenni ederek, \u015eubat ay\u0131nda Anavatan T\u00fcrkiye\u2019de meydana gelen deprem felaketinde hayat\u0131n\u0131 kaybedenlere bir kez daha rahmet, yak\u0131nlar\u0131na ba\u015fsa\u011fl\u0131\u011f\u0131 diledi. Bakan \u015ean, Kadir Gecesi dolay\u0131s\u0131yla mesaj yay\u0131mlad\u0131. \u015ean mesaj\u0131nda \u015fu ifadelere yer verdi: \u201cBa\u015f\u0131 rahmet, ortas\u0131 ma\u011ffiret,","og_url":"https:\/\/kibrisdakik.com\/?p=5305","article_published_time":"2023-04-17T15:28:03+00:00","og_image":[{"width":1024,"height":668,"url":"https:\/\/kibrisdakik.com\/wp-content\/uploads\/2023\/04\/maliye-bakani-alisan-san-kadir-gecesi-dolayisiyla-mesaj-yayimladi-740x420.jpg","type":"image\/jpeg"}],"author":"admin","twitter_card":"summary_large_image","twitter_misc":{"Yazan:":"admin","Tahmini okuma s\u00fcresi":"1 dakika"},"schema":{"@context":"https:\/\/schema.org","@graph":[{"@type":"Article","@id":"https:\/\/kibrisdakik.com\/?p=5305#article","isPartOf":{"@id":"https:\/\/kibrisdakik.com\/?p=5305"},"author":{"name":"admin","@id":"https:\/\/kibrisdakik.com\/#\/schema\/person\/9cd9d437bbb44f72b73ba127e06d8e79"},"headline":"Maliye Bakan\u0131 \u015ean, Kadir Gecesi dolay\u0131s\u0131yla mesaj yay\u0131mlad\u0131","datePublished":"2023-04-17T15:28:03+00:00","mainEntityOfPage":{"@id":"https:\/\/kibrisdakik.com\/?p=5305"},"wordCount":217,"commentCount":0,"image":{"@id":"https:\/\/kibrisdakik.com\/?p=5305#primaryimage"},"thumbnailUrl":"https:\/\/kibrisdakik.com\/wp-content\/uploads\/2023\/04\/maliye-bakani-alisan-san-kadir-gecesi-dolayisiyla-mesaj-yayimladi-740x420.jpg","articleSection":["G\u00fcndem"],"inLanguage":"tr","potentialAction":[{"@type":"CommentAction","name":"Comment","target":["https:\/\/kibrisdakik.com\/?p=5305#respond"]}]},{"@type":"WebPage","@id":"https:\/\/kibrisdakik.com\/?p=5305","url":"https:\/\/kibrisdakik.com\/?p=5305","name":"Maliye Bakan\u0131 \u015ean, Kadir Gecesi dolay\u0131s\u0131yla mesaj yay\u0131mlad\u0131 -","isPartOf":{"@id":"https:\/\/kibrisdakik.com\/#website"},"primaryImageOfPage":{"@id":"https:\/\/kibrisdakik.com\/?p=5305#primaryimage"},"image":{"@id":"https:\/\/kibrisdakik.com\/?p=5305#primaryimage"},"thumbnailUrl":"https:\/\/kibrisdakik.com\/wp-content\/uploads\/2023\/04\/maliye-bakani-alisan-san-kadir-gecesi-dolayisiyla-mesaj-yayimladi-740x420.jpg","datePublished":"2023-04-17T15:28:03+00:00","author":{"@id":"https:\/\/kibrisdakik.com\/#\/schema\/person\/9cd9d437bbb44f72b73ba127e06d8e79"},"breadcrumb":{"@id":"https:\/\/kibrisdakik.com\/?p=5305#breadcrumb"},"inLanguage":"tr","potentialAction":[{"@type":"ReadAction","target":["https:\/\/kibrisdakik.com\/?p=5305"]}]},{"@type":"ImageObject","inLanguage":"tr","@id":"https:\/\/kibrisdakik.com\/?p=5305#primaryimage","url":"https:\/\/kibrisdakik.com\/wp-content\/uploads\/2023\/04\/maliye-bakani-alisan-san-kadir-gecesi-dolayisiyla-mesaj-yayimladi-740x420.jpg","contentUrl":"https:\/\/kibrisdakik.com\/wp-content\/uploads\/2023\/04\/maliye-bakani-alisan-san-kadir-gecesi-dolayisiyla-mesaj-yayimladi-740x420.jpg","width":1024,"height":668},{"@type":"BreadcrumbList","@id":"https:\/\/kibrisdakik.com\/?p=5305#breadcrumb","itemListElement":[{"@type":"ListItem","position":1,"name":"Home","item":"https:\/\/kibrisdakik.com\/"},{"@type":"ListItem","position":2,"name":"Maliye Bakan\u0131 \u015ean, Kadir Gecesi dolay\u0131s\u0131yla mesaj yay\u0131mlad\u0131"}]},{"@type":"WebSite","@id":"https:\/\/kibrisdakik.com\/#website","url":"https:\/\/kibrisdakik.com\/","name":"","description":"Tam vaktinde haber","potentialAction":[{"@type":"SearchAction","target":{"@type":"EntryPoint","urlTemplate":"https:\/\/kibrisdakik.com\/?s={search_term_string}"},"query-input":{"@type":"PropertyValueSpecification","valueRequired":true,"valueName":"search_term_string"}}],"inLanguage":"tr"},{"@type":"Person","@id":"https:\/\/kibrisdakik.com\/#\/schema\/person\/9cd9d437bbb44f72b73ba127e06d8e79","name":"admin","image":{"@type":"ImageObject","inLanguage":"tr","@id":"https:\/\/secure.gravatar.com\/avatar\/ccc17943b9d660506c869530f897617f7cb1c21a4bf30023f252596d83e1f007?s=96&d=mm&r=g","url":"https:\/\/secure.gravatar.com\/avatar\/ccc17943b9d660506c869530f897617f7cb1c21a4bf30023f252596d83e1f007?s=96&d=mm&r=g","contentUrl":"https:\/\/secure.gravatar.com\/avatar\/ccc17943b9d660506c869530f897617f7cb1c21a4bf30023f252596d83e1f007?s=96&d=mm&r=g","caption":"admin"},"sameAs":["https:\/\/kibrisdakik.com"],"url":"https:\/\/kibrisdakik.com\/?author=1"}]}},"_links":{"self":[{"href":"https:\/\/kibrisdakik.com\/index.php?rest_route=\/wp\/v2\/posts\/5305","targetHints":{"allow":["GET"]}}],"collection":[{"href":"https:\/\/kibrisdakik.com\/index.php?rest_route=\/wp\/v2\/posts"}],"about":[{"href":"https:\/\/kibrisdakik.com\/index.php?rest_route=\/wp\/v2\/types\/post"}],"author":[{"embeddable":true,"href":"https:\/\/kibrisdakik.com\/index.php?rest_route=\/wp\/v2\/users\/1"}],"replies":[{"embeddable":true,"href":"https:\/\/kibrisdakik.com\/index.php?rest_route=%2Fwp%2Fv2%2Fcomments&post=5305"}],"version-history":[{"count":0,"href":"https:\/\/kibrisdakik.com\/index.php?rest_route=\/wp\/v2\/posts\/5305\/revisions"}],"wp:featuredmedia":[{"embeddable":true,"href":"https:\/\/kibrisdakik.com\/index.php?rest_route=\/wp\/v2\/media\/5306"}],"wp:attachment":[{"href":"https:\/\/kibrisdakik.com\/index.php?rest_route=%2Fwp%2Fv2%2Fmedia&parent=5305"}],"wp:term":[{"taxonomy":"category","embeddable":true,"href":"https:\/\/kibrisdakik.com\/index.php?rest_route=%2Fwp%2Fv2%2Fcategories&post=5305"},{"taxonomy":"post_tag","embeddable":true,"href":"https:\/\/kibrisdakik.com\/index.php?rest_route=%2Fwp%2Fv2%2Ftags&post=5305"}],"curies":[{"name":"wp","href":"https:\/\/api.w.org\/{rel}","templated":true}]}}