{"id":53127,"date":"2024-08-08T07:26:04","date_gmt":"2024-08-08T04:26:04","guid":{"rendered":"https:\/\/kibrisdakik.com\/index.php\/2024\/08\/08\/20-hava-yolu-sirketi-israile-ucuslari-askiya-aldi\/"},"modified":"2024-08-08T07:26:04","modified_gmt":"2024-08-08T04:26:04","slug":"20-hava-yolu-sirketi-israile-ucuslari-askiya-aldi","status":"publish","type":"post","link":"https:\/\/kibrisdakik.com\/?p=53127","title":{"rendered":"20 hava yolu \u015firketi \u0130srail\u2019e u\u00e7u\u015flar\u0131 ask\u0131ya ald\u0131"},"content":{"rendered":"<p><\/p>\n<div>\n<div class=\"mariselle-image-container center\">\n                <img loading=\"lazy\" decoding=\"async\" width=\"1280\" height=\"720\" class=\"lazy-image\" alt=\"\" sizes=\"auto, (max-width: 1280px) 100vw, 1280px\" src=\"https:\/\/brtk.net\/wp-content\/uploads\/2024\/07\/11\/ucak-aa-1508968.jpg?ver=49bfeef9b29211170b8e5e16ba4b19ca\" srcset=\"https:\/\/brtk.net\/wp-content\/uploads\/2024\/07\/11\/ucak-aa-1508968.jpg?ver=49bfeef9b29211170b8e5e16ba4b19ca 1280w, https:\/\/brtk.net\/wp-content\/uploads\/2024\/07\/11\/ucak-aa-1508968-300x169.jpg?ver=41240b43276cb68a6250ba3a057b2387 300w, https:\/\/brtk.net\/wp-content\/uploads\/2024\/07\/11\/ucak-aa-1508968-1024x576.jpg?ver=41240b43276cb68a6250ba3a057b2387 1024w, https:\/\/brtk.net\/wp-content\/uploads\/2024\/07\/11\/ucak-aa-1508968-768x432.jpg?ver=41240b43276cb68a6250ba3a057b2387 768w\"\/>                            <\/div>\n<p>\u0130srail bas\u0131n\u0131, \u00fclkeye gidi\u015f-d\u00f6n\u00fc\u015f u\u00e7u\u015flar\u0131n\u0131 ask\u0131ya alan yabanc\u0131 hava yolu \u015firketi say\u0131s\u0131n\u0131n 20\u2019ye ula\u015ft\u0131\u011f\u0131n\u0131 duyurdu.<\/p>\n<p>\u0130srail\u2019de yay\u0131n yapan Kanal 12\u2019nin haberinde, Orta Do\u011fu\u2019da artan g\u00fcvenlik gerilimleri nedeniyle \u0130srail\u2019e gidi\u015f-d\u00f6n\u00fc\u015f u\u00e7u\u015flar\u0131n\u0131 ask\u0131ya alan yabanc\u0131 hava yolu \u015firketi say\u0131s\u0131n\u0131n artt\u0131\u011f\u0131, daha \u00f6nce u\u00e7u\u015flar\u0131 durduran \u015firketlerin ise ald\u0131klar\u0131 karar\u0131n s\u00fcresini uzatt\u0131\u011f\u0131 belirtildi.<\/p>\n<p>D\u00f6n\u00fc\u015f u\u00e7u\u015fu olmad\u0131\u011f\u0131 i\u00e7in \u00fclke d\u0131\u015f\u0131nda mahsur kalan \u0130srail vatanda\u015flar\u0131n\u0131n say\u0131s\u0131n\u0131n 150 bin civar\u0131nda oldu\u011funun tahmin edildi\u011fi kaydedildi.<\/p>\n<p>Haberde, \u0130rlanda merkezli hava yolu \u015firketi Ryanair\u2019in 8 A\u011fustos\u2019a, \u0130spanya merkezli Air <a href=\"https:\/\/brtk.net\/\">Euro<\/a>pa ve Bulgaristan merkezli Bulgaria Air\u2019in 9 A\u011fustos\u2019a, \u0130talya\u2019n\u0131n bayrak ta\u015f\u0131y\u0131c\u0131 hava yolu \u015firketi ITA ile H\u0131rvatistan merkezli Croatia Hava Yollar\u0131\u2019n\u0131n 10 A\u011fustos\u2019a kadar \u0130srail\u2019e u\u00e7u\u015flar\u0131n\u0131 ask\u0131ya ald\u0131\u011f\u0131 aktar\u0131ld\u0131.<\/p>\n<p>Letonya merkezli AirBaltic, Hindistan merkezli AirIndia ve \u0130spanya merkezli Iberia Express\u2019in 11 A\u011fustos\u2019a kadar, Polonya ulusal hava yolu \u015firketi LOT\u2019un da 12 A\u011fustos\u2019a kadar \u0130srail u\u00e7u\u015flar\u0131n\u0131 durdurdu\u011fu belirtildi.<\/p>\n<p>Romanya merkezli hava yolu \u015firketi Tarom, Alman hava yolu \u015firketi Lufthansa, \u0130svi\u00e7re Uluslararas\u0131 Hava Yollar\u0131 (Swiss), Avusturya ulusal hava yolu firmas\u0131 Avusturya Hava Yollar\u0131, Br\u00fcksel Hava Yollar\u0131 ve Almanya merkezli hava yolu \u015firketi <a href=\"https:\/\/brtk.net\/\">Euro<\/a>wings\u2019in de 13 A\u011fustos\u2019a kadar \u0130srail\u2019e u\u00e7u\u015flar\u0131n\u0131 ask\u0131ya ald\u0131\u011f\u0131 aktar\u0131ld\u0131.<\/p>\n<p>Yunanistan merkezli Aegean Hava Yollar\u0131\u2019n\u0131n 14 A\u011fustos\u2019a, ABD merkezli Delta Hava Yollar\u0131\u2019n\u0131n 31 A\u011fustos\u2019a ve \u0130ngiltere merkezli EasyJet\u2019in 29 Mart 2025\u2019e kadar \u0130srail\u2019e gidi\u015f-d\u00f6n\u00fc\u015f u\u00e7u\u015f ger\u00e7ekle\u015ftirmeyece\u011fi ifade edildi.<\/p>\n<p>ABD merkezli United Hava Yollar\u0131 ile \u0130spanya merkezli Vueling Hava Yollar\u0131\u2019n\u0131n da bir sonraki duyuruya kadar \u0130srail u\u00e7u\u015flar\u0131n\u0131 ask\u0131ya ald\u0131\u011f\u0131 bilgisine yer verildi.<\/p>\n<p>\u0130srail ordusunun 30 Temmuz\u2019da L\u00fcbnan\u2019a d\u00fczenledi\u011fi sald\u0131r\u0131da Hizbullah Hareketi\u2019nin \u00fcst d\u00fczey komutanlar\u0131ndan Fuad \u015e\u00fck\u00fcr\u2019\u00fcn \u00f6ld\u00fcr\u00fclmesi ve 31 Temmuz\u2019da da Hamas Siyasi B\u00fcro Ba\u015fkan\u0131 \u0130smail Heniyye\u2019nin Tahran\u2019da suikasta u\u011framas\u0131 b\u00f6lgede \u00e7at\u0131\u015fman\u0131n geni\u015fleyece\u011fi yorumlar\u0131na neden oluyor.<\/p>\n<p>\u0130srail, Heniyye suikast\u0131n\u0131 \u00fcstlenmese de \u0130ran ve Hamas, sald\u0131r\u0131dan \u0130srail\u2019i sorumlu tutuyor.<\/p>\n<p>\u0130ran ve Hizbullah, s\u00f6z konusu suikastlara \u201cetkili ve g\u00fc\u00e7l\u00fc\u201d kar\u015f\u0131l\u0131k verece\u011fini duyururken, b\u00f6lgesel ve uluslararas\u0131 \u00e7evreler, durumu sakinle\u015ftirmek ve b\u00f6lgenin daha k\u00f6t\u00fcye gitmesini engellemek i\u00e7in \u00e7aba g\u00f6steriyor.<\/p>\n<\/p><\/div>\n<p><script async\n                    defer\n                    crossorigin=\"anonymous\"\n                    src=\"https:\/\/connect.facebook.net\/tr_TR\/sdk.js#xfbml=1&#038;version=v3.3\"\n            ><\/script><\/p>\n","protected":false},"excerpt":{"rendered":"<p>\u0130srail bas\u0131n\u0131, \u00fclkeye gidi\u015f-d\u00f6n\u00fc\u015f u\u00e7u\u015flar\u0131n\u0131 ask\u0131ya alan yabanc\u0131 hava yolu \u015firketi say\u0131s\u0131n\u0131n 20\u2019ye ula\u015ft\u0131\u011f\u0131n\u0131 duyurdu. \u0130srail\u2019de yay\u0131n yapan Kanal 12\u2019nin haberinde, Orta Do\u011fu\u2019da artan g\u00fcvenlik gerilimleri nedeniyle \u0130srail\u2019e gidi\u015f-d\u00f6n\u00fc\u015f u\u00e7u\u015flar\u0131n\u0131 ask\u0131ya alan yabanc\u0131 hava yolu \u015firketi say\u0131s\u0131n\u0131n artt\u0131\u011f\u0131, daha \u00f6nce u\u00e7u\u015flar\u0131 durduran \u015firketlerin ise ald\u0131klar\u0131 karar\u0131n s\u00fcresini uzatt\u0131\u011f\u0131 belirtildi. D\u00f6n\u00fc\u015f u\u00e7u\u015fu olmad\u0131\u011f\u0131 i\u00e7in \u00fclke d\u0131\u015f\u0131nda<\/p>\n","protected":false},"author":1,"featured_media":53128,"comment_status":"open","ping_status":"open","sticky":false,"template":"","format":"standard","meta":{"footnotes":""},"categories":[1],"tags":[],"class_list":["post-53127","post","type-post","status-publish","format-standard","has-post-thumbnail","hentry","category-gundem"],"yoast_head":"<!-- This site is optimized with the Yoast SEO plugin v27.4 - https:\/\/yoast.com\/product\/yoast-seo-wordpress\/ -->\n<title>20 hava yolu \u015firketi \u0130srail\u2019e u\u00e7u\u015flar\u0131 ask\u0131ya ald\u0131 -<\/title>\n<meta name=\"robots\" content=\"index, follow, max-snippet:-1, max-image-preview:large, max-video-preview:-1\" \/>\n<link rel=\"canonical\" href=\"https:\/\/kibrisdakik.com\/?p=53127\" \/>\n<meta property=\"og:locale\" content=\"tr_TR\" \/>\n<meta property=\"og:type\" content=\"article\" \/>\n<meta property=\"og:title\" content=\"20 hava yolu \u015firketi \u0130srail\u2019e u\u00e7u\u015flar\u0131 ask\u0131ya ald\u0131 -\" \/>\n<meta property=\"og:description\" content=\"\u0130srail bas\u0131n\u0131, \u00fclkeye gidi\u015f-d\u00f6n\u00fc\u015f u\u00e7u\u015flar\u0131n\u0131 ask\u0131ya alan yabanc\u0131 hava yolu \u015firketi say\u0131s\u0131n\u0131n 20\u2019ye ula\u015ft\u0131\u011f\u0131n\u0131 duyurdu. \u0130srail\u2019de yay\u0131n yapan Kanal 12\u2019nin haberinde, Orta Do\u011fu\u2019da artan g\u00fcvenlik gerilimleri nedeniyle \u0130srail\u2019e gidi\u015f-d\u00f6n\u00fc\u015f u\u00e7u\u015flar\u0131n\u0131 ask\u0131ya alan yabanc\u0131 hava yolu \u015firketi say\u0131s\u0131n\u0131n artt\u0131\u011f\u0131, daha \u00f6nce u\u00e7u\u015flar\u0131 durduran \u015firketlerin ise ald\u0131klar\u0131 karar\u0131n s\u00fcresini uzatt\u0131\u011f\u0131 belirtildi. D\u00f6n\u00fc\u015f u\u00e7u\u015fu olmad\u0131\u011f\u0131 i\u00e7in \u00fclke d\u0131\u015f\u0131nda\" \/>\n<meta property=\"og:url\" content=\"https:\/\/kibrisdakik.com\/?p=53127\" \/>\n<meta property=\"article:published_time\" content=\"2024-08-08T04:26:04+00:00\" \/>\n<meta property=\"og:image\" content=\"https:\/\/kibrisdakik.com\/wp-content\/uploads\/2024\/08\/ucak-aa-1508968-740x420.jpg\" \/>\n\t<meta property=\"og:image:width\" content=\"1280\" \/>\n\t<meta property=\"og:image:height\" content=\"720\" \/>\n\t<meta property=\"og:image:type\" content=\"image\/jpeg\" \/>\n<meta name=\"author\" content=\"admin\" \/>\n<meta name=\"twitter:card\" content=\"summary_large_image\" \/>\n<meta name=\"twitter:label1\" content=\"Yazan:\" \/>\n\t<meta name=\"twitter:data1\" content=\"admin\" \/>\n\t<meta name=\"twitter:label2\" content=\"Tahmini okuma s\u00fcresi\" \/>\n\t<meta name=\"twitter:data2\" content=\"2 dakika\" \/>\n<script type=\"application\/ld+json\" class=\"yoast-schema-graph\">{\"@context\":\"https:\\\/\\\/schema.org\",\"@graph\":[{\"@type\":\"Article\",\"@id\":\"https:\\\/\\\/kibrisdakik.com\\\/?p=53127#article\",\"isPartOf\":{\"@id\":\"https:\\\/\\\/kibrisdakik.com\\\/?p=53127\"},\"author\":{\"name\":\"admin\",\"@id\":\"https:\\\/\\\/kibrisdakik.com\\\/#\\\/schema\\\/person\\\/9cd9d437bbb44f72b73ba127e06d8e79\"},\"headline\":\"20 hava yolu \u015firketi \u0130srail\u2019e u\u00e7u\u015flar\u0131 ask\u0131ya ald\u0131\",\"datePublished\":\"2024-08-08T04:26:04+00:00\",\"mainEntityOfPage\":{\"@id\":\"https:\\\/\\\/kibrisdakik.com\\\/?p=53127\"},\"wordCount\":454,\"commentCount\":0,\"image\":{\"@id\":\"https:\\\/\\\/kibrisdakik.com\\\/?p=53127#primaryimage\"},\"thumbnailUrl\":\"https:\\\/\\\/kibrisdakik.com\\\/wp-content\\\/uploads\\\/2024\\\/08\\\/ucak-aa-1508968-740x420.jpg\",\"articleSection\":[\"G\u00fcndem\"],\"inLanguage\":\"tr\",\"potentialAction\":[{\"@type\":\"CommentAction\",\"name\":\"Comment\",\"target\":[\"https:\\\/\\\/kibrisdakik.com\\\/?p=53127#respond\"]}]},{\"@type\":\"WebPage\",\"@id\":\"https:\\\/\\\/kibrisdakik.com\\\/?p=53127\",\"url\":\"https:\\\/\\\/kibrisdakik.com\\\/?p=53127\",\"name\":\"20 hava yolu \u015firketi \u0130srail\u2019e u\u00e7u\u015flar\u0131 ask\u0131ya ald\u0131 -\",\"isPartOf\":{\"@id\":\"https:\\\/\\\/kibrisdakik.com\\\/#website\"},\"primaryImageOfPage\":{\"@id\":\"https:\\\/\\\/kibrisdakik.com\\\/?p=53127#primaryimage\"},\"image\":{\"@id\":\"https:\\\/\\\/kibrisdakik.com\\\/?p=53127#primaryimage\"},\"thumbnailUrl\":\"https:\\\/\\\/kibrisdakik.com\\\/wp-content\\\/uploads\\\/2024\\\/08\\\/ucak-aa-1508968-740x420.jpg\",\"datePublished\":\"2024-08-08T04:26:04+00:00\",\"author\":{\"@id\":\"https:\\\/\\\/kibrisdakik.com\\\/#\\\/schema\\\/person\\\/9cd9d437bbb44f72b73ba127e06d8e79\"},\"breadcrumb\":{\"@id\":\"https:\\\/\\\/kibrisdakik.com\\\/?p=53127#breadcrumb\"},\"inLanguage\":\"tr\",\"potentialAction\":[{\"@type\":\"ReadAction\",\"target\":[\"https:\\\/\\\/kibrisdakik.com\\\/?p=53127\"]}]},{\"@type\":\"ImageObject\",\"inLanguage\":\"tr\",\"@id\":\"https:\\\/\\\/kibrisdakik.com\\\/?p=53127#primaryimage\",\"url\":\"https:\\\/\\\/kibrisdakik.com\\\/wp-content\\\/uploads\\\/2024\\\/08\\\/ucak-aa-1508968-740x420.jpg\",\"contentUrl\":\"https:\\\/\\\/kibrisdakik.com\\\/wp-content\\\/uploads\\\/2024\\\/08\\\/ucak-aa-1508968-740x420.jpg\",\"width\":1280,\"height\":720},{\"@type\":\"BreadcrumbList\",\"@id\":\"https:\\\/\\\/kibrisdakik.com\\\/?p=53127#breadcrumb\",\"itemListElement\":[{\"@type\":\"ListItem\",\"position\":1,\"name\":\"Home\",\"item\":\"https:\\\/\\\/kibrisdakik.com\\\/\"},{\"@type\":\"ListItem\",\"position\":2,\"name\":\"20 hava yolu \u015firketi \u0130srail\u2019e u\u00e7u\u015flar\u0131 ask\u0131ya ald\u0131\"}]},{\"@type\":\"WebSite\",\"@id\":\"https:\\\/\\\/kibrisdakik.com\\\/#website\",\"url\":\"https:\\\/\\\/kibrisdakik.com\\\/\",\"name\":\"\",\"description\":\"Tam vaktinde haber\",\"potentialAction\":[{\"@type\":\"SearchAction\",\"target\":{\"@type\":\"EntryPoint\",\"urlTemplate\":\"https:\\\/\\\/kibrisdakik.com\\\/?s={search_term_string}\"},\"query-input\":{\"@type\":\"PropertyValueSpecification\",\"valueRequired\":true,\"valueName\":\"search_term_string\"}}],\"inLanguage\":\"tr\"},{\"@type\":\"Person\",\"@id\":\"https:\\\/\\\/kibrisdakik.com\\\/#\\\/schema\\\/person\\\/9cd9d437bbb44f72b73ba127e06d8e79\",\"name\":\"admin\",\"image\":{\"@type\":\"ImageObject\",\"inLanguage\":\"tr\",\"@id\":\"https:\\\/\\\/secure.gravatar.com\\\/avatar\\\/ccc17943b9d660506c869530f897617f7cb1c21a4bf30023f252596d83e1f007?s=96&d=mm&r=g\",\"url\":\"https:\\\/\\\/secure.gravatar.com\\\/avatar\\\/ccc17943b9d660506c869530f897617f7cb1c21a4bf30023f252596d83e1f007?s=96&d=mm&r=g\",\"contentUrl\":\"https:\\\/\\\/secure.gravatar.com\\\/avatar\\\/ccc17943b9d660506c869530f897617f7cb1c21a4bf30023f252596d83e1f007?s=96&d=mm&r=g\",\"caption\":\"admin\"},\"sameAs\":[\"https:\\\/\\\/kibrisdakik.com\"],\"url\":\"https:\\\/\\\/kibrisdakik.com\\\/?author=1\"}]}<\/script>\n<!-- \/ Yoast SEO plugin. -->","yoast_head_json":{"title":"20 hava yolu \u015firketi \u0130srail\u2019e u\u00e7u\u015flar\u0131 ask\u0131ya ald\u0131 -","robots":{"index":"index","follow":"follow","max-snippet":"max-snippet:-1","max-image-preview":"max-image-preview:large","max-video-preview":"max-video-preview:-1"},"canonical":"https:\/\/kibrisdakik.com\/?p=53127","og_locale":"tr_TR","og_type":"article","og_title":"20 hava yolu \u015firketi \u0130srail\u2019e u\u00e7u\u015flar\u0131 ask\u0131ya ald\u0131 -","og_description":"\u0130srail bas\u0131n\u0131, \u00fclkeye gidi\u015f-d\u00f6n\u00fc\u015f u\u00e7u\u015flar\u0131n\u0131 ask\u0131ya alan yabanc\u0131 hava yolu \u015firketi say\u0131s\u0131n\u0131n 20\u2019ye ula\u015ft\u0131\u011f\u0131n\u0131 duyurdu. \u0130srail\u2019de yay\u0131n yapan Kanal 12\u2019nin haberinde, Orta Do\u011fu\u2019da artan g\u00fcvenlik gerilimleri nedeniyle \u0130srail\u2019e gidi\u015f-d\u00f6n\u00fc\u015f u\u00e7u\u015flar\u0131n\u0131 ask\u0131ya alan yabanc\u0131 hava yolu \u015firketi say\u0131s\u0131n\u0131n artt\u0131\u011f\u0131, daha \u00f6nce u\u00e7u\u015flar\u0131 durduran \u015firketlerin ise ald\u0131klar\u0131 karar\u0131n s\u00fcresini uzatt\u0131\u011f\u0131 belirtildi. D\u00f6n\u00fc\u015f u\u00e7u\u015fu olmad\u0131\u011f\u0131 i\u00e7in \u00fclke d\u0131\u015f\u0131nda","og_url":"https:\/\/kibrisdakik.com\/?p=53127","article_published_time":"2024-08-08T04:26:04+00:00","og_image":[{"width":1280,"height":720,"url":"https:\/\/kibrisdakik.com\/wp-content\/uploads\/2024\/08\/ucak-aa-1508968-740x420.jpg","type":"image\/jpeg"}],"author":"admin","twitter_card":"summary_large_image","twitter_misc":{"Yazan:":"admin","Tahmini okuma s\u00fcresi":"2 dakika"},"schema":{"@context":"https:\/\/schema.org","@graph":[{"@type":"Article","@id":"https:\/\/kibrisdakik.com\/?p=53127#article","isPartOf":{"@id":"https:\/\/kibrisdakik.com\/?p=53127"},"author":{"name":"admin","@id":"https:\/\/kibrisdakik.com\/#\/schema\/person\/9cd9d437bbb44f72b73ba127e06d8e79"},"headline":"20 hava yolu \u015firketi \u0130srail\u2019e u\u00e7u\u015flar\u0131 ask\u0131ya ald\u0131","datePublished":"2024-08-08T04:26:04+00:00","mainEntityOfPage":{"@id":"https:\/\/kibrisdakik.com\/?p=53127"},"wordCount":454,"commentCount":0,"image":{"@id":"https:\/\/kibrisdakik.com\/?p=53127#primaryimage"},"thumbnailUrl":"https:\/\/kibrisdakik.com\/wp-content\/uploads\/2024\/08\/ucak-aa-1508968-740x420.jpg","articleSection":["G\u00fcndem"],"inLanguage":"tr","potentialAction":[{"@type":"CommentAction","name":"Comment","target":["https:\/\/kibrisdakik.com\/?p=53127#respond"]}]},{"@type":"WebPage","@id":"https:\/\/kibrisdakik.com\/?p=53127","url":"https:\/\/kibrisdakik.com\/?p=53127","name":"20 hava yolu \u015firketi \u0130srail\u2019e u\u00e7u\u015flar\u0131 ask\u0131ya ald\u0131 -","isPartOf":{"@id":"https:\/\/kibrisdakik.com\/#website"},"primaryImageOfPage":{"@id":"https:\/\/kibrisdakik.com\/?p=53127#primaryimage"},"image":{"@id":"https:\/\/kibrisdakik.com\/?p=53127#primaryimage"},"thumbnailUrl":"https:\/\/kibrisdakik.com\/wp-content\/uploads\/2024\/08\/ucak-aa-1508968-740x420.jpg","datePublished":"2024-08-08T04:26:04+00:00","author":{"@id":"https:\/\/kibrisdakik.com\/#\/schema\/person\/9cd9d437bbb44f72b73ba127e06d8e79"},"breadcrumb":{"@id":"https:\/\/kibrisdakik.com\/?p=53127#breadcrumb"},"inLanguage":"tr","potentialAction":[{"@type":"ReadAction","target":["https:\/\/kibrisdakik.com\/?p=53127"]}]},{"@type":"ImageObject","inLanguage":"tr","@id":"https:\/\/kibrisdakik.com\/?p=53127#primaryimage","url":"https:\/\/kibrisdakik.com\/wp-content\/uploads\/2024\/08\/ucak-aa-1508968-740x420.jpg","contentUrl":"https:\/\/kibrisdakik.com\/wp-content\/uploads\/2024\/08\/ucak-aa-1508968-740x420.jpg","width":1280,"height":720},{"@type":"BreadcrumbList","@id":"https:\/\/kibrisdakik.com\/?p=53127#breadcrumb","itemListElement":[{"@type":"ListItem","position":1,"name":"Home","item":"https:\/\/kibrisdakik.com\/"},{"@type":"ListItem","position":2,"name":"20 hava yolu \u015firketi \u0130srail\u2019e u\u00e7u\u015flar\u0131 ask\u0131ya ald\u0131"}]},{"@type":"WebSite","@id":"https:\/\/kibrisdakik.com\/#website","url":"https:\/\/kibrisdakik.com\/","name":"","description":"Tam vaktinde haber","potentialAction":[{"@type":"SearchAction","target":{"@type":"EntryPoint","urlTemplate":"https:\/\/kibrisdakik.com\/?s={search_term_string}"},"query-input":{"@type":"PropertyValueSpecification","valueRequired":true,"valueName":"search_term_string"}}],"inLanguage":"tr"},{"@type":"Person","@id":"https:\/\/kibrisdakik.com\/#\/schema\/person\/9cd9d437bbb44f72b73ba127e06d8e79","name":"admin","image":{"@type":"ImageObject","inLanguage":"tr","@id":"https:\/\/secure.gravatar.com\/avatar\/ccc17943b9d660506c869530f897617f7cb1c21a4bf30023f252596d83e1f007?s=96&d=mm&r=g","url":"https:\/\/secure.gravatar.com\/avatar\/ccc17943b9d660506c869530f897617f7cb1c21a4bf30023f252596d83e1f007?s=96&d=mm&r=g","contentUrl":"https:\/\/secure.gravatar.com\/avatar\/ccc17943b9d660506c869530f897617f7cb1c21a4bf30023f252596d83e1f007?s=96&d=mm&r=g","caption":"admin"},"sameAs":["https:\/\/kibrisdakik.com"],"url":"https:\/\/kibrisdakik.com\/?author=1"}]}},"_links":{"self":[{"href":"https:\/\/kibrisdakik.com\/index.php?rest_route=\/wp\/v2\/posts\/53127","targetHints":{"allow":["GET"]}}],"collection":[{"href":"https:\/\/kibrisdakik.com\/index.php?rest_route=\/wp\/v2\/posts"}],"about":[{"href":"https:\/\/kibrisdakik.com\/index.php?rest_route=\/wp\/v2\/types\/post"}],"author":[{"embeddable":true,"href":"https:\/\/kibrisdakik.com\/index.php?rest_route=\/wp\/v2\/users\/1"}],"replies":[{"embeddable":true,"href":"https:\/\/kibrisdakik.com\/index.php?rest_route=%2Fwp%2Fv2%2Fcomments&post=53127"}],"version-history":[{"count":0,"href":"https:\/\/kibrisdakik.com\/index.php?rest_route=\/wp\/v2\/posts\/53127\/revisions"}],"wp:featuredmedia":[{"embeddable":true,"href":"https:\/\/kibrisdakik.com\/index.php?rest_route=\/wp\/v2\/media\/53128"}],"wp:attachment":[{"href":"https:\/\/kibrisdakik.com\/index.php?rest_route=%2Fwp%2Fv2%2Fmedia&parent=53127"}],"wp:term":[{"taxonomy":"category","embeddable":true,"href":"https:\/\/kibrisdakik.com\/index.php?rest_route=%2Fwp%2Fv2%2Fcategories&post=53127"},{"taxonomy":"post_tag","embeddable":true,"href":"https:\/\/kibrisdakik.com\/index.php?rest_route=%2Fwp%2Fv2%2Ftags&post=53127"}],"curies":[{"name":"wp","href":"https:\/\/api.w.org\/{rel}","templated":true}]}}