{"id":53337,"date":"2024-08-09T10:57:35","date_gmt":"2024-08-09T07:57:35","guid":{"rendered":"https:\/\/kibrisdakik.com\/index.php\/2024\/08\/09\/kuveytten-yemendeki-sel-felaketinden-etkilenenlere-165-bin-dolar-acil-yardim\/"},"modified":"2024-08-09T10:57:35","modified_gmt":"2024-08-09T07:57:35","slug":"kuveytten-yemendeki-sel-felaketinden-etkilenenlere-165-bin-dolar-acil-yardim","status":"publish","type":"post","link":"https:\/\/kibrisdakik.com\/?p=53337","title":{"rendered":"Kuveyt\u2019ten Yemen\u2019deki sel felaketinden etkilenenlere 165 bin dolar acil yard\u0131m"},"content":{"rendered":"<p><\/p>\n<div>\n<div class=\"mariselle-image-container center\">\n                <img loading=\"lazy\" decoding=\"async\" width=\"864\" height=\"486\" class=\"lazy-image\" alt=\"\" sizes=\"auto, (max-width: 864px) 100vw, 864px\" src=\"https:\/\/brtk.net\/wp-content\/uploads\/2024\/08\/09\/asfotgi.jpg?ver=5c5bbabeb23ec8093c8f11b9871e663c\" srcset=\"https:\/\/brtk.net\/wp-content\/uploads\/2024\/08\/09\/asfotgi.jpg?ver=5c5bbabeb23ec8093c8f11b9871e663c 864w, https:\/\/brtk.net\/wp-content\/uploads\/2024\/08\/09\/asfotgi-300x169.jpg?ver=5c5bbabeb23ec8093c8f11b9871e663c 300w, https:\/\/brtk.net\/wp-content\/uploads\/2024\/08\/09\/asfotgi-768x432.jpg?ver=5243f29dce4f7f668f07bb0e218550cc 768w\"\/>                            <\/div>\n<p>Kuveyt merkezli Necat Yard\u0131m Derne\u011fi, Yemen\u2019in bat\u0131s\u0131nda ya\u015fanan sel felaketinin ma\u011fdurlar\u0131na 165 bin <a href=\"https:\/\/brtk.net\/\">dolar<\/a> acil yard\u0131m sa\u011flanaca\u011f\u0131n\u0131 duyurdu.<\/p>\n<p>Kuveyt resmi haber ajans\u0131 KUNA, Necat Derne\u011fi\u2019nin halkla ili\u015fkiler ve bas\u0131ndan sorumlu yetkilisi Abdullah \u015eihab\u2019\u0131n derne\u011fin Yemen\u2019e yapaca\u011f\u0131 deste\u011fine ili\u015fkin a\u00e7\u0131klamas\u0131na yer verdi.<\/p>\n<p>\u015eihab, \u201cDernek, Yemen\u2019deki sel felaketinden etkilenenlere yakla\u015f\u0131k 50 bin dinar (yakla\u015f\u0131k 165 bin <a href=\"https:\/\/brtk.net\/\">dolar<\/a>) acil yard\u0131m sa\u011flayacak.\u201d dedi.<\/p>\n<p>S\u00f6z konusu yard\u0131m\u0131n derne\u011fin kriz ve afetler kar\u015f\u0131s\u0131nda ba\u015fta karde\u015f \u00fclkeler olmak \u00fczere \u00e7e\u015fitli \u00fclkelerde \u00fcstlendi\u011fi insani yard\u0131m \u00e7al\u0131\u015fmalar\u0131 kapsam\u0131nda ger\u00e7ekle\u015ftirilece\u011fine i\u015faret eden \u015eihab, \u201cYard\u0131mlar aras\u0131nda 1000 g\u0131da paketi, 250 \u00e7ad\u0131r, battaniye ve yatak; 250 i\u00e7me suyu deposu yer al\u0131yor.\u201d ifadesini kulland\u0131.<\/p>\n<p>Yemen Planlama ve Uluslararas\u0131 \u0130\u015fbirli\u011fi Bakanl\u0131\u011f\u0131ndan \u201cAcil Tehlike \u00c7a\u011fr\u0131s\u0131\u201d ba\u015fl\u0131\u011f\u0131yla yap\u0131lan yaz\u0131l\u0131 a\u00e7\u0131klamada, \u00fclkeler, finans kurumlar\u0131, uluslararas\u0131 ve insani kurulu\u015flar da dahil olmak \u00fczere t\u00fcm uluslararas\u0131 ve b\u00f6lgesel kurulu\u015flara, Yemen h\u00fck\u00fcmetine sel felaketinin sebep oldu\u011fu zararlarla m\u00fccadelede destek olma \u00e7a\u011fr\u0131s\u0131 yap\u0131lm\u0131\u015ft\u0131.<\/p>\n<p>A\u00e7\u0131klamada, \u015fiddetli ya\u011f\u0131\u015f\u0131n yol a\u00e7t\u0131\u011f\u0131 sel felaketinde altyap\u0131, kamu mallar\u0131 ve \u00f6zel m\u00fclkiyetin ciddi zarar g\u00f6rd\u00fc\u011f\u00fc kaydedilmi\u015fti.<\/p>\n<p>Yemen\u2019in bat\u0131s\u0131ndaki Taiz ve Hudeyde kentlerinde meydana gelen sel felaketinde 45 ki\u015fi hayat\u0131n\u0131 kaybetmi\u015fti.<\/p>\n<p>AA muhabirine konu\u015fan g\u00f6rg\u00fc tan\u0131klar\u0131, Hudeyde\u2019nin baz\u0131 b\u00f6lgelerinde meydana gelen ya\u011f\u0131\u015f\u0131n son 40 y\u0131l\u0131n en \u015fiddetli ya\u011f\u0131\u015f\u0131 oldu\u011funu belirtmi\u015fti.<\/p>\n<\/p><\/div>\n<p><script async\n                    defer\n                    crossorigin=\"anonymous\"\n                    src=\"https:\/\/connect.facebook.net\/tr_TR\/sdk.js#xfbml=1&#038;version=v3.3\"\n            ><\/script><\/p>\n","protected":false},"excerpt":{"rendered":"<p>Kuveyt merkezli Necat Yard\u0131m Derne\u011fi, Yemen\u2019in bat\u0131s\u0131nda ya\u015fanan sel felaketinin ma\u011fdurlar\u0131na 165 bin dolar acil yard\u0131m sa\u011flanaca\u011f\u0131n\u0131 duyurdu. Kuveyt resmi haber ajans\u0131 KUNA, Necat Derne\u011fi\u2019nin halkla ili\u015fkiler ve bas\u0131ndan sorumlu yetkilisi Abdullah \u015eihab\u2019\u0131n derne\u011fin Yemen\u2019e yapaca\u011f\u0131 deste\u011fine ili\u015fkin a\u00e7\u0131klamas\u0131na yer verdi. \u015eihab, \u201cDernek, Yemen\u2019deki sel felaketinden etkilenenlere yakla\u015f\u0131k 50 bin dinar (yakla\u015f\u0131k 165 bin dolar)<\/p>\n","protected":false},"author":1,"featured_media":53338,"comment_status":"open","ping_status":"open","sticky":false,"template":"","format":"standard","meta":{"footnotes":""},"categories":[1],"tags":[],"class_list":["post-53337","post","type-post","status-publish","format-standard","has-post-thumbnail","hentry","category-gundem"],"yoast_head":"<!-- This site is optimized with the Yoast SEO plugin v27.4 - https:\/\/yoast.com\/product\/yoast-seo-wordpress\/ -->\n<title>Kuveyt\u2019ten Yemen\u2019deki sel felaketinden etkilenenlere 165 bin dolar acil yard\u0131m -<\/title>\n<meta name=\"robots\" content=\"index, follow, max-snippet:-1, max-image-preview:large, max-video-preview:-1\" \/>\n<link rel=\"canonical\" href=\"https:\/\/kibrisdakik.com\/?p=53337\" \/>\n<meta property=\"og:locale\" content=\"tr_TR\" \/>\n<meta property=\"og:type\" content=\"article\" \/>\n<meta property=\"og:title\" content=\"Kuveyt\u2019ten Yemen\u2019deki sel felaketinden etkilenenlere 165 bin dolar acil yard\u0131m -\" \/>\n<meta property=\"og:description\" content=\"Kuveyt merkezli Necat Yard\u0131m Derne\u011fi, Yemen\u2019in bat\u0131s\u0131nda ya\u015fanan sel felaketinin ma\u011fdurlar\u0131na 165 bin dolar acil yard\u0131m sa\u011flanaca\u011f\u0131n\u0131 duyurdu. Kuveyt resmi haber ajans\u0131 KUNA, Necat Derne\u011fi\u2019nin halkla ili\u015fkiler ve bas\u0131ndan sorumlu yetkilisi Abdullah \u015eihab\u2019\u0131n derne\u011fin Yemen\u2019e yapaca\u011f\u0131 deste\u011fine ili\u015fkin a\u00e7\u0131klamas\u0131na yer verdi. \u015eihab, \u201cDernek, Yemen\u2019deki sel felaketinden etkilenenlere yakla\u015f\u0131k 50 bin dinar (yakla\u015f\u0131k 165 bin dolar)\" \/>\n<meta property=\"og:url\" content=\"https:\/\/kibrisdakik.com\/?p=53337\" \/>\n<meta property=\"article:published_time\" content=\"2024-08-09T07:57:35+00:00\" \/>\n<meta property=\"og:image\" content=\"https:\/\/kibrisdakik.com\/wp-content\/uploads\/2024\/08\/asfotgi-740x420.jpg\" \/>\n\t<meta property=\"og:image:width\" content=\"864\" \/>\n\t<meta property=\"og:image:height\" content=\"486\" \/>\n\t<meta property=\"og:image:type\" content=\"image\/jpeg\" \/>\n<meta name=\"author\" content=\"admin\" \/>\n<meta name=\"twitter:card\" content=\"summary_large_image\" \/>\n<meta name=\"twitter:label1\" content=\"Yazan:\" \/>\n\t<meta name=\"twitter:data1\" content=\"admin\" \/>\n\t<meta name=\"twitter:label2\" content=\"Tahmini okuma s\u00fcresi\" \/>\n\t<meta name=\"twitter:data2\" content=\"1 dakika\" \/>\n<script type=\"application\/ld+json\" class=\"yoast-schema-graph\">{\"@context\":\"https:\\\/\\\/schema.org\",\"@graph\":[{\"@type\":\"Article\",\"@id\":\"https:\\\/\\\/kibrisdakik.com\\\/?p=53337#article\",\"isPartOf\":{\"@id\":\"https:\\\/\\\/kibrisdakik.com\\\/?p=53337\"},\"author\":{\"name\":\"admin\",\"@id\":\"https:\\\/\\\/kibrisdakik.com\\\/#\\\/schema\\\/person\\\/9cd9d437bbb44f72b73ba127e06d8e79\"},\"headline\":\"Kuveyt\u2019ten Yemen\u2019deki sel felaketinden etkilenenlere 165 bin dolar acil yard\u0131m\",\"datePublished\":\"2024-08-09T07:57:35+00:00\",\"mainEntityOfPage\":{\"@id\":\"https:\\\/\\\/kibrisdakik.com\\\/?p=53337\"},\"wordCount\":288,\"commentCount\":0,\"image\":{\"@id\":\"https:\\\/\\\/kibrisdakik.com\\\/?p=53337#primaryimage\"},\"thumbnailUrl\":\"https:\\\/\\\/kibrisdakik.com\\\/wp-content\\\/uploads\\\/2024\\\/08\\\/asfotgi-740x420.jpg\",\"articleSection\":[\"G\u00fcndem\"],\"inLanguage\":\"tr\",\"potentialAction\":[{\"@type\":\"CommentAction\",\"name\":\"Comment\",\"target\":[\"https:\\\/\\\/kibrisdakik.com\\\/?p=53337#respond\"]}]},{\"@type\":\"WebPage\",\"@id\":\"https:\\\/\\\/kibrisdakik.com\\\/?p=53337\",\"url\":\"https:\\\/\\\/kibrisdakik.com\\\/?p=53337\",\"name\":\"Kuveyt\u2019ten Yemen\u2019deki sel felaketinden etkilenenlere 165 bin dolar acil yard\u0131m -\",\"isPartOf\":{\"@id\":\"https:\\\/\\\/kibrisdakik.com\\\/#website\"},\"primaryImageOfPage\":{\"@id\":\"https:\\\/\\\/kibrisdakik.com\\\/?p=53337#primaryimage\"},\"image\":{\"@id\":\"https:\\\/\\\/kibrisdakik.com\\\/?p=53337#primaryimage\"},\"thumbnailUrl\":\"https:\\\/\\\/kibrisdakik.com\\\/wp-content\\\/uploads\\\/2024\\\/08\\\/asfotgi-740x420.jpg\",\"datePublished\":\"2024-08-09T07:57:35+00:00\",\"author\":{\"@id\":\"https:\\\/\\\/kibrisdakik.com\\\/#\\\/schema\\\/person\\\/9cd9d437bbb44f72b73ba127e06d8e79\"},\"breadcrumb\":{\"@id\":\"https:\\\/\\\/kibrisdakik.com\\\/?p=53337#breadcrumb\"},\"inLanguage\":\"tr\",\"potentialAction\":[{\"@type\":\"ReadAction\",\"target\":[\"https:\\\/\\\/kibrisdakik.com\\\/?p=53337\"]}]},{\"@type\":\"ImageObject\",\"inLanguage\":\"tr\",\"@id\":\"https:\\\/\\\/kibrisdakik.com\\\/?p=53337#primaryimage\",\"url\":\"https:\\\/\\\/kibrisdakik.com\\\/wp-content\\\/uploads\\\/2024\\\/08\\\/asfotgi-740x420.jpg\",\"contentUrl\":\"https:\\\/\\\/kibrisdakik.com\\\/wp-content\\\/uploads\\\/2024\\\/08\\\/asfotgi-740x420.jpg\",\"width\":864,\"height\":486},{\"@type\":\"BreadcrumbList\",\"@id\":\"https:\\\/\\\/kibrisdakik.com\\\/?p=53337#breadcrumb\",\"itemListElement\":[{\"@type\":\"ListItem\",\"position\":1,\"name\":\"Home\",\"item\":\"https:\\\/\\\/kibrisdakik.com\\\/\"},{\"@type\":\"ListItem\",\"position\":2,\"name\":\"Kuveyt\u2019ten Yemen\u2019deki sel felaketinden etkilenenlere 165 bin dolar acil yard\u0131m\"}]},{\"@type\":\"WebSite\",\"@id\":\"https:\\\/\\\/kibrisdakik.com\\\/#website\",\"url\":\"https:\\\/\\\/kibrisdakik.com\\\/\",\"name\":\"\",\"description\":\"Tam vaktinde haber\",\"potentialAction\":[{\"@type\":\"SearchAction\",\"target\":{\"@type\":\"EntryPoint\",\"urlTemplate\":\"https:\\\/\\\/kibrisdakik.com\\\/?s={search_term_string}\"},\"query-input\":{\"@type\":\"PropertyValueSpecification\",\"valueRequired\":true,\"valueName\":\"search_term_string\"}}],\"inLanguage\":\"tr\"},{\"@type\":\"Person\",\"@id\":\"https:\\\/\\\/kibrisdakik.com\\\/#\\\/schema\\\/person\\\/9cd9d437bbb44f72b73ba127e06d8e79\",\"name\":\"admin\",\"image\":{\"@type\":\"ImageObject\",\"inLanguage\":\"tr\",\"@id\":\"https:\\\/\\\/secure.gravatar.com\\\/avatar\\\/ccc17943b9d660506c869530f897617f7cb1c21a4bf30023f252596d83e1f007?s=96&d=mm&r=g\",\"url\":\"https:\\\/\\\/secure.gravatar.com\\\/avatar\\\/ccc17943b9d660506c869530f897617f7cb1c21a4bf30023f252596d83e1f007?s=96&d=mm&r=g\",\"contentUrl\":\"https:\\\/\\\/secure.gravatar.com\\\/avatar\\\/ccc17943b9d660506c869530f897617f7cb1c21a4bf30023f252596d83e1f007?s=96&d=mm&r=g\",\"caption\":\"admin\"},\"sameAs\":[\"https:\\\/\\\/kibrisdakik.com\"],\"url\":\"https:\\\/\\\/kibrisdakik.com\\\/?author=1\"}]}<\/script>\n<!-- \/ Yoast SEO plugin. -->","yoast_head_json":{"title":"Kuveyt\u2019ten Yemen\u2019deki sel felaketinden etkilenenlere 165 bin dolar acil yard\u0131m -","robots":{"index":"index","follow":"follow","max-snippet":"max-snippet:-1","max-image-preview":"max-image-preview:large","max-video-preview":"max-video-preview:-1"},"canonical":"https:\/\/kibrisdakik.com\/?p=53337","og_locale":"tr_TR","og_type":"article","og_title":"Kuveyt\u2019ten Yemen\u2019deki sel felaketinden etkilenenlere 165 bin dolar acil yard\u0131m -","og_description":"Kuveyt merkezli Necat Yard\u0131m Derne\u011fi, Yemen\u2019in bat\u0131s\u0131nda ya\u015fanan sel felaketinin ma\u011fdurlar\u0131na 165 bin dolar acil yard\u0131m sa\u011flanaca\u011f\u0131n\u0131 duyurdu. Kuveyt resmi haber ajans\u0131 KUNA, Necat Derne\u011fi\u2019nin halkla ili\u015fkiler ve bas\u0131ndan sorumlu yetkilisi Abdullah \u015eihab\u2019\u0131n derne\u011fin Yemen\u2019e yapaca\u011f\u0131 deste\u011fine ili\u015fkin a\u00e7\u0131klamas\u0131na yer verdi. \u015eihab, \u201cDernek, Yemen\u2019deki sel felaketinden etkilenenlere yakla\u015f\u0131k 50 bin dinar (yakla\u015f\u0131k 165 bin dolar)","og_url":"https:\/\/kibrisdakik.com\/?p=53337","article_published_time":"2024-08-09T07:57:35+00:00","og_image":[{"width":864,"height":486,"url":"https:\/\/kibrisdakik.com\/wp-content\/uploads\/2024\/08\/asfotgi-740x420.jpg","type":"image\/jpeg"}],"author":"admin","twitter_card":"summary_large_image","twitter_misc":{"Yazan:":"admin","Tahmini okuma s\u00fcresi":"1 dakika"},"schema":{"@context":"https:\/\/schema.org","@graph":[{"@type":"Article","@id":"https:\/\/kibrisdakik.com\/?p=53337#article","isPartOf":{"@id":"https:\/\/kibrisdakik.com\/?p=53337"},"author":{"name":"admin","@id":"https:\/\/kibrisdakik.com\/#\/schema\/person\/9cd9d437bbb44f72b73ba127e06d8e79"},"headline":"Kuveyt\u2019ten Yemen\u2019deki sel felaketinden etkilenenlere 165 bin dolar acil yard\u0131m","datePublished":"2024-08-09T07:57:35+00:00","mainEntityOfPage":{"@id":"https:\/\/kibrisdakik.com\/?p=53337"},"wordCount":288,"commentCount":0,"image":{"@id":"https:\/\/kibrisdakik.com\/?p=53337#primaryimage"},"thumbnailUrl":"https:\/\/kibrisdakik.com\/wp-content\/uploads\/2024\/08\/asfotgi-740x420.jpg","articleSection":["G\u00fcndem"],"inLanguage":"tr","potentialAction":[{"@type":"CommentAction","name":"Comment","target":["https:\/\/kibrisdakik.com\/?p=53337#respond"]}]},{"@type":"WebPage","@id":"https:\/\/kibrisdakik.com\/?p=53337","url":"https:\/\/kibrisdakik.com\/?p=53337","name":"Kuveyt\u2019ten Yemen\u2019deki sel felaketinden etkilenenlere 165 bin dolar acil yard\u0131m -","isPartOf":{"@id":"https:\/\/kibrisdakik.com\/#website"},"primaryImageOfPage":{"@id":"https:\/\/kibrisdakik.com\/?p=53337#primaryimage"},"image":{"@id":"https:\/\/kibrisdakik.com\/?p=53337#primaryimage"},"thumbnailUrl":"https:\/\/kibrisdakik.com\/wp-content\/uploads\/2024\/08\/asfotgi-740x420.jpg","datePublished":"2024-08-09T07:57:35+00:00","author":{"@id":"https:\/\/kibrisdakik.com\/#\/schema\/person\/9cd9d437bbb44f72b73ba127e06d8e79"},"breadcrumb":{"@id":"https:\/\/kibrisdakik.com\/?p=53337#breadcrumb"},"inLanguage":"tr","potentialAction":[{"@type":"ReadAction","target":["https:\/\/kibrisdakik.com\/?p=53337"]}]},{"@type":"ImageObject","inLanguage":"tr","@id":"https:\/\/kibrisdakik.com\/?p=53337#primaryimage","url":"https:\/\/kibrisdakik.com\/wp-content\/uploads\/2024\/08\/asfotgi-740x420.jpg","contentUrl":"https:\/\/kibrisdakik.com\/wp-content\/uploads\/2024\/08\/asfotgi-740x420.jpg","width":864,"height":486},{"@type":"BreadcrumbList","@id":"https:\/\/kibrisdakik.com\/?p=53337#breadcrumb","itemListElement":[{"@type":"ListItem","position":1,"name":"Home","item":"https:\/\/kibrisdakik.com\/"},{"@type":"ListItem","position":2,"name":"Kuveyt\u2019ten Yemen\u2019deki sel felaketinden etkilenenlere 165 bin dolar acil yard\u0131m"}]},{"@type":"WebSite","@id":"https:\/\/kibrisdakik.com\/#website","url":"https:\/\/kibrisdakik.com\/","name":"","description":"Tam vaktinde haber","potentialAction":[{"@type":"SearchAction","target":{"@type":"EntryPoint","urlTemplate":"https:\/\/kibrisdakik.com\/?s={search_term_string}"},"query-input":{"@type":"PropertyValueSpecification","valueRequired":true,"valueName":"search_term_string"}}],"inLanguage":"tr"},{"@type":"Person","@id":"https:\/\/kibrisdakik.com\/#\/schema\/person\/9cd9d437bbb44f72b73ba127e06d8e79","name":"admin","image":{"@type":"ImageObject","inLanguage":"tr","@id":"https:\/\/secure.gravatar.com\/avatar\/ccc17943b9d660506c869530f897617f7cb1c21a4bf30023f252596d83e1f007?s=96&d=mm&r=g","url":"https:\/\/secure.gravatar.com\/avatar\/ccc17943b9d660506c869530f897617f7cb1c21a4bf30023f252596d83e1f007?s=96&d=mm&r=g","contentUrl":"https:\/\/secure.gravatar.com\/avatar\/ccc17943b9d660506c869530f897617f7cb1c21a4bf30023f252596d83e1f007?s=96&d=mm&r=g","caption":"admin"},"sameAs":["https:\/\/kibrisdakik.com"],"url":"https:\/\/kibrisdakik.com\/?author=1"}]}},"_links":{"self":[{"href":"https:\/\/kibrisdakik.com\/index.php?rest_route=\/wp\/v2\/posts\/53337","targetHints":{"allow":["GET"]}}],"collection":[{"href":"https:\/\/kibrisdakik.com\/index.php?rest_route=\/wp\/v2\/posts"}],"about":[{"href":"https:\/\/kibrisdakik.com\/index.php?rest_route=\/wp\/v2\/types\/post"}],"author":[{"embeddable":true,"href":"https:\/\/kibrisdakik.com\/index.php?rest_route=\/wp\/v2\/users\/1"}],"replies":[{"embeddable":true,"href":"https:\/\/kibrisdakik.com\/index.php?rest_route=%2Fwp%2Fv2%2Fcomments&post=53337"}],"version-history":[{"count":0,"href":"https:\/\/kibrisdakik.com\/index.php?rest_route=\/wp\/v2\/posts\/53337\/revisions"}],"wp:featuredmedia":[{"embeddable":true,"href":"https:\/\/kibrisdakik.com\/index.php?rest_route=\/wp\/v2\/media\/53338"}],"wp:attachment":[{"href":"https:\/\/kibrisdakik.com\/index.php?rest_route=%2Fwp%2Fv2%2Fmedia&parent=53337"}],"wp:term":[{"taxonomy":"category","embeddable":true,"href":"https:\/\/kibrisdakik.com\/index.php?rest_route=%2Fwp%2Fv2%2Fcategories&post=53337"},{"taxonomy":"post_tag","embeddable":true,"href":"https:\/\/kibrisdakik.com\/index.php?rest_route=%2Fwp%2Fv2%2Ftags&post=53337"}],"curies":[{"name":"wp","href":"https:\/\/api.w.org\/{rel}","templated":true}]}}