{"id":5356,"date":"2023-04-18T14:05:32","date_gmt":"2023-04-18T14:05:32","guid":{"rendered":"https:\/\/kibrisdakik.com\/index.php\/2023\/04\/18\/cumhurbaskani-tatar-kuzey-kibris-turk-ingiliz-dernegi-heyetini-kabul-etti\/"},"modified":"2023-04-18T14:05:32","modified_gmt":"2023-04-18T14:05:32","slug":"cumhurbaskani-tatar-kuzey-kibris-turk-ingiliz-dernegi-heyetini-kabul-etti","status":"publish","type":"post","link":"https:\/\/kibrisdakik.com\/?p=5356","title":{"rendered":"Cumhurba\u015fkan\u0131 Tatar, Kuzey K\u0131br\u0131s T\u00fcrk-\u0130ngiliz Derne\u011fi heyetini kabul etti"},"content":{"rendered":"<p><\/p>\n<div>\n<div class=\"mariselle-image-container none\">\n                <img width=\"1024\" height=\"682\" class=\"lazy-image\" alt=\"\" decoding=\"async\" loading=\"lazy\" sizes=\"auto, (max-width: 1024px) 100vw, 1024px\" src=\"https:\/\/brtk.net\/wp-content\/uploads\/2023\/04\/18\/tatar-kuzey-kibris-turk-ingiliz-dernegi-4-.jpg?ver=ea44ce03f19432e184a02aa2703f1679\" srcset=\"https:\/\/brtk.net\/wp-content\/uploads\/2023\/04\/18\/tatar-kuzey-kibris-turk-ingiliz-dernegi-4-.jpg?ver=ea44ce03f19432e184a02aa2703f1679 1024w, https:\/\/brtk.net\/wp-content\/uploads\/2023\/04\/18\/tatar-kuzey-kibris-turk-ingiliz-dernegi-4--300x200.jpg?ver=ea44ce03f19432e184a02aa2703f1679 300w, https:\/\/brtk.net\/wp-content\/uploads\/2023\/04\/18\/tatar-kuzey-kibris-turk-ingiliz-dernegi-4--768x512.jpg?ver=ec42847bfa8bab1822e965cee0b23d1e 768w\"\/>                            <\/div>\n<p style=\"font-weight: 300;\">Cumhurba\u015fkan\u0131 <a href=\"https:\/\/brtk.net\/\" target=\"_blank\" rel=\"noopener\">Ersin <\/a><a href=\"https:\/\/brtk.net\/\"\/><a href=\"https:\/\/brtk.net\/\"\/><a href=\"https:\/\/brtk.net\/\"\/><a href=\"https:\/\/brtk.net\/\"\/><a href=\"https:\/\/brtk.net\/\"\/><a href=\"https:\/\/brtk.net\/\"\/><a href=\"https:\/\/brtk.net\/\"\/><a href=\"https:\/\/brtk.net\/\"\/><a href=\"https:\/\/brtk.net\/\"\/><a href=\"https:\/\/brtk.net\/\"\/><a href=\"https:\/\/brtk.net\/\">Tatar<\/a>, Kuzey K\u0131br\u0131s T\u00fcrk-\u0130ngiliz Derne\u011fi (ATA) yetkililerini ve \u00fcyelerini kabul etti.<\/p>\n<p style=\"font-weight: 300;\"><a href=\"https:\/\/brtk.net\/\"\/><a href=\"https:\/\/brtk.net\/\"\/><a href=\"https:\/\/brtk.net\/\"\/><a href=\"https:\/\/brtk.net\/\"\/><a href=\"https:\/\/brtk.net\/\"\/><a href=\"https:\/\/brtk.net\/\"\/><a href=\"https:\/\/brtk.net\/\"\/><a href=\"https:\/\/brtk.net\/\"\/><a href=\"https:\/\/brtk.net\/\"\/><a href=\"https:\/\/brtk.net\/\"\/><a href=\"https:\/\/brtk.net\/\">Tatar<\/a>, kabulde yapt\u0131\u011f\u0131 konu\u015fmada, ATA heyetinin kendisini ziyaretinden duydu\u011fu mutlulu\u011fu ifade ederek, \u201cKuzey K\u0131br\u0131s T\u00fcrk Cumhuriyeti, d\u00fcnyan\u0131n en g\u00fczel \u00fclkelerinden bir tanesidir. Sizi aram\u0131zda g\u00f6rmekten, sizin \u00fclkemize sosyal, k\u00fclt\u00fcrel ve ekonomik katk\u0131lar\u0131n\u0131zdan dolay\u0131 te\u015fekk\u00fcr ediyorum. K\u0131br\u0131s T\u00fcrk halk\u0131 her zaman \u0130ngiliz sistemini ve adalet anlay\u0131\u015f\u0131n\u0131 benimsemi\u015ftir. \u0130ngiltere\u2019nin K\u0131br\u0131s Adas\u0131\u2019yla g\u00fc\u00e7l\u00fc ve tarihi bir ba\u011f\u0131 vard\u0131r. Egemen K\u0131br\u0131s T\u00fcrk halk\u0131 bu adada 1571 y\u0131l\u0131ndan beri vard\u0131r ve bu adan\u0131n e\u015fit ortak sahibidir. Ancak maalesef bug\u00fcn, \u0130ngiltere\u2019nin bize yapt\u0131\u011f\u0131 haks\u0131z muameleler vard\u0131r. Bu e\u015fitsizlik muamelesinin, sizi de \u00fcz\u00fcp etkiledi\u011fi kanaatindeyim\u201d dedi.<\/p>\n<p style=\"font-weight: 300;\">Cumhurba\u015fkan\u0131 <a href=\"https:\/\/brtk.net\/\"\/><a href=\"https:\/\/brtk.net\/\"\/><a href=\"https:\/\/brtk.net\/\"\/><a href=\"https:\/\/brtk.net\/\"\/><a href=\"https:\/\/brtk.net\/\"\/><a href=\"https:\/\/brtk.net\/\"\/><a href=\"https:\/\/brtk.net\/\"\/><a href=\"https:\/\/brtk.net\/\"\/><a href=\"https:\/\/brtk.net\/\"\/><a href=\"https:\/\/brtk.net\/\"\/><a href=\"https:\/\/brtk.net\/\">Tatar<\/a>, K\u0131br\u0131s T\u00fcrk halk\u0131n\u0131n y\u00fczlerce y\u0131l bu adada ya\u015farken, \u0130ngiltere\u2019nin \u00e7ok az bir d\u00f6nem adaya h\u00fckmetti\u011fini belirterek kendi \u00fcslerinin ad\u0131n\u0131 Egemen \u0130ngiliz \u00dcss\u00fc koyarken, K\u0131br\u0131s T\u00fcrk halk\u0131na \u201cSiz egemen de\u011filsiniz\u201d demeye \u00e7al\u0131\u015ft\u0131klar\u0131n\u0131 kaydetti.<\/p>\n<p style=\"font-weight: 300;\">K\u0131br\u0131s T\u00fcrk\u00fc\u2019n\u00fcn self-determinasyon hakk\u0131n\u0131n oldu\u011funu ifade eden <a href=\"https:\/\/brtk.net\/\"\/><a href=\"https:\/\/brtk.net\/\"\/><a href=\"https:\/\/brtk.net\/\"\/><a href=\"https:\/\/brtk.net\/\"\/><a href=\"https:\/\/brtk.net\/\"\/><a href=\"https:\/\/brtk.net\/\"\/><a href=\"https:\/\/brtk.net\/\"\/><a href=\"https:\/\/brtk.net\/\"\/><a href=\"https:\/\/brtk.net\/\"\/><a href=\"https:\/\/brtk.net\/\"\/><a href=\"https:\/\/brtk.net\/\">Tatar<\/a>, egemen e\u015fit bir halk oldu\u011funu s\u00f6yleyerek, \u201cKendi devletimizin \u00e7at\u0131s\u0131 alt\u0131nda \u00f6zg\u00fcrce ya\u015famaktay\u0131z. Unutulmamal\u0131d\u0131r ki bu adada 1963-1974 tarihleri aras\u0131nda bir soyk\u0131r\u0131m ya\u015fanm\u0131\u015ft\u0131. Anavatan T\u00fcrkiye garant\u00f6rl\u00fck hakk\u0131n\u0131 kullanarak 1974 y\u0131l\u0131nda K\u0131br\u0131s Bar\u0131\u015f Harek\u00e2t\u0131\u2019n\u0131 ger\u00e7ekle\u015ftirmeseydi bug\u00fcn bu adada varl\u0131\u011f\u0131m\u0131z\u0131 s\u00fcrd\u00fcremeyecektik. \u00c7\u00fcnk\u00fc onlar\u0131n hedefi K\u0131br\u0131s\u2019\u0131 bir Helen adas\u0131 yapmakt\u0131r\u201d dedi.<\/p>\n<p style=\"font-weight: 300;\">Cumhurba\u015fkan\u0131 <a href=\"https:\/\/brtk.net\/\"\/><a href=\"https:\/\/brtk.net\/\"\/><a href=\"https:\/\/brtk.net\/\"\/><a href=\"https:\/\/brtk.net\/\"\/><a href=\"https:\/\/brtk.net\/\"\/><a href=\"https:\/\/brtk.net\/\"\/><a href=\"https:\/\/brtk.net\/\"\/><a href=\"https:\/\/brtk.net\/\"\/><a href=\"https:\/\/brtk.net\/\"\/><a href=\"https:\/\/brtk.net\/\"\/><a href=\"https:\/\/brtk.net\/\">Tatar<\/a> s\u00f6zlerine \u015f\u00f6yle devam etti:<\/p>\n<p style=\"font-weight: 300;\">\u201c\u0130\u015fte bu nedenle Londra\u2019ya en son yapt\u0131\u011f\u0131m\u0131z ziyaret esnas\u0131nda oradaki bir\u00e7ok milletvekili ve Lordlar Kamaras\u0131\u2019nda \u00f6nde gelen medya mensuplar\u0131yla \u00f6nemli toplant\u0131 ve r\u00f6portajlar verdim. Neden iki devletli vizyonumuzun oldu\u011funu \u00f6rnekleriyle anlatt\u0131k. Neden egemen ve e\u015fit bir halk oldu\u011fumuzu da ifade ettik. K\u0131br\u0131s Rum taraf\u0131n\u0131n federal zemindeki antla\u015fmalar\u0131 15 kez reddetti\u011fini, 2004 y\u0131l\u0131ndaki Annan Plan\u0131 ve 2017 y\u0131l\u0131ndaki Crans-Montana\u2019da Rumlar\u0131n antla\u015fmay\u0131 da yine reddetti\u011fini anlatt\u0131m. Art\u0131k uluslararas\u0131 toplumun K\u0131br\u0131s\u2019taki ger\u00e7ekleri kabul etmesi gerekmektedir. K\u0131br\u0131s T\u00fcrk halk\u0131n\u0131 g\u00f6rmezlikten gelmek b\u00fcy\u00fck bir yanl\u0131\u015ft\u0131r. Egemen e\u015fitlik ve e\u015fit uluslararas\u0131 stat\u00fc zemininde ileriye d\u00f6n\u00fck bir gelecek i\u00e7in \u00e7al\u0131\u015fmalar\u0131m\u0131za proaktif bir \u015fekilde devam ediyoruz.\u201d<\/p>\n<p style=\"font-weight: 300;\">\u0130nsanl\u0131k d\u0131\u015f\u0131 izolasyonlara da de\u011finen <a href=\"https:\/\/brtk.net\/\"\/><a href=\"https:\/\/brtk.net\/\"\/><a href=\"https:\/\/brtk.net\/\"\/><a href=\"https:\/\/brtk.net\/\"\/><a href=\"https:\/\/brtk.net\/\"\/><a href=\"https:\/\/brtk.net\/\"\/><a href=\"https:\/\/brtk.net\/\"\/><a href=\"https:\/\/brtk.net\/\"\/><a href=\"https:\/\/brtk.net\/\"\/><a href=\"https:\/\/brtk.net\/\"\/><a href=\"https:\/\/brtk.net\/\">Tatar<\/a>, \u201cBu izolasyonlar bizim ya\u015fama hakk\u0131m\u0131z\u0131 da etkilemektedir. Bu \u00e7a\u011fda, bu stat\u00fckonun sorumlusu biz olmad\u0131\u011f\u0131m\u0131z halde, \u00e7\u00f6z\u00fcm\u00fc hep isteyen taraf oldu\u011fumuz halde <a href=\"https:\/\/brtk.net\/\"\/><a href=\"https:\/\/brtk.net\/\">KKTC<\/a> \u00fczerinde ambargolar devam etmektedir\u201d dedi.<\/p>\n<p style=\"font-weight: 300;\">Cumhurba\u015fkan\u0131 <a href=\"https:\/\/brtk.net\/\"\/><a href=\"https:\/\/brtk.net\/\"\/><a href=\"https:\/\/brtk.net\/\"\/><a href=\"https:\/\/brtk.net\/\"\/><a href=\"https:\/\/brtk.net\/\"\/><a href=\"https:\/\/brtk.net\/\"\/><a href=\"https:\/\/brtk.net\/\"\/><a href=\"https:\/\/brtk.net\/\"\/><a href=\"https:\/\/brtk.net\/\"\/><a href=\"https:\/\/brtk.net\/\"\/><a href=\"https:\/\/brtk.net\/\">Tatar<\/a>, \u0130ngiltere\u2019nin AB\u2019den \u00e7\u0131kt\u0131ktan sonra K\u0131br\u0131s T\u00fcrk halk\u0131na daha yap\u0131c\u0131 ve adil davranmas\u0131 gerekti\u011fini vurgulad\u0131klar\u0131n\u0131, do\u011frudan ticaretin yan\u0131nda do\u011frudan u\u00e7u\u015flar\u0131n da yap\u0131lmas\u0131 gerekti\u011fini anlatt\u0131.<\/p>\n<p style=\"font-weight: 300;\">ATA Ba\u015fkan\u0131 Philip Lloyd ise yapt\u0131\u011f\u0131 konu\u015fmada, kendilerini kabul\u00fcnden dolay\u0131 Cumhurba\u015fkan\u0131 <a href=\"https:\/\/brtk.net\/\"\/><a href=\"https:\/\/brtk.net\/\"\/><a href=\"https:\/\/brtk.net\/\"\/><a href=\"https:\/\/brtk.net\/\"\/><a href=\"https:\/\/brtk.net\/\"\/><a href=\"https:\/\/brtk.net\/\"\/><a href=\"https:\/\/brtk.net\/\"\/><a href=\"https:\/\/brtk.net\/\"\/><a href=\"https:\/\/brtk.net\/\"\/><a href=\"https:\/\/brtk.net\/\"\/><a href=\"https:\/\/brtk.net\/\">Tatar<\/a>\u2019a te\u015fekk\u00fcrlerini sundu.<\/p>\n<p style=\"font-weight: 300;\">Lloyd, Cumhurba\u015fkan\u0131 <a href=\"https:\/\/brtk.net\/\"\/><a href=\"https:\/\/brtk.net\/\"\/><a href=\"https:\/\/brtk.net\/\"\/><a href=\"https:\/\/brtk.net\/\"\/><a href=\"https:\/\/brtk.net\/\"\/><a href=\"https:\/\/brtk.net\/\"\/><a href=\"https:\/\/brtk.net\/\"\/><a href=\"https:\/\/brtk.net\/\"\/><a href=\"https:\/\/brtk.net\/\"\/><a href=\"https:\/\/brtk.net\/\"\/><a href=\"https:\/\/brtk.net\/\">Tatar<\/a>\u2019a destek verdiklerini belirterek, <a href=\"https:\/\/brtk.net\/\"\/><a href=\"https:\/\/brtk.net\/\">KKTC<\/a>\u2019de ya\u015famaktan b\u00fcy\u00fck mutluluk duyduklar\u0131n\u0131 belirtti. ATA Ba\u015fkan\u0131 Philip Lloyd ve Ba\u015fkan Yard\u0131mc\u0131s\u0131 Hatice Salih Kerimgil bu \u00e7er\u00e7evede <a href=\"https:\/\/brtk.net\/\"\/><a href=\"https:\/\/brtk.net\/\"\/><a href=\"https:\/\/brtk.net\/\"\/><a href=\"https:\/\/brtk.net\/\"\/><a href=\"https:\/\/brtk.net\/\"\/><a href=\"https:\/\/brtk.net\/\"\/><a href=\"https:\/\/brtk.net\/\"\/><a href=\"https:\/\/brtk.net\/\"\/><a href=\"https:\/\/brtk.net\/\"\/><a href=\"https:\/\/brtk.net\/\"\/><a href=\"https:\/\/brtk.net\/\">Tatar<\/a>\u2019a ATA\u2019n\u0131n faaliyetleri hakk\u0131nda bilgi verip derne\u011fin temel hedefinin, <a href=\"https:\/\/brtk.net\/\"\/><a href=\"https:\/\/brtk.net\/\">KKTC<\/a>\u2019de ikamet eden T\u00fcrk, \u0130ngiliz ve yabanc\u0131 insanlar\u0131 bir araya getirmek oldu\u011funu ifade ederek, bir\u00e7ok k\u00fclt\u00fcrel ve sosyal faaliyetler y\u00fcr\u00fctt\u00fcklerini anlatt\u0131.<\/p>\n<p style=\"font-weight: 300;\">Cumhurba\u015fkan\u0131 <a href=\"https:\/\/brtk.net\/\"\/><a href=\"https:\/\/brtk.net\/\"\/><a href=\"https:\/\/brtk.net\/\"\/><a href=\"https:\/\/brtk.net\/\"\/><a href=\"https:\/\/brtk.net\/\"\/><a href=\"https:\/\/brtk.net\/\"\/><a href=\"https:\/\/brtk.net\/\"\/><a href=\"https:\/\/brtk.net\/\"\/><a href=\"https:\/\/brtk.net\/\"\/><a href=\"https:\/\/brtk.net\/\"\/><a href=\"https:\/\/brtk.net\/\">Tatar<\/a>\u2019a Lloyd taraf\u0131ndan, \u00e7er\u00e7evelenmi\u015f ATA logosu takdim edildi. Cumhurba\u015fkan\u0131 <a href=\"https:\/\/brtk.net\/\"\/><a href=\"https:\/\/brtk.net\/\"\/><a href=\"https:\/\/brtk.net\/\"\/><a href=\"https:\/\/brtk.net\/\"\/><a href=\"https:\/\/brtk.net\/\"\/><a href=\"https:\/\/brtk.net\/\"\/><a href=\"https:\/\/brtk.net\/\"\/><a href=\"https:\/\/brtk.net\/\"\/><a href=\"https:\/\/brtk.net\/\"\/><a href=\"https:\/\/brtk.net\/\"\/><a href=\"https:\/\/brtk.net\/\">Tatar<\/a> da ziyaret\u00e7i heyete, \u0130ngilizce dilinde \u00e7\u0131kar\u0131lan ve Cumhurba\u015fkanl\u0131\u011f\u0131\u2019nda ge\u00e7en iki y\u0131lda yap\u0131lan \u00e7al\u0131\u015fmalar\u0131 belgeleyen \u201cK\u0131br\u0131s\u2019ta \u0130ki Devletli Vizyon\u201d adl\u0131 kitab\u0131n\u0131 takdim etti.<\/p>\n<p>TAK\/<a href=\"https:\/\/brtk.net\/\">BRT<\/a><\/p>\n<\/p><\/div>\n<p><script async\n                    defer\n                    crossorigin=\"anonymous\"\n                    src=\"https:\/\/connect.facebook.net\/tr_TR\/sdk.js#xfbml=1&#038;version=v3.3\"\n            ><\/script><\/p>\n","protected":false},"excerpt":{"rendered":"<p>Cumhurba\u015fkan\u0131 Ersin Tatar, Kuzey K\u0131br\u0131s T\u00fcrk-\u0130ngiliz Derne\u011fi (ATA) yetkililerini ve \u00fcyelerini kabul etti. Tatar, kabulde yapt\u0131\u011f\u0131 konu\u015fmada, ATA heyetinin kendisini ziyaretinden duydu\u011fu mutlulu\u011fu ifade ederek, \u201cKuzey K\u0131br\u0131s T\u00fcrk Cumhuriyeti, d\u00fcnyan\u0131n en g\u00fczel \u00fclkelerinden bir tanesidir. Sizi aram\u0131zda g\u00f6rmekten, sizin \u00fclkemize sosyal, k\u00fclt\u00fcrel ve ekonomik katk\u0131lar\u0131n\u0131zdan dolay\u0131 te\u015fekk\u00fcr ediyorum. K\u0131br\u0131s T\u00fcrk halk\u0131 her zaman \u0130ngiliz sistemini<\/p>\n","protected":false},"author":1,"featured_media":5357,"comment_status":"open","ping_status":"open","sticky":false,"template":"","format":"standard","meta":{"footnotes":""},"categories":[1],"tags":[],"class_list":["post-5356","post","type-post","status-publish","format-standard","has-post-thumbnail","hentry","category-gundem"],"yoast_head":"<!-- This site is optimized with the Yoast SEO plugin v27.5 - https:\/\/yoast.com\/product\/yoast-seo-wordpress\/ -->\n<title>Cumhurba\u015fkan\u0131 Tatar, Kuzey K\u0131br\u0131s T\u00fcrk-\u0130ngiliz Derne\u011fi heyetini kabul etti -<\/title>\n<meta name=\"robots\" content=\"index, follow, max-snippet:-1, max-image-preview:large, max-video-preview:-1\" \/>\n<link rel=\"canonical\" href=\"https:\/\/kibrisdakik.com\/?p=5356\" \/>\n<meta property=\"og:locale\" content=\"tr_TR\" \/>\n<meta property=\"og:type\" content=\"article\" \/>\n<meta property=\"og:title\" content=\"Cumhurba\u015fkan\u0131 Tatar, Kuzey K\u0131br\u0131s T\u00fcrk-\u0130ngiliz Derne\u011fi heyetini kabul etti -\" \/>\n<meta property=\"og:description\" content=\"Cumhurba\u015fkan\u0131 Ersin Tatar, Kuzey K\u0131br\u0131s T\u00fcrk-\u0130ngiliz Derne\u011fi (ATA) yetkililerini ve \u00fcyelerini kabul etti. Tatar, kabulde yapt\u0131\u011f\u0131 konu\u015fmada, ATA heyetinin kendisini ziyaretinden duydu\u011fu mutlulu\u011fu ifade ederek, \u201cKuzey K\u0131br\u0131s T\u00fcrk Cumhuriyeti, d\u00fcnyan\u0131n en g\u00fczel \u00fclkelerinden bir tanesidir. Sizi aram\u0131zda g\u00f6rmekten, sizin \u00fclkemize sosyal, k\u00fclt\u00fcrel ve ekonomik katk\u0131lar\u0131n\u0131zdan dolay\u0131 te\u015fekk\u00fcr ediyorum. K\u0131br\u0131s T\u00fcrk halk\u0131 her zaman \u0130ngiliz sistemini\" \/>\n<meta property=\"og:url\" content=\"https:\/\/kibrisdakik.com\/?p=5356\" \/>\n<meta property=\"article:published_time\" content=\"2023-04-18T14:05:32+00:00\" \/>\n<meta property=\"og:image\" content=\"https:\/\/kibrisdakik.com\/wp-content\/uploads\/2023\/04\/tatar-kuzey-kibris-turk-ingiliz-dernegi-4--740x420.jpg\" \/>\n\t<meta property=\"og:image:width\" content=\"1024\" \/>\n\t<meta property=\"og:image:height\" content=\"682\" \/>\n\t<meta property=\"og:image:type\" content=\"image\/jpeg\" \/>\n<meta name=\"author\" content=\"admin\" \/>\n<meta name=\"twitter:card\" content=\"summary_large_image\" \/>\n<meta name=\"twitter:label1\" content=\"Yazan:\" \/>\n\t<meta name=\"twitter:data1\" content=\"admin\" \/>\n\t<meta name=\"twitter:label2\" content=\"Tahmini okuma s\u00fcresi\" \/>\n\t<meta name=\"twitter:data2\" content=\"3 dakika\" \/>\n<script type=\"application\/ld+json\" class=\"yoast-schema-graph\">{\"@context\":\"https:\\\/\\\/schema.org\",\"@graph\":[{\"@type\":\"Article\",\"@id\":\"https:\\\/\\\/kibrisdakik.com\\\/?p=5356#article\",\"isPartOf\":{\"@id\":\"https:\\\/\\\/kibrisdakik.com\\\/?p=5356\"},\"author\":{\"name\":\"admin\",\"@id\":\"https:\\\/\\\/kibrisdakik.com\\\/#\\\/schema\\\/person\\\/9cd9d437bbb44f72b73ba127e06d8e79\"},\"headline\":\"Cumhurba\u015fkan\u0131 Tatar, Kuzey K\u0131br\u0131s T\u00fcrk-\u0130ngiliz Derne\u011fi heyetini kabul etti\",\"datePublished\":\"2023-04-18T14:05:32+00:00\",\"mainEntityOfPage\":{\"@id\":\"https:\\\/\\\/kibrisdakik.com\\\/?p=5356\"},\"wordCount\":714,\"commentCount\":0,\"image\":{\"@id\":\"https:\\\/\\\/kibrisdakik.com\\\/?p=5356#primaryimage\"},\"thumbnailUrl\":\"https:\\\/\\\/kibrisdakik.com\\\/wp-content\\\/uploads\\\/2023\\\/04\\\/tatar-kuzey-kibris-turk-ingiliz-dernegi-4--740x420.jpg\",\"articleSection\":[\"G\u00fcndem\"],\"inLanguage\":\"tr\",\"potentialAction\":[{\"@type\":\"CommentAction\",\"name\":\"Comment\",\"target\":[\"https:\\\/\\\/kibrisdakik.com\\\/?p=5356#respond\"]}]},{\"@type\":\"WebPage\",\"@id\":\"https:\\\/\\\/kibrisdakik.com\\\/?p=5356\",\"url\":\"https:\\\/\\\/kibrisdakik.com\\\/?p=5356\",\"name\":\"Cumhurba\u015fkan\u0131 Tatar, Kuzey K\u0131br\u0131s T\u00fcrk-\u0130ngiliz Derne\u011fi heyetini kabul etti -\",\"isPartOf\":{\"@id\":\"https:\\\/\\\/kibrisdakik.com\\\/#website\"},\"primaryImageOfPage\":{\"@id\":\"https:\\\/\\\/kibrisdakik.com\\\/?p=5356#primaryimage\"},\"image\":{\"@id\":\"https:\\\/\\\/kibrisdakik.com\\\/?p=5356#primaryimage\"},\"thumbnailUrl\":\"https:\\\/\\\/kibrisdakik.com\\\/wp-content\\\/uploads\\\/2023\\\/04\\\/tatar-kuzey-kibris-turk-ingiliz-dernegi-4--740x420.jpg\",\"datePublished\":\"2023-04-18T14:05:32+00:00\",\"author\":{\"@id\":\"https:\\\/\\\/kibrisdakik.com\\\/#\\\/schema\\\/person\\\/9cd9d437bbb44f72b73ba127e06d8e79\"},\"breadcrumb\":{\"@id\":\"https:\\\/\\\/kibrisdakik.com\\\/?p=5356#breadcrumb\"},\"inLanguage\":\"tr\",\"potentialAction\":[{\"@type\":\"ReadAction\",\"target\":[\"https:\\\/\\\/kibrisdakik.com\\\/?p=5356\"]}]},{\"@type\":\"ImageObject\",\"inLanguage\":\"tr\",\"@id\":\"https:\\\/\\\/kibrisdakik.com\\\/?p=5356#primaryimage\",\"url\":\"https:\\\/\\\/kibrisdakik.com\\\/wp-content\\\/uploads\\\/2023\\\/04\\\/tatar-kuzey-kibris-turk-ingiliz-dernegi-4--740x420.jpg\",\"contentUrl\":\"https:\\\/\\\/kibrisdakik.com\\\/wp-content\\\/uploads\\\/2023\\\/04\\\/tatar-kuzey-kibris-turk-ingiliz-dernegi-4--740x420.jpg\",\"width\":1024,\"height\":682},{\"@type\":\"BreadcrumbList\",\"@id\":\"https:\\\/\\\/kibrisdakik.com\\\/?p=5356#breadcrumb\",\"itemListElement\":[{\"@type\":\"ListItem\",\"position\":1,\"name\":\"Home\",\"item\":\"https:\\\/\\\/kibrisdakik.com\\\/\"},{\"@type\":\"ListItem\",\"position\":2,\"name\":\"Cumhurba\u015fkan\u0131 Tatar, Kuzey K\u0131br\u0131s T\u00fcrk-\u0130ngiliz Derne\u011fi heyetini kabul etti\"}]},{\"@type\":\"WebSite\",\"@id\":\"https:\\\/\\\/kibrisdakik.com\\\/#website\",\"url\":\"https:\\\/\\\/kibrisdakik.com\\\/\",\"name\":\"\",\"description\":\"Tam vaktinde haber\",\"potentialAction\":[{\"@type\":\"SearchAction\",\"target\":{\"@type\":\"EntryPoint\",\"urlTemplate\":\"https:\\\/\\\/kibrisdakik.com\\\/?s={search_term_string}\"},\"query-input\":{\"@type\":\"PropertyValueSpecification\",\"valueRequired\":true,\"valueName\":\"search_term_string\"}}],\"inLanguage\":\"tr\"},{\"@type\":\"Person\",\"@id\":\"https:\\\/\\\/kibrisdakik.com\\\/#\\\/schema\\\/person\\\/9cd9d437bbb44f72b73ba127e06d8e79\",\"name\":\"admin\",\"image\":{\"@type\":\"ImageObject\",\"inLanguage\":\"tr\",\"@id\":\"https:\\\/\\\/secure.gravatar.com\\\/avatar\\\/ccc17943b9d660506c869530f897617f7cb1c21a4bf30023f252596d83e1f007?s=96&d=mm&r=g\",\"url\":\"https:\\\/\\\/secure.gravatar.com\\\/avatar\\\/ccc17943b9d660506c869530f897617f7cb1c21a4bf30023f252596d83e1f007?s=96&d=mm&r=g\",\"contentUrl\":\"https:\\\/\\\/secure.gravatar.com\\\/avatar\\\/ccc17943b9d660506c869530f897617f7cb1c21a4bf30023f252596d83e1f007?s=96&d=mm&r=g\",\"caption\":\"admin\"},\"sameAs\":[\"https:\\\/\\\/kibrisdakik.com\"],\"url\":\"https:\\\/\\\/kibrisdakik.com\\\/?author=1\"}]}<\/script>\n<!-- \/ Yoast SEO plugin. -->","yoast_head_json":{"title":"Cumhurba\u015fkan\u0131 Tatar, Kuzey K\u0131br\u0131s T\u00fcrk-\u0130ngiliz Derne\u011fi heyetini kabul etti -","robots":{"index":"index","follow":"follow","max-snippet":"max-snippet:-1","max-image-preview":"max-image-preview:large","max-video-preview":"max-video-preview:-1"},"canonical":"https:\/\/kibrisdakik.com\/?p=5356","og_locale":"tr_TR","og_type":"article","og_title":"Cumhurba\u015fkan\u0131 Tatar, Kuzey K\u0131br\u0131s T\u00fcrk-\u0130ngiliz Derne\u011fi heyetini kabul etti -","og_description":"Cumhurba\u015fkan\u0131 Ersin Tatar, Kuzey K\u0131br\u0131s T\u00fcrk-\u0130ngiliz Derne\u011fi (ATA) yetkililerini ve \u00fcyelerini kabul etti. Tatar, kabulde yapt\u0131\u011f\u0131 konu\u015fmada, ATA heyetinin kendisini ziyaretinden duydu\u011fu mutlulu\u011fu ifade ederek, \u201cKuzey K\u0131br\u0131s T\u00fcrk Cumhuriyeti, d\u00fcnyan\u0131n en g\u00fczel \u00fclkelerinden bir tanesidir. Sizi aram\u0131zda g\u00f6rmekten, sizin \u00fclkemize sosyal, k\u00fclt\u00fcrel ve ekonomik katk\u0131lar\u0131n\u0131zdan dolay\u0131 te\u015fekk\u00fcr ediyorum. K\u0131br\u0131s T\u00fcrk halk\u0131 her zaman \u0130ngiliz sistemini","og_url":"https:\/\/kibrisdakik.com\/?p=5356","article_published_time":"2023-04-18T14:05:32+00:00","og_image":[{"width":1024,"height":682,"url":"https:\/\/kibrisdakik.com\/wp-content\/uploads\/2023\/04\/tatar-kuzey-kibris-turk-ingiliz-dernegi-4--740x420.jpg","type":"image\/jpeg"}],"author":"admin","twitter_card":"summary_large_image","twitter_misc":{"Yazan:":"admin","Tahmini okuma s\u00fcresi":"3 dakika"},"schema":{"@context":"https:\/\/schema.org","@graph":[{"@type":"Article","@id":"https:\/\/kibrisdakik.com\/?p=5356#article","isPartOf":{"@id":"https:\/\/kibrisdakik.com\/?p=5356"},"author":{"name":"admin","@id":"https:\/\/kibrisdakik.com\/#\/schema\/person\/9cd9d437bbb44f72b73ba127e06d8e79"},"headline":"Cumhurba\u015fkan\u0131 Tatar, Kuzey K\u0131br\u0131s T\u00fcrk-\u0130ngiliz Derne\u011fi heyetini kabul etti","datePublished":"2023-04-18T14:05:32+00:00","mainEntityOfPage":{"@id":"https:\/\/kibrisdakik.com\/?p=5356"},"wordCount":714,"commentCount":0,"image":{"@id":"https:\/\/kibrisdakik.com\/?p=5356#primaryimage"},"thumbnailUrl":"https:\/\/kibrisdakik.com\/wp-content\/uploads\/2023\/04\/tatar-kuzey-kibris-turk-ingiliz-dernegi-4--740x420.jpg","articleSection":["G\u00fcndem"],"inLanguage":"tr","potentialAction":[{"@type":"CommentAction","name":"Comment","target":["https:\/\/kibrisdakik.com\/?p=5356#respond"]}]},{"@type":"WebPage","@id":"https:\/\/kibrisdakik.com\/?p=5356","url":"https:\/\/kibrisdakik.com\/?p=5356","name":"Cumhurba\u015fkan\u0131 Tatar, Kuzey K\u0131br\u0131s T\u00fcrk-\u0130ngiliz Derne\u011fi heyetini kabul etti -","isPartOf":{"@id":"https:\/\/kibrisdakik.com\/#website"},"primaryImageOfPage":{"@id":"https:\/\/kibrisdakik.com\/?p=5356#primaryimage"},"image":{"@id":"https:\/\/kibrisdakik.com\/?p=5356#primaryimage"},"thumbnailUrl":"https:\/\/kibrisdakik.com\/wp-content\/uploads\/2023\/04\/tatar-kuzey-kibris-turk-ingiliz-dernegi-4--740x420.jpg","datePublished":"2023-04-18T14:05:32+00:00","author":{"@id":"https:\/\/kibrisdakik.com\/#\/schema\/person\/9cd9d437bbb44f72b73ba127e06d8e79"},"breadcrumb":{"@id":"https:\/\/kibrisdakik.com\/?p=5356#breadcrumb"},"inLanguage":"tr","potentialAction":[{"@type":"ReadAction","target":["https:\/\/kibrisdakik.com\/?p=5356"]}]},{"@type":"ImageObject","inLanguage":"tr","@id":"https:\/\/kibrisdakik.com\/?p=5356#primaryimage","url":"https:\/\/kibrisdakik.com\/wp-content\/uploads\/2023\/04\/tatar-kuzey-kibris-turk-ingiliz-dernegi-4--740x420.jpg","contentUrl":"https:\/\/kibrisdakik.com\/wp-content\/uploads\/2023\/04\/tatar-kuzey-kibris-turk-ingiliz-dernegi-4--740x420.jpg","width":1024,"height":682},{"@type":"BreadcrumbList","@id":"https:\/\/kibrisdakik.com\/?p=5356#breadcrumb","itemListElement":[{"@type":"ListItem","position":1,"name":"Home","item":"https:\/\/kibrisdakik.com\/"},{"@type":"ListItem","position":2,"name":"Cumhurba\u015fkan\u0131 Tatar, Kuzey K\u0131br\u0131s T\u00fcrk-\u0130ngiliz Derne\u011fi heyetini kabul etti"}]},{"@type":"WebSite","@id":"https:\/\/kibrisdakik.com\/#website","url":"https:\/\/kibrisdakik.com\/","name":"","description":"Tam vaktinde haber","potentialAction":[{"@type":"SearchAction","target":{"@type":"EntryPoint","urlTemplate":"https:\/\/kibrisdakik.com\/?s={search_term_string}"},"query-input":{"@type":"PropertyValueSpecification","valueRequired":true,"valueName":"search_term_string"}}],"inLanguage":"tr"},{"@type":"Person","@id":"https:\/\/kibrisdakik.com\/#\/schema\/person\/9cd9d437bbb44f72b73ba127e06d8e79","name":"admin","image":{"@type":"ImageObject","inLanguage":"tr","@id":"https:\/\/secure.gravatar.com\/avatar\/ccc17943b9d660506c869530f897617f7cb1c21a4bf30023f252596d83e1f007?s=96&d=mm&r=g","url":"https:\/\/secure.gravatar.com\/avatar\/ccc17943b9d660506c869530f897617f7cb1c21a4bf30023f252596d83e1f007?s=96&d=mm&r=g","contentUrl":"https:\/\/secure.gravatar.com\/avatar\/ccc17943b9d660506c869530f897617f7cb1c21a4bf30023f252596d83e1f007?s=96&d=mm&r=g","caption":"admin"},"sameAs":["https:\/\/kibrisdakik.com"],"url":"https:\/\/kibrisdakik.com\/?author=1"}]}},"_links":{"self":[{"href":"https:\/\/kibrisdakik.com\/index.php?rest_route=\/wp\/v2\/posts\/5356","targetHints":{"allow":["GET"]}}],"collection":[{"href":"https:\/\/kibrisdakik.com\/index.php?rest_route=\/wp\/v2\/posts"}],"about":[{"href":"https:\/\/kibrisdakik.com\/index.php?rest_route=\/wp\/v2\/types\/post"}],"author":[{"embeddable":true,"href":"https:\/\/kibrisdakik.com\/index.php?rest_route=\/wp\/v2\/users\/1"}],"replies":[{"embeddable":true,"href":"https:\/\/kibrisdakik.com\/index.php?rest_route=%2Fwp%2Fv2%2Fcomments&post=5356"}],"version-history":[{"count":0,"href":"https:\/\/kibrisdakik.com\/index.php?rest_route=\/wp\/v2\/posts\/5356\/revisions"}],"wp:featuredmedia":[{"embeddable":true,"href":"https:\/\/kibrisdakik.com\/index.php?rest_route=\/wp\/v2\/media\/5357"}],"wp:attachment":[{"href":"https:\/\/kibrisdakik.com\/index.php?rest_route=%2Fwp%2Fv2%2Fmedia&parent=5356"}],"wp:term":[{"taxonomy":"category","embeddable":true,"href":"https:\/\/kibrisdakik.com\/index.php?rest_route=%2Fwp%2Fv2%2Fcategories&post=5356"},{"taxonomy":"post_tag","embeddable":true,"href":"https:\/\/kibrisdakik.com\/index.php?rest_route=%2Fwp%2Fv2%2Ftags&post=5356"}],"curies":[{"name":"wp","href":"https:\/\/api.w.org\/{rel}","templated":true}]}}