{"id":5360,"date":"2023-04-18T15:09:23","date_gmt":"2023-04-18T15:09:23","guid":{"rendered":"https:\/\/kibrisdakik.com\/index.php\/2023\/04\/18\/ataoglu-turizmde-buyuk-bir-potansiyel-yakalanmayi-amacliyoruz\/"},"modified":"2023-04-18T15:09:23","modified_gmt":"2023-04-18T15:09:23","slug":"ataoglu-turizmde-buyuk-bir-potansiyel-yakalanmayi-amacliyoruz","status":"publish","type":"post","link":"https:\/\/kibrisdakik.com\/?p=5360","title":{"rendered":"Atao\u011flu: Turizmde b\u00fcy\u00fck bir potansiyel yakalanmay\u0131 ama\u00e7l\u0131yoruz"},"content":{"rendered":"<p><\/p>\n<div>\n<div class=\"mariselle-image-container center\">\n                <img width=\"1596\" height=\"727\" class=\"lazy-image\" alt=\"\" decoding=\"async\" loading=\"lazy\" sizes=\"auto, (max-width: 1596px) 100vw, 1596px\" src=\"https:\/\/brtk.net\/wp-content\/uploads\/2023\/04\/18\/35fb407a-8156-49cf-8efe-cd92345fdb8c.jpg?ver=6426a05291a2e867e8ba1fbfc586a2b0\" srcset=\"https:\/\/brtk.net\/wp-content\/uploads\/2023\/04\/18\/35fb407a-8156-49cf-8efe-cd92345fdb8c.jpg?ver=6426a05291a2e867e8ba1fbfc586a2b0 1596w, https:\/\/brtk.net\/wp-content\/uploads\/2023\/04\/18\/35fb407a-8156-49cf-8efe-cd92345fdb8c-300x137.jpg?ver=6426a05291a2e867e8ba1fbfc586a2b0 300w, https:\/\/brtk.net\/wp-content\/uploads\/2023\/04\/18\/35fb407a-8156-49cf-8efe-cd92345fdb8c-1024x466.jpg?ver=d52b513a78bca655544b78553c52929b 1024w, https:\/\/brtk.net\/wp-content\/uploads\/2023\/04\/18\/35fb407a-8156-49cf-8efe-cd92345fdb8c-768x350.jpg?ver=d52b513a78bca655544b78553c52929b 768w, https:\/\/brtk.net\/wp-content\/uploads\/2023\/04\/18\/35fb407a-8156-49cf-8efe-cd92345fdb8c-1536x700.jpg?ver=d52b513a78bca655544b78553c52929b 1536w\"\/>                            <\/div>\n<p>Ba\u015fbakan Yard\u0131mc\u0131s\u0131, Turizm, K\u00fclt\u00fcr, Gen\u00e7lik ve \u00c7evre Bakan\u0131 Fikri Atao\u011flu, <a href=\"https:\/\/brtk.net\/\">BRT<\/a>\u2019nin Meclis Yay\u0131n\u0131 50+1\u2019e konuk oldu.<\/p>\n<p>Yeni sezon \u00f6ncesi turizm \u00e7al\u0131\u015fmalar\u0131n\u0131 de\u011ferlendiren Atao\u011flu, yeni havayolu Fly K\u0131br\u0131s\u2019\u0131n tarifeli seferlere ba\u015flamas\u0131yla, turizm potansiyelinin artaca\u011f\u0131na inand\u0131klar\u0131n\u0131, bilet fiyatlar\u0131n\u0131n daha da dengelenmesinin beklendi\u011fini s\u00f6yledi.<\/p>\n<p>Ula\u015f\u0131m maliyetleri ve altyap\u0131ya katk\u0131 \u00e7al\u0131\u015fmalar\u0131 s\u00fcrerken, akademik ve bilimsel \u00e7al\u0131\u015fmalara da a\u011f\u0131rl\u0131k verdiklerini ifade eden Atao\u011flu, \u00fcniversitelerle yeni bir \u00e7al\u0131\u015fma ba\u015flatt\u0131klar\u0131n\u0131 a\u00e7\u0131klad\u0131<\/p>\n<p>Atao\u011flu, s\u00f6zkonusu \u00e7al\u0131\u015fmayla <a href=\"https:\/\/brtk.net\/\"\/><a href=\"https:\/\/brtk.net\/\"\/><a href=\"https:\/\/brtk.net\/\">KKTC<\/a>\u2019nin yeni turizm b\u00f6lgelerinin belirlenece\u011fini, yat\u0131r\u0131mlar\u0131n da bu b\u00f6lgelere y\u00f6nelece\u011fini s\u00f6yledi.\u00a0<\/p>\n<p>Ba\u015fbakan Yard\u0131mc\u0131s\u0131 Atao\u011flu geni\u015f kapsaml\u0131 \u00e7al\u0131\u015fmalar sonucu Bakanlar Kurulu ya da Meclis karar\u0131yla turizm b\u00f6lgesi ilan edilmesi gereken b\u00f6lgeler olaca\u011f\u0131n\u0131 kaydetti.<\/p>\n<p>Atao\u011flu, yeni havayolu, altyap\u0131 \u00e7al\u0131\u015fmalar\u0131, yeni havaliman\u0131 ve yeni b\u00f6lgelerle turizm i\u00e7in b\u00fcy\u00fck bir potansiyel yakalanmay\u0131 istediklerini vurgulad\u0131.<\/p>\n<div class=\"mariselle-image-container center\">\n                <img width=\"1482\" height=\"666\" class=\"lazy-image\" alt=\"\" decoding=\"async\" loading=\"lazy\" sizes=\"auto, (max-width: 1482px) 100vw, 1482px\" src=\"https:\/\/brtk.net\/wp-content\/uploads\/2023\/04\/18\/e5944f98-9150-4ac4-a7b8-eeacb7c2091b.jpg?ver=4d3baf8445283a8e9e74cd39592b221c\" srcset=\"https:\/\/brtk.net\/wp-content\/uploads\/2023\/04\/18\/e5944f98-9150-4ac4-a7b8-eeacb7c2091b.jpg?ver=4d3baf8445283a8e9e74cd39592b221c 1482w, https:\/\/brtk.net\/wp-content\/uploads\/2023\/04\/18\/e5944f98-9150-4ac4-a7b8-eeacb7c2091b-300x135.jpg?ver=4d3baf8445283a8e9e74cd39592b221c 300w, https:\/\/brtk.net\/wp-content\/uploads\/2023\/04\/18\/e5944f98-9150-4ac4-a7b8-eeacb7c2091b-1024x460.jpg?ver=4d3baf8445283a8e9e74cd39592b221c 1024w, https:\/\/brtk.net\/wp-content\/uploads\/2023\/04\/18\/e5944f98-9150-4ac4-a7b8-eeacb7c2091b-768x345.jpg?ver=c800295c69da491bf992523987993d54 768w\"\/>                            <\/div>\n<p><a href=\"https:\/\/brtk.net\/\"\/><a href=\"https:\/\/brtk.net\/\"\/><a href=\"https:\/\/brtk.net\/\">KKTC<\/a>\u2019de ilk kez d\u00fc\u011f\u00fcn fuar\u0131 d\u00fczenlendi\u011fine i\u015faret eden Atao\u011flu, benzeri faaliyetlere destek olmaya devam edeceklerini, d\u00fc\u011f\u00fcn turizminden \u00f6nemli pay beklediklerini s\u00f6yledi.<\/p>\n<p>Bu y\u0131l yine <a href=\"https:\/\/brtk.net\/\"\/><a href=\"https:\/\/brtk.net\/\"\/><a href=\"https:\/\/brtk.net\/\">KKTC<\/a>\u2019ye b\u00fcy\u00fck miktarda turist beklediklerini, ilk rakamlardan memnun olduklar\u0131n\u0131 ifade eden Atao\u011flu, ancak doluluk oranlar\u0131n\u0131 daha da art\u0131rmak istediklerini s\u00f6yledi.<\/p>\n<p>Azerbaycan ile turizm faaliyetlerini art\u0131rmada g\u00f6r\u00fc\u015fmelerin s\u00fcrd\u00fc\u011f\u00fcn\u00fc belirten Fikri Atao\u011flu, ilk etapta Azerbaycan\u2019dan fenomenlerin yak\u0131nda <a href=\"https:\/\/brtk.net\/\"\/><a href=\"https:\/\/brtk.net\/\"\/><a href=\"https:\/\/brtk.net\/\">KKTC<\/a>\u2019ye gelece\u011fini s\u00f6yledi.<\/p>\n<p>Girne Antik Liman\u2019\u0131n son durumunun sorulmas\u0131 \u00fczerine Atao\u011flu, 1974\u2019ten sonra limana ilk kez el atman\u0131n heyecan\u0131n\u0131 ya\u015fad\u0131klar\u0131n\u0131 kaydetti.<\/p>\n<p>Atao\u011flu, in\u015faat\u0131n s\u00fcrd\u00fc\u011f\u00fcn\u00fc, \u00e7al\u0131\u015fmalar s\u0131raa\u0131nda tarihi de\u011ferler bulundu\u011funu, hassas davranmak zorunda olduklar\u0131n\u0131, az bir s\u00fcre aksakl\u0131k olsa da bunun \u00f6nemli olmad\u0131\u011f\u0131n\u0131, ba\u015flayan \u00e7al\u0131\u015fman\u0131n s\u00fcrd\u00fc\u011f\u00fcn\u00fc bitece\u011fini, kimsenin endi\u015fe etmemesi gerekti\u011fini vurgulad\u0131.<\/p>\n<p>Ba\u015fbakan Yard\u0131mc\u0131s\u0131, Turizm, K\u00fclt\u00fcr, Gen\u00e7lik ve \u00c7evre Bakan\u0131 Atao\u011flu, denizi\u00e7i \u00e7al\u0131\u015fman\u0131n da yak\u0131nda ba\u015flayaca\u011f\u0131n\u0131 da s\u00f6zlerine ekledi.<\/p>\n<p><a href=\"https:\/\/brtk.net\/\">BRT<\/a><\/p>\n<p>\u00a0<\/p>\n<\/p><\/div>\n<p><script async\n                    defer\n                    crossorigin=\"anonymous\"\n                    src=\"https:\/\/connect.facebook.net\/tr_TR\/sdk.js#xfbml=1&#038;version=v3.3\"\n            ><\/script><\/p>\n","protected":false},"excerpt":{"rendered":"<p>Ba\u015fbakan Yard\u0131mc\u0131s\u0131, Turizm, K\u00fclt\u00fcr, Gen\u00e7lik ve \u00c7evre Bakan\u0131 Fikri Atao\u011flu, BRT\u2019nin Meclis Yay\u0131n\u0131 50+1\u2019e konuk oldu. Yeni sezon \u00f6ncesi turizm \u00e7al\u0131\u015fmalar\u0131n\u0131 de\u011ferlendiren Atao\u011flu, yeni havayolu Fly K\u0131br\u0131s\u2019\u0131n tarifeli seferlere ba\u015flamas\u0131yla, turizm potansiyelinin artaca\u011f\u0131na inand\u0131klar\u0131n\u0131, bilet fiyatlar\u0131n\u0131n daha da dengelenmesinin beklendi\u011fini s\u00f6yledi. Ula\u015f\u0131m maliyetleri ve altyap\u0131ya katk\u0131 \u00e7al\u0131\u015fmalar\u0131 s\u00fcrerken, akademik ve bilimsel \u00e7al\u0131\u015fmalara da a\u011f\u0131rl\u0131k verdiklerini<\/p>\n","protected":false},"author":1,"featured_media":5361,"comment_status":"open","ping_status":"open","sticky":false,"template":"","format":"standard","meta":{"footnotes":""},"categories":[1],"tags":[],"class_list":["post-5360","post","type-post","status-publish","format-standard","has-post-thumbnail","hentry","category-gundem"],"yoast_head":"<!-- This site is optimized with the Yoast SEO plugin v27.4 - https:\/\/yoast.com\/product\/yoast-seo-wordpress\/ -->\n<title>Atao\u011flu: Turizmde b\u00fcy\u00fck bir potansiyel yakalanmay\u0131 ama\u00e7l\u0131yoruz -<\/title>\n<meta name=\"robots\" content=\"index, follow, max-snippet:-1, max-image-preview:large, max-video-preview:-1\" \/>\n<link rel=\"canonical\" href=\"https:\/\/kibrisdakik.com\/?p=5360\" \/>\n<meta property=\"og:locale\" content=\"tr_TR\" \/>\n<meta property=\"og:type\" content=\"article\" \/>\n<meta property=\"og:title\" content=\"Atao\u011flu: Turizmde b\u00fcy\u00fck bir potansiyel yakalanmay\u0131 ama\u00e7l\u0131yoruz -\" \/>\n<meta property=\"og:description\" content=\"Ba\u015fbakan Yard\u0131mc\u0131s\u0131, Turizm, K\u00fclt\u00fcr, Gen\u00e7lik ve \u00c7evre Bakan\u0131 Fikri Atao\u011flu, BRT\u2019nin Meclis Yay\u0131n\u0131 50+1\u2019e konuk oldu. Yeni sezon \u00f6ncesi turizm \u00e7al\u0131\u015fmalar\u0131n\u0131 de\u011ferlendiren Atao\u011flu, yeni havayolu Fly K\u0131br\u0131s\u2019\u0131n tarifeli seferlere ba\u015flamas\u0131yla, turizm potansiyelinin artaca\u011f\u0131na inand\u0131klar\u0131n\u0131, bilet fiyatlar\u0131n\u0131n daha da dengelenmesinin beklendi\u011fini s\u00f6yledi. Ula\u015f\u0131m maliyetleri ve altyap\u0131ya katk\u0131 \u00e7al\u0131\u015fmalar\u0131 s\u00fcrerken, akademik ve bilimsel \u00e7al\u0131\u015fmalara da a\u011f\u0131rl\u0131k verdiklerini\" \/>\n<meta property=\"og:url\" content=\"https:\/\/kibrisdakik.com\/?p=5360\" \/>\n<meta property=\"article:published_time\" content=\"2023-04-18T15:09:23+00:00\" \/>\n<meta property=\"og:image\" content=\"https:\/\/kibrisdakik.com\/wp-content\/uploads\/2023\/04\/e5944f98-9150-4ac4-a7b8-eeacb7c2091b-740x420.jpg\" \/>\n\t<meta property=\"og:image:width\" content=\"1482\" \/>\n\t<meta property=\"og:image:height\" content=\"666\" \/>\n\t<meta property=\"og:image:type\" content=\"image\/jpeg\" \/>\n<meta name=\"author\" content=\"admin\" \/>\n<meta name=\"twitter:card\" content=\"summary_large_image\" \/>\n<meta name=\"twitter:label1\" content=\"Yazan:\" \/>\n\t<meta name=\"twitter:data1\" content=\"admin\" \/>\n\t<meta name=\"twitter:label2\" content=\"Tahmini okuma s\u00fcresi\" \/>\n\t<meta name=\"twitter:data2\" content=\"2 dakika\" \/>\n<script type=\"application\/ld+json\" class=\"yoast-schema-graph\">{\"@context\":\"https:\\\/\\\/schema.org\",\"@graph\":[{\"@type\":\"Article\",\"@id\":\"https:\\\/\\\/kibrisdakik.com\\\/?p=5360#article\",\"isPartOf\":{\"@id\":\"https:\\\/\\\/kibrisdakik.com\\\/?p=5360\"},\"author\":{\"name\":\"admin\",\"@id\":\"https:\\\/\\\/kibrisdakik.com\\\/#\\\/schema\\\/person\\\/9cd9d437bbb44f72b73ba127e06d8e79\"},\"headline\":\"Atao\u011flu: Turizmde b\u00fcy\u00fck bir potansiyel yakalanmay\u0131 ama\u00e7l\u0131yoruz\",\"datePublished\":\"2023-04-18T15:09:23+00:00\",\"mainEntityOfPage\":{\"@id\":\"https:\\\/\\\/kibrisdakik.com\\\/?p=5360\"},\"wordCount\":394,\"commentCount\":0,\"image\":{\"@id\":\"https:\\\/\\\/kibrisdakik.com\\\/?p=5360#primaryimage\"},\"thumbnailUrl\":\"https:\\\/\\\/kibrisdakik.com\\\/wp-content\\\/uploads\\\/2023\\\/04\\\/e5944f98-9150-4ac4-a7b8-eeacb7c2091b-740x420.jpg\",\"articleSection\":[\"G\u00fcndem\"],\"inLanguage\":\"tr\",\"potentialAction\":[{\"@type\":\"CommentAction\",\"name\":\"Comment\",\"target\":[\"https:\\\/\\\/kibrisdakik.com\\\/?p=5360#respond\"]}]},{\"@type\":\"WebPage\",\"@id\":\"https:\\\/\\\/kibrisdakik.com\\\/?p=5360\",\"url\":\"https:\\\/\\\/kibrisdakik.com\\\/?p=5360\",\"name\":\"Atao\u011flu: Turizmde b\u00fcy\u00fck bir potansiyel yakalanmay\u0131 ama\u00e7l\u0131yoruz -\",\"isPartOf\":{\"@id\":\"https:\\\/\\\/kibrisdakik.com\\\/#website\"},\"primaryImageOfPage\":{\"@id\":\"https:\\\/\\\/kibrisdakik.com\\\/?p=5360#primaryimage\"},\"image\":{\"@id\":\"https:\\\/\\\/kibrisdakik.com\\\/?p=5360#primaryimage\"},\"thumbnailUrl\":\"https:\\\/\\\/kibrisdakik.com\\\/wp-content\\\/uploads\\\/2023\\\/04\\\/e5944f98-9150-4ac4-a7b8-eeacb7c2091b-740x420.jpg\",\"datePublished\":\"2023-04-18T15:09:23+00:00\",\"author\":{\"@id\":\"https:\\\/\\\/kibrisdakik.com\\\/#\\\/schema\\\/person\\\/9cd9d437bbb44f72b73ba127e06d8e79\"},\"breadcrumb\":{\"@id\":\"https:\\\/\\\/kibrisdakik.com\\\/?p=5360#breadcrumb\"},\"inLanguage\":\"tr\",\"potentialAction\":[{\"@type\":\"ReadAction\",\"target\":[\"https:\\\/\\\/kibrisdakik.com\\\/?p=5360\"]}]},{\"@type\":\"ImageObject\",\"inLanguage\":\"tr\",\"@id\":\"https:\\\/\\\/kibrisdakik.com\\\/?p=5360#primaryimage\",\"url\":\"https:\\\/\\\/kibrisdakik.com\\\/wp-content\\\/uploads\\\/2023\\\/04\\\/e5944f98-9150-4ac4-a7b8-eeacb7c2091b-740x420.jpg\",\"contentUrl\":\"https:\\\/\\\/kibrisdakik.com\\\/wp-content\\\/uploads\\\/2023\\\/04\\\/e5944f98-9150-4ac4-a7b8-eeacb7c2091b-740x420.jpg\",\"width\":1482,\"height\":666},{\"@type\":\"BreadcrumbList\",\"@id\":\"https:\\\/\\\/kibrisdakik.com\\\/?p=5360#breadcrumb\",\"itemListElement\":[{\"@type\":\"ListItem\",\"position\":1,\"name\":\"Home\",\"item\":\"https:\\\/\\\/kibrisdakik.com\\\/\"},{\"@type\":\"ListItem\",\"position\":2,\"name\":\"Atao\u011flu: Turizmde b\u00fcy\u00fck bir potansiyel yakalanmay\u0131 ama\u00e7l\u0131yoruz\"}]},{\"@type\":\"WebSite\",\"@id\":\"https:\\\/\\\/kibrisdakik.com\\\/#website\",\"url\":\"https:\\\/\\\/kibrisdakik.com\\\/\",\"name\":\"\",\"description\":\"Tam vaktinde haber\",\"potentialAction\":[{\"@type\":\"SearchAction\",\"target\":{\"@type\":\"EntryPoint\",\"urlTemplate\":\"https:\\\/\\\/kibrisdakik.com\\\/?s={search_term_string}\"},\"query-input\":{\"@type\":\"PropertyValueSpecification\",\"valueRequired\":true,\"valueName\":\"search_term_string\"}}],\"inLanguage\":\"tr\"},{\"@type\":\"Person\",\"@id\":\"https:\\\/\\\/kibrisdakik.com\\\/#\\\/schema\\\/person\\\/9cd9d437bbb44f72b73ba127e06d8e79\",\"name\":\"admin\",\"image\":{\"@type\":\"ImageObject\",\"inLanguage\":\"tr\",\"@id\":\"https:\\\/\\\/secure.gravatar.com\\\/avatar\\\/ccc17943b9d660506c869530f897617f7cb1c21a4bf30023f252596d83e1f007?s=96&d=mm&r=g\",\"url\":\"https:\\\/\\\/secure.gravatar.com\\\/avatar\\\/ccc17943b9d660506c869530f897617f7cb1c21a4bf30023f252596d83e1f007?s=96&d=mm&r=g\",\"contentUrl\":\"https:\\\/\\\/secure.gravatar.com\\\/avatar\\\/ccc17943b9d660506c869530f897617f7cb1c21a4bf30023f252596d83e1f007?s=96&d=mm&r=g\",\"caption\":\"admin\"},\"sameAs\":[\"https:\\\/\\\/kibrisdakik.com\"],\"url\":\"https:\\\/\\\/kibrisdakik.com\\\/?author=1\"}]}<\/script>\n<!-- \/ Yoast SEO plugin. -->","yoast_head_json":{"title":"Atao\u011flu: Turizmde b\u00fcy\u00fck bir potansiyel yakalanmay\u0131 ama\u00e7l\u0131yoruz -","robots":{"index":"index","follow":"follow","max-snippet":"max-snippet:-1","max-image-preview":"max-image-preview:large","max-video-preview":"max-video-preview:-1"},"canonical":"https:\/\/kibrisdakik.com\/?p=5360","og_locale":"tr_TR","og_type":"article","og_title":"Atao\u011flu: Turizmde b\u00fcy\u00fck bir potansiyel yakalanmay\u0131 ama\u00e7l\u0131yoruz -","og_description":"Ba\u015fbakan Yard\u0131mc\u0131s\u0131, Turizm, K\u00fclt\u00fcr, Gen\u00e7lik ve \u00c7evre Bakan\u0131 Fikri Atao\u011flu, BRT\u2019nin Meclis Yay\u0131n\u0131 50+1\u2019e konuk oldu. Yeni sezon \u00f6ncesi turizm \u00e7al\u0131\u015fmalar\u0131n\u0131 de\u011ferlendiren Atao\u011flu, yeni havayolu Fly K\u0131br\u0131s\u2019\u0131n tarifeli seferlere ba\u015flamas\u0131yla, turizm potansiyelinin artaca\u011f\u0131na inand\u0131klar\u0131n\u0131, bilet fiyatlar\u0131n\u0131n daha da dengelenmesinin beklendi\u011fini s\u00f6yledi. Ula\u015f\u0131m maliyetleri ve altyap\u0131ya katk\u0131 \u00e7al\u0131\u015fmalar\u0131 s\u00fcrerken, akademik ve bilimsel \u00e7al\u0131\u015fmalara da a\u011f\u0131rl\u0131k verdiklerini","og_url":"https:\/\/kibrisdakik.com\/?p=5360","article_published_time":"2023-04-18T15:09:23+00:00","og_image":[{"width":1482,"height":666,"url":"https:\/\/kibrisdakik.com\/wp-content\/uploads\/2023\/04\/e5944f98-9150-4ac4-a7b8-eeacb7c2091b-740x420.jpg","type":"image\/jpeg"}],"author":"admin","twitter_card":"summary_large_image","twitter_misc":{"Yazan:":"admin","Tahmini okuma s\u00fcresi":"2 dakika"},"schema":{"@context":"https:\/\/schema.org","@graph":[{"@type":"Article","@id":"https:\/\/kibrisdakik.com\/?p=5360#article","isPartOf":{"@id":"https:\/\/kibrisdakik.com\/?p=5360"},"author":{"name":"admin","@id":"https:\/\/kibrisdakik.com\/#\/schema\/person\/9cd9d437bbb44f72b73ba127e06d8e79"},"headline":"Atao\u011flu: Turizmde b\u00fcy\u00fck bir potansiyel yakalanmay\u0131 ama\u00e7l\u0131yoruz","datePublished":"2023-04-18T15:09:23+00:00","mainEntityOfPage":{"@id":"https:\/\/kibrisdakik.com\/?p=5360"},"wordCount":394,"commentCount":0,"image":{"@id":"https:\/\/kibrisdakik.com\/?p=5360#primaryimage"},"thumbnailUrl":"https:\/\/kibrisdakik.com\/wp-content\/uploads\/2023\/04\/e5944f98-9150-4ac4-a7b8-eeacb7c2091b-740x420.jpg","articleSection":["G\u00fcndem"],"inLanguage":"tr","potentialAction":[{"@type":"CommentAction","name":"Comment","target":["https:\/\/kibrisdakik.com\/?p=5360#respond"]}]},{"@type":"WebPage","@id":"https:\/\/kibrisdakik.com\/?p=5360","url":"https:\/\/kibrisdakik.com\/?p=5360","name":"Atao\u011flu: Turizmde b\u00fcy\u00fck bir potansiyel yakalanmay\u0131 ama\u00e7l\u0131yoruz -","isPartOf":{"@id":"https:\/\/kibrisdakik.com\/#website"},"primaryImageOfPage":{"@id":"https:\/\/kibrisdakik.com\/?p=5360#primaryimage"},"image":{"@id":"https:\/\/kibrisdakik.com\/?p=5360#primaryimage"},"thumbnailUrl":"https:\/\/kibrisdakik.com\/wp-content\/uploads\/2023\/04\/e5944f98-9150-4ac4-a7b8-eeacb7c2091b-740x420.jpg","datePublished":"2023-04-18T15:09:23+00:00","author":{"@id":"https:\/\/kibrisdakik.com\/#\/schema\/person\/9cd9d437bbb44f72b73ba127e06d8e79"},"breadcrumb":{"@id":"https:\/\/kibrisdakik.com\/?p=5360#breadcrumb"},"inLanguage":"tr","potentialAction":[{"@type":"ReadAction","target":["https:\/\/kibrisdakik.com\/?p=5360"]}]},{"@type":"ImageObject","inLanguage":"tr","@id":"https:\/\/kibrisdakik.com\/?p=5360#primaryimage","url":"https:\/\/kibrisdakik.com\/wp-content\/uploads\/2023\/04\/e5944f98-9150-4ac4-a7b8-eeacb7c2091b-740x420.jpg","contentUrl":"https:\/\/kibrisdakik.com\/wp-content\/uploads\/2023\/04\/e5944f98-9150-4ac4-a7b8-eeacb7c2091b-740x420.jpg","width":1482,"height":666},{"@type":"BreadcrumbList","@id":"https:\/\/kibrisdakik.com\/?p=5360#breadcrumb","itemListElement":[{"@type":"ListItem","position":1,"name":"Home","item":"https:\/\/kibrisdakik.com\/"},{"@type":"ListItem","position":2,"name":"Atao\u011flu: Turizmde b\u00fcy\u00fck bir potansiyel yakalanmay\u0131 ama\u00e7l\u0131yoruz"}]},{"@type":"WebSite","@id":"https:\/\/kibrisdakik.com\/#website","url":"https:\/\/kibrisdakik.com\/","name":"","description":"Tam vaktinde haber","potentialAction":[{"@type":"SearchAction","target":{"@type":"EntryPoint","urlTemplate":"https:\/\/kibrisdakik.com\/?s={search_term_string}"},"query-input":{"@type":"PropertyValueSpecification","valueRequired":true,"valueName":"search_term_string"}}],"inLanguage":"tr"},{"@type":"Person","@id":"https:\/\/kibrisdakik.com\/#\/schema\/person\/9cd9d437bbb44f72b73ba127e06d8e79","name":"admin","image":{"@type":"ImageObject","inLanguage":"tr","@id":"https:\/\/secure.gravatar.com\/avatar\/ccc17943b9d660506c869530f897617f7cb1c21a4bf30023f252596d83e1f007?s=96&d=mm&r=g","url":"https:\/\/secure.gravatar.com\/avatar\/ccc17943b9d660506c869530f897617f7cb1c21a4bf30023f252596d83e1f007?s=96&d=mm&r=g","contentUrl":"https:\/\/secure.gravatar.com\/avatar\/ccc17943b9d660506c869530f897617f7cb1c21a4bf30023f252596d83e1f007?s=96&d=mm&r=g","caption":"admin"},"sameAs":["https:\/\/kibrisdakik.com"],"url":"https:\/\/kibrisdakik.com\/?author=1"}]}},"_links":{"self":[{"href":"https:\/\/kibrisdakik.com\/index.php?rest_route=\/wp\/v2\/posts\/5360","targetHints":{"allow":["GET"]}}],"collection":[{"href":"https:\/\/kibrisdakik.com\/index.php?rest_route=\/wp\/v2\/posts"}],"about":[{"href":"https:\/\/kibrisdakik.com\/index.php?rest_route=\/wp\/v2\/types\/post"}],"author":[{"embeddable":true,"href":"https:\/\/kibrisdakik.com\/index.php?rest_route=\/wp\/v2\/users\/1"}],"replies":[{"embeddable":true,"href":"https:\/\/kibrisdakik.com\/index.php?rest_route=%2Fwp%2Fv2%2Fcomments&post=5360"}],"version-history":[{"count":0,"href":"https:\/\/kibrisdakik.com\/index.php?rest_route=\/wp\/v2\/posts\/5360\/revisions"}],"wp:featuredmedia":[{"embeddable":true,"href":"https:\/\/kibrisdakik.com\/index.php?rest_route=\/wp\/v2\/media\/5361"}],"wp:attachment":[{"href":"https:\/\/kibrisdakik.com\/index.php?rest_route=%2Fwp%2Fv2%2Fmedia&parent=5360"}],"wp:term":[{"taxonomy":"category","embeddable":true,"href":"https:\/\/kibrisdakik.com\/index.php?rest_route=%2Fwp%2Fv2%2Fcategories&post=5360"},{"taxonomy":"post_tag","embeddable":true,"href":"https:\/\/kibrisdakik.com\/index.php?rest_route=%2Fwp%2Fv2%2Ftags&post=5360"}],"curies":[{"name":"wp","href":"https:\/\/api.w.org\/{rel}","templated":true}]}}