{"id":53754,"date":"2024-08-12T09:27:26","date_gmt":"2024-08-12T06:27:26","guid":{"rendered":"https:\/\/kibrisdakik.com\/index.php\/2024\/08\/12\/yunanistanda-yangin-nedeniyle-2-hastane-tahliye-edildi\/"},"modified":"2024-08-12T09:27:26","modified_gmt":"2024-08-12T06:27:26","slug":"yunanistanda-yangin-nedeniyle-2-hastane-tahliye-edildi","status":"publish","type":"post","link":"https:\/\/kibrisdakik.com\/?p=53754","title":{"rendered":"Yunanistan&#8217;da yang\u0131n nedeniyle 2 hastane tahliye edildi"},"content":{"rendered":"<p><\/p>\n<div id=\"\">\n<p> <a class=\"keyword\" href=\"https:\/\/www.haberler.com\/yunanistan\/\" title=\"Yunanistan Haberleri, Yunanistan Haberi, Yunanistan Haber\"><strong>Yunanistan<\/strong><\/a>&#8216;\u0131n ba\u015fkenti Atina yak\u0131nlar\u0131ndaki Varnava&#8217;da ba\u015flayan ve \u015fiddetli r\u00fczgar nedeniyle Attiki&#8217;nin \u00e7e\u015fitli b\u00f6lgelerine yay\u0131lan yang\u0131n nedeniyle iki hastanenin tahliye edildi\u011fi bildirildi.<\/p>\n<p>Yunan bas\u0131n\u0131nda \u00e7\u0131kan haberlerde, a\u011fa\u00e7l\u0131k alandaki yang\u0131n\u0131n bu sabah erken saatlerde r\u00fczgar\u0131n etkisiyle Penteli \u00c7ocuk Hastanesi ile 414. Askeri Hastanesi yak\u0131n\u0131na ula\u015ft\u0131\u011f\u0131 belirtildi. Bunun \u00fczerine yetkililerin, b\u00f6lgede bulunan hastanelerin tahliye edilmesi karar\u0131 ald\u0131klar\u0131 kaydedilen haberlerde, \u00e7ocuk hastanesinin i\u00e7inin dumanla doldu\u011fu ve tahliye karar\u0131n\u0131n ge\u00e7 al\u0131nd\u0131\u011f\u0131 ifade edildi.<\/p>\n<h3>R\u00dcZGARIN \u015e\u0130DDET\u0130N\u0130 ARTIRMASI BEKLEN\u0130YOR<\/h3>\n<p> <a class=\"keyword\" href=\"https:\/\/www.haberler.com\/yunanistan\/\" title=\"Yunanistan Haberleri, Yunanistan Haberi, Yunanistan Haber\"><strong>Yunanistan<\/strong><\/a> \u0130tfaiye Te\u015fkilat\u0131 S\u00f6zc\u00fcs\u00fc Vasilyos Vathrakoyannis, yapt\u0131\u011f\u0131 acil durum bilgilendirmesinde, bir itfaiyecinin yang\u0131na m\u00fcdahale s\u0131ras\u0131nda yaraland\u0131\u011f\u0131 ve v\u00fccudunun \u00e7e\u015fitli b\u00f6lgelerinde ikinci derece yan\u0131klar olu\u015fmas\u0131 nedeniyle hastaneye kald\u0131r\u0131ld\u0131\u011f\u0131n\u0131 s\u00f6yledi. T\u00fcm ekiplerin gece boyunca zorlu bir m\u00fccadele verdi\u011fini belirten s\u00f6zc\u00fc, t\u00fcm \u00e7abalara ra\u011fmen yang\u0131n\u0131n h\u0131zla yay\u0131ld\u0131\u011f\u0131 ve Penteli Da\u011f\u0131&#8217;na ula\u015ft\u0131\u011f\u0131n\u0131 ifade etti. Vathrakoyannis, &#8220;Maalesef, r\u00fczgar\u0131n \u015fiddetinin \u00f6n\u00fcm\u00fczdeki saatlerde artmas\u0131 bekleniyor ve bu nedenle yang\u0131n\u0131n devam etti\u011fi b\u00f6lgelerdeki vatanda\u015flar\u0131n yetkililerin talimatlar\u0131na uymas\u0131 gerekiyor.&#8221; dedi.<\/p>\n<h3>\u00c7OK SAYIDA EV ZARAR G\u00d6RD\u00dc<\/h3>\n<p>D\u00fcn \u00f6\u011fleden sonra \u00e7\u0131kan yang\u0131na bug\u00fcn 500&#8217;den fazla itfaiyeci, 152 itfaiye arac\u0131, \u00e7ok say\u0131da g\u00f6n\u00fcll\u00fc, 17 yang\u0131n s\u00f6nd\u00fcrme u\u00e7a\u011f\u0131 ve 15 helikopter m\u00fcdahale ediyor. \u00c7ok say\u0131da evin zarar g\u00f6rd\u00fc\u011f\u00fc yang\u0131nda polis, \u00e7o\u011funlu\u011fu ya\u015fl\u0131 ve uyar\u0131lar\u0131 dikkate almayan 200&#8217;den fazla ki\u015fiyi tahliye etti.<\/p>\n<h3>KIRMIZI ALARM VER\u0130LM\u0130\u015eT\u0130<\/h3>\n<p>Meteoroloji uzmanlar\u0131 ve h\u00fck\u00fcmet yetkilileri, per\u015fembe g\u00fcn\u00fcne kadar hava ko\u015fullar\u0131 nedeniyle vatanda\u015flar\u0131 artan orman yang\u0131nlar\u0131 konusunda uyarm\u0131\u015f, \u0130klim Krizi ve Sivil Koruma Bakan\u0131 Vassilis Kikilias da \u00fclkenin yar\u0131s\u0131n\u0131n &#8220;k\u0131rm\u0131z\u0131 alarm&#8221; alt\u0131nda olaca\u011f\u0131n\u0131 belirtmi\u015fti.<\/p>\n<figure class=\"type:primaryimage hbhOrder\" style=\"margin-bottom: 20px;\"><img loading=\"lazy\" decoding=\"async\" width=\"1202\" height=\"675\" class=\"hbptMainImage\" id=\"HaberImage\" src=\"https:\/\/foto.haberler.com\/haber\/2024\/08\/12\/yunanistan-da-yangin-nedeniyle-2-hastane-tahliye-17710041_9481_amp.jpg\"\/><\/figure>\n<h4 id=\"nwsKeywords\"> <a href=\"https:\/\/www.haberler.com\/yunanistan\/\" title=\"Yunanistan\" class=\"hbptTag\">Yunanistan<\/a>  <a href=\"https:\/\/www.haberler.com\/itfaiye\/\" title=\"\u0130tfaiye\" class=\"hbptTag\">\u0130tfaiye<\/a>  <a href=\"https:\/\/www.haberler.com\/cocuk\/\" title=\"\u00c7ocuk\" class=\"hbptTag\">\u00c7ocuk<\/a>  <a href=\"https:\/\/www.haberler.com\/atina\/\" title=\"Atina\" class=\"hbptTag\">Atina<\/a>  <a href=\"https:\/\/www.haberler.com\/dunya\/\" title=\"D\u00fcnya\" class=\"hbptTag\">D\u00fcnya<\/a>  <a href=\"https:\/\/www.haberler.com\/guncel\/\" title=\"G\u00fcncel\" class=\"hbptTag\">G\u00fcncel<\/a>  <a href=\"https:\/\/www.haberler.com\/\" title=\"Haberler\" class=\"hbptTag\">Haberler<\/a> <\/h4>\n<\/div>\n","protected":false},"excerpt":{"rendered":"<p>Yunanistan&#8216;\u0131n ba\u015fkenti Atina yak\u0131nlar\u0131ndaki Varnava&#8217;da ba\u015flayan ve \u015fiddetli r\u00fczgar nedeniyle Attiki&#8217;nin \u00e7e\u015fitli b\u00f6lgelerine yay\u0131lan yang\u0131n nedeniyle iki hastanenin tahliye edildi\u011fi bildirildi. Yunan bas\u0131n\u0131nda \u00e7\u0131kan haberlerde, a\u011fa\u00e7l\u0131k alandaki yang\u0131n\u0131n bu sabah erken saatlerde r\u00fczgar\u0131n etkisiyle Penteli \u00c7ocuk Hastanesi ile 414. Askeri Hastanesi yak\u0131n\u0131na ula\u015ft\u0131\u011f\u0131 belirtildi. Bunun \u00fczerine yetkililerin, b\u00f6lgede bulunan hastanelerin tahliye edilmesi karar\u0131 ald\u0131klar\u0131 kaydedilen<\/p>\n","protected":false},"author":1,"featured_media":53755,"comment_status":"open","ping_status":"open","sticky":false,"template":"","format":"standard","meta":{"footnotes":""},"categories":[83],"tags":[],"class_list":["post-53754","post","type-post","status-publish","format-standard","has-post-thumbnail","hentry","category-magazin"],"yoast_head":"<!-- This site is optimized with the Yoast SEO plugin v27.4 - https:\/\/yoast.com\/product\/yoast-seo-wordpress\/ -->\n<title>Yunanistan&#039;da yang\u0131n nedeniyle 2 hastane tahliye edildi -<\/title>\n<meta name=\"robots\" content=\"index, follow, max-snippet:-1, max-image-preview:large, max-video-preview:-1\" \/>\n<link rel=\"canonical\" href=\"https:\/\/kibrisdakik.com\/?p=53754\" \/>\n<meta property=\"og:locale\" content=\"tr_TR\" \/>\n<meta property=\"og:type\" content=\"article\" \/>\n<meta property=\"og:title\" content=\"Yunanistan&#039;da yang\u0131n nedeniyle 2 hastane tahliye edildi -\" \/>\n<meta property=\"og:description\" content=\"Yunanistan&#8216;\u0131n ba\u015fkenti Atina yak\u0131nlar\u0131ndaki Varnava&#8217;da ba\u015flayan ve \u015fiddetli r\u00fczgar nedeniyle Attiki&#8217;nin \u00e7e\u015fitli b\u00f6lgelerine yay\u0131lan yang\u0131n nedeniyle iki hastanenin tahliye edildi\u011fi bildirildi. Yunan bas\u0131n\u0131nda \u00e7\u0131kan haberlerde, a\u011fa\u00e7l\u0131k alandaki yang\u0131n\u0131n bu sabah erken saatlerde r\u00fczgar\u0131n etkisiyle Penteli \u00c7ocuk Hastanesi ile 414. Askeri Hastanesi yak\u0131n\u0131na ula\u015ft\u0131\u011f\u0131 belirtildi. Bunun \u00fczerine yetkililerin, b\u00f6lgede bulunan hastanelerin tahliye edilmesi karar\u0131 ald\u0131klar\u0131 kaydedilen\" \/>\n<meta property=\"og:url\" content=\"https:\/\/kibrisdakik.com\/?p=53754\" \/>\n<meta property=\"article:published_time\" content=\"2024-08-12T06:27:26+00:00\" \/>\n<meta property=\"og:image\" content=\"https:\/\/kibrisdakik.com\/wp-content\/uploads\/2024\/08\/yunanistan-da-yangin-nedeniyle-2-hastane-tahliye-17710041_9481_amp.jpg\" \/>\n\t<meta property=\"og:image:width\" content=\"1202\" \/>\n\t<meta property=\"og:image:height\" content=\"675\" \/>\n\t<meta property=\"og:image:type\" content=\"image\/jpeg\" \/>\n<meta name=\"author\" content=\"admin\" \/>\n<meta name=\"twitter:card\" content=\"summary_large_image\" \/>\n<meta name=\"twitter:label1\" content=\"Yazan:\" \/>\n\t<meta name=\"twitter:data1\" content=\"admin\" \/>\n\t<meta name=\"twitter:label2\" content=\"Tahmini okuma s\u00fcresi\" \/>\n\t<meta name=\"twitter:data2\" content=\"2 dakika\" \/>\n<script type=\"application\/ld+json\" class=\"yoast-schema-graph\">{\"@context\":\"https:\\\/\\\/schema.org\",\"@graph\":[{\"@type\":\"Article\",\"@id\":\"https:\\\/\\\/kibrisdakik.com\\\/?p=53754#article\",\"isPartOf\":{\"@id\":\"https:\\\/\\\/kibrisdakik.com\\\/?p=53754\"},\"author\":{\"name\":\"admin\",\"@id\":\"https:\\\/\\\/kibrisdakik.com\\\/#\\\/schema\\\/person\\\/9cd9d437bbb44f72b73ba127e06d8e79\"},\"headline\":\"Yunanistan&#8217;da yang\u0131n nedeniyle 2 hastane tahliye edildi\",\"datePublished\":\"2024-08-12T06:27:26+00:00\",\"mainEntityOfPage\":{\"@id\":\"https:\\\/\\\/kibrisdakik.com\\\/?p=53754\"},\"wordCount\":350,\"commentCount\":0,\"image\":{\"@id\":\"https:\\\/\\\/kibrisdakik.com\\\/?p=53754#primaryimage\"},\"thumbnailUrl\":\"https:\\\/\\\/kibrisdakik.com\\\/wp-content\\\/uploads\\\/2024\\\/08\\\/yunanistan-da-yangin-nedeniyle-2-hastane-tahliye-17710041_9481_amp.jpg\",\"articleSection\":[\"Magazin\"],\"inLanguage\":\"tr\",\"potentialAction\":[{\"@type\":\"CommentAction\",\"name\":\"Comment\",\"target\":[\"https:\\\/\\\/kibrisdakik.com\\\/?p=53754#respond\"]}]},{\"@type\":\"WebPage\",\"@id\":\"https:\\\/\\\/kibrisdakik.com\\\/?p=53754\",\"url\":\"https:\\\/\\\/kibrisdakik.com\\\/?p=53754\",\"name\":\"Yunanistan'da yang\u0131n nedeniyle 2 hastane tahliye edildi -\",\"isPartOf\":{\"@id\":\"https:\\\/\\\/kibrisdakik.com\\\/#website\"},\"primaryImageOfPage\":{\"@id\":\"https:\\\/\\\/kibrisdakik.com\\\/?p=53754#primaryimage\"},\"image\":{\"@id\":\"https:\\\/\\\/kibrisdakik.com\\\/?p=53754#primaryimage\"},\"thumbnailUrl\":\"https:\\\/\\\/kibrisdakik.com\\\/wp-content\\\/uploads\\\/2024\\\/08\\\/yunanistan-da-yangin-nedeniyle-2-hastane-tahliye-17710041_9481_amp.jpg\",\"datePublished\":\"2024-08-12T06:27:26+00:00\",\"author\":{\"@id\":\"https:\\\/\\\/kibrisdakik.com\\\/#\\\/schema\\\/person\\\/9cd9d437bbb44f72b73ba127e06d8e79\"},\"breadcrumb\":{\"@id\":\"https:\\\/\\\/kibrisdakik.com\\\/?p=53754#breadcrumb\"},\"inLanguage\":\"tr\",\"potentialAction\":[{\"@type\":\"ReadAction\",\"target\":[\"https:\\\/\\\/kibrisdakik.com\\\/?p=53754\"]}]},{\"@type\":\"ImageObject\",\"inLanguage\":\"tr\",\"@id\":\"https:\\\/\\\/kibrisdakik.com\\\/?p=53754#primaryimage\",\"url\":\"https:\\\/\\\/kibrisdakik.com\\\/wp-content\\\/uploads\\\/2024\\\/08\\\/yunanistan-da-yangin-nedeniyle-2-hastane-tahliye-17710041_9481_amp.jpg\",\"contentUrl\":\"https:\\\/\\\/kibrisdakik.com\\\/wp-content\\\/uploads\\\/2024\\\/08\\\/yunanistan-da-yangin-nedeniyle-2-hastane-tahliye-17710041_9481_amp.jpg\",\"width\":1202,\"height\":675},{\"@type\":\"BreadcrumbList\",\"@id\":\"https:\\\/\\\/kibrisdakik.com\\\/?p=53754#breadcrumb\",\"itemListElement\":[{\"@type\":\"ListItem\",\"position\":1,\"name\":\"Home\",\"item\":\"https:\\\/\\\/kibrisdakik.com\\\/\"},{\"@type\":\"ListItem\",\"position\":2,\"name\":\"Yunanistan&#8217;da yang\u0131n nedeniyle 2 hastane tahliye edildi\"}]},{\"@type\":\"WebSite\",\"@id\":\"https:\\\/\\\/kibrisdakik.com\\\/#website\",\"url\":\"https:\\\/\\\/kibrisdakik.com\\\/\",\"name\":\"\",\"description\":\"Tam vaktinde haber\",\"potentialAction\":[{\"@type\":\"SearchAction\",\"target\":{\"@type\":\"EntryPoint\",\"urlTemplate\":\"https:\\\/\\\/kibrisdakik.com\\\/?s={search_term_string}\"},\"query-input\":{\"@type\":\"PropertyValueSpecification\",\"valueRequired\":true,\"valueName\":\"search_term_string\"}}],\"inLanguage\":\"tr\"},{\"@type\":\"Person\",\"@id\":\"https:\\\/\\\/kibrisdakik.com\\\/#\\\/schema\\\/person\\\/9cd9d437bbb44f72b73ba127e06d8e79\",\"name\":\"admin\",\"image\":{\"@type\":\"ImageObject\",\"inLanguage\":\"tr\",\"@id\":\"https:\\\/\\\/secure.gravatar.com\\\/avatar\\\/ccc17943b9d660506c869530f897617f7cb1c21a4bf30023f252596d83e1f007?s=96&d=mm&r=g\",\"url\":\"https:\\\/\\\/secure.gravatar.com\\\/avatar\\\/ccc17943b9d660506c869530f897617f7cb1c21a4bf30023f252596d83e1f007?s=96&d=mm&r=g\",\"contentUrl\":\"https:\\\/\\\/secure.gravatar.com\\\/avatar\\\/ccc17943b9d660506c869530f897617f7cb1c21a4bf30023f252596d83e1f007?s=96&d=mm&r=g\",\"caption\":\"admin\"},\"sameAs\":[\"https:\\\/\\\/kibrisdakik.com\"],\"url\":\"https:\\\/\\\/kibrisdakik.com\\\/?author=1\"}]}<\/script>\n<!-- \/ Yoast SEO plugin. -->","yoast_head_json":{"title":"Yunanistan'da yang\u0131n nedeniyle 2 hastane tahliye edildi -","robots":{"index":"index","follow":"follow","max-snippet":"max-snippet:-1","max-image-preview":"max-image-preview:large","max-video-preview":"max-video-preview:-1"},"canonical":"https:\/\/kibrisdakik.com\/?p=53754","og_locale":"tr_TR","og_type":"article","og_title":"Yunanistan'da yang\u0131n nedeniyle 2 hastane tahliye edildi -","og_description":"Yunanistan&#8216;\u0131n ba\u015fkenti Atina yak\u0131nlar\u0131ndaki Varnava&#8217;da ba\u015flayan ve \u015fiddetli r\u00fczgar nedeniyle Attiki&#8217;nin \u00e7e\u015fitli b\u00f6lgelerine yay\u0131lan yang\u0131n nedeniyle iki hastanenin tahliye edildi\u011fi bildirildi. Yunan bas\u0131n\u0131nda \u00e7\u0131kan haberlerde, a\u011fa\u00e7l\u0131k alandaki yang\u0131n\u0131n bu sabah erken saatlerde r\u00fczgar\u0131n etkisiyle Penteli \u00c7ocuk Hastanesi ile 414. Askeri Hastanesi yak\u0131n\u0131na ula\u015ft\u0131\u011f\u0131 belirtildi. Bunun \u00fczerine yetkililerin, b\u00f6lgede bulunan hastanelerin tahliye edilmesi karar\u0131 ald\u0131klar\u0131 kaydedilen","og_url":"https:\/\/kibrisdakik.com\/?p=53754","article_published_time":"2024-08-12T06:27:26+00:00","og_image":[{"width":1202,"height":675,"url":"https:\/\/kibrisdakik.com\/wp-content\/uploads\/2024\/08\/yunanistan-da-yangin-nedeniyle-2-hastane-tahliye-17710041_9481_amp.jpg","type":"image\/jpeg"}],"author":"admin","twitter_card":"summary_large_image","twitter_misc":{"Yazan:":"admin","Tahmini okuma s\u00fcresi":"2 dakika"},"schema":{"@context":"https:\/\/schema.org","@graph":[{"@type":"Article","@id":"https:\/\/kibrisdakik.com\/?p=53754#article","isPartOf":{"@id":"https:\/\/kibrisdakik.com\/?p=53754"},"author":{"name":"admin","@id":"https:\/\/kibrisdakik.com\/#\/schema\/person\/9cd9d437bbb44f72b73ba127e06d8e79"},"headline":"Yunanistan&#8217;da yang\u0131n nedeniyle 2 hastane tahliye edildi","datePublished":"2024-08-12T06:27:26+00:00","mainEntityOfPage":{"@id":"https:\/\/kibrisdakik.com\/?p=53754"},"wordCount":350,"commentCount":0,"image":{"@id":"https:\/\/kibrisdakik.com\/?p=53754#primaryimage"},"thumbnailUrl":"https:\/\/kibrisdakik.com\/wp-content\/uploads\/2024\/08\/yunanistan-da-yangin-nedeniyle-2-hastane-tahliye-17710041_9481_amp.jpg","articleSection":["Magazin"],"inLanguage":"tr","potentialAction":[{"@type":"CommentAction","name":"Comment","target":["https:\/\/kibrisdakik.com\/?p=53754#respond"]}]},{"@type":"WebPage","@id":"https:\/\/kibrisdakik.com\/?p=53754","url":"https:\/\/kibrisdakik.com\/?p=53754","name":"Yunanistan'da yang\u0131n nedeniyle 2 hastane tahliye edildi -","isPartOf":{"@id":"https:\/\/kibrisdakik.com\/#website"},"primaryImageOfPage":{"@id":"https:\/\/kibrisdakik.com\/?p=53754#primaryimage"},"image":{"@id":"https:\/\/kibrisdakik.com\/?p=53754#primaryimage"},"thumbnailUrl":"https:\/\/kibrisdakik.com\/wp-content\/uploads\/2024\/08\/yunanistan-da-yangin-nedeniyle-2-hastane-tahliye-17710041_9481_amp.jpg","datePublished":"2024-08-12T06:27:26+00:00","author":{"@id":"https:\/\/kibrisdakik.com\/#\/schema\/person\/9cd9d437bbb44f72b73ba127e06d8e79"},"breadcrumb":{"@id":"https:\/\/kibrisdakik.com\/?p=53754#breadcrumb"},"inLanguage":"tr","potentialAction":[{"@type":"ReadAction","target":["https:\/\/kibrisdakik.com\/?p=53754"]}]},{"@type":"ImageObject","inLanguage":"tr","@id":"https:\/\/kibrisdakik.com\/?p=53754#primaryimage","url":"https:\/\/kibrisdakik.com\/wp-content\/uploads\/2024\/08\/yunanistan-da-yangin-nedeniyle-2-hastane-tahliye-17710041_9481_amp.jpg","contentUrl":"https:\/\/kibrisdakik.com\/wp-content\/uploads\/2024\/08\/yunanistan-da-yangin-nedeniyle-2-hastane-tahliye-17710041_9481_amp.jpg","width":1202,"height":675},{"@type":"BreadcrumbList","@id":"https:\/\/kibrisdakik.com\/?p=53754#breadcrumb","itemListElement":[{"@type":"ListItem","position":1,"name":"Home","item":"https:\/\/kibrisdakik.com\/"},{"@type":"ListItem","position":2,"name":"Yunanistan&#8217;da yang\u0131n nedeniyle 2 hastane tahliye edildi"}]},{"@type":"WebSite","@id":"https:\/\/kibrisdakik.com\/#website","url":"https:\/\/kibrisdakik.com\/","name":"","description":"Tam vaktinde haber","potentialAction":[{"@type":"SearchAction","target":{"@type":"EntryPoint","urlTemplate":"https:\/\/kibrisdakik.com\/?s={search_term_string}"},"query-input":{"@type":"PropertyValueSpecification","valueRequired":true,"valueName":"search_term_string"}}],"inLanguage":"tr"},{"@type":"Person","@id":"https:\/\/kibrisdakik.com\/#\/schema\/person\/9cd9d437bbb44f72b73ba127e06d8e79","name":"admin","image":{"@type":"ImageObject","inLanguage":"tr","@id":"https:\/\/secure.gravatar.com\/avatar\/ccc17943b9d660506c869530f897617f7cb1c21a4bf30023f252596d83e1f007?s=96&d=mm&r=g","url":"https:\/\/secure.gravatar.com\/avatar\/ccc17943b9d660506c869530f897617f7cb1c21a4bf30023f252596d83e1f007?s=96&d=mm&r=g","contentUrl":"https:\/\/secure.gravatar.com\/avatar\/ccc17943b9d660506c869530f897617f7cb1c21a4bf30023f252596d83e1f007?s=96&d=mm&r=g","caption":"admin"},"sameAs":["https:\/\/kibrisdakik.com"],"url":"https:\/\/kibrisdakik.com\/?author=1"}]}},"_links":{"self":[{"href":"https:\/\/kibrisdakik.com\/index.php?rest_route=\/wp\/v2\/posts\/53754","targetHints":{"allow":["GET"]}}],"collection":[{"href":"https:\/\/kibrisdakik.com\/index.php?rest_route=\/wp\/v2\/posts"}],"about":[{"href":"https:\/\/kibrisdakik.com\/index.php?rest_route=\/wp\/v2\/types\/post"}],"author":[{"embeddable":true,"href":"https:\/\/kibrisdakik.com\/index.php?rest_route=\/wp\/v2\/users\/1"}],"replies":[{"embeddable":true,"href":"https:\/\/kibrisdakik.com\/index.php?rest_route=%2Fwp%2Fv2%2Fcomments&post=53754"}],"version-history":[{"count":0,"href":"https:\/\/kibrisdakik.com\/index.php?rest_route=\/wp\/v2\/posts\/53754\/revisions"}],"wp:featuredmedia":[{"embeddable":true,"href":"https:\/\/kibrisdakik.com\/index.php?rest_route=\/wp\/v2\/media\/53755"}],"wp:attachment":[{"href":"https:\/\/kibrisdakik.com\/index.php?rest_route=%2Fwp%2Fv2%2Fmedia&parent=53754"}],"wp:term":[{"taxonomy":"category","embeddable":true,"href":"https:\/\/kibrisdakik.com\/index.php?rest_route=%2Fwp%2Fv2%2Fcategories&post=53754"},{"taxonomy":"post_tag","embeddable":true,"href":"https:\/\/kibrisdakik.com\/index.php?rest_route=%2Fwp%2Fv2%2Ftags&post=53754"}],"curies":[{"name":"wp","href":"https:\/\/api.w.org\/{rel}","templated":true}]}}