{"id":5385,"date":"2023-04-19T09:30:35","date_gmt":"2023-04-19T09:30:35","guid":{"rendered":"https:\/\/kibrisdakik.com\/index.php\/2023\/04\/19\/girne-belediye-baskani-senkul-makamini-cocuklara-devretti\/"},"modified":"2023-04-19T09:30:35","modified_gmt":"2023-04-19T09:30:35","slug":"girne-belediye-baskani-senkul-makamini-cocuklara-devretti","status":"publish","type":"post","link":"https:\/\/kibrisdakik.com\/?p=5385","title":{"rendered":"Girne Belediye Ba\u015fkan\u0131 \u015eenkul, makam\u0131n\u0131 \u00e7ocuklara devretti"},"content":{"rendered":"<p><\/p>\n<div>\n<div class=\"mariselle-image-container center\">\n                <img width=\"2560\" height=\"1008\" class=\"lazy-image\" alt=\"\" decoding=\"async\" loading=\"lazy\" sizes=\"auto, (max-width: 2560px) 100vw, 2560px\" src=\"https:\/\/brtk.net\/wp-content\/uploads\/2023\/04\/19\/2khkashdaksjhdksahdkashdky34ekwq-scaled.jpg?ver=ef41501230eb7dcbb0f0ebd0b3d4d2dd\" srcset=\"https:\/\/brtk.net\/wp-content\/uploads\/2023\/04\/19\/2khkashdaksjhdksahdkashdky34ekwq-scaled.jpg?ver=ef41501230eb7dcbb0f0ebd0b3d4d2dd 2560w, https:\/\/brtk.net\/wp-content\/uploads\/2023\/04\/19\/2khkashdaksjhdksahdkashdky34ekwq-300x118.jpg?ver=ef41501230eb7dcbb0f0ebd0b3d4d2dd 300w, https:\/\/brtk.net\/wp-content\/uploads\/2023\/04\/19\/2khkashdaksjhdksahdkashdky34ekwq-1024x403.jpg?ver=ef41501230eb7dcbb0f0ebd0b3d4d2dd 1024w, https:\/\/brtk.net\/wp-content\/uploads\/2023\/04\/19\/2khkashdaksjhdksahdkashdky34ekwq-768x302.jpg?ver=377d36e8869b3ecd957c64b462de5e62 768w, https:\/\/brtk.net\/wp-content\/uploads\/2023\/04\/19\/2khkashdaksjhdksahdkashdky34ekwq-1536x605.jpg?ver=377d36e8869b3ecd957c64b462de5e62 1536w, https:\/\/brtk.net\/wp-content\/uploads\/2023\/04\/19\/2khkashdaksjhdksahdkashdky34ekwq-2048x806.jpg?ver=daa2b1c0618c5f58176221b99ddfabed 2048w\"\/>                            <\/div>\n<p>Girne Belediye Ba\u015fkan\u0131 Murat \u015eenkul, 23 Nisan Ulusal Egemenlik ve \u00c7ocuk Bayram\u0131 nedeni ile makam\u0131n\u0131 \u00e7ocuklara devretti.<\/p>\n<p>Belediyeden yap\u0131lan a\u00e7\u0131klamaya g\u00f6re Girne Belediyesi, 23 Nisan Ulusal Egemenlik ve \u00c7ocuk Bayram\u0131 etkinliklerinin ilkini Girne Belediyesi Yeni Hizmet Binas\u0131\u2019nda yapt\u0131. Etkinlik kapsam\u0131nda, Girne Belediye Ba\u015fkan\u0131 Murat \u015eenkul makam\u0131n\u0131 Mustafa \u00c7a\u011fatay \u0130lkokulu \u00f6\u011frencilerine verdi. K\u0131sa s\u00fcreli\u011fine Ba\u015fkanl\u0131k makam\u0131na oturan \u00f6\u011frenciler; \u00e7evre, trafik, temizlik gibi konular\u0131 masaya yat\u0131rd\u0131, Girne Kenti i\u00e7in kendi icraatlar\u0131n\u0131 ortaya koydu. \u00d6\u011frenciler, Mustafa \u00c7a\u011fatay \u0130lkokulu ile ilgili ihtiya\u00e7lar\u0131 da g\u00fcndeme getirerek, \u015eenkul\u2019a bu y\u00f6nde taleplerini iletti.<\/p>\n<p><strong>-\u015eenkul: \u201c22-23 Nisan\u2019da t\u00fcm \u00e7ocuklar\u0131 Ramadan Cemil Meydan\u0131\u2019na bekliyoruz.\u201d<\/strong><\/p>\n<p>Etkinlikte konu\u015fan Girne Belediye Ba\u015fkan\u0131 Murat \u015eenkul, 23 Nisan Ulusal Egemenlik ve \u00c7ocuk Bayram\u0131\u2019n\u0131n t\u00fcm \u00e7ocuklar i\u00e7in mutlu ve kutlu olmas\u0131n\u0131 diledi.<\/p>\n<p>22-23 Nisan tarihlerinde Girne Belediyesi taraf\u0131ndan Ramadan Cemil Meydan\u0131\u2019nda \u201c23 Nisan \u00c7ocuk \u015eenli\u011fi ve Bayram\u0131 Kutlamas\u0131\u201d d\u00fczenlenece\u011fini belirten \u015eenkul, t\u00fcm \u00e7ocuklar\u0131 \u00fccretsiz ve \u00e7ocuklara hitap eden etkinliklerin yap\u0131laca\u011f\u0131 kutlamada g\u00f6rmek istedi\u011fini s\u00f6yledi.<\/p>\n<\/p><\/div>\n<p><script async\n                    defer\n                    crossorigin=\"anonymous\"\n                    src=\"https:\/\/connect.facebook.net\/tr_TR\/sdk.js#xfbml=1&#038;version=v3.3\"\n            ><\/script><\/p>\n","protected":false},"excerpt":{"rendered":"<p>Girne Belediye Ba\u015fkan\u0131 Murat \u015eenkul, 23 Nisan Ulusal Egemenlik ve \u00c7ocuk Bayram\u0131 nedeni ile makam\u0131n\u0131 \u00e7ocuklara devretti. Belediyeden yap\u0131lan a\u00e7\u0131klamaya g\u00f6re Girne Belediyesi, 23 Nisan Ulusal Egemenlik ve \u00c7ocuk Bayram\u0131 etkinliklerinin ilkini Girne Belediyesi Yeni Hizmet Binas\u0131\u2019nda yapt\u0131. Etkinlik kapsam\u0131nda, Girne Belediye Ba\u015fkan\u0131 Murat \u015eenkul makam\u0131n\u0131 Mustafa \u00c7a\u011fatay \u0130lkokulu \u00f6\u011frencilerine verdi. K\u0131sa s\u00fcreli\u011fine Ba\u015fkanl\u0131k makam\u0131na<\/p>\n","protected":false},"author":1,"featured_media":5386,"comment_status":"open","ping_status":"open","sticky":false,"template":"","format":"standard","meta":{"footnotes":""},"categories":[1],"tags":[],"class_list":["post-5385","post","type-post","status-publish","format-standard","has-post-thumbnail","hentry","category-gundem"],"yoast_head":"<!-- This site is optimized with the Yoast SEO plugin v27.5 - https:\/\/yoast.com\/product\/yoast-seo-wordpress\/ -->\n<title>Girne Belediye Ba\u015fkan\u0131 \u015eenkul, makam\u0131n\u0131 \u00e7ocuklara devretti -<\/title>\n<meta name=\"robots\" content=\"index, follow, max-snippet:-1, max-image-preview:large, max-video-preview:-1\" \/>\n<link rel=\"canonical\" href=\"https:\/\/kibrisdakik.com\/?p=5385\" \/>\n<meta property=\"og:locale\" content=\"tr_TR\" \/>\n<meta property=\"og:type\" content=\"article\" \/>\n<meta property=\"og:title\" content=\"Girne Belediye Ba\u015fkan\u0131 \u015eenkul, makam\u0131n\u0131 \u00e7ocuklara devretti -\" \/>\n<meta property=\"og:description\" content=\"Girne Belediye Ba\u015fkan\u0131 Murat \u015eenkul, 23 Nisan Ulusal Egemenlik ve \u00c7ocuk Bayram\u0131 nedeni ile makam\u0131n\u0131 \u00e7ocuklara devretti. Belediyeden yap\u0131lan a\u00e7\u0131klamaya g\u00f6re Girne Belediyesi, 23 Nisan Ulusal Egemenlik ve \u00c7ocuk Bayram\u0131 etkinliklerinin ilkini Girne Belediyesi Yeni Hizmet Binas\u0131\u2019nda yapt\u0131. Etkinlik kapsam\u0131nda, Girne Belediye Ba\u015fkan\u0131 Murat \u015eenkul makam\u0131n\u0131 Mustafa \u00c7a\u011fatay \u0130lkokulu \u00f6\u011frencilerine verdi. K\u0131sa s\u00fcreli\u011fine Ba\u015fkanl\u0131k makam\u0131na\" \/>\n<meta property=\"og:url\" content=\"https:\/\/kibrisdakik.com\/?p=5385\" \/>\n<meta property=\"article:published_time\" content=\"2023-04-19T09:30:35+00:00\" \/>\n<meta property=\"og:image\" content=\"https:\/\/kibrisdakik.com\/wp-content\/uploads\/2023\/04\/2khkashdaksjhdksahdkashdky34ekwq-scaled-740x420.jpg\" \/>\n\t<meta property=\"og:image:width\" content=\"2560\" \/>\n\t<meta property=\"og:image:height\" content=\"1008\" \/>\n\t<meta property=\"og:image:type\" content=\"image\/jpeg\" \/>\n<meta name=\"author\" content=\"admin\" \/>\n<meta name=\"twitter:card\" content=\"summary_large_image\" \/>\n<meta name=\"twitter:label1\" content=\"Yazan:\" \/>\n\t<meta name=\"twitter:data1\" content=\"admin\" \/>\n\t<meta name=\"twitter:label2\" content=\"Tahmini okuma s\u00fcresi\" \/>\n\t<meta name=\"twitter:data2\" content=\"1 dakika\" \/>\n<script type=\"application\/ld+json\" class=\"yoast-schema-graph\">{\"@context\":\"https:\\\/\\\/schema.org\",\"@graph\":[{\"@type\":\"Article\",\"@id\":\"https:\\\/\\\/kibrisdakik.com\\\/?p=5385#article\",\"isPartOf\":{\"@id\":\"https:\\\/\\\/kibrisdakik.com\\\/?p=5385\"},\"author\":{\"name\":\"admin\",\"@id\":\"https:\\\/\\\/kibrisdakik.com\\\/#\\\/schema\\\/person\\\/9cd9d437bbb44f72b73ba127e06d8e79\"},\"headline\":\"Girne Belediye Ba\u015fkan\u0131 \u015eenkul, makam\u0131n\u0131 \u00e7ocuklara devretti\",\"datePublished\":\"2023-04-19T09:30:35+00:00\",\"mainEntityOfPage\":{\"@id\":\"https:\\\/\\\/kibrisdakik.com\\\/?p=5385\"},\"wordCount\":199,\"commentCount\":0,\"image\":{\"@id\":\"https:\\\/\\\/kibrisdakik.com\\\/?p=5385#primaryimage\"},\"thumbnailUrl\":\"https:\\\/\\\/kibrisdakik.com\\\/wp-content\\\/uploads\\\/2023\\\/04\\\/2khkashdaksjhdksahdkashdky34ekwq-scaled-740x420.jpg\",\"articleSection\":[\"G\u00fcndem\"],\"inLanguage\":\"tr\",\"potentialAction\":[{\"@type\":\"CommentAction\",\"name\":\"Comment\",\"target\":[\"https:\\\/\\\/kibrisdakik.com\\\/?p=5385#respond\"]}]},{\"@type\":\"WebPage\",\"@id\":\"https:\\\/\\\/kibrisdakik.com\\\/?p=5385\",\"url\":\"https:\\\/\\\/kibrisdakik.com\\\/?p=5385\",\"name\":\"Girne Belediye Ba\u015fkan\u0131 \u015eenkul, makam\u0131n\u0131 \u00e7ocuklara devretti -\",\"isPartOf\":{\"@id\":\"https:\\\/\\\/kibrisdakik.com\\\/#website\"},\"primaryImageOfPage\":{\"@id\":\"https:\\\/\\\/kibrisdakik.com\\\/?p=5385#primaryimage\"},\"image\":{\"@id\":\"https:\\\/\\\/kibrisdakik.com\\\/?p=5385#primaryimage\"},\"thumbnailUrl\":\"https:\\\/\\\/kibrisdakik.com\\\/wp-content\\\/uploads\\\/2023\\\/04\\\/2khkashdaksjhdksahdkashdky34ekwq-scaled-740x420.jpg\",\"datePublished\":\"2023-04-19T09:30:35+00:00\",\"author\":{\"@id\":\"https:\\\/\\\/kibrisdakik.com\\\/#\\\/schema\\\/person\\\/9cd9d437bbb44f72b73ba127e06d8e79\"},\"breadcrumb\":{\"@id\":\"https:\\\/\\\/kibrisdakik.com\\\/?p=5385#breadcrumb\"},\"inLanguage\":\"tr\",\"potentialAction\":[{\"@type\":\"ReadAction\",\"target\":[\"https:\\\/\\\/kibrisdakik.com\\\/?p=5385\"]}]},{\"@type\":\"ImageObject\",\"inLanguage\":\"tr\",\"@id\":\"https:\\\/\\\/kibrisdakik.com\\\/?p=5385#primaryimage\",\"url\":\"https:\\\/\\\/kibrisdakik.com\\\/wp-content\\\/uploads\\\/2023\\\/04\\\/2khkashdaksjhdksahdkashdky34ekwq-scaled-740x420.jpg\",\"contentUrl\":\"https:\\\/\\\/kibrisdakik.com\\\/wp-content\\\/uploads\\\/2023\\\/04\\\/2khkashdaksjhdksahdkashdky34ekwq-scaled-740x420.jpg\",\"width\":2560,\"height\":1008},{\"@type\":\"BreadcrumbList\",\"@id\":\"https:\\\/\\\/kibrisdakik.com\\\/?p=5385#breadcrumb\",\"itemListElement\":[{\"@type\":\"ListItem\",\"position\":1,\"name\":\"Home\",\"item\":\"https:\\\/\\\/kibrisdakik.com\\\/\"},{\"@type\":\"ListItem\",\"position\":2,\"name\":\"Girne Belediye Ba\u015fkan\u0131 \u015eenkul, makam\u0131n\u0131 \u00e7ocuklara devretti\"}]},{\"@type\":\"WebSite\",\"@id\":\"https:\\\/\\\/kibrisdakik.com\\\/#website\",\"url\":\"https:\\\/\\\/kibrisdakik.com\\\/\",\"name\":\"\",\"description\":\"Tam vaktinde haber\",\"potentialAction\":[{\"@type\":\"SearchAction\",\"target\":{\"@type\":\"EntryPoint\",\"urlTemplate\":\"https:\\\/\\\/kibrisdakik.com\\\/?s={search_term_string}\"},\"query-input\":{\"@type\":\"PropertyValueSpecification\",\"valueRequired\":true,\"valueName\":\"search_term_string\"}}],\"inLanguage\":\"tr\"},{\"@type\":\"Person\",\"@id\":\"https:\\\/\\\/kibrisdakik.com\\\/#\\\/schema\\\/person\\\/9cd9d437bbb44f72b73ba127e06d8e79\",\"name\":\"admin\",\"image\":{\"@type\":\"ImageObject\",\"inLanguage\":\"tr\",\"@id\":\"https:\\\/\\\/secure.gravatar.com\\\/avatar\\\/ccc17943b9d660506c869530f897617f7cb1c21a4bf30023f252596d83e1f007?s=96&d=mm&r=g\",\"url\":\"https:\\\/\\\/secure.gravatar.com\\\/avatar\\\/ccc17943b9d660506c869530f897617f7cb1c21a4bf30023f252596d83e1f007?s=96&d=mm&r=g\",\"contentUrl\":\"https:\\\/\\\/secure.gravatar.com\\\/avatar\\\/ccc17943b9d660506c869530f897617f7cb1c21a4bf30023f252596d83e1f007?s=96&d=mm&r=g\",\"caption\":\"admin\"},\"sameAs\":[\"https:\\\/\\\/kibrisdakik.com\"],\"url\":\"https:\\\/\\\/kibrisdakik.com\\\/?author=1\"}]}<\/script>\n<!-- \/ Yoast SEO plugin. -->","yoast_head_json":{"title":"Girne Belediye Ba\u015fkan\u0131 \u015eenkul, makam\u0131n\u0131 \u00e7ocuklara devretti -","robots":{"index":"index","follow":"follow","max-snippet":"max-snippet:-1","max-image-preview":"max-image-preview:large","max-video-preview":"max-video-preview:-1"},"canonical":"https:\/\/kibrisdakik.com\/?p=5385","og_locale":"tr_TR","og_type":"article","og_title":"Girne Belediye Ba\u015fkan\u0131 \u015eenkul, makam\u0131n\u0131 \u00e7ocuklara devretti -","og_description":"Girne Belediye Ba\u015fkan\u0131 Murat \u015eenkul, 23 Nisan Ulusal Egemenlik ve \u00c7ocuk Bayram\u0131 nedeni ile makam\u0131n\u0131 \u00e7ocuklara devretti. Belediyeden yap\u0131lan a\u00e7\u0131klamaya g\u00f6re Girne Belediyesi, 23 Nisan Ulusal Egemenlik ve \u00c7ocuk Bayram\u0131 etkinliklerinin ilkini Girne Belediyesi Yeni Hizmet Binas\u0131\u2019nda yapt\u0131. Etkinlik kapsam\u0131nda, Girne Belediye Ba\u015fkan\u0131 Murat \u015eenkul makam\u0131n\u0131 Mustafa \u00c7a\u011fatay \u0130lkokulu \u00f6\u011frencilerine verdi. K\u0131sa s\u00fcreli\u011fine Ba\u015fkanl\u0131k makam\u0131na","og_url":"https:\/\/kibrisdakik.com\/?p=5385","article_published_time":"2023-04-19T09:30:35+00:00","og_image":[{"width":2560,"height":1008,"url":"https:\/\/kibrisdakik.com\/wp-content\/uploads\/2023\/04\/2khkashdaksjhdksahdkashdky34ekwq-scaled-740x420.jpg","type":"image\/jpeg"}],"author":"admin","twitter_card":"summary_large_image","twitter_misc":{"Yazan:":"admin","Tahmini okuma s\u00fcresi":"1 dakika"},"schema":{"@context":"https:\/\/schema.org","@graph":[{"@type":"Article","@id":"https:\/\/kibrisdakik.com\/?p=5385#article","isPartOf":{"@id":"https:\/\/kibrisdakik.com\/?p=5385"},"author":{"name":"admin","@id":"https:\/\/kibrisdakik.com\/#\/schema\/person\/9cd9d437bbb44f72b73ba127e06d8e79"},"headline":"Girne Belediye Ba\u015fkan\u0131 \u015eenkul, makam\u0131n\u0131 \u00e7ocuklara devretti","datePublished":"2023-04-19T09:30:35+00:00","mainEntityOfPage":{"@id":"https:\/\/kibrisdakik.com\/?p=5385"},"wordCount":199,"commentCount":0,"image":{"@id":"https:\/\/kibrisdakik.com\/?p=5385#primaryimage"},"thumbnailUrl":"https:\/\/kibrisdakik.com\/wp-content\/uploads\/2023\/04\/2khkashdaksjhdksahdkashdky34ekwq-scaled-740x420.jpg","articleSection":["G\u00fcndem"],"inLanguage":"tr","potentialAction":[{"@type":"CommentAction","name":"Comment","target":["https:\/\/kibrisdakik.com\/?p=5385#respond"]}]},{"@type":"WebPage","@id":"https:\/\/kibrisdakik.com\/?p=5385","url":"https:\/\/kibrisdakik.com\/?p=5385","name":"Girne Belediye Ba\u015fkan\u0131 \u015eenkul, makam\u0131n\u0131 \u00e7ocuklara devretti -","isPartOf":{"@id":"https:\/\/kibrisdakik.com\/#website"},"primaryImageOfPage":{"@id":"https:\/\/kibrisdakik.com\/?p=5385#primaryimage"},"image":{"@id":"https:\/\/kibrisdakik.com\/?p=5385#primaryimage"},"thumbnailUrl":"https:\/\/kibrisdakik.com\/wp-content\/uploads\/2023\/04\/2khkashdaksjhdksahdkashdky34ekwq-scaled-740x420.jpg","datePublished":"2023-04-19T09:30:35+00:00","author":{"@id":"https:\/\/kibrisdakik.com\/#\/schema\/person\/9cd9d437bbb44f72b73ba127e06d8e79"},"breadcrumb":{"@id":"https:\/\/kibrisdakik.com\/?p=5385#breadcrumb"},"inLanguage":"tr","potentialAction":[{"@type":"ReadAction","target":["https:\/\/kibrisdakik.com\/?p=5385"]}]},{"@type":"ImageObject","inLanguage":"tr","@id":"https:\/\/kibrisdakik.com\/?p=5385#primaryimage","url":"https:\/\/kibrisdakik.com\/wp-content\/uploads\/2023\/04\/2khkashdaksjhdksahdkashdky34ekwq-scaled-740x420.jpg","contentUrl":"https:\/\/kibrisdakik.com\/wp-content\/uploads\/2023\/04\/2khkashdaksjhdksahdkashdky34ekwq-scaled-740x420.jpg","width":2560,"height":1008},{"@type":"BreadcrumbList","@id":"https:\/\/kibrisdakik.com\/?p=5385#breadcrumb","itemListElement":[{"@type":"ListItem","position":1,"name":"Home","item":"https:\/\/kibrisdakik.com\/"},{"@type":"ListItem","position":2,"name":"Girne Belediye Ba\u015fkan\u0131 \u015eenkul, makam\u0131n\u0131 \u00e7ocuklara devretti"}]},{"@type":"WebSite","@id":"https:\/\/kibrisdakik.com\/#website","url":"https:\/\/kibrisdakik.com\/","name":"","description":"Tam vaktinde haber","potentialAction":[{"@type":"SearchAction","target":{"@type":"EntryPoint","urlTemplate":"https:\/\/kibrisdakik.com\/?s={search_term_string}"},"query-input":{"@type":"PropertyValueSpecification","valueRequired":true,"valueName":"search_term_string"}}],"inLanguage":"tr"},{"@type":"Person","@id":"https:\/\/kibrisdakik.com\/#\/schema\/person\/9cd9d437bbb44f72b73ba127e06d8e79","name":"admin","image":{"@type":"ImageObject","inLanguage":"tr","@id":"https:\/\/secure.gravatar.com\/avatar\/ccc17943b9d660506c869530f897617f7cb1c21a4bf30023f252596d83e1f007?s=96&d=mm&r=g","url":"https:\/\/secure.gravatar.com\/avatar\/ccc17943b9d660506c869530f897617f7cb1c21a4bf30023f252596d83e1f007?s=96&d=mm&r=g","contentUrl":"https:\/\/secure.gravatar.com\/avatar\/ccc17943b9d660506c869530f897617f7cb1c21a4bf30023f252596d83e1f007?s=96&d=mm&r=g","caption":"admin"},"sameAs":["https:\/\/kibrisdakik.com"],"url":"https:\/\/kibrisdakik.com\/?author=1"}]}},"_links":{"self":[{"href":"https:\/\/kibrisdakik.com\/index.php?rest_route=\/wp\/v2\/posts\/5385","targetHints":{"allow":["GET"]}}],"collection":[{"href":"https:\/\/kibrisdakik.com\/index.php?rest_route=\/wp\/v2\/posts"}],"about":[{"href":"https:\/\/kibrisdakik.com\/index.php?rest_route=\/wp\/v2\/types\/post"}],"author":[{"embeddable":true,"href":"https:\/\/kibrisdakik.com\/index.php?rest_route=\/wp\/v2\/users\/1"}],"replies":[{"embeddable":true,"href":"https:\/\/kibrisdakik.com\/index.php?rest_route=%2Fwp%2Fv2%2Fcomments&post=5385"}],"version-history":[{"count":0,"href":"https:\/\/kibrisdakik.com\/index.php?rest_route=\/wp\/v2\/posts\/5385\/revisions"}],"wp:featuredmedia":[{"embeddable":true,"href":"https:\/\/kibrisdakik.com\/index.php?rest_route=\/wp\/v2\/media\/5386"}],"wp:attachment":[{"href":"https:\/\/kibrisdakik.com\/index.php?rest_route=%2Fwp%2Fv2%2Fmedia&parent=5385"}],"wp:term":[{"taxonomy":"category","embeddable":true,"href":"https:\/\/kibrisdakik.com\/index.php?rest_route=%2Fwp%2Fv2%2Fcategories&post=5385"},{"taxonomy":"post_tag","embeddable":true,"href":"https:\/\/kibrisdakik.com\/index.php?rest_route=%2Fwp%2Fv2%2Ftags&post=5385"}],"curies":[{"name":"wp","href":"https:\/\/api.w.org\/{rel}","templated":true}]}}