{"id":53987,"date":"2024-08-13T11:39:47","date_gmt":"2024-08-13T08:39:47","guid":{"rendered":"https:\/\/kibrisdakik.com\/index.php\/2024\/08\/13\/emekli-ve-memur-maaslari-ne-kadar-olacak-ocak-zammi-icin-2-senaryo-konusuluyor\/"},"modified":"2024-08-13T11:39:47","modified_gmt":"2024-08-13T08:39:47","slug":"emekli-ve-memur-maaslari-ne-kadar-olacak-ocak-zammi-icin-2-senaryo-konusuluyor","status":"publish","type":"post","link":"https:\/\/kibrisdakik.com\/?p=53987","title":{"rendered":"Emekli ve memur maa\u015flar\u0131 ne kadar olacak? Ocak zamm\u0131 i\u00e7in 2 senaryo konu\u015fuluyor"},"content":{"rendered":"<p><img decoding=\"async\" src=\"https:\/\/foto.haberler.com\/haber\/2024\/08\/13\/emekli-ve-memur-maaslari-ne-kadar-olacak-ocak-17714410_2812_amp.jpg\" \/><\/p>\n<div id=\"\">\n<p> <a class=\"keyword\" href=\"https:\/\/www.haberler.com\/memur\/\" title=\"Memur Haberleri, Memur Haberi, Memur Haber\"><strong>Memur<\/strong><\/a> ve emekli zamm\u0131 i\u00e7in belirleyici olan enflasyon verisine dair  <a class=\"keyword\" href=\"https:\/\/www.haberler.com\/merkez-bankasi\/\" title=\"Merkez Bankas\u0131 Haberleri, Merkez Bankas\u0131 Haberi, Merkez Bankas\u0131 Haber\"><strong>Merkez Bankas\u0131<\/strong><\/a>&#8216;ndan kritik a\u00e7\u0131klama geldi. Bankan\u0131n y\u0131l sonu enflasyon tahminleriyle emekli ve memur zamm\u0131 hesaplanabiliyor. Ocak ay\u0131nda yap\u0131lacak zam ile emekli ve memur maa\u015f\u0131 ba\u015fta olmak \u00fczere b\u00fct\u00fcn kalemlerde \u00f6demeler artacak. Peki a\u00e7\u0131klanan tahminlere g\u00f6re yeni memur ve emekli zamm\u0131 ne kadar olacak? \u0130\u015fte merak edilen yeni oranlar&#8230;<\/p>\n<p> <a class=\"keyword\" href=\"https:\/\/www.haberler.com\/merkez-bankasi\/\" title=\"Merkez Bankas\u0131 Haberleri, Merkez Bankas\u0131 Haberi, Merkez Bankas\u0131 Haber\"><strong>Merkez Bankas\u0131<\/strong><\/a> y\u0131l\u0131n 3. enflasyon raporunda y\u0131l sonu enflasyon tahminlerini a\u00e7\u0131klad\u0131. S\u00f6z konusu tahminlerle emekli ve memur zamm\u0131 hesaplanabiliyor. \u0130\u015fte memur enflasyon fark\u0131 ile SSK ve Ba\u011f-Kur emeklisi i\u00e7in yeni zam oran\u0131&#8230;<\/p>\n<p>MEMUR VE EMEKL\u0130 ZAMMI \u0130\u00c7\u0130N EN G\u00dc\u00c7L\u00dc 2 SENARYO BELL\u0130 OLDU<\/p>\n<p>Emekli ve memur maa\u015f\u0131 ba\u015fta olmak \u00fczere bir\u00e7ok kalemde belirleyici olan enflasyon verisinde kritik oranlar belli oldu. Merkez Bankas\u0131 y\u0131l sonu enflasyon tahminlerini a\u00e7\u0131klad\u0131. Banka, 2024 y\u0131l sonu enflasyon tahminini y\u00fczde 38 olarak korurken, \u00fcst band\u0131 ise y\u00fczde 42 olarak a\u00e7\u0131klad\u0131. B\u00f6ylece memur ve emekli zamm\u0131 i\u00e7in en g\u00fc\u00e7l\u00fc 2 senaryo belli oldu.<\/p>\n<p>TEMMUZDA EMEKL\u0130 VE MEMUR ZAMMI NE KADAR OLDU?<\/p>\n<p>Temmuz ay\u0131nda 6 ayl\u0131k enflasyon y\u00fczde 24.73 \u00e7\u0131karken SSK ve Ba\u011f-Kur emeklileri bu oranda enflasyon art\u0131\u015f\u0131 ald\u0131. Memurlar ve memur emeklileri ise toplu s\u00f6zle\u015fmedeki art\u0131\u015fla birlikte y\u00fczde 19.31 oran\u0131nda art\u0131\u015f ald\u0131lar. Ocak&#8217;ta ise hem memurlara hem de t\u00fcm emeklileri refah pay\u0131 ile birlikte y\u00fczde 49.25 art\u0131\u015f yap\u0131lm\u0131\u015f ve y\u0131ll\u0131k art\u0131\u015f y\u00fczde 86.16&#8217;y\u0131 bulmu\u015ftu. A\u00e7\u0131klanan Temmuz enflasyonu ile birlikte 7 ayl\u0131k oran ise y\u00fczde 28.76 oldu.<\/p>\n<p>YIL SONU ENFLASYON TAHM\u0130N\u0130 Y\u00dcZDE 38<\/p>\n<p>Merkez Bankas\u0131 y\u0131l\u0131n \u00fc\u00e7\u00fcnc\u00fc enflasyon raporunu a\u00e7\u0131klad\u0131. Raporda, daha \u00f6nce y\u00fczde 38 olarak \u00f6ng\u00f6r\u00fclen 2024 y\u0131l sonu enflasyon tahmini aynen korundu. Enflasyon tahmininin \u00fcst band\u0131 ise y\u00fczde 42 olarak a\u00e7\u0131kland\u0131. Merkez Bankas\u0131 Ba\u015fkan\u0131 Fatih Karahan enflasyonda d\u00fc\u015f\u00fc\u015f beklediklerini de s\u00f6yleyerek tahminlerini de\u011fi\u015ftirmedi.<\/p>\n<p>S\u00f6z konusu y\u0131l sonu tahminleri sonucunda emeklilerin ve memurlar\u0131n alabilecekleri zam oranlar\u0131 da hesaplanabiliyor. Y\u0131l sonu i\u00e7in belirlenen y\u00fczde 38 ve y\u00fczde 42 oranlar\u0131na g\u00f6re endeksteki de\u011fi\u015fim 6 ayl\u0131k enflasyon oranlar\u0131n\u0131 da veriyor.<\/p>\n<p>\u0130\u015eTE YEN\u0130 MEMUR ZAMMI<\/p>\n<p>Buna g\u00f6re y\u0131l sonunda Merkez Bankas\u0131&#8217;n\u0131n y\u00fczde 38 oran\u0131ndaki tahmini ger\u00e7ekle\u015firse memurlar ve memur emeklileri enflasyon fark\u0131n\u0131 \u00e7ok k\u00fc\u00e7\u00fck miktarda alacaklar. Memurlar ve memur emeklilerinin Ocak ay\u0131 toplu s\u00f6zle\u015fme art\u0131\u015flar\u0131 y\u00fczde 6 olarak uygulanacak. Y\u00fczde 38 oran\u0131ndaki tahmine g\u00f6re de memurlar\u0131n ve memur emeklilerinin enflasyon fark\u0131yla birlikte art\u0131\u015flar\u0131 y\u00fczde 6.62 oran\u0131nda olacak. E\u011fer y\u00fczde 42 oran\u0131ndaki \u00fcst bant ger\u00e7ekle\u015firse bu kez memurlar ve memur emeklileri i\u00e7in zam oran\u0131 y\u00fczde 9.70&#8217;i bulacak.<\/p>\n<p>YEN\u0130 EMEKL\u0130 ZAMMI NE KADAR OLACAK?<\/p>\n<p>S\u00f6z konusu iki tahmine g\u00f6re SSK ve Ba\u011f-Kur emeklilerinin 6 ayl\u0131k enflasyon art\u0131\u015flar\u0131 da hesaplan\u0131yor. SSK ve Ba\u011f-Kur emeklileri son 6 ayda olu\u015fan enflasyon kadar art\u0131\u015f al\u0131yor. Buna g\u00f6re de y\u00fczde 38&#8217;lik tahmine g\u00f6re 6 ayl\u0131k enflasyon 10.65 oran\u0131nda ger\u00e7ekle\u015fecek. Bu da emeklilerin art\u0131\u015f oran\u0131n\u0131 verecek. Y\u00fczde 42 oran\u0131nda \u00fcst banttaki enflasyon ger\u00e7ekle\u015firse bu kez 6 ayl\u0131k art\u0131\u015f oran\u0131 y\u00fczde 13,95 olacak.<\/p>\n<p>KES\u0130N RAKAM 3 OCAK&#8217;TA<\/p>\n<p>Bu tahminler bu d\u00f6nemde ger\u00e7ekle\u015fecek enflasyonlara g\u00f6re yeniden hesaplanacak. Ancak kesin rakam 3 Ocak&#8217;ta a\u00e7\u0131klanacak Aral\u0131k enflasyonu ile birlikte ortaya \u00e7\u0131kacak.<\/p>\n<p>EMEKL\u0130 MAA\u015eI ZAMMI NASIL HESAPLANIYOR?<\/p>\n<p>SSK, Ba\u011f-Kur emekli zamm\u0131 her y\u0131l 2 kez belirleniyor. Ocak ve Temmuz d\u00f6nemlerinde 6 ayl\u0131k enflasyon oran\u0131 kadar zam oran\u0131 ile emekli maa\u015flar\u0131 art\u0131yor.<\/p>\n<h4 id=\"nwsKeywords\"> <a href=\"https:\/\/www.haberler.com\/merkez-bankasi\/\" title=\"Merkez Bankas\u0131\" class=\"hbptTag\">Merkez Bankas\u0131<\/a>  <a href=\"https:\/\/www.haberler.com\/emekli-zammi\/\" title=\"Emekli Zamm\u0131\" class=\"hbptTag\">Emekli Zamm\u0131<\/a>  <a href=\"https:\/\/www.haberler.com\/ekonomi\/\" title=\"Ekonomi\" class=\"hbptTag\">Ekonomi<\/a>  <a href=\"https:\/\/www.haberler.com\/banka\/\" title=\"Banka\" class=\"hbptTag\">Banka<\/a>  <a href=\"https:\/\/www.haberler.com\/memur\/\" title=\"Memur\" class=\"hbptTag\">Memur<\/a>  <a href=\"https:\/\/www.haberler.com\/zam\/\" title=\"Zam\" class=\"hbptTag\">Zam<\/a>  <a href=\"https:\/\/www.haberler.com\/memur\/\" title=\"Memur\" class=\"hbptTag\">Memur<\/a>  <a href=\"https:\/\/www.haberler.com\/is-dunyasi\/\" title=\"\u0130\u015f D\u00fcnyas\u0131\" class=\"hbptTag\">\u0130\u015f D\u00fcnyas\u0131<\/a>  <a href=\"https:\/\/www.haberler.com\/finans\/\" title=\"Finans\" class=\"hbptTag\">Finans<\/a>  <a href=\"https:\/\/www.haberler.com\/ekonomi\/\" title=\"Ekonomi\" class=\"hbptTag\">Ekonomi<\/a>  <a href=\"https:\/\/www.haberler.com\/guncel\/\" title=\"G\u00fcncel\" class=\"hbptTag\">G\u00fcncel<\/a>  <a href=\"https:\/\/www.haberler.com\/\" title=\"Haberler\" class=\"hbptTag\">Haberler<\/a> <\/h4>\n<\/div>\n","protected":false},"excerpt":{"rendered":"<p>Memur ve emekli zamm\u0131 i\u00e7in belirleyici olan enflasyon verisine dair Merkez Bankas\u0131&#8216;ndan kritik a\u00e7\u0131klama geldi. Bankan\u0131n y\u0131l sonu enflasyon tahminleriyle emekli ve memur zamm\u0131 hesaplanabiliyor. Ocak ay\u0131nda yap\u0131lacak zam ile emekli ve memur maa\u015f\u0131 ba\u015fta olmak \u00fczere b\u00fct\u00fcn kalemlerde \u00f6demeler artacak. Peki a\u00e7\u0131klanan tahminlere g\u00f6re yeni memur ve emekli zamm\u0131 ne kadar olacak? \u0130\u015fte merak<\/p>\n","protected":false},"author":1,"featured_media":53988,"comment_status":"open","ping_status":"open","sticky":false,"template":"","format":"standard","meta":{"footnotes":""},"categories":[83],"tags":[],"class_list":["post-53987","post","type-post","status-publish","format-standard","has-post-thumbnail","hentry","category-magazin"],"yoast_head":"<!-- This site is optimized with the Yoast SEO plugin v27.4 - https:\/\/yoast.com\/product\/yoast-seo-wordpress\/ -->\n<title>Emekli ve memur maa\u015flar\u0131 ne kadar olacak? Ocak zamm\u0131 i\u00e7in 2 senaryo konu\u015fuluyor -<\/title>\n<meta name=\"robots\" content=\"index, follow, max-snippet:-1, max-image-preview:large, max-video-preview:-1\" \/>\n<link rel=\"canonical\" href=\"https:\/\/kibrisdakik.com\/?p=53987\" \/>\n<meta property=\"og:locale\" content=\"tr_TR\" \/>\n<meta property=\"og:type\" content=\"article\" \/>\n<meta property=\"og:title\" content=\"Emekli ve memur maa\u015flar\u0131 ne kadar olacak? Ocak zamm\u0131 i\u00e7in 2 senaryo konu\u015fuluyor -\" \/>\n<meta property=\"og:description\" content=\"Memur ve emekli zamm\u0131 i\u00e7in belirleyici olan enflasyon verisine dair Merkez Bankas\u0131&#8216;ndan kritik a\u00e7\u0131klama geldi. Bankan\u0131n y\u0131l sonu enflasyon tahminleriyle emekli ve memur zamm\u0131 hesaplanabiliyor. Ocak ay\u0131nda yap\u0131lacak zam ile emekli ve memur maa\u015f\u0131 ba\u015fta olmak \u00fczere b\u00fct\u00fcn kalemlerde \u00f6demeler artacak. Peki a\u00e7\u0131klanan tahminlere g\u00f6re yeni memur ve emekli zamm\u0131 ne kadar olacak? \u0130\u015fte merak\" \/>\n<meta property=\"og:url\" content=\"https:\/\/kibrisdakik.com\/?p=53987\" \/>\n<meta property=\"article:published_time\" content=\"2024-08-13T08:39:47+00:00\" \/>\n<meta property=\"og:image\" content=\"https:\/\/kibrisdakik.com\/wp-content\/uploads\/2024\/08\/emekli-ve-memur-maaslari-ne-kadar-olacak-ocak-17714410_2812_amp.jpg\" \/>\n\t<meta property=\"og:image:width\" content=\"1202\" \/>\n\t<meta property=\"og:image:height\" content=\"675\" \/>\n\t<meta property=\"og:image:type\" content=\"image\/jpeg\" \/>\n<meta name=\"author\" content=\"admin\" \/>\n<meta name=\"twitter:card\" content=\"summary_large_image\" \/>\n<meta name=\"twitter:label1\" content=\"Yazan:\" \/>\n\t<meta name=\"twitter:data1\" content=\"admin\" \/>\n\t<meta name=\"twitter:label2\" content=\"Tahmini okuma s\u00fcresi\" \/>\n\t<meta name=\"twitter:data2\" content=\"3 dakika\" \/>\n<script type=\"application\/ld+json\" class=\"yoast-schema-graph\">{\"@context\":\"https:\\\/\\\/schema.org\",\"@graph\":[{\"@type\":\"Article\",\"@id\":\"https:\\\/\\\/kibrisdakik.com\\\/?p=53987#article\",\"isPartOf\":{\"@id\":\"https:\\\/\\\/kibrisdakik.com\\\/?p=53987\"},\"author\":{\"name\":\"admin\",\"@id\":\"https:\\\/\\\/kibrisdakik.com\\\/#\\\/schema\\\/person\\\/9cd9d437bbb44f72b73ba127e06d8e79\"},\"headline\":\"Emekli ve memur maa\u015flar\u0131 ne kadar olacak? Ocak zamm\u0131 i\u00e7in 2 senaryo konu\u015fuluyor\",\"datePublished\":\"2024-08-13T08:39:47+00:00\",\"mainEntityOfPage\":{\"@id\":\"https:\\\/\\\/kibrisdakik.com\\\/?p=53987\"},\"wordCount\":646,\"commentCount\":0,\"image\":{\"@id\":\"https:\\\/\\\/kibrisdakik.com\\\/?p=53987#primaryimage\"},\"thumbnailUrl\":\"https:\\\/\\\/kibrisdakik.com\\\/wp-content\\\/uploads\\\/2024\\\/08\\\/emekli-ve-memur-maaslari-ne-kadar-olacak-ocak-17714410_2812_amp.jpg\",\"articleSection\":[\"Magazin\"],\"inLanguage\":\"tr\",\"potentialAction\":[{\"@type\":\"CommentAction\",\"name\":\"Comment\",\"target\":[\"https:\\\/\\\/kibrisdakik.com\\\/?p=53987#respond\"]}]},{\"@type\":\"WebPage\",\"@id\":\"https:\\\/\\\/kibrisdakik.com\\\/?p=53987\",\"url\":\"https:\\\/\\\/kibrisdakik.com\\\/?p=53987\",\"name\":\"Emekli ve memur maa\u015flar\u0131 ne kadar olacak? Ocak zamm\u0131 i\u00e7in 2 senaryo konu\u015fuluyor -\",\"isPartOf\":{\"@id\":\"https:\\\/\\\/kibrisdakik.com\\\/#website\"},\"primaryImageOfPage\":{\"@id\":\"https:\\\/\\\/kibrisdakik.com\\\/?p=53987#primaryimage\"},\"image\":{\"@id\":\"https:\\\/\\\/kibrisdakik.com\\\/?p=53987#primaryimage\"},\"thumbnailUrl\":\"https:\\\/\\\/kibrisdakik.com\\\/wp-content\\\/uploads\\\/2024\\\/08\\\/emekli-ve-memur-maaslari-ne-kadar-olacak-ocak-17714410_2812_amp.jpg\",\"datePublished\":\"2024-08-13T08:39:47+00:00\",\"author\":{\"@id\":\"https:\\\/\\\/kibrisdakik.com\\\/#\\\/schema\\\/person\\\/9cd9d437bbb44f72b73ba127e06d8e79\"},\"breadcrumb\":{\"@id\":\"https:\\\/\\\/kibrisdakik.com\\\/?p=53987#breadcrumb\"},\"inLanguage\":\"tr\",\"potentialAction\":[{\"@type\":\"ReadAction\",\"target\":[\"https:\\\/\\\/kibrisdakik.com\\\/?p=53987\"]}]},{\"@type\":\"ImageObject\",\"inLanguage\":\"tr\",\"@id\":\"https:\\\/\\\/kibrisdakik.com\\\/?p=53987#primaryimage\",\"url\":\"https:\\\/\\\/kibrisdakik.com\\\/wp-content\\\/uploads\\\/2024\\\/08\\\/emekli-ve-memur-maaslari-ne-kadar-olacak-ocak-17714410_2812_amp.jpg\",\"contentUrl\":\"https:\\\/\\\/kibrisdakik.com\\\/wp-content\\\/uploads\\\/2024\\\/08\\\/emekli-ve-memur-maaslari-ne-kadar-olacak-ocak-17714410_2812_amp.jpg\",\"width\":1202,\"height\":675},{\"@type\":\"BreadcrumbList\",\"@id\":\"https:\\\/\\\/kibrisdakik.com\\\/?p=53987#breadcrumb\",\"itemListElement\":[{\"@type\":\"ListItem\",\"position\":1,\"name\":\"Home\",\"item\":\"https:\\\/\\\/kibrisdakik.com\\\/\"},{\"@type\":\"ListItem\",\"position\":2,\"name\":\"Emekli ve memur maa\u015flar\u0131 ne kadar olacak? Ocak zamm\u0131 i\u00e7in 2 senaryo konu\u015fuluyor\"}]},{\"@type\":\"WebSite\",\"@id\":\"https:\\\/\\\/kibrisdakik.com\\\/#website\",\"url\":\"https:\\\/\\\/kibrisdakik.com\\\/\",\"name\":\"\",\"description\":\"Tam vaktinde haber\",\"potentialAction\":[{\"@type\":\"SearchAction\",\"target\":{\"@type\":\"EntryPoint\",\"urlTemplate\":\"https:\\\/\\\/kibrisdakik.com\\\/?s={search_term_string}\"},\"query-input\":{\"@type\":\"PropertyValueSpecification\",\"valueRequired\":true,\"valueName\":\"search_term_string\"}}],\"inLanguage\":\"tr\"},{\"@type\":\"Person\",\"@id\":\"https:\\\/\\\/kibrisdakik.com\\\/#\\\/schema\\\/person\\\/9cd9d437bbb44f72b73ba127e06d8e79\",\"name\":\"admin\",\"image\":{\"@type\":\"ImageObject\",\"inLanguage\":\"tr\",\"@id\":\"https:\\\/\\\/secure.gravatar.com\\\/avatar\\\/ccc17943b9d660506c869530f897617f7cb1c21a4bf30023f252596d83e1f007?s=96&d=mm&r=g\",\"url\":\"https:\\\/\\\/secure.gravatar.com\\\/avatar\\\/ccc17943b9d660506c869530f897617f7cb1c21a4bf30023f252596d83e1f007?s=96&d=mm&r=g\",\"contentUrl\":\"https:\\\/\\\/secure.gravatar.com\\\/avatar\\\/ccc17943b9d660506c869530f897617f7cb1c21a4bf30023f252596d83e1f007?s=96&d=mm&r=g\",\"caption\":\"admin\"},\"sameAs\":[\"https:\\\/\\\/kibrisdakik.com\"],\"url\":\"https:\\\/\\\/kibrisdakik.com\\\/?author=1\"}]}<\/script>\n<!-- \/ Yoast SEO plugin. -->","yoast_head_json":{"title":"Emekli ve memur maa\u015flar\u0131 ne kadar olacak? Ocak zamm\u0131 i\u00e7in 2 senaryo konu\u015fuluyor -","robots":{"index":"index","follow":"follow","max-snippet":"max-snippet:-1","max-image-preview":"max-image-preview:large","max-video-preview":"max-video-preview:-1"},"canonical":"https:\/\/kibrisdakik.com\/?p=53987","og_locale":"tr_TR","og_type":"article","og_title":"Emekli ve memur maa\u015flar\u0131 ne kadar olacak? Ocak zamm\u0131 i\u00e7in 2 senaryo konu\u015fuluyor -","og_description":"Memur ve emekli zamm\u0131 i\u00e7in belirleyici olan enflasyon verisine dair Merkez Bankas\u0131&#8216;ndan kritik a\u00e7\u0131klama geldi. Bankan\u0131n y\u0131l sonu enflasyon tahminleriyle emekli ve memur zamm\u0131 hesaplanabiliyor. Ocak ay\u0131nda yap\u0131lacak zam ile emekli ve memur maa\u015f\u0131 ba\u015fta olmak \u00fczere b\u00fct\u00fcn kalemlerde \u00f6demeler artacak. Peki a\u00e7\u0131klanan tahminlere g\u00f6re yeni memur ve emekli zamm\u0131 ne kadar olacak? \u0130\u015fte merak","og_url":"https:\/\/kibrisdakik.com\/?p=53987","article_published_time":"2024-08-13T08:39:47+00:00","og_image":[{"width":1202,"height":675,"url":"https:\/\/kibrisdakik.com\/wp-content\/uploads\/2024\/08\/emekli-ve-memur-maaslari-ne-kadar-olacak-ocak-17714410_2812_amp.jpg","type":"image\/jpeg"}],"author":"admin","twitter_card":"summary_large_image","twitter_misc":{"Yazan:":"admin","Tahmini okuma s\u00fcresi":"3 dakika"},"schema":{"@context":"https:\/\/schema.org","@graph":[{"@type":"Article","@id":"https:\/\/kibrisdakik.com\/?p=53987#article","isPartOf":{"@id":"https:\/\/kibrisdakik.com\/?p=53987"},"author":{"name":"admin","@id":"https:\/\/kibrisdakik.com\/#\/schema\/person\/9cd9d437bbb44f72b73ba127e06d8e79"},"headline":"Emekli ve memur maa\u015flar\u0131 ne kadar olacak? Ocak zamm\u0131 i\u00e7in 2 senaryo konu\u015fuluyor","datePublished":"2024-08-13T08:39:47+00:00","mainEntityOfPage":{"@id":"https:\/\/kibrisdakik.com\/?p=53987"},"wordCount":646,"commentCount":0,"image":{"@id":"https:\/\/kibrisdakik.com\/?p=53987#primaryimage"},"thumbnailUrl":"https:\/\/kibrisdakik.com\/wp-content\/uploads\/2024\/08\/emekli-ve-memur-maaslari-ne-kadar-olacak-ocak-17714410_2812_amp.jpg","articleSection":["Magazin"],"inLanguage":"tr","potentialAction":[{"@type":"CommentAction","name":"Comment","target":["https:\/\/kibrisdakik.com\/?p=53987#respond"]}]},{"@type":"WebPage","@id":"https:\/\/kibrisdakik.com\/?p=53987","url":"https:\/\/kibrisdakik.com\/?p=53987","name":"Emekli ve memur maa\u015flar\u0131 ne kadar olacak? Ocak zamm\u0131 i\u00e7in 2 senaryo konu\u015fuluyor -","isPartOf":{"@id":"https:\/\/kibrisdakik.com\/#website"},"primaryImageOfPage":{"@id":"https:\/\/kibrisdakik.com\/?p=53987#primaryimage"},"image":{"@id":"https:\/\/kibrisdakik.com\/?p=53987#primaryimage"},"thumbnailUrl":"https:\/\/kibrisdakik.com\/wp-content\/uploads\/2024\/08\/emekli-ve-memur-maaslari-ne-kadar-olacak-ocak-17714410_2812_amp.jpg","datePublished":"2024-08-13T08:39:47+00:00","author":{"@id":"https:\/\/kibrisdakik.com\/#\/schema\/person\/9cd9d437bbb44f72b73ba127e06d8e79"},"breadcrumb":{"@id":"https:\/\/kibrisdakik.com\/?p=53987#breadcrumb"},"inLanguage":"tr","potentialAction":[{"@type":"ReadAction","target":["https:\/\/kibrisdakik.com\/?p=53987"]}]},{"@type":"ImageObject","inLanguage":"tr","@id":"https:\/\/kibrisdakik.com\/?p=53987#primaryimage","url":"https:\/\/kibrisdakik.com\/wp-content\/uploads\/2024\/08\/emekli-ve-memur-maaslari-ne-kadar-olacak-ocak-17714410_2812_amp.jpg","contentUrl":"https:\/\/kibrisdakik.com\/wp-content\/uploads\/2024\/08\/emekli-ve-memur-maaslari-ne-kadar-olacak-ocak-17714410_2812_amp.jpg","width":1202,"height":675},{"@type":"BreadcrumbList","@id":"https:\/\/kibrisdakik.com\/?p=53987#breadcrumb","itemListElement":[{"@type":"ListItem","position":1,"name":"Home","item":"https:\/\/kibrisdakik.com\/"},{"@type":"ListItem","position":2,"name":"Emekli ve memur maa\u015flar\u0131 ne kadar olacak? Ocak zamm\u0131 i\u00e7in 2 senaryo konu\u015fuluyor"}]},{"@type":"WebSite","@id":"https:\/\/kibrisdakik.com\/#website","url":"https:\/\/kibrisdakik.com\/","name":"","description":"Tam vaktinde haber","potentialAction":[{"@type":"SearchAction","target":{"@type":"EntryPoint","urlTemplate":"https:\/\/kibrisdakik.com\/?s={search_term_string}"},"query-input":{"@type":"PropertyValueSpecification","valueRequired":true,"valueName":"search_term_string"}}],"inLanguage":"tr"},{"@type":"Person","@id":"https:\/\/kibrisdakik.com\/#\/schema\/person\/9cd9d437bbb44f72b73ba127e06d8e79","name":"admin","image":{"@type":"ImageObject","inLanguage":"tr","@id":"https:\/\/secure.gravatar.com\/avatar\/ccc17943b9d660506c869530f897617f7cb1c21a4bf30023f252596d83e1f007?s=96&d=mm&r=g","url":"https:\/\/secure.gravatar.com\/avatar\/ccc17943b9d660506c869530f897617f7cb1c21a4bf30023f252596d83e1f007?s=96&d=mm&r=g","contentUrl":"https:\/\/secure.gravatar.com\/avatar\/ccc17943b9d660506c869530f897617f7cb1c21a4bf30023f252596d83e1f007?s=96&d=mm&r=g","caption":"admin"},"sameAs":["https:\/\/kibrisdakik.com"],"url":"https:\/\/kibrisdakik.com\/?author=1"}]}},"_links":{"self":[{"href":"https:\/\/kibrisdakik.com\/index.php?rest_route=\/wp\/v2\/posts\/53987","targetHints":{"allow":["GET"]}}],"collection":[{"href":"https:\/\/kibrisdakik.com\/index.php?rest_route=\/wp\/v2\/posts"}],"about":[{"href":"https:\/\/kibrisdakik.com\/index.php?rest_route=\/wp\/v2\/types\/post"}],"author":[{"embeddable":true,"href":"https:\/\/kibrisdakik.com\/index.php?rest_route=\/wp\/v2\/users\/1"}],"replies":[{"embeddable":true,"href":"https:\/\/kibrisdakik.com\/index.php?rest_route=%2Fwp%2Fv2%2Fcomments&post=53987"}],"version-history":[{"count":0,"href":"https:\/\/kibrisdakik.com\/index.php?rest_route=\/wp\/v2\/posts\/53987\/revisions"}],"wp:featuredmedia":[{"embeddable":true,"href":"https:\/\/kibrisdakik.com\/index.php?rest_route=\/wp\/v2\/media\/53988"}],"wp:attachment":[{"href":"https:\/\/kibrisdakik.com\/index.php?rest_route=%2Fwp%2Fv2%2Fmedia&parent=53987"}],"wp:term":[{"taxonomy":"category","embeddable":true,"href":"https:\/\/kibrisdakik.com\/index.php?rest_route=%2Fwp%2Fv2%2Fcategories&post=53987"},{"taxonomy":"post_tag","embeddable":true,"href":"https:\/\/kibrisdakik.com\/index.php?rest_route=%2Fwp%2Fv2%2Ftags&post=53987"}],"curies":[{"name":"wp","href":"https:\/\/api.w.org\/{rel}","templated":true}]}}