{"id":54110,"date":"2024-08-13T18:35:07","date_gmt":"2024-08-13T15:35:07","guid":{"rendered":"https:\/\/kibrisdakik.com\/index.php\/2024\/08\/13\/cumhurbaskani-tatar-turkiye-maarif-vakfi-yetkililerini-kabul-etti\/"},"modified":"2024-08-13T18:35:07","modified_gmt":"2024-08-13T15:35:07","slug":"cumhurbaskani-tatar-turkiye-maarif-vakfi-yetkililerini-kabul-etti","status":"publish","type":"post","link":"https:\/\/kibrisdakik.com\/?p=54110","title":{"rendered":"Cumhurba\u015fkan\u0131  Tatar, T\u00fcrkiye Maarif Vakf\u0131 yetkililerini kabul etti"},"content":{"rendered":"<p><\/p>\n<div>\n<div class=\"mariselle-image-container center\">\n                <img loading=\"lazy\" decoding=\"async\" width=\"1080\" height=\"562\" class=\"lazy-image\" alt=\"\" sizes=\"auto, (max-width: 1080px) 100vw, 1080px\" src=\"https:\/\/brtk.net\/wp-content\/uploads\/2024\/08\/13\/Screenshot_20240813_184327_X.jpg?ver=1768d447602a88d88a9f0664945ac8c8\" srcset=\"https:\/\/brtk.net\/wp-content\/uploads\/2024\/08\/13\/Screenshot_20240813_184327_X.jpg?ver=1768d447602a88d88a9f0664945ac8c8 1080w, https:\/\/brtk.net\/wp-content\/uploads\/2024\/08\/13\/Screenshot_20240813_184327_X-300x156.jpg?ver=951be188a7f27b90552886fd779eb84b 300w, https:\/\/brtk.net\/wp-content\/uploads\/2024\/08\/13\/Screenshot_20240813_184327_X-1024x533.jpg?ver=951be188a7f27b90552886fd779eb84b 1024w, https:\/\/brtk.net\/wp-content\/uploads\/2024\/08\/13\/Screenshot_20240813_184327_X-768x400.jpg?ver=951be188a7f27b90552886fd779eb84b 768w, https:\/\/brtk.net\/wp-content\/uploads\/2024\/08\/13\/Screenshot_20240813_184327_X-736x384.jpg?ver=951be188a7f27b90552886fd779eb84b 736w\"\/>                            <\/div>\n<p>Cumhurba\u015fkan\u0131 <a href=\"https:\/\/brtk.net\/\"\/><a href=\"https:\/\/brtk.net\/\"\/><a href=\"https:\/\/brtk.net\/\"\/><a href=\"https:\/\/brtk.net\/\">Tatar<\/a>, T\u00fcrkiye Maarif Vakf\u0131 \u00fclke temsilcisi Abdullah Y\u0131lmaz ve beraberindeki heyeti kabul etti.<\/p>\n<p>Kabulde yapt\u0131\u011f\u0131 konu\u015fmada, Cumhurba\u015fkan\u0131 <a href=\"https:\/\/brtk.net\/\" target=\"_blank\" rel=\"noopener\">Ersin <\/a><a href=\"https:\/\/brtk.net\/\"\/><a href=\"https:\/\/brtk.net\/\"\/><a href=\"https:\/\/brtk.net\/\"\/><a href=\"https:\/\/brtk.net\/\">Tatar<\/a>, ziyaretten duydu\u011fu memnuniyeti dile getirerek, e\u011fitim alan\u0131ndaki temsiliyetin \u00f6nemine de\u011findi. <\/p>\n<p>Yurt d\u0131\u015f\u0131nda ana dilde e\u011fitim alabilmenin gereklili\u011finin alt\u0131n\u0131 \u00e7izen Cumhurba\u015fkan\u0131 <a href=\"https:\/\/brtk.net\/\"\/><a href=\"https:\/\/brtk.net\/\"\/><a href=\"https:\/\/brtk.net\/\"\/><a href=\"https:\/\/brtk.net\/\">Tatar<\/a>, bunun \u00e7ok b\u00fcy\u00fck bir de\u011fer oldu\u011funu belirtti. Bu kapsamda, T\u00fcrkiye Maarif Vakf\u0131n\u0131 desteklerinden dolay\u0131 da tebrik eden Cumhurba\u015fkan\u0131 <a href=\"https:\/\/brtk.net\/\"\/><a href=\"https:\/\/brtk.net\/\"\/><a href=\"https:\/\/brtk.net\/\"\/><a href=\"https:\/\/brtk.net\/\">Tatar<\/a>, \u00e7al\u0131\u015fmalar\u0131nda ba\u015far\u0131lar diledi.  <\/p>\n<p>Cumhurba\u015fkan\u0131 <a href=\"https:\/\/brtk.net\/\"\/><a href=\"https:\/\/brtk.net\/\"\/><a href=\"https:\/\/brtk.net\/\"\/><a href=\"https:\/\/brtk.net\/\">Tatar<\/a>, maddi olarak bir beklentisi olmayan vakf\u0131n, sarf etti\u011fi emek ve elde etti\u011fi ba\u015far\u0131lar\u0131n milli hizmet oldu\u011funu belirtti. <\/p>\n<p>T\u00fcrkiye Maarif Vakf\u0131 \u00fclke temsilcisi Abdullah Y\u0131lmaz da, \u00e7al\u0131\u015fmalar\u0131 hakk\u0131nda bilgi vererek, evrensel de\u011ferleri benimseyen bir vak\u0131f olarak \u00e7al\u0131\u015fmalar\u0131na devam edeceklerinin alt\u0131n\u0131 \u00e7izdi.<\/p>\n<\/p><\/div>\n<p><script async\n                    defer\n                    crossorigin=\"anonymous\"\n                    src=\"https:\/\/connect.facebook.net\/tr_TR\/sdk.js#xfbml=1&#038;version=v3.3\"\n            ><\/script><\/p>\n","protected":false},"excerpt":{"rendered":"<p>Cumhurba\u015fkan\u0131 Tatar, T\u00fcrkiye Maarif Vakf\u0131 \u00fclke temsilcisi Abdullah Y\u0131lmaz ve beraberindeki heyeti kabul etti. Kabulde yapt\u0131\u011f\u0131 konu\u015fmada, Cumhurba\u015fkan\u0131 Ersin Tatar, ziyaretten duydu\u011fu memnuniyeti dile getirerek, e\u011fitim alan\u0131ndaki temsiliyetin \u00f6nemine de\u011findi. Yurt d\u0131\u015f\u0131nda ana dilde e\u011fitim alabilmenin gereklili\u011finin alt\u0131n\u0131 \u00e7izen Cumhurba\u015fkan\u0131 Tatar, bunun \u00e7ok b\u00fcy\u00fck bir de\u011fer oldu\u011funu belirtti. Bu kapsamda, T\u00fcrkiye Maarif Vakf\u0131n\u0131 desteklerinden dolay\u0131<\/p>\n","protected":false},"author":1,"featured_media":54111,"comment_status":"open","ping_status":"open","sticky":false,"template":"","format":"standard","meta":{"footnotes":""},"categories":[86],"tags":[],"class_list":["post-54110","post","type-post","status-publish","format-standard","has-post-thumbnail","hentry","category-turkiye"],"yoast_head":"<!-- This site is optimized with the Yoast SEO plugin v27.5 - https:\/\/yoast.com\/product\/yoast-seo-wordpress\/ -->\n<title>Cumhurba\u015fkan\u0131 Tatar, T\u00fcrkiye Maarif Vakf\u0131 yetkililerini kabul etti -<\/title>\n<meta name=\"robots\" content=\"index, follow, max-snippet:-1, max-image-preview:large, max-video-preview:-1\" \/>\n<link rel=\"canonical\" href=\"https:\/\/kibrisdakik.com\/?p=54110\" \/>\n<meta property=\"og:locale\" content=\"tr_TR\" \/>\n<meta property=\"og:type\" content=\"article\" \/>\n<meta property=\"og:title\" content=\"Cumhurba\u015fkan\u0131 Tatar, T\u00fcrkiye Maarif Vakf\u0131 yetkililerini kabul etti -\" \/>\n<meta property=\"og:description\" content=\"Cumhurba\u015fkan\u0131 Tatar, T\u00fcrkiye Maarif Vakf\u0131 \u00fclke temsilcisi Abdullah Y\u0131lmaz ve beraberindeki heyeti kabul etti. Kabulde yapt\u0131\u011f\u0131 konu\u015fmada, Cumhurba\u015fkan\u0131 Ersin Tatar, ziyaretten duydu\u011fu memnuniyeti dile getirerek, e\u011fitim alan\u0131ndaki temsiliyetin \u00f6nemine de\u011findi. Yurt d\u0131\u015f\u0131nda ana dilde e\u011fitim alabilmenin gereklili\u011finin alt\u0131n\u0131 \u00e7izen Cumhurba\u015fkan\u0131 Tatar, bunun \u00e7ok b\u00fcy\u00fck bir de\u011fer oldu\u011funu belirtti. Bu kapsamda, T\u00fcrkiye Maarif Vakf\u0131n\u0131 desteklerinden dolay\u0131\" \/>\n<meta property=\"og:url\" content=\"https:\/\/kibrisdakik.com\/?p=54110\" \/>\n<meta property=\"article:published_time\" content=\"2024-08-13T15:35:07+00:00\" \/>\n<meta property=\"og:image\" content=\"https:\/\/kibrisdakik.com\/wp-content\/uploads\/2024\/08\/Screenshot_20240813_184327_X-740x420.jpg\" \/>\n\t<meta property=\"og:image:width\" content=\"1080\" \/>\n\t<meta property=\"og:image:height\" content=\"562\" \/>\n\t<meta property=\"og:image:type\" content=\"image\/jpeg\" \/>\n<meta name=\"author\" content=\"admin\" \/>\n<meta name=\"twitter:card\" content=\"summary_large_image\" \/>\n<meta name=\"twitter:label1\" content=\"Yazan:\" \/>\n\t<meta name=\"twitter:data1\" content=\"admin\" \/>\n\t<meta name=\"twitter:label2\" content=\"Tahmini okuma s\u00fcresi\" \/>\n\t<meta name=\"twitter:data2\" content=\"1 dakika\" \/>\n<script type=\"application\/ld+json\" class=\"yoast-schema-graph\">{\"@context\":\"https:\\\/\\\/schema.org\",\"@graph\":[{\"@type\":\"Article\",\"@id\":\"https:\\\/\\\/kibrisdakik.com\\\/?p=54110#article\",\"isPartOf\":{\"@id\":\"https:\\\/\\\/kibrisdakik.com\\\/?p=54110\"},\"author\":{\"name\":\"admin\",\"@id\":\"https:\\\/\\\/kibrisdakik.com\\\/#\\\/schema\\\/person\\\/9cd9d437bbb44f72b73ba127e06d8e79\"},\"headline\":\"Cumhurba\u015fkan\u0131 Tatar, T\u00fcrkiye Maarif Vakf\u0131 yetkililerini kabul etti\",\"datePublished\":\"2024-08-13T15:35:07+00:00\",\"mainEntityOfPage\":{\"@id\":\"https:\\\/\\\/kibrisdakik.com\\\/?p=54110\"},\"wordCount\":157,\"commentCount\":0,\"image\":{\"@id\":\"https:\\\/\\\/kibrisdakik.com\\\/?p=54110#primaryimage\"},\"thumbnailUrl\":\"https:\\\/\\\/kibrisdakik.com\\\/wp-content\\\/uploads\\\/2024\\\/08\\\/Screenshot_20240813_184327_X-740x420.jpg\",\"articleSection\":[\"T\u00fcrkiye\"],\"inLanguage\":\"tr\",\"potentialAction\":[{\"@type\":\"CommentAction\",\"name\":\"Comment\",\"target\":[\"https:\\\/\\\/kibrisdakik.com\\\/?p=54110#respond\"]}]},{\"@type\":\"WebPage\",\"@id\":\"https:\\\/\\\/kibrisdakik.com\\\/?p=54110\",\"url\":\"https:\\\/\\\/kibrisdakik.com\\\/?p=54110\",\"name\":\"Cumhurba\u015fkan\u0131 Tatar, T\u00fcrkiye Maarif Vakf\u0131 yetkililerini kabul etti -\",\"isPartOf\":{\"@id\":\"https:\\\/\\\/kibrisdakik.com\\\/#website\"},\"primaryImageOfPage\":{\"@id\":\"https:\\\/\\\/kibrisdakik.com\\\/?p=54110#primaryimage\"},\"image\":{\"@id\":\"https:\\\/\\\/kibrisdakik.com\\\/?p=54110#primaryimage\"},\"thumbnailUrl\":\"https:\\\/\\\/kibrisdakik.com\\\/wp-content\\\/uploads\\\/2024\\\/08\\\/Screenshot_20240813_184327_X-740x420.jpg\",\"datePublished\":\"2024-08-13T15:35:07+00:00\",\"author\":{\"@id\":\"https:\\\/\\\/kibrisdakik.com\\\/#\\\/schema\\\/person\\\/9cd9d437bbb44f72b73ba127e06d8e79\"},\"breadcrumb\":{\"@id\":\"https:\\\/\\\/kibrisdakik.com\\\/?p=54110#breadcrumb\"},\"inLanguage\":\"tr\",\"potentialAction\":[{\"@type\":\"ReadAction\",\"target\":[\"https:\\\/\\\/kibrisdakik.com\\\/?p=54110\"]}]},{\"@type\":\"ImageObject\",\"inLanguage\":\"tr\",\"@id\":\"https:\\\/\\\/kibrisdakik.com\\\/?p=54110#primaryimage\",\"url\":\"https:\\\/\\\/kibrisdakik.com\\\/wp-content\\\/uploads\\\/2024\\\/08\\\/Screenshot_20240813_184327_X-740x420.jpg\",\"contentUrl\":\"https:\\\/\\\/kibrisdakik.com\\\/wp-content\\\/uploads\\\/2024\\\/08\\\/Screenshot_20240813_184327_X-740x420.jpg\",\"width\":1080,\"height\":562},{\"@type\":\"BreadcrumbList\",\"@id\":\"https:\\\/\\\/kibrisdakik.com\\\/?p=54110#breadcrumb\",\"itemListElement\":[{\"@type\":\"ListItem\",\"position\":1,\"name\":\"Home\",\"item\":\"https:\\\/\\\/kibrisdakik.com\\\/\"},{\"@type\":\"ListItem\",\"position\":2,\"name\":\"Cumhurba\u015fkan\u0131 Tatar, T\u00fcrkiye Maarif Vakf\u0131 yetkililerini kabul etti\"}]},{\"@type\":\"WebSite\",\"@id\":\"https:\\\/\\\/kibrisdakik.com\\\/#website\",\"url\":\"https:\\\/\\\/kibrisdakik.com\\\/\",\"name\":\"\",\"description\":\"Tam vaktinde haber\",\"potentialAction\":[{\"@type\":\"SearchAction\",\"target\":{\"@type\":\"EntryPoint\",\"urlTemplate\":\"https:\\\/\\\/kibrisdakik.com\\\/?s={search_term_string}\"},\"query-input\":{\"@type\":\"PropertyValueSpecification\",\"valueRequired\":true,\"valueName\":\"search_term_string\"}}],\"inLanguage\":\"tr\"},{\"@type\":\"Person\",\"@id\":\"https:\\\/\\\/kibrisdakik.com\\\/#\\\/schema\\\/person\\\/9cd9d437bbb44f72b73ba127e06d8e79\",\"name\":\"admin\",\"image\":{\"@type\":\"ImageObject\",\"inLanguage\":\"tr\",\"@id\":\"https:\\\/\\\/secure.gravatar.com\\\/avatar\\\/ccc17943b9d660506c869530f897617f7cb1c21a4bf30023f252596d83e1f007?s=96&d=mm&r=g\",\"url\":\"https:\\\/\\\/secure.gravatar.com\\\/avatar\\\/ccc17943b9d660506c869530f897617f7cb1c21a4bf30023f252596d83e1f007?s=96&d=mm&r=g\",\"contentUrl\":\"https:\\\/\\\/secure.gravatar.com\\\/avatar\\\/ccc17943b9d660506c869530f897617f7cb1c21a4bf30023f252596d83e1f007?s=96&d=mm&r=g\",\"caption\":\"admin\"},\"sameAs\":[\"https:\\\/\\\/kibrisdakik.com\"],\"url\":\"https:\\\/\\\/kibrisdakik.com\\\/?author=1\"}]}<\/script>\n<!-- \/ Yoast SEO plugin. -->","yoast_head_json":{"title":"Cumhurba\u015fkan\u0131 Tatar, T\u00fcrkiye Maarif Vakf\u0131 yetkililerini kabul etti -","robots":{"index":"index","follow":"follow","max-snippet":"max-snippet:-1","max-image-preview":"max-image-preview:large","max-video-preview":"max-video-preview:-1"},"canonical":"https:\/\/kibrisdakik.com\/?p=54110","og_locale":"tr_TR","og_type":"article","og_title":"Cumhurba\u015fkan\u0131 Tatar, T\u00fcrkiye Maarif Vakf\u0131 yetkililerini kabul etti -","og_description":"Cumhurba\u015fkan\u0131 Tatar, T\u00fcrkiye Maarif Vakf\u0131 \u00fclke temsilcisi Abdullah Y\u0131lmaz ve beraberindeki heyeti kabul etti. Kabulde yapt\u0131\u011f\u0131 konu\u015fmada, Cumhurba\u015fkan\u0131 Ersin Tatar, ziyaretten duydu\u011fu memnuniyeti dile getirerek, e\u011fitim alan\u0131ndaki temsiliyetin \u00f6nemine de\u011findi. Yurt d\u0131\u015f\u0131nda ana dilde e\u011fitim alabilmenin gereklili\u011finin alt\u0131n\u0131 \u00e7izen Cumhurba\u015fkan\u0131 Tatar, bunun \u00e7ok b\u00fcy\u00fck bir de\u011fer oldu\u011funu belirtti. Bu kapsamda, T\u00fcrkiye Maarif Vakf\u0131n\u0131 desteklerinden dolay\u0131","og_url":"https:\/\/kibrisdakik.com\/?p=54110","article_published_time":"2024-08-13T15:35:07+00:00","og_image":[{"width":1080,"height":562,"url":"https:\/\/kibrisdakik.com\/wp-content\/uploads\/2024\/08\/Screenshot_20240813_184327_X-740x420.jpg","type":"image\/jpeg"}],"author":"admin","twitter_card":"summary_large_image","twitter_misc":{"Yazan:":"admin","Tahmini okuma s\u00fcresi":"1 dakika"},"schema":{"@context":"https:\/\/schema.org","@graph":[{"@type":"Article","@id":"https:\/\/kibrisdakik.com\/?p=54110#article","isPartOf":{"@id":"https:\/\/kibrisdakik.com\/?p=54110"},"author":{"name":"admin","@id":"https:\/\/kibrisdakik.com\/#\/schema\/person\/9cd9d437bbb44f72b73ba127e06d8e79"},"headline":"Cumhurba\u015fkan\u0131 Tatar, T\u00fcrkiye Maarif Vakf\u0131 yetkililerini kabul etti","datePublished":"2024-08-13T15:35:07+00:00","mainEntityOfPage":{"@id":"https:\/\/kibrisdakik.com\/?p=54110"},"wordCount":157,"commentCount":0,"image":{"@id":"https:\/\/kibrisdakik.com\/?p=54110#primaryimage"},"thumbnailUrl":"https:\/\/kibrisdakik.com\/wp-content\/uploads\/2024\/08\/Screenshot_20240813_184327_X-740x420.jpg","articleSection":["T\u00fcrkiye"],"inLanguage":"tr","potentialAction":[{"@type":"CommentAction","name":"Comment","target":["https:\/\/kibrisdakik.com\/?p=54110#respond"]}]},{"@type":"WebPage","@id":"https:\/\/kibrisdakik.com\/?p=54110","url":"https:\/\/kibrisdakik.com\/?p=54110","name":"Cumhurba\u015fkan\u0131 Tatar, T\u00fcrkiye Maarif Vakf\u0131 yetkililerini kabul etti -","isPartOf":{"@id":"https:\/\/kibrisdakik.com\/#website"},"primaryImageOfPage":{"@id":"https:\/\/kibrisdakik.com\/?p=54110#primaryimage"},"image":{"@id":"https:\/\/kibrisdakik.com\/?p=54110#primaryimage"},"thumbnailUrl":"https:\/\/kibrisdakik.com\/wp-content\/uploads\/2024\/08\/Screenshot_20240813_184327_X-740x420.jpg","datePublished":"2024-08-13T15:35:07+00:00","author":{"@id":"https:\/\/kibrisdakik.com\/#\/schema\/person\/9cd9d437bbb44f72b73ba127e06d8e79"},"breadcrumb":{"@id":"https:\/\/kibrisdakik.com\/?p=54110#breadcrumb"},"inLanguage":"tr","potentialAction":[{"@type":"ReadAction","target":["https:\/\/kibrisdakik.com\/?p=54110"]}]},{"@type":"ImageObject","inLanguage":"tr","@id":"https:\/\/kibrisdakik.com\/?p=54110#primaryimage","url":"https:\/\/kibrisdakik.com\/wp-content\/uploads\/2024\/08\/Screenshot_20240813_184327_X-740x420.jpg","contentUrl":"https:\/\/kibrisdakik.com\/wp-content\/uploads\/2024\/08\/Screenshot_20240813_184327_X-740x420.jpg","width":1080,"height":562},{"@type":"BreadcrumbList","@id":"https:\/\/kibrisdakik.com\/?p=54110#breadcrumb","itemListElement":[{"@type":"ListItem","position":1,"name":"Home","item":"https:\/\/kibrisdakik.com\/"},{"@type":"ListItem","position":2,"name":"Cumhurba\u015fkan\u0131 Tatar, T\u00fcrkiye Maarif Vakf\u0131 yetkililerini kabul etti"}]},{"@type":"WebSite","@id":"https:\/\/kibrisdakik.com\/#website","url":"https:\/\/kibrisdakik.com\/","name":"","description":"Tam vaktinde haber","potentialAction":[{"@type":"SearchAction","target":{"@type":"EntryPoint","urlTemplate":"https:\/\/kibrisdakik.com\/?s={search_term_string}"},"query-input":{"@type":"PropertyValueSpecification","valueRequired":true,"valueName":"search_term_string"}}],"inLanguage":"tr"},{"@type":"Person","@id":"https:\/\/kibrisdakik.com\/#\/schema\/person\/9cd9d437bbb44f72b73ba127e06d8e79","name":"admin","image":{"@type":"ImageObject","inLanguage":"tr","@id":"https:\/\/secure.gravatar.com\/avatar\/ccc17943b9d660506c869530f897617f7cb1c21a4bf30023f252596d83e1f007?s=96&d=mm&r=g","url":"https:\/\/secure.gravatar.com\/avatar\/ccc17943b9d660506c869530f897617f7cb1c21a4bf30023f252596d83e1f007?s=96&d=mm&r=g","contentUrl":"https:\/\/secure.gravatar.com\/avatar\/ccc17943b9d660506c869530f897617f7cb1c21a4bf30023f252596d83e1f007?s=96&d=mm&r=g","caption":"admin"},"sameAs":["https:\/\/kibrisdakik.com"],"url":"https:\/\/kibrisdakik.com\/?author=1"}]}},"_links":{"self":[{"href":"https:\/\/kibrisdakik.com\/index.php?rest_route=\/wp\/v2\/posts\/54110","targetHints":{"allow":["GET"]}}],"collection":[{"href":"https:\/\/kibrisdakik.com\/index.php?rest_route=\/wp\/v2\/posts"}],"about":[{"href":"https:\/\/kibrisdakik.com\/index.php?rest_route=\/wp\/v2\/types\/post"}],"author":[{"embeddable":true,"href":"https:\/\/kibrisdakik.com\/index.php?rest_route=\/wp\/v2\/users\/1"}],"replies":[{"embeddable":true,"href":"https:\/\/kibrisdakik.com\/index.php?rest_route=%2Fwp%2Fv2%2Fcomments&post=54110"}],"version-history":[{"count":0,"href":"https:\/\/kibrisdakik.com\/index.php?rest_route=\/wp\/v2\/posts\/54110\/revisions"}],"wp:featuredmedia":[{"embeddable":true,"href":"https:\/\/kibrisdakik.com\/index.php?rest_route=\/wp\/v2\/media\/54111"}],"wp:attachment":[{"href":"https:\/\/kibrisdakik.com\/index.php?rest_route=%2Fwp%2Fv2%2Fmedia&parent=54110"}],"wp:term":[{"taxonomy":"category","embeddable":true,"href":"https:\/\/kibrisdakik.com\/index.php?rest_route=%2Fwp%2Fv2%2Fcategories&post=54110"},{"taxonomy":"post_tag","embeddable":true,"href":"https:\/\/kibrisdakik.com\/index.php?rest_route=%2Fwp%2Fv2%2Ftags&post=54110"}],"curies":[{"name":"wp","href":"https:\/\/api.w.org\/{rel}","templated":true}]}}