{"id":54134,"date":"2024-08-13T16:32:47","date_gmt":"2024-08-13T13:32:47","guid":{"rendered":"https:\/\/kibrisdakik.com\/index.php\/2024\/08\/13\/kullandigi-semboller-bir-hayli-manidar-5-kisinin-olumden-dondugu-saldirinin-ardindan-zafer-partisi-iddiasi\/"},"modified":"2024-08-13T16:32:47","modified_gmt":"2024-08-13T13:32:47","slug":"kullandigi-semboller-bir-hayli-manidar-5-kisinin-olumden-dondugu-saldirinin-ardindan-zafer-partisi-iddiasi","status":"publish","type":"post","link":"https:\/\/kibrisdakik.com\/?p=54134","title":{"rendered":"Kulland\u0131\u011f\u0131 semboller bir hayli manidar! 5 ki\u015finin \u00f6l\u00fcmden d\u00f6nd\u00fc\u011f\u00fc sald\u0131r\u0131n\u0131n ard\u0131ndan &#8220;Zafer Partisi&#8221; iddias\u0131"},"content":{"rendered":"<p><\/p>\n<div id=\"\">\n<p>Eski\u015fehir&#8217;in Tepeba\u015f\u0131 il\u00e7esinde \u00e7ay bah\u00e7esinde 5 ki\u015fiyi yaralayan sald\u0131rgan\u0131n kulland\u0131\u011f\u0131 b\u0131\u00e7aktaki Nazi sembol\u00fc ve yine yele\u011findeki Nazileri temsil eden &#8220;Kara  <a class=\"keyword\" href=\"https:\/\/www.haberler.com\/gunes\/\" title=\"G\u00fcne\u015f Haberleri, G\u00fcne\u015f Haberi, G\u00fcne\u015f Haber\"><strong>G\u00fcne\u015f<\/strong><\/a>&#8220;, farkl\u0131 iddialar\u0131n ortaya \u00e7\u0131kmas\u0131na neden oldu. Zafer Partisi&#8217;ne yak\u0131n oldu\u011fu iddia edilen Ataman Karde\u015fler grubunun da &#8220;Kara  <a class=\"keyword\" href=\"https:\/\/www.haberler.com\/gunes\/\" title=\"G\u00fcne\u015f Haberleri, G\u00fcne\u015f Haberi, G\u00fcne\u015f Haber\"><strong>G\u00fcne\u015f<\/strong><\/a>&#8221; sembol\u00fcn\u00fc kulland\u0131\u011f\u0131 bilinirken, sald\u0131rgan\u0131n s\u00f6z konusu grupla ili\u015fkisi olabilece\u011fi s\u00f6ylentileri sosyal medyada dola\u015f\u0131yor.<\/p>\n<p><img loading=\"lazy\" decoding=\"async\" class=\"hbptMainImage lazyload ImgDetay\" src=\"https:\/\/foto.haberler.com\/haber\/2024\/08\/13\/eskisehir-de-saldirganin-kara-gunes-ve-nazi-17715733_8713_m.jpg\" alt=\"Eski\u015fehir'de Sald\u0131rgan\u0131n 'Kara G\u00fcne\u015f' ve 'Nazi' sembolleri tart\u0131\u015fma konusu\" width=\"640\" height=\"528\"\/><\/p>\n<h3>MASKEL\u0130 SALDIRGAN 5 K\u0130\u015e\u0130Y\u0130 YARALADI<\/h3>\n<p>D\u00fcn ak\u015fam saatlerinde Tepeba\u015f\u0131 Rauf Orbay Caddesi, \u015eehit R\u00fcstem Demirba\u015f Park\u0131 \u00e7ay bah\u00e7esinde 18 ya\u015f\u0131ndaki maskeli A.K. isimli \u015f\u00fcpheli \u015fah\u0131s kesici aletle N.\u00d6., T.A., C.\u00d6., C.A. ve M.K. isimli 5 vatanda\u015fa rastgele sald\u0131rarak yaralad\u0131. Yaral\u0131lar\u0131n tedavisi devam ederken, yakalanan \u015f\u00fcpheli hastanedeki i\u015flemlerinin ard\u0131ndan adliyeye sevk edildi. Sald\u0131r\u0131 an\u0131n\u0131 canl\u0131 olarak yay\u0131nlayan \u015fahs\u0131n giymi\u015f oldu\u011fu \u00e7elik yele\u011fin \u00fczerine takt\u0131\u011f\u0131 &#8216;Kara G\u00fcne\u015f&#8217; ve b\u0131\u00e7a\u011f\u0131nda bulunan &#8216;Nazi&#8217; sembol\u00fc ise sosyal medyada b\u00fcy\u00fck tart\u0131\u015fma konusu haline geldi.<\/p>\n<p><img loading=\"lazy\" decoding=\"async\" class=\"hbptMainImage lazyload ImgDetay\" src=\"https:\/\/foto.haberler.com\/haber\/2024\/08\/13\/eskisehir-de-saldirganin-kara-gunes-ve-nazi-17715733_5073_m.jpg\" alt=\"Eski\u015fehir'de Sald\u0131rgan\u0131n 'Kara G\u00fcne\u015f' ve 'Nazi' sembolleri tart\u0131\u015fma konusu\" width=\"640\" height=\"452\"\/><\/p>\n<h3>KARA G\u00dcNE\u015e SEMBOL\u00dcN\u00dc NAZ\u0130LER KULLANIYOR<\/h3>\n<p>Nazi sembol\u00fc ve bir t\u00fcr g\u00fcne\u015f \u00e7ark\u0131 olan Kara G\u00fcne\u015f&#8217;in 2. D\u00fcnya Sava\u015f\u0131&#8217;ndan sonra nasyonal sosyalizmi yeniden canland\u0131rma, bu ama\u00e7la nasyonal sosyalist y\u00f6netimleri demokratik veya silahl\u0131 yollarla ba\u015fa ge\u00e7irmeyi hedefleyen, nasyonal sosyalizmi savunan t\u00fcm siyasi hareket ve d\u00fc\u015f\u00fcncelere sahip olan Neo-Naziler&#8217;in kulland\u0131\u011f\u0131 biliniyor. Baz\u0131 kaynaklarda Kara G\u00fcne\u015f&#8217;in Nazi Almanyas\u0131n\u0131n ard\u0131ndan Satanizm gibi di\u011fer altk\u00fclt\u00fcrler taraf\u0131ndan kullan\u0131ld\u0131\u011f\u0131 belirtiliyor. \u015eahs\u0131n b\u0131\u00e7a\u011f\u0131nda bulunan Nazi sembol\u00fc (svastika veya gamal\u0131 ha\u00e7) ise Nasyonal Sosyalist Alman \u0130\u015f\u00e7i Partisi&#8217;nin (NSDAP) d\u00f6neminde Almanya&#8217;n\u0131n bayra\u011f\u0131nda yer al\u0131yordu.<\/p>\n<p><img loading=\"lazy\" decoding=\"async\" class=\"hbptMainImage lazyload ImgDetay\" src=\"https:\/\/foto.haberler.com\/haber\/2024\/08\/13\/eskisehir-de-saldirganin-kara-gunes-ve-nazi-17715733_872_m.jpg\" alt=\"Eski\u015fehir'de Sald\u0131rgan\u0131n 'Kara G\u00fcne\u015f' ve 'Nazi' sembolleri tart\u0131\u015fma konusu\" width=\"640\" height=\"423\"\/><span class=\"figcaption\">Kara G\u00fcne\u015f sembol\u00fc<\/span><\/p>\n<h3>&#8220;ZAFER PART\u0130S\u0130&#8221; \u0130DD\u0130ASI G\u00dcNDEME GELD\u0130 <\/h3>\n<p>Bu arada sosyal medyada dola\u015fan iddialara g\u00f6re zanl\u0131n\u0131n Ataman Karde\u015fler grubu ile ili\u015fkileri konu\u015fuluyor. Zafer Partisi&#8217;ne yak\u0131n oldu\u011fu iddia edilen Ataman Karde\u015fler, \u0131rk\u00e7\u0131 ve fa\u015fist \u00f6rg\u00fct olarak genellikle m\u00fcltecileri hedef al\u0131yor. \u015eahs\u0131n, Ataman Karde\u015fler&#8217;in kulland\u0131\u011f\u0131 simgelerden birisi olan &#8216;Kara G\u00fcne\u015f&#8217;i yele\u011fine takarak bu sald\u0131r\u0131y\u0131 ger\u00e7ekle\u015ftirmesi nedeniyle bunun da \u00fczerinde duruluyor. \u015e\u00fcphelinin Zafer Partili oldu\u011fuyla ilgili herhangi bir kan\u0131ta rastlanmad\u0131\u011f\u0131 \u00f6\u011frenilirken, ancak sosyal medyada b\u00f6yle bir d\u00fc\u015f\u00fcnce hakim g\u00f6z\u00fck\u00fcyor. &#8211; ESK\u0130\u015eEH\u0130R<\/p>\n<div class=\"editorSade\">Kaynak: \u0130hlas Haber Ajans\u0131 \/  <a href=\"https:\/\/www.haberler.com\/3-sayfa\/\" title=\"3.Sayfa Haberleri\">3.Sayfa<\/a> <\/div>\n<h4 id=\"nwsKeywords\"> <a href=\"https:\/\/www.haberler.com\/zafer-partisi\/\" title=\"Zafer Partisi\" class=\"hbptTag\">Zafer Partisi<\/a>  <a href=\"https:\/\/www.haberler.com\/3-sayfa\/\" title=\"3-sayfa\" class=\"hbptTag\">3-sayfa<\/a>  <a href=\"https:\/\/www.haberler.com\/gunes\/\" title=\"G\u00fcne\u015f\" class=\"hbptTag\">G\u00fcne\u015f<\/a>  <a href=\"https:\/\/www.haberler.com\/3-sayfa\/\" title=\"3.Sayfa\" class=\"hbptTag\">3.Sayfa<\/a>  <a href=\"https:\/\/www.haberler.com\/\" title=\"Haberler\" class=\"hbptTag\">Haberler<\/a> <\/h4>\n<\/div>\n","protected":false},"excerpt":{"rendered":"<p>Eski\u015fehir&#8217;in Tepeba\u015f\u0131 il\u00e7esinde \u00e7ay bah\u00e7esinde 5 ki\u015fiyi yaralayan sald\u0131rgan\u0131n kulland\u0131\u011f\u0131 b\u0131\u00e7aktaki Nazi sembol\u00fc ve yine yele\u011findeki Nazileri temsil eden &#8220;Kara G\u00fcne\u015f&#8220;, farkl\u0131 iddialar\u0131n ortaya \u00e7\u0131kmas\u0131na neden oldu. Zafer Partisi&#8217;ne yak\u0131n oldu\u011fu iddia edilen Ataman Karde\u015fler grubunun da &#8220;Kara G\u00fcne\u015f&#8221; sembol\u00fcn\u00fc kulland\u0131\u011f\u0131 bilinirken, sald\u0131rgan\u0131n s\u00f6z konusu grupla ili\u015fkisi olabilece\u011fi s\u00f6ylentileri sosyal medyada dola\u015f\u0131yor. MASKEL\u0130 SALDIRGAN 5<\/p>\n","protected":false},"author":1,"featured_media":54135,"comment_status":"open","ping_status":"open","sticky":false,"template":"","format":"standard","meta":{"footnotes":""},"categories":[83],"tags":[],"class_list":["post-54134","post","type-post","status-publish","format-standard","has-post-thumbnail","hentry","category-magazin"],"yoast_head":"<!-- This site is optimized with the Yoast SEO plugin v27.4 - https:\/\/yoast.com\/product\/yoast-seo-wordpress\/ -->\n<title>Kulland\u0131\u011f\u0131 semboller bir hayli manidar! 5 ki\u015finin \u00f6l\u00fcmden d\u00f6nd\u00fc\u011f\u00fc sald\u0131r\u0131n\u0131n ard\u0131ndan &quot;Zafer Partisi&quot; iddias\u0131 -<\/title>\n<meta name=\"robots\" content=\"index, follow, max-snippet:-1, max-image-preview:large, max-video-preview:-1\" \/>\n<link rel=\"canonical\" href=\"https:\/\/kibrisdakik.com\/?p=54134\" \/>\n<meta property=\"og:locale\" content=\"tr_TR\" \/>\n<meta property=\"og:type\" content=\"article\" \/>\n<meta property=\"og:title\" content=\"Kulland\u0131\u011f\u0131 semboller bir hayli manidar! 5 ki\u015finin \u00f6l\u00fcmden d\u00f6nd\u00fc\u011f\u00fc sald\u0131r\u0131n\u0131n ard\u0131ndan &quot;Zafer Partisi&quot; iddias\u0131 -\" \/>\n<meta property=\"og:description\" content=\"Eski\u015fehir&#8217;in Tepeba\u015f\u0131 il\u00e7esinde \u00e7ay bah\u00e7esinde 5 ki\u015fiyi yaralayan sald\u0131rgan\u0131n kulland\u0131\u011f\u0131 b\u0131\u00e7aktaki Nazi sembol\u00fc ve yine yele\u011findeki Nazileri temsil eden &#8220;Kara G\u00fcne\u015f&#8220;, farkl\u0131 iddialar\u0131n ortaya \u00e7\u0131kmas\u0131na neden oldu. Zafer Partisi&#8217;ne yak\u0131n oldu\u011fu iddia edilen Ataman Karde\u015fler grubunun da &#8220;Kara G\u00fcne\u015f&#8221; sembol\u00fcn\u00fc kulland\u0131\u011f\u0131 bilinirken, sald\u0131rgan\u0131n s\u00f6z konusu grupla ili\u015fkisi olabilece\u011fi s\u00f6ylentileri sosyal medyada dola\u015f\u0131yor. MASKEL\u0130 SALDIRGAN 5\" \/>\n<meta property=\"og:url\" content=\"https:\/\/kibrisdakik.com\/?p=54134\" \/>\n<meta property=\"article:published_time\" content=\"2024-08-13T13:32:47+00:00\" \/>\n<meta property=\"og:image\" content=\"https:\/\/kibrisdakik.com\/wp-content\/uploads\/2024\/08\/eskisehir-de-saldirganin-kara-gunes-ve-nazi-17715733_8713_m-640x420.jpg\" \/>\n\t<meta property=\"og:image:width\" content=\"640\" \/>\n\t<meta property=\"og:image:height\" content=\"526\" \/>\n\t<meta property=\"og:image:type\" content=\"image\/jpeg\" \/>\n<meta name=\"author\" content=\"admin\" \/>\n<meta name=\"twitter:card\" content=\"summary_large_image\" \/>\n<meta name=\"twitter:label1\" content=\"Yazan:\" \/>\n\t<meta name=\"twitter:data1\" content=\"admin\" \/>\n\t<meta name=\"twitter:label2\" content=\"Tahmini okuma s\u00fcresi\" \/>\n\t<meta name=\"twitter:data2\" content=\"2 dakika\" \/>\n<script type=\"application\/ld+json\" class=\"yoast-schema-graph\">{\"@context\":\"https:\\\/\\\/schema.org\",\"@graph\":[{\"@type\":\"Article\",\"@id\":\"https:\\\/\\\/kibrisdakik.com\\\/?p=54134#article\",\"isPartOf\":{\"@id\":\"https:\\\/\\\/kibrisdakik.com\\\/?p=54134\"},\"author\":{\"name\":\"admin\",\"@id\":\"https:\\\/\\\/kibrisdakik.com\\\/#\\\/schema\\\/person\\\/9cd9d437bbb44f72b73ba127e06d8e79\"},\"headline\":\"Kulland\u0131\u011f\u0131 semboller bir hayli manidar! 5 ki\u015finin \u00f6l\u00fcmden d\u00f6nd\u00fc\u011f\u00fc sald\u0131r\u0131n\u0131n ard\u0131ndan &#8220;Zafer Partisi&#8221; iddias\u0131\",\"datePublished\":\"2024-08-13T13:32:47+00:00\",\"mainEntityOfPage\":{\"@id\":\"https:\\\/\\\/kibrisdakik.com\\\/?p=54134\"},\"wordCount\":440,\"commentCount\":0,\"image\":{\"@id\":\"https:\\\/\\\/kibrisdakik.com\\\/?p=54134#primaryimage\"},\"thumbnailUrl\":\"https:\\\/\\\/kibrisdakik.com\\\/wp-content\\\/uploads\\\/2024\\\/08\\\/eskisehir-de-saldirganin-kara-gunes-ve-nazi-17715733_8713_m-640x420.jpg\",\"articleSection\":[\"Magazin\"],\"inLanguage\":\"tr\",\"potentialAction\":[{\"@type\":\"CommentAction\",\"name\":\"Comment\",\"target\":[\"https:\\\/\\\/kibrisdakik.com\\\/?p=54134#respond\"]}]},{\"@type\":\"WebPage\",\"@id\":\"https:\\\/\\\/kibrisdakik.com\\\/?p=54134\",\"url\":\"https:\\\/\\\/kibrisdakik.com\\\/?p=54134\",\"name\":\"Kulland\u0131\u011f\u0131 semboller bir hayli manidar! 5 ki\u015finin \u00f6l\u00fcmden d\u00f6nd\u00fc\u011f\u00fc sald\u0131r\u0131n\u0131n ard\u0131ndan \\\"Zafer Partisi\\\" iddias\u0131 -\",\"isPartOf\":{\"@id\":\"https:\\\/\\\/kibrisdakik.com\\\/#website\"},\"primaryImageOfPage\":{\"@id\":\"https:\\\/\\\/kibrisdakik.com\\\/?p=54134#primaryimage\"},\"image\":{\"@id\":\"https:\\\/\\\/kibrisdakik.com\\\/?p=54134#primaryimage\"},\"thumbnailUrl\":\"https:\\\/\\\/kibrisdakik.com\\\/wp-content\\\/uploads\\\/2024\\\/08\\\/eskisehir-de-saldirganin-kara-gunes-ve-nazi-17715733_8713_m-640x420.jpg\",\"datePublished\":\"2024-08-13T13:32:47+00:00\",\"author\":{\"@id\":\"https:\\\/\\\/kibrisdakik.com\\\/#\\\/schema\\\/person\\\/9cd9d437bbb44f72b73ba127e06d8e79\"},\"breadcrumb\":{\"@id\":\"https:\\\/\\\/kibrisdakik.com\\\/?p=54134#breadcrumb\"},\"inLanguage\":\"tr\",\"potentialAction\":[{\"@type\":\"ReadAction\",\"target\":[\"https:\\\/\\\/kibrisdakik.com\\\/?p=54134\"]}]},{\"@type\":\"ImageObject\",\"inLanguage\":\"tr\",\"@id\":\"https:\\\/\\\/kibrisdakik.com\\\/?p=54134#primaryimage\",\"url\":\"https:\\\/\\\/kibrisdakik.com\\\/wp-content\\\/uploads\\\/2024\\\/08\\\/eskisehir-de-saldirganin-kara-gunes-ve-nazi-17715733_8713_m-640x420.jpg\",\"contentUrl\":\"https:\\\/\\\/kibrisdakik.com\\\/wp-content\\\/uploads\\\/2024\\\/08\\\/eskisehir-de-saldirganin-kara-gunes-ve-nazi-17715733_8713_m-640x420.jpg\",\"width\":640,\"height\":526},{\"@type\":\"BreadcrumbList\",\"@id\":\"https:\\\/\\\/kibrisdakik.com\\\/?p=54134#breadcrumb\",\"itemListElement\":[{\"@type\":\"ListItem\",\"position\":1,\"name\":\"Home\",\"item\":\"https:\\\/\\\/kibrisdakik.com\\\/\"},{\"@type\":\"ListItem\",\"position\":2,\"name\":\"Kulland\u0131\u011f\u0131 semboller bir hayli manidar! 5 ki\u015finin \u00f6l\u00fcmden d\u00f6nd\u00fc\u011f\u00fc sald\u0131r\u0131n\u0131n ard\u0131ndan &#8220;Zafer Partisi&#8221; iddias\u0131\"}]},{\"@type\":\"WebSite\",\"@id\":\"https:\\\/\\\/kibrisdakik.com\\\/#website\",\"url\":\"https:\\\/\\\/kibrisdakik.com\\\/\",\"name\":\"\",\"description\":\"Tam vaktinde haber\",\"potentialAction\":[{\"@type\":\"SearchAction\",\"target\":{\"@type\":\"EntryPoint\",\"urlTemplate\":\"https:\\\/\\\/kibrisdakik.com\\\/?s={search_term_string}\"},\"query-input\":{\"@type\":\"PropertyValueSpecification\",\"valueRequired\":true,\"valueName\":\"search_term_string\"}}],\"inLanguage\":\"tr\"},{\"@type\":\"Person\",\"@id\":\"https:\\\/\\\/kibrisdakik.com\\\/#\\\/schema\\\/person\\\/9cd9d437bbb44f72b73ba127e06d8e79\",\"name\":\"admin\",\"image\":{\"@type\":\"ImageObject\",\"inLanguage\":\"tr\",\"@id\":\"https:\\\/\\\/secure.gravatar.com\\\/avatar\\\/ccc17943b9d660506c869530f897617f7cb1c21a4bf30023f252596d83e1f007?s=96&d=mm&r=g\",\"url\":\"https:\\\/\\\/secure.gravatar.com\\\/avatar\\\/ccc17943b9d660506c869530f897617f7cb1c21a4bf30023f252596d83e1f007?s=96&d=mm&r=g\",\"contentUrl\":\"https:\\\/\\\/secure.gravatar.com\\\/avatar\\\/ccc17943b9d660506c869530f897617f7cb1c21a4bf30023f252596d83e1f007?s=96&d=mm&r=g\",\"caption\":\"admin\"},\"sameAs\":[\"https:\\\/\\\/kibrisdakik.com\"],\"url\":\"https:\\\/\\\/kibrisdakik.com\\\/?author=1\"}]}<\/script>\n<!-- \/ Yoast SEO plugin. -->","yoast_head_json":{"title":"Kulland\u0131\u011f\u0131 semboller bir hayli manidar! 5 ki\u015finin \u00f6l\u00fcmden d\u00f6nd\u00fc\u011f\u00fc sald\u0131r\u0131n\u0131n ard\u0131ndan \"Zafer Partisi\" iddias\u0131 -","robots":{"index":"index","follow":"follow","max-snippet":"max-snippet:-1","max-image-preview":"max-image-preview:large","max-video-preview":"max-video-preview:-1"},"canonical":"https:\/\/kibrisdakik.com\/?p=54134","og_locale":"tr_TR","og_type":"article","og_title":"Kulland\u0131\u011f\u0131 semboller bir hayli manidar! 5 ki\u015finin \u00f6l\u00fcmden d\u00f6nd\u00fc\u011f\u00fc sald\u0131r\u0131n\u0131n ard\u0131ndan \"Zafer Partisi\" iddias\u0131 -","og_description":"Eski\u015fehir&#8217;in Tepeba\u015f\u0131 il\u00e7esinde \u00e7ay bah\u00e7esinde 5 ki\u015fiyi yaralayan sald\u0131rgan\u0131n kulland\u0131\u011f\u0131 b\u0131\u00e7aktaki Nazi sembol\u00fc ve yine yele\u011findeki Nazileri temsil eden &#8220;Kara G\u00fcne\u015f&#8220;, farkl\u0131 iddialar\u0131n ortaya \u00e7\u0131kmas\u0131na neden oldu. Zafer Partisi&#8217;ne yak\u0131n oldu\u011fu iddia edilen Ataman Karde\u015fler grubunun da &#8220;Kara G\u00fcne\u015f&#8221; sembol\u00fcn\u00fc kulland\u0131\u011f\u0131 bilinirken, sald\u0131rgan\u0131n s\u00f6z konusu grupla ili\u015fkisi olabilece\u011fi s\u00f6ylentileri sosyal medyada dola\u015f\u0131yor. MASKEL\u0130 SALDIRGAN 5","og_url":"https:\/\/kibrisdakik.com\/?p=54134","article_published_time":"2024-08-13T13:32:47+00:00","og_image":[{"width":640,"height":526,"url":"https:\/\/kibrisdakik.com\/wp-content\/uploads\/2024\/08\/eskisehir-de-saldirganin-kara-gunes-ve-nazi-17715733_8713_m-640x420.jpg","type":"image\/jpeg"}],"author":"admin","twitter_card":"summary_large_image","twitter_misc":{"Yazan:":"admin","Tahmini okuma s\u00fcresi":"2 dakika"},"schema":{"@context":"https:\/\/schema.org","@graph":[{"@type":"Article","@id":"https:\/\/kibrisdakik.com\/?p=54134#article","isPartOf":{"@id":"https:\/\/kibrisdakik.com\/?p=54134"},"author":{"name":"admin","@id":"https:\/\/kibrisdakik.com\/#\/schema\/person\/9cd9d437bbb44f72b73ba127e06d8e79"},"headline":"Kulland\u0131\u011f\u0131 semboller bir hayli manidar! 5 ki\u015finin \u00f6l\u00fcmden d\u00f6nd\u00fc\u011f\u00fc sald\u0131r\u0131n\u0131n ard\u0131ndan &#8220;Zafer Partisi&#8221; iddias\u0131","datePublished":"2024-08-13T13:32:47+00:00","mainEntityOfPage":{"@id":"https:\/\/kibrisdakik.com\/?p=54134"},"wordCount":440,"commentCount":0,"image":{"@id":"https:\/\/kibrisdakik.com\/?p=54134#primaryimage"},"thumbnailUrl":"https:\/\/kibrisdakik.com\/wp-content\/uploads\/2024\/08\/eskisehir-de-saldirganin-kara-gunes-ve-nazi-17715733_8713_m-640x420.jpg","articleSection":["Magazin"],"inLanguage":"tr","potentialAction":[{"@type":"CommentAction","name":"Comment","target":["https:\/\/kibrisdakik.com\/?p=54134#respond"]}]},{"@type":"WebPage","@id":"https:\/\/kibrisdakik.com\/?p=54134","url":"https:\/\/kibrisdakik.com\/?p=54134","name":"Kulland\u0131\u011f\u0131 semboller bir hayli manidar! 5 ki\u015finin \u00f6l\u00fcmden d\u00f6nd\u00fc\u011f\u00fc sald\u0131r\u0131n\u0131n ard\u0131ndan \"Zafer Partisi\" iddias\u0131 -","isPartOf":{"@id":"https:\/\/kibrisdakik.com\/#website"},"primaryImageOfPage":{"@id":"https:\/\/kibrisdakik.com\/?p=54134#primaryimage"},"image":{"@id":"https:\/\/kibrisdakik.com\/?p=54134#primaryimage"},"thumbnailUrl":"https:\/\/kibrisdakik.com\/wp-content\/uploads\/2024\/08\/eskisehir-de-saldirganin-kara-gunes-ve-nazi-17715733_8713_m-640x420.jpg","datePublished":"2024-08-13T13:32:47+00:00","author":{"@id":"https:\/\/kibrisdakik.com\/#\/schema\/person\/9cd9d437bbb44f72b73ba127e06d8e79"},"breadcrumb":{"@id":"https:\/\/kibrisdakik.com\/?p=54134#breadcrumb"},"inLanguage":"tr","potentialAction":[{"@type":"ReadAction","target":["https:\/\/kibrisdakik.com\/?p=54134"]}]},{"@type":"ImageObject","inLanguage":"tr","@id":"https:\/\/kibrisdakik.com\/?p=54134#primaryimage","url":"https:\/\/kibrisdakik.com\/wp-content\/uploads\/2024\/08\/eskisehir-de-saldirganin-kara-gunes-ve-nazi-17715733_8713_m-640x420.jpg","contentUrl":"https:\/\/kibrisdakik.com\/wp-content\/uploads\/2024\/08\/eskisehir-de-saldirganin-kara-gunes-ve-nazi-17715733_8713_m-640x420.jpg","width":640,"height":526},{"@type":"BreadcrumbList","@id":"https:\/\/kibrisdakik.com\/?p=54134#breadcrumb","itemListElement":[{"@type":"ListItem","position":1,"name":"Home","item":"https:\/\/kibrisdakik.com\/"},{"@type":"ListItem","position":2,"name":"Kulland\u0131\u011f\u0131 semboller bir hayli manidar! 5 ki\u015finin \u00f6l\u00fcmden d\u00f6nd\u00fc\u011f\u00fc sald\u0131r\u0131n\u0131n ard\u0131ndan &#8220;Zafer Partisi&#8221; iddias\u0131"}]},{"@type":"WebSite","@id":"https:\/\/kibrisdakik.com\/#website","url":"https:\/\/kibrisdakik.com\/","name":"","description":"Tam vaktinde haber","potentialAction":[{"@type":"SearchAction","target":{"@type":"EntryPoint","urlTemplate":"https:\/\/kibrisdakik.com\/?s={search_term_string}"},"query-input":{"@type":"PropertyValueSpecification","valueRequired":true,"valueName":"search_term_string"}}],"inLanguage":"tr"},{"@type":"Person","@id":"https:\/\/kibrisdakik.com\/#\/schema\/person\/9cd9d437bbb44f72b73ba127e06d8e79","name":"admin","image":{"@type":"ImageObject","inLanguage":"tr","@id":"https:\/\/secure.gravatar.com\/avatar\/ccc17943b9d660506c869530f897617f7cb1c21a4bf30023f252596d83e1f007?s=96&d=mm&r=g","url":"https:\/\/secure.gravatar.com\/avatar\/ccc17943b9d660506c869530f897617f7cb1c21a4bf30023f252596d83e1f007?s=96&d=mm&r=g","contentUrl":"https:\/\/secure.gravatar.com\/avatar\/ccc17943b9d660506c869530f897617f7cb1c21a4bf30023f252596d83e1f007?s=96&d=mm&r=g","caption":"admin"},"sameAs":["https:\/\/kibrisdakik.com"],"url":"https:\/\/kibrisdakik.com\/?author=1"}]}},"_links":{"self":[{"href":"https:\/\/kibrisdakik.com\/index.php?rest_route=\/wp\/v2\/posts\/54134","targetHints":{"allow":["GET"]}}],"collection":[{"href":"https:\/\/kibrisdakik.com\/index.php?rest_route=\/wp\/v2\/posts"}],"about":[{"href":"https:\/\/kibrisdakik.com\/index.php?rest_route=\/wp\/v2\/types\/post"}],"author":[{"embeddable":true,"href":"https:\/\/kibrisdakik.com\/index.php?rest_route=\/wp\/v2\/users\/1"}],"replies":[{"embeddable":true,"href":"https:\/\/kibrisdakik.com\/index.php?rest_route=%2Fwp%2Fv2%2Fcomments&post=54134"}],"version-history":[{"count":0,"href":"https:\/\/kibrisdakik.com\/index.php?rest_route=\/wp\/v2\/posts\/54134\/revisions"}],"wp:featuredmedia":[{"embeddable":true,"href":"https:\/\/kibrisdakik.com\/index.php?rest_route=\/wp\/v2\/media\/54135"}],"wp:attachment":[{"href":"https:\/\/kibrisdakik.com\/index.php?rest_route=%2Fwp%2Fv2%2Fmedia&parent=54134"}],"wp:term":[{"taxonomy":"category","embeddable":true,"href":"https:\/\/kibrisdakik.com\/index.php?rest_route=%2Fwp%2Fv2%2Fcategories&post=54134"},{"taxonomy":"post_tag","embeddable":true,"href":"https:\/\/kibrisdakik.com\/index.php?rest_route=%2Fwp%2Fv2%2Ftags&post=54134"}],"curies":[{"name":"wp","href":"https:\/\/api.w.org\/{rel}","templated":true}]}}