{"id":5414,"date":"2023-04-19T17:46:02","date_gmt":"2023-04-19T17:46:02","guid":{"rendered":"https:\/\/kibrisdakik.com\/index.php\/2023\/04\/19\/devletten-devlete-bir-surec-baslayacaksa-o-zaman-bunu-dusunebiliriz\/"},"modified":"2023-04-19T17:46:02","modified_gmt":"2023-04-19T17:46:02","slug":"devletten-devlete-bir-surec-baslayacaksa-o-zaman-bunu-dusunebiliriz","status":"publish","type":"post","link":"https:\/\/kibrisdakik.com\/?p=5414","title":{"rendered":"\u201cDevletten devlete bir s\u00fcre\u00e7 ba\u015flayacaksa o zaman bunu d\u00fc\u015f\u00fcnebiliriz\u201d"},"content":{"rendered":"<p><\/p>\n<div>\n<div class=\"mariselle-image-container center\">\n                <img width=\"1920\" height=\"1079\" class=\"lazy-image\" alt=\"\" decoding=\"async\" loading=\"lazy\" sizes=\"auto, (max-width: 1920px) 100vw, 1920px\" src=\"https:\/\/brtk.net\/wp-content\/uploads\/2023\/04\/19\/InShot_20230419_202804519.jpg?ver=3661fcb6de5a3c515dc21006fa29b863\" srcset=\"https:\/\/brtk.net\/wp-content\/uploads\/2023\/04\/19\/InShot_20230419_202804519.jpg?ver=3661fcb6de5a3c515dc21006fa29b863 1920w, https:\/\/brtk.net\/wp-content\/uploads\/2023\/04\/19\/InShot_20230419_202804519-300x169.jpg?ver=3661fcb6de5a3c515dc21006fa29b863 300w, https:\/\/brtk.net\/wp-content\/uploads\/2023\/04\/19\/InShot_20230419_202804519-1024x575.jpg?ver=3661fcb6de5a3c515dc21006fa29b863 1024w, https:\/\/brtk.net\/wp-content\/uploads\/2023\/04\/19\/InShot_20230419_202804519-768x432.jpg?ver=3661fcb6de5a3c515dc21006fa29b863 768w, https:\/\/brtk.net\/wp-content\/uploads\/2023\/04\/19\/InShot_20230419_202804519-1536x863.jpg?ver=3c71535a6f595ff9dce9baba0b804674 1536w\"\/>                            <\/div>\n<p>\u00a0<\/p>\n<p>Cumhurba\u015fkan\u0131 <a href=\"https:\/\/brtk.net\/\" target=\"_blank\" rel=\"noopener\">Ersin <\/a><a href=\"https:\/\/brtk.net\/\"\/><a href=\"https:\/\/brtk.net\/\">Tatar<\/a>, K\u0131br\u0131s TMT M\u00fccahitler Derne\u011fi Ba\u015fkan\u0131 Celal Bayar ve y\u00f6netim kurulu \u00fcyelerini kabul ederek g\u00f6r\u00fc\u015ft\u00fc.<\/p>\n<p>Kabulde yapt\u0131\u011f\u0131 konu\u015fmada, kendisine yap\u0131lan ziyaretten dolay\u0131 duydu\u011fu memnuniyeti dile getiren Cumhurba\u015fkan\u0131 <a href=\"https:\/\/brtk.net\/\"\/><a href=\"https:\/\/brtk.net\/\">Tatar<\/a>, Celal Bayar y\u00f6netimindeki T\u00fcrk Mukavemet Te\u015fkilat\u0131\u2019n\u0131n milli davam\u0131za olan yak\u0131nl\u0131\u011f\u0131n\u0131n olduk\u00e7a \u00f6nemli oldu\u011funu belirtti.<\/p>\n<p>Cumhurba\u015fkan\u0131 <a href=\"https:\/\/brtk.net\/\"\/><a href=\"https:\/\/brtk.net\/\">Tatar<\/a>, s\u00f6zlerine \u015f\u00f6yle devam etti; <\/p>\n<p>\u201cSizinle isti\u015fare i\u00e7erisinde olmak ve g\u00f6r\u00fc\u015f\u00fcn\u00fcz\u00fc almak, benim i\u00e7in b\u00fcy\u00fck bir \u015fanst\u0131r. S\u0131k s\u0131k bir araya gelerek yapt\u0131\u011f\u0131m\u0131z g\u00f6r\u00fc\u015fmeler, benim a\u00e7\u0131mdan \u00f6nemlidir. Ben hep halk\u0131n i\u00e7indeyim. Her t\u00fcrl\u00fc etkinlik ve faaliyette halkla i\u00e7 i\u00e7e bir Cumhurba\u015fkan\u0131 olarak vazifemi y\u00fcr\u00fctmekteyim. Son iki y\u0131lda olduk\u00e7a mesafe ald\u0131k. Benim Cumhurba\u015fkan\u0131 se\u00e7ilmemden \u00f6nce s\u00f6yledi\u011fim \u015fey, art\u0131k federal temelde bir antla\u015fman\u0131n olamayaca\u011f\u0131d\u0131r. \u00c7\u00fcnk\u00fc bu \u00e7ok denendi. Fakat hi\u00e7bir sonu\u00e7 elde edilemedi. <\/p>\n<p>\u00c7e\u015fitli \u00f6nerilere Rum taraf\u0131 hep hay\u0131r demi\u015ftir. Bizim en b\u00fcy\u00fck talihsizli\u011fimiz, 4 Mart 1964 186 no\u2019lu kararla Kanl\u0131 Noel\u2019den ve Rumlar\u0131n K\u0131br\u0131s T\u00fcrk\u00fc\u2019ne ya\u015fatt\u0131\u011f\u0131 ac\u0131lardan sonra tek tarafl\u0131 olarak Makarios h\u00fck\u00fcmetinin, sanki b\u00fct\u00fcn K\u0131br\u0131s\u2019\u0131n h\u00fck\u00fcmetiymi\u015f gibi muamele g\u00f6rmesiydi. O hata, o kara leke h\u00e2l\u00e2 devam etmektedir. Bana g\u00f6re \u00e7\u00f6z\u00fcme engel olan, bu hadisedir. Annan Plan\u0131\u2019ndan sonra Rumlar\u0131n tek tarafl\u0131 olarak AB\u2019ye al\u0131nmas\u0131, bu i\u015fi daha da zorla\u015ft\u0131rm\u0131\u015ft\u0131r. Bu, K\u0131br\u0131s tarihinde \u00f6nemli iki olayd\u0131r. T\u00fcrkiye Cumhuriyeti\u2019nin Do\u011fu Akdeniz\u2019deki politikas\u0131nda \u00e7ok \u00f6nemli geli\u015fmelerin oldu\u011funu g\u00f6r\u00fcyoruz. Bu b\u00f6lgede de g\u00fcc\u00fc ve ayr\u0131ca kendi g\u00fcvenli\u011fi i\u00e7in buradaki varl\u0131\u011f\u0131yla Akdeniz\u2019de ve K\u0131br\u0131s\u2019ta T\u00fcrk-Yunan dengesinin devam edebilmesi i\u00e7in egemen bir T\u00fcrk devletin Kuzey K\u0131br\u0131s\u2019a \u015fart oldu\u011funu g\u00f6stermektedir. T\u00fcrk ve Yunan dengesi i\u00e7in mutlak suretle kuzeydeki devletin egemen bir devlet olmas\u0131 laz\u0131m. Egemen devlet olacak ki T\u00fcrkiye Cumhuriyeti ile ili\u015fkilerini eskiden oldu\u011fu gibi y\u00fcr\u00fctebilsin, garant\u00f6rl\u00fc\u011f\u00fc devam edebilsin ve T\u00fcrk askeri bu adada kalmaya devam etsin. E\u011fer kuzeydeki devlet egemen de\u011filse o zaman K\u0131br\u0131s Federal Cumhuriyeti i\u00e7erisinde hem bizi yok etmeye \u00e7al\u0131\u015f\u0131rlar hem de T\u00fcrkiye Cumhuriyeti\u2019ni adadan d\u0131\u015flarlar. Biz bu oyunlara gelmeyiz ve bunu defalarca kar\u015f\u0131 tarafa s\u00f6yledik.<br \/>Dedi\u011fimiz \u015fudur; biz de bir antla\u015fmadan yanay\u0131z. Bar\u0131\u015f, 1974 K\u0131br\u0131s Bar\u0131\u015f Harek\u00e2t\u0131 ile bu adaya gelmi\u015ftir. 1974\u2019ten beri K\u0131br\u0131s\u2019ta kimsenin burnu kanamam\u0131\u015ft\u0131r. K\u0131br\u0131s\u2019ta huzur ve g\u00fcvenlik ortam\u0131 olu\u015fturulmu\u015ftur. Bu g\u00fcvenlik ortam\u0131, G\u00fcney K\u0131br\u0131s\u2019a da yaram\u0131\u015ft\u0131r. G\u00fcney K\u0131br\u0131s\u2019\u0131n ekonomisi ve turizmi geli\u015fmi\u015fse bunu Bar\u0131\u015f Harek\u00e2t\u0131\u2019na bor\u00e7ludurlar. Biz maalesef ambargo ve izolasyonlar alt\u0131nda b\u00fcy\u00fck haks\u0131zl\u0131klarla kar\u015f\u0131 kar\u015f\u0131ya kalmaya devam ediyoruz. <\/p>\n<p>En son \u0130ngiltere ziyaretimde de g\u00f6r\u00fc\u015ft\u00fc\u011f\u00fcm herkese bu \u00e7a\u011fda, \u2018antla\u015fmaya var\u0131lamad\u0131\u2019 diye direkt u\u00e7u\u015fun olmamas\u0131 ayr\u0131ca ticarette, sporda uygulanan birtak\u0131m haks\u0131z engeller \u00e7a\u011f d\u0131\u015f\u0131d\u0131r. Var g\u00fcc\u00fcm\u00fczle sesimizi duyurmaya \u00e7al\u0131\u015f\u0131yoruz. Ama Anavatan\u2019\u0131m\u0131z\u0131n deste\u011fine ra\u011fmen bu zul\u00fcm devam etmektedir. T\u00fcrkiye Cumhuriyeti Cumhurba\u015fkan\u0131 Recep Tayyip Erdo\u011fan ge\u00e7en eyl\u00fcl ay\u0131nda BM\u2019nin 77. Genel Kurulu\u2019nda d\u00fcnyaya \u2018K\u0131br\u0131sl\u0131 T\u00fcrklere uygulamakta oldu\u011funuz bu ambargolar\u0131 kald\u0131r\u0131n. Art\u0131k <a href=\"https:\/\/brtk.net\/\">KKTC<\/a>\u2019yi tan\u0131y\u0131n\u2019 demi\u015ftir. T\u00fcrk Devletleri Te\u015fkilat\u0131\u2019na \u00fcye olabilmemiz, T\u00fcrk Devletleri Te\u015fkilat\u0131\u2019ndaki yerimizi Anayasal ad\u0131m\u0131zla alabilmemiz bizim i\u00e7in \u00e7ok \u00f6nemlidir. Yava\u015f yava\u015f T\u00fcrkiye Cumhuriyeti\u2019nin de deste\u011fiyle <a href=\"https:\/\/brtk.net\/\">KKTC<\/a> ger\u00e7e\u011fini d\u00fcnyaya duyuruyoruz, ba\u015far\u0131yoruz. \u015eimdi art\u0131k d\u00fcnyan\u0131n her yerinde K\u0131br\u0131s\u2019ta bir siyasi sorun oldu\u011fu bilinmektedir.  Ama K\u0131br\u0131s\u2019ta iki ayr\u0131 halk\u0131n oldu\u011funu da b\u00fct\u00fcn d\u00fcnya biliyor. Bizim yolumuz budur. E\u011fer bir m\u00fczakere s\u00fcreci ba\u015flayacaksa mutlaka Anavatan\u2019la birlikte s\u00f6yledi\u011fimiz, egemen e\u015fitlik ve e\u015fit uluslararas\u0131 stat\u00fcm\u00fcz olmadan; onlar cumhuriyet, biz toplum olarak o masaya oturmay\u0131z. Bunlar \u00e7ok denendi. O masadan hep biz zararl\u0131 kalkt\u0131k. Onlar yoluna cumhuriyet olarak devam ediyor, biz bu tarafta toplum muamelesiyle irtifa kaybediyoruz. <\/p>\n<p>\u2018Devletten devlete bir s\u00fcre\u00e7 ba\u015flayacaksa o zaman bunu d\u00fc\u015f\u00fcnebiliriz. Ama \u015fu anda mevcut ko\u015fullarda resmi olarak m\u00fczakere masas\u0131na oturmay\u0131z\u2019 dedik ve pozisyonumuzu g\u00fc\u00e7lendirdik.<br \/>Egemenlik demek, ba\u011f\u0131ms\u0131zl\u0131k, \u00f6zg\u00fcrl\u00fck, onurlu bir ya\u015fam demektir. B\u00fct\u00fcn bunlar\u0131 siz hak ediyorsunuz. Ulu \u00d6nder Mustafa Kemal Atat\u00fcrk\u2019\u00fc rahmetle an\u0131yorum. Onun ayd\u0131nl\u0131k yolu bize \u0131\u015f\u0131k tutmu\u015ftur.<br \/>T\u00fcrk Mukavemet Te\u015fkilat\u0131, ada \u00e7ap\u0131nda buradaki direni\u015fimizin temel dayana\u011f\u0131yd\u0131. Aram\u0131zda olamayanlara Allah\u2019tan rahmet diliyorum. Ald\u0131\u011f\u0131m\u0131z bayra\u011f\u0131 selamete g\u00f6t\u00fcrmek i\u00e7in \u00e7al\u0131\u015f\u0131yoruz. Anavatan her zaman yan\u0131m\u0131zdad\u0131r. K\u0131br\u0131s T\u00fcrk halk\u0131 bu adada bar\u0131\u015f ve huzur i\u00e7erisinde ya\u015fam\u0131n\u0131 s\u00fcrd\u00fcrecektir, b\u00fct\u00fcn hedefimiz budur.\u201d<\/p>\n<\/p><\/div>\n<p><script async\n                    defer\n                    crossorigin=\"anonymous\"\n                    src=\"https:\/\/connect.facebook.net\/tr_TR\/sdk.js#xfbml=1&#038;version=v3.3\"\n            ><\/script><\/p>\n","protected":false},"excerpt":{"rendered":"<p>\u00a0 Cumhurba\u015fkan\u0131 Ersin Tatar, K\u0131br\u0131s TMT M\u00fccahitler Derne\u011fi Ba\u015fkan\u0131 Celal Bayar ve y\u00f6netim kurulu \u00fcyelerini kabul ederek g\u00f6r\u00fc\u015ft\u00fc. Kabulde yapt\u0131\u011f\u0131 konu\u015fmada, kendisine yap\u0131lan ziyaretten dolay\u0131 duydu\u011fu memnuniyeti dile getiren Cumhurba\u015fkan\u0131 Tatar, Celal Bayar y\u00f6netimindeki T\u00fcrk Mukavemet Te\u015fkilat\u0131\u2019n\u0131n milli davam\u0131za olan yak\u0131nl\u0131\u011f\u0131n\u0131n olduk\u00e7a \u00f6nemli oldu\u011funu belirtti. Cumhurba\u015fkan\u0131 Tatar, s\u00f6zlerine \u015f\u00f6yle devam etti; \u201cSizinle isti\u015fare i\u00e7erisinde olmak<\/p>\n","protected":false},"author":1,"featured_media":5415,"comment_status":"open","ping_status":"open","sticky":false,"template":"","format":"standard","meta":{"footnotes":""},"categories":[1],"tags":[],"class_list":["post-5414","post","type-post","status-publish","format-standard","has-post-thumbnail","hentry","category-gundem"],"yoast_head":"<!-- This site is optimized with the Yoast SEO plugin v27.5 - https:\/\/yoast.com\/product\/yoast-seo-wordpress\/ -->\n<title>\u201cDevletten devlete bir s\u00fcre\u00e7 ba\u015flayacaksa o zaman bunu d\u00fc\u015f\u00fcnebiliriz\u201d -<\/title>\n<meta name=\"robots\" content=\"index, follow, max-snippet:-1, max-image-preview:large, max-video-preview:-1\" \/>\n<link rel=\"canonical\" href=\"https:\/\/kibrisdakik.com\/?p=5414\" \/>\n<meta property=\"og:locale\" content=\"tr_TR\" \/>\n<meta property=\"og:type\" content=\"article\" \/>\n<meta property=\"og:title\" content=\"\u201cDevletten devlete bir s\u00fcre\u00e7 ba\u015flayacaksa o zaman bunu d\u00fc\u015f\u00fcnebiliriz\u201d -\" \/>\n<meta property=\"og:description\" content=\"\u00a0 Cumhurba\u015fkan\u0131 Ersin Tatar, K\u0131br\u0131s TMT M\u00fccahitler Derne\u011fi Ba\u015fkan\u0131 Celal Bayar ve y\u00f6netim kurulu \u00fcyelerini kabul ederek g\u00f6r\u00fc\u015ft\u00fc. Kabulde yapt\u0131\u011f\u0131 konu\u015fmada, kendisine yap\u0131lan ziyaretten dolay\u0131 duydu\u011fu memnuniyeti dile getiren Cumhurba\u015fkan\u0131 Tatar, Celal Bayar y\u00f6netimindeki T\u00fcrk Mukavemet Te\u015fkilat\u0131\u2019n\u0131n milli davam\u0131za olan yak\u0131nl\u0131\u011f\u0131n\u0131n olduk\u00e7a \u00f6nemli oldu\u011funu belirtti. Cumhurba\u015fkan\u0131 Tatar, s\u00f6zlerine \u015f\u00f6yle devam etti; \u201cSizinle isti\u015fare i\u00e7erisinde olmak\" \/>\n<meta property=\"og:url\" content=\"https:\/\/kibrisdakik.com\/?p=5414\" \/>\n<meta property=\"article:published_time\" content=\"2023-04-19T17:46:02+00:00\" \/>\n<meta property=\"og:image\" content=\"https:\/\/kibrisdakik.com\/wp-content\/uploads\/2023\/04\/InShot_20230419_202804519-740x420.jpg\" \/>\n\t<meta property=\"og:image:width\" content=\"1920\" \/>\n\t<meta property=\"og:image:height\" content=\"1079\" \/>\n\t<meta property=\"og:image:type\" content=\"image\/jpeg\" \/>\n<meta name=\"author\" content=\"admin\" \/>\n<meta name=\"twitter:card\" content=\"summary_large_image\" \/>\n<meta name=\"twitter:label1\" content=\"Yazan:\" \/>\n\t<meta name=\"twitter:data1\" content=\"admin\" \/>\n\t<meta name=\"twitter:label2\" content=\"Tahmini okuma s\u00fcresi\" \/>\n\t<meta name=\"twitter:data2\" content=\"5 dakika\" \/>\n<script type=\"application\/ld+json\" class=\"yoast-schema-graph\">{\"@context\":\"https:\\\/\\\/schema.org\",\"@graph\":[{\"@type\":\"Article\",\"@id\":\"https:\\\/\\\/kibrisdakik.com\\\/?p=5414#article\",\"isPartOf\":{\"@id\":\"https:\\\/\\\/kibrisdakik.com\\\/?p=5414\"},\"author\":{\"name\":\"admin\",\"@id\":\"https:\\\/\\\/kibrisdakik.com\\\/#\\\/schema\\\/person\\\/9cd9d437bbb44f72b73ba127e06d8e79\"},\"headline\":\"\u201cDevletten devlete bir s\u00fcre\u00e7 ba\u015flayacaksa o zaman bunu d\u00fc\u015f\u00fcnebiliriz\u201d\",\"datePublished\":\"2023-04-19T17:46:02+00:00\",\"mainEntityOfPage\":{\"@id\":\"https:\\\/\\\/kibrisdakik.com\\\/?p=5414\"},\"wordCount\":932,\"commentCount\":0,\"image\":{\"@id\":\"https:\\\/\\\/kibrisdakik.com\\\/?p=5414#primaryimage\"},\"thumbnailUrl\":\"https:\\\/\\\/kibrisdakik.com\\\/wp-content\\\/uploads\\\/2023\\\/04\\\/InShot_20230419_202804519-740x420.jpg\",\"articleSection\":[\"G\u00fcndem\"],\"inLanguage\":\"tr\",\"potentialAction\":[{\"@type\":\"CommentAction\",\"name\":\"Comment\",\"target\":[\"https:\\\/\\\/kibrisdakik.com\\\/?p=5414#respond\"]}]},{\"@type\":\"WebPage\",\"@id\":\"https:\\\/\\\/kibrisdakik.com\\\/?p=5414\",\"url\":\"https:\\\/\\\/kibrisdakik.com\\\/?p=5414\",\"name\":\"\u201cDevletten devlete bir s\u00fcre\u00e7 ba\u015flayacaksa o zaman bunu d\u00fc\u015f\u00fcnebiliriz\u201d -\",\"isPartOf\":{\"@id\":\"https:\\\/\\\/kibrisdakik.com\\\/#website\"},\"primaryImageOfPage\":{\"@id\":\"https:\\\/\\\/kibrisdakik.com\\\/?p=5414#primaryimage\"},\"image\":{\"@id\":\"https:\\\/\\\/kibrisdakik.com\\\/?p=5414#primaryimage\"},\"thumbnailUrl\":\"https:\\\/\\\/kibrisdakik.com\\\/wp-content\\\/uploads\\\/2023\\\/04\\\/InShot_20230419_202804519-740x420.jpg\",\"datePublished\":\"2023-04-19T17:46:02+00:00\",\"author\":{\"@id\":\"https:\\\/\\\/kibrisdakik.com\\\/#\\\/schema\\\/person\\\/9cd9d437bbb44f72b73ba127e06d8e79\"},\"breadcrumb\":{\"@id\":\"https:\\\/\\\/kibrisdakik.com\\\/?p=5414#breadcrumb\"},\"inLanguage\":\"tr\",\"potentialAction\":[{\"@type\":\"ReadAction\",\"target\":[\"https:\\\/\\\/kibrisdakik.com\\\/?p=5414\"]}]},{\"@type\":\"ImageObject\",\"inLanguage\":\"tr\",\"@id\":\"https:\\\/\\\/kibrisdakik.com\\\/?p=5414#primaryimage\",\"url\":\"https:\\\/\\\/kibrisdakik.com\\\/wp-content\\\/uploads\\\/2023\\\/04\\\/InShot_20230419_202804519-740x420.jpg\",\"contentUrl\":\"https:\\\/\\\/kibrisdakik.com\\\/wp-content\\\/uploads\\\/2023\\\/04\\\/InShot_20230419_202804519-740x420.jpg\",\"width\":1920,\"height\":1079},{\"@type\":\"BreadcrumbList\",\"@id\":\"https:\\\/\\\/kibrisdakik.com\\\/?p=5414#breadcrumb\",\"itemListElement\":[{\"@type\":\"ListItem\",\"position\":1,\"name\":\"Home\",\"item\":\"https:\\\/\\\/kibrisdakik.com\\\/\"},{\"@type\":\"ListItem\",\"position\":2,\"name\":\"\u201cDevletten devlete bir s\u00fcre\u00e7 ba\u015flayacaksa o zaman bunu d\u00fc\u015f\u00fcnebiliriz\u201d\"}]},{\"@type\":\"WebSite\",\"@id\":\"https:\\\/\\\/kibrisdakik.com\\\/#website\",\"url\":\"https:\\\/\\\/kibrisdakik.com\\\/\",\"name\":\"\",\"description\":\"Tam vaktinde haber\",\"potentialAction\":[{\"@type\":\"SearchAction\",\"target\":{\"@type\":\"EntryPoint\",\"urlTemplate\":\"https:\\\/\\\/kibrisdakik.com\\\/?s={search_term_string}\"},\"query-input\":{\"@type\":\"PropertyValueSpecification\",\"valueRequired\":true,\"valueName\":\"search_term_string\"}}],\"inLanguage\":\"tr\"},{\"@type\":\"Person\",\"@id\":\"https:\\\/\\\/kibrisdakik.com\\\/#\\\/schema\\\/person\\\/9cd9d437bbb44f72b73ba127e06d8e79\",\"name\":\"admin\",\"image\":{\"@type\":\"ImageObject\",\"inLanguage\":\"tr\",\"@id\":\"https:\\\/\\\/secure.gravatar.com\\\/avatar\\\/ccc17943b9d660506c869530f897617f7cb1c21a4bf30023f252596d83e1f007?s=96&d=mm&r=g\",\"url\":\"https:\\\/\\\/secure.gravatar.com\\\/avatar\\\/ccc17943b9d660506c869530f897617f7cb1c21a4bf30023f252596d83e1f007?s=96&d=mm&r=g\",\"contentUrl\":\"https:\\\/\\\/secure.gravatar.com\\\/avatar\\\/ccc17943b9d660506c869530f897617f7cb1c21a4bf30023f252596d83e1f007?s=96&d=mm&r=g\",\"caption\":\"admin\"},\"sameAs\":[\"https:\\\/\\\/kibrisdakik.com\"],\"url\":\"https:\\\/\\\/kibrisdakik.com\\\/?author=1\"}]}<\/script>\n<!-- \/ Yoast SEO plugin. -->","yoast_head_json":{"title":"\u201cDevletten devlete bir s\u00fcre\u00e7 ba\u015flayacaksa o zaman bunu d\u00fc\u015f\u00fcnebiliriz\u201d -","robots":{"index":"index","follow":"follow","max-snippet":"max-snippet:-1","max-image-preview":"max-image-preview:large","max-video-preview":"max-video-preview:-1"},"canonical":"https:\/\/kibrisdakik.com\/?p=5414","og_locale":"tr_TR","og_type":"article","og_title":"\u201cDevletten devlete bir s\u00fcre\u00e7 ba\u015flayacaksa o zaman bunu d\u00fc\u015f\u00fcnebiliriz\u201d -","og_description":"\u00a0 Cumhurba\u015fkan\u0131 Ersin Tatar, K\u0131br\u0131s TMT M\u00fccahitler Derne\u011fi Ba\u015fkan\u0131 Celal Bayar ve y\u00f6netim kurulu \u00fcyelerini kabul ederek g\u00f6r\u00fc\u015ft\u00fc. Kabulde yapt\u0131\u011f\u0131 konu\u015fmada, kendisine yap\u0131lan ziyaretten dolay\u0131 duydu\u011fu memnuniyeti dile getiren Cumhurba\u015fkan\u0131 Tatar, Celal Bayar y\u00f6netimindeki T\u00fcrk Mukavemet Te\u015fkilat\u0131\u2019n\u0131n milli davam\u0131za olan yak\u0131nl\u0131\u011f\u0131n\u0131n olduk\u00e7a \u00f6nemli oldu\u011funu belirtti. Cumhurba\u015fkan\u0131 Tatar, s\u00f6zlerine \u015f\u00f6yle devam etti; \u201cSizinle isti\u015fare i\u00e7erisinde olmak","og_url":"https:\/\/kibrisdakik.com\/?p=5414","article_published_time":"2023-04-19T17:46:02+00:00","og_image":[{"width":1920,"height":1079,"url":"https:\/\/kibrisdakik.com\/wp-content\/uploads\/2023\/04\/InShot_20230419_202804519-740x420.jpg","type":"image\/jpeg"}],"author":"admin","twitter_card":"summary_large_image","twitter_misc":{"Yazan:":"admin","Tahmini okuma s\u00fcresi":"5 dakika"},"schema":{"@context":"https:\/\/schema.org","@graph":[{"@type":"Article","@id":"https:\/\/kibrisdakik.com\/?p=5414#article","isPartOf":{"@id":"https:\/\/kibrisdakik.com\/?p=5414"},"author":{"name":"admin","@id":"https:\/\/kibrisdakik.com\/#\/schema\/person\/9cd9d437bbb44f72b73ba127e06d8e79"},"headline":"\u201cDevletten devlete bir s\u00fcre\u00e7 ba\u015flayacaksa o zaman bunu d\u00fc\u015f\u00fcnebiliriz\u201d","datePublished":"2023-04-19T17:46:02+00:00","mainEntityOfPage":{"@id":"https:\/\/kibrisdakik.com\/?p=5414"},"wordCount":932,"commentCount":0,"image":{"@id":"https:\/\/kibrisdakik.com\/?p=5414#primaryimage"},"thumbnailUrl":"https:\/\/kibrisdakik.com\/wp-content\/uploads\/2023\/04\/InShot_20230419_202804519-740x420.jpg","articleSection":["G\u00fcndem"],"inLanguage":"tr","potentialAction":[{"@type":"CommentAction","name":"Comment","target":["https:\/\/kibrisdakik.com\/?p=5414#respond"]}]},{"@type":"WebPage","@id":"https:\/\/kibrisdakik.com\/?p=5414","url":"https:\/\/kibrisdakik.com\/?p=5414","name":"\u201cDevletten devlete bir s\u00fcre\u00e7 ba\u015flayacaksa o zaman bunu d\u00fc\u015f\u00fcnebiliriz\u201d -","isPartOf":{"@id":"https:\/\/kibrisdakik.com\/#website"},"primaryImageOfPage":{"@id":"https:\/\/kibrisdakik.com\/?p=5414#primaryimage"},"image":{"@id":"https:\/\/kibrisdakik.com\/?p=5414#primaryimage"},"thumbnailUrl":"https:\/\/kibrisdakik.com\/wp-content\/uploads\/2023\/04\/InShot_20230419_202804519-740x420.jpg","datePublished":"2023-04-19T17:46:02+00:00","author":{"@id":"https:\/\/kibrisdakik.com\/#\/schema\/person\/9cd9d437bbb44f72b73ba127e06d8e79"},"breadcrumb":{"@id":"https:\/\/kibrisdakik.com\/?p=5414#breadcrumb"},"inLanguage":"tr","potentialAction":[{"@type":"ReadAction","target":["https:\/\/kibrisdakik.com\/?p=5414"]}]},{"@type":"ImageObject","inLanguage":"tr","@id":"https:\/\/kibrisdakik.com\/?p=5414#primaryimage","url":"https:\/\/kibrisdakik.com\/wp-content\/uploads\/2023\/04\/InShot_20230419_202804519-740x420.jpg","contentUrl":"https:\/\/kibrisdakik.com\/wp-content\/uploads\/2023\/04\/InShot_20230419_202804519-740x420.jpg","width":1920,"height":1079},{"@type":"BreadcrumbList","@id":"https:\/\/kibrisdakik.com\/?p=5414#breadcrumb","itemListElement":[{"@type":"ListItem","position":1,"name":"Home","item":"https:\/\/kibrisdakik.com\/"},{"@type":"ListItem","position":2,"name":"\u201cDevletten devlete bir s\u00fcre\u00e7 ba\u015flayacaksa o zaman bunu d\u00fc\u015f\u00fcnebiliriz\u201d"}]},{"@type":"WebSite","@id":"https:\/\/kibrisdakik.com\/#website","url":"https:\/\/kibrisdakik.com\/","name":"","description":"Tam vaktinde haber","potentialAction":[{"@type":"SearchAction","target":{"@type":"EntryPoint","urlTemplate":"https:\/\/kibrisdakik.com\/?s={search_term_string}"},"query-input":{"@type":"PropertyValueSpecification","valueRequired":true,"valueName":"search_term_string"}}],"inLanguage":"tr"},{"@type":"Person","@id":"https:\/\/kibrisdakik.com\/#\/schema\/person\/9cd9d437bbb44f72b73ba127e06d8e79","name":"admin","image":{"@type":"ImageObject","inLanguage":"tr","@id":"https:\/\/secure.gravatar.com\/avatar\/ccc17943b9d660506c869530f897617f7cb1c21a4bf30023f252596d83e1f007?s=96&d=mm&r=g","url":"https:\/\/secure.gravatar.com\/avatar\/ccc17943b9d660506c869530f897617f7cb1c21a4bf30023f252596d83e1f007?s=96&d=mm&r=g","contentUrl":"https:\/\/secure.gravatar.com\/avatar\/ccc17943b9d660506c869530f897617f7cb1c21a4bf30023f252596d83e1f007?s=96&d=mm&r=g","caption":"admin"},"sameAs":["https:\/\/kibrisdakik.com"],"url":"https:\/\/kibrisdakik.com\/?author=1"}]}},"_links":{"self":[{"href":"https:\/\/kibrisdakik.com\/index.php?rest_route=\/wp\/v2\/posts\/5414","targetHints":{"allow":["GET"]}}],"collection":[{"href":"https:\/\/kibrisdakik.com\/index.php?rest_route=\/wp\/v2\/posts"}],"about":[{"href":"https:\/\/kibrisdakik.com\/index.php?rest_route=\/wp\/v2\/types\/post"}],"author":[{"embeddable":true,"href":"https:\/\/kibrisdakik.com\/index.php?rest_route=\/wp\/v2\/users\/1"}],"replies":[{"embeddable":true,"href":"https:\/\/kibrisdakik.com\/index.php?rest_route=%2Fwp%2Fv2%2Fcomments&post=5414"}],"version-history":[{"count":0,"href":"https:\/\/kibrisdakik.com\/index.php?rest_route=\/wp\/v2\/posts\/5414\/revisions"}],"wp:featuredmedia":[{"embeddable":true,"href":"https:\/\/kibrisdakik.com\/index.php?rest_route=\/wp\/v2\/media\/5415"}],"wp:attachment":[{"href":"https:\/\/kibrisdakik.com\/index.php?rest_route=%2Fwp%2Fv2%2Fmedia&parent=5414"}],"wp:term":[{"taxonomy":"category","embeddable":true,"href":"https:\/\/kibrisdakik.com\/index.php?rest_route=%2Fwp%2Fv2%2Fcategories&post=5414"},{"taxonomy":"post_tag","embeddable":true,"href":"https:\/\/kibrisdakik.com\/index.php?rest_route=%2Fwp%2Fv2%2Ftags&post=5414"}],"curies":[{"name":"wp","href":"https:\/\/api.w.org\/{rel}","templated":true}]}}