{"id":54140,"date":"2024-08-13T19:39:48","date_gmt":"2024-08-13T16:39:48","guid":{"rendered":"https:\/\/kibrisdakik.com\/index.php\/2024\/08\/13\/trumpin-virginiadaki-secim-ofisine-hirsiz-girdi\/"},"modified":"2024-08-13T19:39:48","modified_gmt":"2024-08-13T16:39:48","slug":"trumpin-virginiadaki-secim-ofisine-hirsiz-girdi","status":"publish","type":"post","link":"https:\/\/kibrisdakik.com\/?p=54140","title":{"rendered":"Trump&#8217;\u0131n Virginia&#8217;daki se\u00e7im ofisine h\u0131rs\u0131z girdi"},"content":{"rendered":"<p><\/p>\n<div id=\"\">\n<p>ABD&#8217;de Cumhuriyet\u00e7ilerin ba\u015fkan aday\u0131 Donald Trump se\u00e7imler \u00f6ncesi &#8220;h\u0131rs\u0131zl\u0131k&#8221; \u015foku ya\u015fad\u0131. Trump&#8217;\u0131n Virginia&#8217;daki  <a class=\"keyword\" href=\"https:\/\/www.haberler.com\/secim\/\" title=\"Se\u00e7im, Se\u00e7im Sonu\u00e7lar\u0131, Se\u00e7im Sonu\u00e7lar\u0131 2023\"><strong>se\u00e7im<\/strong><\/a> ofisine h\u0131rs\u0131z girdi.<\/p>\n<h3>TRUMP&#8217;IN SE\u00c7\u0130M OF\u0130S\u0130NE HIRSIZ G\u0130RD\u0130<\/h3>\n<p>ABD&#8217;nin eski ba\u015fkan\u0131 olan Cumhuriyet\u00e7i Parti&#8217;nin ba\u015fkan aday\u0131 Donal Trump&#8217;\u0131n Virginia eyaletinde yer alan Ashburn&#8217;daki se\u00e7im ofisine h\u0131rs\u0131z girdi. Yetkililer, h\u0131rs\u0131zl\u0131k olay\u0131n\u0131n Trump&#8217;\u0131n se\u00e7im kampanyas\u0131 taraf\u0131ndan kiralanan ve ayn\u0131 zamanda Virginia 10. B\u00f6lge Cumhuriyet\u00e7i Komitesi&#8217;nin merkezi olarak hizmet veren bir ofiste meydana geldi\u011fini belirterek, \u015f\u00fcphelinin herhangi bir \u015fey \u00e7al\u0131p \u00e7almad\u0131\u011f\u0131n\u0131 ara\u015ft\u0131rd\u0131klar\u0131n\u0131 ifade etti.<\/p>\n<p><img loading=\"lazy\" decoding=\"async\" class=\"hbptMainImage lazyload ImgDetay\" src=\"https:\/\/foto.haberler.com\/haber\/2024\/08\/13\/trump-in-virginia-daki-secim-ofisine-hirsiz-girdi-17716412_6344_m.jpg\" alt=\"Trump'\u0131n Virginia'daki se\u00e7im ofisine h\u0131rs\u0131z girdi\" width=\"640\" height=\"426\"\/><span class=\"figcaption\">Donald Trump<\/span><\/p>\n<h3>G\u00dcVENL\u0130K KAMERASI G\u00d6R\u00dcNT\u00dcLER\u0130 ARA\u015eTIRILIYOR<\/h3>\n<p>Polis, g\u00fcvenlik kameras\u0131 g\u00f6r\u00fcnt\u00fclerinde \u015f\u00fcphelinin ofise zorla girdi\u011fini ve i\u00e7eride dola\u015ft\u0131\u011f\u0131n\u0131 belirtti. \u015e\u00fcphelinin, koyu renk k\u0131yafetler giydi\u011fi, \u015fapka takt\u0131\u011f\u0131 ve s\u0131rt \u00e7antas\u0131 ta\u015f\u0131d\u0131\u011f\u0131 aktar\u0131ld\u0131.<\/p>\n<h3>&#8220;NAD\u0130R G\u00d6R\u00dcLEN B\u0130R DURUM&#8221;<\/h3>\n<p>Loudoun \u015eerifi Mike Chapman yapt\u0131\u011f\u0131 a\u00e7\u0131klamada, &#8220;Herhangi bir siyasi kampanyan\u0131n ya da partinin ofisine zorla girilmesi nadir g\u00f6r\u00fclen bir durumdur. \u015e\u00fcphelinin kimli\u011fini tespit etmeye, olay\u0131n nedenini ara\u015ft\u0131rmaya ve ne \u00e7al\u0131nm\u0131\u015f olabilece\u011fi gibi geride ne b\u0131rak\u0131lm\u0131\u015f olabilece\u011fini de belirlemeye kararl\u0131y\u0131z&#8221; dedi.<\/p>\n<h3>TRUMP&#8217;DAN A\u00c7IKLAMA GELMED\u0130<\/h3>\n<p>Olayla ilgili soru\u015fturma devam ediyor. Trump&#8217;\u0131n se\u00e7im ekibi olayla ilgili hen\u00fcz a\u00e7\u0131klama yapmad\u0131. <\/p>\n<div class=\"editorSade\">Kaynak: \u0130hlas Haber Ajans\u0131 \/  <a href=\"https:\/\/www.haberler.com\/3-sayfa\/\" title=\"3.Sayfa Haberleri\">3.Sayfa<\/a> <\/div>\n<h4 id=\"nwsKeywords\"> <a href=\"https:\/\/www.haberler.com\/cumhuriyetci-parti\/\" title=\"Cumhuriyet\u00e7i Parti\" class=\"hbptTag\">Cumhuriyet\u00e7i Parti<\/a>  <a href=\"https:\/\/www.haberler.com\/donald-trump\/\" title=\"Donald Trump\" class=\"hbptTag\">Donald Trump<\/a>  <a href=\"https:\/\/www.haberler.com\/donald-trump\/\" title=\"Donald Trump\" class=\"hbptTag\">Donald Trump<\/a>  <a href=\"https:\/\/www.haberler.com\/virginia\/\" title=\"virginia\" class=\"hbptTag\">virginia<\/a>  <a href=\"https:\/\/www.haberler.com\/3-sayfa\/\" title=\"3-sayfa\" class=\"hbptTag\">3-sayfa<\/a>  <a href=\"https:\/\/www.haberler.com\/3-sayfa\/\" title=\"3.Sayfa\" class=\"hbptTag\">3.Sayfa<\/a>  <a href=\"https:\/\/www.haberler.com\/politika\/\" title=\"Politika\" class=\"hbptTag\">Politika<\/a>  <a href=\"https:\/\/www.haberler.com\/guncel\/\" title=\"G\u00fcncel\" class=\"hbptTag\">G\u00fcncel<\/a>  <a href=\"https:\/\/www.haberler.com\/\" title=\"Haberler\" class=\"hbptTag\">Haberler<\/a> <\/h4>\n<\/div>\n","protected":false},"excerpt":{"rendered":"<p>ABD&#8217;de Cumhuriyet\u00e7ilerin ba\u015fkan aday\u0131 Donald Trump se\u00e7imler \u00f6ncesi &#8220;h\u0131rs\u0131zl\u0131k&#8221; \u015foku ya\u015fad\u0131. Trump&#8217;\u0131n Virginia&#8217;daki se\u00e7im ofisine h\u0131rs\u0131z girdi. TRUMP&#8217;IN SE\u00c7\u0130M OF\u0130S\u0130NE HIRSIZ G\u0130RD\u0130 ABD&#8217;nin eski ba\u015fkan\u0131 olan Cumhuriyet\u00e7i Parti&#8217;nin ba\u015fkan aday\u0131 Donal Trump&#8217;\u0131n Virginia eyaletinde yer alan Ashburn&#8217;daki se\u00e7im ofisine h\u0131rs\u0131z girdi. Yetkililer, h\u0131rs\u0131zl\u0131k olay\u0131n\u0131n Trump&#8217;\u0131n se\u00e7im kampanyas\u0131 taraf\u0131ndan kiralanan ve ayn\u0131 zamanda Virginia 10. B\u00f6lge<\/p>\n","protected":false},"author":1,"featured_media":54141,"comment_status":"open","ping_status":"open","sticky":false,"template":"","format":"standard","meta":{"footnotes":""},"categories":[83],"tags":[],"class_list":["post-54140","post","type-post","status-publish","format-standard","has-post-thumbnail","hentry","category-magazin"],"yoast_head":"<!-- This site is optimized with the Yoast SEO plugin v27.5 - https:\/\/yoast.com\/product\/yoast-seo-wordpress\/ -->\n<title>Trump&#039;\u0131n Virginia&#039;daki se\u00e7im ofisine h\u0131rs\u0131z girdi -<\/title>\n<meta name=\"robots\" content=\"index, follow, max-snippet:-1, max-image-preview:large, max-video-preview:-1\" \/>\n<link rel=\"canonical\" href=\"https:\/\/kibrisdakik.com\/?p=54140\" \/>\n<meta property=\"og:locale\" content=\"tr_TR\" \/>\n<meta property=\"og:type\" content=\"article\" \/>\n<meta property=\"og:title\" content=\"Trump&#039;\u0131n Virginia&#039;daki se\u00e7im ofisine h\u0131rs\u0131z girdi -\" \/>\n<meta property=\"og:description\" content=\"ABD&#8217;de Cumhuriyet\u00e7ilerin ba\u015fkan aday\u0131 Donald Trump se\u00e7imler \u00f6ncesi &#8220;h\u0131rs\u0131zl\u0131k&#8221; \u015foku ya\u015fad\u0131. Trump&#8217;\u0131n Virginia&#8217;daki se\u00e7im ofisine h\u0131rs\u0131z girdi. TRUMP&#8217;IN SE\u00c7\u0130M OF\u0130S\u0130NE HIRSIZ G\u0130RD\u0130 ABD&#8217;nin eski ba\u015fkan\u0131 olan Cumhuriyet\u00e7i Parti&#8217;nin ba\u015fkan aday\u0131 Donal Trump&#8217;\u0131n Virginia eyaletinde yer alan Ashburn&#8217;daki se\u00e7im ofisine h\u0131rs\u0131z girdi. Yetkililer, h\u0131rs\u0131zl\u0131k olay\u0131n\u0131n Trump&#8217;\u0131n se\u00e7im kampanyas\u0131 taraf\u0131ndan kiralanan ve ayn\u0131 zamanda Virginia 10. B\u00f6lge\" \/>\n<meta property=\"og:url\" content=\"https:\/\/kibrisdakik.com\/?p=54140\" \/>\n<meta property=\"article:published_time\" content=\"2024-08-13T16:39:48+00:00\" \/>\n<meta property=\"og:image\" content=\"https:\/\/kibrisdakik.com\/wp-content\/uploads\/2024\/08\/trump-in-virginia-daki-secim-ofisine-hirsiz-girdi-17716412_6344_m-640x420.jpg\" \/>\n\t<meta property=\"og:image:width\" content=\"640\" \/>\n\t<meta property=\"og:image:height\" content=\"426\" \/>\n\t<meta property=\"og:image:type\" content=\"image\/jpeg\" \/>\n<meta name=\"author\" content=\"admin\" \/>\n<meta name=\"twitter:card\" content=\"summary_large_image\" \/>\n<meta name=\"twitter:label1\" content=\"Yazan:\" \/>\n\t<meta name=\"twitter:data1\" content=\"admin\" \/>\n\t<meta name=\"twitter:label2\" content=\"Tahmini okuma s\u00fcresi\" \/>\n\t<meta name=\"twitter:data2\" content=\"1 dakika\" \/>\n<script type=\"application\/ld+json\" class=\"yoast-schema-graph\">{\"@context\":\"https:\\\/\\\/schema.org\",\"@graph\":[{\"@type\":\"Article\",\"@id\":\"https:\\\/\\\/kibrisdakik.com\\\/?p=54140#article\",\"isPartOf\":{\"@id\":\"https:\\\/\\\/kibrisdakik.com\\\/?p=54140\"},\"author\":{\"name\":\"admin\",\"@id\":\"https:\\\/\\\/kibrisdakik.com\\\/#\\\/schema\\\/person\\\/9cd9d437bbb44f72b73ba127e06d8e79\"},\"headline\":\"Trump&#8217;\u0131n Virginia&#8217;daki se\u00e7im ofisine h\u0131rs\u0131z girdi\",\"datePublished\":\"2024-08-13T16:39:48+00:00\",\"mainEntityOfPage\":{\"@id\":\"https:\\\/\\\/kibrisdakik.com\\\/?p=54140\"},\"wordCount\":276,\"commentCount\":0,\"image\":{\"@id\":\"https:\\\/\\\/kibrisdakik.com\\\/?p=54140#primaryimage\"},\"thumbnailUrl\":\"https:\\\/\\\/kibrisdakik.com\\\/wp-content\\\/uploads\\\/2024\\\/08\\\/trump-in-virginia-daki-secim-ofisine-hirsiz-girdi-17716412_6344_m-640x420.jpg\",\"articleSection\":[\"Magazin\"],\"inLanguage\":\"tr\",\"potentialAction\":[{\"@type\":\"CommentAction\",\"name\":\"Comment\",\"target\":[\"https:\\\/\\\/kibrisdakik.com\\\/?p=54140#respond\"]}]},{\"@type\":\"WebPage\",\"@id\":\"https:\\\/\\\/kibrisdakik.com\\\/?p=54140\",\"url\":\"https:\\\/\\\/kibrisdakik.com\\\/?p=54140\",\"name\":\"Trump'\u0131n Virginia'daki se\u00e7im ofisine h\u0131rs\u0131z girdi -\",\"isPartOf\":{\"@id\":\"https:\\\/\\\/kibrisdakik.com\\\/#website\"},\"primaryImageOfPage\":{\"@id\":\"https:\\\/\\\/kibrisdakik.com\\\/?p=54140#primaryimage\"},\"image\":{\"@id\":\"https:\\\/\\\/kibrisdakik.com\\\/?p=54140#primaryimage\"},\"thumbnailUrl\":\"https:\\\/\\\/kibrisdakik.com\\\/wp-content\\\/uploads\\\/2024\\\/08\\\/trump-in-virginia-daki-secim-ofisine-hirsiz-girdi-17716412_6344_m-640x420.jpg\",\"datePublished\":\"2024-08-13T16:39:48+00:00\",\"author\":{\"@id\":\"https:\\\/\\\/kibrisdakik.com\\\/#\\\/schema\\\/person\\\/9cd9d437bbb44f72b73ba127e06d8e79\"},\"breadcrumb\":{\"@id\":\"https:\\\/\\\/kibrisdakik.com\\\/?p=54140#breadcrumb\"},\"inLanguage\":\"tr\",\"potentialAction\":[{\"@type\":\"ReadAction\",\"target\":[\"https:\\\/\\\/kibrisdakik.com\\\/?p=54140\"]}]},{\"@type\":\"ImageObject\",\"inLanguage\":\"tr\",\"@id\":\"https:\\\/\\\/kibrisdakik.com\\\/?p=54140#primaryimage\",\"url\":\"https:\\\/\\\/kibrisdakik.com\\\/wp-content\\\/uploads\\\/2024\\\/08\\\/trump-in-virginia-daki-secim-ofisine-hirsiz-girdi-17716412_6344_m-640x420.jpg\",\"contentUrl\":\"https:\\\/\\\/kibrisdakik.com\\\/wp-content\\\/uploads\\\/2024\\\/08\\\/trump-in-virginia-daki-secim-ofisine-hirsiz-girdi-17716412_6344_m-640x420.jpg\",\"width\":640,\"height\":426},{\"@type\":\"BreadcrumbList\",\"@id\":\"https:\\\/\\\/kibrisdakik.com\\\/?p=54140#breadcrumb\",\"itemListElement\":[{\"@type\":\"ListItem\",\"position\":1,\"name\":\"Home\",\"item\":\"https:\\\/\\\/kibrisdakik.com\\\/\"},{\"@type\":\"ListItem\",\"position\":2,\"name\":\"Trump&#8217;\u0131n Virginia&#8217;daki se\u00e7im ofisine h\u0131rs\u0131z girdi\"}]},{\"@type\":\"WebSite\",\"@id\":\"https:\\\/\\\/kibrisdakik.com\\\/#website\",\"url\":\"https:\\\/\\\/kibrisdakik.com\\\/\",\"name\":\"\",\"description\":\"Tam vaktinde haber\",\"potentialAction\":[{\"@type\":\"SearchAction\",\"target\":{\"@type\":\"EntryPoint\",\"urlTemplate\":\"https:\\\/\\\/kibrisdakik.com\\\/?s={search_term_string}\"},\"query-input\":{\"@type\":\"PropertyValueSpecification\",\"valueRequired\":true,\"valueName\":\"search_term_string\"}}],\"inLanguage\":\"tr\"},{\"@type\":\"Person\",\"@id\":\"https:\\\/\\\/kibrisdakik.com\\\/#\\\/schema\\\/person\\\/9cd9d437bbb44f72b73ba127e06d8e79\",\"name\":\"admin\",\"image\":{\"@type\":\"ImageObject\",\"inLanguage\":\"tr\",\"@id\":\"https:\\\/\\\/secure.gravatar.com\\\/avatar\\\/ccc17943b9d660506c869530f897617f7cb1c21a4bf30023f252596d83e1f007?s=96&d=mm&r=g\",\"url\":\"https:\\\/\\\/secure.gravatar.com\\\/avatar\\\/ccc17943b9d660506c869530f897617f7cb1c21a4bf30023f252596d83e1f007?s=96&d=mm&r=g\",\"contentUrl\":\"https:\\\/\\\/secure.gravatar.com\\\/avatar\\\/ccc17943b9d660506c869530f897617f7cb1c21a4bf30023f252596d83e1f007?s=96&d=mm&r=g\",\"caption\":\"admin\"},\"sameAs\":[\"https:\\\/\\\/kibrisdakik.com\"],\"url\":\"https:\\\/\\\/kibrisdakik.com\\\/?author=1\"}]}<\/script>\n<!-- \/ Yoast SEO plugin. -->","yoast_head_json":{"title":"Trump'\u0131n Virginia'daki se\u00e7im ofisine h\u0131rs\u0131z girdi -","robots":{"index":"index","follow":"follow","max-snippet":"max-snippet:-1","max-image-preview":"max-image-preview:large","max-video-preview":"max-video-preview:-1"},"canonical":"https:\/\/kibrisdakik.com\/?p=54140","og_locale":"tr_TR","og_type":"article","og_title":"Trump'\u0131n Virginia'daki se\u00e7im ofisine h\u0131rs\u0131z girdi -","og_description":"ABD&#8217;de Cumhuriyet\u00e7ilerin ba\u015fkan aday\u0131 Donald Trump se\u00e7imler \u00f6ncesi &#8220;h\u0131rs\u0131zl\u0131k&#8221; \u015foku ya\u015fad\u0131. Trump&#8217;\u0131n Virginia&#8217;daki se\u00e7im ofisine h\u0131rs\u0131z girdi. TRUMP&#8217;IN SE\u00c7\u0130M OF\u0130S\u0130NE HIRSIZ G\u0130RD\u0130 ABD&#8217;nin eski ba\u015fkan\u0131 olan Cumhuriyet\u00e7i Parti&#8217;nin ba\u015fkan aday\u0131 Donal Trump&#8217;\u0131n Virginia eyaletinde yer alan Ashburn&#8217;daki se\u00e7im ofisine h\u0131rs\u0131z girdi. Yetkililer, h\u0131rs\u0131zl\u0131k olay\u0131n\u0131n Trump&#8217;\u0131n se\u00e7im kampanyas\u0131 taraf\u0131ndan kiralanan ve ayn\u0131 zamanda Virginia 10. B\u00f6lge","og_url":"https:\/\/kibrisdakik.com\/?p=54140","article_published_time":"2024-08-13T16:39:48+00:00","og_image":[{"width":640,"height":426,"url":"https:\/\/kibrisdakik.com\/wp-content\/uploads\/2024\/08\/trump-in-virginia-daki-secim-ofisine-hirsiz-girdi-17716412_6344_m-640x420.jpg","type":"image\/jpeg"}],"author":"admin","twitter_card":"summary_large_image","twitter_misc":{"Yazan:":"admin","Tahmini okuma s\u00fcresi":"1 dakika"},"schema":{"@context":"https:\/\/schema.org","@graph":[{"@type":"Article","@id":"https:\/\/kibrisdakik.com\/?p=54140#article","isPartOf":{"@id":"https:\/\/kibrisdakik.com\/?p=54140"},"author":{"name":"admin","@id":"https:\/\/kibrisdakik.com\/#\/schema\/person\/9cd9d437bbb44f72b73ba127e06d8e79"},"headline":"Trump&#8217;\u0131n Virginia&#8217;daki se\u00e7im ofisine h\u0131rs\u0131z girdi","datePublished":"2024-08-13T16:39:48+00:00","mainEntityOfPage":{"@id":"https:\/\/kibrisdakik.com\/?p=54140"},"wordCount":276,"commentCount":0,"image":{"@id":"https:\/\/kibrisdakik.com\/?p=54140#primaryimage"},"thumbnailUrl":"https:\/\/kibrisdakik.com\/wp-content\/uploads\/2024\/08\/trump-in-virginia-daki-secim-ofisine-hirsiz-girdi-17716412_6344_m-640x420.jpg","articleSection":["Magazin"],"inLanguage":"tr","potentialAction":[{"@type":"CommentAction","name":"Comment","target":["https:\/\/kibrisdakik.com\/?p=54140#respond"]}]},{"@type":"WebPage","@id":"https:\/\/kibrisdakik.com\/?p=54140","url":"https:\/\/kibrisdakik.com\/?p=54140","name":"Trump'\u0131n Virginia'daki se\u00e7im ofisine h\u0131rs\u0131z girdi -","isPartOf":{"@id":"https:\/\/kibrisdakik.com\/#website"},"primaryImageOfPage":{"@id":"https:\/\/kibrisdakik.com\/?p=54140#primaryimage"},"image":{"@id":"https:\/\/kibrisdakik.com\/?p=54140#primaryimage"},"thumbnailUrl":"https:\/\/kibrisdakik.com\/wp-content\/uploads\/2024\/08\/trump-in-virginia-daki-secim-ofisine-hirsiz-girdi-17716412_6344_m-640x420.jpg","datePublished":"2024-08-13T16:39:48+00:00","author":{"@id":"https:\/\/kibrisdakik.com\/#\/schema\/person\/9cd9d437bbb44f72b73ba127e06d8e79"},"breadcrumb":{"@id":"https:\/\/kibrisdakik.com\/?p=54140#breadcrumb"},"inLanguage":"tr","potentialAction":[{"@type":"ReadAction","target":["https:\/\/kibrisdakik.com\/?p=54140"]}]},{"@type":"ImageObject","inLanguage":"tr","@id":"https:\/\/kibrisdakik.com\/?p=54140#primaryimage","url":"https:\/\/kibrisdakik.com\/wp-content\/uploads\/2024\/08\/trump-in-virginia-daki-secim-ofisine-hirsiz-girdi-17716412_6344_m-640x420.jpg","contentUrl":"https:\/\/kibrisdakik.com\/wp-content\/uploads\/2024\/08\/trump-in-virginia-daki-secim-ofisine-hirsiz-girdi-17716412_6344_m-640x420.jpg","width":640,"height":426},{"@type":"BreadcrumbList","@id":"https:\/\/kibrisdakik.com\/?p=54140#breadcrumb","itemListElement":[{"@type":"ListItem","position":1,"name":"Home","item":"https:\/\/kibrisdakik.com\/"},{"@type":"ListItem","position":2,"name":"Trump&#8217;\u0131n Virginia&#8217;daki se\u00e7im ofisine h\u0131rs\u0131z girdi"}]},{"@type":"WebSite","@id":"https:\/\/kibrisdakik.com\/#website","url":"https:\/\/kibrisdakik.com\/","name":"","description":"Tam vaktinde haber","potentialAction":[{"@type":"SearchAction","target":{"@type":"EntryPoint","urlTemplate":"https:\/\/kibrisdakik.com\/?s={search_term_string}"},"query-input":{"@type":"PropertyValueSpecification","valueRequired":true,"valueName":"search_term_string"}}],"inLanguage":"tr"},{"@type":"Person","@id":"https:\/\/kibrisdakik.com\/#\/schema\/person\/9cd9d437bbb44f72b73ba127e06d8e79","name":"admin","image":{"@type":"ImageObject","inLanguage":"tr","@id":"https:\/\/secure.gravatar.com\/avatar\/ccc17943b9d660506c869530f897617f7cb1c21a4bf30023f252596d83e1f007?s=96&d=mm&r=g","url":"https:\/\/secure.gravatar.com\/avatar\/ccc17943b9d660506c869530f897617f7cb1c21a4bf30023f252596d83e1f007?s=96&d=mm&r=g","contentUrl":"https:\/\/secure.gravatar.com\/avatar\/ccc17943b9d660506c869530f897617f7cb1c21a4bf30023f252596d83e1f007?s=96&d=mm&r=g","caption":"admin"},"sameAs":["https:\/\/kibrisdakik.com"],"url":"https:\/\/kibrisdakik.com\/?author=1"}]}},"_links":{"self":[{"href":"https:\/\/kibrisdakik.com\/index.php?rest_route=\/wp\/v2\/posts\/54140","targetHints":{"allow":["GET"]}}],"collection":[{"href":"https:\/\/kibrisdakik.com\/index.php?rest_route=\/wp\/v2\/posts"}],"about":[{"href":"https:\/\/kibrisdakik.com\/index.php?rest_route=\/wp\/v2\/types\/post"}],"author":[{"embeddable":true,"href":"https:\/\/kibrisdakik.com\/index.php?rest_route=\/wp\/v2\/users\/1"}],"replies":[{"embeddable":true,"href":"https:\/\/kibrisdakik.com\/index.php?rest_route=%2Fwp%2Fv2%2Fcomments&post=54140"}],"version-history":[{"count":0,"href":"https:\/\/kibrisdakik.com\/index.php?rest_route=\/wp\/v2\/posts\/54140\/revisions"}],"wp:featuredmedia":[{"embeddable":true,"href":"https:\/\/kibrisdakik.com\/index.php?rest_route=\/wp\/v2\/media\/54141"}],"wp:attachment":[{"href":"https:\/\/kibrisdakik.com\/index.php?rest_route=%2Fwp%2Fv2%2Fmedia&parent=54140"}],"wp:term":[{"taxonomy":"category","embeddable":true,"href":"https:\/\/kibrisdakik.com\/index.php?rest_route=%2Fwp%2Fv2%2Fcategories&post=54140"},{"taxonomy":"post_tag","embeddable":true,"href":"https:\/\/kibrisdakik.com\/index.php?rest_route=%2Fwp%2Fv2%2Ftags&post=54140"}],"curies":[{"name":"wp","href":"https:\/\/api.w.org\/{rel}","templated":true}]}}