{"id":54245,"date":"2024-08-14T09:47:13","date_gmt":"2024-08-14T06:47:13","guid":{"rendered":"https:\/\/kibrisdakik.com\/index.php\/2024\/08\/14\/ataturkun-sut-kardesi-ile-mektuplari-ilk-kez-gun-yuzune-cikti-iste-o-satirlar\/"},"modified":"2024-08-14T09:47:13","modified_gmt":"2024-08-14T06:47:13","slug":"ataturkun-sut-kardesi-ile-mektuplari-ilk-kez-gun-yuzune-cikti-iste-o-satirlar","status":"publish","type":"post","link":"https:\/\/kibrisdakik.com\/?p=54245","title":{"rendered":"Atat\u00fcrk&#8217;\u00fcn s\u00fct karde\u015fi ile mektuplar\u0131 ilk kez g\u00fcn y\u00fcz\u00fcne \u00e7\u0131kt\u0131! \u0130\u015fte o sat\u0131rlar"},"content":{"rendered":"<p><\/p>\n<div id=\"\">\n<p>T\u00fcrkiye Cumhuriyetinin kurucusu B\u00fcy\u00fck \u00d6nder Gazi Mustafa Kemal Atat\u00fcrk&#8217;\u00fcn s\u00fct karde\u015fi Saime han\u0131mla 1916 y\u0131l\u0131nda birbirlerine g\u00f6nderdikleri mektuplar makalede yer alarak, g\u00fcn y\u00fcz\u00fcne \u00e7\u0131kt\u0131.<\/p>\n<p>T\u00fcrk Tarih Kurumunun ad\u0131n\u0131 bizzat Atat\u00fcrk&#8217;\u00fcn verdi\u011fi ve 1937&#8217;de yay\u0131n hayat\u0131na ba\u015flayan &#8220;Belleten&#8221; dergisinin son say\u0131s\u0131nda yay\u0131nlanan Do\u00e7. Dr. Kenan \u00d6zkan ve Prof. Dr. Sevilay \u00d6zer&#8217;in \u00f6ncelikli olarak Cumhurba\u015fkanl\u0131\u011f\u0131 Devlet Ar\u015fivi Belgeleri, T\u00fcrk Tarih Kurumu belgelerine dayanarak kaleme ald\u0131klar\u0131 &#8220;Mustafa Kemal Pa\u015fa&#8217;n\u0131n S\u00fct Karde\u015fi Saime Han\u0131m ile Mektupla\u015fmas\u0131&#8221; konulu makale Atat\u00fcrk&#8217;\u00fcn hayat\u0131n\u0131n k\u0131sa bir b\u00f6l\u00fcm\u00fcne \u0131\u015f\u0131k tutuyor.<\/p>\n<p>Atat\u00fcrk&#8217;\u00fcn hayat\u0131na ili\u015fkin yerli ve yabanc\u0131 ara\u015ft\u0131rmac\u0131lar taraf\u0131ndan \u00e7ok say\u0131da \u00e7al\u0131\u015fma yap\u0131ld\u0131. Bu \u00e7al\u0131\u015fmalar, Mustafa Kemal Pa\u015fa&#8217;n\u0131n annesi Z\u00fcbeyde Han\u0131m, k\u0131z karde\u015fi Makbule Han\u0131m&#8217;\u0131n ve yak\u0131n tan\u0131klar\u0131n anlat\u0131mlar\u0131 ve belgelere dayand\u0131. Makalede bu \u00e7al\u0131\u015fmalardan farkl\u0131 olarak, Mustafa Kemal Pa\u015fa&#8217;n\u0131n 2. Ordu&#8217;ya ba\u011fl\u0131 16. Kolordu Komutan\u0131 olarak Diyarbak\u0131r Silvan&#8217;da bulundu\u011fu bir s\u0131rada \u0130stanbul \u00c7engelk\u00f6y&#8217;den, &#8220;S\u00fct Hem\u015fireniz Saime&#8221; imzas\u0131yla g\u00f6nderilen 15 Temmuz 1916 tarihli bir mektup ald\u0131\u011f\u0131 ve bu mektuba, 26 Ekim 1916&#8217;da &#8220;Hem\u015firem Han\u0131mefendi&#8221; hitab\u0131yla ba\u015flayan bir mektupla yan\u0131t verdi\u011fi belgelendi.<\/p>\n<h3>&#8220;BABAM \u00dcMM\u00dcG\u00dcL ADINDA B\u0130R S\u00dcTN\u0130NE TUTMU\u015e&#8230;&#8221;<\/h3>\n<p>Atat\u00fcrk&#8217;\u00fcn s\u00fct annesinin oldu\u011funa ili\u015fkin bilgi, Milli M\u00fccadeleye kat\u0131lan, Cumhuriyet d\u00f6nemi gazetecilerinden Enver Behnan \u015eapolyo&#8217;nun 1955&#8217;te yay\u0131mlanan &#8220;Atat\u00fcrk&#8217;\u00fcn Hayat\u0131&#8221; kitab\u0131nda Makbule Han\u0131m ile yapt\u0131\u011f\u0131 s\u00f6yle\u015fide yer al\u0131yor. Makalede de i\u015faret edilen Atat\u00fcrk&#8217;\u00fcn bebeklik d\u00f6nemine ait bu bilgiyi, Makbule Han\u0131m annesinden duyduklar\u0131na g\u00f6re \u015eapolyo&#8217;ya \u015fu ifadelerle anlat\u0131yor: &#8220;&#8230;A\u011fabeyim Mustafa do\u011fdu\u011fu zaman, babam Ali R\u0131za Bey, bir k\u0131l\u0131\u00e7 getirerek kunda\u011f\u0131n\u0131n ba\u015f\u0131na koymu\u015f, annemi de tebrik etmi\u015f. Annemin az s\u00fct\u00fc geldi\u011finden babam \u00dcmm\u00fcg\u00fcl ad\u0131nda bir s\u00fctnine tutmu\u015f.&#8221;<\/p>\n<p><img loading=\"lazy\" decoding=\"async\" class=\"hbptMainImage lazyload ImgDetay\" src=\"https:\/\/foto.haberler.com\/haber\/2024\/08\/14\/mustafa-kemal-pasa-nin-sut-kardesi-saime-hani-17717289_o.jpg\" alt=\"Atat\u00fcrk'\u00fcn s\u00fct karde\u015fi ile mektuplar\u0131 ilk kez g\u00fcn y\u00fcz\u00fcne \u00e7\u0131kt\u0131! \u0130\u015fte o sat\u0131rlar\" width=\"640\" height=\"924\"\/><\/p>\n<h3>\u0130LK MEKTUPLA\u015eMA 1916&#8217;DA<\/h3>\n<p>Makalede, Atat\u00fcrk&#8217;\u00fcn s\u00fct annesinin varl\u0131\u011f\u0131n\u0131n s\u00fct karde\u015finin ortaya \u00e7\u0131kmas\u0131 ile netlik kazand\u0131\u011f\u0131 vurguland\u0131. A\u011fustos 1915&#8217;te 16. Kolordu Komutanl\u0131\u011f\u0131na atanan Albay Mustafa Kemal, 11 Mart 1916&#8217;da Edirne&#8217;den hareket ederek 19 Mart&#8217;ta Halep&#8217;e geldi, ard\u0131ndan 27 Mart&#8217;ta Kolordunun toplanaca\u011f\u0131 Diyarbak\u0131r&#8217;a ula\u015ft\u0131 ve 16 Nisan&#8217;da karargah\u0131n\u0131 Silvan&#8217;da kurdu.<\/p>\n<p>1 Nisan 1916&#8217;dan itibaren de &#8220;Mirliva\/Tu\u011fgeneral&#8221; r\u00fctbesine terfi eden Mustafa Kemal Pa\u015fa, Silvan&#8217;da bulundu\u011fu s\u0131rada &#8220;Muhterem karde\u015fim&#8221; hitab\u0131yla ba\u015flayan ve &#8220;\u00c7engelk\u00f6y Kuleli&#8217;de Set ba\u015f\u0131nda 12 numaral\u0131 hanede tabip Miralay Osman Bey&#8217;in kerimesi ve T\u0131rhalal\u0131 Abdullah Bey hafidesi, s\u00fct hem\u015fireniz Saime&#8221; imzas\u0131n\u0131 ta\u015f\u0131yan 15 Temmuz 1916 tarihli iki sayfal\u0131k bir mektup ald\u0131.<\/p>\n<p>Mektuptaki ifadelere g\u00f6re, 3 \u00e7ocu\u011fu olan Saime Han\u0131m&#8217;\u0131n mektubu kaleme al\u0131\u015f amac\u0131, g\u00f6n\u00fcll\u00fc olarak orduya kat\u0131lan e\u015finin himaye edilmesi talebini Mustafa Kemal Pa\u015fa&#8217;ya iletmek oldu\u011fu dikkat \u00e7ekiyor. Saime Han\u0131m mektubunda, annesi ve babas\u0131n\u0131n sa\u011fl\u0131k durumlar\u0131ndan s\u00f6z ettikten sonra her ikisinin de uzun zamand\u0131r Mustafa Kemal Pa\u015fa ile g\u00f6r\u00fc\u015fememeleri nedeniyle duyduklar\u0131 \u00fcz\u00fcnt\u00fcy\u00fc ifade ediyor.<\/p>\n<p><img loading=\"lazy\" decoding=\"async\" class=\"hbptMainImage lazyload ImgDetay\" src=\"https:\/\/foto.haberler.com\/haber\/2024\/08\/14\/mustafa-kemal-pasa-nin-sut-kardesi-saime-hani-3-17717289_o.jpg\" alt=\"Atat\u00fcrk'\u00fcn s\u00fct karde\u015fi ile mektuplar\u0131 ilk kez g\u00fcn y\u00fcz\u00fcne \u00e7\u0131kt\u0131! \u0130\u015fte o sat\u0131rlar\" width=\"640\" height=\"452\"\/><\/p>\n<h3>ATAT\u00dcRK&#8217;TEN S\u00dcT KARDE\u015e\u0130NE CEVAP<\/h3>\n<p>Mustafa Kemal Pa\u015fa, bu mektuba, 26 Ekim 1916&#8217;da &#8220;Hem\u015firem Han\u0131mefendi&#8221; hitab\u0131yla ba\u015flayan bir mektupla Silvan&#8217;dan 26 Ekim 1916 tarihli mektubuyla cevap verdi. Mustafa Kemal Pa\u015fa&#8217;n\u0131n mektuptaki ifadesine g\u00f6re, iki s\u00fct karde\u015f, Selanik&#8217;te 13 Ocak-11 \u015eubat 1899 tarihleri aras\u0131nda tan\u0131\u015ft\u0131klar\u0131 ve 1916&#8217;ya kadar bir daha ileti\u015fime ge\u00e7medikleri anla\u015f\u0131l\u0131yor. Saime Han\u0131ma, e\u015finin memur bulundu\u011fu telgraf m\u00fcfrezesiyle beraber kendisinin karargah\u0131na kat\u0131ld\u0131\u011f\u0131n\u0131  <a class=\"keyword\" href=\"https:\/\/www.haberler.com\/\" title=\"Haber, Haberler\"><strong>haber<\/strong><\/a> veren Mustafa Kemal Pa\u015fa&#8217;n\u0131n mektupta baz\u0131 ifadelerin \u00fczerini \u00e7izdi\u011fi de g\u00f6r\u00fcl\u00fcyor.<\/p>\n<p>Saime Han\u0131m&#8217;\u0131n Mustafa Kemal Pa\u015fa&#8217;dan foto\u011fraf istemesi \u00fczerine mektubunda \u015fu yan\u0131tlar\u0131 veriyor: &#8220;Arzunuz ve\u00e7hile bir foto\u011fraf\u0131m\u0131 takdim etmek benim i\u00e7in bir \u015feref olacakt\u0131. Fakat yan\u0131mda bulunmad\u0131\u011f\u0131 gibi burada ald\u0131rmak da \u015fimdilik m\u00fcmk\u00fcn de\u011fil. Ancak Be\u015fikta\u015f&#8217;ta Akaretler&#8217;de 76 numarada ikamet eden validem ve hem\u015firem nezdinde baz\u0131 foto\u011fraflar\u0131m oldu\u011funu zannederim. \u00c7ocuklar\u0131n\u0131zla beraber g\u00f6zlerinizden \u00f6perim.&#8221;<\/p>\n<p><img loading=\"lazy\" decoding=\"async\" class=\"hbptMainImage lazyload ImgDetay\" src=\"https:\/\/foto.haberler.com\/haber\/2024\/08\/14\/mustafa-kemal-pasa-nin-sut-kardesi-saime-hani-2-17717289_o.jpg\" alt=\"Atat\u00fcrk'\u00fcn s\u00fct karde\u015fi ile mektuplar\u0131 ilk kez g\u00fcn y\u00fcz\u00fcne \u00e7\u0131kt\u0131! \u0130\u015fte o sat\u0131rlar\" width=\"640\" height=\"888\"\/><\/p>\n<h3>1916&#8217;DAN SONRA MEKTUPLA\u015eMALARINA DA\u0130R B\u0130R KANIT YOK<\/h3>\n<p>Saime Han\u0131m&#8217;\u0131n mektubundaki ifadelerine g\u00f6re, e\u011fitimli bir kad\u0131n oldu\u011fu ve \u00e7ocuklar\u0131n\u0131 d\u00f6nemin \u00f6nde gelen okullar\u0131nda okuttu\u011fu anla\u015f\u0131l\u0131yor. Saime Han\u0131m ve Mustafa Kemal Pa\u015fa&#8217;n\u0131n 1916&#8217;daki mektupla\u015fmadan sonra bir araya geldiklerine dair bilgi ya da belge bulunmamakla birlikte tekrar temas kurduklar\u0131 makalenin \u00f6ng\u00f6r\u00fcleri aras\u0131nda bulunuyor.<\/p>\n<p>Makalede at\u0131fta bulunulan Dr. Ali G\u00fcler&#8217;in &#8220;Benim Ailem&#8221; isimli kitab\u0131ndaki bilgiye g\u00f6re, aile fertlerine ve yak\u0131n \u00e7evresine maddi yard\u0131mda bulunan Mustafa Kemal Pa\u015fa&#8217;n\u0131n s\u00fct karde\u015fi Saime Han\u0131m&#8217;a 1923&#8217;te 100 lira para yard\u0131m\u0131nda bulundu\u011fu g\u00f6r\u00fcl\u00fcyor. Eldeki belgeler \u0131\u015f\u0131\u011f\u0131nda s\u00fct karde\u015flerin temas\u0131n\u0131n bununla s\u0131n\u0131rl\u0131 oldu\u011fu g\u00f6r\u00fclen makalede, 1923&#8217;ten Atat\u00fcrk&#8217;\u00fcn vefat\u0131na kadar ge\u00e7en s\u00fcrede g\u00f6r\u00fc\u015ft\u00fckleri ya da haberle\u015fmi\u015f olduklar\u0131na dair bir bilgi ya da kay\u0131t bulunmuyor.<\/p>\n<h4 id=\"nwsKeywords\"> <a href=\"https:\/\/www.haberler.com\/mustafa-kemal-ataturk\/\" title=\"Mustafa Kemal Atat\u00fcrk\" class=\"hbptTag\">Mustafa Kemal Atat\u00fcrk<\/a>  <a href=\"https:\/\/www.haberler.com\/mustafa-kemal-ataturk\/\" title=\"Mustafa Kemal Atat\u00fcrk\" class=\"hbptTag\">Mustafa Kemal Atat\u00fcrk<\/a>  <a href=\"https:\/\/www.haberler.com\/mustafa-kemal-ataturk\/\" title=\"Mustafa Kemal Atat\u00fcrk\" class=\"hbptTag\">Mustafa Kemal Atat\u00fcrk<\/a>  <a href=\"https:\/\/www.haberler.com\/turkiye-cumhuriyeti\/\" title=\"T\u00fcrkiye Cumhuriyeti\" class=\"hbptTag\">T\u00fcrkiye Cumhuriyeti<\/a>  <a href=\"https:\/\/www.haberler.com\/turk-tarih-kurumu\/\" title=\"T\u00fcrk Tarih Kurumu\" class=\"hbptTag\">T\u00fcrk Tarih Kurumu<\/a>  <a href=\"https:\/\/www.haberler.com\/saime-hanim\/\" title=\"Saime Han\u0131m\" class=\"hbptTag\">Saime Han\u0131m<\/a>  <a href=\"https:\/\/www.haberler.com\/diyarbakir\/\" title=\"Diyarbak\u0131r\" class=\"hbptTag\">Diyarbak\u0131r<\/a>  <a href=\"https:\/\/www.haberler.com\/istanbul\/\" title=\"\u0130stanbul\" class=\"hbptTag\">\u0130stanbul<\/a>  <a href=\"https:\/\/www.haberler.com\/guncel\/\" title=\"G\u00fcncel\" class=\"hbptTag\">G\u00fcncel<\/a>  <a href=\"https:\/\/www.haberler.com\/\" title=\"Haberler\" class=\"hbptTag\">Haberler<\/a> <\/h4>\n<\/div>\n","protected":false},"excerpt":{"rendered":"<p>T\u00fcrkiye Cumhuriyetinin kurucusu B\u00fcy\u00fck \u00d6nder Gazi Mustafa Kemal Atat\u00fcrk&#8217;\u00fcn s\u00fct karde\u015fi Saime han\u0131mla 1916 y\u0131l\u0131nda birbirlerine g\u00f6nderdikleri mektuplar makalede yer alarak, g\u00fcn y\u00fcz\u00fcne \u00e7\u0131kt\u0131. T\u00fcrk Tarih Kurumunun ad\u0131n\u0131 bizzat Atat\u00fcrk&#8217;\u00fcn verdi\u011fi ve 1937&#8217;de yay\u0131n hayat\u0131na ba\u015flayan &#8220;Belleten&#8221; dergisinin son say\u0131s\u0131nda yay\u0131nlanan Do\u00e7. Dr. Kenan \u00d6zkan ve Prof. Dr. Sevilay \u00d6zer&#8217;in \u00f6ncelikli olarak Cumhurba\u015fkanl\u0131\u011f\u0131 Devlet Ar\u015fivi<\/p>\n","protected":false},"author":1,"featured_media":54246,"comment_status":"open","ping_status":"open","sticky":false,"template":"","format":"standard","meta":{"footnotes":""},"categories":[83],"tags":[],"class_list":["post-54245","post","type-post","status-publish","format-standard","has-post-thumbnail","hentry","category-magazin"],"yoast_head":"<!-- This site is optimized with the Yoast SEO plugin v27.5 - https:\/\/yoast.com\/product\/yoast-seo-wordpress\/ -->\n<title>Atat\u00fcrk&#039;\u00fcn s\u00fct karde\u015fi ile mektuplar\u0131 ilk kez g\u00fcn y\u00fcz\u00fcne \u00e7\u0131kt\u0131! \u0130\u015fte o sat\u0131rlar -<\/title>\n<meta name=\"robots\" content=\"index, follow, max-snippet:-1, max-image-preview:large, max-video-preview:-1\" \/>\n<link rel=\"canonical\" href=\"https:\/\/kibrisdakik.com\/?p=54245\" \/>\n<meta property=\"og:locale\" content=\"tr_TR\" \/>\n<meta property=\"og:type\" content=\"article\" \/>\n<meta property=\"og:title\" content=\"Atat\u00fcrk&#039;\u00fcn s\u00fct karde\u015fi ile mektuplar\u0131 ilk kez g\u00fcn y\u00fcz\u00fcne \u00e7\u0131kt\u0131! \u0130\u015fte o sat\u0131rlar -\" \/>\n<meta property=\"og:description\" content=\"T\u00fcrkiye Cumhuriyetinin kurucusu B\u00fcy\u00fck \u00d6nder Gazi Mustafa Kemal Atat\u00fcrk&#8217;\u00fcn s\u00fct karde\u015fi Saime han\u0131mla 1916 y\u0131l\u0131nda birbirlerine g\u00f6nderdikleri mektuplar makalede yer alarak, g\u00fcn y\u00fcz\u00fcne \u00e7\u0131kt\u0131. T\u00fcrk Tarih Kurumunun ad\u0131n\u0131 bizzat Atat\u00fcrk&#8217;\u00fcn verdi\u011fi ve 1937&#8217;de yay\u0131n hayat\u0131na ba\u015flayan &#8220;Belleten&#8221; dergisinin son say\u0131s\u0131nda yay\u0131nlanan Do\u00e7. Dr. Kenan \u00d6zkan ve Prof. Dr. Sevilay \u00d6zer&#8217;in \u00f6ncelikli olarak Cumhurba\u015fkanl\u0131\u011f\u0131 Devlet Ar\u015fivi\" \/>\n<meta property=\"og:url\" content=\"https:\/\/kibrisdakik.com\/?p=54245\" \/>\n<meta property=\"article:published_time\" content=\"2024-08-14T06:47:13+00:00\" \/>\n<meta property=\"og:image\" content=\"https:\/\/kibrisdakik.com\/wp-content\/uploads\/2024\/08\/mustafa-kemal-pasa-nin-sut-kardesi-saime-hani-17717289_o.jpg\" \/>\n\t<meta property=\"og:image:width\" content=\"640\" \/>\n\t<meta property=\"og:image:height\" content=\"923\" \/>\n\t<meta property=\"og:image:type\" content=\"image\/jpeg\" \/>\n<meta name=\"author\" content=\"admin\" \/>\n<meta name=\"twitter:card\" content=\"summary_large_image\" \/>\n<meta name=\"twitter:label1\" content=\"Yazan:\" \/>\n\t<meta name=\"twitter:data1\" content=\"admin\" \/>\n\t<meta name=\"twitter:label2\" content=\"Tahmini okuma s\u00fcresi\" \/>\n\t<meta name=\"twitter:data2\" content=\"5 dakika\" \/>\n<script type=\"application\/ld+json\" class=\"yoast-schema-graph\">{\"@context\":\"https:\\\/\\\/schema.org\",\"@graph\":[{\"@type\":\"Article\",\"@id\":\"https:\\\/\\\/kibrisdakik.com\\\/?p=54245#article\",\"isPartOf\":{\"@id\":\"https:\\\/\\\/kibrisdakik.com\\\/?p=54245\"},\"author\":{\"name\":\"admin\",\"@id\":\"https:\\\/\\\/kibrisdakik.com\\\/#\\\/schema\\\/person\\\/9cd9d437bbb44f72b73ba127e06d8e79\"},\"headline\":\"Atat\u00fcrk&#8217;\u00fcn s\u00fct karde\u015fi ile mektuplar\u0131 ilk kez g\u00fcn y\u00fcz\u00fcne \u00e7\u0131kt\u0131! \u0130\u015fte o sat\u0131rlar\",\"datePublished\":\"2024-08-14T06:47:13+00:00\",\"mainEntityOfPage\":{\"@id\":\"https:\\\/\\\/kibrisdakik.com\\\/?p=54245\"},\"wordCount\":954,\"commentCount\":0,\"image\":{\"@id\":\"https:\\\/\\\/kibrisdakik.com\\\/?p=54245#primaryimage\"},\"thumbnailUrl\":\"https:\\\/\\\/kibrisdakik.com\\\/wp-content\\\/uploads\\\/2024\\\/08\\\/mustafa-kemal-pasa-nin-sut-kardesi-saime-hani-17717289_o.jpg\",\"articleSection\":[\"Magazin\"],\"inLanguage\":\"tr\",\"potentialAction\":[{\"@type\":\"CommentAction\",\"name\":\"Comment\",\"target\":[\"https:\\\/\\\/kibrisdakik.com\\\/?p=54245#respond\"]}]},{\"@type\":\"WebPage\",\"@id\":\"https:\\\/\\\/kibrisdakik.com\\\/?p=54245\",\"url\":\"https:\\\/\\\/kibrisdakik.com\\\/?p=54245\",\"name\":\"Atat\u00fcrk'\u00fcn s\u00fct karde\u015fi ile mektuplar\u0131 ilk kez g\u00fcn y\u00fcz\u00fcne \u00e7\u0131kt\u0131! \u0130\u015fte o sat\u0131rlar -\",\"isPartOf\":{\"@id\":\"https:\\\/\\\/kibrisdakik.com\\\/#website\"},\"primaryImageOfPage\":{\"@id\":\"https:\\\/\\\/kibrisdakik.com\\\/?p=54245#primaryimage\"},\"image\":{\"@id\":\"https:\\\/\\\/kibrisdakik.com\\\/?p=54245#primaryimage\"},\"thumbnailUrl\":\"https:\\\/\\\/kibrisdakik.com\\\/wp-content\\\/uploads\\\/2024\\\/08\\\/mustafa-kemal-pasa-nin-sut-kardesi-saime-hani-17717289_o.jpg\",\"datePublished\":\"2024-08-14T06:47:13+00:00\",\"author\":{\"@id\":\"https:\\\/\\\/kibrisdakik.com\\\/#\\\/schema\\\/person\\\/9cd9d437bbb44f72b73ba127e06d8e79\"},\"breadcrumb\":{\"@id\":\"https:\\\/\\\/kibrisdakik.com\\\/?p=54245#breadcrumb\"},\"inLanguage\":\"tr\",\"potentialAction\":[{\"@type\":\"ReadAction\",\"target\":[\"https:\\\/\\\/kibrisdakik.com\\\/?p=54245\"]}]},{\"@type\":\"ImageObject\",\"inLanguage\":\"tr\",\"@id\":\"https:\\\/\\\/kibrisdakik.com\\\/?p=54245#primaryimage\",\"url\":\"https:\\\/\\\/kibrisdakik.com\\\/wp-content\\\/uploads\\\/2024\\\/08\\\/mustafa-kemal-pasa-nin-sut-kardesi-saime-hani-17717289_o.jpg\",\"contentUrl\":\"https:\\\/\\\/kibrisdakik.com\\\/wp-content\\\/uploads\\\/2024\\\/08\\\/mustafa-kemal-pasa-nin-sut-kardesi-saime-hani-17717289_o.jpg\",\"width\":640,\"height\":923},{\"@type\":\"BreadcrumbList\",\"@id\":\"https:\\\/\\\/kibrisdakik.com\\\/?p=54245#breadcrumb\",\"itemListElement\":[{\"@type\":\"ListItem\",\"position\":1,\"name\":\"Home\",\"item\":\"https:\\\/\\\/kibrisdakik.com\\\/\"},{\"@type\":\"ListItem\",\"position\":2,\"name\":\"Atat\u00fcrk&#8217;\u00fcn s\u00fct karde\u015fi ile mektuplar\u0131 ilk kez g\u00fcn y\u00fcz\u00fcne \u00e7\u0131kt\u0131! \u0130\u015fte o sat\u0131rlar\"}]},{\"@type\":\"WebSite\",\"@id\":\"https:\\\/\\\/kibrisdakik.com\\\/#website\",\"url\":\"https:\\\/\\\/kibrisdakik.com\\\/\",\"name\":\"\",\"description\":\"Tam vaktinde haber\",\"potentialAction\":[{\"@type\":\"SearchAction\",\"target\":{\"@type\":\"EntryPoint\",\"urlTemplate\":\"https:\\\/\\\/kibrisdakik.com\\\/?s={search_term_string}\"},\"query-input\":{\"@type\":\"PropertyValueSpecification\",\"valueRequired\":true,\"valueName\":\"search_term_string\"}}],\"inLanguage\":\"tr\"},{\"@type\":\"Person\",\"@id\":\"https:\\\/\\\/kibrisdakik.com\\\/#\\\/schema\\\/person\\\/9cd9d437bbb44f72b73ba127e06d8e79\",\"name\":\"admin\",\"image\":{\"@type\":\"ImageObject\",\"inLanguage\":\"tr\",\"@id\":\"https:\\\/\\\/secure.gravatar.com\\\/avatar\\\/ccc17943b9d660506c869530f897617f7cb1c21a4bf30023f252596d83e1f007?s=96&d=mm&r=g\",\"url\":\"https:\\\/\\\/secure.gravatar.com\\\/avatar\\\/ccc17943b9d660506c869530f897617f7cb1c21a4bf30023f252596d83e1f007?s=96&d=mm&r=g\",\"contentUrl\":\"https:\\\/\\\/secure.gravatar.com\\\/avatar\\\/ccc17943b9d660506c869530f897617f7cb1c21a4bf30023f252596d83e1f007?s=96&d=mm&r=g\",\"caption\":\"admin\"},\"sameAs\":[\"https:\\\/\\\/kibrisdakik.com\"],\"url\":\"https:\\\/\\\/kibrisdakik.com\\\/?author=1\"}]}<\/script>\n<!-- \/ Yoast SEO plugin. -->","yoast_head_json":{"title":"Atat\u00fcrk'\u00fcn s\u00fct karde\u015fi ile mektuplar\u0131 ilk kez g\u00fcn y\u00fcz\u00fcne \u00e7\u0131kt\u0131! \u0130\u015fte o sat\u0131rlar -","robots":{"index":"index","follow":"follow","max-snippet":"max-snippet:-1","max-image-preview":"max-image-preview:large","max-video-preview":"max-video-preview:-1"},"canonical":"https:\/\/kibrisdakik.com\/?p=54245","og_locale":"tr_TR","og_type":"article","og_title":"Atat\u00fcrk'\u00fcn s\u00fct karde\u015fi ile mektuplar\u0131 ilk kez g\u00fcn y\u00fcz\u00fcne \u00e7\u0131kt\u0131! \u0130\u015fte o sat\u0131rlar -","og_description":"T\u00fcrkiye Cumhuriyetinin kurucusu B\u00fcy\u00fck \u00d6nder Gazi Mustafa Kemal Atat\u00fcrk&#8217;\u00fcn s\u00fct karde\u015fi Saime han\u0131mla 1916 y\u0131l\u0131nda birbirlerine g\u00f6nderdikleri mektuplar makalede yer alarak, g\u00fcn y\u00fcz\u00fcne \u00e7\u0131kt\u0131. T\u00fcrk Tarih Kurumunun ad\u0131n\u0131 bizzat Atat\u00fcrk&#8217;\u00fcn verdi\u011fi ve 1937&#8217;de yay\u0131n hayat\u0131na ba\u015flayan &#8220;Belleten&#8221; dergisinin son say\u0131s\u0131nda yay\u0131nlanan Do\u00e7. Dr. Kenan \u00d6zkan ve Prof. Dr. Sevilay \u00d6zer&#8217;in \u00f6ncelikli olarak Cumhurba\u015fkanl\u0131\u011f\u0131 Devlet Ar\u015fivi","og_url":"https:\/\/kibrisdakik.com\/?p=54245","article_published_time":"2024-08-14T06:47:13+00:00","og_image":[{"width":640,"height":923,"url":"https:\/\/kibrisdakik.com\/wp-content\/uploads\/2024\/08\/mustafa-kemal-pasa-nin-sut-kardesi-saime-hani-17717289_o.jpg","type":"image\/jpeg"}],"author":"admin","twitter_card":"summary_large_image","twitter_misc":{"Yazan:":"admin","Tahmini okuma s\u00fcresi":"5 dakika"},"schema":{"@context":"https:\/\/schema.org","@graph":[{"@type":"Article","@id":"https:\/\/kibrisdakik.com\/?p=54245#article","isPartOf":{"@id":"https:\/\/kibrisdakik.com\/?p=54245"},"author":{"name":"admin","@id":"https:\/\/kibrisdakik.com\/#\/schema\/person\/9cd9d437bbb44f72b73ba127e06d8e79"},"headline":"Atat\u00fcrk&#8217;\u00fcn s\u00fct karde\u015fi ile mektuplar\u0131 ilk kez g\u00fcn y\u00fcz\u00fcne \u00e7\u0131kt\u0131! \u0130\u015fte o sat\u0131rlar","datePublished":"2024-08-14T06:47:13+00:00","mainEntityOfPage":{"@id":"https:\/\/kibrisdakik.com\/?p=54245"},"wordCount":954,"commentCount":0,"image":{"@id":"https:\/\/kibrisdakik.com\/?p=54245#primaryimage"},"thumbnailUrl":"https:\/\/kibrisdakik.com\/wp-content\/uploads\/2024\/08\/mustafa-kemal-pasa-nin-sut-kardesi-saime-hani-17717289_o.jpg","articleSection":["Magazin"],"inLanguage":"tr","potentialAction":[{"@type":"CommentAction","name":"Comment","target":["https:\/\/kibrisdakik.com\/?p=54245#respond"]}]},{"@type":"WebPage","@id":"https:\/\/kibrisdakik.com\/?p=54245","url":"https:\/\/kibrisdakik.com\/?p=54245","name":"Atat\u00fcrk'\u00fcn s\u00fct karde\u015fi ile mektuplar\u0131 ilk kez g\u00fcn y\u00fcz\u00fcne \u00e7\u0131kt\u0131! \u0130\u015fte o sat\u0131rlar -","isPartOf":{"@id":"https:\/\/kibrisdakik.com\/#website"},"primaryImageOfPage":{"@id":"https:\/\/kibrisdakik.com\/?p=54245#primaryimage"},"image":{"@id":"https:\/\/kibrisdakik.com\/?p=54245#primaryimage"},"thumbnailUrl":"https:\/\/kibrisdakik.com\/wp-content\/uploads\/2024\/08\/mustafa-kemal-pasa-nin-sut-kardesi-saime-hani-17717289_o.jpg","datePublished":"2024-08-14T06:47:13+00:00","author":{"@id":"https:\/\/kibrisdakik.com\/#\/schema\/person\/9cd9d437bbb44f72b73ba127e06d8e79"},"breadcrumb":{"@id":"https:\/\/kibrisdakik.com\/?p=54245#breadcrumb"},"inLanguage":"tr","potentialAction":[{"@type":"ReadAction","target":["https:\/\/kibrisdakik.com\/?p=54245"]}]},{"@type":"ImageObject","inLanguage":"tr","@id":"https:\/\/kibrisdakik.com\/?p=54245#primaryimage","url":"https:\/\/kibrisdakik.com\/wp-content\/uploads\/2024\/08\/mustafa-kemal-pasa-nin-sut-kardesi-saime-hani-17717289_o.jpg","contentUrl":"https:\/\/kibrisdakik.com\/wp-content\/uploads\/2024\/08\/mustafa-kemal-pasa-nin-sut-kardesi-saime-hani-17717289_o.jpg","width":640,"height":923},{"@type":"BreadcrumbList","@id":"https:\/\/kibrisdakik.com\/?p=54245#breadcrumb","itemListElement":[{"@type":"ListItem","position":1,"name":"Home","item":"https:\/\/kibrisdakik.com\/"},{"@type":"ListItem","position":2,"name":"Atat\u00fcrk&#8217;\u00fcn s\u00fct karde\u015fi ile mektuplar\u0131 ilk kez g\u00fcn y\u00fcz\u00fcne \u00e7\u0131kt\u0131! \u0130\u015fte o sat\u0131rlar"}]},{"@type":"WebSite","@id":"https:\/\/kibrisdakik.com\/#website","url":"https:\/\/kibrisdakik.com\/","name":"","description":"Tam vaktinde haber","potentialAction":[{"@type":"SearchAction","target":{"@type":"EntryPoint","urlTemplate":"https:\/\/kibrisdakik.com\/?s={search_term_string}"},"query-input":{"@type":"PropertyValueSpecification","valueRequired":true,"valueName":"search_term_string"}}],"inLanguage":"tr"},{"@type":"Person","@id":"https:\/\/kibrisdakik.com\/#\/schema\/person\/9cd9d437bbb44f72b73ba127e06d8e79","name":"admin","image":{"@type":"ImageObject","inLanguage":"tr","@id":"https:\/\/secure.gravatar.com\/avatar\/ccc17943b9d660506c869530f897617f7cb1c21a4bf30023f252596d83e1f007?s=96&d=mm&r=g","url":"https:\/\/secure.gravatar.com\/avatar\/ccc17943b9d660506c869530f897617f7cb1c21a4bf30023f252596d83e1f007?s=96&d=mm&r=g","contentUrl":"https:\/\/secure.gravatar.com\/avatar\/ccc17943b9d660506c869530f897617f7cb1c21a4bf30023f252596d83e1f007?s=96&d=mm&r=g","caption":"admin"},"sameAs":["https:\/\/kibrisdakik.com"],"url":"https:\/\/kibrisdakik.com\/?author=1"}]}},"_links":{"self":[{"href":"https:\/\/kibrisdakik.com\/index.php?rest_route=\/wp\/v2\/posts\/54245","targetHints":{"allow":["GET"]}}],"collection":[{"href":"https:\/\/kibrisdakik.com\/index.php?rest_route=\/wp\/v2\/posts"}],"about":[{"href":"https:\/\/kibrisdakik.com\/index.php?rest_route=\/wp\/v2\/types\/post"}],"author":[{"embeddable":true,"href":"https:\/\/kibrisdakik.com\/index.php?rest_route=\/wp\/v2\/users\/1"}],"replies":[{"embeddable":true,"href":"https:\/\/kibrisdakik.com\/index.php?rest_route=%2Fwp%2Fv2%2Fcomments&post=54245"}],"version-history":[{"count":0,"href":"https:\/\/kibrisdakik.com\/index.php?rest_route=\/wp\/v2\/posts\/54245\/revisions"}],"wp:featuredmedia":[{"embeddable":true,"href":"https:\/\/kibrisdakik.com\/index.php?rest_route=\/wp\/v2\/media\/54246"}],"wp:attachment":[{"href":"https:\/\/kibrisdakik.com\/index.php?rest_route=%2Fwp%2Fv2%2Fmedia&parent=54245"}],"wp:term":[{"taxonomy":"category","embeddable":true,"href":"https:\/\/kibrisdakik.com\/index.php?rest_route=%2Fwp%2Fv2%2Fcategories&post=54245"},{"taxonomy":"post_tag","embeddable":true,"href":"https:\/\/kibrisdakik.com\/index.php?rest_route=%2Fwp%2Fv2%2Ftags&post=54245"}],"curies":[{"name":"wp","href":"https:\/\/api.w.org\/{rel}","templated":true}]}}