{"id":54253,"date":"2024-08-14T13:38:17","date_gmt":"2024-08-14T10:38:17","guid":{"rendered":"https:\/\/kibrisdakik.com\/?p=54253"},"modified":"2024-08-14T13:38:17","modified_gmt":"2024-08-14T10:38:17","slug":"icinde-kizi-ve-esi-vardi-ucuruma-giden-araci-durdurmaya-calisti-ama-basaramadi","status":"publish","type":"post","link":"https:\/\/kibrisdakik.com\/?p=54253","title":{"rendered":"\u0130\u00e7inde k\u0131z\u0131 ve e\u015fi vard\u0131! U\u00e7uruma giden arac\u0131 durdurmaya \u00e7al\u0131\u015ft\u0131 ama ba\u015faramad\u0131"},"content":{"rendered":"<p><\/p>\n<div id=\"\">\n<p>Antalya&#8217;n\u0131n Alanya il\u00e7esinde rampada park halindeyken kontrolden \u00e7\u0131kan safari arac\u0131n\u0131n yakla\u015f\u0131k 10 metre y\u00fckseklikten yuvarland\u0131\u011f\u0131 ve Esma Al\u0131c\u0131&#8217;n\u0131n (31) hayat\u0131n\u0131 kaybetti\u011fi, 1 ya\u015f\u0131ndaki k\u0131z\u0131 Fatma Ela Al\u0131c\u0131&#8217;n\u0131n yaraland\u0131\u011f\u0131 kaza, g\u00fcvenlik kameras\u0131na yans\u0131d\u0131.<\/p>\n<p>Olay, d\u00fcn saat 18.30 s\u0131ralar\u0131nda Sug\u00f6z\u00fc Mahallesi K\u00fct\u00fcr\u00fcp mevkisinde meydana geldi. S\u00fcr\u00fcc\u00fc Emre Al\u0131c\u0131, e\u015fi Esma Al\u0131c\u0131 ve k\u0131z\u0131 Fatma Ela Al\u0131c\u0131&#8217;n\u0131n bulundu\u011fu 07 AYK 819 plakal\u0131 safari arac\u0131n\u0131 rampada park edip, indi. \u0130ddiaya g\u00f6re, el freni \u00e7ekilmeyen ara\u00e7, geri geri gitmeye ba\u015flad\u0131. Durumu fark eden Emre Al\u0131c\u0131, arac\u0131n a\u00e7\u0131k kap\u0131s\u0131na as\u0131l\u0131p, el frenini \u00e7ekmeye \u00e7al\u0131\u015ft\u0131 ancak ba\u015far\u0131l\u0131 olamad\u0131. Safari arac\u0131 yakla\u015f\u0131k 10 metre y\u00fckseklikten in\u015faat malzemelerinin bulundu\u011fu alana yuvarlan\u0131rken, Emre Al\u0131c\u0131 son anda kendini yere at\u0131p, kurtuldu.<\/p>\n<h3>BEBE\u011e\u0130N DURUMU \u0130Y\u0130<\/h3>\n<p>\u0130hbar sonras\u0131 olay yerine \u00e7ok say\u0131da polis, itfaiye ve sa\u011fl\u0131k ekibi sevk edildi. \u0130tfaiye ekibi taraf\u0131ndan ara\u00e7tan \u00e7\u0131kar\u0131lan Fatma Ela Al\u0131c\u0131 ambulansla il\u00e7edeki hastaneye kald\u0131r\u0131l\u0131rken, anne Esma Al\u0131c\u0131&#8217;n\u0131n \u00f6ld\u00fc\u011f\u00fc belirlendi. Esma Al\u0131c\u0131&#8217;n\u0131n cans\u0131z bedeni, savc\u0131l\u0131k incelemesinin ard\u0131ndan cenaze arac\u0131yla Alanya Belediye morguna konuldu. Fatma Ela Al\u0131c\u0131&#8217;n\u0131n hastanede tedavisinin s\u00fcrd\u00fc\u011f\u00fc ve durumunun iyi oldu\u011fu belirtildi. Emre Al\u0131c\u0131, ifadesine ba\u015fvurulmak \u00fczere polis merkezine g\u00f6t\u00fcr\u00fcld\u00fc. Olayla ilgili inceleme ba\u015flat\u0131ld\u0131.<\/p>\n<h3>Y\u00dcREK BURKAN ANLAR KAMERADA<\/h3>\n<p>Di\u011fer yandan kaza, g\u00fcvenlik kameras\u0131 g\u00f6r\u00fcnt\u00fclerine yans\u0131d\u0131. Emre Al\u0131c\u0131, \u015fof\u00f6r kap\u0131s\u0131 a\u00e7\u0131k \u015fekilde d\u0131\u015far\u0131da beklerken rampa a\u015fa\u011f\u0131 duran safari arac\u0131n\u0131n bir anda hareket etti\u011fi, h\u0131zla geri do\u011fru giden arac\u0131n \u00f6nce istinat duvar\u0131na \u00e7arpt\u0131\u011f\u0131, ard\u0131ndan u\u00e7urumun oldu\u011fu b\u00f6lgeye do\u011fru g\u00f6zden kayboldu\u011fu anlar, g\u00f6r\u00fcnt\u00fclerde yer ald\u0131. Ara\u00e7 hareket etti\u011fi s\u0131rada Emre Al\u0131c\u0131&#8217;n\u0131n a\u00e7\u0131k \u015fof\u00f6r kap\u0131s\u0131n\u0131n yan\u0131nda ko\u015fturdu\u011fu, bir s\u00fcre sonra yola savruldu\u011fu g\u00f6r\u00fcld\u00fc.<\/p>\n<figure class=\"type:primaryimage hbhOrder\" style=\"margin-bottom: 20px;\"><img loading=\"lazy\" decoding=\"async\" width=\"1202\" height=\"675\" class=\"hbptMainImage\" id=\"HaberImage\" src=\"https:\/\/foto.haberler.com\/haber\/2024\/08\/14\/icinde-kizi-ve-esi-vardi-ucuruma-giden-araci-17717568_9297_amp.jpg\"\/><\/figure>\n<div class=\"editorSade\">Kaynak: Demir\u00f6ren Haber Ajans\u0131 \/  <a href=\"https:\/\/www.haberler.com\/guncel\/\" title=\"G\u00fcncel Haberleri\">G\u00fcncel<\/a> <\/div>\n<h4 id=\"nwsKeywords\"> <a href=\"https:\/\/www.haberler.com\/guvenlik-kamerasi\/\" title=\"G\u00fcvenlik Kameras\u0131\" class=\"hbptTag\">G\u00fcvenlik Kameras\u0131<\/a>  <a href=\"https:\/\/www.haberler.com\/alanya\/\" title=\"Alanya\" class=\"hbptTag\">Alanya<\/a>  <a href=\"https:\/\/www.haberler.com\/guncel\/\" title=\"G\u00fcncel\" class=\"hbptTag\">G\u00fcncel<\/a>  <a href=\"https:\/\/www.haberler.com\/\" title=\"Haberler\" class=\"hbptTag\">Haberler<\/a> <\/h4>\n<\/div>\n","protected":false},"excerpt":{"rendered":"<p>Antalya&#8217;n\u0131n Alanya il\u00e7esinde rampada park halindeyken kontrolden \u00e7\u0131kan safari arac\u0131n\u0131n yakla\u015f\u0131k 10 metre y\u00fckseklikten yuvarland\u0131\u011f\u0131 ve Esma Al\u0131c\u0131&#8217;n\u0131n (31) hayat\u0131n\u0131 kaybetti\u011fi, 1 ya\u015f\u0131ndaki k\u0131z\u0131 Fatma Ela Al\u0131c\u0131&#8217;n\u0131n yaraland\u0131\u011f\u0131 kaza, g\u00fcvenlik kameras\u0131na yans\u0131d\u0131. Olay, d\u00fcn saat 18.30 s\u0131ralar\u0131nda Sug\u00f6z\u00fc Mahallesi K\u00fct\u00fcr\u00fcp mevkisinde meydana geldi. S\u00fcr\u00fcc\u00fc Emre Al\u0131c\u0131, e\u015fi Esma Al\u0131c\u0131 ve k\u0131z\u0131 Fatma Ela Al\u0131c\u0131&#8217;n\u0131n bulundu\u011fu<\/p>\n","protected":false},"author":1,"featured_media":54254,"comment_status":"open","ping_status":"open","sticky":false,"template":"","format":"standard","meta":{"footnotes":""},"categories":[83],"tags":[],"class_list":["post-54253","post","type-post","status-publish","format-standard","has-post-thumbnail","hentry","category-magazin"],"yoast_head":"<!-- This site is optimized with the Yoast SEO plugin v28.4 - https:\/\/yoast.com\/product\/yoast-seo-wordpress\/ -->\n<title>\u0130\u00e7inde k\u0131z\u0131 ve e\u015fi vard\u0131! U\u00e7uruma giden arac\u0131 durdurmaya \u00e7al\u0131\u015ft\u0131 ama ba\u015faramad\u0131 -<\/title>\n<meta name=\"robots\" content=\"index, follow, max-snippet:-1, max-image-preview:large, max-video-preview:-1\" \/>\n<link rel=\"canonical\" href=\"https:\/\/kibrisdakik.com\/?p=54253\" \/>\n<meta property=\"og:locale\" content=\"tr_TR\" \/>\n<meta property=\"og:type\" content=\"article\" \/>\n<meta property=\"og:title\" content=\"\u0130\u00e7inde k\u0131z\u0131 ve e\u015fi vard\u0131! U\u00e7uruma giden arac\u0131 durdurmaya \u00e7al\u0131\u015ft\u0131 ama ba\u015faramad\u0131 -\" \/>\n<meta property=\"og:description\" content=\"Antalya&#8217;n\u0131n Alanya il\u00e7esinde rampada park halindeyken kontrolden \u00e7\u0131kan safari arac\u0131n\u0131n yakla\u015f\u0131k 10 metre y\u00fckseklikten yuvarland\u0131\u011f\u0131 ve Esma Al\u0131c\u0131&#8217;n\u0131n (31) hayat\u0131n\u0131 kaybetti\u011fi, 1 ya\u015f\u0131ndaki k\u0131z\u0131 Fatma Ela Al\u0131c\u0131&#8217;n\u0131n yaraland\u0131\u011f\u0131 kaza, g\u00fcvenlik kameras\u0131na yans\u0131d\u0131. Olay, d\u00fcn saat 18.30 s\u0131ralar\u0131nda Sug\u00f6z\u00fc Mahallesi K\u00fct\u00fcr\u00fcp mevkisinde meydana geldi. S\u00fcr\u00fcc\u00fc Emre Al\u0131c\u0131, e\u015fi Esma Al\u0131c\u0131 ve k\u0131z\u0131 Fatma Ela Al\u0131c\u0131&#8217;n\u0131n bulundu\u011fu\" \/>\n<meta property=\"og:url\" content=\"https:\/\/kibrisdakik.com\/?p=54253\" \/>\n<meta property=\"article:published_time\" content=\"2024-08-14T10:38:17+00:00\" \/>\n<meta property=\"og:image\" content=\"https:\/\/kibrisdakik.com\/wp-content\/uploads\/2024\/08\/icinde-kizi-ve-esi-vardi-ucuruma-giden-araci-17717568_9297_amp.jpg\" \/>\n\t<meta property=\"og:image:width\" content=\"1202\" \/>\n\t<meta property=\"og:image:height\" content=\"675\" \/>\n\t<meta property=\"og:image:type\" content=\"image\/jpeg\" \/>\n<meta name=\"author\" content=\"admin\" \/>\n<meta name=\"twitter:card\" content=\"summary_large_image\" \/>\n<meta name=\"twitter:label1\" content=\"Yazan:\" \/>\n\t<meta name=\"twitter:data1\" content=\"admin\" \/>\n\t<meta name=\"twitter:label2\" content=\"Tahmini okuma s\u00fcresi\" \/>\n\t<meta name=\"twitter:data2\" content=\"2 dakika\" \/>\n<script type=\"application\/ld+json\" class=\"yoast-schema-graph\">{\"@context\":\"https:\\\/\\\/schema.org\",\"@graph\":[{\"@type\":\"Article\",\"@id\":\"https:\\\/\\\/kibrisdakik.com\\\/?p=54253#article\",\"isPartOf\":{\"@id\":\"https:\\\/\\\/kibrisdakik.com\\\/?p=54253\"},\"author\":{\"name\":\"admin\",\"@id\":\"https:\\\/\\\/kibrisdakik.com\\\/#\\\/schema\\\/person\\\/9cd9d437bbb44f72b73ba127e06d8e79\"},\"headline\":\"\u0130\u00e7inde k\u0131z\u0131 ve e\u015fi vard\u0131! U\u00e7uruma giden arac\u0131 durdurmaya \u00e7al\u0131\u015ft\u0131 ama ba\u015faramad\u0131\",\"datePublished\":\"2024-08-14T10:38:17+00:00\",\"mainEntityOfPage\":{\"@id\":\"https:\\\/\\\/kibrisdakik.com\\\/?p=54253\"},\"wordCount\":408,\"commentCount\":0,\"publisher\":{\"@id\":\"https:\\\/\\\/kibrisdakik.com\\\/#organization\"},\"image\":{\"@id\":\"https:\\\/\\\/kibrisdakik.com\\\/?p=54253#primaryimage\"},\"thumbnailUrl\":\"https:\\\/\\\/kibrisdakik.com\\\/wp-content\\\/uploads\\\/2024\\\/08\\\/icinde-kizi-ve-esi-vardi-ucuruma-giden-araci-17717568_9297_amp.jpg\",\"articleSection\":[\"Magazin\"],\"inLanguage\":\"tr\",\"potentialAction\":[{\"@type\":\"CommentAction\",\"name\":\"Comment\",\"target\":[\"https:\\\/\\\/kibrisdakik.com\\\/?p=54253#respond\"]}]},{\"@type\":\"WebPage\",\"@id\":\"https:\\\/\\\/kibrisdakik.com\\\/?p=54253\",\"url\":\"https:\\\/\\\/kibrisdakik.com\\\/?p=54253\",\"name\":\"\u0130\u00e7inde k\u0131z\u0131 ve e\u015fi vard\u0131! U\u00e7uruma giden arac\u0131 durdurmaya \u00e7al\u0131\u015ft\u0131 ama ba\u015faramad\u0131 -\",\"isPartOf\":{\"@id\":\"https:\\\/\\\/kibrisdakik.com\\\/#website\"},\"primaryImageOfPage\":{\"@id\":\"https:\\\/\\\/kibrisdakik.com\\\/?p=54253#primaryimage\"},\"image\":{\"@id\":\"https:\\\/\\\/kibrisdakik.com\\\/?p=54253#primaryimage\"},\"thumbnailUrl\":\"https:\\\/\\\/kibrisdakik.com\\\/wp-content\\\/uploads\\\/2024\\\/08\\\/icinde-kizi-ve-esi-vardi-ucuruma-giden-araci-17717568_9297_amp.jpg\",\"datePublished\":\"2024-08-14T10:38:17+00:00\",\"breadcrumb\":{\"@id\":\"https:\\\/\\\/kibrisdakik.com\\\/?p=54253#breadcrumb\"},\"inLanguage\":\"tr\",\"potentialAction\":[{\"@type\":\"ReadAction\",\"target\":[\"https:\\\/\\\/kibrisdakik.com\\\/?p=54253\"]}]},{\"@type\":\"ImageObject\",\"inLanguage\":\"tr\",\"@id\":\"https:\\\/\\\/kibrisdakik.com\\\/?p=54253#primaryimage\",\"url\":\"https:\\\/\\\/kibrisdakik.com\\\/wp-content\\\/uploads\\\/2024\\\/08\\\/icinde-kizi-ve-esi-vardi-ucuruma-giden-araci-17717568_9297_amp.jpg\",\"contentUrl\":\"https:\\\/\\\/kibrisdakik.com\\\/wp-content\\\/uploads\\\/2024\\\/08\\\/icinde-kizi-ve-esi-vardi-ucuruma-giden-araci-17717568_9297_amp.jpg\",\"width\":1202,\"height\":675},{\"@type\":\"BreadcrumbList\",\"@id\":\"https:\\\/\\\/kibrisdakik.com\\\/?p=54253#breadcrumb\",\"itemListElement\":[{\"@type\":\"ListItem\",\"position\":1,\"name\":\"Home\",\"item\":\"https:\\\/\\\/kibrisdakik.com\\\/\"},{\"@type\":\"ListItem\",\"position\":2,\"name\":\"\u0130\u00e7inde k\u0131z\u0131 ve e\u015fi vard\u0131! U\u00e7uruma giden arac\u0131 durdurmaya \u00e7al\u0131\u015ft\u0131 ama ba\u015faramad\u0131\"}]},{\"@type\":\"WebSite\",\"@id\":\"https:\\\/\\\/kibrisdakik.com\\\/#website\",\"url\":\"https:\\\/\\\/kibrisdakik.com\\\/\",\"name\":\"K\u0131br\u0131s Dakik\",\"description\":\"Tam vaktinde haber\",\"publisher\":{\"@id\":\"https:\\\/\\\/kibrisdakik.com\\\/#organization\"},\"potentialAction\":[{\"@type\":\"SearchAction\",\"target\":{\"@type\":\"EntryPoint\",\"urlTemplate\":\"https:\\\/\\\/kibrisdakik.com\\\/?s={search_term_string}\"},\"query-input\":{\"@type\":\"PropertyValueSpecification\",\"valueRequired\":true,\"valueName\":\"search_term_string\"}}],\"inLanguage\":\"tr\"},{\"@type\":\"Organization\",\"@id\":\"https:\\\/\\\/kibrisdakik.com\\\/#organization\",\"name\":\"K\u0131br\u0131s Dakik\",\"url\":\"https:\\\/\\\/kibrisdakik.com\\\/\",\"logo\":{\"@type\":\"ImageObject\",\"inLanguage\":\"tr\",\"@id\":\"https:\\\/\\\/kibrisdakik.com\\\/#\\\/schema\\\/logo\\\/image\\\/\",\"url\":\"https:\\\/\\\/kibrisdakik.com\\\/wp-content\\\/uploads\\\/2025\\\/10\\\/cropped-WhatsApp-Image-2025-10-02-at-12.58.31.jpeg\",\"contentUrl\":\"https:\\\/\\\/kibrisdakik.com\\\/wp-content\\\/uploads\\\/2025\\\/10\\\/cropped-WhatsApp-Image-2025-10-02-at-12.58.31.jpeg\",\"width\":1237,\"height\":190,\"caption\":\"K\u0131br\u0131s Dakik\"},\"image\":{\"@id\":\"https:\\\/\\\/kibrisdakik.com\\\/#\\\/schema\\\/logo\\\/image\\\/\"}},{\"@type\":\"Person\",\"@id\":\"https:\\\/\\\/kibrisdakik.com\\\/#\\\/schema\\\/person\\\/9cd9d437bbb44f72b73ba127e06d8e79\",\"name\":\"admin\",\"image\":{\"@type\":\"ImageObject\",\"inLanguage\":\"tr\",\"@id\":\"https:\\\/\\\/secure.gravatar.com\\\/avatar\\\/ccc17943b9d660506c869530f897617f7cb1c21a4bf30023f252596d83e1f007?s=96&d=mm&r=g\",\"url\":\"https:\\\/\\\/secure.gravatar.com\\\/avatar\\\/ccc17943b9d660506c869530f897617f7cb1c21a4bf30023f252596d83e1f007?s=96&d=mm&r=g\",\"contentUrl\":\"https:\\\/\\\/secure.gravatar.com\\\/avatar\\\/ccc17943b9d660506c869530f897617f7cb1c21a4bf30023f252596d83e1f007?s=96&d=mm&r=g\",\"caption\":\"admin\"},\"sameAs\":[\"https:\\\/\\\/kibrisdakik.com\"],\"url\":\"https:\\\/\\\/kibrisdakik.com\\\/?author=1\"}]}<\/script>\n<!-- \/ Yoast SEO plugin. -->","yoast_head_json":{"title":"\u0130\u00e7inde k\u0131z\u0131 ve e\u015fi vard\u0131! U\u00e7uruma giden arac\u0131 durdurmaya \u00e7al\u0131\u015ft\u0131 ama ba\u015faramad\u0131 -","robots":{"index":"index","follow":"follow","max-snippet":"max-snippet:-1","max-image-preview":"max-image-preview:large","max-video-preview":"max-video-preview:-1"},"canonical":"https:\/\/kibrisdakik.com\/?p=54253","og_locale":"tr_TR","og_type":"article","og_title":"\u0130\u00e7inde k\u0131z\u0131 ve e\u015fi vard\u0131! U\u00e7uruma giden arac\u0131 durdurmaya \u00e7al\u0131\u015ft\u0131 ama ba\u015faramad\u0131 -","og_description":"Antalya&#8217;n\u0131n Alanya il\u00e7esinde rampada park halindeyken kontrolden \u00e7\u0131kan safari arac\u0131n\u0131n yakla\u015f\u0131k 10 metre y\u00fckseklikten yuvarland\u0131\u011f\u0131 ve Esma Al\u0131c\u0131&#8217;n\u0131n (31) hayat\u0131n\u0131 kaybetti\u011fi, 1 ya\u015f\u0131ndaki k\u0131z\u0131 Fatma Ela Al\u0131c\u0131&#8217;n\u0131n yaraland\u0131\u011f\u0131 kaza, g\u00fcvenlik kameras\u0131na yans\u0131d\u0131. Olay, d\u00fcn saat 18.30 s\u0131ralar\u0131nda Sug\u00f6z\u00fc Mahallesi K\u00fct\u00fcr\u00fcp mevkisinde meydana geldi. S\u00fcr\u00fcc\u00fc Emre Al\u0131c\u0131, e\u015fi Esma Al\u0131c\u0131 ve k\u0131z\u0131 Fatma Ela Al\u0131c\u0131&#8217;n\u0131n bulundu\u011fu","og_url":"https:\/\/kibrisdakik.com\/?p=54253","article_published_time":"2024-08-14T10:38:17+00:00","og_image":[{"width":1202,"height":675,"url":"https:\/\/kibrisdakik.com\/wp-content\/uploads\/2024\/08\/icinde-kizi-ve-esi-vardi-ucuruma-giden-araci-17717568_9297_amp.jpg","type":"image\/jpeg"}],"author":"admin","twitter_card":"summary_large_image","twitter_misc":{"Yazan:":"admin","Tahmini okuma s\u00fcresi":"2 dakika"},"schema":{"@context":"https:\/\/schema.org","@graph":[{"@type":"Article","@id":"https:\/\/kibrisdakik.com\/?p=54253#article","isPartOf":{"@id":"https:\/\/kibrisdakik.com\/?p=54253"},"author":{"name":"admin","@id":"https:\/\/kibrisdakik.com\/#\/schema\/person\/9cd9d437bbb44f72b73ba127e06d8e79"},"headline":"\u0130\u00e7inde k\u0131z\u0131 ve e\u015fi vard\u0131! U\u00e7uruma giden arac\u0131 durdurmaya \u00e7al\u0131\u015ft\u0131 ama ba\u015faramad\u0131","datePublished":"2024-08-14T10:38:17+00:00","mainEntityOfPage":{"@id":"https:\/\/kibrisdakik.com\/?p=54253"},"wordCount":408,"commentCount":0,"publisher":{"@id":"https:\/\/kibrisdakik.com\/#organization"},"image":{"@id":"https:\/\/kibrisdakik.com\/?p=54253#primaryimage"},"thumbnailUrl":"https:\/\/kibrisdakik.com\/wp-content\/uploads\/2024\/08\/icinde-kizi-ve-esi-vardi-ucuruma-giden-araci-17717568_9297_amp.jpg","articleSection":["Magazin"],"inLanguage":"tr","potentialAction":[{"@type":"CommentAction","name":"Comment","target":["https:\/\/kibrisdakik.com\/?p=54253#respond"]}]},{"@type":"WebPage","@id":"https:\/\/kibrisdakik.com\/?p=54253","url":"https:\/\/kibrisdakik.com\/?p=54253","name":"\u0130\u00e7inde k\u0131z\u0131 ve e\u015fi vard\u0131! U\u00e7uruma giden arac\u0131 durdurmaya \u00e7al\u0131\u015ft\u0131 ama ba\u015faramad\u0131 -","isPartOf":{"@id":"https:\/\/kibrisdakik.com\/#website"},"primaryImageOfPage":{"@id":"https:\/\/kibrisdakik.com\/?p=54253#primaryimage"},"image":{"@id":"https:\/\/kibrisdakik.com\/?p=54253#primaryimage"},"thumbnailUrl":"https:\/\/kibrisdakik.com\/wp-content\/uploads\/2024\/08\/icinde-kizi-ve-esi-vardi-ucuruma-giden-araci-17717568_9297_amp.jpg","datePublished":"2024-08-14T10:38:17+00:00","breadcrumb":{"@id":"https:\/\/kibrisdakik.com\/?p=54253#breadcrumb"},"inLanguage":"tr","potentialAction":[{"@type":"ReadAction","target":["https:\/\/kibrisdakik.com\/?p=54253"]}]},{"@type":"ImageObject","inLanguage":"tr","@id":"https:\/\/kibrisdakik.com\/?p=54253#primaryimage","url":"https:\/\/kibrisdakik.com\/wp-content\/uploads\/2024\/08\/icinde-kizi-ve-esi-vardi-ucuruma-giden-araci-17717568_9297_amp.jpg","contentUrl":"https:\/\/kibrisdakik.com\/wp-content\/uploads\/2024\/08\/icinde-kizi-ve-esi-vardi-ucuruma-giden-araci-17717568_9297_amp.jpg","width":1202,"height":675},{"@type":"BreadcrumbList","@id":"https:\/\/kibrisdakik.com\/?p=54253#breadcrumb","itemListElement":[{"@type":"ListItem","position":1,"name":"Home","item":"https:\/\/kibrisdakik.com\/"},{"@type":"ListItem","position":2,"name":"\u0130\u00e7inde k\u0131z\u0131 ve e\u015fi vard\u0131! U\u00e7uruma giden arac\u0131 durdurmaya \u00e7al\u0131\u015ft\u0131 ama ba\u015faramad\u0131"}]},{"@type":"WebSite","@id":"https:\/\/kibrisdakik.com\/#website","url":"https:\/\/kibrisdakik.com\/","name":"K\u0131br\u0131s Dakik","description":"Tam vaktinde haber","publisher":{"@id":"https:\/\/kibrisdakik.com\/#organization"},"potentialAction":[{"@type":"SearchAction","target":{"@type":"EntryPoint","urlTemplate":"https:\/\/kibrisdakik.com\/?s={search_term_string}"},"query-input":{"@type":"PropertyValueSpecification","valueRequired":true,"valueName":"search_term_string"}}],"inLanguage":"tr"},{"@type":"Organization","@id":"https:\/\/kibrisdakik.com\/#organization","name":"K\u0131br\u0131s Dakik","url":"https:\/\/kibrisdakik.com\/","logo":{"@type":"ImageObject","inLanguage":"tr","@id":"https:\/\/kibrisdakik.com\/#\/schema\/logo\/image\/","url":"https:\/\/kibrisdakik.com\/wp-content\/uploads\/2025\/10\/cropped-WhatsApp-Image-2025-10-02-at-12.58.31.jpeg","contentUrl":"https:\/\/kibrisdakik.com\/wp-content\/uploads\/2025\/10\/cropped-WhatsApp-Image-2025-10-02-at-12.58.31.jpeg","width":1237,"height":190,"caption":"K\u0131br\u0131s Dakik"},"image":{"@id":"https:\/\/kibrisdakik.com\/#\/schema\/logo\/image\/"}},{"@type":"Person","@id":"https:\/\/kibrisdakik.com\/#\/schema\/person\/9cd9d437bbb44f72b73ba127e06d8e79","name":"admin","image":{"@type":"ImageObject","inLanguage":"tr","@id":"https:\/\/secure.gravatar.com\/avatar\/ccc17943b9d660506c869530f897617f7cb1c21a4bf30023f252596d83e1f007?s=96&d=mm&r=g","url":"https:\/\/secure.gravatar.com\/avatar\/ccc17943b9d660506c869530f897617f7cb1c21a4bf30023f252596d83e1f007?s=96&d=mm&r=g","contentUrl":"https:\/\/secure.gravatar.com\/avatar\/ccc17943b9d660506c869530f897617f7cb1c21a4bf30023f252596d83e1f007?s=96&d=mm&r=g","caption":"admin"},"sameAs":["https:\/\/kibrisdakik.com"],"url":"https:\/\/kibrisdakik.com\/?author=1"}]}},"_links":{"self":[{"href":"https:\/\/kibrisdakik.com\/index.php?rest_route=\/wp\/v2\/posts\/54253","targetHints":{"allow":["GET"]}}],"collection":[{"href":"https:\/\/kibrisdakik.com\/index.php?rest_route=\/wp\/v2\/posts"}],"about":[{"href":"https:\/\/kibrisdakik.com\/index.php?rest_route=\/wp\/v2\/types\/post"}],"author":[{"embeddable":true,"href":"https:\/\/kibrisdakik.com\/index.php?rest_route=\/wp\/v2\/users\/1"}],"replies":[{"embeddable":true,"href":"https:\/\/kibrisdakik.com\/index.php?rest_route=%2Fwp%2Fv2%2Fcomments&post=54253"}],"version-history":[{"count":1,"href":"https:\/\/kibrisdakik.com\/index.php?rest_route=\/wp\/v2\/posts\/54253\/revisions"}],"predecessor-version":[{"id":54283,"href":"https:\/\/kibrisdakik.com\/index.php?rest_route=\/wp\/v2\/posts\/54253\/revisions\/54283"}],"wp:featuredmedia":[{"embeddable":true,"href":"https:\/\/kibrisdakik.com\/index.php?rest_route=\/wp\/v2\/media\/54254"}],"wp:attachment":[{"href":"https:\/\/kibrisdakik.com\/index.php?rest_route=%2Fwp%2Fv2%2Fmedia&parent=54253"}],"wp:term":[{"taxonomy":"category","embeddable":true,"href":"https:\/\/kibrisdakik.com\/index.php?rest_route=%2Fwp%2Fv2%2Fcategories&post=54253"},{"taxonomy":"post_tag","embeddable":true,"href":"https:\/\/kibrisdakik.com\/index.php?rest_route=%2Fwp%2Fv2%2Ftags&post=54253"}],"curies":[{"name":"wp","href":"https:\/\/api.w.org\/{rel}","templated":true}]}}