{"id":54310,"date":"2024-08-14T14:55:32","date_gmt":"2024-08-14T11:55:32","guid":{"rendered":"https:\/\/kibrisdakik.com\/index.php\/2024\/08\/14\/verdigi-sokak-roportaji-sonrasi-tutuklanan-kadin-adalet-bakani-tunca-soruldu\/"},"modified":"2024-08-14T14:55:32","modified_gmt":"2024-08-14T11:55:32","slug":"verdigi-sokak-roportaji-sonrasi-tutuklanan-kadin-adalet-bakani-tunca-soruldu","status":"publish","type":"post","link":"https:\/\/kibrisdakik.com\/?p=54310","title":{"rendered":"Verdi\u011fi sokak r\u00f6portaj\u0131 sonras\u0131 tutuklanan kad\u0131n Adalet Bakan\u0131 Tun\u00e7&#8217;a soruldu"},"content":{"rendered":"<p><\/p>\n<div id=\"\">\n<p>\u0130zmir&#8217;de Instagram&#8217;\u0131n kapat\u0131lmas\u0131yla ilgili yap\u0131lan sokak r\u00f6portaj\u0131nda AK Parti h\u00fck\u00fcmetine y\u00f6nelik a\u011f\u0131r ifadeler kullanan Dilruba isimli \u015fah\u0131s, &#8220;Cumhurba\u015fkan\u0131na hakaret&#8221; ve &#8220;halk\u0131 kin ve d\u00fc\u015fmanl\u0131\u011fa alenen tahrik etme&#8221; su\u00e7lamalar\u0131yla g\u00f6zalt\u0131na al\u0131nm\u0131\u015f ve \u00e7\u0131kar\u0131ld\u0131\u011f\u0131 n\u00f6bet\u00e7i mahkeme taraf\u0131ndan tutuklanarak cezaevine g\u00f6nderilmi\u015fti.<\/p>\n<h3>&#8220;CEZA KANUNLARINDA BUNUN YAPTIRIMLARI VAR&#8221;<\/h3>\n<p>Ya\u015fanan bu geli\u015fme Adalet Bakan\u0131 Y\u0131lmaz Tun\u00e7&#8217;a soruldu. AK Parti&#8217;nin kurulu\u015fu vesilesiyle CNN T\u00fcrk yay\u0131n\u0131nda konu\u015fan Tun\u00e7, konuyla ilgili a\u00e7\u0131klamas\u0131nda &#8220;D\u00fc\u015f\u00fcnce \u00f6zg\u00fcrl\u00fc\u011f\u00fc demokratik bir \u00fclkede \u00e7ok \u00f6nemli ancak bu konu\u015fma ba\u015fkalar\u0131n\u0131n hak ve \u00f6zg\u00fcrl\u00fc\u011f\u00fcn\u00fc ihlal edecek \u015fekildeyse ceza kanunlar\u0131nda bunun yapt\u0131r\u0131mlar\u0131 var&#8221; dedi. <\/p>\n<h3>SOKAK R\u00d6PORTAJLARI YASAKLANIYOR MU?<\/h3>\n<p>Sokak r\u00f6portajlar\u0131n\u0131n yasaklanaca\u011f\u0131 iddialar\u0131na da a\u00e7\u0131kl\u0131k getiren Bakan Tun\u00e7, &#8220;Sokak r\u00f6portajlar\u0131na yasaklama diye bir \u015fey yok. Bas\u0131n yoluyla hakaret de su\u00e7tur, y\u00fcz y\u00fcze yapt\u0131\u011f\u0131n\u0131z hakaret de su\u00e7tur. D\u00fc\u015f\u00fcnce \u00f6zg\u00fcrl\u00fc\u011f\u00fcn\u00fcn kapsam\u0131n\u0131 biz ge\u00e7en senelerde yapt\u0131\u011f\u0131m\u0131z de\u011fi\u015fikliklerle geni\u015flettik. Ele\u015ftiri a\u00e7\u0131klamalar\u0131n\u0131n su\u00e7 olmayaca\u011f\u0131 d\u00fczenlemeleri hayata ge\u00e7irdik. Ama bu \u00f6zg\u00fcrl\u00fc\u011f\u00fcn bir s\u0131n\u0131r\u0131 vard\u0131r. Ama siz halk\u0131 kin ve d\u00fc\u015fmanl\u0131\u011fa sevk edecek \u015fekilde konu\u015fursan\u0131z tabii yarg\u0131 devreye girer. Bunun su\u00e7 olup olmamas\u0131n\u0131 de\u011ferlendirecek olan yarg\u0131 makamlar\u0131d\u0131r&#8221; ifadelerini kulland\u0131. <\/p>\n<figure class=\"type:primaryimage hbhOrder\" style=\"margin-bottom: 20px;\"><img loading=\"lazy\" decoding=\"async\" width=\"1202\" height=\"675\" class=\"hbptMainImage\" id=\"HaberImage\" src=\"https:\/\/foto.haberler.com\/haber\/2024\/08\/14\/adalet-bakani-tunc-a-sokak-roportaji-sonrasi-17718882_9188_amp.jpg\"\/><\/figure>\n<div class=\"orderFlex\">\n<div class=\"hbptItem imgtxtarea\">\n<div class=\"hbptAuthorImg\"><img decoding=\"async\" class=\"lazyload imgelips\" src=\"https:\/\/foto.haberler.com\/genel\/editor\/2021\/05\/12\/editor--982692.jpg\" alt=\"Olgun K\u0131z\u0131ltepe\"\/><\/div>\n<\/div>\n<\/div>\n<h4 id=\"nwsKeywords\"> <a href=\"https:\/\/www.haberler.com\/yilmaz-tunc\/\" title=\"Y\u0131lmaz Tun\u00e7\" class=\"hbptTag\">Y\u0131lmaz Tun\u00e7<\/a>  <a href=\"https:\/\/www.haberler.com\/yilmaz-tunc\/\" title=\"Y\u0131lmaz Tun\u00e7\" class=\"hbptTag\">Y\u0131lmaz Tun\u00e7<\/a>  <a href=\"https:\/\/www.haberler.com\/hukuk\/\" title=\"Hukuk\" class=\"hbptTag\">Hukuk<\/a>  <a href=\"https:\/\/www.haberler.com\/yasam\/\" title=\"Ya\u015fam\" class=\"hbptTag\">Ya\u015fam<\/a>  <a href=\"https:\/\/www.haberler.com\/politika\/\" title=\"Politika\" class=\"hbptTag\">Politika<\/a>  <a href=\"https:\/\/www.haberler.com\/guncel\/\" title=\"G\u00fcncel\" class=\"hbptTag\">G\u00fcncel<\/a>  <a href=\"https:\/\/www.haberler.com\/\" title=\"Haberler\" class=\"hbptTag\">Haberler<\/a> <\/h4>\n<\/div>\n","protected":false},"excerpt":{"rendered":"<p>\u0130zmir&#8217;de Instagram&#8217;\u0131n kapat\u0131lmas\u0131yla ilgili yap\u0131lan sokak r\u00f6portaj\u0131nda AK Parti h\u00fck\u00fcmetine y\u00f6nelik a\u011f\u0131r ifadeler kullanan Dilruba isimli \u015fah\u0131s, &#8220;Cumhurba\u015fkan\u0131na hakaret&#8221; ve &#8220;halk\u0131 kin ve d\u00fc\u015fmanl\u0131\u011fa alenen tahrik etme&#8221; su\u00e7lamalar\u0131yla g\u00f6zalt\u0131na al\u0131nm\u0131\u015f ve \u00e7\u0131kar\u0131ld\u0131\u011f\u0131 n\u00f6bet\u00e7i mahkeme taraf\u0131ndan tutuklanarak cezaevine g\u00f6nderilmi\u015fti. &#8220;CEZA KANUNLARINDA BUNUN YAPTIRIMLARI VAR&#8221; Ya\u015fanan bu geli\u015fme Adalet Bakan\u0131 Y\u0131lmaz Tun\u00e7&#8217;a soruldu. AK Parti&#8217;nin kurulu\u015fu vesilesiyle<\/p>\n","protected":false},"author":1,"featured_media":54311,"comment_status":"open","ping_status":"open","sticky":false,"template":"","format":"standard","meta":{"footnotes":""},"categories":[83],"tags":[],"class_list":["post-54310","post","type-post","status-publish","format-standard","has-post-thumbnail","hentry","category-magazin"],"yoast_head":"<!-- This site is optimized with the Yoast SEO plugin v27.4 - https:\/\/yoast.com\/product\/yoast-seo-wordpress\/ -->\n<title>Verdi\u011fi sokak r\u00f6portaj\u0131 sonras\u0131 tutuklanan kad\u0131n Adalet Bakan\u0131 Tun\u00e7&#039;a soruldu -<\/title>\n<meta name=\"robots\" content=\"index, follow, max-snippet:-1, max-image-preview:large, max-video-preview:-1\" \/>\n<link rel=\"canonical\" href=\"https:\/\/kibrisdakik.com\/?p=54310\" \/>\n<meta property=\"og:locale\" content=\"tr_TR\" \/>\n<meta property=\"og:type\" content=\"article\" \/>\n<meta property=\"og:title\" content=\"Verdi\u011fi sokak r\u00f6portaj\u0131 sonras\u0131 tutuklanan kad\u0131n Adalet Bakan\u0131 Tun\u00e7&#039;a soruldu -\" \/>\n<meta property=\"og:description\" content=\"\u0130zmir&#8217;de Instagram&#8217;\u0131n kapat\u0131lmas\u0131yla ilgili yap\u0131lan sokak r\u00f6portaj\u0131nda AK Parti h\u00fck\u00fcmetine y\u00f6nelik a\u011f\u0131r ifadeler kullanan Dilruba isimli \u015fah\u0131s, &#8220;Cumhurba\u015fkan\u0131na hakaret&#8221; ve &#8220;halk\u0131 kin ve d\u00fc\u015fmanl\u0131\u011fa alenen tahrik etme&#8221; su\u00e7lamalar\u0131yla g\u00f6zalt\u0131na al\u0131nm\u0131\u015f ve \u00e7\u0131kar\u0131ld\u0131\u011f\u0131 n\u00f6bet\u00e7i mahkeme taraf\u0131ndan tutuklanarak cezaevine g\u00f6nderilmi\u015fti. &#8220;CEZA KANUNLARINDA BUNUN YAPTIRIMLARI VAR&#8221; Ya\u015fanan bu geli\u015fme Adalet Bakan\u0131 Y\u0131lmaz Tun\u00e7&#8217;a soruldu. AK Parti&#8217;nin kurulu\u015fu vesilesiyle\" \/>\n<meta property=\"og:url\" content=\"https:\/\/kibrisdakik.com\/?p=54310\" \/>\n<meta property=\"article:published_time\" content=\"2024-08-14T11:55:32+00:00\" \/>\n<meta property=\"og:image\" content=\"https:\/\/kibrisdakik.com\/wp-content\/uploads\/2024\/08\/adalet-bakani-tunc-a-sokak-roportaji-sonrasi-17718882_9188_amp.jpg\" \/>\n\t<meta property=\"og:image:width\" content=\"1202\" \/>\n\t<meta property=\"og:image:height\" content=\"675\" \/>\n\t<meta property=\"og:image:type\" content=\"image\/jpeg\" \/>\n<meta name=\"author\" content=\"admin\" \/>\n<meta name=\"twitter:card\" content=\"summary_large_image\" \/>\n<meta name=\"twitter:label1\" content=\"Yazan:\" \/>\n\t<meta name=\"twitter:data1\" content=\"admin\" \/>\n\t<meta name=\"twitter:label2\" content=\"Tahmini okuma s\u00fcresi\" \/>\n\t<meta name=\"twitter:data2\" content=\"1 dakika\" \/>\n<script type=\"application\/ld+json\" class=\"yoast-schema-graph\">{\"@context\":\"https:\\\/\\\/schema.org\",\"@graph\":[{\"@type\":\"Article\",\"@id\":\"https:\\\/\\\/kibrisdakik.com\\\/?p=54310#article\",\"isPartOf\":{\"@id\":\"https:\\\/\\\/kibrisdakik.com\\\/?p=54310\"},\"author\":{\"name\":\"admin\",\"@id\":\"https:\\\/\\\/kibrisdakik.com\\\/#\\\/schema\\\/person\\\/9cd9d437bbb44f72b73ba127e06d8e79\"},\"headline\":\"Verdi\u011fi sokak r\u00f6portaj\u0131 sonras\u0131 tutuklanan kad\u0131n Adalet Bakan\u0131 Tun\u00e7&#8217;a soruldu\",\"datePublished\":\"2024-08-14T11:55:32+00:00\",\"mainEntityOfPage\":{\"@id\":\"https:\\\/\\\/kibrisdakik.com\\\/?p=54310\"},\"wordCount\":284,\"commentCount\":0,\"image\":{\"@id\":\"https:\\\/\\\/kibrisdakik.com\\\/?p=54310#primaryimage\"},\"thumbnailUrl\":\"https:\\\/\\\/kibrisdakik.com\\\/wp-content\\\/uploads\\\/2024\\\/08\\\/adalet-bakani-tunc-a-sokak-roportaji-sonrasi-17718882_9188_amp.jpg\",\"articleSection\":[\"Magazin\"],\"inLanguage\":\"tr\",\"potentialAction\":[{\"@type\":\"CommentAction\",\"name\":\"Comment\",\"target\":[\"https:\\\/\\\/kibrisdakik.com\\\/?p=54310#respond\"]}]},{\"@type\":\"WebPage\",\"@id\":\"https:\\\/\\\/kibrisdakik.com\\\/?p=54310\",\"url\":\"https:\\\/\\\/kibrisdakik.com\\\/?p=54310\",\"name\":\"Verdi\u011fi sokak r\u00f6portaj\u0131 sonras\u0131 tutuklanan kad\u0131n Adalet Bakan\u0131 Tun\u00e7'a soruldu -\",\"isPartOf\":{\"@id\":\"https:\\\/\\\/kibrisdakik.com\\\/#website\"},\"primaryImageOfPage\":{\"@id\":\"https:\\\/\\\/kibrisdakik.com\\\/?p=54310#primaryimage\"},\"image\":{\"@id\":\"https:\\\/\\\/kibrisdakik.com\\\/?p=54310#primaryimage\"},\"thumbnailUrl\":\"https:\\\/\\\/kibrisdakik.com\\\/wp-content\\\/uploads\\\/2024\\\/08\\\/adalet-bakani-tunc-a-sokak-roportaji-sonrasi-17718882_9188_amp.jpg\",\"datePublished\":\"2024-08-14T11:55:32+00:00\",\"author\":{\"@id\":\"https:\\\/\\\/kibrisdakik.com\\\/#\\\/schema\\\/person\\\/9cd9d437bbb44f72b73ba127e06d8e79\"},\"breadcrumb\":{\"@id\":\"https:\\\/\\\/kibrisdakik.com\\\/?p=54310#breadcrumb\"},\"inLanguage\":\"tr\",\"potentialAction\":[{\"@type\":\"ReadAction\",\"target\":[\"https:\\\/\\\/kibrisdakik.com\\\/?p=54310\"]}]},{\"@type\":\"ImageObject\",\"inLanguage\":\"tr\",\"@id\":\"https:\\\/\\\/kibrisdakik.com\\\/?p=54310#primaryimage\",\"url\":\"https:\\\/\\\/kibrisdakik.com\\\/wp-content\\\/uploads\\\/2024\\\/08\\\/adalet-bakani-tunc-a-sokak-roportaji-sonrasi-17718882_9188_amp.jpg\",\"contentUrl\":\"https:\\\/\\\/kibrisdakik.com\\\/wp-content\\\/uploads\\\/2024\\\/08\\\/adalet-bakani-tunc-a-sokak-roportaji-sonrasi-17718882_9188_amp.jpg\",\"width\":1202,\"height\":675},{\"@type\":\"BreadcrumbList\",\"@id\":\"https:\\\/\\\/kibrisdakik.com\\\/?p=54310#breadcrumb\",\"itemListElement\":[{\"@type\":\"ListItem\",\"position\":1,\"name\":\"Home\",\"item\":\"https:\\\/\\\/kibrisdakik.com\\\/\"},{\"@type\":\"ListItem\",\"position\":2,\"name\":\"Verdi\u011fi sokak r\u00f6portaj\u0131 sonras\u0131 tutuklanan kad\u0131n Adalet Bakan\u0131 Tun\u00e7&#8217;a soruldu\"}]},{\"@type\":\"WebSite\",\"@id\":\"https:\\\/\\\/kibrisdakik.com\\\/#website\",\"url\":\"https:\\\/\\\/kibrisdakik.com\\\/\",\"name\":\"\",\"description\":\"Tam vaktinde haber\",\"potentialAction\":[{\"@type\":\"SearchAction\",\"target\":{\"@type\":\"EntryPoint\",\"urlTemplate\":\"https:\\\/\\\/kibrisdakik.com\\\/?s={search_term_string}\"},\"query-input\":{\"@type\":\"PropertyValueSpecification\",\"valueRequired\":true,\"valueName\":\"search_term_string\"}}],\"inLanguage\":\"tr\"},{\"@type\":\"Person\",\"@id\":\"https:\\\/\\\/kibrisdakik.com\\\/#\\\/schema\\\/person\\\/9cd9d437bbb44f72b73ba127e06d8e79\",\"name\":\"admin\",\"image\":{\"@type\":\"ImageObject\",\"inLanguage\":\"tr\",\"@id\":\"https:\\\/\\\/secure.gravatar.com\\\/avatar\\\/ccc17943b9d660506c869530f897617f7cb1c21a4bf30023f252596d83e1f007?s=96&d=mm&r=g\",\"url\":\"https:\\\/\\\/secure.gravatar.com\\\/avatar\\\/ccc17943b9d660506c869530f897617f7cb1c21a4bf30023f252596d83e1f007?s=96&d=mm&r=g\",\"contentUrl\":\"https:\\\/\\\/secure.gravatar.com\\\/avatar\\\/ccc17943b9d660506c869530f897617f7cb1c21a4bf30023f252596d83e1f007?s=96&d=mm&r=g\",\"caption\":\"admin\"},\"sameAs\":[\"https:\\\/\\\/kibrisdakik.com\"],\"url\":\"https:\\\/\\\/kibrisdakik.com\\\/?author=1\"}]}<\/script>\n<!-- \/ Yoast SEO plugin. -->","yoast_head_json":{"title":"Verdi\u011fi sokak r\u00f6portaj\u0131 sonras\u0131 tutuklanan kad\u0131n Adalet Bakan\u0131 Tun\u00e7'a soruldu -","robots":{"index":"index","follow":"follow","max-snippet":"max-snippet:-1","max-image-preview":"max-image-preview:large","max-video-preview":"max-video-preview:-1"},"canonical":"https:\/\/kibrisdakik.com\/?p=54310","og_locale":"tr_TR","og_type":"article","og_title":"Verdi\u011fi sokak r\u00f6portaj\u0131 sonras\u0131 tutuklanan kad\u0131n Adalet Bakan\u0131 Tun\u00e7'a soruldu -","og_description":"\u0130zmir&#8217;de Instagram&#8217;\u0131n kapat\u0131lmas\u0131yla ilgili yap\u0131lan sokak r\u00f6portaj\u0131nda AK Parti h\u00fck\u00fcmetine y\u00f6nelik a\u011f\u0131r ifadeler kullanan Dilruba isimli \u015fah\u0131s, &#8220;Cumhurba\u015fkan\u0131na hakaret&#8221; ve &#8220;halk\u0131 kin ve d\u00fc\u015fmanl\u0131\u011fa alenen tahrik etme&#8221; su\u00e7lamalar\u0131yla g\u00f6zalt\u0131na al\u0131nm\u0131\u015f ve \u00e7\u0131kar\u0131ld\u0131\u011f\u0131 n\u00f6bet\u00e7i mahkeme taraf\u0131ndan tutuklanarak cezaevine g\u00f6nderilmi\u015fti. &#8220;CEZA KANUNLARINDA BUNUN YAPTIRIMLARI VAR&#8221; Ya\u015fanan bu geli\u015fme Adalet Bakan\u0131 Y\u0131lmaz Tun\u00e7&#8217;a soruldu. AK Parti&#8217;nin kurulu\u015fu vesilesiyle","og_url":"https:\/\/kibrisdakik.com\/?p=54310","article_published_time":"2024-08-14T11:55:32+00:00","og_image":[{"width":1202,"height":675,"url":"https:\/\/kibrisdakik.com\/wp-content\/uploads\/2024\/08\/adalet-bakani-tunc-a-sokak-roportaji-sonrasi-17718882_9188_amp.jpg","type":"image\/jpeg"}],"author":"admin","twitter_card":"summary_large_image","twitter_misc":{"Yazan:":"admin","Tahmini okuma s\u00fcresi":"1 dakika"},"schema":{"@context":"https:\/\/schema.org","@graph":[{"@type":"Article","@id":"https:\/\/kibrisdakik.com\/?p=54310#article","isPartOf":{"@id":"https:\/\/kibrisdakik.com\/?p=54310"},"author":{"name":"admin","@id":"https:\/\/kibrisdakik.com\/#\/schema\/person\/9cd9d437bbb44f72b73ba127e06d8e79"},"headline":"Verdi\u011fi sokak r\u00f6portaj\u0131 sonras\u0131 tutuklanan kad\u0131n Adalet Bakan\u0131 Tun\u00e7&#8217;a soruldu","datePublished":"2024-08-14T11:55:32+00:00","mainEntityOfPage":{"@id":"https:\/\/kibrisdakik.com\/?p=54310"},"wordCount":284,"commentCount":0,"image":{"@id":"https:\/\/kibrisdakik.com\/?p=54310#primaryimage"},"thumbnailUrl":"https:\/\/kibrisdakik.com\/wp-content\/uploads\/2024\/08\/adalet-bakani-tunc-a-sokak-roportaji-sonrasi-17718882_9188_amp.jpg","articleSection":["Magazin"],"inLanguage":"tr","potentialAction":[{"@type":"CommentAction","name":"Comment","target":["https:\/\/kibrisdakik.com\/?p=54310#respond"]}]},{"@type":"WebPage","@id":"https:\/\/kibrisdakik.com\/?p=54310","url":"https:\/\/kibrisdakik.com\/?p=54310","name":"Verdi\u011fi sokak r\u00f6portaj\u0131 sonras\u0131 tutuklanan kad\u0131n Adalet Bakan\u0131 Tun\u00e7'a soruldu -","isPartOf":{"@id":"https:\/\/kibrisdakik.com\/#website"},"primaryImageOfPage":{"@id":"https:\/\/kibrisdakik.com\/?p=54310#primaryimage"},"image":{"@id":"https:\/\/kibrisdakik.com\/?p=54310#primaryimage"},"thumbnailUrl":"https:\/\/kibrisdakik.com\/wp-content\/uploads\/2024\/08\/adalet-bakani-tunc-a-sokak-roportaji-sonrasi-17718882_9188_amp.jpg","datePublished":"2024-08-14T11:55:32+00:00","author":{"@id":"https:\/\/kibrisdakik.com\/#\/schema\/person\/9cd9d437bbb44f72b73ba127e06d8e79"},"breadcrumb":{"@id":"https:\/\/kibrisdakik.com\/?p=54310#breadcrumb"},"inLanguage":"tr","potentialAction":[{"@type":"ReadAction","target":["https:\/\/kibrisdakik.com\/?p=54310"]}]},{"@type":"ImageObject","inLanguage":"tr","@id":"https:\/\/kibrisdakik.com\/?p=54310#primaryimage","url":"https:\/\/kibrisdakik.com\/wp-content\/uploads\/2024\/08\/adalet-bakani-tunc-a-sokak-roportaji-sonrasi-17718882_9188_amp.jpg","contentUrl":"https:\/\/kibrisdakik.com\/wp-content\/uploads\/2024\/08\/adalet-bakani-tunc-a-sokak-roportaji-sonrasi-17718882_9188_amp.jpg","width":1202,"height":675},{"@type":"BreadcrumbList","@id":"https:\/\/kibrisdakik.com\/?p=54310#breadcrumb","itemListElement":[{"@type":"ListItem","position":1,"name":"Home","item":"https:\/\/kibrisdakik.com\/"},{"@type":"ListItem","position":2,"name":"Verdi\u011fi sokak r\u00f6portaj\u0131 sonras\u0131 tutuklanan kad\u0131n Adalet Bakan\u0131 Tun\u00e7&#8217;a soruldu"}]},{"@type":"WebSite","@id":"https:\/\/kibrisdakik.com\/#website","url":"https:\/\/kibrisdakik.com\/","name":"","description":"Tam vaktinde haber","potentialAction":[{"@type":"SearchAction","target":{"@type":"EntryPoint","urlTemplate":"https:\/\/kibrisdakik.com\/?s={search_term_string}"},"query-input":{"@type":"PropertyValueSpecification","valueRequired":true,"valueName":"search_term_string"}}],"inLanguage":"tr"},{"@type":"Person","@id":"https:\/\/kibrisdakik.com\/#\/schema\/person\/9cd9d437bbb44f72b73ba127e06d8e79","name":"admin","image":{"@type":"ImageObject","inLanguage":"tr","@id":"https:\/\/secure.gravatar.com\/avatar\/ccc17943b9d660506c869530f897617f7cb1c21a4bf30023f252596d83e1f007?s=96&d=mm&r=g","url":"https:\/\/secure.gravatar.com\/avatar\/ccc17943b9d660506c869530f897617f7cb1c21a4bf30023f252596d83e1f007?s=96&d=mm&r=g","contentUrl":"https:\/\/secure.gravatar.com\/avatar\/ccc17943b9d660506c869530f897617f7cb1c21a4bf30023f252596d83e1f007?s=96&d=mm&r=g","caption":"admin"},"sameAs":["https:\/\/kibrisdakik.com"],"url":"https:\/\/kibrisdakik.com\/?author=1"}]}},"_links":{"self":[{"href":"https:\/\/kibrisdakik.com\/index.php?rest_route=\/wp\/v2\/posts\/54310","targetHints":{"allow":["GET"]}}],"collection":[{"href":"https:\/\/kibrisdakik.com\/index.php?rest_route=\/wp\/v2\/posts"}],"about":[{"href":"https:\/\/kibrisdakik.com\/index.php?rest_route=\/wp\/v2\/types\/post"}],"author":[{"embeddable":true,"href":"https:\/\/kibrisdakik.com\/index.php?rest_route=\/wp\/v2\/users\/1"}],"replies":[{"embeddable":true,"href":"https:\/\/kibrisdakik.com\/index.php?rest_route=%2Fwp%2Fv2%2Fcomments&post=54310"}],"version-history":[{"count":0,"href":"https:\/\/kibrisdakik.com\/index.php?rest_route=\/wp\/v2\/posts\/54310\/revisions"}],"wp:featuredmedia":[{"embeddable":true,"href":"https:\/\/kibrisdakik.com\/index.php?rest_route=\/wp\/v2\/media\/54311"}],"wp:attachment":[{"href":"https:\/\/kibrisdakik.com\/index.php?rest_route=%2Fwp%2Fv2%2Fmedia&parent=54310"}],"wp:term":[{"taxonomy":"category","embeddable":true,"href":"https:\/\/kibrisdakik.com\/index.php?rest_route=%2Fwp%2Fv2%2Fcategories&post=54310"},{"taxonomy":"post_tag","embeddable":true,"href":"https:\/\/kibrisdakik.com\/index.php?rest_route=%2Fwp%2Fv2%2Ftags&post=54310"}],"curies":[{"name":"wp","href":"https:\/\/api.w.org\/{rel}","templated":true}]}}