{"id":54312,"date":"2024-08-14T14:39:43","date_gmt":"2024-08-14T11:39:43","guid":{"rendered":"https:\/\/kibrisdakik.com\/index.php\/2024\/08\/14\/hamza-dag-ak-parti-milletimiz-icin-umudun-gelecegin-ve-icraatin-adi-oldu\/"},"modified":"2024-08-14T14:39:43","modified_gmt":"2024-08-14T11:39:43","slug":"hamza-dag-ak-parti-milletimiz-icin-umudun-gelecegin-ve-icraatin-adi-oldu","status":"publish","type":"post","link":"https:\/\/kibrisdakik.com\/?p=54312","title":{"rendered":"Hamza Da\u011f: AK Parti milletimiz i\u00e7in umudun, gelece\u011fin ve icraat\u0131n ad\u0131 oldu"},"content":{"rendered":"<p><\/p>\n<div id=\"\">\n<p> <a class=\"keyword\" href=\"https:\/\/www.haberler.com\/recep-tayyip-erdogan\/\" title=\"Recep Tayyip Erdo\u011fan Haberleri, Recep Tayyip Erdo\u011fan Haberi, Recep Tayyip Erdo\u011fan Haber\"><strong>Recep Tayyip Erdo\u011fan<\/strong><\/a>&#8216;\u0131n liderli\u011finde, 14 A\u011fustos 2001&#8217;de  <a class=\"keyword\" href=\"https:\/\/www.haberler.com\/turkiye\/\" title=\"T\u00fcrkiye Haberleri, T\u00fcrkiye Haberi, T\u00fcrkiye Haber\"><strong>T\u00fcrkiye<\/strong><\/a>&#8216;nin 39. partisi olarak kurulan AK Parti 23. ya\u015f\u0131n\u0131 kutluyor. Kuruldu\u011fu g\u00fcnden bu yana girdi\u011fi t\u00fcm genel se\u00e7imlerde birinci parti olmay\u0131 ba\u015faran AK Parti, \u00e7ok partili siyasi hayat\u0131n ba\u015flad\u0131\u011f\u0131 1946&#8217;dan bu yana en uzun s\u00fcre iktidarda kalan parti oldu.<\/p>\n<p><strong>Ankara&#8217;da d\u00fczenlenen 23. Kurulu\u015f Y\u0131ld\u00f6n\u00fcm\u00fc Program\u0131&#8217;nda konu\u015fan AK Parti Genel Ba\u015fkan Yard\u0131mc\u0131s\u0131 Hamza Da\u011f \u015funlar\u0131 ifade etti:<\/strong> <\/p>\n<p>&#8220;Muhterem Genel Ba\u015fkan\u0131m, Sayg\u0131de\u011fer Cumhurba\u015fkan\u0131m, k\u0131ymetli misafirler&#8230; Sizleri en kalbi duygular\u0131mla h\u00fcrmetle ve muhabbetle selaml\u0131yorum. T\u00fcrkiye Y\u00fczy\u0131l\u0131&#8217;n\u0131n mimar\u0131, hizmet ve icraat siyasetinin \u00f6nc\u00fcs\u00fc AK Parti&#8217;mizin 23. kurulu\u015f y\u0131l d\u00f6n\u00fcm\u00fc etkinli\u011fine ho\u015f geldiniz, sefalar getirdiniz. 14 A\u011fustos 2001 g\u00fcn\u00fc, bir iddiam\u0131z, bir idealimiz ve milletimize verdi\u011fimiz bir s\u00f6z vard\u0131: &#8220;T\u00fcrkiye&#8217;de art\u0131k hi\u00e7bir \u015fey eskisi olmayacakt\u0131.&#8221;<\/p>\n<p>Bu ama\u00e7la Liderimiz Sn.  <a class=\"keyword\" href=\"https:\/\/www.haberler.com\/recep-tayyip-erdogan\/\" title=\"Recep Tayyip Erdo\u011fan Haberleri, Recep Tayyip Erdo\u011fan Haberi, Recep Tayyip Erdo\u011fan Haber\"><strong>Recep Tayyip Erdo\u011fan<\/strong><\/a>&#8216;\u0131n \u00f6nc\u00fcl\u00fc\u011f\u00fcnde &#8220;Ayd\u0131nl\u0131\u011fa a\u00e7\u0131k karanl\u0131\u011fa kapal\u0131&#8221; diyerek T\u00fcrkiye&#8217;nin gelece\u011finin teminat\u0131 olan AK Parti&#8217;mizi kurduk.  <a class=\"keyword\" href=\"https:\/\/www.haberler.com\/recep-tayyip-erdogan\/\" title=\"Recep Tayyip Erdo\u011fan Haberleri, Recep Tayyip Erdo\u011fan Haberi, Recep Tayyip Erdo\u011fan Haber\"><strong>Recep Tayyip Erdo\u011fan<\/strong><\/a>&#8216;\u0131n \u00e7izdi\u011fi yol haritas\u0131 ve AK kadrolar\u0131n ortaya koydu\u011fu vizyon ile 2000&#8217;li y\u0131llar\u0131n ba\u015f\u0131nda karamsarl\u0131\u011fa s\u00fcr\u00fcklenmekte olan milletimiz i\u00e7in umudun, gelece\u011fin ve icraat\u0131n ad\u0131 olduk. <\/p>\n<p>O g\u00fcnden itibaren T\u00fcrkiye siyaseti, her iddia ve hedefinin pe\u015finden b\u00fcy\u00fck azimle ko\u015fan bir siyasi irade ile tan\u0131\u015fm\u0131\u015f oldu. Allah&#8217;a \u015f\u00fck\u00fcrler olsun ki, Sn. Cumhurba\u015fkan\u0131m\u0131z\u0131n liderli\u011finde AK Parti&#8217;den \u00f6nce hayal dahi edilemeyen bir\u00e7ok hizmeti birer birer hayata ge\u00e7irdik. <\/p>\n<p>Bir\u00e7ok dev projeyi milletimizin hizmetine sunduk. Ula\u015f\u0131mdan enerjiye, e\u011fitimden sa\u011fl\u0131\u011fa, turizmden savunma sanayisine kadar her alanda milletimizin hayat\u0131n\u0131 kolayla\u015ft\u0131racak icraatlar\u0131n alt\u0131na imzam\u0131z\u0131 att\u0131k. 80 y\u0131lda yap\u0131lan\u0131n \u00e7ok fazlas\u0131n\u0131 AK Parti iktidar\u0131nda yapman\u0131n hakl\u0131 gururunu ya\u015fad\u0131k ve ya\u015f\u0131yoruz.<\/p>\n<p>De\u011ferli dava arkada\u015flar\u0131m, <\/p>\n<p>AK Parti&#8217;yi sadece somut proje ve icraatlarla anlatmak, ge\u00e7en 23 y\u0131la da haks\u0131zl\u0131k etmek demektir. Hi\u00e7 ku\u015fkusuz \u00fclkemizde, g\u00f6n\u00fcllere i\u015fleyen bir\u00e7ok \u00f6nemli ba\u015far\u0131ya da hep birlikte kavu\u015ftuk.<\/p>\n<p>T\u00fcrkiye&#8217;de; <\/p>\n<ul>\n<li>Anadolu ihtilalini ger\u00e7ekle\u015ftirdik. Vesayet anlay\u0131\u015f\u0131n\u0131 bertaraf ettik. <\/li>\n<li>De\u011ferlerine sahip \u00e7\u0131kt\u0131\u011f\u0131 i\u00e7in zulme u\u011frayanlara yuva olduk. <\/li>\n<li>Siyasetin, millete duyulan muhabbet ve memlekete hizmet etmek oldu\u011funu hat\u0131rlatt\u0131k. <\/li>\n<li>As\u0131l zaferin, her t\u00fcrl\u00fc bask\u0131 ve antidemokratik giri\u015fime ra\u011fmen milletle bir b\u00fct\u00fcn olabilmek oldu\u011funu g\u00f6sterdik. <\/li>\n<li>Ve bizim i\u00e7in gurur abidesi olan, insanl\u0131k ortak miras\u0131 Ayasofya-i Kabir Cami-i \u015eerifi&#8217;ni ibadete a\u00e7t\u0131k.<\/li>\n<\/ul>\n<p>Muhterem Cumhurba\u015fkan\u0131m,<\/p>\n<p>AK Parti, ba\u015far\u0131 ve zaferlerle dolu bu 23 y\u0131lda, sadece  <a class=\"keyword\" href=\"https:\/\/www.haberler.com\/secim\/\" title=\"Se\u00e7im, Se\u00e7im Sonu\u00e7lar\u0131, Se\u00e7im Sonu\u00e7lar\u0131 2023\"><strong>se\u00e7im<\/strong><\/a> kazanma gayesiyle hareket eden bir siyasi parti olmad\u0131. &#8220;D\u00fcnya 5&#8217;ten b\u00fcy\u00fckt\u00fcr&#8221; diyerek ortaya koydu\u011funuz irade, &#8220;Daha Adil Bir D\u00fcnya M\u00fcmk\u00fcn&#8221; diyerek g\u00f6sterdi\u011finiz duru\u015f, yeni bir m\u00fccadele vizyonu sa\u011flad\u0131. A\u00e7t\u0131\u011f\u0131n\u0131z bu yolda T\u00fcrkiye, g\u00f6n\u00fcl co\u011frafyam\u0131z\u0131n umudu, m\u00fcesses nizama kar\u015f\u0131 g\u00fc\u00e7l\u00fc bir itiraz\u0131n kalesi oldu.<\/p>\n<p>Bug\u00fcn; <\/p>\n<ul>\n<li>Katiller Filistin ve Gazze&#8217;de insanl\u0131k tarihinin en b\u00fcy\u00fck cinayetini i\u015flerken, <\/li>\n<li>\u0130\u015fgalciler; \u00e7ocuklar\u0131, kad\u0131nlar\u0131 ve ya\u015fl\u0131lar\u0131 yerinden, can\u0131ndan ederken, T\u00fcrkiye mazlumlar\u0131n umudu, ma&#8217;\u015feri vicdan\u0131n sesi olmaktad\u0131r. <\/li>\n<\/ul>\n<p> <a class=\"keyword\" href=\"https:\/\/www.haberler.com\/recep-tayyip-erdogan\/\" title=\"Recep Tayyip Erdo\u011fan Haberleri, Recep Tayyip Erdo\u011fan Haberi, Recep Tayyip Erdo\u011fan Haber\"><strong>Recep Tayyip Erdo\u011fan<\/strong><\/a>, Filistin&#8217;in hakl\u0131 davas\u0131n\u0131 d\u00fcnyaya duyurmak i\u00e7in &#8220;amas\u0131z&#8221; m\u00fccadele eden tek liderdir. Filistin&#8217;de ya\u015fanan insanl\u0131k dram\u0131, Recep Tayyip Erdo\u011fan i\u00e7in de AK Parti i\u00e7in de hesap yap\u0131lacak, menfaat g\u00f6zetilecek bir mesele de\u011fildir, olmam\u0131\u015ft\u0131r, olmayacakt\u0131r. \u0130\u00e7erideki ve d\u0131\u015far\u0131daki katil seviciler, Siyonist sevdal\u0131s\u0131 kendini bilmezler fark\u0131nda olmal\u0131d\u0131r ki; T\u00fcrkiye gergin uykulardan k\u00f6r gecelerden bir sabah gelen kardan ayd\u0131nl\u0131kt\u0131r.<\/p>\n<p>Milletimiz ve y\u00fcre\u011fi Filistin ile atan d\u00fcnyan\u0131n her bir noktas\u0131ndaki insanlar bilmelidir ki; g\u00fcn gelecek, o kardan ayd\u0131nl\u0131k, yeise d\u00fc\u015fen t\u00fcm y\u00fcreklere \u0131\u015f\u0131k olacakt\u0131r. D\u00fcnyan\u0131n g\u00f6rmezden geldi\u011fi, kimsesiz b\u0131rakt\u0131\u011f\u0131 topraklar\u0131n boynuna ge\u00e7irilen ya\u011fl\u0131 urgan\u0131 s\u00f6k\u00fcp atacakt\u0131r.<\/p>\n<p>Say\u0131n Cumhurba\u015fkan\u0131m, <\/p>\n<p>Milletimize hizmet etmenin, onu kar\u015f\u0131l\u0131ks\u0131z sevmenin ne oldu\u011funu biz sizlerden \u00f6\u011frendik. B\u00fcy\u00fck AK Parti ailesi olarak, sizlerin \u00f6nc\u00fcl\u00fc\u011f\u00fcnde T\u00fcrkiye&#8217;nin gelece\u011fi i\u00e7in &#8220;A\u015fk\u0131nan ko\u015fan yorulmaz&#8221; diyece\u011fiz ve ko\u015fmay\u0131 s\u00fcrd\u00fcrece\u011fiz!<\/p>\n<p>Hem bu salonda hem de di\u011fer \u015fehirlerde bulunan her bir yol arkada\u015f\u0131m\u0131z hi\u00e7bir zaman, cansiparane m\u00fccadeleden, ka\u00e7mad\u0131, bundan sonrada da ka\u00e7mayacak. B\u00fcy\u00fck AK Parti ailesi umudun, gelece\u011fin ve icraat\u0131n ad\u0131 olmaya devam edecektir.<\/p>\n<p>Muhterem Cumhurba\u015fkan\u0131m, de\u011ferli misafirler;<\/p>\n<p>S\u00f6zlerime son vermeden \u00f6nce, AK Parti&#8217;nin kurulu\u015f d\u00f6nemindeki \u00fclkemizin ko\u015fullar\u0131na ve her t\u00fcrl\u00fc y\u0131ld\u0131rma politikas\u0131na ra\u011fmen T\u00fcrkiye siyasetinde k\u00f6kl\u00fc d\u00f6n\u00fc\u015f\u00fcmlere vesile olmak i\u00e7in elini ta\u015f\u0131n alt\u0131na koyan t\u00fcm kurucular\u0131m\u0131za b\u00fcy\u00fck AK Parti ailesi olarak minnetlerimizi sunuyoruz.<\/p>\n<p>23 y\u0131l\u0131n y\u00fck\u00fcn\u00fc omzunda dertlenerek ta\u015f\u0131yan Genel Ba\u015fkan\u0131m\u0131z Recep Tayyip Erdo\u011fan ba\u015fta olmak \u00fczere; bug\u00fcne kadar partimizde al\u0131n teri d\u00f6ken mahalle ba\u015fkanlar\u0131m\u0131zdan il\u00e7e y\u00f6netimlerine, il ba\u015fkanlar\u0131m\u0131zdan milletvekillerine, kad\u0131n kollar\u0131m\u0131zdan gen\u00e7lik kollar\u0131na, MYK \u00fcyelerimizden MKYK \u00fcyelerine, m\u00fc\u015fahitlerimizden delegelerimize te\u015fekk\u00fcr ediyoruz. Ahirete irtihal eden t\u00fcm partililerimize de Cenab-\u0131 Hakk&#8217;tan rahmet diliyorum.<\/p>\n<p>\u0130lk g\u00fcnden itibaren verdi\u011fi emek ve yapt\u0131\u011f\u0131 fedakarl\u0131klar ile her daim AK Parti ailesine katk\u0131 sa\u011flayan, evlad\u0131 gibi g\u00f6rd\u00fc\u011f\u00fc bizlereanne \u015fefkati ile yol g\u00f6steren, S\u0131f\u0131r At\u0131k Projesi gibi vizyon projeyle, sadece bizlerin de\u011fil d\u00fcnyan\u0131n ufkunu a\u00e7an Emine Erdo\u011fan han\u0131mefendiye \u015f\u00fckranlar\u0131m\u0131z\u0131 ifade ediyoruz.<\/p>\n<p>Ailemiz, yuvam\u0131z AK Parti&#8217;mizin 23. y\u0131l d\u00f6n\u00fcm\u00fc kutlu olsun. Her birinizi muhabbetle, sevgi ve sayg\u0131yla selaml\u0131yorum.&#8221;<\/p>\n<figure class=\"type:primaryimage hbhOrder\" style=\"margin-bottom: 20px;\"><img loading=\"lazy\" decoding=\"async\" width=\"1202\" height=\"675\" class=\"hbptMainImage\" id=\"HaberImage\" src=\"https:\/\/foto.haberler.com\/haber\/2024\/08\/14\/ak-parti-nin-23-kurulus-yil-donumu-etkinliginde-17718796_4824_amp.jpg\"\/><\/figure>\n<h4 id=\"nwsKeywords\"> <a href=\"https:\/\/www.haberler.com\/recep-tayyip-erdogan\/\" title=\"Recep Tayyip Erdo\u011fan\" class=\"hbptTag\">Recep Tayyip Erdo\u011fan<\/a>  <a href=\"https:\/\/www.haberler.com\/hamza-dag\/\" title=\"Hamza Da\u011f\" class=\"hbptTag\">Hamza Da\u011f<\/a>  <a href=\"https:\/\/www.haberler.com\/hamza-dag\/\" title=\"Hamza Da\u011f\" class=\"hbptTag\">Hamza Da\u011f<\/a>  <a href=\"https:\/\/www.haberler.com\/ak-parti\/\" title=\"AK Parti\" class=\"hbptTag\">AK Parti<\/a>  <a href=\"https:\/\/www.haberler.com\/ak-parti\/\" title=\"AK Parti\" class=\"hbptTag\">AK Parti<\/a>  <a href=\"https:\/\/www.haberler.com\/turkiye\/\" title=\"T\u00fcrkiye\" class=\"hbptTag\">T\u00fcrkiye<\/a>  <a href=\"https:\/\/www.haberler.com\/siyaset\/\" title=\"Siyaset\" class=\"hbptTag\">Siyaset<\/a>  <a href=\"https:\/\/www.haberler.com\/dunya\/\" title=\"D\u00fcnya\" class=\"hbptTag\">D\u00fcnya<\/a>  <a href=\"https:\/\/www.haberler.com\/politika\/\" title=\"Politika\" class=\"hbptTag\">Politika<\/a>  <a href=\"https:\/\/www.haberler.com\/dunya\/\" title=\"D\u00fcnya\" class=\"hbptTag\">D\u00fcnya<\/a>  <a href=\"https:\/\/www.haberler.com\/\" title=\"Haberler\" class=\"hbptTag\">Haberler<\/a> <\/h4>\n<\/div>\n","protected":false},"excerpt":{"rendered":"<p>Recep Tayyip Erdo\u011fan&#8216;\u0131n liderli\u011finde, 14 A\u011fustos 2001&#8217;de T\u00fcrkiye&#8216;nin 39. partisi olarak kurulan AK Parti 23. ya\u015f\u0131n\u0131 kutluyor. Kuruldu\u011fu g\u00fcnden bu yana girdi\u011fi t\u00fcm genel se\u00e7imlerde birinci parti olmay\u0131 ba\u015faran AK Parti, \u00e7ok partili siyasi hayat\u0131n ba\u015flad\u0131\u011f\u0131 1946&#8217;dan bu yana en uzun s\u00fcre iktidarda kalan parti oldu. Ankara&#8217;da d\u00fczenlenen 23. Kurulu\u015f Y\u0131ld\u00f6n\u00fcm\u00fc Program\u0131&#8217;nda konu\u015fan AK Parti<\/p>\n","protected":false},"author":1,"featured_media":54313,"comment_status":"open","ping_status":"open","sticky":false,"template":"","format":"standard","meta":{"footnotes":""},"categories":[83],"tags":[],"class_list":["post-54312","post","type-post","status-publish","format-standard","has-post-thumbnail","hentry","category-magazin"],"yoast_head":"<!-- This site is optimized with the Yoast SEO plugin v27.4 - https:\/\/yoast.com\/product\/yoast-seo-wordpress\/ -->\n<title>Hamza Da\u011f: AK Parti milletimiz i\u00e7in umudun, gelece\u011fin ve icraat\u0131n ad\u0131 oldu -<\/title>\n<meta name=\"robots\" content=\"index, follow, max-snippet:-1, max-image-preview:large, max-video-preview:-1\" \/>\n<link rel=\"canonical\" href=\"https:\/\/kibrisdakik.com\/?p=54312\" \/>\n<meta property=\"og:locale\" content=\"tr_TR\" \/>\n<meta property=\"og:type\" content=\"article\" \/>\n<meta property=\"og:title\" content=\"Hamza Da\u011f: AK Parti milletimiz i\u00e7in umudun, gelece\u011fin ve icraat\u0131n ad\u0131 oldu -\" \/>\n<meta property=\"og:description\" content=\"Recep Tayyip Erdo\u011fan&#8216;\u0131n liderli\u011finde, 14 A\u011fustos 2001&#8217;de T\u00fcrkiye&#8216;nin 39. partisi olarak kurulan AK Parti 23. ya\u015f\u0131n\u0131 kutluyor. Kuruldu\u011fu g\u00fcnden bu yana girdi\u011fi t\u00fcm genel se\u00e7imlerde birinci parti olmay\u0131 ba\u015faran AK Parti, \u00e7ok partili siyasi hayat\u0131n ba\u015flad\u0131\u011f\u0131 1946&#8217;dan bu yana en uzun s\u00fcre iktidarda kalan parti oldu. Ankara&#8217;da d\u00fczenlenen 23. Kurulu\u015f Y\u0131ld\u00f6n\u00fcm\u00fc Program\u0131&#8217;nda konu\u015fan AK Parti\" \/>\n<meta property=\"og:url\" content=\"https:\/\/kibrisdakik.com\/?p=54312\" \/>\n<meta property=\"article:published_time\" content=\"2024-08-14T11:39:43+00:00\" \/>\n<meta property=\"og:image\" content=\"https:\/\/kibrisdakik.com\/wp-content\/uploads\/2024\/08\/ak-parti-nin-23-kurulus-yil-donumu-etkinliginde-17718796_4824_amp.jpg\" \/>\n\t<meta property=\"og:image:width\" content=\"1202\" \/>\n\t<meta property=\"og:image:height\" content=\"675\" \/>\n\t<meta property=\"og:image:type\" content=\"image\/jpeg\" \/>\n<meta name=\"author\" content=\"admin\" \/>\n<meta name=\"twitter:card\" content=\"summary_large_image\" \/>\n<meta name=\"twitter:label1\" content=\"Yazan:\" \/>\n\t<meta name=\"twitter:data1\" content=\"admin\" \/>\n\t<meta name=\"twitter:label2\" content=\"Tahmini okuma s\u00fcresi\" \/>\n\t<meta name=\"twitter:data2\" content=\"5 dakika\" \/>\n<script type=\"application\/ld+json\" class=\"yoast-schema-graph\">{\"@context\":\"https:\\\/\\\/schema.org\",\"@graph\":[{\"@type\":\"Article\",\"@id\":\"https:\\\/\\\/kibrisdakik.com\\\/?p=54312#article\",\"isPartOf\":{\"@id\":\"https:\\\/\\\/kibrisdakik.com\\\/?p=54312\"},\"author\":{\"name\":\"admin\",\"@id\":\"https:\\\/\\\/kibrisdakik.com\\\/#\\\/schema\\\/person\\\/9cd9d437bbb44f72b73ba127e06d8e79\"},\"headline\":\"Hamza Da\u011f: AK Parti milletimiz i\u00e7in umudun, gelece\u011fin ve icraat\u0131n ad\u0131 oldu\",\"datePublished\":\"2024-08-14T11:39:43+00:00\",\"mainEntityOfPage\":{\"@id\":\"https:\\\/\\\/kibrisdakik.com\\\/?p=54312\"},\"wordCount\":1093,\"commentCount\":0,\"image\":{\"@id\":\"https:\\\/\\\/kibrisdakik.com\\\/?p=54312#primaryimage\"},\"thumbnailUrl\":\"https:\\\/\\\/kibrisdakik.com\\\/wp-content\\\/uploads\\\/2024\\\/08\\\/ak-parti-nin-23-kurulus-yil-donumu-etkinliginde-17718796_4824_amp.jpg\",\"articleSection\":[\"Magazin\"],\"inLanguage\":\"tr\",\"potentialAction\":[{\"@type\":\"CommentAction\",\"name\":\"Comment\",\"target\":[\"https:\\\/\\\/kibrisdakik.com\\\/?p=54312#respond\"]}]},{\"@type\":\"WebPage\",\"@id\":\"https:\\\/\\\/kibrisdakik.com\\\/?p=54312\",\"url\":\"https:\\\/\\\/kibrisdakik.com\\\/?p=54312\",\"name\":\"Hamza Da\u011f: AK Parti milletimiz i\u00e7in umudun, gelece\u011fin ve icraat\u0131n ad\u0131 oldu -\",\"isPartOf\":{\"@id\":\"https:\\\/\\\/kibrisdakik.com\\\/#website\"},\"primaryImageOfPage\":{\"@id\":\"https:\\\/\\\/kibrisdakik.com\\\/?p=54312#primaryimage\"},\"image\":{\"@id\":\"https:\\\/\\\/kibrisdakik.com\\\/?p=54312#primaryimage\"},\"thumbnailUrl\":\"https:\\\/\\\/kibrisdakik.com\\\/wp-content\\\/uploads\\\/2024\\\/08\\\/ak-parti-nin-23-kurulus-yil-donumu-etkinliginde-17718796_4824_amp.jpg\",\"datePublished\":\"2024-08-14T11:39:43+00:00\",\"author\":{\"@id\":\"https:\\\/\\\/kibrisdakik.com\\\/#\\\/schema\\\/person\\\/9cd9d437bbb44f72b73ba127e06d8e79\"},\"breadcrumb\":{\"@id\":\"https:\\\/\\\/kibrisdakik.com\\\/?p=54312#breadcrumb\"},\"inLanguage\":\"tr\",\"potentialAction\":[{\"@type\":\"ReadAction\",\"target\":[\"https:\\\/\\\/kibrisdakik.com\\\/?p=54312\"]}]},{\"@type\":\"ImageObject\",\"inLanguage\":\"tr\",\"@id\":\"https:\\\/\\\/kibrisdakik.com\\\/?p=54312#primaryimage\",\"url\":\"https:\\\/\\\/kibrisdakik.com\\\/wp-content\\\/uploads\\\/2024\\\/08\\\/ak-parti-nin-23-kurulus-yil-donumu-etkinliginde-17718796_4824_amp.jpg\",\"contentUrl\":\"https:\\\/\\\/kibrisdakik.com\\\/wp-content\\\/uploads\\\/2024\\\/08\\\/ak-parti-nin-23-kurulus-yil-donumu-etkinliginde-17718796_4824_amp.jpg\",\"width\":1202,\"height\":675},{\"@type\":\"BreadcrumbList\",\"@id\":\"https:\\\/\\\/kibrisdakik.com\\\/?p=54312#breadcrumb\",\"itemListElement\":[{\"@type\":\"ListItem\",\"position\":1,\"name\":\"Home\",\"item\":\"https:\\\/\\\/kibrisdakik.com\\\/\"},{\"@type\":\"ListItem\",\"position\":2,\"name\":\"Hamza Da\u011f: AK Parti milletimiz i\u00e7in umudun, gelece\u011fin ve icraat\u0131n ad\u0131 oldu\"}]},{\"@type\":\"WebSite\",\"@id\":\"https:\\\/\\\/kibrisdakik.com\\\/#website\",\"url\":\"https:\\\/\\\/kibrisdakik.com\\\/\",\"name\":\"\",\"description\":\"Tam vaktinde haber\",\"potentialAction\":[{\"@type\":\"SearchAction\",\"target\":{\"@type\":\"EntryPoint\",\"urlTemplate\":\"https:\\\/\\\/kibrisdakik.com\\\/?s={search_term_string}\"},\"query-input\":{\"@type\":\"PropertyValueSpecification\",\"valueRequired\":true,\"valueName\":\"search_term_string\"}}],\"inLanguage\":\"tr\"},{\"@type\":\"Person\",\"@id\":\"https:\\\/\\\/kibrisdakik.com\\\/#\\\/schema\\\/person\\\/9cd9d437bbb44f72b73ba127e06d8e79\",\"name\":\"admin\",\"image\":{\"@type\":\"ImageObject\",\"inLanguage\":\"tr\",\"@id\":\"https:\\\/\\\/secure.gravatar.com\\\/avatar\\\/ccc17943b9d660506c869530f897617f7cb1c21a4bf30023f252596d83e1f007?s=96&d=mm&r=g\",\"url\":\"https:\\\/\\\/secure.gravatar.com\\\/avatar\\\/ccc17943b9d660506c869530f897617f7cb1c21a4bf30023f252596d83e1f007?s=96&d=mm&r=g\",\"contentUrl\":\"https:\\\/\\\/secure.gravatar.com\\\/avatar\\\/ccc17943b9d660506c869530f897617f7cb1c21a4bf30023f252596d83e1f007?s=96&d=mm&r=g\",\"caption\":\"admin\"},\"sameAs\":[\"https:\\\/\\\/kibrisdakik.com\"],\"url\":\"https:\\\/\\\/kibrisdakik.com\\\/?author=1\"}]}<\/script>\n<!-- \/ Yoast SEO plugin. -->","yoast_head_json":{"title":"Hamza Da\u011f: AK Parti milletimiz i\u00e7in umudun, gelece\u011fin ve icraat\u0131n ad\u0131 oldu -","robots":{"index":"index","follow":"follow","max-snippet":"max-snippet:-1","max-image-preview":"max-image-preview:large","max-video-preview":"max-video-preview:-1"},"canonical":"https:\/\/kibrisdakik.com\/?p=54312","og_locale":"tr_TR","og_type":"article","og_title":"Hamza Da\u011f: AK Parti milletimiz i\u00e7in umudun, gelece\u011fin ve icraat\u0131n ad\u0131 oldu -","og_description":"Recep Tayyip Erdo\u011fan&#8216;\u0131n liderli\u011finde, 14 A\u011fustos 2001&#8217;de T\u00fcrkiye&#8216;nin 39. partisi olarak kurulan AK Parti 23. ya\u015f\u0131n\u0131 kutluyor. Kuruldu\u011fu g\u00fcnden bu yana girdi\u011fi t\u00fcm genel se\u00e7imlerde birinci parti olmay\u0131 ba\u015faran AK Parti, \u00e7ok partili siyasi hayat\u0131n ba\u015flad\u0131\u011f\u0131 1946&#8217;dan bu yana en uzun s\u00fcre iktidarda kalan parti oldu. Ankara&#8217;da d\u00fczenlenen 23. Kurulu\u015f Y\u0131ld\u00f6n\u00fcm\u00fc Program\u0131&#8217;nda konu\u015fan AK Parti","og_url":"https:\/\/kibrisdakik.com\/?p=54312","article_published_time":"2024-08-14T11:39:43+00:00","og_image":[{"width":1202,"height":675,"url":"https:\/\/kibrisdakik.com\/wp-content\/uploads\/2024\/08\/ak-parti-nin-23-kurulus-yil-donumu-etkinliginde-17718796_4824_amp.jpg","type":"image\/jpeg"}],"author":"admin","twitter_card":"summary_large_image","twitter_misc":{"Yazan:":"admin","Tahmini okuma s\u00fcresi":"5 dakika"},"schema":{"@context":"https:\/\/schema.org","@graph":[{"@type":"Article","@id":"https:\/\/kibrisdakik.com\/?p=54312#article","isPartOf":{"@id":"https:\/\/kibrisdakik.com\/?p=54312"},"author":{"name":"admin","@id":"https:\/\/kibrisdakik.com\/#\/schema\/person\/9cd9d437bbb44f72b73ba127e06d8e79"},"headline":"Hamza Da\u011f: AK Parti milletimiz i\u00e7in umudun, gelece\u011fin ve icraat\u0131n ad\u0131 oldu","datePublished":"2024-08-14T11:39:43+00:00","mainEntityOfPage":{"@id":"https:\/\/kibrisdakik.com\/?p=54312"},"wordCount":1093,"commentCount":0,"image":{"@id":"https:\/\/kibrisdakik.com\/?p=54312#primaryimage"},"thumbnailUrl":"https:\/\/kibrisdakik.com\/wp-content\/uploads\/2024\/08\/ak-parti-nin-23-kurulus-yil-donumu-etkinliginde-17718796_4824_amp.jpg","articleSection":["Magazin"],"inLanguage":"tr","potentialAction":[{"@type":"CommentAction","name":"Comment","target":["https:\/\/kibrisdakik.com\/?p=54312#respond"]}]},{"@type":"WebPage","@id":"https:\/\/kibrisdakik.com\/?p=54312","url":"https:\/\/kibrisdakik.com\/?p=54312","name":"Hamza Da\u011f: AK Parti milletimiz i\u00e7in umudun, gelece\u011fin ve icraat\u0131n ad\u0131 oldu -","isPartOf":{"@id":"https:\/\/kibrisdakik.com\/#website"},"primaryImageOfPage":{"@id":"https:\/\/kibrisdakik.com\/?p=54312#primaryimage"},"image":{"@id":"https:\/\/kibrisdakik.com\/?p=54312#primaryimage"},"thumbnailUrl":"https:\/\/kibrisdakik.com\/wp-content\/uploads\/2024\/08\/ak-parti-nin-23-kurulus-yil-donumu-etkinliginde-17718796_4824_amp.jpg","datePublished":"2024-08-14T11:39:43+00:00","author":{"@id":"https:\/\/kibrisdakik.com\/#\/schema\/person\/9cd9d437bbb44f72b73ba127e06d8e79"},"breadcrumb":{"@id":"https:\/\/kibrisdakik.com\/?p=54312#breadcrumb"},"inLanguage":"tr","potentialAction":[{"@type":"ReadAction","target":["https:\/\/kibrisdakik.com\/?p=54312"]}]},{"@type":"ImageObject","inLanguage":"tr","@id":"https:\/\/kibrisdakik.com\/?p=54312#primaryimage","url":"https:\/\/kibrisdakik.com\/wp-content\/uploads\/2024\/08\/ak-parti-nin-23-kurulus-yil-donumu-etkinliginde-17718796_4824_amp.jpg","contentUrl":"https:\/\/kibrisdakik.com\/wp-content\/uploads\/2024\/08\/ak-parti-nin-23-kurulus-yil-donumu-etkinliginde-17718796_4824_amp.jpg","width":1202,"height":675},{"@type":"BreadcrumbList","@id":"https:\/\/kibrisdakik.com\/?p=54312#breadcrumb","itemListElement":[{"@type":"ListItem","position":1,"name":"Home","item":"https:\/\/kibrisdakik.com\/"},{"@type":"ListItem","position":2,"name":"Hamza Da\u011f: AK Parti milletimiz i\u00e7in umudun, gelece\u011fin ve icraat\u0131n ad\u0131 oldu"}]},{"@type":"WebSite","@id":"https:\/\/kibrisdakik.com\/#website","url":"https:\/\/kibrisdakik.com\/","name":"","description":"Tam vaktinde haber","potentialAction":[{"@type":"SearchAction","target":{"@type":"EntryPoint","urlTemplate":"https:\/\/kibrisdakik.com\/?s={search_term_string}"},"query-input":{"@type":"PropertyValueSpecification","valueRequired":true,"valueName":"search_term_string"}}],"inLanguage":"tr"},{"@type":"Person","@id":"https:\/\/kibrisdakik.com\/#\/schema\/person\/9cd9d437bbb44f72b73ba127e06d8e79","name":"admin","image":{"@type":"ImageObject","inLanguage":"tr","@id":"https:\/\/secure.gravatar.com\/avatar\/ccc17943b9d660506c869530f897617f7cb1c21a4bf30023f252596d83e1f007?s=96&d=mm&r=g","url":"https:\/\/secure.gravatar.com\/avatar\/ccc17943b9d660506c869530f897617f7cb1c21a4bf30023f252596d83e1f007?s=96&d=mm&r=g","contentUrl":"https:\/\/secure.gravatar.com\/avatar\/ccc17943b9d660506c869530f897617f7cb1c21a4bf30023f252596d83e1f007?s=96&d=mm&r=g","caption":"admin"},"sameAs":["https:\/\/kibrisdakik.com"],"url":"https:\/\/kibrisdakik.com\/?author=1"}]}},"_links":{"self":[{"href":"https:\/\/kibrisdakik.com\/index.php?rest_route=\/wp\/v2\/posts\/54312","targetHints":{"allow":["GET"]}}],"collection":[{"href":"https:\/\/kibrisdakik.com\/index.php?rest_route=\/wp\/v2\/posts"}],"about":[{"href":"https:\/\/kibrisdakik.com\/index.php?rest_route=\/wp\/v2\/types\/post"}],"author":[{"embeddable":true,"href":"https:\/\/kibrisdakik.com\/index.php?rest_route=\/wp\/v2\/users\/1"}],"replies":[{"embeddable":true,"href":"https:\/\/kibrisdakik.com\/index.php?rest_route=%2Fwp%2Fv2%2Fcomments&post=54312"}],"version-history":[{"count":0,"href":"https:\/\/kibrisdakik.com\/index.php?rest_route=\/wp\/v2\/posts\/54312\/revisions"}],"wp:featuredmedia":[{"embeddable":true,"href":"https:\/\/kibrisdakik.com\/index.php?rest_route=\/wp\/v2\/media\/54313"}],"wp:attachment":[{"href":"https:\/\/kibrisdakik.com\/index.php?rest_route=%2Fwp%2Fv2%2Fmedia&parent=54312"}],"wp:term":[{"taxonomy":"category","embeddable":true,"href":"https:\/\/kibrisdakik.com\/index.php?rest_route=%2Fwp%2Fv2%2Fcategories&post=54312"},{"taxonomy":"post_tag","embeddable":true,"href":"https:\/\/kibrisdakik.com\/index.php?rest_route=%2Fwp%2Fv2%2Ftags&post=54312"}],"curies":[{"name":"wp","href":"https:\/\/api.w.org\/{rel}","templated":true}]}}