{"id":54346,"date":"2024-08-14T14:43:49","date_gmt":"2024-08-14T11:43:49","guid":{"rendered":"https:\/\/kibrisdakik.com\/index.php\/2024\/08\/14\/ukrayna-kurskta-gunun-basindan-bu-yana-farkli-yerlerde-1-2-kilometre-ilerleme-kaydettik\/"},"modified":"2024-08-14T14:43:49","modified_gmt":"2024-08-14T11:43:49","slug":"ukrayna-kurskta-gunun-basindan-bu-yana-farkli-yerlerde-1-2-kilometre-ilerleme-kaydettik","status":"publish","type":"post","link":"https:\/\/kibrisdakik.com\/?p=54346","title":{"rendered":"Ukrayna: Kursk\u2019ta g\u00fcn\u00fcn ba\u015f\u0131ndan bu yana farkl\u0131 yerlerde 1-2 kilometre ilerleme kaydettik"},"content":{"rendered":"<p><\/p>\n<div>\n<div class=\"mariselle-image-container center\">\n                <img loading=\"lazy\" decoding=\"async\" width=\"864\" height=\"486\" class=\"lazy-image\" alt=\"\" sizes=\"auto, (max-width: 864px) 100vw, 864px\" src=\"https:\/\/brtk.net\/wp-content\/uploads\/2024\/08\/14\/askdsa.jpg?ver=c16a26c95df3948d55d6abfa43abda46\" srcset=\"https:\/\/brtk.net\/wp-content\/uploads\/2024\/08\/14\/askdsa.jpg?ver=c16a26c95df3948d55d6abfa43abda46 864w, https:\/\/brtk.net\/wp-content\/uploads\/2024\/08\/14\/askdsa-300x169.jpg?ver=c16a26c95df3948d55d6abfa43abda46 300w, https:\/\/brtk.net\/wp-content\/uploads\/2024\/08\/14\/askdsa-768x432.jpg?ver=c16a26c95df3948d55d6abfa43abda46 768w\"\/>                            <\/div>\n<p>Ukrayna Devlet Ba\u015fkan\u0131 Volodimir Zelenskiy, g\u00fcn\u00fcn ba\u015f\u0131ndan bu yana Rusya\u2019n\u0131n Kursk b\u00f6lgesinde farkl\u0131 yerlerde 1-2 kilometre ilerleme kaydettiklerini bildirdi.<\/p>\n<p>Zelenskiy, sosyal medya hesab\u0131ndan yapt\u0131\u011f\u0131 payla\u015f\u0131mda, Genelkurmay Ba\u015fkan\u0131 Oleksandr S\u0131rskiy\u2019den video konferans yoluyla Toretsk ve Pokrovsk ba\u015fta olmak \u00fczere cephe hatt\u0131n\u0131n \u00f6nemli b\u00f6lgelerindeki durum ve Rusya\u2019n\u0131n Kursk b\u00f6lgesindeki operasyon hakk\u0131nda rapor ald\u0131\u011f\u0131n\u0131 belirtti.<\/p>\n<p>Kursk b\u00f6lgesinde ilerlemeye devam ettiklerini aktaran Zelenskiy, \u201cG\u00fcn\u00fcn ba\u015f\u0131ndan beri farkl\u0131 yerlerde 1-2 kilometre ilerleme kaydettik. Ayn\u0131 s\u00fcre zarf\u0131nda 100\u2019den fazla Rus askeri esir al\u0131nd\u0131.\u201d ifadesini kulland\u0131.<\/p>\n<p>Zelenskiy, Ukrayna\u2019n\u0131n do\u011fusundaki durumu bir an bile unutmad\u0131klar\u0131n\u0131 ve ortaklar\u0131nca sa\u011flanan yard\u0131m paketleriyle b\u00f6lgenin g\u00fc\u00e7lendirilmesi talimat\u0131 verdi\u011fini kaydetti.<\/p>\n<p>Ukrayna Genelkurmay Ba\u015fkanl\u0131\u011f\u0131ndan yap\u0131lan a\u00e7\u0131klamada da Ukrayna Hava Kuvvetlerine ba\u011fl\u0131 u\u00e7aksavar f\u00fcze kuvvetlerinin, bu gece muharebe g\u00f6revi s\u0131ras\u0131nda Rusya\u2019n\u0131n Kursk b\u00f6lgesinde Rus Su-34 bombard\u0131man u\u00e7a\u011f\u0131n\u0131 yok etti\u011fi bildirildi.<\/p>\n<\/p><\/div>\n<p><script async\n                    defer\n                    crossorigin=\"anonymous\"\n                    src=\"https:\/\/connect.facebook.net\/tr_TR\/sdk.js#xfbml=1&#038;version=v3.3\"\n            ><\/script><\/p>\n","protected":false},"excerpt":{"rendered":"<p>Ukrayna Devlet Ba\u015fkan\u0131 Volodimir Zelenskiy, g\u00fcn\u00fcn ba\u015f\u0131ndan bu yana Rusya\u2019n\u0131n Kursk b\u00f6lgesinde farkl\u0131 yerlerde 1-2 kilometre ilerleme kaydettiklerini bildirdi. Zelenskiy, sosyal medya hesab\u0131ndan yapt\u0131\u011f\u0131 payla\u015f\u0131mda, Genelkurmay Ba\u015fkan\u0131 Oleksandr S\u0131rskiy\u2019den video konferans yoluyla Toretsk ve Pokrovsk ba\u015fta olmak \u00fczere cephe hatt\u0131n\u0131n \u00f6nemli b\u00f6lgelerindeki durum ve Rusya\u2019n\u0131n Kursk b\u00f6lgesindeki operasyon hakk\u0131nda rapor ald\u0131\u011f\u0131n\u0131 belirtti. Kursk b\u00f6lgesinde ilerlemeye<\/p>\n","protected":false},"author":1,"featured_media":54347,"comment_status":"open","ping_status":"open","sticky":false,"template":"","format":"standard","meta":{"footnotes":""},"categories":[1],"tags":[],"class_list":["post-54346","post","type-post","status-publish","format-standard","has-post-thumbnail","hentry","category-gundem"],"yoast_head":"<!-- This site is optimized with the Yoast SEO plugin v27.4 - https:\/\/yoast.com\/product\/yoast-seo-wordpress\/ -->\n<title>Ukrayna: Kursk\u2019ta g\u00fcn\u00fcn ba\u015f\u0131ndan bu yana farkl\u0131 yerlerde 1-2 kilometre ilerleme kaydettik -<\/title>\n<meta name=\"robots\" content=\"index, follow, max-snippet:-1, max-image-preview:large, max-video-preview:-1\" \/>\n<link rel=\"canonical\" href=\"https:\/\/kibrisdakik.com\/?p=54346\" \/>\n<meta property=\"og:locale\" content=\"tr_TR\" \/>\n<meta property=\"og:type\" content=\"article\" \/>\n<meta property=\"og:title\" content=\"Ukrayna: Kursk\u2019ta g\u00fcn\u00fcn ba\u015f\u0131ndan bu yana farkl\u0131 yerlerde 1-2 kilometre ilerleme kaydettik -\" \/>\n<meta property=\"og:description\" content=\"Ukrayna Devlet Ba\u015fkan\u0131 Volodimir Zelenskiy, g\u00fcn\u00fcn ba\u015f\u0131ndan bu yana Rusya\u2019n\u0131n Kursk b\u00f6lgesinde farkl\u0131 yerlerde 1-2 kilometre ilerleme kaydettiklerini bildirdi. Zelenskiy, sosyal medya hesab\u0131ndan yapt\u0131\u011f\u0131 payla\u015f\u0131mda, Genelkurmay Ba\u015fkan\u0131 Oleksandr S\u0131rskiy\u2019den video konferans yoluyla Toretsk ve Pokrovsk ba\u015fta olmak \u00fczere cephe hatt\u0131n\u0131n \u00f6nemli b\u00f6lgelerindeki durum ve Rusya\u2019n\u0131n Kursk b\u00f6lgesindeki operasyon hakk\u0131nda rapor ald\u0131\u011f\u0131n\u0131 belirtti. Kursk b\u00f6lgesinde ilerlemeye\" \/>\n<meta property=\"og:url\" content=\"https:\/\/kibrisdakik.com\/?p=54346\" \/>\n<meta property=\"article:published_time\" content=\"2024-08-14T11:43:49+00:00\" \/>\n<meta property=\"og:image\" content=\"https:\/\/kibrisdakik.com\/wp-content\/uploads\/2024\/08\/askdsa-740x420.jpg\" \/>\n\t<meta property=\"og:image:width\" content=\"864\" \/>\n\t<meta property=\"og:image:height\" content=\"486\" \/>\n\t<meta property=\"og:image:type\" content=\"image\/jpeg\" \/>\n<meta name=\"author\" content=\"admin\" \/>\n<meta name=\"twitter:card\" content=\"summary_large_image\" \/>\n<meta name=\"twitter:label1\" content=\"Yazan:\" \/>\n\t<meta name=\"twitter:data1\" content=\"admin\" \/>\n\t<meta name=\"twitter:label2\" content=\"Tahmini okuma s\u00fcresi\" \/>\n\t<meta name=\"twitter:data2\" content=\"1 dakika\" \/>\n<script type=\"application\/ld+json\" class=\"yoast-schema-graph\">{\"@context\":\"https:\\\/\\\/schema.org\",\"@graph\":[{\"@type\":\"Article\",\"@id\":\"https:\\\/\\\/kibrisdakik.com\\\/?p=54346#article\",\"isPartOf\":{\"@id\":\"https:\\\/\\\/kibrisdakik.com\\\/?p=54346\"},\"author\":{\"name\":\"admin\",\"@id\":\"https:\\\/\\\/kibrisdakik.com\\\/#\\\/schema\\\/person\\\/9cd9d437bbb44f72b73ba127e06d8e79\"},\"headline\":\"Ukrayna: Kursk\u2019ta g\u00fcn\u00fcn ba\u015f\u0131ndan bu yana farkl\u0131 yerlerde 1-2 kilometre ilerleme kaydettik\",\"datePublished\":\"2024-08-14T11:43:49+00:00\",\"mainEntityOfPage\":{\"@id\":\"https:\\\/\\\/kibrisdakik.com\\\/?p=54346\"},\"wordCount\":197,\"commentCount\":0,\"image\":{\"@id\":\"https:\\\/\\\/kibrisdakik.com\\\/?p=54346#primaryimage\"},\"thumbnailUrl\":\"https:\\\/\\\/kibrisdakik.com\\\/wp-content\\\/uploads\\\/2024\\\/08\\\/askdsa-740x420.jpg\",\"articleSection\":[\"G\u00fcndem\"],\"inLanguage\":\"tr\",\"potentialAction\":[{\"@type\":\"CommentAction\",\"name\":\"Comment\",\"target\":[\"https:\\\/\\\/kibrisdakik.com\\\/?p=54346#respond\"]}]},{\"@type\":\"WebPage\",\"@id\":\"https:\\\/\\\/kibrisdakik.com\\\/?p=54346\",\"url\":\"https:\\\/\\\/kibrisdakik.com\\\/?p=54346\",\"name\":\"Ukrayna: Kursk\u2019ta g\u00fcn\u00fcn ba\u015f\u0131ndan bu yana farkl\u0131 yerlerde 1-2 kilometre ilerleme kaydettik -\",\"isPartOf\":{\"@id\":\"https:\\\/\\\/kibrisdakik.com\\\/#website\"},\"primaryImageOfPage\":{\"@id\":\"https:\\\/\\\/kibrisdakik.com\\\/?p=54346#primaryimage\"},\"image\":{\"@id\":\"https:\\\/\\\/kibrisdakik.com\\\/?p=54346#primaryimage\"},\"thumbnailUrl\":\"https:\\\/\\\/kibrisdakik.com\\\/wp-content\\\/uploads\\\/2024\\\/08\\\/askdsa-740x420.jpg\",\"datePublished\":\"2024-08-14T11:43:49+00:00\",\"author\":{\"@id\":\"https:\\\/\\\/kibrisdakik.com\\\/#\\\/schema\\\/person\\\/9cd9d437bbb44f72b73ba127e06d8e79\"},\"breadcrumb\":{\"@id\":\"https:\\\/\\\/kibrisdakik.com\\\/?p=54346#breadcrumb\"},\"inLanguage\":\"tr\",\"potentialAction\":[{\"@type\":\"ReadAction\",\"target\":[\"https:\\\/\\\/kibrisdakik.com\\\/?p=54346\"]}]},{\"@type\":\"ImageObject\",\"inLanguage\":\"tr\",\"@id\":\"https:\\\/\\\/kibrisdakik.com\\\/?p=54346#primaryimage\",\"url\":\"https:\\\/\\\/kibrisdakik.com\\\/wp-content\\\/uploads\\\/2024\\\/08\\\/askdsa-740x420.jpg\",\"contentUrl\":\"https:\\\/\\\/kibrisdakik.com\\\/wp-content\\\/uploads\\\/2024\\\/08\\\/askdsa-740x420.jpg\",\"width\":864,\"height\":486},{\"@type\":\"BreadcrumbList\",\"@id\":\"https:\\\/\\\/kibrisdakik.com\\\/?p=54346#breadcrumb\",\"itemListElement\":[{\"@type\":\"ListItem\",\"position\":1,\"name\":\"Home\",\"item\":\"https:\\\/\\\/kibrisdakik.com\\\/\"},{\"@type\":\"ListItem\",\"position\":2,\"name\":\"Ukrayna: Kursk\u2019ta g\u00fcn\u00fcn ba\u015f\u0131ndan bu yana farkl\u0131 yerlerde 1-2 kilometre ilerleme kaydettik\"}]},{\"@type\":\"WebSite\",\"@id\":\"https:\\\/\\\/kibrisdakik.com\\\/#website\",\"url\":\"https:\\\/\\\/kibrisdakik.com\\\/\",\"name\":\"\",\"description\":\"Tam vaktinde haber\",\"potentialAction\":[{\"@type\":\"SearchAction\",\"target\":{\"@type\":\"EntryPoint\",\"urlTemplate\":\"https:\\\/\\\/kibrisdakik.com\\\/?s={search_term_string}\"},\"query-input\":{\"@type\":\"PropertyValueSpecification\",\"valueRequired\":true,\"valueName\":\"search_term_string\"}}],\"inLanguage\":\"tr\"},{\"@type\":\"Person\",\"@id\":\"https:\\\/\\\/kibrisdakik.com\\\/#\\\/schema\\\/person\\\/9cd9d437bbb44f72b73ba127e06d8e79\",\"name\":\"admin\",\"image\":{\"@type\":\"ImageObject\",\"inLanguage\":\"tr\",\"@id\":\"https:\\\/\\\/secure.gravatar.com\\\/avatar\\\/ccc17943b9d660506c869530f897617f7cb1c21a4bf30023f252596d83e1f007?s=96&d=mm&r=g\",\"url\":\"https:\\\/\\\/secure.gravatar.com\\\/avatar\\\/ccc17943b9d660506c869530f897617f7cb1c21a4bf30023f252596d83e1f007?s=96&d=mm&r=g\",\"contentUrl\":\"https:\\\/\\\/secure.gravatar.com\\\/avatar\\\/ccc17943b9d660506c869530f897617f7cb1c21a4bf30023f252596d83e1f007?s=96&d=mm&r=g\",\"caption\":\"admin\"},\"sameAs\":[\"https:\\\/\\\/kibrisdakik.com\"],\"url\":\"https:\\\/\\\/kibrisdakik.com\\\/?author=1\"}]}<\/script>\n<!-- \/ Yoast SEO plugin. -->","yoast_head_json":{"title":"Ukrayna: Kursk\u2019ta g\u00fcn\u00fcn ba\u015f\u0131ndan bu yana farkl\u0131 yerlerde 1-2 kilometre ilerleme kaydettik -","robots":{"index":"index","follow":"follow","max-snippet":"max-snippet:-1","max-image-preview":"max-image-preview:large","max-video-preview":"max-video-preview:-1"},"canonical":"https:\/\/kibrisdakik.com\/?p=54346","og_locale":"tr_TR","og_type":"article","og_title":"Ukrayna: Kursk\u2019ta g\u00fcn\u00fcn ba\u015f\u0131ndan bu yana farkl\u0131 yerlerde 1-2 kilometre ilerleme kaydettik -","og_description":"Ukrayna Devlet Ba\u015fkan\u0131 Volodimir Zelenskiy, g\u00fcn\u00fcn ba\u015f\u0131ndan bu yana Rusya\u2019n\u0131n Kursk b\u00f6lgesinde farkl\u0131 yerlerde 1-2 kilometre ilerleme kaydettiklerini bildirdi. Zelenskiy, sosyal medya hesab\u0131ndan yapt\u0131\u011f\u0131 payla\u015f\u0131mda, Genelkurmay Ba\u015fkan\u0131 Oleksandr S\u0131rskiy\u2019den video konferans yoluyla Toretsk ve Pokrovsk ba\u015fta olmak \u00fczere cephe hatt\u0131n\u0131n \u00f6nemli b\u00f6lgelerindeki durum ve Rusya\u2019n\u0131n Kursk b\u00f6lgesindeki operasyon hakk\u0131nda rapor ald\u0131\u011f\u0131n\u0131 belirtti. Kursk b\u00f6lgesinde ilerlemeye","og_url":"https:\/\/kibrisdakik.com\/?p=54346","article_published_time":"2024-08-14T11:43:49+00:00","og_image":[{"width":864,"height":486,"url":"https:\/\/kibrisdakik.com\/wp-content\/uploads\/2024\/08\/askdsa-740x420.jpg","type":"image\/jpeg"}],"author":"admin","twitter_card":"summary_large_image","twitter_misc":{"Yazan:":"admin","Tahmini okuma s\u00fcresi":"1 dakika"},"schema":{"@context":"https:\/\/schema.org","@graph":[{"@type":"Article","@id":"https:\/\/kibrisdakik.com\/?p=54346#article","isPartOf":{"@id":"https:\/\/kibrisdakik.com\/?p=54346"},"author":{"name":"admin","@id":"https:\/\/kibrisdakik.com\/#\/schema\/person\/9cd9d437bbb44f72b73ba127e06d8e79"},"headline":"Ukrayna: Kursk\u2019ta g\u00fcn\u00fcn ba\u015f\u0131ndan bu yana farkl\u0131 yerlerde 1-2 kilometre ilerleme kaydettik","datePublished":"2024-08-14T11:43:49+00:00","mainEntityOfPage":{"@id":"https:\/\/kibrisdakik.com\/?p=54346"},"wordCount":197,"commentCount":0,"image":{"@id":"https:\/\/kibrisdakik.com\/?p=54346#primaryimage"},"thumbnailUrl":"https:\/\/kibrisdakik.com\/wp-content\/uploads\/2024\/08\/askdsa-740x420.jpg","articleSection":["G\u00fcndem"],"inLanguage":"tr","potentialAction":[{"@type":"CommentAction","name":"Comment","target":["https:\/\/kibrisdakik.com\/?p=54346#respond"]}]},{"@type":"WebPage","@id":"https:\/\/kibrisdakik.com\/?p=54346","url":"https:\/\/kibrisdakik.com\/?p=54346","name":"Ukrayna: Kursk\u2019ta g\u00fcn\u00fcn ba\u015f\u0131ndan bu yana farkl\u0131 yerlerde 1-2 kilometre ilerleme kaydettik -","isPartOf":{"@id":"https:\/\/kibrisdakik.com\/#website"},"primaryImageOfPage":{"@id":"https:\/\/kibrisdakik.com\/?p=54346#primaryimage"},"image":{"@id":"https:\/\/kibrisdakik.com\/?p=54346#primaryimage"},"thumbnailUrl":"https:\/\/kibrisdakik.com\/wp-content\/uploads\/2024\/08\/askdsa-740x420.jpg","datePublished":"2024-08-14T11:43:49+00:00","author":{"@id":"https:\/\/kibrisdakik.com\/#\/schema\/person\/9cd9d437bbb44f72b73ba127e06d8e79"},"breadcrumb":{"@id":"https:\/\/kibrisdakik.com\/?p=54346#breadcrumb"},"inLanguage":"tr","potentialAction":[{"@type":"ReadAction","target":["https:\/\/kibrisdakik.com\/?p=54346"]}]},{"@type":"ImageObject","inLanguage":"tr","@id":"https:\/\/kibrisdakik.com\/?p=54346#primaryimage","url":"https:\/\/kibrisdakik.com\/wp-content\/uploads\/2024\/08\/askdsa-740x420.jpg","contentUrl":"https:\/\/kibrisdakik.com\/wp-content\/uploads\/2024\/08\/askdsa-740x420.jpg","width":864,"height":486},{"@type":"BreadcrumbList","@id":"https:\/\/kibrisdakik.com\/?p=54346#breadcrumb","itemListElement":[{"@type":"ListItem","position":1,"name":"Home","item":"https:\/\/kibrisdakik.com\/"},{"@type":"ListItem","position":2,"name":"Ukrayna: Kursk\u2019ta g\u00fcn\u00fcn ba\u015f\u0131ndan bu yana farkl\u0131 yerlerde 1-2 kilometre ilerleme kaydettik"}]},{"@type":"WebSite","@id":"https:\/\/kibrisdakik.com\/#website","url":"https:\/\/kibrisdakik.com\/","name":"","description":"Tam vaktinde haber","potentialAction":[{"@type":"SearchAction","target":{"@type":"EntryPoint","urlTemplate":"https:\/\/kibrisdakik.com\/?s={search_term_string}"},"query-input":{"@type":"PropertyValueSpecification","valueRequired":true,"valueName":"search_term_string"}}],"inLanguage":"tr"},{"@type":"Person","@id":"https:\/\/kibrisdakik.com\/#\/schema\/person\/9cd9d437bbb44f72b73ba127e06d8e79","name":"admin","image":{"@type":"ImageObject","inLanguage":"tr","@id":"https:\/\/secure.gravatar.com\/avatar\/ccc17943b9d660506c869530f897617f7cb1c21a4bf30023f252596d83e1f007?s=96&d=mm&r=g","url":"https:\/\/secure.gravatar.com\/avatar\/ccc17943b9d660506c869530f897617f7cb1c21a4bf30023f252596d83e1f007?s=96&d=mm&r=g","contentUrl":"https:\/\/secure.gravatar.com\/avatar\/ccc17943b9d660506c869530f897617f7cb1c21a4bf30023f252596d83e1f007?s=96&d=mm&r=g","caption":"admin"},"sameAs":["https:\/\/kibrisdakik.com"],"url":"https:\/\/kibrisdakik.com\/?author=1"}]}},"_links":{"self":[{"href":"https:\/\/kibrisdakik.com\/index.php?rest_route=\/wp\/v2\/posts\/54346","targetHints":{"allow":["GET"]}}],"collection":[{"href":"https:\/\/kibrisdakik.com\/index.php?rest_route=\/wp\/v2\/posts"}],"about":[{"href":"https:\/\/kibrisdakik.com\/index.php?rest_route=\/wp\/v2\/types\/post"}],"author":[{"embeddable":true,"href":"https:\/\/kibrisdakik.com\/index.php?rest_route=\/wp\/v2\/users\/1"}],"replies":[{"embeddable":true,"href":"https:\/\/kibrisdakik.com\/index.php?rest_route=%2Fwp%2Fv2%2Fcomments&post=54346"}],"version-history":[{"count":0,"href":"https:\/\/kibrisdakik.com\/index.php?rest_route=\/wp\/v2\/posts\/54346\/revisions"}],"wp:featuredmedia":[{"embeddable":true,"href":"https:\/\/kibrisdakik.com\/index.php?rest_route=\/wp\/v2\/media\/54347"}],"wp:attachment":[{"href":"https:\/\/kibrisdakik.com\/index.php?rest_route=%2Fwp%2Fv2%2Fmedia&parent=54346"}],"wp:term":[{"taxonomy":"category","embeddable":true,"href":"https:\/\/kibrisdakik.com\/index.php?rest_route=%2Fwp%2Fv2%2Fcategories&post=54346"},{"taxonomy":"post_tag","embeddable":true,"href":"https:\/\/kibrisdakik.com\/index.php?rest_route=%2Fwp%2Fv2%2Ftags&post=54346"}],"curies":[{"name":"wp","href":"https:\/\/api.w.org\/{rel}","templated":true}]}}